{"id":10056,"date":"2023-12-28T21:35:45","date_gmt":"2023-12-28T20:35:45","guid":{"rendered":"https:\/\/alinvest-verde.eu\/?post_type=newslette&#038;p=10056"},"modified":"2024-05-31T03:32:44","modified_gmt":"2024-05-31T01:32:44","slug":"newsletter-diciembre","status":"publish","type":"newslette","link":"https:\/\/alinvest-verde.eu\/en_gb\/newslette\/newsletter-diciembre\/","title":{"rendered":"December 2023"},"content":{"rendered":"<figure class=\"wp-block-image size-large\"><img fetchpriority=\"high\" decoding=\"async\" width=\"1024\" height=\"683\" src=\"https:\/\/alinvest-verde.eu\/wp-content\/uploads\/2023\/12\/GRUPO-IMG_7200-1024x683.jpg\" alt=\"\" class=\"wp-image-9976\" srcset=\"https:\/\/alinvest-verde.eu\/wp-content\/uploads\/2023\/12\/GRUPO-IMG_7200-1024x683.jpg 1024w, https:\/\/alinvest-verde.eu\/wp-content\/uploads\/2023\/12\/GRUPO-IMG_7200-300x200.jpg 300w, https:\/\/alinvest-verde.eu\/wp-content\/uploads\/2023\/12\/GRUPO-IMG_7200-768x512.jpg 768w, https:\/\/alinvest-verde.eu\/wp-content\/uploads\/2023\/12\/GRUPO-IMG_7200-1536x1024.jpg 1536w, https:\/\/alinvest-verde.eu\/wp-content\/uploads\/2023\/12\/GRUPO-IMG_7200-2048x1365.jpg 2048w, https:\/\/alinvest-verde.eu\/wp-content\/uploads\/2023\/12\/GRUPO-IMG_7200-18x12.jpg 18w\" sizes=\"(max-width: 1024px) 100vw, 1024px\" \/><\/figure>\n\n\n\n<p class=\"wp-block-paragraph\"><strong>Colombia hosts the closing event of the \"Dialogues on sustainable coffee\".<\/strong><\/p>\n\n\n\n<p class=\"wp-block-paragraph\">Representatives of the European Union, Latin American coffee producing countries and international organisations met at the Chamber of Commerce of Huila, in the Colombian municipality of Pitalito, to celebrate the closing event of the cycle \"Dialogue and exchange of experiences on sustainability in the coffee value chain\". On 13 and 14 December, systems and instruments for the traceability of the coffee value chain, challenges and opportunities in the region were analysed.<\/p>\n\n\n\n<p class=\"wp-block-paragraph\"><a href=\"https:\/\/alinvest-verde.eu\/en_gb\/colombia-acoge-el-evento-de-cierre-de-los-dialogos-sobre-cafe-sostenible\/\" target=\"_blank\" rel=\"noreferrer noopener\">Read news<\/a><\/p>\n\n\n\n<figure class=\"wp-block-image size-large\"><img decoding=\"async\" width=\"1024\" height=\"768\" src=\"https:\/\/alinvest-verde.eu\/wp-content\/uploads\/2023\/12\/69c2ce90-1c7c-4284-8e92-908262710ed0-1024x768.jpg\" alt=\"\" class=\"wp-image-9906\" srcset=\"https:\/\/alinvest-verde.eu\/wp-content\/uploads\/2023\/12\/69c2ce90-1c7c-4284-8e92-908262710ed0-1024x768.jpg 1024w, https:\/\/alinvest-verde.eu\/wp-content\/uploads\/2023\/12\/69c2ce90-1c7c-4284-8e92-908262710ed0-300x225.jpg 300w, https:\/\/alinvest-verde.eu\/wp-content\/uploads\/2023\/12\/69c2ce90-1c7c-4284-8e92-908262710ed0-768x576.jpg 768w, https:\/\/alinvest-verde.eu\/wp-content\/uploads\/2023\/12\/69c2ce90-1c7c-4284-8e92-908262710ed0-1536x1152.jpg 1536w, https:\/\/alinvest-verde.eu\/wp-content\/uploads\/2023\/12\/69c2ce90-1c7c-4284-8e92-908262710ed0-16x12.jpg 16w, https:\/\/alinvest-verde.eu\/wp-content\/uploads\/2023\/12\/69c2ce90-1c7c-4284-8e92-908262710ed0.jpg 1600w\" sizes=\"(max-width: 1024px) 100vw, 1024px\" \/><\/figure>\n\n\n\n<p class=\"wp-block-paragraph\"><strong>Meeting with Colombian agro-industrial sectors to export sustainably to the EU<\/strong><\/p>\n\n\n\n<p class=\"wp-block-paragraph\">From 21 November to 6 December, in collaboration with ProColombia and the Colombian Ministry of Commerce, Industry and Tourism (MINCIT), the following events were organised <strong>seven dialogue roundtables<\/strong> with Colombian agro-industrial sectors. The roundtables were attended by <strong>participation of public institutions and the private sector<\/strong>The EU and the European Union have worked together to develop a roadmap to meet the sustainability requirements for export to the EU.<\/p>\n\n\n\n<p class=\"wp-block-paragraph\"><a href=\"https:\/\/alinvest-verde.eu\/en_gb\/dialogo-con-sectores-agroindustriales-colombianos-para-exportar-de-manera-sostenible-a-la-union-europea\/\" target=\"_blank\" rel=\"noreferrer noopener\">Read news<\/a><\/p>\n\n\n\n<p class=\"has-luminous-vivid-amber-background-color has-background wp-block-paragraph\"><strong>Component 1 closed its Second Call for Proposals<\/strong>. Component 1 announced the successful closure of its Second Call for Proposals for innovative projects. 161 initiatives were received, of which 42 projects that put innovation and sustainability at the centre have been selected. These projects will focus on two main pillars: the promotion of deforestation-free agricultural value chains and the transition towards low-carbon, resource-efficient and more circular business models. These pillars of work enable the drive towards a greener and more responsible economy. The diversity and regional scope of these projects will allow for a significant impact on SMEs and small producers. They will be implemented throughout most of Latin America in countries such as Argentina, Bolivia, Brazil, Chile, Colombia, Costa Rica, Ecuador, El Salvador, Honduras, Mexico, Paraguay, Peru and Venezuela.<\/p>\n\n\n\n<figure class=\"wp-block-image size-large\"><img decoding=\"async\" width=\"1024\" height=\"122\" src=\"https:\/\/alinvest-verde.eu\/wp-content\/uploads\/2022\/01\/logos-1-1024x122.jpg\" alt=\"\" class=\"wp-image-7491\" srcset=\"https:\/\/alinvest-verde.eu\/wp-content\/uploads\/2022\/01\/logos-1-1024x122.jpg 1024w, https:\/\/alinvest-verde.eu\/wp-content\/uploads\/2022\/01\/logos-1-300x36.jpg 300w, https:\/\/alinvest-verde.eu\/wp-content\/uploads\/2022\/01\/logos-1-768x92.jpg 768w, https:\/\/alinvest-verde.eu\/wp-content\/uploads\/2022\/01\/logos-1-1536x184.jpg 1536w, https:\/\/alinvest-verde.eu\/wp-content\/uploads\/2022\/01\/logos-1-2048x245.jpg 2048w, https:\/\/alinvest-verde.eu\/wp-content\/uploads\/2022\/01\/logos-1-18x2.jpg 18w\" sizes=\"(max-width: 1024px) 100vw, 1024px\" \/><\/figure>","protected":false},"excerpt":{"rendered":"<p>The December e-bulletin highlights the dialogues on the coffee sector, as well as the meetings of the agro-industrial sectors in Colombia, promoted by Component 2. The results of the Second Call for Proposals for innovative projects under Component 1 are also reported. <\/p>","protected":false},"featured_media":10058,"template":"","class_list":["post-10056","newslette","type-newslette","status-publish","has-post-thumbnail","hentry"],"yoast_head":"<!-- This site is optimized with the Yoast SEO plugin v28.4 - https:\/\/yoast.com\/product\/yoast-seo-wordpress\/ -->\n<title>Diciembre 2023 - Programme AL-INVEST Verde<\/title>\n<meta name=\"robots\" content=\"index, follow, max-snippet:-1, max-image-preview:large, max-video-preview:-1\" \/>\n<link rel=\"canonical\" href=\"https:\/\/alinvest-verde.eu\/en_gb\/newslette\/newsletter-diciembre\/\" \/>\n<meta property=\"og:locale\" content=\"en_GB\" \/>\n<meta property=\"og:type\" content=\"article\" \/>\n<meta property=\"og:title\" content=\"Diciembre 2023 - Programme AL-INVEST Verde\" \/>\n<meta property=\"og:description\" content=\"El bolet\u00edn electr\u00f3nico de diciembre destaca los di\u00e1logos sobre el sector caf\u00e9, as\u00ed como los encuentros de los sectores agroindustriales en Colombia, promovidos por el Componente 2. Tambi\u00e9n se recogen los resultados de la Segunda Convocatoria de propuestas para proyectos innovadores del Componente 1.\" \/>\n<meta property=\"og:url\" content=\"https:\/\/alinvest-verde.eu\/en_gb\/newslette\/newsletter-diciembre\/\" \/>\n<meta property=\"og:site_name\" content=\"Programme AL-INVEST Verde\" \/>\n<meta property=\"article:modified_time\" content=\"2024-05-31T01:32:44+00:00\" \/>\n<meta property=\"og:image\" content=\"https:\/\/alinvest-verde.eu\/wp-content\/uploads\/2023\/12\/imagen-boletin.jpg\" \/>\n\t<meta property=\"og:image:width\" content=\"880\" \/>\n\t<meta property=\"og:image:height\" content=\"572\" \/>\n\t<meta property=\"og:image:type\" content=\"image\/jpeg\" \/>\n<meta name=\"twitter:card\" content=\"summary_large_image\" \/>\n<meta name=\"twitter:label1\" content=\"Estimated reading time\" \/>\n\t<meta name=\"twitter:data1\" content=\"3 minutes\" \/>\n<script type=\"application\/ld+json\" class=\"yoast-schema-graph\">{\"@context\":\"https:\\\/\\\/schema.org\",\"@graph\":[{\"@type\":\"WebPage\",\"@id\":\"https:\\\/\\\/alinvest-verde.eu\\\/newslette\\\/newsletter-diciembre\\\/\",\"url\":\"https:\\\/\\\/alinvest-verde.eu\\\/newslette\\\/newsletter-diciembre\\\/\",\"name\":\"Diciembre 2023 - Programme AL-INVEST Verde\",\"isPartOf\":{\"@id\":\"https:\\\/\\\/alinvest-verde.eu\\\/#website\"},\"primaryImageOfPage\":{\"@id\":\"https:\\\/\\\/alinvest-verde.eu\\\/newslette\\\/newsletter-diciembre\\\/#primaryimage\"},\"image\":{\"@id\":\"https:\\\/\\\/alinvest-verde.eu\\\/newslette\\\/newsletter-diciembre\\\/#primaryimage\"},\"thumbnailUrl\":\"https:\\\/\\\/alinvest-verde.eu\\\/wp-content\\\/uploads\\\/2023\\\/12\\\/imagen-boletin.jpg\",\"datePublished\":\"2023-12-28T20:35:45+00:00\",\"dateModified\":\"2024-05-31T01:32:44+00:00\",\"breadcrumb\":{\"@id\":\"https:\\\/\\\/alinvest-verde.eu\\\/newslette\\\/newsletter-diciembre\\\/#breadcrumb\"},\"inLanguage\":\"en-GB\",\"potentialAction\":[{\"@type\":\"ReadAction\",\"target\":[\"https:\\\/\\\/alinvest-verde.eu\\\/newslette\\\/newsletter-diciembre\\\/\"]}]},{\"@type\":\"ImageObject\",\"inLanguage\":\"en-GB\",\"@id\":\"https:\\\/\\\/alinvest-verde.eu\\\/newslette\\\/newsletter-diciembre\\\/#primaryimage\",\"url\":\"https:\\\/\\\/alinvest-verde.eu\\\/wp-content\\\/uploads\\\/2023\\\/12\\\/imagen-boletin.jpg\",\"contentUrl\":\"https:\\\/\\\/alinvest-verde.eu\\\/wp-content\\\/uploads\\\/2023\\\/12\\\/imagen-boletin.jpg\",\"width\":880,\"height\":572},{\"@type\":\"BreadcrumbList\",\"@id\":\"https:\\\/\\\/alinvest-verde.eu\\\/newslette\\\/newsletter-diciembre\\\/#breadcrumb\",\"itemListElement\":[{\"@type\":\"ListItem\",\"position\":1,\"name\":\"Inicio\",\"item\":\"https:\\\/\\\/alinvest-verde.eu\\\/\"},{\"@type\":\"ListItem\",\"position\":2,\"name\":\"Diciembre 2023\"}]},{\"@type\":\"WebSite\",\"@id\":\"https:\\\/\\\/alinvest-verde.eu\\\/#website\",\"url\":\"https:\\\/\\\/alinvest-verde.eu\\\/\",\"name\":\"Programme AL-INVEST Verde\",\"description\":\"Building alliances with the private sector in LA and promote sustainable growth and jobs creation by supporting the transition towards a low-carbon, resource-efficient economy\",\"publisher\":{\"@id\":\"https:\\\/\\\/alinvest-verde.eu\\\/#organization\"},\"potentialAction\":[{\"@type\":\"SearchAction\",\"target\":{\"@type\":\"EntryPoint\",\"urlTemplate\":\"https:\\\/\\\/alinvest-verde.eu\\\/?s={search_term_string}\"},\"query-input\":{\"@type\":\"PropertyValueSpecification\",\"valueRequired\":true,\"valueName\":\"search_term_string\"}}],\"inLanguage\":\"en-GB\"},{\"@type\":\"Organization\",\"@id\":\"https:\\\/\\\/alinvest-verde.eu\\\/#organization\",\"name\":\"Programme AL-INVEST Verde\",\"url\":\"https:\\\/\\\/alinvest-verde.eu\\\/\",\"logo\":{\"@type\":\"ImageObject\",\"inLanguage\":\"en-GB\",\"@id\":\"https:\\\/\\\/alinvest-verde.eu\\\/#\\\/schema\\\/logo\\\/image\\\/\",\"url\":\"https:\\\/\\\/alinvest-verde.eu\\\/wp-content\\\/uploads\\\/2022\\\/01\\\/cropped-logo-financiado-por-la-UE.jpg\",\"contentUrl\":\"https:\\\/\\\/alinvest-verde.eu\\\/wp-content\\\/uploads\\\/2022\\\/01\\\/cropped-logo-financiado-por-la-UE.jpg\",\"width\":756,\"height\":216,\"caption\":\"Programme AL-INVEST Verde\"},\"image\":{\"@id\":\"https:\\\/\\\/alinvest-verde.eu\\\/#\\\/schema\\\/logo\\\/image\\\/\"}}]}<\/script>\n<!-- \/ Yoast SEO plugin. -->","yoast_head_json":{"title":"December 2023 - Programme AL-INVEST Verde","robots":{"index":"index","follow":"follow","max-snippet":"max-snippet:-1","max-image-preview":"max-image-preview:large","max-video-preview":"max-video-preview:-1"},"canonical":"https:\/\/alinvest-verde.eu\/en_gb\/newslette\/newsletter-diciembre\/","og_locale":"en_GB","og_type":"article","og_title":"Diciembre 2023 - Programme AL-INVEST Verde","og_description":"El bolet\u00edn electr\u00f3nico de diciembre destaca los di\u00e1logos sobre el sector caf\u00e9, as\u00ed como los encuentros de los sectores agroindustriales en Colombia, promovidos por el Componente 2. Tambi\u00e9n se recogen los resultados de la Segunda Convocatoria de propuestas para proyectos innovadores del Componente 1.","og_url":"https:\/\/alinvest-verde.eu\/en_gb\/newslette\/newsletter-diciembre\/","og_site_name":"Programme AL-INVEST Verde","article_modified_time":"2024-05-31T01:32:44+00:00","og_image":[{"width":880,"height":572,"url":"https:\/\/alinvest-verde.eu\/wp-content\/uploads\/2023\/12\/imagen-boletin.jpg","type":"image\/jpeg"}],"twitter_card":"summary_large_image","twitter_misc":{"Estimated reading time":"3 minutes"},"schema":{"@context":"https:\/\/schema.org","@graph":[{"@type":"WebPage","@id":"https:\/\/alinvest-verde.eu\/newslette\/newsletter-diciembre\/","url":"https:\/\/alinvest-verde.eu\/newslette\/newsletter-diciembre\/","name":"December 2023 - Programme AL-INVEST Verde","isPartOf":{"@id":"https:\/\/alinvest-verde.eu\/#website"},"primaryImageOfPage":{"@id":"https:\/\/alinvest-verde.eu\/newslette\/newsletter-diciembre\/#primaryimage"},"image":{"@id":"https:\/\/alinvest-verde.eu\/newslette\/newsletter-diciembre\/#primaryimage"},"thumbnailUrl":"https:\/\/alinvest-verde.eu\/wp-content\/uploads\/2023\/12\/imagen-boletin.jpg","datePublished":"2023-12-28T20:35:45+00:00","dateModified":"2024-05-31T01:32:44+00:00","breadcrumb":{"@id":"https:\/\/alinvest-verde.eu\/newslette\/newsletter-diciembre\/#breadcrumb"},"inLanguage":"en-GB","potentialAction":[{"@type":"ReadAction","target":["https:\/\/alinvest-verde.eu\/newslette\/newsletter-diciembre\/"]}]},{"@type":"ImageObject","inLanguage":"en-GB","@id":"https:\/\/alinvest-verde.eu\/newslette\/newsletter-diciembre\/#primaryimage","url":"https:\/\/alinvest-verde.eu\/wp-content\/uploads\/2023\/12\/imagen-boletin.jpg","contentUrl":"https:\/\/alinvest-verde.eu\/wp-content\/uploads\/2023\/12\/imagen-boletin.jpg","width":880,"height":572},{"@type":"BreadcrumbList","@id":"https:\/\/alinvest-verde.eu\/newslette\/newsletter-diciembre\/#breadcrumb","itemListElement":[{"@type":"ListItem","position":1,"name":"Inicio","item":"https:\/\/alinvest-verde.eu\/"},{"@type":"ListItem","position":2,"name":"Diciembre 2023"}]},{"@type":"WebSite","@id":"https:\/\/alinvest-verde.eu\/#website","url":"https:\/\/alinvest-verde.eu\/","name":"Programme AL-INVEST Verde","description":"Building alliances with the private sector in LA and promote sustainable growth and jobs creation by supporting the transition towards a low-carbon, resource-efficient economy","publisher":{"@id":"https:\/\/alinvest-verde.eu\/#organization"},"potentialAction":[{"@type":"SearchAction","target":{"@type":"EntryPoint","urlTemplate":"https:\/\/alinvest-verde.eu\/?s={search_term_string}"},"query-input":{"@type":"PropertyValueSpecification","valueRequired":true,"valueName":"search_term_string"}}],"inLanguage":"en-GB"},{"@type":"Organization","@id":"https:\/\/alinvest-verde.eu\/#organization","name":"Programme AL-INVEST Verde","url":"https:\/\/alinvest-verde.eu\/","logo":{"@type":"ImageObject","inLanguage":"en-GB","@id":"https:\/\/alinvest-verde.eu\/#\/schema\/logo\/image\/","url":"https:\/\/alinvest-verde.eu\/wp-content\/uploads\/2022\/01\/cropped-logo-financiado-por-la-UE.jpg","contentUrl":"https:\/\/alinvest-verde.eu\/wp-content\/uploads\/2022\/01\/cropped-logo-financiado-por-la-UE.jpg","width":756,"height":216,"caption":"Programme AL-INVEST Verde"},"image":{"@id":"https:\/\/alinvest-verde.eu\/#\/schema\/logo\/image\/"}}]}},"_links":{"self":[{"href":"https:\/\/alinvest-verde.eu\/en_gb\/wp-json\/wp\/v2\/newslette\/10056","targetHints":{"allow":["GET"]}}],"collection":[{"href":"https:\/\/alinvest-verde.eu\/en_gb\/wp-json\/wp\/v2\/newslette"}],"about":[{"href":"https:\/\/alinvest-verde.eu\/en_gb\/wp-json\/wp\/v2\/types\/newslette"}],"version-history":[{"count":1,"href":"https:\/\/alinvest-verde.eu\/en_gb\/wp-json\/wp\/v2\/newslette\/10056\/revisions"}],"predecessor-version":[{"id":12935,"href":"https:\/\/alinvest-verde.eu\/en_gb\/wp-json\/wp\/v2\/newslette\/10056\/revisions\/12935"}],"wp:featuredmedia":[{"embeddable":true,"href":"https:\/\/alinvest-verde.eu\/en_gb\/wp-json\/wp\/v2\/media\/10058"}],"wp:attachment":[{"href":"https:\/\/alinvest-verde.eu\/en_gb\/wp-json\/wp\/v2\/media?parent=10056"}],"curies":[{"name":"wp","href":"https:\/\/api.w.org\/{rel}","templated":true}]}}