{"id":12893,"date":"2024-05-30T21:55:22","date_gmt":"2024-05-30T19:55:22","guid":{"rendered":"https:\/\/alinvest-verde.eu\/?post_type=newslette&#038;p=12893"},"modified":"2024-05-31T03:33:01","modified_gmt":"2024-05-31T01:33:01","slug":"newsletter-mayo","status":"publish","type":"newslette","link":"https:\/\/alinvest-verde.eu\/en_gb\/newslette\/newsletter-mayo\/","title":{"rendered":"May 2024"},"content":{"rendered":"<figure class=\"wp-block-image size-full\"><img fetchpriority=\"high\" decoding=\"async\" width=\"890\" height=\"594\" src=\"https:\/\/alinvest-verde.eu\/wp-content\/uploads\/2024\/05\/image.png\" alt=\"\" class=\"wp-image-12894\" srcset=\"https:\/\/alinvest-verde.eu\/wp-content\/uploads\/2024\/05\/image.png 890w, https:\/\/alinvest-verde.eu\/wp-content\/uploads\/2024\/05\/image-300x200.png 300w, https:\/\/alinvest-verde.eu\/wp-content\/uploads\/2024\/05\/image-768x513.png 768w, https:\/\/alinvest-verde.eu\/wp-content\/uploads\/2024\/05\/image-18x12.png 18w\" sizes=\"(max-width: 890px) 100vw, 890px\" \/><\/figure>\n\n\n\n<p class=\"wp-block-paragraph\"><strong>More than \u00a420 million to boost green economy projects in Latin America<\/strong><\/p>\n\n\n\n<p class=\"wp-block-paragraph\">The AL-INVEST Verde programme, through the implementation of its Component 1, selected 42 projects out of more than 160 proposals received during the Second Call for Proposals for innovative projects. The selected projects will benefit SMEs in countries such as <strong>Argentina, Bolivia, Brazil, Chile, Colombia, Costa Rica, Ecuador, El Salvador, Honduras, Mexico, Paraguay, Peru, Uruguay and Venezuela.<\/strong>.&nbsp;<a href=\"https:\/\/alinvest-verde.eu\/en_gb\/mas-de-20-millones-de-euros-seran-destinados-a-impulsar-proyectos-de-economia-verde-en-america-latina\/\"><strong>Read more.<\/strong><\/a><\/p>\n\n\n\n<figure class=\"wp-block-image size-full\"><img decoding=\"async\" width=\"890\" height=\"501\" src=\"https:\/\/alinvest-verde.eu\/wp-content\/uploads\/2024\/05\/image-1.png\" alt=\"\" class=\"wp-image-12895\" srcset=\"https:\/\/alinvest-verde.eu\/wp-content\/uploads\/2024\/05\/image-1.png 890w, https:\/\/alinvest-verde.eu\/wp-content\/uploads\/2024\/05\/image-1-300x169.png 300w, https:\/\/alinvest-verde.eu\/wp-content\/uploads\/2024\/05\/image-1-768x432.png 768w, https:\/\/alinvest-verde.eu\/wp-content\/uploads\/2024\/05\/image-1-18x10.png 18w\" sizes=\"(max-width: 890px) 100vw, 890px\" \/><\/figure>\n\n\n\n<p class=\"wp-block-paragraph\"><strong>First intellectual property mentoring programme<\/strong> <\/p>\n\n\n\n<p class=\"wp-block-paragraph\">The official launch of the first phase of AL-INVmentor in Paraguay and Brazil marked the start of a ground-breaking <strong>AL-INVEST Verde Component 3 IPR mentoring programme<\/strong>. This first phase of the first edition of the programme consists of six mentorships in MERCOSUR countries.<strong> <\/strong><a href=\"https:\/\/alinvest-verde.eu\/en_gb\/primer-programa-de-mentorias-en-propiedad-intelectual-lanzado-en-paraguay-y-brasil\/\"><strong>Read more.&nbsp;<\/strong><\/a><\/p>\n\n\n\n<figure class=\"wp-block-image size-full\"><img decoding=\"async\" width=\"890\" height=\"668\" src=\"https:\/\/alinvest-verde.eu\/wp-content\/uploads\/2024\/05\/image-2.png\" alt=\"\" class=\"wp-image-12896\" srcset=\"https:\/\/alinvest-verde.eu\/wp-content\/uploads\/2024\/05\/image-2.png 890w, https:\/\/alinvest-verde.eu\/wp-content\/uploads\/2024\/05\/image-2-300x225.png 300w, https:\/\/alinvest-verde.eu\/wp-content\/uploads\/2024\/05\/image-2-768x576.png 768w, https:\/\/alinvest-verde.eu\/wp-content\/uploads\/2024\/05\/image-2-16x12.png 16w\" sizes=\"(max-width: 890px) 100vw, 890px\" \/><\/figure>\n\n\n\n<p class=\"wp-block-paragraph\"><strong>Fedexpor and Propalma launch a sustainable palm oil project&nbsp;<\/strong><\/p>\n\n\n\n<p class=\"wp-block-paragraph\">Within the framework of the private sector support component, Component 1, Fedexpor in collaboration with Propalma and the Spanish Chamber of Commerce and Industry of Quito, announced the launch of the project <strong>\"Ecuadorian palm oil towards a sustainable and deforestation-free production model\".<\/strong>. The announcement was attended by Charles-Michel Geurts, EU Ambassador to Ecuador.<strong> <\/strong><a href=\"https:\/\/alinvest-verde.eu\/en_gb\/fedexpor-y-propalma-lanzan-proyecto-sostenible-de-aceite-de-palma\/\"><strong>Read more.&nbsp;<\/strong><\/a><\/p>\n\n\n\n<p class=\"has-vivid-cyan-blue-color has-text-color has-link-color wp-elements-1 wp-block-paragraph\"><strong>AL-INVEST Verde TV&nbsp;<\/strong><\/p>\n\n\n\n<figure class=\"wp-block-image alignleft size-full\"><a href=\"https:\/\/youtu.be\/56CYxuBMWe0\"><img loading=\"lazy\" decoding=\"async\" width=\"423\" height=\"238\" src=\"https:\/\/alinvest-verde.eu\/wp-content\/uploads\/2024\/05\/image-3.png\" alt=\"\" class=\"wp-image-12897\" srcset=\"https:\/\/alinvest-verde.eu\/wp-content\/uploads\/2024\/05\/image-3.png 423w, https:\/\/alinvest-verde.eu\/wp-content\/uploads\/2024\/05\/image-3-300x169.png 300w, https:\/\/alinvest-verde.eu\/wp-content\/uploads\/2024\/05\/image-3-18x10.png 18w\" sizes=\"(max-width: 423px) 100vw, 423px\" \/><\/a><\/figure>\n\n\n\n<p class=\"wp-block-paragraph\"><\/p>\n\n\n\n<p class=\"wp-block-paragraph\"><strong>Mariano Riccheri, Component 3 Leader for Intellectual Property Rights<\/strong>explains the first phase of the AL-INVmentor mentoring programme to add value to local products from MERCOSUR countries.<\/p>\n\n\n\n<p class=\"wp-block-paragraph\"><\/p>\n\n\n\n<p class=\"wp-block-paragraph\"><\/p>\n\n\n\n<figure class=\"wp-block-image size-full\"><a href=\"https:\/\/youtu.be\/utQ0Tt0HuVg\"><img loading=\"lazy\" decoding=\"async\" width=\"890\" height=\"501\" src=\"https:\/\/alinvest-verde.eu\/wp-content\/uploads\/2024\/05\/image-4.png\" alt=\"\" class=\"wp-image-12898\" srcset=\"https:\/\/alinvest-verde.eu\/wp-content\/uploads\/2024\/05\/image-4.png 890w, https:\/\/alinvest-verde.eu\/wp-content\/uploads\/2024\/05\/image-4-300x169.png 300w, https:\/\/alinvest-verde.eu\/wp-content\/uploads\/2024\/05\/image-4-768x432.png 768w, https:\/\/alinvest-verde.eu\/wp-content\/uploads\/2024\/05\/image-4-18x10.png 18w\" sizes=\"(max-width: 890px) 100vw, 890px\" \/><\/a><\/figure>\n\n\n\n<p class=\"wp-block-paragraph\"><strong>1st workshop in the series \"Dialogues on sustainable cocoa\".<\/strong><\/p>\n\n\n\n<p class=\"wp-block-paragraph\">Representatives of the <strong>European Commission and producer countries in Africa (C\u00f4te d'Ivoire) and Latin America (Brazil, Colombia, Ecuador and Peru).<\/strong> participated in the workshop \"Due diligence for deforestation-free cocoa in the framework of the EUDR\", organised in collaboration with the SAFE programme - implemented by the German cooperation agency GIZ - and with the technical support of the European Forest Institute (EFI).<strong> <a href=\"https:\/\/alinvest-verde.eu\/en_gb\/dialogo-sobre-diligencia-debida-en-la-cadena-de-valor-del-cacao\/\"><strong>Read more.&nbsp;<\/strong><\/a><\/strong><\/p>\n\n\n\n<p class=\"has-luminous-vivid-amber-color has-text-color has-link-color wp-elements-2 wp-block-paragraph\"><strong>Green AGENDA&nbsp;<\/strong><\/p>\n\n\n\n<figure class=\"wp-block-image size-full is-resized\"><img loading=\"lazy\" decoding=\"async\" width=\"446\" height=\"251\" src=\"https:\/\/alinvest-verde.eu\/wp-content\/uploads\/2024\/05\/image-5.png\" alt=\"\" class=\"wp-image-12899\" style=\"width:828px;height:auto\" srcset=\"https:\/\/alinvest-verde.eu\/wp-content\/uploads\/2024\/05\/image-5.png 446w, https:\/\/alinvest-verde.eu\/wp-content\/uploads\/2024\/05\/image-5-300x169.png 300w, https:\/\/alinvest-verde.eu\/wp-content\/uploads\/2024\/05\/image-5-18x10.png 18w\" sizes=\"(max-width: 446px) 100vw, 446px\" \/><\/figure>\n\n\n\n<p class=\"wp-block-paragraph\"><strong>Presentation of the VISEC traceability system<\/strong>. <strong><a href=\"https:\/\/alinvest-verde.eu\/en_gb\/presentacion-del-sistema-de-trazabilidad-visec\/\"><strong>Register here<\/strong><\/a><\/strong><\/p>\n\n\n\n<p class=\"wp-block-paragraph\">Date: <strong>6 June<\/strong><br>Time: <strong>10:30 CET<\/strong><br>Format: virtual<\/p>\n\n\n\n<p class=\"wp-block-paragraph\"><\/p>\n\n\n\n<figure class=\"wp-block-image size-full is-resized\"><img loading=\"lazy\" decoding=\"async\" width=\"446\" height=\"251\" src=\"https:\/\/alinvest-verde.eu\/wp-content\/uploads\/2024\/05\/image-6.png\" alt=\"\" class=\"wp-image-12900\" style=\"width:842px;height:auto\" srcset=\"https:\/\/alinvest-verde.eu\/wp-content\/uploads\/2024\/05\/image-6.png 446w, https:\/\/alinvest-verde.eu\/wp-content\/uploads\/2024\/05\/image-6-300x169.png 300w, https:\/\/alinvest-verde.eu\/wp-content\/uploads\/2024\/05\/image-6-18x10.png 18w\" sizes=\"(max-width: 446px) 100vw, 446px\" \/><\/figure>\n\n\n\n<p class=\"wp-block-paragraph\"><strong>Sustainable finance<\/strong>. <strong><a href=\"https:\/\/alinvest-verde.eu\/en_gb\/finanzas-sostenibles-el-camino-verde-para-los-negocios-en-america-latina\/\"><strong>Register here<\/strong><\/a><\/strong>&nbsp;<\/p>\n\n\n\n<p class=\"wp-block-paragraph\">Date: <strong>7 June<\/strong><br>Time: <strong>16:30 Bolivia<\/strong><br>Format: virtual<\/p>\n\n\n\n<figure class=\"wp-block-image size-full is-resized\"><img loading=\"lazy\" decoding=\"async\" width=\"445\" height=\"250\" src=\"https:\/\/alinvest-verde.eu\/wp-content\/uploads\/2024\/05\/image-7.png\" alt=\"\" class=\"wp-image-12901\" style=\"width:840px;height:auto\" srcset=\"https:\/\/alinvest-verde.eu\/wp-content\/uploads\/2024\/05\/image-7.png 445w, https:\/\/alinvest-verde.eu\/wp-content\/uploads\/2024\/05\/image-7-300x169.png 300w, https:\/\/alinvest-verde.eu\/wp-content\/uploads\/2024\/05\/image-7-18x10.png 18w\" sizes=\"(max-width: 445px) 100vw, 445px\" \/><\/figure>\n\n\n\n<p class=\"wp-block-paragraph\"><strong>Launch of the Mentoring Programme in Argentina<\/strong>. <strong><a href=\"https:\/\/alinvest-verde.eu\/en_gb\/lanzamiento-del-programa-de-mentorias-en-argentina\/\"><strong>Register here<\/strong><\/a><\/strong><\/p>\n\n\n\n<p class=\"wp-block-paragraph\">Date: <strong>11 June<\/strong><br>Time: <strong>16:00 GMT-3<\/strong><br>Format: virtual<\/p>\n\n\n\n<figure class=\"wp-block-image size-full is-resized\"><img loading=\"lazy\" decoding=\"async\" width=\"446\" height=\"251\" src=\"https:\/\/alinvest-verde.eu\/wp-content\/uploads\/2024\/05\/image-9.png\" alt=\"\" class=\"wp-image-12903\" style=\"width:840px;height:auto\" srcset=\"https:\/\/alinvest-verde.eu\/wp-content\/uploads\/2024\/05\/image-9.png 446w, https:\/\/alinvest-verde.eu\/wp-content\/uploads\/2024\/05\/image-9-300x169.png 300w, https:\/\/alinvest-verde.eu\/wp-content\/uploads\/2024\/05\/image-9-18x10.png 18w\" sizes=\"(max-width: 446px) 100vw, 446px\" \/><\/figure>\n\n\n\n<p class=\"wp-block-paragraph\"><strong>&nbsp;<a href=\"https:\/\/alinvest-verde.eu\/en_gb\/participacion-en-el-seminario-regional-sobre-propiedad-intelectual-para-jueces-de-america-latina\/\" target=\"_blank\" rel=\"noreferrer noopener\">Participation in the Regional Seminar on Intellectual Property for Judges of Latin America<\/a><\/strong><\/p>\n\n\n\n<p class=\"wp-block-paragraph\">Date: <strong>10-14 June<\/strong><br>Format: face-to-face<\/p>\n\n\n\n<figure class=\"wp-block-image size-large\"><img loading=\"lazy\" decoding=\"async\" width=\"1024\" height=\"575\" src=\"https:\/\/alinvest-verde.eu\/wp-content\/uploads\/2022\/12\/cultivocacao-1024x575.jpg\" alt=\"\" class=\"wp-image-4208\" srcset=\"https:\/\/alinvest-verde.eu\/wp-content\/uploads\/2022\/12\/cultivocacao-1024x575.jpg 1024w, https:\/\/alinvest-verde.eu\/wp-content\/uploads\/2022\/12\/cultivocacao-300x169.jpg 300w, https:\/\/alinvest-verde.eu\/wp-content\/uploads\/2022\/12\/cultivocacao-768x432.jpg 768w, https:\/\/alinvest-verde.eu\/wp-content\/uploads\/2022\/12\/cultivocacao-1536x863.jpg 1536w, https:\/\/alinvest-verde.eu\/wp-content\/uploads\/2022\/12\/cultivocacao-18x10.jpg 18w, https:\/\/alinvest-verde.eu\/wp-content\/uploads\/2022\/12\/cultivocacao.jpg 1920w\" sizes=\"(max-width: 1024px) 100vw, 1024px\" \/><\/figure>\n\n\n\n<p class=\"wp-block-paragraph\"><strong>Dialogues on sustainable cocoa <\/strong><\/p>\n\n\n\n<p class=\"wp-block-paragraph\"><strong>II workshop - Dialogues on sustainable cocoa. <\/strong><strong><a href=\"https:\/\/alinvest-verde.eu\/en_gb\/ii-dialogo-sobre-cacao-sostenible\/\">Register here<\/a><\/strong><strong><\/strong><\/p>\n\n\n\n<p class=\"wp-block-paragraph\">Date: <strong>12 June<\/strong><br>Time: <strong>16:00 CET<\/strong><br>Format: virtual<\/p>\n\n\n\n<p class=\"wp-block-paragraph\"><strong>III workshop - Dialogues on sustainable cocoa. <\/strong><strong><a href=\"https:\/\/alinvest-verde.eu\/en_gb\/iii-dialogo-sobre-cacao-sostenible\/\">Register here<\/a><\/strong><\/p>\n\n\n\n<p class=\"wp-block-paragraph\">Date: <strong>26 June<\/strong><br>Time: <strong>16:00 CET<\/strong><br>Format: virtual<\/p>\n\n\n\n<figure class=\"wp-block-image size-full\"><img loading=\"lazy\" decoding=\"async\" width=\"890\" height=\"165\" src=\"https:\/\/alinvest-verde.eu\/wp-content\/uploads\/2024\/05\/image-13.png\" alt=\"\" class=\"wp-image-12907\" srcset=\"https:\/\/alinvest-verde.eu\/wp-content\/uploads\/2024\/05\/image-13.png 890w, https:\/\/alinvest-verde.eu\/wp-content\/uploads\/2024\/05\/image-13-300x56.png 300w, https:\/\/alinvest-verde.eu\/wp-content\/uploads\/2024\/05\/image-13-768x142.png 768w, https:\/\/alinvest-verde.eu\/wp-content\/uploads\/2024\/05\/image-13-18x3.png 18w\" sizes=\"(max-width: 890px) 100vw, 890px\" \/><\/figure>","protected":false},"excerpt":{"rendered":"<p>The May e-bulletin highlights the results of the Second Call under Component 1, the Sustainable Cocoa Dialogues under Component 2 and the Mentoring programme under Component 3.<\/p>","protected":false},"featured_media":12911,"template":"","class_list":["post-12893","newslette","type-newslette","status-publish","has-post-thumbnail","hentry"],"yoast_head":"<!-- This site is optimized with the Yoast SEO plugin v28.4 - https:\/\/yoast.com\/product\/yoast-seo-wordpress\/ -->\n<title>Mayo 2024 - Programme AL-INVEST Verde<\/title>\n<meta name=\"robots\" content=\"index, follow, max-snippet:-1, max-image-preview:large, max-video-preview:-1\" \/>\n<link rel=\"canonical\" href=\"https:\/\/alinvest-verde.eu\/en_gb\/newslette\/newsletter-mayo\/\" \/>\n<meta property=\"og:locale\" content=\"en_GB\" \/>\n<meta property=\"og:type\" content=\"article\" \/>\n<meta property=\"og:title\" content=\"Mayo 2024 - Programme AL-INVEST Verde\" \/>\n<meta property=\"og:description\" content=\"El bolet\u00edn electr\u00f3nico del mes de mayo destaca los resultados de la Segunda Convocatoria del Componente 1, los Di\u00e1logos sobre cacao sostenible del Componente 2 y el programa de Mentor\u00edas del Componente 3.\" \/>\n<meta property=\"og:url\" content=\"https:\/\/alinvest-verde.eu\/en_gb\/newslette\/newsletter-mayo\/\" \/>\n<meta property=\"og:site_name\" content=\"Programme AL-INVEST Verde\" \/>\n<meta property=\"article:modified_time\" content=\"2024-05-31T01:33:01+00:00\" \/>\n<meta property=\"og:image\" content=\"https:\/\/alinvest-verde.eu\/wp-content\/uploads\/2024\/05\/Imagen1.jpg\" \/>\n\t<meta property=\"og:image:width\" content=\"456\" \/>\n\t<meta property=\"og:image:height\" content=\"568\" \/>\n\t<meta property=\"og:image:type\" content=\"image\/jpeg\" \/>\n<meta name=\"twitter:card\" content=\"summary_large_image\" \/>\n<meta name=\"twitter:label1\" content=\"Estimated reading time\" \/>\n\t<meta name=\"twitter:data1\" content=\"5 minutes\" \/>\n<script type=\"application\/ld+json\" class=\"yoast-schema-graph\">{\"@context\":\"https:\\\/\\\/schema.org\",\"@graph\":[{\"@type\":\"WebPage\",\"@id\":\"https:\\\/\\\/alinvest-verde.eu\\\/es_es\\\/newslette\\\/newsletter-mayo\\\/\",\"url\":\"https:\\\/\\\/alinvest-verde.eu\\\/es_es\\\/newslette\\\/newsletter-mayo\\\/\",\"name\":\"Mayo 2024 - Programme AL-INVEST Verde\",\"isPartOf\":{\"@id\":\"https:\\\/\\\/alinvest-verde.eu\\\/#website\"},\"primaryImageOfPage\":{\"@id\":\"https:\\\/\\\/alinvest-verde.eu\\\/es_es\\\/newslette\\\/newsletter-mayo\\\/#primaryimage\"},\"image\":{\"@id\":\"https:\\\/\\\/alinvest-verde.eu\\\/es_es\\\/newslette\\\/newsletter-mayo\\\/#primaryimage\"},\"thumbnailUrl\":\"https:\\\/\\\/alinvest-verde.eu\\\/wp-content\\\/uploads\\\/2024\\\/05\\\/Imagen1.jpg\",\"datePublished\":\"2024-05-30T19:55:22+00:00\",\"dateModified\":\"2024-05-31T01:33:01+00:00\",\"breadcrumb\":{\"@id\":\"https:\\\/\\\/alinvest-verde.eu\\\/es_es\\\/newslette\\\/newsletter-mayo\\\/#breadcrumb\"},\"inLanguage\":\"en-GB\",\"potentialAction\":[{\"@type\":\"ReadAction\",\"target\":[\"https:\\\/\\\/alinvest-verde.eu\\\/es_es\\\/newslette\\\/newsletter-mayo\\\/\"]}]},{\"@type\":\"ImageObject\",\"inLanguage\":\"en-GB\",\"@id\":\"https:\\\/\\\/alinvest-verde.eu\\\/es_es\\\/newslette\\\/newsletter-mayo\\\/#primaryimage\",\"url\":\"https:\\\/\\\/alinvest-verde.eu\\\/wp-content\\\/uploads\\\/2024\\\/05\\\/Imagen1.jpg\",\"contentUrl\":\"https:\\\/\\\/alinvest-verde.eu\\\/wp-content\\\/uploads\\\/2024\\\/05\\\/Imagen1.jpg\",\"width\":456,\"height\":568},{\"@type\":\"BreadcrumbList\",\"@id\":\"https:\\\/\\\/alinvest-verde.eu\\\/es_es\\\/newslette\\\/newsletter-mayo\\\/#breadcrumb\",\"itemListElement\":[{\"@type\":\"ListItem\",\"position\":1,\"name\":\"Inicio\",\"item\":\"https:\\\/\\\/alinvest-verde.eu\\\/\"},{\"@type\":\"ListItem\",\"position\":2,\"name\":\"Mayo 2024\"}]},{\"@type\":\"WebSite\",\"@id\":\"https:\\\/\\\/alinvest-verde.eu\\\/#website\",\"url\":\"https:\\\/\\\/alinvest-verde.eu\\\/\",\"name\":\"Programme AL-INVEST Verde\",\"description\":\"Building alliances with the private sector in LA and promote sustainable growth and jobs creation by supporting the transition towards a low-carbon, resource-efficient economy\",\"publisher\":{\"@id\":\"https:\\\/\\\/alinvest-verde.eu\\\/#organization\"},\"potentialAction\":[{\"@type\":\"SearchAction\",\"target\":{\"@type\":\"EntryPoint\",\"urlTemplate\":\"https:\\\/\\\/alinvest-verde.eu\\\/?s={search_term_string}\"},\"query-input\":{\"@type\":\"PropertyValueSpecification\",\"valueRequired\":true,\"valueName\":\"search_term_string\"}}],\"inLanguage\":\"en-GB\"},{\"@type\":\"Organization\",\"@id\":\"https:\\\/\\\/alinvest-verde.eu\\\/#organization\",\"name\":\"Programme AL-INVEST Verde\",\"url\":\"https:\\\/\\\/alinvest-verde.eu\\\/\",\"logo\":{\"@type\":\"ImageObject\",\"inLanguage\":\"en-GB\",\"@id\":\"https:\\\/\\\/alinvest-verde.eu\\\/#\\\/schema\\\/logo\\\/image\\\/\",\"url\":\"https:\\\/\\\/alinvest-verde.eu\\\/wp-content\\\/uploads\\\/2022\\\/01\\\/cropped-logo-financiado-por-la-UE.jpg\",\"contentUrl\":\"https:\\\/\\\/alinvest-verde.eu\\\/wp-content\\\/uploads\\\/2022\\\/01\\\/cropped-logo-financiado-por-la-UE.jpg\",\"width\":756,\"height\":216,\"caption\":\"Programme AL-INVEST Verde\"},\"image\":{\"@id\":\"https:\\\/\\\/alinvest-verde.eu\\\/#\\\/schema\\\/logo\\\/image\\\/\"}}]}<\/script>\n<!-- \/ Yoast SEO plugin. -->","yoast_head_json":{"title":"May 2024 - Programme AL-INVEST Verde","robots":{"index":"index","follow":"follow","max-snippet":"max-snippet:-1","max-image-preview":"max-image-preview:large","max-video-preview":"max-video-preview:-1"},"canonical":"https:\/\/alinvest-verde.eu\/en_gb\/newslette\/newsletter-mayo\/","og_locale":"en_GB","og_type":"article","og_title":"Mayo 2024 - Programme AL-INVEST Verde","og_description":"El bolet\u00edn electr\u00f3nico del mes de mayo destaca los resultados de la Segunda Convocatoria del Componente 1, los Di\u00e1logos sobre cacao sostenible del Componente 2 y el programa de Mentor\u00edas del Componente 3.","og_url":"https:\/\/alinvest-verde.eu\/en_gb\/newslette\/newsletter-mayo\/","og_site_name":"Programme AL-INVEST Verde","article_modified_time":"2024-05-31T01:33:01+00:00","og_image":[{"width":456,"height":568,"url":"https:\/\/alinvest-verde.eu\/wp-content\/uploads\/2024\/05\/Imagen1.jpg","type":"image\/jpeg"}],"twitter_card":"summary_large_image","twitter_misc":{"Estimated reading time":"5 minutes"},"schema":{"@context":"https:\/\/schema.org","@graph":[{"@type":"WebPage","@id":"https:\/\/alinvest-verde.eu\/es_es\/newslette\/newsletter-mayo\/","url":"https:\/\/alinvest-verde.eu\/es_es\/newslette\/newsletter-mayo\/","name":"May 2024 - Programme AL-INVEST Verde","isPartOf":{"@id":"https:\/\/alinvest-verde.eu\/#website"},"primaryImageOfPage":{"@id":"https:\/\/alinvest-verde.eu\/es_es\/newslette\/newsletter-mayo\/#primaryimage"},"image":{"@id":"https:\/\/alinvest-verde.eu\/es_es\/newslette\/newsletter-mayo\/#primaryimage"},"thumbnailUrl":"https:\/\/alinvest-verde.eu\/wp-content\/uploads\/2024\/05\/Imagen1.jpg","datePublished":"2024-05-30T19:55:22+00:00","dateModified":"2024-05-31T01:33:01+00:00","breadcrumb":{"@id":"https:\/\/alinvest-verde.eu\/es_es\/newslette\/newsletter-mayo\/#breadcrumb"},"inLanguage":"en-GB","potentialAction":[{"@type":"ReadAction","target":["https:\/\/alinvest-verde.eu\/es_es\/newslette\/newsletter-mayo\/"]}]},{"@type":"ImageObject","inLanguage":"en-GB","@id":"https:\/\/alinvest-verde.eu\/es_es\/newslette\/newsletter-mayo\/#primaryimage","url":"https:\/\/alinvest-verde.eu\/wp-content\/uploads\/2024\/05\/Imagen1.jpg","contentUrl":"https:\/\/alinvest-verde.eu\/wp-content\/uploads\/2024\/05\/Imagen1.jpg","width":456,"height":568},{"@type":"BreadcrumbList","@id":"https:\/\/alinvest-verde.eu\/es_es\/newslette\/newsletter-mayo\/#breadcrumb","itemListElement":[{"@type":"ListItem","position":1,"name":"Inicio","item":"https:\/\/alinvest-verde.eu\/"},{"@type":"ListItem","position":2,"name":"Mayo 2024"}]},{"@type":"WebSite","@id":"https:\/\/alinvest-verde.eu\/#website","url":"https:\/\/alinvest-verde.eu\/","name":"Programme AL-INVEST Verde","description":"Building alliances with the private sector in LA and promote sustainable growth and jobs creation by supporting the transition towards a low-carbon, resource-efficient economy","publisher":{"@id":"https:\/\/alinvest-verde.eu\/#organization"},"potentialAction":[{"@type":"SearchAction","target":{"@type":"EntryPoint","urlTemplate":"https:\/\/alinvest-verde.eu\/?s={search_term_string}"},"query-input":{"@type":"PropertyValueSpecification","valueRequired":true,"valueName":"search_term_string"}}],"inLanguage":"en-GB"},{"@type":"Organization","@id":"https:\/\/alinvest-verde.eu\/#organization","name":"Programme AL-INVEST Verde","url":"https:\/\/alinvest-verde.eu\/","logo":{"@type":"ImageObject","inLanguage":"en-GB","@id":"https:\/\/alinvest-verde.eu\/#\/schema\/logo\/image\/","url":"https:\/\/alinvest-verde.eu\/wp-content\/uploads\/2022\/01\/cropped-logo-financiado-por-la-UE.jpg","contentUrl":"https:\/\/alinvest-verde.eu\/wp-content\/uploads\/2022\/01\/cropped-logo-financiado-por-la-UE.jpg","width":756,"height":216,"caption":"Programme AL-INVEST Verde"},"image":{"@id":"https:\/\/alinvest-verde.eu\/#\/schema\/logo\/image\/"}}]}},"_links":{"self":[{"href":"https:\/\/alinvest-verde.eu\/en_gb\/wp-json\/wp\/v2\/newslette\/12893","targetHints":{"allow":["GET"]}}],"collection":[{"href":"https:\/\/alinvest-verde.eu\/en_gb\/wp-json\/wp\/v2\/newslette"}],"about":[{"href":"https:\/\/alinvest-verde.eu\/en_gb\/wp-json\/wp\/v2\/types\/newslette"}],"version-history":[{"count":3,"href":"https:\/\/alinvest-verde.eu\/en_gb\/wp-json\/wp\/v2\/newslette\/12893\/revisions"}],"predecessor-version":[{"id":12936,"href":"https:\/\/alinvest-verde.eu\/en_gb\/wp-json\/wp\/v2\/newslette\/12893\/revisions\/12936"}],"wp:featuredmedia":[{"embeddable":true,"href":"https:\/\/alinvest-verde.eu\/en_gb\/wp-json\/wp\/v2\/media\/12911"}],"wp:attachment":[{"href":"https:\/\/alinvest-verde.eu\/en_gb\/wp-json\/wp\/v2\/media?parent=12893"}],"curies":[{"name":"wp","href":"https:\/\/api.w.org\/{rel}","templated":true}]}}