{"id":14010,"date":"2024-07-02T22:13:06","date_gmt":"2024-07-02T20:13:06","guid":{"rendered":"https:\/\/alinvest-verde.eu\/?post_type=newslette&#038;p=14010"},"modified":"2024-07-30T20:30:43","modified_gmt":"2024-07-30T18:30:43","slug":"newsletter-junio","status":"publish","type":"newslette","link":"https:\/\/alinvest-verde.eu\/en_gb\/newslette\/newsletter-junio\/","title":{"rendered":"June 2024"},"content":{"rendered":"<figure class=\"wp-block-image size-full is-resized\"><img fetchpriority=\"high\" decoding=\"async\" width=\"571\" height=\"381\" src=\"https:\/\/alinvest-verde.eu\/wp-content\/uploads\/2024\/07\/image.png\" alt=\"\" class=\"wp-image-14011\" style=\"width:842px;height:auto\" srcset=\"https:\/\/alinvest-verde.eu\/wp-content\/uploads\/2024\/07\/image.png 571w, https:\/\/alinvest-verde.eu\/wp-content\/uploads\/2024\/07\/image-300x200.png 300w, https:\/\/alinvest-verde.eu\/wp-content\/uploads\/2024\/07\/image-391x260.png 391w, https:\/\/alinvest-verde.eu\/wp-content\/uploads\/2024\/07\/image-18x12.png 18w\" sizes=\"(max-width: 571px) 100vw, 571px\" \/><\/figure>\n\n\n\n<p class=\"wp-block-paragraph\"><strong>Presentation of results of the project \"Certification of agro-exportable products\" in Uruguay<\/strong><\/p>\n\n\n\n<p class=\"wp-block-paragraph\">The Ministry of Livestock, Agriculture and Fisheries (MGAP) of Uruguay hosted the event to present the results of the project \"Certification of Agroexportable Products in Native Forest Lands\", implemented by AL-INVEST Verde, through the Centre for Applied Research in Agroforestry Development (IDAF).<strong> <a href=\"https:\/\/alinvest-verde.eu\/en_gb\/presentacion-de-resultados-del-proyecto-para-la-certificacion-de-productos-agroexportables\/\"><strong>Read more.<\/strong><\/a><\/strong><\/p>\n\n\n\n<figure class=\"wp-block-image size-full is-resized\"><img decoding=\"async\" width=\"571\" height=\"385\" src=\"https:\/\/alinvest-verde.eu\/wp-content\/uploads\/2024\/07\/image-1.png\" alt=\"\" class=\"wp-image-14012\" style=\"width:838px;height:auto\" srcset=\"https:\/\/alinvest-verde.eu\/wp-content\/uploads\/2024\/07\/image-1.png 571w, https:\/\/alinvest-verde.eu\/wp-content\/uploads\/2024\/07\/image-1-300x202.png 300w, https:\/\/alinvest-verde.eu\/wp-content\/uploads\/2024\/07\/image-1-18x12.png 18w\" sizes=\"(max-width: 571px) 100vw, 571px\" \/><\/figure>\n\n\n\n<p class=\"wp-block-paragraph\"><strong>MERCOSUR technicians exchange knowledge on environmental traceability<\/strong><\/p>\n\n\n\n<p class=\"wp-block-paragraph\">With the aim of promoting technical exchange on the implementation of the European Union Deforestation Free Regulation (EUDR) in Mercosur countries, AL-INVEST Verde organised in Montevideo (Uruguay) the workshop \"Environmental traceability systems\", with the support of the Ministry of Livestock, Agriculture and Fisheries (MGAP) of Uruguay and the Uruguayan Agency for International Cooperation (AUCI).<strong> <a href=\"https:\/\/alinvest-verde.eu\/en_gb\/tecnicos-del-mercosur-intercambian-en-uruguay-conocimientos-sobre-trazabilidad-ambiental\/\"><strong>Read more.<\/strong><\/a><\/strong><\/p>\n\n\n\n<p class=\"wp-block-paragraph\"><img decoding=\"async\" style=\"\" src=\"https:\/\/9sg4i.img.bh.d.sendibt3.com\/im\/sh\/Cq3UXonHuJY6.png?u=SyGgH01HHg3161bEi1l8uAnltLgT\"><\/p>\n\n\n\n<p class=\"wp-block-paragraph\"><strong>Intellectual property rights mentoring in Argentina<\/strong><\/p>\n\n\n\n<p class=\"wp-block-paragraph\">June marked the launch of the free mentoring programme on the registration and effective use of Geographical Indications (GIs) under Component 3 of AL-INVEST Verde for Intellectual Property Rights, called 'AL-INVmentor Argentina', organised in collaboration with the Secretariat of Bioeconomy of the Ministry of Economy of Argentina.<strong> <a href=\"https:\/\/alinvest-verde.eu\/en_gb\/mentoria-en-derechos-de-propiedad-intelectual-en-argentina\/\"><strong>Read more.<\/strong><\/a><\/strong><\/p>\n\n\n\n<figure class=\"wp-block-image size-full is-resized\"><img decoding=\"async\" width=\"571\" height=\"375\" src=\"https:\/\/alinvest-verde.eu\/wp-content\/uploads\/2024\/07\/image-2.png\" alt=\"\" class=\"wp-image-14013\" style=\"width:840px;height:auto\" srcset=\"https:\/\/alinvest-verde.eu\/wp-content\/uploads\/2024\/07\/image-2.png 571w, https:\/\/alinvest-verde.eu\/wp-content\/uploads\/2024\/07\/image-2-300x197.png 300w, https:\/\/alinvest-verde.eu\/wp-content\/uploads\/2024\/07\/image-2-18x12.png 18w\" sizes=\"(max-width: 571px) 100vw, 571px\" \/><\/figure>\n\n\n\n<p class=\"wp-block-paragraph\"><strong>Internationalisation of agroforestry MSMEs to be promoted in Santa Cruz, Bolivia<\/strong><\/p>\n\n\n\n<p class=\"wp-block-paragraph\">The AL-INVEST Verde programme, through the implementation of its Component 1, selected 42 projects out of more than 160 proposals received during the Second Call for Proposals for innovative projects. The selected projects will benefit SMEs in countries such as Argentina, Bolivia, Brazil, Chile, Colombia, Costa Rica, Ecuador, El Salvador, Honduras, Mexico, Paraguay, Peru, Uruguay and Venezuela.<strong> <a href=\"https:\/\/alinvest-verde.eu\/en_gb\/fomentaran-internacionalizacion-de-mipymes-del-sector-agroforestal-de-santa-cruz-bolivia-apuntando-hacia-el-mercado-de-la-union-europea\/\"><strong>Read more.&nbsp;<\/strong><\/a><\/strong><\/p>\n\n\n\n<p class=\"wp-block-paragraph\"><strong>Dialogues on sustainable cocoa<\/strong><\/p>\n\n\n\n<figure class=\"wp-block-image size-large\"><img loading=\"lazy\" decoding=\"async\" width=\"1024\" height=\"546\" src=\"https:\/\/alinvest-verde.eu\/wp-content\/uploads\/2024\/06\/hands-2430200_1280-1024x546.jpg\" alt=\"\" class=\"wp-image-13605\" srcset=\"https:\/\/alinvest-verde.eu\/wp-content\/uploads\/2024\/06\/hands-2430200_1280-1024x546.jpg 1024w, https:\/\/alinvest-verde.eu\/wp-content\/uploads\/2024\/06\/hands-2430200_1280-300x160.jpg 300w, https:\/\/alinvest-verde.eu\/wp-content\/uploads\/2024\/06\/hands-2430200_1280-768x410.jpg 768w, https:\/\/alinvest-verde.eu\/wp-content\/uploads\/2024\/06\/hands-2430200_1280-18x10.jpg 18w, https:\/\/alinvest-verde.eu\/wp-content\/uploads\/2024\/06\/hands-2430200_1280.jpg 1280w\" sizes=\"(max-width: 1024px) 100vw, 1024px\" \/><\/figure>\n\n\n\n<p class=\"wp-block-paragraph\"><strong>Workshop on cocoa traceability requirements<\/strong><\/p>\n\n\n\n<p class=\"wp-block-paragraph\">Component 2 of AL-INVEST Verde organised this workshop as part of the \"Dialogues on Sustainable Poo\" series. Representatives from Europe, Latin America and Africa participated. <strong><a href=\"https:\/\/alinvest-verde.eu\/en_gb\/taller-sobre-requisitos-de-trazabilidad-del-cacao\/\"><strong>Read more.<\/strong><\/a><\/strong><\/p>\n\n\n\n<p class=\"wp-block-paragraph\"><strong>Cycle of online workshops on sustainable cocoa concludes<\/strong><\/p>\n\n\n\n<p class=\"wp-block-paragraph\">Representatives of the European Commission and producer countries in Latin America - Brazil, Ecuador and Peru - and Africa - Ghana - discussed the legality criterion in the framework of the EUDR. <strong><a href=\"https:\/\/alinvest-verde.eu\/en_gb\/concluye-el-ciclo-sobre-cacao-sostenible-con-el-analisis-de-la-legalidad-en-el-marco-del-eudr\/\"><strong>Read more.<\/strong><\/a><\/strong><\/p>\n\n\n\n<p class=\"has-vivid-green-cyan-color has-text-color has-link-color wp-elements-1 wp-block-paragraph\"><strong>AL-INVEST Verde TV&nbsp;<\/strong><\/p>\n\n\n\n<p class=\"wp-block-paragraph\"><strong>Webinar on Sustainable Finance<\/strong><\/p>\n\n\n\n<p class=\"wp-block-paragraph\">Component 1 held its first Webinar, organised by CAINCO on Sustainable Finance. <strong><a href=\"https:\/\/youtu.be\/a2Yg20fzGCU\"><strong>See here.&nbsp;<\/strong><\/a><\/strong><\/p>\n\n\n\n<p class=\"wp-block-paragraph\"><strong>Digital Innovation and IPR Forum: Navigating the Future of the Creative Industries<\/strong><\/p>\n\n\n\n<p class=\"wp-block-paragraph\">Component 3 organised the Forum to identify practical strategies to address the impact of emerging technologies, such as artificial intelligence (AI), on the resilience and adaptability of the creative sectors.<strong> <a href=\"https:\/\/youtu.be\/1hxugol3dis\"><strong>See here.<\/strong><\/a><\/strong><\/p>\n\n\n\n<p class=\"wp-block-paragraph\"><strong>Launch of AL-INVmentor mentoring programme during Inova Amaz\u00f4nia, 10\/05\/2024, Manaus, Brazil<\/strong><\/p>\n\n\n\n<p class=\"wp-block-paragraph\">Component 3 officially launched the first mentorships to be carried out in Brazil in the framework of the innovative ALINVmentor programme in the field of Geographical Indications.<strong> <a href=\"https:\/\/youtu.be\/GEPbH3mSsUA\"><strong>See here.<\/strong><\/a><\/strong><\/p>\n\n\n\n<figure class=\"wp-block-image size-full\"><img loading=\"lazy\" decoding=\"async\" width=\"712\" height=\"132\" src=\"https:\/\/alinvest-verde.eu\/wp-content\/uploads\/2024\/07\/logos-GG-AIV-UE.jpg\" alt=\"\" class=\"wp-image-14016\" srcset=\"https:\/\/alinvest-verde.eu\/wp-content\/uploads\/2024\/07\/logos-GG-AIV-UE.jpg 712w, https:\/\/alinvest-verde.eu\/wp-content\/uploads\/2024\/07\/logos-GG-AIV-UE-300x56.jpg 300w, https:\/\/alinvest-verde.eu\/wp-content\/uploads\/2024\/07\/logos-GG-AIV-UE-18x3.jpg 18w\" sizes=\"(max-width: 712px) 100vw, 712px\" \/><\/figure>","protected":false},"excerpt":{"rendered":"<p>The June newsletter highlights the activities of the Component 1 projects, the Component 2 Coffee Dialogues and the Component 3 Mentoring Programme. <\/p>","protected":false},"featured_media":14021,"template":"","class_list":["post-14010","newslette","type-newslette","status-publish","has-post-thumbnail","hentry"],"yoast_head":"<!-- This site is optimized with the Yoast SEO plugin v28.4 - https:\/\/yoast.com\/product\/yoast-seo-wordpress\/ -->\n<title>Junio 2024 - Programme AL-INVEST Verde<\/title>\n<meta name=\"robots\" content=\"index, follow, max-snippet:-1, max-image-preview:large, max-video-preview:-1\" \/>\n<link rel=\"canonical\" href=\"https:\/\/alinvest-verde.eu\/en_gb\/newslette\/newsletter-junio\/\" \/>\n<meta property=\"og:locale\" content=\"en_GB\" \/>\n<meta property=\"og:type\" content=\"article\" \/>\n<meta property=\"og:title\" content=\"Junio 2024 - Programme AL-INVEST Verde\" \/>\n<meta property=\"og:description\" content=\"El bolet\u00edn de junio rescata las actividades de los proyectos del Componente 1, los Di\u00e1logos de Caf\u00e9 del Componente 2 y el Programa de Mentor\u00edas del Componente 3.\" \/>\n<meta property=\"og:url\" content=\"https:\/\/alinvest-verde.eu\/en_gb\/newslette\/newsletter-junio\/\" \/>\n<meta property=\"og:site_name\" content=\"Programme AL-INVEST Verde\" \/>\n<meta property=\"article:modified_time\" content=\"2024-07-30T18:30:43+00:00\" \/>\n<meta property=\"og:image\" content=\"https:\/\/alinvest-verde.eu\/wp-content\/uploads\/2024\/07\/newsletter2.jpg\" \/>\n\t<meta property=\"og:image:width\" content=\"459\" \/>\n\t<meta property=\"og:image:height\" content=\"579\" \/>\n\t<meta property=\"og:image:type\" content=\"image\/jpeg\" \/>\n<meta name=\"twitter:card\" content=\"summary_large_image\" \/>\n<meta name=\"twitter:label1\" content=\"Estimated reading time\" \/>\n\t<meta name=\"twitter:data1\" content=\"4 minutes\" \/>\n<script type=\"application\/ld+json\" class=\"yoast-schema-graph\">{\"@context\":\"https:\\\/\\\/schema.org\",\"@graph\":[{\"@type\":\"WebPage\",\"@id\":\"https:\\\/\\\/alinvest-verde.eu\\\/newslette\\\/newsletter-junio\\\/\",\"url\":\"https:\\\/\\\/alinvest-verde.eu\\\/newslette\\\/newsletter-junio\\\/\",\"name\":\"Junio 2024 - Programme AL-INVEST Verde\",\"isPartOf\":{\"@id\":\"https:\\\/\\\/alinvest-verde.eu\\\/#website\"},\"primaryImageOfPage\":{\"@id\":\"https:\\\/\\\/alinvest-verde.eu\\\/newslette\\\/newsletter-junio\\\/#primaryimage\"},\"image\":{\"@id\":\"https:\\\/\\\/alinvest-verde.eu\\\/newslette\\\/newsletter-junio\\\/#primaryimage\"},\"thumbnailUrl\":\"https:\\\/\\\/alinvest-verde.eu\\\/wp-content\\\/uploads\\\/2024\\\/07\\\/newsletter2.jpg\",\"datePublished\":\"2024-07-02T20:13:06+00:00\",\"dateModified\":\"2024-07-30T18:30:43+00:00\",\"breadcrumb\":{\"@id\":\"https:\\\/\\\/alinvest-verde.eu\\\/newslette\\\/newsletter-junio\\\/#breadcrumb\"},\"inLanguage\":\"en-GB\",\"potentialAction\":[{\"@type\":\"ReadAction\",\"target\":[\"https:\\\/\\\/alinvest-verde.eu\\\/newslette\\\/newsletter-junio\\\/\"]}]},{\"@type\":\"ImageObject\",\"inLanguage\":\"en-GB\",\"@id\":\"https:\\\/\\\/alinvest-verde.eu\\\/newslette\\\/newsletter-junio\\\/#primaryimage\",\"url\":\"https:\\\/\\\/alinvest-verde.eu\\\/wp-content\\\/uploads\\\/2024\\\/07\\\/newsletter2.jpg\",\"contentUrl\":\"https:\\\/\\\/alinvest-verde.eu\\\/wp-content\\\/uploads\\\/2024\\\/07\\\/newsletter2.jpg\",\"width\":459,\"height\":579},{\"@type\":\"BreadcrumbList\",\"@id\":\"https:\\\/\\\/alinvest-verde.eu\\\/newslette\\\/newsletter-junio\\\/#breadcrumb\",\"itemListElement\":[{\"@type\":\"ListItem\",\"position\":1,\"name\":\"Inicio\",\"item\":\"https:\\\/\\\/alinvest-verde.eu\\\/\"},{\"@type\":\"ListItem\",\"position\":2,\"name\":\"Junio 2024\"}]},{\"@type\":\"WebSite\",\"@id\":\"https:\\\/\\\/alinvest-verde.eu\\\/#website\",\"url\":\"https:\\\/\\\/alinvest-verde.eu\\\/\",\"name\":\"Programme AL-INVEST Verde\",\"description\":\"Building alliances with the private sector in LA and promote sustainable growth and jobs creation by supporting the transition towards a low-carbon, resource-efficient economy\",\"publisher\":{\"@id\":\"https:\\\/\\\/alinvest-verde.eu\\\/#organization\"},\"potentialAction\":[{\"@type\":\"SearchAction\",\"target\":{\"@type\":\"EntryPoint\",\"urlTemplate\":\"https:\\\/\\\/alinvest-verde.eu\\\/?s={search_term_string}\"},\"query-input\":{\"@type\":\"PropertyValueSpecification\",\"valueRequired\":true,\"valueName\":\"search_term_string\"}}],\"inLanguage\":\"en-GB\"},{\"@type\":\"Organization\",\"@id\":\"https:\\\/\\\/alinvest-verde.eu\\\/#organization\",\"name\":\"Programme AL-INVEST Verde\",\"url\":\"https:\\\/\\\/alinvest-verde.eu\\\/\",\"logo\":{\"@type\":\"ImageObject\",\"inLanguage\":\"en-GB\",\"@id\":\"https:\\\/\\\/alinvest-verde.eu\\\/#\\\/schema\\\/logo\\\/image\\\/\",\"url\":\"https:\\\/\\\/alinvest-verde.eu\\\/wp-content\\\/uploads\\\/2022\\\/01\\\/cropped-logo-financiado-por-la-UE.jpg\",\"contentUrl\":\"https:\\\/\\\/alinvest-verde.eu\\\/wp-content\\\/uploads\\\/2022\\\/01\\\/cropped-logo-financiado-por-la-UE.jpg\",\"width\":756,\"height\":216,\"caption\":\"Programme AL-INVEST Verde\"},\"image\":{\"@id\":\"https:\\\/\\\/alinvest-verde.eu\\\/#\\\/schema\\\/logo\\\/image\\\/\"}}]}<\/script>\n<!-- \/ Yoast SEO plugin. -->","yoast_head_json":{"title":"June 2024 - Programme AL-INVEST Verde","robots":{"index":"index","follow":"follow","max-snippet":"max-snippet:-1","max-image-preview":"max-image-preview:large","max-video-preview":"max-video-preview:-1"},"canonical":"https:\/\/alinvest-verde.eu\/en_gb\/newslette\/newsletter-junio\/","og_locale":"en_GB","og_type":"article","og_title":"Junio 2024 - Programme AL-INVEST Verde","og_description":"El bolet\u00edn de junio rescata las actividades de los proyectos del Componente 1, los Di\u00e1logos de Caf\u00e9 del Componente 2 y el Programa de Mentor\u00edas del Componente 3.","og_url":"https:\/\/alinvest-verde.eu\/en_gb\/newslette\/newsletter-junio\/","og_site_name":"Programme AL-INVEST Verde","article_modified_time":"2024-07-30T18:30:43+00:00","og_image":[{"width":459,"height":579,"url":"https:\/\/alinvest-verde.eu\/wp-content\/uploads\/2024\/07\/newsletter2.jpg","type":"image\/jpeg"}],"twitter_card":"summary_large_image","twitter_misc":{"Estimated reading time":"4 minutes"},"schema":{"@context":"https:\/\/schema.org","@graph":[{"@type":"WebPage","@id":"https:\/\/alinvest-verde.eu\/newslette\/newsletter-junio\/","url":"https:\/\/alinvest-verde.eu\/newslette\/newsletter-junio\/","name":"June 2024 - Programme AL-INVEST Verde","isPartOf":{"@id":"https:\/\/alinvest-verde.eu\/#website"},"primaryImageOfPage":{"@id":"https:\/\/alinvest-verde.eu\/newslette\/newsletter-junio\/#primaryimage"},"image":{"@id":"https:\/\/alinvest-verde.eu\/newslette\/newsletter-junio\/#primaryimage"},"thumbnailUrl":"https:\/\/alinvest-verde.eu\/wp-content\/uploads\/2024\/07\/newsletter2.jpg","datePublished":"2024-07-02T20:13:06+00:00","dateModified":"2024-07-30T18:30:43+00:00","breadcrumb":{"@id":"https:\/\/alinvest-verde.eu\/newslette\/newsletter-junio\/#breadcrumb"},"inLanguage":"en-GB","potentialAction":[{"@type":"ReadAction","target":["https:\/\/alinvest-verde.eu\/newslette\/newsletter-junio\/"]}]},{"@type":"ImageObject","inLanguage":"en-GB","@id":"https:\/\/alinvest-verde.eu\/newslette\/newsletter-junio\/#primaryimage","url":"https:\/\/alinvest-verde.eu\/wp-content\/uploads\/2024\/07\/newsletter2.jpg","contentUrl":"https:\/\/alinvest-verde.eu\/wp-content\/uploads\/2024\/07\/newsletter2.jpg","width":459,"height":579},{"@type":"BreadcrumbList","@id":"https:\/\/alinvest-verde.eu\/newslette\/newsletter-junio\/#breadcrumb","itemListElement":[{"@type":"ListItem","position":1,"name":"Inicio","item":"https:\/\/alinvest-verde.eu\/"},{"@type":"ListItem","position":2,"name":"Junio 2024"}]},{"@type":"WebSite","@id":"https:\/\/alinvest-verde.eu\/#website","url":"https:\/\/alinvest-verde.eu\/","name":"Programme AL-INVEST Verde","description":"Building alliances with the private sector in LA and promote sustainable growth and jobs creation by supporting the transition towards a low-carbon, resource-efficient economy","publisher":{"@id":"https:\/\/alinvest-verde.eu\/#organization"},"potentialAction":[{"@type":"SearchAction","target":{"@type":"EntryPoint","urlTemplate":"https:\/\/alinvest-verde.eu\/?s={search_term_string}"},"query-input":{"@type":"PropertyValueSpecification","valueRequired":true,"valueName":"search_term_string"}}],"inLanguage":"en-GB"},{"@type":"Organization","@id":"https:\/\/alinvest-verde.eu\/#organization","name":"Programme AL-INVEST Verde","url":"https:\/\/alinvest-verde.eu\/","logo":{"@type":"ImageObject","inLanguage":"en-GB","@id":"https:\/\/alinvest-verde.eu\/#\/schema\/logo\/image\/","url":"https:\/\/alinvest-verde.eu\/wp-content\/uploads\/2022\/01\/cropped-logo-financiado-por-la-UE.jpg","contentUrl":"https:\/\/alinvest-verde.eu\/wp-content\/uploads\/2022\/01\/cropped-logo-financiado-por-la-UE.jpg","width":756,"height":216,"caption":"Programme AL-INVEST Verde"},"image":{"@id":"https:\/\/alinvest-verde.eu\/#\/schema\/logo\/image\/"}}]}},"_links":{"self":[{"href":"https:\/\/alinvest-verde.eu\/en_gb\/wp-json\/wp\/v2\/newslette\/14010","targetHints":{"allow":["GET"]}}],"collection":[{"href":"https:\/\/alinvest-verde.eu\/en_gb\/wp-json\/wp\/v2\/newslette"}],"about":[{"href":"https:\/\/alinvest-verde.eu\/en_gb\/wp-json\/wp\/v2\/types\/newslette"}],"version-history":[{"count":5,"href":"https:\/\/alinvest-verde.eu\/en_gb\/wp-json\/wp\/v2\/newslette\/14010\/revisions"}],"predecessor-version":[{"id":15064,"href":"https:\/\/alinvest-verde.eu\/en_gb\/wp-json\/wp\/v2\/newslette\/14010\/revisions\/15064"}],"wp:featuredmedia":[{"embeddable":true,"href":"https:\/\/alinvest-verde.eu\/en_gb\/wp-json\/wp\/v2\/media\/14021"}],"wp:attachment":[{"href":"https:\/\/alinvest-verde.eu\/en_gb\/wp-json\/wp\/v2\/media?parent=14010"}],"curies":[{"name":"wp","href":"https:\/\/api.w.org\/{rel}","templated":true}]}}