{"id":15054,"date":"2024-07-30T20:28:03","date_gmt":"2024-07-30T18:28:03","guid":{"rendered":"https:\/\/alinvest-verde.eu\/?post_type=newslette&#038;p=15054"},"modified":"2024-07-30T20:46:00","modified_gmt":"2024-07-30T18:46:00","slug":"newsletter-julio-2","status":"publish","type":"newslette","link":"https:\/\/alinvest-verde.eu\/en_gb\/newslette\/newsletter-julio-2\/","title":{"rendered":"July 2024"},"content":{"rendered":"<figure class=\"wp-block-image size-full is-resized\"><img fetchpriority=\"high\" decoding=\"async\" width=\"571\" height=\"395\" src=\"https:\/\/alinvest-verde.eu\/wp-content\/uploads\/2024\/07\/image-17.png\" alt=\"\" class=\"wp-image-15055\" style=\"width:841px;height:auto\" srcset=\"https:\/\/alinvest-verde.eu\/wp-content\/uploads\/2024\/07\/image-17.png 571w, https:\/\/alinvest-verde.eu\/wp-content\/uploads\/2024\/07\/image-17-300x208.png 300w, https:\/\/alinvest-verde.eu\/wp-content\/uploads\/2024\/07\/image-17-18x12.png 18w\" sizes=\"(max-width: 571px) 100vw, 571px\" \/><\/figure>\n\n\n\n<p class=\"wp-block-paragraph\"><strong>European Union and AGEXPORT support the Sustainable Tourism sector<\/strong><\/p>\n\n\n\n<p class=\"wp-block-paragraph\">As part of the action of the AL-INVEST Verde Programme, the Guatemalan Association of Exporters (AGEXPORT), member of the Executing Consortium of Component 1, carried out the \"Diploma in Sustainable Tourism with Specialisation in Green Investments\". This course, organised by the Sustainable Tourism Commission of AGEXPORT and developed by the Department of Sustainable Tourism of the Universidad del Valle de Guatemala (UVG), was successfully concluded with the participation of 31 representatives of MSMEs in the tourism sector and lasted three months. <strong><a href=\"https:\/\/alinvest-verde.eu\/en_gb\/union-europea-y-agexport-apoyan-al-sector-de-turismo-sostenible-a-traves-del-programa-al-invest-verde\/\"><strong>Read more<\/strong><\/a>.<\/strong><\/p>\n\n\n\n<figure class=\"wp-block-image size-full is-resized\"><img decoding=\"async\" width=\"571\" height=\"379\" src=\"https:\/\/alinvest-verde.eu\/wp-content\/uploads\/2024\/07\/image-18.png\" alt=\"\" class=\"wp-image-15056\" style=\"width:839px;height:auto\" srcset=\"https:\/\/alinvest-verde.eu\/wp-content\/uploads\/2024\/07\/image-18.png 571w, https:\/\/alinvest-verde.eu\/wp-content\/uploads\/2024\/07\/image-18-300x199.png 300w, https:\/\/alinvest-verde.eu\/wp-content\/uploads\/2024\/07\/image-18-391x260.png 391w, https:\/\/alinvest-verde.eu\/wp-content\/uploads\/2024\/07\/image-18-18x12.png 18w\" sizes=\"(max-width: 571px) 100vw, 571px\" \/><\/figure>\n\n\n\n<p class=\"wp-block-paragraph\"><strong>First shipment of deforestation-free coffee from Brazil to Europe&nbsp;<\/strong><\/p>\n\n\n\n<p class=\"wp-block-paragraph\">As a result of the collaboration between the Government of Minas Gerais (Brazil), the Federal University of Minas Gerais and the Cooperative of Coffee Growers of Tr\u00eas Pontas, with the support of Component 2 of AL-INVEST Verde, the first shipment of coffee meeting the requirements of the European Regulation on Deforestation and Forest Degradation Free Products has been made to Europe. <strong><a href=\"https:\/\/alinvest-verde.eu\/en_gb\/primer-envio-de-cafe-libre-de-deforestacion-a-la-union-europea\/\"><strong>Read more<\/strong><\/a>.<\/strong><\/p>\n\n\n\n<figure class=\"wp-block-image size-full is-resized\"><img decoding=\"async\" width=\"571\" height=\"323\" src=\"https:\/\/alinvest-verde.eu\/wp-content\/uploads\/2024\/07\/image-19.png\" alt=\"\" class=\"wp-image-15057\" style=\"width:841px;height:auto\" srcset=\"https:\/\/alinvest-verde.eu\/wp-content\/uploads\/2024\/07\/image-19.png 571w, https:\/\/alinvest-verde.eu\/wp-content\/uploads\/2024\/07\/image-19-300x170.png 300w, https:\/\/alinvest-verde.eu\/wp-content\/uploads\/2024\/07\/image-19-18x10.png 18w\" sizes=\"(max-width: 571px) 100vw, 571px\" \/><\/figure>\n\n\n\n<p class=\"wp-block-paragraph\"><strong>Paraguay joins the DESIGNclass tool of the EUIPO<\/strong><\/p>\n\n\n\n<p class=\"wp-block-paragraph\">The National Directorate of Intellectual Property of Paraguay (DINAPI) has become part of DESIGNclass, a tool of the European Union Intellectual Property Office (EUIPO), by adopting and accepting the list of terms of the harmonised database of indications of products.<br>(HDBPI). DESIGNclass is a tool that allows users to search and translate product indications in 30 languages. The adoption of HDBPI by DINAPI is a tangible result of Component 3 of AL-INVEST Verde for Intellectual Property Rights (IPR), implemented by EUIPO. <a href=\"http:\/\/alinvest-verde.eu\/en_gb\/paraguay-se-integra-a-designclass\/\" target=\"_blank\" rel=\"noreferrer noopener\"><strong>Read more<\/strong><\/a>.<\/p>\n\n\n\n<p class=\"wp-block-paragraph\"><strong>AL-INVEST Verde TV&nbsp;<\/strong><\/p>\n\n\n\n<p class=\"wp-block-paragraph\"><strong>AL-INVEST Verde DPI Judges Network<\/strong><\/p>\n\n\n\n<p class=\"has-text-align-left wp-block-paragraph\">AL-INVEST Verde Component 3 for Intellectual Property Rights (IPR), implemented by the European Union Intellectual Property Office (EUIPO), presents a series of videos on its Judges' Network.<\/p>\n\n\n\n<figure class=\"wp-block-image size-full is-resized\"><img loading=\"lazy\" decoding=\"async\" width=\"330\" height=\"172\" src=\"https:\/\/alinvest-verde.eu\/wp-content\/uploads\/2024\/07\/image-20.png\" alt=\"\" class=\"wp-image-15058\" style=\"width:838px;height:auto\" srcset=\"https:\/\/alinvest-verde.eu\/wp-content\/uploads\/2024\/07\/image-20.png 330w, https:\/\/alinvest-verde.eu\/wp-content\/uploads\/2024\/07\/image-20-300x156.png 300w, https:\/\/alinvest-verde.eu\/wp-content\/uploads\/2024\/07\/image-20-18x9.png 18w\" sizes=\"(max-width: 330px) 100vw, 330px\" \/><\/figure>\n\n\n\n<p class=\"has-text-align-left wp-block-paragraph\"><strong>Virginia Melgar<\/strong>President of the Fifth Board of Appeal of the European Union Intellectual Property Office (EUIPO). <strong><a href=\"https:\/\/www.youtube.com\/watch?v=5N6vUTSBeNI\"><strong>See here<\/strong><\/a>.<\/strong><\/p>\n\n\n\n<figure class=\"wp-block-image size-full is-resized\"><img loading=\"lazy\" decoding=\"async\" width=\"336\" height=\"172\" src=\"https:\/\/alinvest-verde.eu\/wp-content\/uploads\/2024\/07\/image-21.png\" alt=\"\" class=\"wp-image-15059\" style=\"width:840px;height:auto\" srcset=\"https:\/\/alinvest-verde.eu\/wp-content\/uploads\/2024\/07\/image-21.png 336w, https:\/\/alinvest-verde.eu\/wp-content\/uploads\/2024\/07\/image-21-300x154.png 300w, https:\/\/alinvest-verde.eu\/wp-content\/uploads\/2024\/07\/image-21-18x9.png 18w\" sizes=\"(max-width: 336px) 100vw, 336px\" \/><\/figure>\n\n\n\n<p class=\"has-text-align-left wp-block-paragraph\"><strong>Judge \u00c1ngel Galgo Peco<\/strong>President of the 32nd Section of the Provincial Court of Madrid. <strong><a href=\"https:\/\/www.youtube.com\/watch?v=CMD__WIOvaE\"><strong>See here<\/strong><\/a>.<\/strong> <\/p>","protected":false},"excerpt":{"rendered":"<p>The July newsletter highlights the programme's work in the tourism and coffee sectors, as well as the management of intellectual property rights protection. <\/p>","protected":false},"featured_media":15066,"template":"","class_list":["post-15054","newslette","type-newslette","status-publish","has-post-thumbnail","hentry"],"yoast_head":"<!-- This site is optimized with the Yoast SEO plugin v28.4 - https:\/\/yoast.com\/product\/yoast-seo-wordpress\/ -->\n<title>Julio 2024 - Programme AL-INVEST Verde<\/title>\n<meta name=\"robots\" content=\"index, follow, max-snippet:-1, max-image-preview:large, max-video-preview:-1\" \/>\n<link rel=\"canonical\" href=\"https:\/\/alinvest-verde.eu\/en_gb\/newslette\/newsletter-julio-2\/\" \/>\n<meta property=\"og:locale\" content=\"en_GB\" \/>\n<meta property=\"og:type\" content=\"article\" \/>\n<meta property=\"og:title\" content=\"Julio 2024 - Programme AL-INVEST Verde\" \/>\n<meta property=\"og:description\" content=\"El bolet\u00edn del mes de julio, destaca el trabajo del programa en los sectores turismo y caf\u00e9; as\u00ed como la gesti\u00f3n de la protecci\u00f3n de los derechos de propiedad intelectual.\" \/>\n<meta property=\"og:url\" content=\"https:\/\/alinvest-verde.eu\/en_gb\/newslette\/newsletter-julio-2\/\" \/>\n<meta property=\"og:site_name\" content=\"Programme AL-INVEST Verde\" \/>\n<meta property=\"article:modified_time\" content=\"2024-07-30T18:46:00+00:00\" \/>\n<meta property=\"og:image\" content=\"https:\/\/alinvest-verde.eu\/wp-content\/uploads\/2024\/07\/imagenboletin.png\" \/>\n\t<meta property=\"og:image:width\" content=\"528\" \/>\n\t<meta property=\"og:image:height\" content=\"607\" \/>\n\t<meta property=\"og:image:type\" content=\"image\/png\" \/>\n<meta name=\"twitter:card\" content=\"summary_large_image\" \/>\n<meta name=\"twitter:label1\" content=\"Estimated reading time\" \/>\n\t<meta name=\"twitter:data1\" content=\"3 minutes\" \/>\n<script type=\"application\/ld+json\" class=\"yoast-schema-graph\">{\"@context\":\"https:\\\/\\\/schema.org\",\"@graph\":[{\"@type\":\"WebPage\",\"@id\":\"https:\\\/\\\/alinvest-verde.eu\\\/newslette\\\/newsletter-julio-2\\\/\",\"url\":\"https:\\\/\\\/alinvest-verde.eu\\\/newslette\\\/newsletter-julio-2\\\/\",\"name\":\"Julio 2024 - Programme AL-INVEST Verde\",\"isPartOf\":{\"@id\":\"https:\\\/\\\/alinvest-verde.eu\\\/#website\"},\"primaryImageOfPage\":{\"@id\":\"https:\\\/\\\/alinvest-verde.eu\\\/newslette\\\/newsletter-julio-2\\\/#primaryimage\"},\"image\":{\"@id\":\"https:\\\/\\\/alinvest-verde.eu\\\/newslette\\\/newsletter-julio-2\\\/#primaryimage\"},\"thumbnailUrl\":\"https:\\\/\\\/alinvest-verde.eu\\\/wp-content\\\/uploads\\\/2024\\\/07\\\/imagenboletin.png\",\"datePublished\":\"2024-07-30T18:28:03+00:00\",\"dateModified\":\"2024-07-30T18:46:00+00:00\",\"breadcrumb\":{\"@id\":\"https:\\\/\\\/alinvest-verde.eu\\\/newslette\\\/newsletter-julio-2\\\/#breadcrumb\"},\"inLanguage\":\"en-GB\",\"potentialAction\":[{\"@type\":\"ReadAction\",\"target\":[\"https:\\\/\\\/alinvest-verde.eu\\\/newslette\\\/newsletter-julio-2\\\/\"]}]},{\"@type\":\"ImageObject\",\"inLanguage\":\"en-GB\",\"@id\":\"https:\\\/\\\/alinvest-verde.eu\\\/newslette\\\/newsletter-julio-2\\\/#primaryimage\",\"url\":\"https:\\\/\\\/alinvest-verde.eu\\\/wp-content\\\/uploads\\\/2024\\\/07\\\/imagenboletin.png\",\"contentUrl\":\"https:\\\/\\\/alinvest-verde.eu\\\/wp-content\\\/uploads\\\/2024\\\/07\\\/imagenboletin.png\",\"width\":528,\"height\":607,\"caption\":\"El bolet\u00edn del mes de julio destaca el trabajo del programa en los sectores turismo y caf\u00e9, as\u00ed como el trabajo en materia de derechos de propiedad intelectual.\"},{\"@type\":\"BreadcrumbList\",\"@id\":\"https:\\\/\\\/alinvest-verde.eu\\\/newslette\\\/newsletter-julio-2\\\/#breadcrumb\",\"itemListElement\":[{\"@type\":\"ListItem\",\"position\":1,\"name\":\"Inicio\",\"item\":\"https:\\\/\\\/alinvest-verde.eu\\\/\"},{\"@type\":\"ListItem\",\"position\":2,\"name\":\"Julio 2024\"}]},{\"@type\":\"WebSite\",\"@id\":\"https:\\\/\\\/alinvest-verde.eu\\\/#website\",\"url\":\"https:\\\/\\\/alinvest-verde.eu\\\/\",\"name\":\"Programme AL-INVEST Verde\",\"description\":\"Building alliances with the private sector in LA and promote sustainable growth and jobs creation by supporting the transition towards a low-carbon, resource-efficient economy\",\"publisher\":{\"@id\":\"https:\\\/\\\/alinvest-verde.eu\\\/#organization\"},\"potentialAction\":[{\"@type\":\"SearchAction\",\"target\":{\"@type\":\"EntryPoint\",\"urlTemplate\":\"https:\\\/\\\/alinvest-verde.eu\\\/?s={search_term_string}\"},\"query-input\":{\"@type\":\"PropertyValueSpecification\",\"valueRequired\":true,\"valueName\":\"search_term_string\"}}],\"inLanguage\":\"en-GB\"},{\"@type\":\"Organization\",\"@id\":\"https:\\\/\\\/alinvest-verde.eu\\\/#organization\",\"name\":\"Programme AL-INVEST Verde\",\"url\":\"https:\\\/\\\/alinvest-verde.eu\\\/\",\"logo\":{\"@type\":\"ImageObject\",\"inLanguage\":\"en-GB\",\"@id\":\"https:\\\/\\\/alinvest-verde.eu\\\/#\\\/schema\\\/logo\\\/image\\\/\",\"url\":\"https:\\\/\\\/alinvest-verde.eu\\\/wp-content\\\/uploads\\\/2022\\\/01\\\/cropped-logo-financiado-por-la-UE.jpg\",\"contentUrl\":\"https:\\\/\\\/alinvest-verde.eu\\\/wp-content\\\/uploads\\\/2022\\\/01\\\/cropped-logo-financiado-por-la-UE.jpg\",\"width\":756,\"height\":216,\"caption\":\"Programme AL-INVEST Verde\"},\"image\":{\"@id\":\"https:\\\/\\\/alinvest-verde.eu\\\/#\\\/schema\\\/logo\\\/image\\\/\"}}]}<\/script>\n<!-- \/ Yoast SEO plugin. -->","yoast_head_json":{"title":"July 2024 - Programme AL-INVEST Verde","robots":{"index":"index","follow":"follow","max-snippet":"max-snippet:-1","max-image-preview":"max-image-preview:large","max-video-preview":"max-video-preview:-1"},"canonical":"https:\/\/alinvest-verde.eu\/en_gb\/newslette\/newsletter-julio-2\/","og_locale":"en_GB","og_type":"article","og_title":"Julio 2024 - Programme AL-INVEST Verde","og_description":"El bolet\u00edn del mes de julio, destaca el trabajo del programa en los sectores turismo y caf\u00e9; as\u00ed como la gesti\u00f3n de la protecci\u00f3n de los derechos de propiedad intelectual.","og_url":"https:\/\/alinvest-verde.eu\/en_gb\/newslette\/newsletter-julio-2\/","og_site_name":"Programme AL-INVEST Verde","article_modified_time":"2024-07-30T18:46:00+00:00","og_image":[{"width":528,"height":607,"url":"https:\/\/alinvest-verde.eu\/wp-content\/uploads\/2024\/07\/imagenboletin.png","type":"image\/png"}],"twitter_card":"summary_large_image","twitter_misc":{"Estimated reading time":"3 minutes"},"schema":{"@context":"https:\/\/schema.org","@graph":[{"@type":"WebPage","@id":"https:\/\/alinvest-verde.eu\/newslette\/newsletter-julio-2\/","url":"https:\/\/alinvest-verde.eu\/newslette\/newsletter-julio-2\/","name":"July 2024 - Programme AL-INVEST Verde","isPartOf":{"@id":"https:\/\/alinvest-verde.eu\/#website"},"primaryImageOfPage":{"@id":"https:\/\/alinvest-verde.eu\/newslette\/newsletter-julio-2\/#primaryimage"},"image":{"@id":"https:\/\/alinvest-verde.eu\/newslette\/newsletter-julio-2\/#primaryimage"},"thumbnailUrl":"https:\/\/alinvest-verde.eu\/wp-content\/uploads\/2024\/07\/imagenboletin.png","datePublished":"2024-07-30T18:28:03+00:00","dateModified":"2024-07-30T18:46:00+00:00","breadcrumb":{"@id":"https:\/\/alinvest-verde.eu\/newslette\/newsletter-julio-2\/#breadcrumb"},"inLanguage":"en-GB","potentialAction":[{"@type":"ReadAction","target":["https:\/\/alinvest-verde.eu\/newslette\/newsletter-julio-2\/"]}]},{"@type":"ImageObject","inLanguage":"en-GB","@id":"https:\/\/alinvest-verde.eu\/newslette\/newsletter-julio-2\/#primaryimage","url":"https:\/\/alinvest-verde.eu\/wp-content\/uploads\/2024\/07\/imagenboletin.png","contentUrl":"https:\/\/alinvest-verde.eu\/wp-content\/uploads\/2024\/07\/imagenboletin.png","width":528,"height":607,"caption":"El bolet\u00edn del mes de julio destaca el trabajo del programa en los sectores turismo y caf\u00e9, as\u00ed como el trabajo en materia de derechos de propiedad intelectual."},{"@type":"BreadcrumbList","@id":"https:\/\/alinvest-verde.eu\/newslette\/newsletter-julio-2\/#breadcrumb","itemListElement":[{"@type":"ListItem","position":1,"name":"Inicio","item":"https:\/\/alinvest-verde.eu\/"},{"@type":"ListItem","position":2,"name":"Julio 2024"}]},{"@type":"WebSite","@id":"https:\/\/alinvest-verde.eu\/#website","url":"https:\/\/alinvest-verde.eu\/","name":"Programme AL-INVEST Verde","description":"Building alliances with the private sector in LA and promote sustainable growth and jobs creation by supporting the transition towards a low-carbon, resource-efficient economy","publisher":{"@id":"https:\/\/alinvest-verde.eu\/#organization"},"potentialAction":[{"@type":"SearchAction","target":{"@type":"EntryPoint","urlTemplate":"https:\/\/alinvest-verde.eu\/?s={search_term_string}"},"query-input":{"@type":"PropertyValueSpecification","valueRequired":true,"valueName":"search_term_string"}}],"inLanguage":"en-GB"},{"@type":"Organization","@id":"https:\/\/alinvest-verde.eu\/#organization","name":"Programme AL-INVEST Verde","url":"https:\/\/alinvest-verde.eu\/","logo":{"@type":"ImageObject","inLanguage":"en-GB","@id":"https:\/\/alinvest-verde.eu\/#\/schema\/logo\/image\/","url":"https:\/\/alinvest-verde.eu\/wp-content\/uploads\/2022\/01\/cropped-logo-financiado-por-la-UE.jpg","contentUrl":"https:\/\/alinvest-verde.eu\/wp-content\/uploads\/2022\/01\/cropped-logo-financiado-por-la-UE.jpg","width":756,"height":216,"caption":"Programme AL-INVEST Verde"},"image":{"@id":"https:\/\/alinvest-verde.eu\/#\/schema\/logo\/image\/"}}]}},"_links":{"self":[{"href":"https:\/\/alinvest-verde.eu\/en_gb\/wp-json\/wp\/v2\/newslette\/15054","targetHints":{"allow":["GET"]}}],"collection":[{"href":"https:\/\/alinvest-verde.eu\/en_gb\/wp-json\/wp\/v2\/newslette"}],"about":[{"href":"https:\/\/alinvest-verde.eu\/en_gb\/wp-json\/wp\/v2\/types\/newslette"}],"version-history":[{"count":6,"href":"https:\/\/alinvest-verde.eu\/en_gb\/wp-json\/wp\/v2\/newslette\/15054\/revisions"}],"predecessor-version":[{"id":15069,"href":"https:\/\/alinvest-verde.eu\/en_gb\/wp-json\/wp\/v2\/newslette\/15054\/revisions\/15069"}],"wp:featuredmedia":[{"embeddable":true,"href":"https:\/\/alinvest-verde.eu\/en_gb\/wp-json\/wp\/v2\/media\/15066"}],"wp:attachment":[{"href":"https:\/\/alinvest-verde.eu\/en_gb\/wp-json\/wp\/v2\/media?parent=15054"}],"curies":[{"name":"wp","href":"https:\/\/api.w.org\/{rel}","templated":true}]}}