{"id":16369,"date":"2024-11-09T01:47:44","date_gmt":"2024-11-09T00:47:44","guid":{"rendered":"https:\/\/alinvest-verde.eu\/?post_type=newslette&#038;p=16369"},"modified":"2024-11-09T01:47:44","modified_gmt":"2024-11-09T00:47:44","slug":"octubre-2024","status":"publish","type":"newslette","link":"https:\/\/alinvest-verde.eu\/en_gb\/newslette\/octubre-2024\/","title":{"rendered":"October 2024"},"content":{"rendered":"<figure class=\"wp-block-image size-full is-resized\"><img fetchpriority=\"high\" decoding=\"async\" width=\"571\" height=\"428\" src=\"https:\/\/alinvest-verde.eu\/wp-content\/uploads\/2024\/11\/image.png\" alt=\"\" class=\"wp-image-16370\" style=\"width:840px;height:auto\" srcset=\"https:\/\/alinvest-verde.eu\/wp-content\/uploads\/2024\/11\/image.png 571w, https:\/\/alinvest-verde.eu\/wp-content\/uploads\/2024\/11\/image-300x225.png 300w, https:\/\/alinvest-verde.eu\/wp-content\/uploads\/2024\/11\/image-16x12.png 16w\" sizes=\"(max-width: 571px) 100vw, 571px\" \/><\/figure>\n\n\n\n<p class=\"wp-block-paragraph\"><strong>AL-INVEST Verde drives the transition to sustainability at COP16 in Colombia<\/strong>\u00a0\u00a0<\/p>\n\n\n\n<p class=\"wp-block-paragraph\">AL-INVEST Verde participated in the Conference of the Parties on Biodiversity, COP16, which took place in Cali (Colombia) from 21 October to 1 November. The programme, which promotes sustainability and green transition in Latin America, <strong>organised three events on coffee, cocoa and beef cattle<\/strong>... <strong><a href=\"https:\/\/alinvest-verde.eu\/en_gb\/al-invest-verde-impulsa-la-transicion-hacia-la-sostenibilidad-en-la-cop16-en-colombia\/\"><strong>Read more<\/strong><\/a>.\u00a0<\/strong><\/p>\n\n\n\n<p class=\"wp-block-paragraph\"><strong>Side events in the European Union Pavilion \u00a0<\/strong><\/p>\n\n\n\n<figure class=\"wp-block-image size-large\"><img decoding=\"async\" width=\"1024\" height=\"683\" src=\"https:\/\/alinvest-verde.eu\/wp-content\/uploads\/2024\/10\/AIV-en-la-COP16-1024x683.png\" alt=\"\" class=\"wp-image-16186\" srcset=\"https:\/\/alinvest-verde.eu\/wp-content\/uploads\/2024\/10\/AIV-en-la-COP16-1024x683.png 1024w, https:\/\/alinvest-verde.eu\/wp-content\/uploads\/2024\/10\/AIV-en-la-COP16-300x200.png 300w, https:\/\/alinvest-verde.eu\/wp-content\/uploads\/2024\/10\/AIV-en-la-COP16-768x512.png 768w, https:\/\/alinvest-verde.eu\/wp-content\/uploads\/2024\/10\/AIV-en-la-COP16-391x260.png 391w, https:\/\/alinvest-verde.eu\/wp-content\/uploads\/2024\/10\/AIV-en-la-COP16-18x12.png 18w, https:\/\/alinvest-verde.eu\/wp-content\/uploads\/2024\/10\/AIV-en-la-COP16.png 1500w\" sizes=\"(max-width: 1024px) 100vw, 1024px\" \/><\/figure>\n\n\n\n<ul class=\"wp-block-list\">\n<li><a href=\"https:\/\/youtu.be\/VapL90IWuyo?list=PLb8IUTKTakXN4fdRa4T9R92id6G49_uzh&amp;t=1\">Sustainability and valorisation of the coffee value chain and its interaction with ecosystems<\/a>.\u00a0<\/li>\n\n\n\n<li><a href=\"https:\/\/youtu.be\/CxyIQOrXyZc?list=PLb8IUTKTakXN4fdRa4T9R92id6G49_uzh&amp;t=4\">Sustainability and valorisation of the cocoa value chain and its contributions to forest protection<\/a>.<\/li>\n\n\n\n<li><a href=\"https:\/\/youtu.be\/ZsZH7LtChFM?list=PLb8IUTKTakXN4fdRa4T9R92id6G49_uzh\">Multilateral initiatives to promote sustainable livestock farming in areas of high biodiversity in Latin America<\/a>. <\/li>\n<\/ul>\n\n\n\n<figure class=\"wp-block-image size-full is-resized\"><img decoding=\"async\" width=\"571\" height=\"371\" src=\"https:\/\/alinvest-verde.eu\/wp-content\/uploads\/2024\/11\/image-1.png\" alt=\"\" class=\"wp-image-16371\" style=\"width:840px;height:auto\" srcset=\"https:\/\/alinvest-verde.eu\/wp-content\/uploads\/2024\/11\/image-1.png 571w, https:\/\/alinvest-verde.eu\/wp-content\/uploads\/2024\/11\/image-1-300x195.png 300w, https:\/\/alinvest-verde.eu\/wp-content\/uploads\/2024\/11\/image-1-18x12.png 18w\" sizes=\"(max-width: 571px) 100vw, 571px\" \/><\/figure>\n\n\n\n<p class=\"wp-block-paragraph\"><strong>Ecuador hosts the closing of the \"Dialogues on sustainable cocoa\" cycle<\/strong><\/p>\n\n\n\n<p class=\"wp-block-paragraph\">On 1 October, the event was held in Quito. <strong>\"Integrated solutions for sustainable cocoa for the European market\".<\/strong>organised by AL-INVEST Verde, in collaboration with the German Cooperation-GIZ Ecuador and the Delegation of the European Union in Ecuador. Subsequently, on 2 and 3 October, workshops were organised with authorities, international experts, key representatives of the public sector, private sector and associations, among others, from more than ten Latin American and European countries... <strong><a href=\"https:\/\/alinvest-verde.eu\/en_gb\/ecuador-acoge-el-cierre-del-ciclo-dialogos-sobre-cacao-sostenible\/\"><strong>Read more<\/strong><\/a>.<\/strong><\/p>\n\n\n\n<figure class=\"wp-block-image size-full is-resized\"><img loading=\"lazy\" decoding=\"async\" width=\"571\" height=\"381\" src=\"https:\/\/alinvest-verde.eu\/wp-content\/uploads\/2024\/11\/image-2.png\" alt=\"\" class=\"wp-image-16372\" style=\"width:840px;height:auto\" srcset=\"https:\/\/alinvest-verde.eu\/wp-content\/uploads\/2024\/11\/image-2.png 571w, https:\/\/alinvest-verde.eu\/wp-content\/uploads\/2024\/11\/image-2-300x200.png 300w, https:\/\/alinvest-verde.eu\/wp-content\/uploads\/2024\/11\/image-2-391x260.png 391w, https:\/\/alinvest-verde.eu\/wp-content\/uploads\/2024\/11\/image-2-18x12.png 18w\" sizes=\"(max-width: 571px) 100vw, 571px\" \/><\/figure>\n\n\n\n<p class=\"wp-block-paragraph\"><strong>Lima Chamber of Commerce, member of the AL-INVEST Verde Consortium, receives recognition for its outstanding environmental commitment<\/strong><\/p>\n\n\n\n<p class=\"wp-block-paragraph\">The Lima Chamber of Commerce has recently been awarded the \"Carbon Footprint Award for Environmental Sustainability - Level 4\" by the Ministry of Environment, in recognition of its outstanding efforts in reducing greenhouse gases. This achievement is particularly relevant in the context of the AL-INVEST Verde programme, funded by the European Union, which aims to promote sustainable business practices and support small and medium-sized enterprises in Latin America to adopt innovative environmental solutions... <strong><a href=\"https:\/\/alinvest-verde.eu\/en_gb\/camara-de-comercio-de-lima-miembro-del-consorcio-al-invest-verde-obtiene-reconocimiento-por-su-excepcional-compromiso-ambiental\/\"><strong>Read more<\/strong><\/a>.<\/strong><\/p>\n\n\n\n<figure class=\"wp-block-image size-full is-resized\"><img loading=\"lazy\" decoding=\"async\" width=\"571\" height=\"322\" src=\"https:\/\/alinvest-verde.eu\/wp-content\/uploads\/2024\/11\/image-3.png\" alt=\"\" class=\"wp-image-16373\" style=\"width:840px;height:auto\" srcset=\"https:\/\/alinvest-verde.eu\/wp-content\/uploads\/2024\/11\/image-3.png 571w, https:\/\/alinvest-verde.eu\/wp-content\/uploads\/2024\/11\/image-3-300x169.png 300w, https:\/\/alinvest-verde.eu\/wp-content\/uploads\/2024\/11\/image-3-18x10.png 18w\" sizes=\"(max-width: 571px) 100vw, 571px\" \/><\/figure>\n\n\n\n<p class=\"wp-block-paragraph\"><strong>Recordings of two key events on intellectual property and sustainability<\/strong><\/p>\n\n\n\n<p class=\"wp-block-paragraph\">Recordings are now available of two key events organised in September 2024 in the framework of Component 3 for Intellectual Property Rights, AL-INVEST Verde IPR, implemented by the European Union Intellectual Property Office, EUIPO. \"Harnessing Intellectual Property for Sustainable Growth and Competitiveness\" and \"<em>G<\/em>reen Gateway: using IP to promote sustainable trade between Brazil and the European Union\"... <strong><a href=\"https:\/\/alinvest-verde.eu\/en_gb\/disponibles-las-grabaciones-de-dos-eventos-clave-sobre-pi-y-sostenibilidad\/\"><strong>Read more<\/strong><\/a>.\u00a0<\/strong><\/p>\n\n\n\n<figure class=\"wp-block-image size-large\"><img loading=\"lazy\" decoding=\"async\" width=\"1024\" height=\"535\" src=\"https:\/\/alinvest-verde.eu\/wp-content\/uploads\/2024\/11\/Webinar-reglamento-europeo_LinkedIn-1024x535.png\" alt=\"\" class=\"wp-image-16352\" srcset=\"https:\/\/alinvest-verde.eu\/wp-content\/uploads\/2024\/11\/Webinar-reglamento-europeo_LinkedIn-1024x535.png 1024w, https:\/\/alinvest-verde.eu\/wp-content\/uploads\/2024\/11\/Webinar-reglamento-europeo_LinkedIn-300x157.png 300w, https:\/\/alinvest-verde.eu\/wp-content\/uploads\/2024\/11\/Webinar-reglamento-europeo_LinkedIn-768x401.png 768w, https:\/\/alinvest-verde.eu\/wp-content\/uploads\/2024\/11\/Webinar-reglamento-europeo_LinkedIn-18x9.png 18w, https:\/\/alinvest-verde.eu\/wp-content\/uploads\/2024\/11\/Webinar-reglamento-europeo_LinkedIn.png 1200w\" sizes=\"(max-width: 1024px) 100vw, 1024px\" \/><\/figure>\n\n\n\n<p class=\"wp-block-paragraph\"><strong>EUDR Webinar\u00a0<\/strong><\/p>\n\n\n\n<p class=\"wp-block-paragraph\"><strong><a href=\"https:\/\/alinvest-verde.eu\/en_gb\/agenda-verde\/reglamento-europeo-contra-la-deforestacion-european-deforestation-regulation-eudr\/\"><strong>Further information\u00a0<\/strong><\/a><\/strong><\/p>\n\n\n\n<figure class=\"wp-block-image size-full is-resized\"><img loading=\"lazy\" decoding=\"async\" width=\"571\" height=\"107\" src=\"https:\/\/alinvest-verde.eu\/wp-content\/uploads\/2024\/11\/image-4.png\" alt=\"\" class=\"wp-image-16374\" style=\"width:840px;height:auto\" srcset=\"https:\/\/alinvest-verde.eu\/wp-content\/uploads\/2024\/11\/image-4.png 571w, https:\/\/alinvest-verde.eu\/wp-content\/uploads\/2024\/11\/image-4-300x56.png 300w, https:\/\/alinvest-verde.eu\/wp-content\/uploads\/2024\/11\/image-4-18x3.png 18w\" sizes=\"(max-width: 571px) 100vw, 571px\" \/><\/figure>","protected":false},"excerpt":{"rendered":"<p>The October newsletter highlights the Programme's participation during the COP on Biodiversity in Cali, Colombia with its side events on coffee, cocoa and livestock at the EU Pavilion. <\/p>","protected":false},"featured_media":16376,"template":"","class_list":["post-16369","newslette","type-newslette","status-publish","has-post-thumbnail","hentry"],"yoast_head":"<!-- This site is optimized with the Yoast SEO plugin v28.4 - https:\/\/yoast.com\/product\/yoast-seo-wordpress\/ -->\n<title>Octubre 2024 - Programme AL-INVEST Verde<\/title>\n<meta name=\"robots\" content=\"index, follow, max-snippet:-1, max-image-preview:large, max-video-preview:-1\" \/>\n<link rel=\"canonical\" href=\"https:\/\/alinvest-verde.eu\/en_gb\/newslette\/octubre-2024\/\" \/>\n<meta property=\"og:locale\" content=\"en_GB\" \/>\n<meta property=\"og:type\" content=\"article\" \/>\n<meta property=\"og:title\" content=\"Octubre 2024 - Programme AL-INVEST Verde\" \/>\n<meta property=\"og:description\" content=\"El bolet\u00edn del mes de octubre destaca la participaci\u00f3n del Programa durante la COP de la Biodiversidad en Cali, Colombia con sus eventos paralelos sobre caf\u00e9, cacao y ganader\u00eda en el Pabell\u00f3n de la Uni\u00f3n Europea.\" \/>\n<meta property=\"og:url\" content=\"https:\/\/alinvest-verde.eu\/en_gb\/newslette\/octubre-2024\/\" \/>\n<meta property=\"og:site_name\" content=\"Programme AL-INVEST Verde\" \/>\n<meta property=\"og:image\" content=\"https:\/\/alinvest-verde.eu\/wp-content\/uploads\/2024\/11\/Imagennews.jpg\" \/>\n\t<meta property=\"og:image:width\" content=\"745\" \/>\n\t<meta property=\"og:image:height\" content=\"630\" \/>\n\t<meta property=\"og:image:type\" content=\"image\/jpeg\" \/>\n<meta name=\"twitter:card\" content=\"summary_large_image\" \/>\n<meta name=\"twitter:label1\" content=\"Estimated reading time\" \/>\n\t<meta name=\"twitter:data1\" content=\"4 minutes\" \/>\n<script type=\"application\/ld+json\" class=\"yoast-schema-graph\">{\"@context\":\"https:\\\/\\\/schema.org\",\"@graph\":[{\"@type\":\"WebPage\",\"@id\":\"https:\\\/\\\/alinvest-verde.eu\\\/newslette\\\/octubre-2024\\\/\",\"url\":\"https:\\\/\\\/alinvest-verde.eu\\\/newslette\\\/octubre-2024\\\/\",\"name\":\"Octubre 2024 - Programme AL-INVEST Verde\",\"isPartOf\":{\"@id\":\"https:\\\/\\\/alinvest-verde.eu\\\/#website\"},\"primaryImageOfPage\":{\"@id\":\"https:\\\/\\\/alinvest-verde.eu\\\/newslette\\\/octubre-2024\\\/#primaryimage\"},\"image\":{\"@id\":\"https:\\\/\\\/alinvest-verde.eu\\\/newslette\\\/octubre-2024\\\/#primaryimage\"},\"thumbnailUrl\":\"https:\\\/\\\/alinvest-verde.eu\\\/wp-content\\\/uploads\\\/2024\\\/11\\\/Imagennews.jpg\",\"datePublished\":\"2024-11-09T00:47:44+00:00\",\"breadcrumb\":{\"@id\":\"https:\\\/\\\/alinvest-verde.eu\\\/newslette\\\/octubre-2024\\\/#breadcrumb\"},\"inLanguage\":\"en-GB\",\"potentialAction\":[{\"@type\":\"ReadAction\",\"target\":[\"https:\\\/\\\/alinvest-verde.eu\\\/newslette\\\/octubre-2024\\\/\"]}]},{\"@type\":\"ImageObject\",\"inLanguage\":\"en-GB\",\"@id\":\"https:\\\/\\\/alinvest-verde.eu\\\/newslette\\\/octubre-2024\\\/#primaryimage\",\"url\":\"https:\\\/\\\/alinvest-verde.eu\\\/wp-content\\\/uploads\\\/2024\\\/11\\\/Imagennews.jpg\",\"contentUrl\":\"https:\\\/\\\/alinvest-verde.eu\\\/wp-content\\\/uploads\\\/2024\\\/11\\\/Imagennews.jpg\",\"width\":745,\"height\":630},{\"@type\":\"BreadcrumbList\",\"@id\":\"https:\\\/\\\/alinvest-verde.eu\\\/newslette\\\/octubre-2024\\\/#breadcrumb\",\"itemListElement\":[{\"@type\":\"ListItem\",\"position\":1,\"name\":\"Inicio\",\"item\":\"https:\\\/\\\/alinvest-verde.eu\\\/\"},{\"@type\":\"ListItem\",\"position\":2,\"name\":\"Octubre 2024\"}]},{\"@type\":\"WebSite\",\"@id\":\"https:\\\/\\\/alinvest-verde.eu\\\/#website\",\"url\":\"https:\\\/\\\/alinvest-verde.eu\\\/\",\"name\":\"Programme AL-INVEST Verde\",\"description\":\"Building alliances with the private sector in LA and promote sustainable growth and jobs creation by supporting the transition towards a low-carbon, resource-efficient economy\",\"publisher\":{\"@id\":\"https:\\\/\\\/alinvest-verde.eu\\\/#organization\"},\"potentialAction\":[{\"@type\":\"SearchAction\",\"target\":{\"@type\":\"EntryPoint\",\"urlTemplate\":\"https:\\\/\\\/alinvest-verde.eu\\\/?s={search_term_string}\"},\"query-input\":{\"@type\":\"PropertyValueSpecification\",\"valueRequired\":true,\"valueName\":\"search_term_string\"}}],\"inLanguage\":\"en-GB\"},{\"@type\":\"Organization\",\"@id\":\"https:\\\/\\\/alinvest-verde.eu\\\/#organization\",\"name\":\"Programme AL-INVEST Verde\",\"url\":\"https:\\\/\\\/alinvest-verde.eu\\\/\",\"logo\":{\"@type\":\"ImageObject\",\"inLanguage\":\"en-GB\",\"@id\":\"https:\\\/\\\/alinvest-verde.eu\\\/#\\\/schema\\\/logo\\\/image\\\/\",\"url\":\"https:\\\/\\\/alinvest-verde.eu\\\/wp-content\\\/uploads\\\/2022\\\/01\\\/cropped-logo-financiado-por-la-UE.jpg\",\"contentUrl\":\"https:\\\/\\\/alinvest-verde.eu\\\/wp-content\\\/uploads\\\/2022\\\/01\\\/cropped-logo-financiado-por-la-UE.jpg\",\"width\":756,\"height\":216,\"caption\":\"Programme AL-INVEST Verde\"},\"image\":{\"@id\":\"https:\\\/\\\/alinvest-verde.eu\\\/#\\\/schema\\\/logo\\\/image\\\/\"}}]}<\/script>\n<!-- \/ Yoast SEO plugin. -->","yoast_head_json":{"title":"October 2024 - Programme AL-INVEST Verde","robots":{"index":"index","follow":"follow","max-snippet":"max-snippet:-1","max-image-preview":"max-image-preview:large","max-video-preview":"max-video-preview:-1"},"canonical":"https:\/\/alinvest-verde.eu\/en_gb\/newslette\/octubre-2024\/","og_locale":"en_GB","og_type":"article","og_title":"Octubre 2024 - Programme AL-INVEST Verde","og_description":"El bolet\u00edn del mes de octubre destaca la participaci\u00f3n del Programa durante la COP de la Biodiversidad en Cali, Colombia con sus eventos paralelos sobre caf\u00e9, cacao y ganader\u00eda en el Pabell\u00f3n de la Uni\u00f3n Europea.","og_url":"https:\/\/alinvest-verde.eu\/en_gb\/newslette\/octubre-2024\/","og_site_name":"Programme AL-INVEST Verde","og_image":[{"width":745,"height":630,"url":"https:\/\/alinvest-verde.eu\/wp-content\/uploads\/2024\/11\/Imagennews.jpg","type":"image\/jpeg"}],"twitter_card":"summary_large_image","twitter_misc":{"Estimated reading time":"4 minutes"},"schema":{"@context":"https:\/\/schema.org","@graph":[{"@type":"WebPage","@id":"https:\/\/alinvest-verde.eu\/newslette\/octubre-2024\/","url":"https:\/\/alinvest-verde.eu\/newslette\/octubre-2024\/","name":"October 2024 - Programme AL-INVEST Verde","isPartOf":{"@id":"https:\/\/alinvest-verde.eu\/#website"},"primaryImageOfPage":{"@id":"https:\/\/alinvest-verde.eu\/newslette\/octubre-2024\/#primaryimage"},"image":{"@id":"https:\/\/alinvest-verde.eu\/newslette\/octubre-2024\/#primaryimage"},"thumbnailUrl":"https:\/\/alinvest-verde.eu\/wp-content\/uploads\/2024\/11\/Imagennews.jpg","datePublished":"2024-11-09T00:47:44+00:00","breadcrumb":{"@id":"https:\/\/alinvest-verde.eu\/newslette\/octubre-2024\/#breadcrumb"},"inLanguage":"en-GB","potentialAction":[{"@type":"ReadAction","target":["https:\/\/alinvest-verde.eu\/newslette\/octubre-2024\/"]}]},{"@type":"ImageObject","inLanguage":"en-GB","@id":"https:\/\/alinvest-verde.eu\/newslette\/octubre-2024\/#primaryimage","url":"https:\/\/alinvest-verde.eu\/wp-content\/uploads\/2024\/11\/Imagennews.jpg","contentUrl":"https:\/\/alinvest-verde.eu\/wp-content\/uploads\/2024\/11\/Imagennews.jpg","width":745,"height":630},{"@type":"BreadcrumbList","@id":"https:\/\/alinvest-verde.eu\/newslette\/octubre-2024\/#breadcrumb","itemListElement":[{"@type":"ListItem","position":1,"name":"Inicio","item":"https:\/\/alinvest-verde.eu\/"},{"@type":"ListItem","position":2,"name":"Octubre 2024"}]},{"@type":"WebSite","@id":"https:\/\/alinvest-verde.eu\/#website","url":"https:\/\/alinvest-verde.eu\/","name":"Programme AL-INVEST Verde","description":"Building alliances with the private sector in LA and promote sustainable growth and jobs creation by supporting the transition towards a low-carbon, resource-efficient economy","publisher":{"@id":"https:\/\/alinvest-verde.eu\/#organization"},"potentialAction":[{"@type":"SearchAction","target":{"@type":"EntryPoint","urlTemplate":"https:\/\/alinvest-verde.eu\/?s={search_term_string}"},"query-input":{"@type":"PropertyValueSpecification","valueRequired":true,"valueName":"search_term_string"}}],"inLanguage":"en-GB"},{"@type":"Organization","@id":"https:\/\/alinvest-verde.eu\/#organization","name":"Programme AL-INVEST Verde","url":"https:\/\/alinvest-verde.eu\/","logo":{"@type":"ImageObject","inLanguage":"en-GB","@id":"https:\/\/alinvest-verde.eu\/#\/schema\/logo\/image\/","url":"https:\/\/alinvest-verde.eu\/wp-content\/uploads\/2022\/01\/cropped-logo-financiado-por-la-UE.jpg","contentUrl":"https:\/\/alinvest-verde.eu\/wp-content\/uploads\/2022\/01\/cropped-logo-financiado-por-la-UE.jpg","width":756,"height":216,"caption":"Programme AL-INVEST Verde"},"image":{"@id":"https:\/\/alinvest-verde.eu\/#\/schema\/logo\/image\/"}}]}},"_links":{"self":[{"href":"https:\/\/alinvest-verde.eu\/en_gb\/wp-json\/wp\/v2\/newslette\/16369","targetHints":{"allow":["GET"]}}],"collection":[{"href":"https:\/\/alinvest-verde.eu\/en_gb\/wp-json\/wp\/v2\/newslette"}],"about":[{"href":"https:\/\/alinvest-verde.eu\/en_gb\/wp-json\/wp\/v2\/types\/newslette"}],"version-history":[{"count":2,"href":"https:\/\/alinvest-verde.eu\/en_gb\/wp-json\/wp\/v2\/newslette\/16369\/revisions"}],"predecessor-version":[{"id":16377,"href":"https:\/\/alinvest-verde.eu\/en_gb\/wp-json\/wp\/v2\/newslette\/16369\/revisions\/16377"}],"wp:featuredmedia":[{"embeddable":true,"href":"https:\/\/alinvest-verde.eu\/en_gb\/wp-json\/wp\/v2\/media\/16376"}],"wp:attachment":[{"href":"https:\/\/alinvest-verde.eu\/en_gb\/wp-json\/wp\/v2\/media?parent=16369"}],"curies":[{"name":"wp","href":"https:\/\/api.w.org\/{rel}","templated":true}]}}