{"id":20056,"date":"2025-12-11T22:17:58","date_gmt":"2025-12-11T21:17:58","guid":{"rendered":"https:\/\/alinvest-verde.eu\/?post_type=newslette&#038;p=20056"},"modified":"2025-12-11T22:23:18","modified_gmt":"2025-12-11T21:23:18","slug":"noviembre-diciembre-2025","status":"publish","type":"newslette","link":"https:\/\/alinvest-verde.eu\/en_gb\/newslette\/noviembre-diciembre-2025\/","title":{"rendered":"November \u2013 December 2025"},"content":{"rendered":"<figure class=\"wp-block-image size-large\"><img fetchpriority=\"high\" decoding=\"async\" width=\"1024\" height=\"576\" src=\"https:\/\/alinvest-verde.eu\/wp-content\/uploads\/2025\/12\/image-1024x576.png\" alt=\"\" class=\"wp-image-20057\" srcset=\"https:\/\/alinvest-verde.eu\/wp-content\/uploads\/2025\/12\/image-1024x576.png 1024w, https:\/\/alinvest-verde.eu\/wp-content\/uploads\/2025\/12\/image-300x169.png 300w, https:\/\/alinvest-verde.eu\/wp-content\/uploads\/2025\/12\/image-768x432.png 768w, https:\/\/alinvest-verde.eu\/wp-content\/uploads\/2025\/12\/image-18x10.png 18w, https:\/\/alinvest-verde.eu\/wp-content\/uploads\/2025\/12\/image.png 1348w\" sizes=\"(max-width: 1024px) 100vw, 1024px\" \/><\/figure>\n\n\n\n<p class=\"wp-block-paragraph\"><strong>AL-INVEST Verde present at the 7th European Parliament of Companies<\/strong><\/p>\n\n\n\n<p class=\"wp-block-paragraph\">The event brought together representatives from the private sector across Europe and Latin America to discuss the challenges and opportunities of sustainable trade and business cooperation. The Programme's presence allowed for the sharing of progress made in strengthening Latin American SMEs and promoting more sustainable and competitive business practices. More than 700 entrepreneurs from 43 countries attended the European Parliament's Hemicycle in Brussels, where they were welcomed by the Vice-President of the Parliament, Victor Negrescu. <a href=\"https:\/\/alinvest-verde.eu\/en_gb\/al-invest-verde-presente-en-el-7o-parlamento-europeo-de-empresas\/\">Read full story<\/a>. <\/p>\n\n\n\n<figure class=\"wp-block-image size-large\"><img decoding=\"async\" width=\"1024\" height=\"583\" src=\"https:\/\/alinvest-verde.eu\/wp-content\/uploads\/2025\/12\/image-1-1024x583.png\" alt=\"\" class=\"wp-image-20058\" srcset=\"https:\/\/alinvest-verde.eu\/wp-content\/uploads\/2025\/12\/image-1-1024x583.png 1024w, https:\/\/alinvest-verde.eu\/wp-content\/uploads\/2025\/12\/image-1-300x171.png 300w, https:\/\/alinvest-verde.eu\/wp-content\/uploads\/2025\/12\/image-1-768x437.png 768w, https:\/\/alinvest-verde.eu\/wp-content\/uploads\/2025\/12\/image-1-18x10.png 18w, https:\/\/alinvest-verde.eu\/wp-content\/uploads\/2025\/12\/image-1.png 1292w\" sizes=\"(max-width: 1024px) 100vw, 1024px\" \/><\/figure>\n\n\n\n<p class=\"wp-block-paragraph\"><strong>Representatives from more than 14 countries attend the IV EU-LAC Agri-Food Dialogue in Brasilia<\/strong><\/p>\n\n\n\n<p class=\"wp-block-paragraph\">On 2 and 3 December, Brasilia hosted the 4th EU-LAC Agri-Food Dialogue, organised by AL-INVEST Verde in collaboration with the Inter-American Institute for Cooperation on Agriculture (IICA). The event was held under the title \u201cWater and agriculture in transition: towards sustainable and resilient management in the EU and LAC\u201d. <a href=\"https:\/\/alinvest-verde.eu\/en_gb\/representantes-de-mas-de-20-paises-asisten-en-brasilia-al-iv-dialogo-agroalimentarios-ue-alc\/\">Read full story<\/a>.<\/p>\n\n\n\n<figure class=\"wp-block-image size-large\"><img decoding=\"async\" width=\"1024\" height=\"576\" src=\"https:\/\/alinvest-verde.eu\/wp-content\/uploads\/2025\/12\/image-2-1024x576.png\" alt=\"\" class=\"wp-image-20059\" srcset=\"https:\/\/alinvest-verde.eu\/wp-content\/uploads\/2025\/12\/image-2-1024x576.png 1024w, https:\/\/alinvest-verde.eu\/wp-content\/uploads\/2025\/12\/image-2-300x169.png 300w, https:\/\/alinvest-verde.eu\/wp-content\/uploads\/2025\/12\/image-2-768x432.png 768w, https:\/\/alinvest-verde.eu\/wp-content\/uploads\/2025\/12\/image-2-1536x864.png 1536w, https:\/\/alinvest-verde.eu\/wp-content\/uploads\/2025\/12\/image-2-18x10.png 18w, https:\/\/alinvest-verde.eu\/wp-content\/uploads\/2025\/12\/image-2.png 1920w\" sizes=\"(max-width: 1024px) 100vw, 1024px\" \/><\/figure>\n\n\n\n<p class=\"wp-block-paragraph\"><strong>Closing workshop on intellectual property mentoring for VISEC Argentina<\/strong><\/p>\n\n\n\n<p class=\"wp-block-paragraph\">On 31 October, the closing event of the VISEC (Sectoral Vision of the Gran Chaco) mentoring, developed by Component 3 for Intellectual Property Rights, implemented by the European Union Intellectual Property Office (EUIPO), took place. The initiative sought to strengthen the soybean and beef value chains in Argentina through the strategic use of intellectual property (IP), aligned with the sustainability requirements of the European Union. <a href=\"https:\/\/alinvest-verde.eu\/en_gb\/taller-de-cierre-de-la-mentoria-en-propiedad-intelectual-para-visec-argentina\/\">Read full story<\/a>. <\/p>\n\n\n\n<figure class=\"wp-block-image size-large\"><img loading=\"lazy\" decoding=\"async\" width=\"1024\" height=\"606\" src=\"https:\/\/alinvest-verde.eu\/wp-content\/uploads\/2025\/12\/image-3-1024x606.png\" alt=\"\" class=\"wp-image-20060\" srcset=\"https:\/\/alinvest-verde.eu\/wp-content\/uploads\/2025\/12\/image-3-1024x606.png 1024w, https:\/\/alinvest-verde.eu\/wp-content\/uploads\/2025\/12\/image-3-300x177.png 300w, https:\/\/alinvest-verde.eu\/wp-content\/uploads\/2025\/12\/image-3-768x454.png 768w, https:\/\/alinvest-verde.eu\/wp-content\/uploads\/2025\/12\/image-3-18x12.png 18w, https:\/\/alinvest-verde.eu\/wp-content\/uploads\/2025\/12\/image-3.png 1280w\" sizes=\"(max-width: 1024px) 100vw, 1024px\" \/><\/figure>\n\n\n\n<p class=\"wp-block-paragraph\"><strong>Presented at COP SeloVerde, a platform that supports AL-INVEST Verde in Brazil<\/strong><\/p>\n\n\n\n<p class=\"wp-block-paragraph\">The European Union ambassador to Brazil, Marian Schuegraf, attended alongside representatives from the Federal University of Minas Gerais (UFMG) and the states participating in this system. <a href=\"https:\/\/alinvest-verde.eu\/en_gb\/la-plataforma-de-trazabilidad-seloverde-apoyada-por-al-invest-verde-en-brasil-se-presenta-en-la-cop30\/\">Read more<\/a>. <\/p>\n\n\n\n<figure class=\"wp-block-image size-large\"><img loading=\"lazy\" decoding=\"async\" width=\"1024\" height=\"768\" src=\"https:\/\/alinvest-verde.eu\/wp-content\/uploads\/2025\/12\/image-4-1024x768.png\" alt=\"\" class=\"wp-image-20061\" srcset=\"https:\/\/alinvest-verde.eu\/wp-content\/uploads\/2025\/12\/image-4-1024x768.png 1024w, https:\/\/alinvest-verde.eu\/wp-content\/uploads\/2025\/12\/image-4-300x225.png 300w, https:\/\/alinvest-verde.eu\/wp-content\/uploads\/2025\/12\/image-4-768x576.png 768w, https:\/\/alinvest-verde.eu\/wp-content\/uploads\/2025\/12\/image-4-1536x1152.png 1536w, https:\/\/alinvest-verde.eu\/wp-content\/uploads\/2025\/12\/image-4-2048x1536.png 2048w, https:\/\/alinvest-verde.eu\/wp-content\/uploads\/2025\/12\/image-4-16x12.png 16w\" sizes=\"(max-width: 1024px) 100vw, 1024px\" \/><\/figure>\n\n\n\n<p class=\"wp-block-paragraph\"><strong>Presence of SMEs at the LAC-EU Business Forum promotes business connections<\/strong><\/p>\n\n\n\n<p class=\"wp-block-paragraph\">Component 1 of the programme was represented at the LAC-EU Business Forum, which took place within the framework of the 2025 EU-CELAC Summit, through the participation of its beneficiary SMEs. <a href=\"https:\/\/alinvest-verde.eu\/en_gb\/presencia-de-pymes-en-el-foro-empresarial-alc-ue-en-el-marco-de-la-cumbre-celac-ue-impulsa-el-intercambio-y-la-conexion-empresarial\/\">Read more<\/a>. <\/p>\n\n\n\n<figure class=\"wp-block-image size-large\"><img loading=\"lazy\" decoding=\"async\" width=\"1024\" height=\"682\" src=\"https:\/\/alinvest-verde.eu\/wp-content\/uploads\/2025\/12\/image-5-1024x682.png\" alt=\"\" class=\"wp-image-20062\" srcset=\"https:\/\/alinvest-verde.eu\/wp-content\/uploads\/2025\/12\/image-5-1024x682.png 1024w, https:\/\/alinvest-verde.eu\/wp-content\/uploads\/2025\/12\/image-5-300x200.png 300w, https:\/\/alinvest-verde.eu\/wp-content\/uploads\/2025\/12\/image-5-768x512.png 768w, https:\/\/alinvest-verde.eu\/wp-content\/uploads\/2025\/12\/image-5-391x260.png 391w, https:\/\/alinvest-verde.eu\/wp-content\/uploads\/2025\/12\/image-5-1536x1023.png 1536w, https:\/\/alinvest-verde.eu\/wp-content\/uploads\/2025\/12\/image-5-18x12.png 18w, https:\/\/alinvest-verde.eu\/wp-content\/uploads\/2025\/12\/image-5.png 1600w\" sizes=\"(max-width: 1024px) 100vw, 1024px\" \/><\/figure>\n\n\n\n<p class=\"wp-block-paragraph\"><strong>Team Europe meeting on deforestation-free supply chains<\/strong><\/p>\n\n\n\n<p class=\"wp-block-paragraph\">AL-INVEST Verde is part of this initiative, which brought together government representatives, the private sector and international cooperation agencies from Latin America, Africa, Asia and Europe in Par\u00e1. <a href=\"https:\/\/alinvest-verde.eu\/en_gb\/al-invest-verde-participa-en-brasil-en-el-encuentro-del-equipo-europa-sobre-cadenas-libres-de-deforestacion\/\">Read more<\/a>. <\/p>\n\n\n\n<figure class=\"wp-block-image size-large\"><img loading=\"lazy\" decoding=\"async\" width=\"1024\" height=\"665\" src=\"https:\/\/alinvest-verde.eu\/wp-content\/uploads\/2025\/12\/image-6-1024x665.png\" alt=\"\" class=\"wp-image-20063\" srcset=\"https:\/\/alinvest-verde.eu\/wp-content\/uploads\/2025\/12\/image-6-1024x665.png 1024w, https:\/\/alinvest-verde.eu\/wp-content\/uploads\/2025\/12\/image-6-300x195.png 300w, https:\/\/alinvest-verde.eu\/wp-content\/uploads\/2025\/12\/image-6-768x498.png 768w, https:\/\/alinvest-verde.eu\/wp-content\/uploads\/2025\/12\/image-6-18x12.png 18w, https:\/\/alinvest-verde.eu\/wp-content\/uploads\/2025\/12\/image-6.png 1080w\" sizes=\"(max-width: 1024px) 100vw, 1024px\" \/><\/figure>\n\n\n\n<p class=\"wp-block-paragraph\"><strong>Support for Chile to strengthen its preparedness for the EUDR<\/strong><\/p>\n\n\n\n<p class=\"wp-block-paragraph\">The Office of Agricultural Studies and Policies (Odepa), with the support of AL-INVEST Verde, launched Phase II of the project to adapt the cattle and forestry chains to the European Regulation on deforestation-free products.  <a href=\"https:\/\/alinvest-verde.eu\/en_gb\/al-invest-verde-apoya-a-chile-para-reforzar-su-preparacion-frente-al-eudr\/\">Read more<\/a>. <\/p>\n\n\n\n<p class=\"wp-block-paragraph\"><\/p>\n\n\n\n<figure class=\"wp-block-image size-full is-resized\"><img loading=\"lazy\" decoding=\"async\" width=\"363\" height=\"76\" src=\"https:\/\/alinvest-verde.eu\/wp-content\/uploads\/2025\/04\/logo-agenda.jpg\" alt=\"\" class=\"wp-image-17229\" style=\"width:306px;height:auto\" srcset=\"https:\/\/alinvest-verde.eu\/wp-content\/uploads\/2025\/04\/logo-agenda.jpg 363w, https:\/\/alinvest-verde.eu\/wp-content\/uploads\/2025\/04\/logo-agenda-300x63.jpg 300w\" sizes=\"(max-width: 363px) 100vw, 363px\" \/><\/figure>\n\n\n\n<figure class=\"wp-block-image size-large\"><img loading=\"lazy\" decoding=\"async\" width=\"1024\" height=\"577\" src=\"https:\/\/alinvest-verde.eu\/wp-content\/uploads\/2025\/12\/image-7-1024x577.png\" alt=\"\" class=\"wp-image-20064\" srcset=\"https:\/\/alinvest-verde.eu\/wp-content\/uploads\/2025\/12\/image-7-1024x577.png 1024w, https:\/\/alinvest-verde.eu\/wp-content\/uploads\/2025\/12\/image-7-300x169.png 300w, https:\/\/alinvest-verde.eu\/wp-content\/uploads\/2025\/12\/image-7-768x433.png 768w, https:\/\/alinvest-verde.eu\/wp-content\/uploads\/2025\/12\/image-7-1536x865.png 1536w, https:\/\/alinvest-verde.eu\/wp-content\/uploads\/2025\/12\/image-7-18x10.png 18w, https:\/\/alinvest-verde.eu\/wp-content\/uploads\/2025\/12\/image-7.png 1640w\" sizes=\"(max-width: 1024px) 100vw, 1024px\" \/><\/figure>\n\n\n\n<div class=\"wp-block-group is-vertical is-layout-flex wp-container-core-group-is-layout-2c90304e wp-block-group-is-layout-flex\">\n<ul class=\"wp-block-list\">\n<li><strong>Date:\u00a0<\/strong>16 December 2025<\/li>\n\n\n\n<li><strong>Time:<\/strong>\u00a04.30 p.m. (CET)<\/li>\n\n\n\n<li><strong>Modality:<\/strong>\u00a0Webinar<\/li>\n<\/ul>\n<\/div>\n\n\n\n<div class=\"wp-block-buttons is-layout-flex wp-block-buttons-is-layout-flex\">\n<div class=\"wp-block-button\"><a class=\"wp-block-button__link has-luminous-vivid-amber-background-color has-background wp-element-button\" href=\"https:\/\/alinvest-verde.eu\/en_gb\/agenda-verde\/webinar-eudr-en-practica-entendiento-los-nuevos-requerimientos-europeos\/\">See event<\/a><\/div>\n<\/div>\n\n\n\n<p class=\"wp-block-paragraph\"><\/p>\n\n\n\n<p class=\"wp-block-paragraph\"><\/p>\n\n\n\n<figure class=\"wp-block-image size-full is-resized\"><img loading=\"lazy\" decoding=\"async\" width=\"482\" height=\"61\" src=\"https:\/\/alinvest-verde.eu\/wp-content\/uploads\/2025\/03\/logo-aivtv.jpg\" alt=\"\" class=\"wp-image-17041\" style=\"aspect-ratio:7.903147699757869;width:328px;height:auto\" srcset=\"https:\/\/alinvest-verde.eu\/wp-content\/uploads\/2025\/03\/logo-aivtv.jpg 482w, https:\/\/alinvest-verde.eu\/wp-content\/uploads\/2025\/03\/logo-aivtv-300x38.jpg 300w, https:\/\/alinvest-verde.eu\/wp-content\/uploads\/2025\/03\/logo-aivtv-474x61.jpg 474w, https:\/\/alinvest-verde.eu\/wp-content\/uploads\/2025\/03\/logo-aivtv-18x2.jpg 18w\" sizes=\"(max-width: 482px) 100vw, 482px\" \/><\/figure>\n\n\n\n<figure class=\"wp-block-embed is-type-video is-provider-youtube wp-block-embed-youtube wp-embed-aspect-16-9 wp-has-aspect-ratio\"><div class=\"wp-block-embed__wrapper\">\n<iframe title=\"Conexi\u00f3nVerde+ Medell\u00edn - Annual event organised by AL-INVEST Verde\" width=\"800\" height=\"450\" src=\"https:\/\/www.youtube.com\/embed\/fkqEoVSi4Ig?list=PLb8IUTKTakXMuc4dKdloPZ4Ia99UcqRwO\" frameborder=\"0\" allow=\"accelerometer; autoplay; clipboard-write; encrypted-media; gyroscope; picture-in-picture; web-share\" referrerpolicy=\"strict-origin-when-cross-origin\" allowfullscreen><\/iframe>\n<\/div><\/figure>\n\n\n\n<p class=\"wp-block-paragraph\"><\/p>\n\n\n\n<p class=\"wp-block-paragraph\"><\/p>\n\n\n\n<figure class=\"wp-block-image size-full is-resized\"><img loading=\"lazy\" decoding=\"async\" width=\"400\" height=\"72\" src=\"https:\/\/alinvest-verde.eu\/wp-content\/uploads\/2025\/03\/logoinformes.jpg\" alt=\"\" class=\"wp-image-17045\" style=\"width:320px;height:auto\" srcset=\"https:\/\/alinvest-verde.eu\/wp-content\/uploads\/2025\/03\/logoinformes.jpg 400w, https:\/\/alinvest-verde.eu\/wp-content\/uploads\/2025\/03\/logoinformes-300x54.jpg 300w, https:\/\/alinvest-verde.eu\/wp-content\/uploads\/2025\/03\/logoinformes-18x3.jpg 18w\" sizes=\"(max-width: 400px) 100vw, 400px\" \/><\/figure>\n\n\n\n<figure class=\"wp-block-image size-full\"><img loading=\"lazy\" decoding=\"async\" width=\"620\" height=\"883\" src=\"https:\/\/alinvest-verde.eu\/wp-content\/uploads\/2025\/12\/image-8.png\" alt=\"\" class=\"wp-image-20065\" srcset=\"https:\/\/alinvest-verde.eu\/wp-content\/uploads\/2025\/12\/image-8.png 620w, https:\/\/alinvest-verde.eu\/wp-content\/uploads\/2025\/12\/image-8-211x300.png 211w, https:\/\/alinvest-verde.eu\/wp-content\/uploads\/2025\/12\/image-8-8x12.png 8w\" sizes=\"(max-width: 620px) 100vw, 620px\" \/><\/figure>\n\n\n\n<p class=\"wp-block-paragraph\"><strong>Diagnosis of the beef and timber sectors in Chiletina<\/strong><\/p>\n\n\n\n<p class=\"wp-block-paragraph\">First diagnostic report on the situation in Chile and its beef and forestry industries to comply with Regulation (EU) 2023\/1115 on deforestation-free products (EUDR). It presents a diagnosis of the main gaps and challenges facing Chile in complying with the EUDR, focusing on the beef and forestry product chains. The study was based on interviews with public and private actors, analysis of national and international documentation, and review of relevant information platforms. <a href=\"https:\/\/alinvest-verde.eu\/wp-content\/uploads\/2025\/10\/DIAGNOSTICO-CARNE-BOVINA-Y-MADERA-CHILE.pdf\">Read full report<\/a>. <\/p>\n\n\n\n<figure class=\"wp-block-image size-full is-resized\"><img loading=\"lazy\" decoding=\"async\" width=\"712\" height=\"132\" src=\"https:\/\/alinvest-verde.eu\/wp-content\/uploads\/2024\/07\/logos-GG-AIV-UE.jpg\" alt=\"\" class=\"wp-image-14016\" style=\"width:771px;height:auto\" srcset=\"https:\/\/alinvest-verde.eu\/wp-content\/uploads\/2024\/07\/logos-GG-AIV-UE.jpg 712w, https:\/\/alinvest-verde.eu\/wp-content\/uploads\/2024\/07\/logos-GG-AIV-UE-300x56.jpg 300w, https:\/\/alinvest-verde.eu\/wp-content\/uploads\/2024\/07\/logos-GG-AIV-UE-18x3.jpg 18w\" sizes=\"(max-width: 712px) 100vw, 712px\" \/><\/figure>","protected":false},"excerpt":{"rendered":"<p>The end-of-year edition of the newsletter highlights the SMEs benefiting from Component 1, the work in the agricultural chain under Component 2, and the conclusion of the mentoring programmes promoted by Component 3. <\/p>","protected":false},"featured_media":20070,"template":"","class_list":["post-20056","newslette","type-newslette","status-publish","has-post-thumbnail","hentry"],"yoast_head":"<!-- This site is optimized with the Yoast SEO plugin v28.4 - https:\/\/yoast.com\/product\/yoast-seo-wordpress\/ -->\n<title>Noviembre - Diciembre 2025 - Programme AL-INVEST Verde<\/title>\n<meta name=\"robots\" content=\"index, follow, max-snippet:-1, max-image-preview:large, max-video-preview:-1\" \/>\n<link rel=\"canonical\" href=\"https:\/\/alinvest-verde.eu\/en_gb\/newslette\/noviembre-diciembre-2025\/\" \/>\n<meta property=\"og:locale\" content=\"en_GB\" \/>\n<meta property=\"og:type\" content=\"article\" \/>\n<meta property=\"og:title\" content=\"Noviembre - Diciembre 2025 - Programme AL-INVEST Verde\" \/>\n<meta property=\"og:description\" content=\"La edici\u00f3n de fin de a\u00f1o del bolet\u00edn destaca a las pymes beneficiarias del Componente 1, el trabajo en la cadena de agricultura del Componente 2 y el cierre de las mentor\u00edas impulsadas por el Componente 3.\" \/>\n<meta property=\"og:url\" content=\"https:\/\/alinvest-verde.eu\/en_gb\/newslette\/noviembre-diciembre-2025\/\" \/>\n<meta property=\"og:site_name\" content=\"Programme AL-INVEST Verde\" \/>\n<meta property=\"article:modified_time\" content=\"2025-12-11T21:23:18+00:00\" \/>\n<meta property=\"og:image\" content=\"https:\/\/alinvest-verde.eu\/wp-content\/uploads\/2025\/12\/news-nov_dic.jpg\" \/>\n\t<meta property=\"og:image:width\" content=\"741\" \/>\n\t<meta property=\"og:image:height\" content=\"893\" \/>\n\t<meta property=\"og:image:type\" content=\"image\/jpeg\" \/>\n<meta name=\"twitter:card\" content=\"summary_large_image\" \/>\n<meta name=\"twitter:label1\" content=\"Estimated reading time\" \/>\n\t<meta name=\"twitter:data1\" content=\"6 minutes\" \/>\n<script type=\"application\/ld+json\" class=\"yoast-schema-graph\">{\"@context\":\"https:\\\/\\\/schema.org\",\"@graph\":[{\"@type\":\"WebPage\",\"@id\":\"https:\\\/\\\/alinvest-verde.eu\\\/newslette\\\/noviembre-diciembre-2025\\\/\",\"url\":\"https:\\\/\\\/alinvest-verde.eu\\\/newslette\\\/noviembre-diciembre-2025\\\/\",\"name\":\"Noviembre - Diciembre 2025 - Programme AL-INVEST Verde\",\"isPartOf\":{\"@id\":\"https:\\\/\\\/alinvest-verde.eu\\\/#website\"},\"primaryImageOfPage\":{\"@id\":\"https:\\\/\\\/alinvest-verde.eu\\\/newslette\\\/noviembre-diciembre-2025\\\/#primaryimage\"},\"image\":{\"@id\":\"https:\\\/\\\/alinvest-verde.eu\\\/newslette\\\/noviembre-diciembre-2025\\\/#primaryimage\"},\"thumbnailUrl\":\"https:\\\/\\\/alinvest-verde.eu\\\/wp-content\\\/uploads\\\/2025\\\/12\\\/news-nov_dic.jpg\",\"datePublished\":\"2025-12-11T21:17:58+00:00\",\"dateModified\":\"2025-12-11T21:23:18+00:00\",\"breadcrumb\":{\"@id\":\"https:\\\/\\\/alinvest-verde.eu\\\/newslette\\\/noviembre-diciembre-2025\\\/#breadcrumb\"},\"inLanguage\":\"en-GB\",\"potentialAction\":[{\"@type\":\"ReadAction\",\"target\":[\"https:\\\/\\\/alinvest-verde.eu\\\/newslette\\\/noviembre-diciembre-2025\\\/\"]}]},{\"@type\":\"ImageObject\",\"inLanguage\":\"en-GB\",\"@id\":\"https:\\\/\\\/alinvest-verde.eu\\\/newslette\\\/noviembre-diciembre-2025\\\/#primaryimage\",\"url\":\"https:\\\/\\\/alinvest-verde.eu\\\/wp-content\\\/uploads\\\/2025\\\/12\\\/news-nov_dic.jpg\",\"contentUrl\":\"https:\\\/\\\/alinvest-verde.eu\\\/wp-content\\\/uploads\\\/2025\\\/12\\\/news-nov_dic.jpg\",\"width\":741,\"height\":893},{\"@type\":\"BreadcrumbList\",\"@id\":\"https:\\\/\\\/alinvest-verde.eu\\\/newslette\\\/noviembre-diciembre-2025\\\/#breadcrumb\",\"itemListElement\":[{\"@type\":\"ListItem\",\"position\":1,\"name\":\"Inicio\",\"item\":\"https:\\\/\\\/alinvest-verde.eu\\\/\"},{\"@type\":\"ListItem\",\"position\":2,\"name\":\"Noviembre &#8211; Diciembre 2025\"}]},{\"@type\":\"WebSite\",\"@id\":\"https:\\\/\\\/alinvest-verde.eu\\\/#website\",\"url\":\"https:\\\/\\\/alinvest-verde.eu\\\/\",\"name\":\"Programme AL-INVEST Verde\",\"description\":\"Building alliances with the private sector in LA and promote sustainable growth and jobs creation by supporting the transition towards a low-carbon, resource-efficient economy\",\"publisher\":{\"@id\":\"https:\\\/\\\/alinvest-verde.eu\\\/#organization\"},\"potentialAction\":[{\"@type\":\"SearchAction\",\"target\":{\"@type\":\"EntryPoint\",\"urlTemplate\":\"https:\\\/\\\/alinvest-verde.eu\\\/?s={search_term_string}\"},\"query-input\":{\"@type\":\"PropertyValueSpecification\",\"valueRequired\":true,\"valueName\":\"search_term_string\"}}],\"inLanguage\":\"en-GB\"},{\"@type\":\"Organization\",\"@id\":\"https:\\\/\\\/alinvest-verde.eu\\\/#organization\",\"name\":\"Programme AL-INVEST Verde\",\"url\":\"https:\\\/\\\/alinvest-verde.eu\\\/\",\"logo\":{\"@type\":\"ImageObject\",\"inLanguage\":\"en-GB\",\"@id\":\"https:\\\/\\\/alinvest-verde.eu\\\/#\\\/schema\\\/logo\\\/image\\\/\",\"url\":\"https:\\\/\\\/alinvest-verde.eu\\\/wp-content\\\/uploads\\\/2022\\\/01\\\/cropped-logo-financiado-por-la-UE.jpg\",\"contentUrl\":\"https:\\\/\\\/alinvest-verde.eu\\\/wp-content\\\/uploads\\\/2022\\\/01\\\/cropped-logo-financiado-por-la-UE.jpg\",\"width\":756,\"height\":216,\"caption\":\"Programme AL-INVEST Verde\"},\"image\":{\"@id\":\"https:\\\/\\\/alinvest-verde.eu\\\/#\\\/schema\\\/logo\\\/image\\\/\"}}]}<\/script>\n<!-- \/ Yoast SEO plugin. -->","yoast_head_json":{"title":"November - December 2025 - Programme AL-INVEST Verde","robots":{"index":"index","follow":"follow","max-snippet":"max-snippet:-1","max-image-preview":"max-image-preview:large","max-video-preview":"max-video-preview:-1"},"canonical":"https:\/\/alinvest-verde.eu\/en_gb\/newslette\/noviembre-diciembre-2025\/","og_locale":"en_GB","og_type":"article","og_title":"Noviembre - Diciembre 2025 - Programme AL-INVEST Verde","og_description":"La edici\u00f3n de fin de a\u00f1o del bolet\u00edn destaca a las pymes beneficiarias del Componente 1, el trabajo en la cadena de agricultura del Componente 2 y el cierre de las mentor\u00edas impulsadas por el Componente 3.","og_url":"https:\/\/alinvest-verde.eu\/en_gb\/newslette\/noviembre-diciembre-2025\/","og_site_name":"Programme AL-INVEST Verde","article_modified_time":"2025-12-11T21:23:18+00:00","og_image":[{"width":741,"height":893,"url":"https:\/\/alinvest-verde.eu\/wp-content\/uploads\/2025\/12\/news-nov_dic.jpg","type":"image\/jpeg"}],"twitter_card":"summary_large_image","twitter_misc":{"Estimated reading time":"6 minutes"},"schema":{"@context":"https:\/\/schema.org","@graph":[{"@type":"WebPage","@id":"https:\/\/alinvest-verde.eu\/newslette\/noviembre-diciembre-2025\/","url":"https:\/\/alinvest-verde.eu\/newslette\/noviembre-diciembre-2025\/","name":"November - December 2025 - Programme AL-INVEST Verde","isPartOf":{"@id":"https:\/\/alinvest-verde.eu\/#website"},"primaryImageOfPage":{"@id":"https:\/\/alinvest-verde.eu\/newslette\/noviembre-diciembre-2025\/#primaryimage"},"image":{"@id":"https:\/\/alinvest-verde.eu\/newslette\/noviembre-diciembre-2025\/#primaryimage"},"thumbnailUrl":"https:\/\/alinvest-verde.eu\/wp-content\/uploads\/2025\/12\/news-nov_dic.jpg","datePublished":"2025-12-11T21:17:58+00:00","dateModified":"2025-12-11T21:23:18+00:00","breadcrumb":{"@id":"https:\/\/alinvest-verde.eu\/newslette\/noviembre-diciembre-2025\/#breadcrumb"},"inLanguage":"en-GB","potentialAction":[{"@type":"ReadAction","target":["https:\/\/alinvest-verde.eu\/newslette\/noviembre-diciembre-2025\/"]}]},{"@type":"ImageObject","inLanguage":"en-GB","@id":"https:\/\/alinvest-verde.eu\/newslette\/noviembre-diciembre-2025\/#primaryimage","url":"https:\/\/alinvest-verde.eu\/wp-content\/uploads\/2025\/12\/news-nov_dic.jpg","contentUrl":"https:\/\/alinvest-verde.eu\/wp-content\/uploads\/2025\/12\/news-nov_dic.jpg","width":741,"height":893},{"@type":"BreadcrumbList","@id":"https:\/\/alinvest-verde.eu\/newslette\/noviembre-diciembre-2025\/#breadcrumb","itemListElement":[{"@type":"ListItem","position":1,"name":"Inicio","item":"https:\/\/alinvest-verde.eu\/"},{"@type":"ListItem","position":2,"name":"Noviembre &#8211; Diciembre 2025"}]},{"@type":"WebSite","@id":"https:\/\/alinvest-verde.eu\/#website","url":"https:\/\/alinvest-verde.eu\/","name":"Programme AL-INVEST Verde","description":"Building alliances with the private sector in LA and promote sustainable growth and jobs creation by supporting the transition towards a low-carbon, resource-efficient economy","publisher":{"@id":"https:\/\/alinvest-verde.eu\/#organization"},"potentialAction":[{"@type":"SearchAction","target":{"@type":"EntryPoint","urlTemplate":"https:\/\/alinvest-verde.eu\/?s={search_term_string}"},"query-input":{"@type":"PropertyValueSpecification","valueRequired":true,"valueName":"search_term_string"}}],"inLanguage":"en-GB"},{"@type":"Organization","@id":"https:\/\/alinvest-verde.eu\/#organization","name":"Programme AL-INVEST Verde","url":"https:\/\/alinvest-verde.eu\/","logo":{"@type":"ImageObject","inLanguage":"en-GB","@id":"https:\/\/alinvest-verde.eu\/#\/schema\/logo\/image\/","url":"https:\/\/alinvest-verde.eu\/wp-content\/uploads\/2022\/01\/cropped-logo-financiado-por-la-UE.jpg","contentUrl":"https:\/\/alinvest-verde.eu\/wp-content\/uploads\/2022\/01\/cropped-logo-financiado-por-la-UE.jpg","width":756,"height":216,"caption":"Programme AL-INVEST Verde"},"image":{"@id":"https:\/\/alinvest-verde.eu\/#\/schema\/logo\/image\/"}}]}},"_links":{"self":[{"href":"https:\/\/alinvest-verde.eu\/en_gb\/wp-json\/wp\/v2\/newslette\/20056","targetHints":{"allow":["GET"]}}],"collection":[{"href":"https:\/\/alinvest-verde.eu\/en_gb\/wp-json\/wp\/v2\/newslette"}],"about":[{"href":"https:\/\/alinvest-verde.eu\/en_gb\/wp-json\/wp\/v2\/types\/newslette"}],"version-history":[{"count":5,"href":"https:\/\/alinvest-verde.eu\/en_gb\/wp-json\/wp\/v2\/newslette\/20056\/revisions"}],"predecessor-version":[{"id":20072,"href":"https:\/\/alinvest-verde.eu\/en_gb\/wp-json\/wp\/v2\/newslette\/20056\/revisions\/20072"}],"wp:featuredmedia":[{"embeddable":true,"href":"https:\/\/alinvest-verde.eu\/en_gb\/wp-json\/wp\/v2\/media\/20070"}],"wp:attachment":[{"href":"https:\/\/alinvest-verde.eu\/en_gb\/wp-json\/wp\/v2\/media?parent=20056"}],"curies":[{"name":"wp","href":"https:\/\/api.w.org\/{rel}","templated":true}]}}