{"id":20447,"date":"2026-02-09T21:25:10","date_gmt":"2026-02-09T20:25:10","guid":{"rendered":"https:\/\/alinvest-verde.eu\/?post_type=newslette&#038;p=20447"},"modified":"2026-02-09T21:25:11","modified_gmt":"2026-02-09T20:25:11","slug":"enero-2026","status":"publish","type":"newslette","link":"https:\/\/alinvest-verde.eu\/en_gb\/newslette\/enero-2026\/","title":{"rendered":"January 2026"},"content":{"rendered":"<figure class=\"wp-block-image size-large\"><img fetchpriority=\"high\" decoding=\"async\" width=\"1024\" height=\"768\" src=\"https:\/\/alinvest-verde.eu\/wp-content\/uploads\/2026\/02\/image-1024x768.png\" alt=\"\" class=\"wp-image-20448\" srcset=\"https:\/\/alinvest-verde.eu\/wp-content\/uploads\/2026\/02\/image-1024x768.png 1024w, https:\/\/alinvest-verde.eu\/wp-content\/uploads\/2026\/02\/image-300x225.png 300w, https:\/\/alinvest-verde.eu\/wp-content\/uploads\/2026\/02\/image-768x576.png 768w, https:\/\/alinvest-verde.eu\/wp-content\/uploads\/2026\/02\/image-1536x1152.png 1536w, https:\/\/alinvest-verde.eu\/wp-content\/uploads\/2026\/02\/image-16x12.png 16w, https:\/\/alinvest-verde.eu\/wp-content\/uploads\/2026\/02\/image.png 1600w\" sizes=\"(max-width: 1024px) 100vw, 1024px\" \/><\/figure>\n\n\n\n<p class=\"wp-block-paragraph\"><strong>More than 2,000 people from nine provinces in Ecuador are trained in traceability and EUDR.\u00a0<\/strong><\/p>\n\n\n\n<p class=\"wp-block-paragraph\">More than 2,000 people from the provinces of\u00a0<strong>Guayas, Manab\u00ed, Esmeraldas, Los R\u00edos, Santo Domingo, Orellana, Napo, El Oro and Pichincha.<\/strong>, in Ecuador have been trained in traceability to adapt the cocoa value chain to the requirements of the EU Regulation (EU) 2023\/1115 on deforestation-free products (EUDR).\u00a0<a href=\"https:\/\/alinvest-verde.eu\/en_gb\/mas-de-2-000-personas-de-nueve-provincias-de-ecuador-se-forman-en-trazabilidad-y-eudr\/\">Read full story<\/a>. <\/p>\n\n\n\n<figure class=\"wp-block-image size-large\"><img decoding=\"async\" width=\"1024\" height=\"576\" src=\"https:\/\/alinvest-verde.eu\/wp-content\/uploads\/2026\/02\/image-1-1024x576.png\" alt=\"\" class=\"wp-image-20449\" srcset=\"https:\/\/alinvest-verde.eu\/wp-content\/uploads\/2026\/02\/image-1-1024x576.png 1024w, https:\/\/alinvest-verde.eu\/wp-content\/uploads\/2026\/02\/image-1-300x169.png 300w, https:\/\/alinvest-verde.eu\/wp-content\/uploads\/2026\/02\/image-1-768x432.png 768w, https:\/\/alinvest-verde.eu\/wp-content\/uploads\/2026\/02\/image-1-1536x864.png 1536w, https:\/\/alinvest-verde.eu\/wp-content\/uploads\/2026\/02\/image-1-18x10.png 18w, https:\/\/alinvest-verde.eu\/wp-content\/uploads\/2026\/02\/image-1.png 1920w\" sizes=\"(max-width: 1024px) 100vw, 1024px\" \/><\/figure>\n\n\n\n<p class=\"wp-block-paragraph\"><strong>Paraguay joins TMview, the world's largest free brand search database<\/strong><\/p>\n\n\n\n<p class=\"wp-block-paragraph\">The National Directorate of Intellectual Property of Paraguay (DINAPI) and the European Union Intellectual Property Office (EUIPO) have successfully completed the integration of DINAPI's trademark data into TMview. <a href=\"https:\/\/alinvest-verde.eu\/en_gb\/paraguay-se-une-a-tmview-la-mayor-base-de-datos-gratuita-de-busqueda-de-marcas\/\">Read full story<\/a>.<\/p>\n\n\n\n<figure class=\"wp-block-image size-large\"><img decoding=\"async\" width=\"1024\" height=\"682\" src=\"https:\/\/alinvest-verde.eu\/wp-content\/uploads\/2026\/02\/image-2-1024x682.png\" alt=\"\" class=\"wp-image-20450\" srcset=\"https:\/\/alinvest-verde.eu\/wp-content\/uploads\/2026\/02\/image-2-1024x682.png 1024w, https:\/\/alinvest-verde.eu\/wp-content\/uploads\/2026\/02\/image-2-300x200.png 300w, https:\/\/alinvest-verde.eu\/wp-content\/uploads\/2026\/02\/image-2-768x512.png 768w, https:\/\/alinvest-verde.eu\/wp-content\/uploads\/2026\/02\/image-2-391x260.png 391w, https:\/\/alinvest-verde.eu\/wp-content\/uploads\/2026\/02\/image-2-1536x1023.png 1536w, https:\/\/alinvest-verde.eu\/wp-content\/uploads\/2026\/02\/image-2-18x12.png 18w, https:\/\/alinvest-verde.eu\/wp-content\/uploads\/2026\/02\/image-2.png 1600w\" sizes=\"(max-width: 1024px) 100vw, 1024px\" \/><\/figure>\n\n\n\n<p class=\"wp-block-paragraph\"><strong>Argentina - EUDR Dialogue on Legality and Traceability<\/strong><\/p>\n\n\n\n<p class=\"wp-block-paragraph\">The environmental and social sustainability platform VISEC, together with the Faculty of Agronomy of the University of Buenos Aires and the support of AL-INVEST Verde, organised this meeting in Buenos Aires. <a href=\"https:\/\/alinvest-verde.eu\/en_gb\/se-organiza-en-argentina-el-i-encuentro-de-dialogo-sobre-legalidad-y-trazabilidad-frente-al-eudr\/\">Read more<\/a>. <\/p>\n\n\n\n<figure class=\"wp-block-image size-large\"><img loading=\"lazy\" decoding=\"async\" width=\"1024\" height=\"576\" src=\"https:\/\/alinvest-verde.eu\/wp-content\/uploads\/2026\/02\/image-3-1024x576.png\" alt=\"\" class=\"wp-image-20451\" srcset=\"https:\/\/alinvest-verde.eu\/wp-content\/uploads\/2026\/02\/image-3-1024x576.png 1024w, https:\/\/alinvest-verde.eu\/wp-content\/uploads\/2026\/02\/image-3-300x169.png 300w, https:\/\/alinvest-verde.eu\/wp-content\/uploads\/2026\/02\/image-3-768x432.png 768w, https:\/\/alinvest-verde.eu\/wp-content\/uploads\/2026\/02\/image-3-1536x864.png 1536w, https:\/\/alinvest-verde.eu\/wp-content\/uploads\/2026\/02\/image-3-18x10.png 18w, https:\/\/alinvest-verde.eu\/wp-content\/uploads\/2026\/02\/image-3.png 1920w\" sizes=\"(max-width: 1024px) 100vw, 1024px\" \/><\/figure>\n\n\n\n<p class=\"wp-block-paragraph\"><strong>Brazil - New IP guide for the export sector<\/strong><\/p>\n\n\n\n<p class=\"wp-block-paragraph\">The National Institute of Industrial Property (INPI) of Brazil and AL-INVEST Verde have published this guide. <a href=\"https:\/\/alinvest-verde.eu\/en_gb\/nueva-guia-de-propiedad-intelectual-para-el-sector-de-la-exportacion-brasileno\/\">Read more<\/a>. <\/p>\n\n\n\n<figure class=\"wp-block-image size-large\"><img loading=\"lazy\" decoding=\"async\" width=\"1024\" height=\"461\" src=\"https:\/\/alinvest-verde.eu\/wp-content\/uploads\/2026\/02\/image-4-1024x461.png\" alt=\"\" class=\"wp-image-20452\" srcset=\"https:\/\/alinvest-verde.eu\/wp-content\/uploads\/2026\/02\/image-4-1024x461.png 1024w, https:\/\/alinvest-verde.eu\/wp-content\/uploads\/2026\/02\/image-4-300x135.png 300w, https:\/\/alinvest-verde.eu\/wp-content\/uploads\/2026\/02\/image-4-768x346.png 768w, https:\/\/alinvest-verde.eu\/wp-content\/uploads\/2026\/02\/image-4-18x8.png 18w, https:\/\/alinvest-verde.eu\/wp-content\/uploads\/2026\/02\/image-4.png 1280w\" sizes=\"(max-width: 1024px) 100vw, 1024px\" \/><\/figure>\n\n\n\n<p class=\"wp-block-paragraph\"><strong>Brazil - Boosting sustainable coffee in Minas Gerais<\/strong><\/p>\n\n\n\n<p class=\"wp-block-paragraph\">Government of Minas Gerais and projects supported by AL-INVEST Verde seek to strengthen the sustainability of the coffee sector. <a href=\"https:\/\/alinvest-verde.eu\/en_gb\/representantes-de-al-invest-verde-y-del-gobierno-de-minas-gerais-se-reunen-para-impulsar-la-sostenibilidad-del-cafe-en-brasil\/\">Read more<\/a>. <\/p>\n\n\n\n<figure class=\"wp-block-image size-large\"><img loading=\"lazy\" decoding=\"async\" width=\"1024\" height=\"768\" src=\"https:\/\/alinvest-verde.eu\/wp-content\/uploads\/2026\/02\/image-5-1024x768.png\" alt=\"\" class=\"wp-image-20453\" srcset=\"https:\/\/alinvest-verde.eu\/wp-content\/uploads\/2026\/02\/image-5-1024x768.png 1024w, https:\/\/alinvest-verde.eu\/wp-content\/uploads\/2026\/02\/image-5-300x225.png 300w, https:\/\/alinvest-verde.eu\/wp-content\/uploads\/2026\/02\/image-5-768x576.png 768w, https:\/\/alinvest-verde.eu\/wp-content\/uploads\/2026\/02\/image-5-1536x1152.png 1536w, https:\/\/alinvest-verde.eu\/wp-content\/uploads\/2026\/02\/image-5-2048x1536.png 2048w, https:\/\/alinvest-verde.eu\/wp-content\/uploads\/2026\/02\/image-5-16x12.png 16w\" sizes=\"(max-width: 1024px) 100vw, 1024px\" \/><\/figure>\n\n\n\n<p class=\"wp-block-paragraph\"><strong>Chile - Inter-institutional Coordination for the EUDR<\/strong><\/p>\n\n\n\n<p class=\"wp-block-paragraph\">Chile's Office of Agricultural Studies and Policies (Odepa) chaired the constitution of the Inter-Institutional Technical Committee (CTI) created in the framework of the project to adapt the cattle and forestry chains to the EUDR. <a href=\"https:\/\/alinvest-verde.eu\/en_gb\/chile-fortalece-su-coordinacion-interinstitucional-para-cumplir-el-reglamento-europeo-de-productos-libres-de-deforestacion\/\">Read more<\/a>. <\/p>\n\n\n\n<figure class=\"wp-block-image size-full is-resized\"><img loading=\"lazy\" decoding=\"async\" width=\"363\" height=\"76\" src=\"https:\/\/alinvest-verde.eu\/wp-content\/uploads\/2025\/04\/logo-agenda.jpg\" alt=\"\" class=\"wp-image-17229\" style=\"width:337px;height:auto\" srcset=\"https:\/\/alinvest-verde.eu\/wp-content\/uploads\/2025\/04\/logo-agenda.jpg 363w, https:\/\/alinvest-verde.eu\/wp-content\/uploads\/2025\/04\/logo-agenda-300x63.jpg 300w\" sizes=\"(max-width: 363px) 100vw, 363px\" \/><\/figure>\n\n\n\n<figure class=\"wp-block-image size-large\"><img loading=\"lazy\" decoding=\"async\" width=\"1024\" height=\"577\" src=\"https:\/\/alinvest-verde.eu\/wp-content\/uploads\/2026\/02\/image-6-1024x577.png\" alt=\"\" class=\"wp-image-20454\" srcset=\"https:\/\/alinvest-verde.eu\/wp-content\/uploads\/2026\/02\/image-6-1024x577.png 1024w, https:\/\/alinvest-verde.eu\/wp-content\/uploads\/2026\/02\/image-6-300x169.png 300w, https:\/\/alinvest-verde.eu\/wp-content\/uploads\/2026\/02\/image-6-768x433.png 768w, https:\/\/alinvest-verde.eu\/wp-content\/uploads\/2026\/02\/image-6-1536x865.png 1536w, https:\/\/alinvest-verde.eu\/wp-content\/uploads\/2026\/02\/image-6-18x10.png 18w, https:\/\/alinvest-verde.eu\/wp-content\/uploads\/2026\/02\/image-6.png 1640w\" sizes=\"(max-width: 1024px) 100vw, 1024px\" \/><\/figure>\n\n\n\n<ul class=\"wp-block-list\">\n<li><strong>Date:\u00a0<\/strong>12 February 2026 <\/li>\n\n\n\n<li><strong>Time:<\/strong>\u00a014.30 (El Salvador) <\/li>\n\n\n\n<li><strong>Modality:<\/strong>\u00a0virtual event<\/li>\n<\/ul>\n\n\n\n<div class=\"wp-block-buttons is-layout-flex wp-block-buttons-is-layout-flex\">\n<div class=\"wp-block-button\"><a class=\"wp-block-button__link has-luminous-vivid-amber-background-color has-background wp-element-button\" href=\"https:\/\/alinvest-verde.eu\/en_gb\/agenda-verde\/agua-y-agricultura-en-transicion-hacia-una-gestion-sostenible-y-resiliente-en-la-ue-y-alc-2\/\"><strong>See event<\/strong><\/a><\/div>\n<\/div>\n\n\n\n<p class=\"wp-block-paragraph\"><\/p>\n\n\n\n<figure class=\"wp-block-image size-large\"><img loading=\"lazy\" decoding=\"async\" width=\"1024\" height=\"575\" src=\"https:\/\/alinvest-verde.eu\/wp-content\/uploads\/2026\/02\/image-7-1024x575.png\" alt=\"\" class=\"wp-image-20455\" srcset=\"https:\/\/alinvest-verde.eu\/wp-content\/uploads\/2026\/02\/image-7-1024x575.png 1024w, https:\/\/alinvest-verde.eu\/wp-content\/uploads\/2026\/02\/image-7-300x169.png 300w, https:\/\/alinvest-verde.eu\/wp-content\/uploads\/2026\/02\/image-7-768x431.png 768w, https:\/\/alinvest-verde.eu\/wp-content\/uploads\/2026\/02\/image-7-1536x863.png 1536w, https:\/\/alinvest-verde.eu\/wp-content\/uploads\/2026\/02\/image-7-18x10.png 18w, https:\/\/alinvest-verde.eu\/wp-content\/uploads\/2026\/02\/image-7.png 1602w\" sizes=\"(max-width: 1024px) 100vw, 1024px\" \/><\/figure>\n\n\n\n<ul class=\"wp-block-list\">\n<li><strong>Date:\u00a0<\/strong>17 March 2026 <\/li>\n\n\n\n<li><strong>Time:<\/strong>\u00a009:00 (Ecuador) <\/li>\n\n\n\n<li><strong>Modality:<\/strong>\u00a0hybrid\u00a0<\/li>\n<\/ul>\n\n\n\n<div class=\"wp-block-buttons is-layout-flex wp-block-buttons-is-layout-flex\">\n<div class=\"wp-block-button\"><a class=\"wp-block-button__link has-luminous-vivid-amber-background-color has-background wp-element-button\" href=\"https:\/\/alinvest-verde.eu\/en_gb\/agenda-verde\/agricultura-organica-fortaleciendo-mercados-sostenibles-en-la-ue-y-alc\/\">See event<\/a><\/div>\n<\/div>\n\n\n\n<p class=\"wp-block-paragraph\"><\/p>\n\n\n\n<figure class=\"wp-block-image size-full is-resized\"><img loading=\"lazy\" decoding=\"async\" width=\"482\" height=\"61\" src=\"https:\/\/alinvest-verde.eu\/wp-content\/uploads\/2025\/03\/logo-aivtv.jpg\" alt=\"\" class=\"wp-image-17041\" style=\"width:334px;height:auto\" srcset=\"https:\/\/alinvest-verde.eu\/wp-content\/uploads\/2025\/03\/logo-aivtv.jpg 482w, https:\/\/alinvest-verde.eu\/wp-content\/uploads\/2025\/03\/logo-aivtv-300x38.jpg 300w, https:\/\/alinvest-verde.eu\/wp-content\/uploads\/2025\/03\/logo-aivtv-474x61.jpg 474w, https:\/\/alinvest-verde.eu\/wp-content\/uploads\/2025\/03\/logo-aivtv-18x2.jpg 18w\" sizes=\"(max-width: 482px) 100vw, 482px\" \/><\/figure>\n\n\n\n<figure class=\"wp-block-embed is-type-video is-provider-youtube wp-block-embed-youtube wp-embed-aspect-16-9 wp-has-aspect-ratio\"><div class=\"wp-block-embed__wrapper\">\n<iframe title=\"Webinar: EUDR in practice\" width=\"800\" height=\"450\" src=\"https:\/\/www.youtube.com\/embed\/AvDwlJqzQYM?feature=oembed\" frameborder=\"0\" allow=\"accelerometer; autoplay; clipboard-write; encrypted-media; gyroscope; picture-in-picture; web-share\" referrerpolicy=\"strict-origin-when-cross-origin\" allowfullscreen><\/iframe>\n<\/div><\/figure>\n\n\n\n<figure class=\"wp-block-image size-full is-resized\"><img loading=\"lazy\" decoding=\"async\" width=\"400\" height=\"72\" src=\"https:\/\/alinvest-verde.eu\/wp-content\/uploads\/2025\/03\/logoinformes.jpg\" alt=\"\" class=\"wp-image-17045\" style=\"width:335px;height:auto\" srcset=\"https:\/\/alinvest-verde.eu\/wp-content\/uploads\/2025\/03\/logoinformes.jpg 400w, https:\/\/alinvest-verde.eu\/wp-content\/uploads\/2025\/03\/logoinformes-300x54.jpg 300w, https:\/\/alinvest-verde.eu\/wp-content\/uploads\/2025\/03\/logoinformes-18x3.jpg 18w\" sizes=\"(max-width: 400px) 100vw, 400px\" \/><\/figure>\n\n\n\n<figure class=\"wp-block-image size-large is-resized\"><img loading=\"lazy\" decoding=\"async\" width=\"742\" height=\"1024\" src=\"https:\/\/alinvest-verde.eu\/wp-content\/uploads\/2026\/02\/image-8-742x1024.png\" alt=\"\" class=\"wp-image-20456\" style=\"aspect-ratio:0.7246202744862538;width:800px;height:auto\" srcset=\"https:\/\/alinvest-verde.eu\/wp-content\/uploads\/2026\/02\/image-8-742x1024.png 742w, https:\/\/alinvest-verde.eu\/wp-content\/uploads\/2026\/02\/image-8-217x300.png 217w, https:\/\/alinvest-verde.eu\/wp-content\/uploads\/2026\/02\/image-8-768x1060.png 768w, https:\/\/alinvest-verde.eu\/wp-content\/uploads\/2026\/02\/image-8-9x12.png 9w, https:\/\/alinvest-verde.eu\/wp-content\/uploads\/2026\/02\/image-8.png 978w\" sizes=\"(max-width: 742px) 100vw, 742px\" \/><\/figure>\n\n\n\n<p class=\"wp-block-paragraph\"><strong>The soy sector in Mercosur<\/strong><\/p>\n\n\n\n<p class=\"wp-block-paragraph\">Analysis of the strategic relevance of the\u00a0<strong>MERCOSUR as a global supplier of soya and agro-industrial derivatives<\/strong>, The bloc produces more than half of the world's soybeans and exports around 70% of soymeal and oil, positioning it as a key player in food security and in the trade balance of its members. The bloc produces more than half of the world's soybeans and exports around 70% of soybean meal and oil, which positions it as a key player in food security and in the trade balance of its member countries. <a href=\"https:\/\/alinvest-verde.eu\/wp-content\/uploads\/2025\/10\/El-sector-sojero-en-MERCOSUR.pdf\">Read publication<\/a>. <\/p>\n\n\n\n<figure class=\"wp-block-image size-full\"><img loading=\"lazy\" decoding=\"async\" width=\"712\" height=\"132\" src=\"https:\/\/alinvest-verde.eu\/wp-content\/uploads\/2024\/04\/logos-GG-AIV-UE.jpg\" alt=\"\" class=\"wp-image-11290\" srcset=\"https:\/\/alinvest-verde.eu\/wp-content\/uploads\/2024\/04\/logos-GG-AIV-UE.jpg 712w, https:\/\/alinvest-verde.eu\/wp-content\/uploads\/2024\/04\/logos-GG-AIV-UE-300x56.jpg 300w, https:\/\/alinvest-verde.eu\/wp-content\/uploads\/2024\/04\/logos-GG-AIV-UE-18x3.jpg 18w\" sizes=\"(max-width: 712px) 100vw, 712px\" \/><\/figure>","protected":false},"excerpt":{"rendered":"<p>The January newsletter highlights work on the promotion of the EUDR and the coffee and cocoa sectors.<\/p>","protected":false},"featured_media":20459,"template":"","class_list":["post-20447","newslette","type-newslette","status-publish","has-post-thumbnail","hentry"],"yoast_head":"<!-- This site is optimized with the Yoast SEO plugin v28.4 - https:\/\/yoast.com\/product\/yoast-seo-wordpress\/ -->\n<title>Enero 2026 - Programme AL-INVEST Verde<\/title>\n<meta name=\"robots\" content=\"index, follow, max-snippet:-1, max-image-preview:large, max-video-preview:-1\" \/>\n<link rel=\"canonical\" href=\"https:\/\/alinvest-verde.eu\/en_gb\/newslette\/enero-2026\/\" \/>\n<meta property=\"og:locale\" content=\"en_GB\" \/>\n<meta property=\"og:type\" content=\"article\" \/>\n<meta property=\"og:title\" content=\"Enero 2026 - Programme AL-INVEST Verde\" \/>\n<meta property=\"og:description\" content=\"El bolet\u00edn del mes de enero destaca el trabajo en la promoci\u00f3n del EUDR y los sectores caf\u00e9 y cacao.\" \/>\n<meta property=\"og:url\" content=\"https:\/\/alinvest-verde.eu\/en_gb\/newslette\/enero-2026\/\" \/>\n<meta property=\"og:site_name\" content=\"Programme AL-INVEST Verde\" \/>\n<meta property=\"article:modified_time\" content=\"2026-02-09T20:25:11+00:00\" \/>\n<meta property=\"og:image\" content=\"https:\/\/alinvest-verde.eu\/wp-content\/uploads\/2026\/02\/imagen-boletin-enero.jpg\" \/>\n\t<meta property=\"og:image:width\" content=\"747\" \/>\n\t<meta property=\"og:image:height\" content=\"892\" \/>\n\t<meta property=\"og:image:type\" content=\"image\/jpeg\" \/>\n<meta name=\"twitter:card\" content=\"summary_large_image\" \/>\n<meta name=\"twitter:label1\" content=\"Estimated reading time\" \/>\n\t<meta name=\"twitter:data1\" content=\"5 minutes\" \/>\n<script type=\"application\/ld+json\" class=\"yoast-schema-graph\">{\"@context\":\"https:\\\/\\\/schema.org\",\"@graph\":[{\"@type\":\"WebPage\",\"@id\":\"https:\\\/\\\/alinvest-verde.eu\\\/newslette\\\/enero-2026\\\/\",\"url\":\"https:\\\/\\\/alinvest-verde.eu\\\/newslette\\\/enero-2026\\\/\",\"name\":\"Enero 2026 - Programme AL-INVEST Verde\",\"isPartOf\":{\"@id\":\"https:\\\/\\\/alinvest-verde.eu\\\/#website\"},\"primaryImageOfPage\":{\"@id\":\"https:\\\/\\\/alinvest-verde.eu\\\/newslette\\\/enero-2026\\\/#primaryimage\"},\"image\":{\"@id\":\"https:\\\/\\\/alinvest-verde.eu\\\/newslette\\\/enero-2026\\\/#primaryimage\"},\"thumbnailUrl\":\"https:\\\/\\\/alinvest-verde.eu\\\/wp-content\\\/uploads\\\/2026\\\/02\\\/imagen-boletin-enero.jpg\",\"datePublished\":\"2026-02-09T20:25:10+00:00\",\"dateModified\":\"2026-02-09T20:25:11+00:00\",\"breadcrumb\":{\"@id\":\"https:\\\/\\\/alinvest-verde.eu\\\/newslette\\\/enero-2026\\\/#breadcrumb\"},\"inLanguage\":\"en-GB\",\"potentialAction\":[{\"@type\":\"ReadAction\",\"target\":[\"https:\\\/\\\/alinvest-verde.eu\\\/newslette\\\/enero-2026\\\/\"]}]},{\"@type\":\"ImageObject\",\"inLanguage\":\"en-GB\",\"@id\":\"https:\\\/\\\/alinvest-verde.eu\\\/newslette\\\/enero-2026\\\/#primaryimage\",\"url\":\"https:\\\/\\\/alinvest-verde.eu\\\/wp-content\\\/uploads\\\/2026\\\/02\\\/imagen-boletin-enero.jpg\",\"contentUrl\":\"https:\\\/\\\/alinvest-verde.eu\\\/wp-content\\\/uploads\\\/2026\\\/02\\\/imagen-boletin-enero.jpg\",\"width\":747,\"height\":892},{\"@type\":\"BreadcrumbList\",\"@id\":\"https:\\\/\\\/alinvest-verde.eu\\\/newslette\\\/enero-2026\\\/#breadcrumb\",\"itemListElement\":[{\"@type\":\"ListItem\",\"position\":1,\"name\":\"Inicio\",\"item\":\"https:\\\/\\\/alinvest-verde.eu\\\/\"},{\"@type\":\"ListItem\",\"position\":2,\"name\":\"Enero 2026\"}]},{\"@type\":\"WebSite\",\"@id\":\"https:\\\/\\\/alinvest-verde.eu\\\/#website\",\"url\":\"https:\\\/\\\/alinvest-verde.eu\\\/\",\"name\":\"Programme AL-INVEST Verde\",\"description\":\"Building alliances with the private sector in LA and promote sustainable growth and jobs creation by supporting the transition towards a low-carbon, resource-efficient economy\",\"publisher\":{\"@id\":\"https:\\\/\\\/alinvest-verde.eu\\\/#organization\"},\"potentialAction\":[{\"@type\":\"SearchAction\",\"target\":{\"@type\":\"EntryPoint\",\"urlTemplate\":\"https:\\\/\\\/alinvest-verde.eu\\\/?s={search_term_string}\"},\"query-input\":{\"@type\":\"PropertyValueSpecification\",\"valueRequired\":true,\"valueName\":\"search_term_string\"}}],\"inLanguage\":\"en-GB\"},{\"@type\":\"Organization\",\"@id\":\"https:\\\/\\\/alinvest-verde.eu\\\/#organization\",\"name\":\"Programme AL-INVEST Verde\",\"url\":\"https:\\\/\\\/alinvest-verde.eu\\\/\",\"logo\":{\"@type\":\"ImageObject\",\"inLanguage\":\"en-GB\",\"@id\":\"https:\\\/\\\/alinvest-verde.eu\\\/#\\\/schema\\\/logo\\\/image\\\/\",\"url\":\"https:\\\/\\\/alinvest-verde.eu\\\/wp-content\\\/uploads\\\/2022\\\/01\\\/cropped-logo-financiado-por-la-UE.jpg\",\"contentUrl\":\"https:\\\/\\\/alinvest-verde.eu\\\/wp-content\\\/uploads\\\/2022\\\/01\\\/cropped-logo-financiado-por-la-UE.jpg\",\"width\":756,\"height\":216,\"caption\":\"Programme AL-INVEST Verde\"},\"image\":{\"@id\":\"https:\\\/\\\/alinvest-verde.eu\\\/#\\\/schema\\\/logo\\\/image\\\/\"}}]}<\/script>\n<!-- \/ Yoast SEO plugin. -->","yoast_head_json":{"title":"January 2026 - Programme AL-INVEST Verde","robots":{"index":"index","follow":"follow","max-snippet":"max-snippet:-1","max-image-preview":"max-image-preview:large","max-video-preview":"max-video-preview:-1"},"canonical":"https:\/\/alinvest-verde.eu\/en_gb\/newslette\/enero-2026\/","og_locale":"en_GB","og_type":"article","og_title":"Enero 2026 - Programme AL-INVEST Verde","og_description":"El bolet\u00edn del mes de enero destaca el trabajo en la promoci\u00f3n del EUDR y los sectores caf\u00e9 y cacao.","og_url":"https:\/\/alinvest-verde.eu\/en_gb\/newslette\/enero-2026\/","og_site_name":"Programme AL-INVEST Verde","article_modified_time":"2026-02-09T20:25:11+00:00","og_image":[{"width":747,"height":892,"url":"https:\/\/alinvest-verde.eu\/wp-content\/uploads\/2026\/02\/imagen-boletin-enero.jpg","type":"image\/jpeg"}],"twitter_card":"summary_large_image","twitter_misc":{"Estimated reading time":"5 minutes"},"schema":{"@context":"https:\/\/schema.org","@graph":[{"@type":"WebPage","@id":"https:\/\/alinvest-verde.eu\/newslette\/enero-2026\/","url":"https:\/\/alinvest-verde.eu\/newslette\/enero-2026\/","name":"January 2026 - Programme AL-INVEST Verde","isPartOf":{"@id":"https:\/\/alinvest-verde.eu\/#website"},"primaryImageOfPage":{"@id":"https:\/\/alinvest-verde.eu\/newslette\/enero-2026\/#primaryimage"},"image":{"@id":"https:\/\/alinvest-verde.eu\/newslette\/enero-2026\/#primaryimage"},"thumbnailUrl":"https:\/\/alinvest-verde.eu\/wp-content\/uploads\/2026\/02\/imagen-boletin-enero.jpg","datePublished":"2026-02-09T20:25:10+00:00","dateModified":"2026-02-09T20:25:11+00:00","breadcrumb":{"@id":"https:\/\/alinvest-verde.eu\/newslette\/enero-2026\/#breadcrumb"},"inLanguage":"en-GB","potentialAction":[{"@type":"ReadAction","target":["https:\/\/alinvest-verde.eu\/newslette\/enero-2026\/"]}]},{"@type":"ImageObject","inLanguage":"en-GB","@id":"https:\/\/alinvest-verde.eu\/newslette\/enero-2026\/#primaryimage","url":"https:\/\/alinvest-verde.eu\/wp-content\/uploads\/2026\/02\/imagen-boletin-enero.jpg","contentUrl":"https:\/\/alinvest-verde.eu\/wp-content\/uploads\/2026\/02\/imagen-boletin-enero.jpg","width":747,"height":892},{"@type":"BreadcrumbList","@id":"https:\/\/alinvest-verde.eu\/newslette\/enero-2026\/#breadcrumb","itemListElement":[{"@type":"ListItem","position":1,"name":"Inicio","item":"https:\/\/alinvest-verde.eu\/"},{"@type":"ListItem","position":2,"name":"Enero 2026"}]},{"@type":"WebSite","@id":"https:\/\/alinvest-verde.eu\/#website","url":"https:\/\/alinvest-verde.eu\/","name":"Programme AL-INVEST Verde","description":"Building alliances with the private sector in LA and promote sustainable growth and jobs creation by supporting the transition towards a low-carbon, resource-efficient economy","publisher":{"@id":"https:\/\/alinvest-verde.eu\/#organization"},"potentialAction":[{"@type":"SearchAction","target":{"@type":"EntryPoint","urlTemplate":"https:\/\/alinvest-verde.eu\/?s={search_term_string}"},"query-input":{"@type":"PropertyValueSpecification","valueRequired":true,"valueName":"search_term_string"}}],"inLanguage":"en-GB"},{"@type":"Organization","@id":"https:\/\/alinvest-verde.eu\/#organization","name":"Programme AL-INVEST Verde","url":"https:\/\/alinvest-verde.eu\/","logo":{"@type":"ImageObject","inLanguage":"en-GB","@id":"https:\/\/alinvest-verde.eu\/#\/schema\/logo\/image\/","url":"https:\/\/alinvest-verde.eu\/wp-content\/uploads\/2022\/01\/cropped-logo-financiado-por-la-UE.jpg","contentUrl":"https:\/\/alinvest-verde.eu\/wp-content\/uploads\/2022\/01\/cropped-logo-financiado-por-la-UE.jpg","width":756,"height":216,"caption":"Programme AL-INVEST Verde"},"image":{"@id":"https:\/\/alinvest-verde.eu\/#\/schema\/logo\/image\/"}}]}},"_links":{"self":[{"href":"https:\/\/alinvest-verde.eu\/en_gb\/wp-json\/wp\/v2\/newslette\/20447","targetHints":{"allow":["GET"]}}],"collection":[{"href":"https:\/\/alinvest-verde.eu\/en_gb\/wp-json\/wp\/v2\/newslette"}],"about":[{"href":"https:\/\/alinvest-verde.eu\/en_gb\/wp-json\/wp\/v2\/types\/newslette"}],"version-history":[{"count":3,"href":"https:\/\/alinvest-verde.eu\/en_gb\/wp-json\/wp\/v2\/newslette\/20447\/revisions"}],"predecessor-version":[{"id":20460,"href":"https:\/\/alinvest-verde.eu\/en_gb\/wp-json\/wp\/v2\/newslette\/20447\/revisions\/20460"}],"wp:featuredmedia":[{"embeddable":true,"href":"https:\/\/alinvest-verde.eu\/en_gb\/wp-json\/wp\/v2\/media\/20459"}],"wp:attachment":[{"href":"https:\/\/alinvest-verde.eu\/en_gb\/wp-json\/wp\/v2\/media?parent=20447"}],"curies":[{"name":"wp","href":"https:\/\/api.w.org\/{rel}","templated":true}]}}