{"id":5158,"date":"2023-03-08T22:10:31","date_gmt":"2023-03-08T21:10:31","guid":{"rendered":"https:\/\/alinvest-verde.eu\/?p=5158"},"modified":"2024-05-31T03:40:59","modified_gmt":"2024-05-31T01:40:59","slug":"5158-2","status":"publish","type":"newslette","link":"https:\/\/alinvest-verde.eu\/en_gb\/newslette\/5158-2\/","title":{"rendered":"March 2023"},"content":{"rendered":"<figure class=\"wp-block-image alignright size-large\"><img fetchpriority=\"high\" decoding=\"async\" width=\"1024\" height=\"668\" src=\"https:\/\/alinvest-verde.eu\/wp-content\/uploads\/2023\/03\/foto_programaAIV-1024x668.jpg\" alt=\"\" class=\"wp-image-5245\" srcset=\"https:\/\/alinvest-verde.eu\/wp-content\/uploads\/2023\/03\/foto_programaAIV-1024x668.jpg 1024w, https:\/\/alinvest-verde.eu\/wp-content\/uploads\/2023\/03\/foto_programaAIV-300x196.jpg 300w, https:\/\/alinvest-verde.eu\/wp-content\/uploads\/2023\/03\/foto_programaAIV-768x501.jpg 768w, https:\/\/alinvest-verde.eu\/wp-content\/uploads\/2023\/03\/foto_programaAIV-18x12.jpg 18w, https:\/\/alinvest-verde.eu\/wp-content\/uploads\/2023\/03\/foto_programaAIV.jpg 1086w\" sizes=\"(max-width: 1024px) 100vw, 1024px\" \/><figcaption class=\"wp-element-caption\"><br><strong>Green economy projects in Peru are being promoted with an investment of nearly 1.5 million euros&nbsp;<\/strong><br>The programme - through the implementation of its <a href=\"https:\/\/alinvest-verde.eu\/en_gb\/acerca-del-componente-1\/\">Component 1<\/a> - selected 25 projects out of 136 proposals received during the first call for proposals from all over Latin America. In Peru, four projects focused on the transition towards low-carbon, resource-efficient and more circular business models will benefit 840 MSMEs. <br><br><a href=\"https:\/\/alinvest-verde.eu\/en_gb\/cerca-de-un-millon-medio-de-euros-seran-destinados-a-impulsar-proyectos-de-economia-verde-y-sostenibilidad-ambiental-en-peru\/\" target=\"_blank\" rel=\"noreferrer noopener\">Read full story<\/a><\/figcaption><\/figure>\n\n\n\n<figure class=\"wp-block-image alignright size-large\"><img decoding=\"async\" width=\"1024\" height=\"684\" src=\"https:\/\/alinvest-verde.eu\/wp-content\/uploads\/2023\/02\/IMG-20230201-WA0009-1024x684.jpg\" alt=\"\" class=\"wp-image-4654\" srcset=\"https:\/\/alinvest-verde.eu\/wp-content\/uploads\/2023\/02\/IMG-20230201-WA0009-1024x684.jpg 1024w, https:\/\/alinvest-verde.eu\/wp-content\/uploads\/2023\/02\/IMG-20230201-WA0009-300x200.jpg 300w, https:\/\/alinvest-verde.eu\/wp-content\/uploads\/2023\/02\/IMG-20230201-WA0009-768x513.jpg 768w, https:\/\/alinvest-verde.eu\/wp-content\/uploads\/2023\/02\/IMG-20230201-WA0009-18x12.jpg 18w, https:\/\/alinvest-verde.eu\/wp-content\/uploads\/2023\/02\/IMG-20230201-WA0009.jpg 1504w\" sizes=\"(max-width: 1024px) 100vw, 1024px\" \/><figcaption class=\"wp-element-caption\"><strong>2 million will be used to promote green economy and environmental sustainability projects in Colombia.<\/strong><br><br>The European Union announced the five winning projects for Colombia under Component 1 of the AL-INVEST Verde programme, with an investment of close to \u20ac1.9 million, which will benefit more than 2,500 entrepreneurs and MSMEs from all sectors in Colombia. The programme seeks to support the energy transition, job creation, increased turnover, the adoption of sustainable production practices and the development of rural women entrepreneurs.<br><br><a href=\"https:\/\/alinvest-verde.eu\/en_gb\/cerca-de-2-millones-de-euros-seran-destinados-a-impulsar-proyectos-de-economia-verde-y-sostenibilidad-ambiental-en-colombia\/\" target=\"_blank\" rel=\"noreferrer noopener\">Read full story<\/a>&nbsp;<\/figcaption><\/figure>\n\n\n\n<figure class=\"wp-block-image size-large\"><img decoding=\"async\" width=\"1024\" height=\"576\" src=\"https:\/\/alinvest-verde.eu\/wp-content\/uploads\/2023\/02\/13-1024x576.jpg\" alt=\"\" class=\"wp-image-4909\" srcset=\"https:\/\/alinvest-verde.eu\/wp-content\/uploads\/2023\/02\/13-1024x576.jpg 1024w, https:\/\/alinvest-verde.eu\/wp-content\/uploads\/2023\/02\/13-300x169.jpg 300w, https:\/\/alinvest-verde.eu\/wp-content\/uploads\/2023\/02\/13-768x432.jpg 768w, https:\/\/alinvest-verde.eu\/wp-content\/uploads\/2023\/02\/13-1536x864.jpg 1536w, https:\/\/alinvest-verde.eu\/wp-content\/uploads\/2023\/02\/13-2048x1152.jpg 2048w, https:\/\/alinvest-verde.eu\/wp-content\/uploads\/2023\/02\/13-18x10.jpg 18w\" sizes=\"(max-width: 1024px) 100vw, 1024px\" \/><figcaption class=\"wp-element-caption\"><strong>Argentina's Santa Fe province starts collaboration with AL-INVEST Verde for the sustainability of the meat sector<\/strong><br><br>The government of Santa Fe (Argentina) and the&nbsp;<a href=\"https:\/\/alinvest-verde.eu\/en_gb\/component-2\/\">Component 2<\/a>&nbsp;have initiated a joint action to strengthen public policies on sustainability in the meat sector. Through this action, AL-INVEST Verde will provide support to the technical teams of the Ministry of Production, Science and Technology (MPCT) and the Ministry of Environment and Climate Change (MACC) of the Province of Santa Fe.<br><br><a href=\"https:\/\/alinvest-verde.eu\/en_gb\/la-provincia-argentina-de-santa-fe-inicia-colaboracion-con-al-invest-verde-para-la-sostenibilidad-del-sector-carnico\/\" target=\"_blank\" rel=\"noreferrer noopener\">Read full story<\/a><\/figcaption><\/figure>\n\n\n\n<figure class=\"wp-block-image size-full\"><img loading=\"lazy\" decoding=\"async\" width=\"1003\" height=\"599\" src=\"https:\/\/alinvest-verde.eu\/wp-content\/uploads\/2022\/12\/2022-12-05-Reunion-plenaria-Paraguay.jpeg\" alt=\"\" class=\"wp-image-4119\" srcset=\"https:\/\/alinvest-verde.eu\/wp-content\/uploads\/2022\/12\/2022-12-05-Reunion-plenaria-Paraguay.jpeg 1003w, https:\/\/alinvest-verde.eu\/wp-content\/uploads\/2022\/12\/2022-12-05-Reunion-plenaria-Paraguay-300x179.jpeg 300w, https:\/\/alinvest-verde.eu\/wp-content\/uploads\/2022\/12\/2022-12-05-Reunion-plenaria-Paraguay-768x459.jpeg 768w, https:\/\/alinvest-verde.eu\/wp-content\/uploads\/2022\/12\/2022-12-05-Reunion-plenaria-Paraguay-18x12.jpeg 18w\" sizes=\"(max-width: 1003px) 100vw, 1003px\" \/><figcaption class=\"wp-element-caption\"><strong>Cooperation with REDIEX in Paraguay to support the traceability of the leather production process and its certification.&nbsp;<\/strong><br><br>Component 2 and the Paraguayan Investment and Export Network (REDIEX) have initiated a joint action to promote the development of a national strategy to establish the traceability of the leather production process. To this end, individual identification, residence and health records of the animal will be carried out, which will be cross-checked with data from Paraguay's National Forestry Institute (INFONA) on land use change.<br><br><a href=\"https:\/\/alinvest-verde.eu\/en_gb\/al-invest-verde-colabora-con-rediex-en-paraguay-para-apoyar-la-trazabilidad-del-proceso-productivo-del-cuero-y-su-certificacion\/\" target=\"_blank\" rel=\"noreferrer noopener\">Read full story<\/a><\/figcaption><\/figure>\n\n\n\n<figure class=\"wp-block-image size-large\"><img loading=\"lazy\" decoding=\"async\" width=\"1024\" height=\"682\" src=\"https:\/\/alinvest-verde.eu\/wp-content\/uploads\/2023\/02\/thermometer-1539191_1280-1024x682.jpg\" alt=\"\" class=\"wp-image-5004\" srcset=\"https:\/\/alinvest-verde.eu\/wp-content\/uploads\/2023\/02\/thermometer-1539191_1280-1024x682.jpg 1024w, https:\/\/alinvest-verde.eu\/wp-content\/uploads\/2023\/02\/thermometer-1539191_1280-300x200.jpg 300w, https:\/\/alinvest-verde.eu\/wp-content\/uploads\/2023\/02\/thermometer-1539191_1280-768x512.jpg 768w, https:\/\/alinvest-verde.eu\/wp-content\/uploads\/2023\/02\/thermometer-1539191_1280-18x12.jpg 18w, https:\/\/alinvest-verde.eu\/wp-content\/uploads\/2023\/02\/thermometer-1539191_1280.jpg 1280w\" sizes=\"(max-width: 1024px) 100vw, 1024px\" \/><figcaption class=\"wp-element-caption\"><strong>European Commission promotes matchmaking platform and high-level EU-LAC Pharmaceutical Forum<\/strong><br><br>The European Commission has launched an online matchmaking platform to promote collaboration between Latin American and Caribbean (LAC) entities involved in pharmaceutical production and their counterparts in the European Union (EU). It will also organise a high-level forum on \"Sharing pharmaceutical innovations between the European Union and Latin America and the Caribbean\" on 21 March.<br>&nbsp;<br><a href=\"https:\/\/alinvest-verde.eu\/en_gb\/la-comision-europea-promueve-una-plataforma-de-matchmaking-y-un-foro-farmaceutico-de-alto-nivel-ue-lac-2\/\" target=\"_blank\" rel=\"noreferrer noopener\">Read full story&nbsp;<\/a><\/figcaption><\/figure>\n\n\n\n<figure class=\"wp-block-image size-large\"><img loading=\"lazy\" decoding=\"async\" width=\"1024\" height=\"544\" src=\"https:\/\/alinvest-verde.eu\/wp-content\/uploads\/2023\/03\/learningportalc3-1024x544.png\" alt=\"\" class=\"wp-image-5163\" srcset=\"https:\/\/alinvest-verde.eu\/wp-content\/uploads\/2023\/03\/learningportalc3-1024x544.png 1024w, https:\/\/alinvest-verde.eu\/wp-content\/uploads\/2023\/03\/learningportalc3-300x159.png 300w, https:\/\/alinvest-verde.eu\/wp-content\/uploads\/2023\/03\/learningportalc3-768x408.png 768w, https:\/\/alinvest-verde.eu\/wp-content\/uploads\/2023\/03\/learningportalc3-18x10.png 18w, https:\/\/alinvest-verde.eu\/wp-content\/uploads\/2023\/03\/learningportalc3.png 1278w\" sizes=\"(max-width: 1024px) 100vw, 1024px\" \/><figcaption class=\"wp-element-caption\"><strong>New training portal<br><\/strong><br>The &nbsp;<a href=\"https:\/\/alinvest-verde.eu\/en_gb\/acerca-del-componente-3\/\" target=\"_blank\" rel=\"noreferrer noopener\">Component 3<\/a> AL-INVEST Verde IPR, led by the EU Intellectual Property Office (<a href=\"https:\/\/euipo.europa.eu\/ohimportal\/es\/\" target=\"_blank\" rel=\"noreferrer noopener\">EUIPO<\/a>), has developed a new <a href=\"https:\/\/internationalipcooperation.eu\/en\/alinvest-pi\/learning\">training portal<\/a><a href=\"https:\/\/internationalipcooperation.eu\/en\/alinvest-pi\/learning\" target=\"_blank\" rel=\"noreferrer noopener\">n<\/a> to disseminate seminars and other actions to enhance the value of intellectual property rights (IPR) management for employment and the circular economy.<\/figcaption><\/figure>\n\n\n\n<figure class=\"wp-block-table is-style-stripes\"><table><tbody><tr><td><img decoding=\"async\" class=\"\" src=\"https:\/\/img.mailinblue.com\/5610116\/images\/content_library\/original\/63f3f035664baf3b854868ad.jpg\" width=\"270\"><\/td><td><strong>AL-INVEST Verde Library&nbsp;<\/strong><br><br>Component 2 has published the study \"Traceability initiatives in the meat and leather value chains in Brazil\". Find <a href=\"https:\/\/alinvest-verde.eu\/en_gb\/elementor-5094\/\" target=\"_blank\" rel=\"noreferrer noopener\"><strong>here<\/strong><\/a><a href=\"https:\/\/alinvest-verde.eu\/en_gb\/documentos-de-interes-componente-2\/\" target=\"_blank\" rel=\"noreferrer noopener\"> <\/a>the full study. &nbsp;<\/td><\/tr><\/tbody><\/table><\/figure>\n\n\n\n<figure class=\"wp-block-table has-medium-font-size\"><table class=\"has-white-color has-vivid-green-cyan-background-color has-text-color has-background\"><tbody><tr><td class=\"has-text-align-left\" data-align=\"left\"><strong>Second Call for Proposals&nbsp;<br><\/strong><br>The&nbsp;<a href=\"https:\/\/alinvest-verde.eu\/en_gb\/acerca-del-componente-1\/\" target=\"_blank\" rel=\"noreferrer noopener\">Component 1<\/a>&nbsp;is working on the Second Call for Proposals for online green economy projects with the objective of promoting job creation and sustainability in Latin America. Details of the call for proposals will be announced soon.&nbsp;<br>\u00ad<br><a href=\"https:\/\/alinvest-verde.eu\/en_gb\/segunda-convocatoria\/\" target=\"_blank\" rel=\"noreferrer noopener\">Find out about the requirements for participation<\/a><br>\u00ad<\/td><\/tr><\/tbody><\/table><\/figure>\n\n\n\n<figure class=\"wp-block-table alignleft is-style-stripes\"><table><tbody><tr><td class=\"has-text-align-center\" data-align=\"center\"> <br>                                                        <br><br><img decoding=\"async\" class=\"\" src=\"https:\/\/img.mailinblue.com\/5610116\/images\/content_library\/original\/6409feee2e3a3e57b447ea68.jpg\" width=\"270\">                                               <br>                                                                                                                     <\/td><td><br><strong>AL-INVEST Verde TV&nbsp;<\/strong> <br>We promote activities and initiatives on green jobs, circular economy, sustainability of production chains and intellectual property rights. Get to know our channel <a href=\"https:\/\/alinvest-verde.eu\/en_gb\/al-invest-verde-tv\/\" target=\"_blank\" rel=\"noreferrer noopener\">AL-INVEST Verde TV<\/a> and access all the videos.<\/td><\/tr><\/tbody><\/table><\/figure>\n\n\n\n<p class=\"wp-block-paragraph\"><\/p>\n\n\n\n<p class=\"wp-block-paragraph\"><strong>About AL-INVEST Verde<\/strong>&nbsp;<\/p>\n\n\n\n<p class=\"wp-block-paragraph\">AL-INVEST Verde is a programme funded by the European Union to promote sustainable growth and job creation in Latin America. It is divided into three components (Components 1, 2, 3) that work, respectively, with the private sector, public institutions in the region and in the management of intellectual property rights.&nbsp;<\/p>\n\n\n\n<p class=\"has-text-align-center wp-block-paragraph\"><a href=\"https:\/\/alinvest-verde.eu\/en_gb\/\" target=\"_blank\" rel=\"noreferrer noopener\"><strong>www.alinvest-verde.eu<\/strong><\/a><\/p>\n\n\n\n<p class=\"wp-block-paragraph\"><\/p>","protected":false},"excerpt":{"rendered":"<p>The March e-bulletin highlights the presentation of the partnership projects promoted by Component 1, the programme's collaboration with the meat sector promoted by Component 2 and the launch of Component 3's IPR training portal.<\/p>","protected":false},"featured_media":5270,"template":"","class_list":["post-5158","newslette","type-newslette","status-publish","has-post-thumbnail","hentry"],"yoast_head":"<!-- This site is optimized with the Yoast SEO plugin v28.4 - https:\/\/yoast.com\/product\/yoast-seo-wordpress\/ -->\n<title>Marzo 2023 - Programme AL-INVEST Verde<\/title>\n<meta name=\"robots\" content=\"index, follow, max-snippet:-1, max-image-preview:large, max-video-preview:-1\" \/>\n<link rel=\"canonical\" href=\"https:\/\/alinvest-verde.eu\/en_gb\/newslette\/5158-2\/\" \/>\n<meta property=\"og:locale\" content=\"en_GB\" \/>\n<meta property=\"og:type\" content=\"article\" \/>\n<meta property=\"og:title\" content=\"Marzo 2023 - Programme AL-INVEST Verde\" \/>\n<meta property=\"og:description\" content=\"El bolet\u00edn electr\u00f3nico de marzo destaca la presentaci\u00f3n de los proyectos de partenariado promovidos por el Componente 1, la colaboraci\u00f3n del programa con el sector c\u00e1rnico impulsada por el Componente 2 y el lanzamiento del portal de formaci\u00f3n en derechos de propiedad intelectual del Componente 3.\" \/>\n<meta property=\"og:url\" content=\"https:\/\/alinvest-verde.eu\/en_gb\/newslette\/5158-2\/\" \/>\n<meta property=\"og:site_name\" content=\"Programme AL-INVEST Verde\" \/>\n<meta property=\"article:modified_time\" content=\"2024-05-31T01:40:59+00:00\" \/>\n<meta property=\"og:image\" content=\"https:\/\/alinvest-verde.eu\/wp-content\/uploads\/2023\/03\/newsletter-e1678915784302.jpg\" \/>\n\t<meta property=\"og:image:width\" content=\"160\" \/>\n\t<meta property=\"og:image:height\" content=\"332\" \/>\n\t<meta property=\"og:image:type\" content=\"image\/jpeg\" \/>\n<meta name=\"twitter:card\" content=\"summary_large_image\" \/>\n<meta name=\"twitter:label1\" content=\"Estimated reading time\" \/>\n\t<meta name=\"twitter:data1\" content=\"5 minutes\" \/>\n<script type=\"application\/ld+json\" class=\"yoast-schema-graph\">{\"@context\":\"https:\\\/\\\/schema.org\",\"@graph\":[{\"@type\":\"WebPage\",\"@id\":\"https:\\\/\\\/alinvest-verde.eu\\\/newslette\\\/5158-2\\\/\",\"url\":\"https:\\\/\\\/alinvest-verde.eu\\\/newslette\\\/5158-2\\\/\",\"name\":\"Marzo 2023 - Programme AL-INVEST Verde\",\"isPartOf\":{\"@id\":\"https:\\\/\\\/alinvest-verde.eu\\\/#website\"},\"primaryImageOfPage\":{\"@id\":\"https:\\\/\\\/alinvest-verde.eu\\\/newslette\\\/5158-2\\\/#primaryimage\"},\"image\":{\"@id\":\"https:\\\/\\\/alinvest-verde.eu\\\/newslette\\\/5158-2\\\/#primaryimage\"},\"thumbnailUrl\":\"https:\\\/\\\/alinvest-verde.eu\\\/wp-content\\\/uploads\\\/2023\\\/03\\\/newsletter-e1678915784302.jpg\",\"datePublished\":\"2023-03-08T21:10:31+00:00\",\"dateModified\":\"2024-05-31T01:40:59+00:00\",\"breadcrumb\":{\"@id\":\"https:\\\/\\\/alinvest-verde.eu\\\/newslette\\\/5158-2\\\/#breadcrumb\"},\"inLanguage\":\"en-GB\",\"potentialAction\":[{\"@type\":\"ReadAction\",\"target\":[\"https:\\\/\\\/alinvest-verde.eu\\\/newslette\\\/5158-2\\\/\"]}]},{\"@type\":\"ImageObject\",\"inLanguage\":\"en-GB\",\"@id\":\"https:\\\/\\\/alinvest-verde.eu\\\/newslette\\\/5158-2\\\/#primaryimage\",\"url\":\"https:\\\/\\\/alinvest-verde.eu\\\/wp-content\\\/uploads\\\/2023\\\/03\\\/newsletter-e1678915784302.jpg\",\"contentUrl\":\"https:\\\/\\\/alinvest-verde.eu\\\/wp-content\\\/uploads\\\/2023\\\/03\\\/newsletter-e1678915784302.jpg\",\"width\":160,\"height\":332},{\"@type\":\"BreadcrumbList\",\"@id\":\"https:\\\/\\\/alinvest-verde.eu\\\/newslette\\\/5158-2\\\/#breadcrumb\",\"itemListElement\":[{\"@type\":\"ListItem\",\"position\":1,\"name\":\"Inicio\",\"item\":\"https:\\\/\\\/alinvest-verde.eu\\\/\"},{\"@type\":\"ListItem\",\"position\":2,\"name\":\"Marzo 2023\"}]},{\"@type\":\"WebSite\",\"@id\":\"https:\\\/\\\/alinvest-verde.eu\\\/#website\",\"url\":\"https:\\\/\\\/alinvest-verde.eu\\\/\",\"name\":\"Programme AL-INVEST Verde\",\"description\":\"Building alliances with the private sector in LA and promote sustainable growth and jobs creation by supporting the transition towards a low-carbon, resource-efficient economy\",\"publisher\":{\"@id\":\"https:\\\/\\\/alinvest-verde.eu\\\/#organization\"},\"potentialAction\":[{\"@type\":\"SearchAction\",\"target\":{\"@type\":\"EntryPoint\",\"urlTemplate\":\"https:\\\/\\\/alinvest-verde.eu\\\/?s={search_term_string}\"},\"query-input\":{\"@type\":\"PropertyValueSpecification\",\"valueRequired\":true,\"valueName\":\"search_term_string\"}}],\"inLanguage\":\"en-GB\"},{\"@type\":\"Organization\",\"@id\":\"https:\\\/\\\/alinvest-verde.eu\\\/#organization\",\"name\":\"Programme AL-INVEST Verde\",\"url\":\"https:\\\/\\\/alinvest-verde.eu\\\/\",\"logo\":{\"@type\":\"ImageObject\",\"inLanguage\":\"en-GB\",\"@id\":\"https:\\\/\\\/alinvest-verde.eu\\\/#\\\/schema\\\/logo\\\/image\\\/\",\"url\":\"https:\\\/\\\/alinvest-verde.eu\\\/wp-content\\\/uploads\\\/2022\\\/01\\\/cropped-logo-financiado-por-la-UE.jpg\",\"contentUrl\":\"https:\\\/\\\/alinvest-verde.eu\\\/wp-content\\\/uploads\\\/2022\\\/01\\\/cropped-logo-financiado-por-la-UE.jpg\",\"width\":756,\"height\":216,\"caption\":\"Programme AL-INVEST Verde\"},\"image\":{\"@id\":\"https:\\\/\\\/alinvest-verde.eu\\\/#\\\/schema\\\/logo\\\/image\\\/\"}}]}<\/script>\n<!-- \/ Yoast SEO plugin. -->","yoast_head_json":{"title":"March 2023 - Programme AL-INVEST Verde","robots":{"index":"index","follow":"follow","max-snippet":"max-snippet:-1","max-image-preview":"max-image-preview:large","max-video-preview":"max-video-preview:-1"},"canonical":"https:\/\/alinvest-verde.eu\/en_gb\/newslette\/5158-2\/","og_locale":"en_GB","og_type":"article","og_title":"Marzo 2023 - Programme AL-INVEST Verde","og_description":"El bolet\u00edn electr\u00f3nico de marzo destaca la presentaci\u00f3n de los proyectos de partenariado promovidos por el Componente 1, la colaboraci\u00f3n del programa con el sector c\u00e1rnico impulsada por el Componente 2 y el lanzamiento del portal de formaci\u00f3n en derechos de propiedad intelectual del Componente 3.","og_url":"https:\/\/alinvest-verde.eu\/en_gb\/newslette\/5158-2\/","og_site_name":"Programme AL-INVEST Verde","article_modified_time":"2024-05-31T01:40:59+00:00","og_image":[{"width":160,"height":332,"url":"https:\/\/alinvest-verde.eu\/wp-content\/uploads\/2023\/03\/newsletter-e1678915784302.jpg","type":"image\/jpeg"}],"twitter_card":"summary_large_image","twitter_misc":{"Estimated reading time":"5 minutes"},"schema":{"@context":"https:\/\/schema.org","@graph":[{"@type":"WebPage","@id":"https:\/\/alinvest-verde.eu\/newslette\/5158-2\/","url":"https:\/\/alinvest-verde.eu\/newslette\/5158-2\/","name":"March 2023 - Programme AL-INVEST Verde","isPartOf":{"@id":"https:\/\/alinvest-verde.eu\/#website"},"primaryImageOfPage":{"@id":"https:\/\/alinvest-verde.eu\/newslette\/5158-2\/#primaryimage"},"image":{"@id":"https:\/\/alinvest-verde.eu\/newslette\/5158-2\/#primaryimage"},"thumbnailUrl":"https:\/\/alinvest-verde.eu\/wp-content\/uploads\/2023\/03\/newsletter-e1678915784302.jpg","datePublished":"2023-03-08T21:10:31+00:00","dateModified":"2024-05-31T01:40:59+00:00","breadcrumb":{"@id":"https:\/\/alinvest-verde.eu\/newslette\/5158-2\/#breadcrumb"},"inLanguage":"en-GB","potentialAction":[{"@type":"ReadAction","target":["https:\/\/alinvest-verde.eu\/newslette\/5158-2\/"]}]},{"@type":"ImageObject","inLanguage":"en-GB","@id":"https:\/\/alinvest-verde.eu\/newslette\/5158-2\/#primaryimage","url":"https:\/\/alinvest-verde.eu\/wp-content\/uploads\/2023\/03\/newsletter-e1678915784302.jpg","contentUrl":"https:\/\/alinvest-verde.eu\/wp-content\/uploads\/2023\/03\/newsletter-e1678915784302.jpg","width":160,"height":332},{"@type":"BreadcrumbList","@id":"https:\/\/alinvest-verde.eu\/newslette\/5158-2\/#breadcrumb","itemListElement":[{"@type":"ListItem","position":1,"name":"Inicio","item":"https:\/\/alinvest-verde.eu\/"},{"@type":"ListItem","position":2,"name":"Marzo 2023"}]},{"@type":"WebSite","@id":"https:\/\/alinvest-verde.eu\/#website","url":"https:\/\/alinvest-verde.eu\/","name":"Programme AL-INVEST Verde","description":"Building alliances with the private sector in LA and promote sustainable growth and jobs creation by supporting the transition towards a low-carbon, resource-efficient economy","publisher":{"@id":"https:\/\/alinvest-verde.eu\/#organization"},"potentialAction":[{"@type":"SearchAction","target":{"@type":"EntryPoint","urlTemplate":"https:\/\/alinvest-verde.eu\/?s={search_term_string}"},"query-input":{"@type":"PropertyValueSpecification","valueRequired":true,"valueName":"search_term_string"}}],"inLanguage":"en-GB"},{"@type":"Organization","@id":"https:\/\/alinvest-verde.eu\/#organization","name":"Programme AL-INVEST Verde","url":"https:\/\/alinvest-verde.eu\/","logo":{"@type":"ImageObject","inLanguage":"en-GB","@id":"https:\/\/alinvest-verde.eu\/#\/schema\/logo\/image\/","url":"https:\/\/alinvest-verde.eu\/wp-content\/uploads\/2022\/01\/cropped-logo-financiado-por-la-UE.jpg","contentUrl":"https:\/\/alinvest-verde.eu\/wp-content\/uploads\/2022\/01\/cropped-logo-financiado-por-la-UE.jpg","width":756,"height":216,"caption":"Programme AL-INVEST Verde"},"image":{"@id":"https:\/\/alinvest-verde.eu\/#\/schema\/logo\/image\/"}}]}},"_links":{"self":[{"href":"https:\/\/alinvest-verde.eu\/en_gb\/wp-json\/wp\/v2\/newslette\/5158","targetHints":{"allow":["GET"]}}],"collection":[{"href":"https:\/\/alinvest-verde.eu\/en_gb\/wp-json\/wp\/v2\/newslette"}],"about":[{"href":"https:\/\/alinvest-verde.eu\/en_gb\/wp-json\/wp\/v2\/types\/newslette"}],"version-history":[{"count":14,"href":"https:\/\/alinvest-verde.eu\/en_gb\/wp-json\/wp\/v2\/newslette\/5158\/revisions"}],"predecessor-version":[{"id":12958,"href":"https:\/\/alinvest-verde.eu\/en_gb\/wp-json\/wp\/v2\/newslette\/5158\/revisions\/12958"}],"wp:featuredmedia":[{"embeddable":true,"href":"https:\/\/alinvest-verde.eu\/en_gb\/wp-json\/wp\/v2\/media\/5270"}],"wp:attachment":[{"href":"https:\/\/alinvest-verde.eu\/en_gb\/wp-json\/wp\/v2\/media?parent=5158"}],"curies":[{"name":"wp","href":"https:\/\/api.w.org\/{rel}","templated":true}]}}