{"id":5799,"date":"2023-04-14T02:45:03","date_gmt":"2023-04-14T00:45:03","guid":{"rendered":"https:\/\/alinvest-verde.eu\/?post_type=newslette&#038;p=5799"},"modified":"2024-05-31T03:40:31","modified_gmt":"2024-05-31T01:40:31","slug":"5799","status":"publish","type":"newslette","link":"https:\/\/alinvest-verde.eu\/en_gb\/newslette\/5799\/","title":{"rendered":"April 2023"},"content":{"rendered":"<figure class=\"wp-block-image size-full\"><img fetchpriority=\"high\" decoding=\"async\" width=\"1024\" height=\"722\" src=\"https:\/\/alinvest-verde.eu\/wp-content\/uploads\/2023\/04\/image-1.png\" alt=\"\" class=\"wp-image-5800\" srcset=\"https:\/\/alinvest-verde.eu\/wp-content\/uploads\/2023\/04\/image-1.png 1024w, https:\/\/alinvest-verde.eu\/wp-content\/uploads\/2023\/04\/image-1-300x212.png 300w, https:\/\/alinvest-verde.eu\/wp-content\/uploads\/2023\/04\/image-1-768x542.png 768w, https:\/\/alinvest-verde.eu\/wp-content\/uploads\/2023\/04\/image-1-18x12.png 18w\" sizes=\"(max-width: 1024px) 100vw, 1024px\" \/><\/figure>\n\n\n\n<p class=\"wp-block-paragraph\"><strong>THE IMPACT OF THE EUROPEAN UNION'S DEFORESTATION REGULATION ANALYSED IN PERU<\/strong><\/p>\n\n\n\n<p class=\"wp-block-paragraph\">At the invitation of the World Bank and the Peruvian Ministry of Foreign Trade and Tourism (MINCETUR), Component 2 of AL-INVEST Verde participated in various meetings in Lima with public and private actors responsible for the agro-export chains of timber, coffee, cocoa and palm oil. During the meetings, the impact of the European Union's deforestation regulation on their exports was analysed. <\/p>\n\n\n\n<p class=\"wp-block-paragraph\"><a href=\"https:\/\/alinvest-verde.eu\/en_gb\/se-analiza-en-peru-el-impacto-del-reglamento-de-deforestacion-de-la-ue\/\">Read full story<\/a><\/p>\n\n\n\n<figure class=\"wp-block-image size-large\"><img decoding=\"async\" width=\"1024\" height=\"681\" src=\"https:\/\/alinvest-verde.eu\/wp-content\/uploads\/2023\/04\/image-2-1024x681.png\" alt=\"\" class=\"wp-image-5801\" srcset=\"https:\/\/alinvest-verde.eu\/wp-content\/uploads\/2023\/04\/image-2-1024x681.png 1024w, https:\/\/alinvest-verde.eu\/wp-content\/uploads\/2023\/04\/image-2-300x200.png 300w, https:\/\/alinvest-verde.eu\/wp-content\/uploads\/2023\/04\/image-2-768x511.png 768w, https:\/\/alinvest-verde.eu\/wp-content\/uploads\/2023\/04\/image-2-1536x1021.png 1536w, https:\/\/alinvest-verde.eu\/wp-content\/uploads\/2023\/04\/image-2-18x12.png 18w, https:\/\/alinvest-verde.eu\/wp-content\/uploads\/2023\/04\/image-2.png 1600w\" sizes=\"(max-width: 1024px) 100vw, 1024px\" \/><\/figure>\n\n\n\n<p class=\"wp-block-paragraph\"><strong>BEGREEN PROJECT WILL SUPPORT MORE THAN 1,000 BEEKEEPERS TO PROMOTE GREEN JOBS IN BOLIVIA&nbsp;<\/strong><\/p>\n\n\n\n<p class=\"wp-block-paragraph\">The Bolivian National Chamber of Commerce, in partnership with the Confederation of Farmers of Umbria (Italy), received a grant under the First Call for project proposals under Component 1 of the AL-INVEST Verde programme.<\/p>\n\n\n\n<p class=\"wp-block-paragraph\"><a href=\"https:\/\/alinvest-verde.eu\/en_gb\/proyecto-beegreen-apoyara-a-mas-de-1-000-productores-del-sector-apicola-para-el-fomento-de-empleos-verdes-en-bolivia\/\">Read full story<\/a><\/p>\n\n\n\n<figure class=\"wp-block-image size-large\"><img decoding=\"async\" src=\"https:\/\/alinvest-verde.eu\/wp-content\/uploads\/2023\/04\/image-3-1024x809.png\" alt=\"\" class=\"wp-image-5802\"\/><\/figure>\n\n\n\n<p class=\"wp-block-paragraph\"><strong>WORK CONTINUES IN PARAGUAY TO SUPPORT FOREST SECTOR SUSTAINABILITY<\/strong><\/p>\n\n\n\n<p class=\"wp-block-paragraph\">In the framework of the technical assistance that AL-INVEST Verde provides to the Paraguayan Investment and Export Network (REDIEX), through Component 2, a technical mission was carried out in the country from 13 to 23 February to define sustainable strategies in the forestry sector.<\/p>\n\n\n\n<p class=\"wp-block-paragraph\"><a href=\"https:\/\/alinvest-verde.eu\/en_gb\/continua-el-trabajo-en-paraguay-para-apoyar-la-sostenibilidad-del-sector-forestal\/\">Read full story<\/a><\/p>\n\n\n\n<figure class=\"wp-block-image size-full\"><img decoding=\"async\" width=\"960\" height=\"720\" src=\"https:\/\/alinvest-verde.eu\/wp-content\/uploads\/2023\/04\/image-4.png\" alt=\"\" class=\"wp-image-5803\" srcset=\"https:\/\/alinvest-verde.eu\/wp-content\/uploads\/2023\/04\/image-4.png 960w, https:\/\/alinvest-verde.eu\/wp-content\/uploads\/2023\/04\/image-4-300x225.png 300w, https:\/\/alinvest-verde.eu\/wp-content\/uploads\/2023\/04\/image-4-768x576.png 768w, https:\/\/alinvest-verde.eu\/wp-content\/uploads\/2023\/04\/image-4-16x12.png 16w\" sizes=\"(max-width: 960px) 100vw, 960px\" \/><\/figure>\n\n\n\n<p class=\"wp-block-paragraph\"><strong>TRACEABILITY OF THE PALM SECTOR<\/strong><\/p>\n\n\n\n<p class=\"wp-block-paragraph\">Good practices implemented in Guatemala to ensure crop sustainability&nbsp;<\/p>\n\n\n\n<p class=\"wp-block-paragraph\">When we talk about traceability, we refer to the implementation of processes or procedures that make it possible to be certain of the origin and the route, in a production cycle, through which a raw material or product passes. Therefore, traceability systems make it possible to ensure the origin of a product or raw material. In the case of palm oil, traceability systems based on satellite monitoring and analysis are relevant because they constitute a technical basis to ensure that the crop was established and developed from the beginning, free of deforestation; it can be demonstrated that there was no substitution of forests for the establishment of the palm plantation.<\/p>\n\n\n\n<p class=\"wp-block-paragraph\"><a href=\"https:\/\/alinvest-verde.eu\/en_gb\/trazabilidad-del-sector-palma\/\">Read full article<\/a><\/p>\n\n\n\n<figure class=\"wp-block-image size-full\"><img loading=\"lazy\" decoding=\"async\" width=\"879\" height=\"707\" src=\"https:\/\/alinvest-verde.eu\/wp-content\/uploads\/2023\/04\/image-5.png\" alt=\"\" class=\"wp-image-5804\" srcset=\"https:\/\/alinvest-verde.eu\/wp-content\/uploads\/2023\/04\/image-5.png 879w, https:\/\/alinvest-verde.eu\/wp-content\/uploads\/2023\/04\/image-5-300x241.png 300w, https:\/\/alinvest-verde.eu\/wp-content\/uploads\/2023\/04\/image-5-768x618.png 768w, https:\/\/alinvest-verde.eu\/wp-content\/uploads\/2023\/04\/image-5-15x12.png 15w\" sizes=\"(max-width: 879px) 100vw, 879px\" \/><\/figure>\n\n\n\n<p class=\"wp-block-paragraph\"><strong>PARTICIPATION AT THE LINEAPELLE FAIR IN MILAN ON TRACEABILITY IN THE LEATHER SECTOR IN PARAGUAY<\/strong><\/p>\n\n\n\n<p class=\"wp-block-paragraph\">AL-INVEST Verde Component 2 participated in the international leather and accessories exhibition Lineapelle 2023 in Milan (Italy). During the panel \"Traceability and circularity in the international leather value chain\", Lorenzo Nalin, programme manager of AL-INVEST Verde, presented the activities that the programme is currently developing in this field in Paraguay.<\/p>\n\n\n\n<p class=\"wp-block-paragraph\"><a href=\"https:\/\/alinvest-verde.eu\/en_gb\/participacion-en-la-feria-lineapelle-de-milan-sobre-trazabilidad-en-el-sector-del-cuero-en-paraguay\/\">Read full story<\/a><\/p>\n\n\n\n<figure class=\"wp-block-table is-style-stripes\"><table class=\"has-white-background-color has-background\"><tbody><tr><td><strong>WEBINAR: IPRs FOR THE PROMOTION OF THE GREEN ECONOMY<br><\/strong><br>In the framework of Earth Day and Intellectual Property Day, Components 1 and 3 of the AL-INVEST Verde programme are organising an online event on 25 April to discuss how intellectual property can drive opportunities for cooperation and sustainable innovation.<br><br>Further information <strong><a href=\"https:\/\/alinvest-verde.eu\/en_gb\/webinar-derechos-de-propiedad-intelectual-para-ei-impulso-de-la-economia-verde-en-las-pymes\/\">here<\/a><\/strong>.<\/td><\/tr><\/tbody><\/table><\/figure>\n\n\n\n<figure class=\"wp-block-table is-style-regular\"><table class=\"has-white-color has-vivid-green-cyan-background-color has-text-color has-background\"><tbody><tr><td><strong>AL-INVEST LIBRARY Green &nbsp;<\/strong><br><br>Component 2 presents the executive summary of the \"Dialogue for sustainable coffee in Latin America: good practices, challenges and future perspectives\", an event organised at the last edition of the SIGEP fair, held in Rimini (Italy) on 21 January. Find&nbsp;<a href=\"https:\/\/alinvest-verde.eu\/en_gb\/dialogo-para-un-cafe-sostenible-en-america-latina-buenas-practicas-desafios-y-perspectivas-futuras\/\" target=\"_blank\" rel=\"noreferrer noopener\"><strong>here<\/strong><\/a>&nbsp;the full document.<\/td><\/tr><\/tbody><\/table><\/figure>\n\n\n\n<figure class=\"wp-block-table is-style-regular\"><table class=\"has-white-color has-vivid-cyan-blue-background-color has-text-color has-background\"><tbody><tr><td><strong>AL-INVEST Verde TV &nbsp;<\/strong><br>Gaspar Frontini, Ambassador of the European Union in Peru, talks about the scope of the programme in the framework of the work with the private sector promoted by Component 1. More videos&nbsp;<a href=\"https:\/\/alinvest-verde.eu\/en_gb\/al-invest-verde-tv\/\" target=\"_blank\" rel=\"noreferrer noopener\"><strong>here<\/strong><\/a>.&nbsp;<\/td><\/tr><\/tbody><\/table><\/figure>\n\n\n\n<figure class=\"wp-block-image aligncenter size-large is-resized\"><img loading=\"lazy\" decoding=\"async\" src=\"https:\/\/alinvest-verde.eu\/wp-content\/uploads\/2023\/04\/image-10-1024x182.png\" alt=\"\" class=\"wp-image-5809\" width=\"501\" height=\"89\" srcset=\"https:\/\/alinvest-verde.eu\/wp-content\/uploads\/2023\/04\/image-10-1024x182.png 1024w, https:\/\/alinvest-verde.eu\/wp-content\/uploads\/2023\/04\/image-10-300x53.png 300w, https:\/\/alinvest-verde.eu\/wp-content\/uploads\/2023\/04\/image-10-768x137.png 768w, https:\/\/alinvest-verde.eu\/wp-content\/uploads\/2023\/04\/image-10-18x3.png 18w, https:\/\/alinvest-verde.eu\/wp-content\/uploads\/2023\/04\/image-10.png 1212w\" sizes=\"(max-width: 501px) 100vw, 501px\" \/><\/figure>","protected":false},"excerpt":{"rendered":"<p>The April e-bulletin highlights the work with the forestry sector being promoted by Component 2, as well as the work on traceability for the meat sector. It also allows us to learn about the good practices in palm cultivation implemented in Guatemala, a country that has promoted traceability systems throughout the production cycle.<\/p>","protected":false},"featured_media":5797,"template":"","class_list":["post-5799","newslette","type-newslette","status-publish","has-post-thumbnail","hentry"],"yoast_head":"<!-- This site is optimized with the Yoast SEO plugin v28.4 - https:\/\/yoast.com\/product\/yoast-seo-wordpress\/ -->\n<title>Abril 2023 - Programme AL-INVEST Verde<\/title>\n<meta name=\"robots\" content=\"index, follow, max-snippet:-1, max-image-preview:large, max-video-preview:-1\" \/>\n<link rel=\"canonical\" href=\"https:\/\/alinvest-verde.eu\/en_gb\/newslette\/5799\/\" \/>\n<meta property=\"og:locale\" content=\"en_GB\" \/>\n<meta property=\"og:type\" content=\"article\" \/>\n<meta property=\"og:title\" content=\"Abril 2023 - Programme AL-INVEST Verde\" \/>\n<meta property=\"og:description\" content=\"El bolet\u00edn electr\u00f3nico de abril destaca el trabajo con el sector forestal que viene promoviendo el Componente 2, as\u00ed como el trabajo por la trazabilidad para el sector c\u00e1rnico. Tambi\u00e9n nos permite conocer las buenas pr\u00e1cticas en el cultivo de palma implementadas en Guatemala, un pa\u00eds que ha impulsado sistemas de trazabilidad durante todo el ciclo productivo.\" \/>\n<meta property=\"og:url\" content=\"https:\/\/alinvest-verde.eu\/en_gb\/newslette\/5799\/\" \/>\n<meta property=\"og:site_name\" content=\"Programme AL-INVEST Verde\" \/>\n<meta property=\"article:modified_time\" content=\"2024-05-31T01:40:31+00:00\" \/>\n<meta property=\"og:image\" content=\"https:\/\/alinvest-verde.eu\/wp-content\/uploads\/2023\/04\/newsletter-abril-.jpg\" \/>\n\t<meta property=\"og:image:width\" content=\"432\" \/>\n\t<meta property=\"og:image:height\" content=\"720\" \/>\n\t<meta property=\"og:image:type\" content=\"image\/jpeg\" \/>\n<meta name=\"twitter:card\" content=\"summary_large_image\" \/>\n<meta name=\"twitter:label1\" content=\"Estimated reading time\" \/>\n\t<meta name=\"twitter:data1\" content=\"4 minutes\" \/>\n<script type=\"application\/ld+json\" class=\"yoast-schema-graph\">{\"@context\":\"https:\\\/\\\/schema.org\",\"@graph\":[{\"@type\":\"WebPage\",\"@id\":\"https:\\\/\\\/alinvest-verde.eu\\\/newslette\\\/5799\\\/\",\"url\":\"https:\\\/\\\/alinvest-verde.eu\\\/newslette\\\/5799\\\/\",\"name\":\"Abril 2023 - Programme AL-INVEST Verde\",\"isPartOf\":{\"@id\":\"https:\\\/\\\/alinvest-verde.eu\\\/#website\"},\"primaryImageOfPage\":{\"@id\":\"https:\\\/\\\/alinvest-verde.eu\\\/newslette\\\/5799\\\/#primaryimage\"},\"image\":{\"@id\":\"https:\\\/\\\/alinvest-verde.eu\\\/newslette\\\/5799\\\/#primaryimage\"},\"thumbnailUrl\":\"https:\\\/\\\/alinvest-verde.eu\\\/wp-content\\\/uploads\\\/2023\\\/04\\\/newsletter-abril-.jpg\",\"datePublished\":\"2023-04-14T00:45:03+00:00\",\"dateModified\":\"2024-05-31T01:40:31+00:00\",\"breadcrumb\":{\"@id\":\"https:\\\/\\\/alinvest-verde.eu\\\/newslette\\\/5799\\\/#breadcrumb\"},\"inLanguage\":\"en-GB\",\"potentialAction\":[{\"@type\":\"ReadAction\",\"target\":[\"https:\\\/\\\/alinvest-verde.eu\\\/newslette\\\/5799\\\/\"]}]},{\"@type\":\"ImageObject\",\"inLanguage\":\"en-GB\",\"@id\":\"https:\\\/\\\/alinvest-verde.eu\\\/newslette\\\/5799\\\/#primaryimage\",\"url\":\"https:\\\/\\\/alinvest-verde.eu\\\/wp-content\\\/uploads\\\/2023\\\/04\\\/newsletter-abril-.jpg\",\"contentUrl\":\"https:\\\/\\\/alinvest-verde.eu\\\/wp-content\\\/uploads\\\/2023\\\/04\\\/newsletter-abril-.jpg\",\"width\":432,\"height\":720},{\"@type\":\"BreadcrumbList\",\"@id\":\"https:\\\/\\\/alinvest-verde.eu\\\/newslette\\\/5799\\\/#breadcrumb\",\"itemListElement\":[{\"@type\":\"ListItem\",\"position\":1,\"name\":\"Inicio\",\"item\":\"https:\\\/\\\/alinvest-verde.eu\\\/\"},{\"@type\":\"ListItem\",\"position\":2,\"name\":\"Abril 2023\"}]},{\"@type\":\"WebSite\",\"@id\":\"https:\\\/\\\/alinvest-verde.eu\\\/#website\",\"url\":\"https:\\\/\\\/alinvest-verde.eu\\\/\",\"name\":\"Programme AL-INVEST Verde\",\"description\":\"Building alliances with the private sector in LA and promote sustainable growth and jobs creation by supporting the transition towards a low-carbon, resource-efficient economy\",\"publisher\":{\"@id\":\"https:\\\/\\\/alinvest-verde.eu\\\/#organization\"},\"potentialAction\":[{\"@type\":\"SearchAction\",\"target\":{\"@type\":\"EntryPoint\",\"urlTemplate\":\"https:\\\/\\\/alinvest-verde.eu\\\/?s={search_term_string}\"},\"query-input\":{\"@type\":\"PropertyValueSpecification\",\"valueRequired\":true,\"valueName\":\"search_term_string\"}}],\"inLanguage\":\"en-GB\"},{\"@type\":\"Organization\",\"@id\":\"https:\\\/\\\/alinvest-verde.eu\\\/#organization\",\"name\":\"Programme AL-INVEST Verde\",\"url\":\"https:\\\/\\\/alinvest-verde.eu\\\/\",\"logo\":{\"@type\":\"ImageObject\",\"inLanguage\":\"en-GB\",\"@id\":\"https:\\\/\\\/alinvest-verde.eu\\\/#\\\/schema\\\/logo\\\/image\\\/\",\"url\":\"https:\\\/\\\/alinvest-verde.eu\\\/wp-content\\\/uploads\\\/2022\\\/01\\\/cropped-logo-financiado-por-la-UE.jpg\",\"contentUrl\":\"https:\\\/\\\/alinvest-verde.eu\\\/wp-content\\\/uploads\\\/2022\\\/01\\\/cropped-logo-financiado-por-la-UE.jpg\",\"width\":756,\"height\":216,\"caption\":\"Programme AL-INVEST Verde\"},\"image\":{\"@id\":\"https:\\\/\\\/alinvest-verde.eu\\\/#\\\/schema\\\/logo\\\/image\\\/\"}}]}<\/script>\n<!-- \/ Yoast SEO plugin. -->","yoast_head_json":{"title":"April 2023 - Programme AL-INVEST Verde","robots":{"index":"index","follow":"follow","max-snippet":"max-snippet:-1","max-image-preview":"max-image-preview:large","max-video-preview":"max-video-preview:-1"},"canonical":"https:\/\/alinvest-verde.eu\/en_gb\/newslette\/5799\/","og_locale":"en_GB","og_type":"article","og_title":"Abril 2023 - Programme AL-INVEST Verde","og_description":"El bolet\u00edn electr\u00f3nico de abril destaca el trabajo con el sector forestal que viene promoviendo el Componente 2, as\u00ed como el trabajo por la trazabilidad para el sector c\u00e1rnico. Tambi\u00e9n nos permite conocer las buenas pr\u00e1cticas en el cultivo de palma implementadas en Guatemala, un pa\u00eds que ha impulsado sistemas de trazabilidad durante todo el ciclo productivo.","og_url":"https:\/\/alinvest-verde.eu\/en_gb\/newslette\/5799\/","og_site_name":"Programme AL-INVEST Verde","article_modified_time":"2024-05-31T01:40:31+00:00","og_image":[{"width":432,"height":720,"url":"https:\/\/alinvest-verde.eu\/wp-content\/uploads\/2023\/04\/newsletter-abril-.jpg","type":"image\/jpeg"}],"twitter_card":"summary_large_image","twitter_misc":{"Estimated reading time":"4 minutes"},"schema":{"@context":"https:\/\/schema.org","@graph":[{"@type":"WebPage","@id":"https:\/\/alinvest-verde.eu\/newslette\/5799\/","url":"https:\/\/alinvest-verde.eu\/newslette\/5799\/","name":"April 2023 - Programme AL-INVEST Verde","isPartOf":{"@id":"https:\/\/alinvest-verde.eu\/#website"},"primaryImageOfPage":{"@id":"https:\/\/alinvest-verde.eu\/newslette\/5799\/#primaryimage"},"image":{"@id":"https:\/\/alinvest-verde.eu\/newslette\/5799\/#primaryimage"},"thumbnailUrl":"https:\/\/alinvest-verde.eu\/wp-content\/uploads\/2023\/04\/newsletter-abril-.jpg","datePublished":"2023-04-14T00:45:03+00:00","dateModified":"2024-05-31T01:40:31+00:00","breadcrumb":{"@id":"https:\/\/alinvest-verde.eu\/newslette\/5799\/#breadcrumb"},"inLanguage":"en-GB","potentialAction":[{"@type":"ReadAction","target":["https:\/\/alinvest-verde.eu\/newslette\/5799\/"]}]},{"@type":"ImageObject","inLanguage":"en-GB","@id":"https:\/\/alinvest-verde.eu\/newslette\/5799\/#primaryimage","url":"https:\/\/alinvest-verde.eu\/wp-content\/uploads\/2023\/04\/newsletter-abril-.jpg","contentUrl":"https:\/\/alinvest-verde.eu\/wp-content\/uploads\/2023\/04\/newsletter-abril-.jpg","width":432,"height":720},{"@type":"BreadcrumbList","@id":"https:\/\/alinvest-verde.eu\/newslette\/5799\/#breadcrumb","itemListElement":[{"@type":"ListItem","position":1,"name":"Inicio","item":"https:\/\/alinvest-verde.eu\/"},{"@type":"ListItem","position":2,"name":"Abril 2023"}]},{"@type":"WebSite","@id":"https:\/\/alinvest-verde.eu\/#website","url":"https:\/\/alinvest-verde.eu\/","name":"Programme AL-INVEST Verde","description":"Building alliances with the private sector in LA and promote sustainable growth and jobs creation by supporting the transition towards a low-carbon, resource-efficient economy","publisher":{"@id":"https:\/\/alinvest-verde.eu\/#organization"},"potentialAction":[{"@type":"SearchAction","target":{"@type":"EntryPoint","urlTemplate":"https:\/\/alinvest-verde.eu\/?s={search_term_string}"},"query-input":{"@type":"PropertyValueSpecification","valueRequired":true,"valueName":"search_term_string"}}],"inLanguage":"en-GB"},{"@type":"Organization","@id":"https:\/\/alinvest-verde.eu\/#organization","name":"Programme AL-INVEST Verde","url":"https:\/\/alinvest-verde.eu\/","logo":{"@type":"ImageObject","inLanguage":"en-GB","@id":"https:\/\/alinvest-verde.eu\/#\/schema\/logo\/image\/","url":"https:\/\/alinvest-verde.eu\/wp-content\/uploads\/2022\/01\/cropped-logo-financiado-por-la-UE.jpg","contentUrl":"https:\/\/alinvest-verde.eu\/wp-content\/uploads\/2022\/01\/cropped-logo-financiado-por-la-UE.jpg","width":756,"height":216,"caption":"Programme AL-INVEST Verde"},"image":{"@id":"https:\/\/alinvest-verde.eu\/#\/schema\/logo\/image\/"}}]}},"_links":{"self":[{"href":"https:\/\/alinvest-verde.eu\/en_gb\/wp-json\/wp\/v2\/newslette\/5799","targetHints":{"allow":["GET"]}}],"collection":[{"href":"https:\/\/alinvest-verde.eu\/en_gb\/wp-json\/wp\/v2\/newslette"}],"about":[{"href":"https:\/\/alinvest-verde.eu\/en_gb\/wp-json\/wp\/v2\/types\/newslette"}],"version-history":[{"count":2,"href":"https:\/\/alinvest-verde.eu\/en_gb\/wp-json\/wp\/v2\/newslette\/5799\/revisions"}],"predecessor-version":[{"id":12957,"href":"https:\/\/alinvest-verde.eu\/en_gb\/wp-json\/wp\/v2\/newslette\/5799\/revisions\/12957"}],"wp:featuredmedia":[{"embeddable":true,"href":"https:\/\/alinvest-verde.eu\/en_gb\/wp-json\/wp\/v2\/media\/5797"}],"wp:attachment":[{"href":"https:\/\/alinvest-verde.eu\/en_gb\/wp-json\/wp\/v2\/media?parent=5799"}],"curies":[{"name":"wp","href":"https:\/\/api.w.org\/{rel}","templated":true}]}}