{"id":6275,"date":"2023-05-11T18:48:46","date_gmt":"2023-05-11T16:48:46","guid":{"rendered":"https:\/\/alinvest-verde.eu\/?post_type=newslette&#038;p=6275"},"modified":"2024-05-31T03:40:07","modified_gmt":"2024-05-31T01:40:07","slug":"6275","status":"publish","type":"newslette","link":"https:\/\/alinvest-verde.eu\/en_gb\/newslette\/6275\/","title":{"rendered":"May 2023"},"content":{"rendered":"<figure class=\"wp-block-image size-full\"><img fetchpriority=\"high\" decoding=\"async\" width=\"890\" height=\"668\" src=\"https:\/\/alinvest-verde.eu\/wp-content\/uploads\/2023\/05\/image-4.png\" alt=\"\" class=\"wp-image-6276\" srcset=\"https:\/\/alinvest-verde.eu\/wp-content\/uploads\/2023\/05\/image-4.png 890w, https:\/\/alinvest-verde.eu\/wp-content\/uploads\/2023\/05\/image-4-300x225.png 300w, https:\/\/alinvest-verde.eu\/wp-content\/uploads\/2023\/05\/image-4-768x576.png 768w, https:\/\/alinvest-verde.eu\/wp-content\/uploads\/2023\/05\/image-4-16x12.png 16w\" sizes=\"(max-width: 890px) 100vw, 890px\" \/><\/figure>\n\n\n\n<p class=\"wp-block-paragraph\"><strong>MORE THAN ONE MILLION EUROS TO SUPPORT GREEN ECONOMY PROJECTS IN CHILE<\/strong><\/p>\n\n\n\n<p class=\"wp-block-paragraph\">More than one million euros will be allocated to promote green economy projects in Chile, through Component 1. Specifically, three projects will be implemented to benefit Chilean MSMEs in the fruit sector, construction and the e-commerce industry. <\/p>\n\n\n\n<p class=\"wp-block-paragraph\"><a href=\"https:\/\/alinvest-verde.eu\/en_gb\/a-traves-del-programa-al-invest-verde-de-la-union-europea\/\">Read full story<\/a><\/p>\n\n\n\n<figure class=\"wp-block-image size-full\"><img decoding=\"async\" width=\"890\" height=\"501\" src=\"https:\/\/alinvest-verde.eu\/wp-content\/uploads\/2023\/05\/image-5.png\" alt=\"\" class=\"wp-image-6277\" srcset=\"https:\/\/alinvest-verde.eu\/wp-content\/uploads\/2023\/05\/image-5.png 890w, https:\/\/alinvest-verde.eu\/wp-content\/uploads\/2023\/05\/image-5-300x169.png 300w, https:\/\/alinvest-verde.eu\/wp-content\/uploads\/2023\/05\/image-5-768x432.png 768w, https:\/\/alinvest-verde.eu\/wp-content\/uploads\/2023\/05\/image-5-18x10.png 18w\" sizes=\"(max-width: 890px) 100vw, 890px\" \/><\/figure>\n\n\n\n<p class=\"wp-block-paragraph\"><strong>TECHNICAL ASSISTANCE TO COLOMBIA TO PROMOTE MORE SUSTAINABLE EXPORTS<\/strong><\/p>\n\n\n\n<p class=\"wp-block-paragraph\">Component 2 presented in Bogot\u00e1, Colombia, the technical assistance it will provide to the Ministry of Trade, Industry and Tourism (MinCIT), through ProColombia, to promote the implementation of sustainable practices in the agro-industrial sector and meet the requirements of the European market in terms of sustainability, which will guarantee exports to the EU. <\/p>\n\n\n\n<p class=\"wp-block-paragraph\"><a href=\"https:\/\/alinvest-verde.eu\/en_gb\/se-presenta-asistencia-tecnica-a-colombia-para-promover-exportaciones-mas-sostenibles\/\">Read full story<\/a><\/p>\n\n\n\n<figure class=\"wp-block-image size-full\"><img decoding=\"async\" width=\"890\" height=\"594\" src=\"https:\/\/alinvest-verde.eu\/wp-content\/uploads\/2023\/05\/image-6.png\" alt=\"\" class=\"wp-image-6278\" srcset=\"https:\/\/alinvest-verde.eu\/wp-content\/uploads\/2023\/05\/image-6.png 890w, https:\/\/alinvest-verde.eu\/wp-content\/uploads\/2023\/05\/image-6-300x200.png 300w, https:\/\/alinvest-verde.eu\/wp-content\/uploads\/2023\/05\/image-6-768x513.png 768w, https:\/\/alinvest-verde.eu\/wp-content\/uploads\/2023\/05\/image-6-18x12.png 18w\" sizes=\"(max-width: 890px) 100vw, 890px\" \/><\/figure>\n\n\n\n<p class=\"wp-block-paragraph\"><strong>EXCHANGE OF EXPERIENCES ON SUSTAINABILITY IN THE COFFEE VALUE CHAIN<\/strong><\/p>\n\n\n\n<p class=\"wp-block-paragraph\">Component 2 organised the round table \"Support programmes and instruments for sustainability in the coffee value chain\", in which representatives from Brazil, Colombia, Peru and Ecuador, among others, the main coffee producing countries, took part. <\/p>\n\n\n\n<p class=\"wp-block-paragraph\"><a href=\"https:\/\/alinvest-verde.eu\/en_gb\/intercambio-de-experiencias-sobre-sostenibilidad-en-la-cadena-de-valor-del-cafe\/\">Read full story&nbsp;<\/a><\/p>\n\n\n\n<figure class=\"wp-block-image size-full\"><img loading=\"lazy\" decoding=\"async\" width=\"890\" height=\"411\" src=\"https:\/\/alinvest-verde.eu\/wp-content\/uploads\/2023\/05\/image-7.png\" alt=\"\" class=\"wp-image-6279\" srcset=\"https:\/\/alinvest-verde.eu\/wp-content\/uploads\/2023\/05\/image-7.png 890w, https:\/\/alinvest-verde.eu\/wp-content\/uploads\/2023\/05\/image-7-300x139.png 300w, https:\/\/alinvest-verde.eu\/wp-content\/uploads\/2023\/05\/image-7-768x355.png 768w, https:\/\/alinvest-verde.eu\/wp-content\/uploads\/2023\/05\/image-7-18x8.png 18w\" sizes=\"(max-width: 890px) 100vw, 890px\" \/><\/figure>\n\n\n\n<p class=\"wp-block-paragraph\"><strong>FORESTRY SECTOR DIAGNOSIS PRESENTED TO PARAGUAY<\/strong><\/p>\n\n\n\n<p class=\"wp-block-paragraph\">Component 2 presented to the Ministry of Industry and Trade (MIC) of Paraguay the preliminary results of the diagnosis of the country's forestry sector. This analysis is part of the technical assistance provided to the Investment and Export Network (REDIEX) to support the transition towards sustainability in Paraguay's forestry chain. <\/p>\n\n\n\n<p class=\"wp-block-paragraph\"><a href=\"https:\/\/alinvest-verde.eu\/en_gb\/se-presenta-a-rediex-el-diagnostico-del-sector-forestal-de-paraguay\/\">Read full story<\/a><\/p>\n\n\n\n<figure class=\"wp-block-image size-full\"><img loading=\"lazy\" decoding=\"async\" width=\"890\" height=\"594\" src=\"https:\/\/alinvest-verde.eu\/wp-content\/uploads\/2023\/05\/image-8.png\" alt=\"\" class=\"wp-image-6280\" srcset=\"https:\/\/alinvest-verde.eu\/wp-content\/uploads\/2023\/05\/image-8.png 890w, https:\/\/alinvest-verde.eu\/wp-content\/uploads\/2023\/05\/image-8-300x200.png 300w, https:\/\/alinvest-verde.eu\/wp-content\/uploads\/2023\/05\/image-8-768x513.png 768w, https:\/\/alinvest-verde.eu\/wp-content\/uploads\/2023\/05\/image-8-18x12.png 18w\" sizes=\"(max-width: 890px) 100vw, 890px\" \/><\/figure>\n\n\n\n<p class=\"wp-block-paragraph\"><strong>Latin America and the Caribbean move towards a circular economy&nbsp;<\/strong><\/p>\n\n\n\n<p class=\"wp-block-paragraph\">Latin America and the Caribbean have a high diversity and abundance of resources that, over the years, has been sustained by a linear model dependent on extraction, which was the beginning of the production chain. In a global context where the demand for materials is increasing and with it the environmental impacts, it is important that our region moves towards a circular model where resources are not depleted, but rather used and regenerated.&nbsp;<\/p>\n\n\n\n<p class=\"wp-block-paragraph\"><a href=\"https:\/\/alinvest-verde.eu\/en_gb\/america-latina-y-el-caribe-avanzan-hacia-la-economia-circular\/\">Read full article<\/a><\/p>\n\n\n\n<figure class=\"wp-block-image alignleft size-full is-resized\"><img loading=\"lazy\" decoding=\"async\" src=\"https:\/\/alinvest-verde.eu\/wp-content\/uploads\/2023\/05\/image-10.png\" alt=\"\" class=\"wp-image-6282\" width=\"357\" height=\"201\" srcset=\"https:\/\/alinvest-verde.eu\/wp-content\/uploads\/2023\/05\/image-10.png 423w, https:\/\/alinvest-verde.eu\/wp-content\/uploads\/2023\/05\/image-10-300x169.png 300w, https:\/\/alinvest-verde.eu\/wp-content\/uploads\/2023\/05\/image-10-18x10.png 18w\" sizes=\"(max-width: 357px) 100vw, 357px\" \/><\/figure>\n\n\n\n<p class=\"wp-block-paragraph\"><strong>AL-INVEST Verde TV<\/strong><\/p>\n\n\n\n<p class=\"wp-block-paragraph\">The AL-INVEST Verde programme, through its Components 1 and 3, organised the webinar \"IPRs to boost the green economy\". The event is now available <a href=\"https:\/\/youtu.be\/RMMC76cRc10\">here<\/a><\/p>\n\n\n\n<p class=\"wp-block-paragraph\"><\/p>\n\n\n\n<p class=\"has-white-color has-vivid-green-cyan-background-color has-text-color has-background wp-block-paragraph\"><strong>Second Call for Proposals. <\/strong>Component 1 of the AL-INVEST Verde programme will soon announce its second Call for proposals for innovative projects. The calendar of dissemination events and other activities related to the Call will be announced on our website:\u00a0<a href=\"https:\/\/alinvest-verde.eu\/en_gb\/\">http:\/\/www.alinvest-verde.eu<\/a><\/p>\n\n\n\n<figure class=\"wp-block-image aligncenter size-large is-resized\"><img loading=\"lazy\" decoding=\"async\" src=\"https:\/\/alinvest-verde.eu\/wp-content\/uploads\/2023\/05\/logoUE-Financiado-por-1024x241.jpg\" alt=\"\" class=\"wp-image-6283\" width=\"698\" height=\"164\" srcset=\"https:\/\/alinvest-verde.eu\/wp-content\/uploads\/2023\/05\/logoUE-Financiado-por-1024x241.jpg 1024w, https:\/\/alinvest-verde.eu\/wp-content\/uploads\/2023\/05\/logoUE-Financiado-por-300x71.jpg 300w, https:\/\/alinvest-verde.eu\/wp-content\/uploads\/2023\/05\/logoUE-Financiado-por-768x181.jpg 768w, https:\/\/alinvest-verde.eu\/wp-content\/uploads\/2023\/05\/logoUE-Financiado-por-18x4.jpg 18w, https:\/\/alinvest-verde.eu\/wp-content\/uploads\/2023\/05\/logoUE-Financiado-por.jpg 1124w\" sizes=\"(max-width: 698px) 100vw, 698px\" \/><\/figure>","protected":false},"excerpt":{"rendered":"<p>The May e-bulletin highlights the presentation of the partnership projects promoted by Component 1 in Chile, the work of Component 2 in Colombia and Paraguay, as well as the progress of Latin America and the Caribbean towards more circular models. <\/p>","protected":false},"featured_media":6367,"template":"","class_list":["post-6275","newslette","type-newslette","status-publish","has-post-thumbnail","hentry"],"yoast_head":"<!-- This site is optimized with the Yoast SEO plugin v28.4 - https:\/\/yoast.com\/product\/yoast-seo-wordpress\/ -->\n<title>Mayo 2023 - Programme AL-INVEST Verde<\/title>\n<meta name=\"robots\" content=\"index, follow, max-snippet:-1, max-image-preview:large, max-video-preview:-1\" \/>\n<link rel=\"canonical\" href=\"https:\/\/alinvest-verde.eu\/en_gb\/newslette\/6275\/\" \/>\n<meta property=\"og:locale\" content=\"en_GB\" \/>\n<meta property=\"og:type\" content=\"article\" \/>\n<meta property=\"og:title\" content=\"Mayo 2023 - Programme AL-INVEST Verde\" \/>\n<meta property=\"og:description\" content=\"El bolet\u00edn electr\u00f3nico de mayo destaca la presentaci\u00f3n de los proyectos de partenariado promovidos por el Componente 1 en Chile, el trabajo del Componente 2 en Colombia y Paraguay, as\u00ed como el avance de Am\u00e9rica Latina y el Caribe hacia modelos m\u00e1s circulares.\" \/>\n<meta property=\"og:url\" content=\"https:\/\/alinvest-verde.eu\/en_gb\/newslette\/6275\/\" \/>\n<meta property=\"og:site_name\" content=\"Programme AL-INVEST Verde\" \/>\n<meta property=\"article:modified_time\" content=\"2024-05-31T01:40:07+00:00\" \/>\n<meta property=\"og:image\" content=\"https:\/\/alinvest-verde.eu\/wp-content\/uploads\/2023\/05\/boletinmayo.jpg\" \/>\n\t<meta property=\"og:image:width\" content=\"364\" \/>\n\t<meta property=\"og:image:height\" content=\"563\" \/>\n\t<meta property=\"og:image:type\" content=\"image\/jpeg\" \/>\n<meta name=\"twitter:card\" content=\"summary_large_image\" \/>\n<meta name=\"twitter:label1\" content=\"Estimated reading time\" \/>\n\t<meta name=\"twitter:data1\" content=\"4 minutes\" \/>\n<script type=\"application\/ld+json\" class=\"yoast-schema-graph\">{\"@context\":\"https:\\\/\\\/schema.org\",\"@graph\":[{\"@type\":\"WebPage\",\"@id\":\"https:\\\/\\\/alinvest-verde.eu\\\/newslette\\\/6275\\\/\",\"url\":\"https:\\\/\\\/alinvest-verde.eu\\\/newslette\\\/6275\\\/\",\"name\":\"Mayo 2023 - Programme AL-INVEST Verde\",\"isPartOf\":{\"@id\":\"https:\\\/\\\/alinvest-verde.eu\\\/#website\"},\"primaryImageOfPage\":{\"@id\":\"https:\\\/\\\/alinvest-verde.eu\\\/newslette\\\/6275\\\/#primaryimage\"},\"image\":{\"@id\":\"https:\\\/\\\/alinvest-verde.eu\\\/newslette\\\/6275\\\/#primaryimage\"},\"thumbnailUrl\":\"https:\\\/\\\/alinvest-verde.eu\\\/wp-content\\\/uploads\\\/2023\\\/05\\\/boletinmayo.jpg\",\"datePublished\":\"2023-05-11T16:48:46+00:00\",\"dateModified\":\"2024-05-31T01:40:07+00:00\",\"breadcrumb\":{\"@id\":\"https:\\\/\\\/alinvest-verde.eu\\\/newslette\\\/6275\\\/#breadcrumb\"},\"inLanguage\":\"en-GB\",\"potentialAction\":[{\"@type\":\"ReadAction\",\"target\":[\"https:\\\/\\\/alinvest-verde.eu\\\/newslette\\\/6275\\\/\"]}]},{\"@type\":\"ImageObject\",\"inLanguage\":\"en-GB\",\"@id\":\"https:\\\/\\\/alinvest-verde.eu\\\/newslette\\\/6275\\\/#primaryimage\",\"url\":\"https:\\\/\\\/alinvest-verde.eu\\\/wp-content\\\/uploads\\\/2023\\\/05\\\/boletinmayo.jpg\",\"contentUrl\":\"https:\\\/\\\/alinvest-verde.eu\\\/wp-content\\\/uploads\\\/2023\\\/05\\\/boletinmayo.jpg\",\"width\":364,\"height\":563},{\"@type\":\"BreadcrumbList\",\"@id\":\"https:\\\/\\\/alinvest-verde.eu\\\/newslette\\\/6275\\\/#breadcrumb\",\"itemListElement\":[{\"@type\":\"ListItem\",\"position\":1,\"name\":\"Inicio\",\"item\":\"https:\\\/\\\/alinvest-verde.eu\\\/\"},{\"@type\":\"ListItem\",\"position\":2,\"name\":\"Mayo 2023\"}]},{\"@type\":\"WebSite\",\"@id\":\"https:\\\/\\\/alinvest-verde.eu\\\/#website\",\"url\":\"https:\\\/\\\/alinvest-verde.eu\\\/\",\"name\":\"Programme AL-INVEST Verde\",\"description\":\"Building alliances with the private sector in LA and promote sustainable growth and jobs creation by supporting the transition towards a low-carbon, resource-efficient economy\",\"publisher\":{\"@id\":\"https:\\\/\\\/alinvest-verde.eu\\\/#organization\"},\"potentialAction\":[{\"@type\":\"SearchAction\",\"target\":{\"@type\":\"EntryPoint\",\"urlTemplate\":\"https:\\\/\\\/alinvest-verde.eu\\\/?s={search_term_string}\"},\"query-input\":{\"@type\":\"PropertyValueSpecification\",\"valueRequired\":true,\"valueName\":\"search_term_string\"}}],\"inLanguage\":\"en-GB\"},{\"@type\":\"Organization\",\"@id\":\"https:\\\/\\\/alinvest-verde.eu\\\/#organization\",\"name\":\"Programme AL-INVEST Verde\",\"url\":\"https:\\\/\\\/alinvest-verde.eu\\\/\",\"logo\":{\"@type\":\"ImageObject\",\"inLanguage\":\"en-GB\",\"@id\":\"https:\\\/\\\/alinvest-verde.eu\\\/#\\\/schema\\\/logo\\\/image\\\/\",\"url\":\"https:\\\/\\\/alinvest-verde.eu\\\/wp-content\\\/uploads\\\/2022\\\/01\\\/cropped-logo-financiado-por-la-UE.jpg\",\"contentUrl\":\"https:\\\/\\\/alinvest-verde.eu\\\/wp-content\\\/uploads\\\/2022\\\/01\\\/cropped-logo-financiado-por-la-UE.jpg\",\"width\":756,\"height\":216,\"caption\":\"Programme AL-INVEST Verde\"},\"image\":{\"@id\":\"https:\\\/\\\/alinvest-verde.eu\\\/#\\\/schema\\\/logo\\\/image\\\/\"}}]}<\/script>\n<!-- \/ Yoast SEO plugin. -->","yoast_head_json":{"title":"May 2023 - Programme AL-INVEST Verde","robots":{"index":"index","follow":"follow","max-snippet":"max-snippet:-1","max-image-preview":"max-image-preview:large","max-video-preview":"max-video-preview:-1"},"canonical":"https:\/\/alinvest-verde.eu\/en_gb\/newslette\/6275\/","og_locale":"en_GB","og_type":"article","og_title":"Mayo 2023 - Programme AL-INVEST Verde","og_description":"El bolet\u00edn electr\u00f3nico de mayo destaca la presentaci\u00f3n de los proyectos de partenariado promovidos por el Componente 1 en Chile, el trabajo del Componente 2 en Colombia y Paraguay, as\u00ed como el avance de Am\u00e9rica Latina y el Caribe hacia modelos m\u00e1s circulares.","og_url":"https:\/\/alinvest-verde.eu\/en_gb\/newslette\/6275\/","og_site_name":"Programme AL-INVEST Verde","article_modified_time":"2024-05-31T01:40:07+00:00","og_image":[{"width":364,"height":563,"url":"https:\/\/alinvest-verde.eu\/wp-content\/uploads\/2023\/05\/boletinmayo.jpg","type":"image\/jpeg"}],"twitter_card":"summary_large_image","twitter_misc":{"Estimated reading time":"4 minutes"},"schema":{"@context":"https:\/\/schema.org","@graph":[{"@type":"WebPage","@id":"https:\/\/alinvest-verde.eu\/newslette\/6275\/","url":"https:\/\/alinvest-verde.eu\/newslette\/6275\/","name":"May 2023 - Programme AL-INVEST Verde","isPartOf":{"@id":"https:\/\/alinvest-verde.eu\/#website"},"primaryImageOfPage":{"@id":"https:\/\/alinvest-verde.eu\/newslette\/6275\/#primaryimage"},"image":{"@id":"https:\/\/alinvest-verde.eu\/newslette\/6275\/#primaryimage"},"thumbnailUrl":"https:\/\/alinvest-verde.eu\/wp-content\/uploads\/2023\/05\/boletinmayo.jpg","datePublished":"2023-05-11T16:48:46+00:00","dateModified":"2024-05-31T01:40:07+00:00","breadcrumb":{"@id":"https:\/\/alinvest-verde.eu\/newslette\/6275\/#breadcrumb"},"inLanguage":"en-GB","potentialAction":[{"@type":"ReadAction","target":["https:\/\/alinvest-verde.eu\/newslette\/6275\/"]}]},{"@type":"ImageObject","inLanguage":"en-GB","@id":"https:\/\/alinvest-verde.eu\/newslette\/6275\/#primaryimage","url":"https:\/\/alinvest-verde.eu\/wp-content\/uploads\/2023\/05\/boletinmayo.jpg","contentUrl":"https:\/\/alinvest-verde.eu\/wp-content\/uploads\/2023\/05\/boletinmayo.jpg","width":364,"height":563},{"@type":"BreadcrumbList","@id":"https:\/\/alinvest-verde.eu\/newslette\/6275\/#breadcrumb","itemListElement":[{"@type":"ListItem","position":1,"name":"Inicio","item":"https:\/\/alinvest-verde.eu\/"},{"@type":"ListItem","position":2,"name":"Mayo 2023"}]},{"@type":"WebSite","@id":"https:\/\/alinvest-verde.eu\/#website","url":"https:\/\/alinvest-verde.eu\/","name":"Programme AL-INVEST Verde","description":"Building alliances with the private sector in LA and promote sustainable growth and jobs creation by supporting the transition towards a low-carbon, resource-efficient economy","publisher":{"@id":"https:\/\/alinvest-verde.eu\/#organization"},"potentialAction":[{"@type":"SearchAction","target":{"@type":"EntryPoint","urlTemplate":"https:\/\/alinvest-verde.eu\/?s={search_term_string}"},"query-input":{"@type":"PropertyValueSpecification","valueRequired":true,"valueName":"search_term_string"}}],"inLanguage":"en-GB"},{"@type":"Organization","@id":"https:\/\/alinvest-verde.eu\/#organization","name":"Programme AL-INVEST Verde","url":"https:\/\/alinvest-verde.eu\/","logo":{"@type":"ImageObject","inLanguage":"en-GB","@id":"https:\/\/alinvest-verde.eu\/#\/schema\/logo\/image\/","url":"https:\/\/alinvest-verde.eu\/wp-content\/uploads\/2022\/01\/cropped-logo-financiado-por-la-UE.jpg","contentUrl":"https:\/\/alinvest-verde.eu\/wp-content\/uploads\/2022\/01\/cropped-logo-financiado-por-la-UE.jpg","width":756,"height":216,"caption":"Programme AL-INVEST Verde"},"image":{"@id":"https:\/\/alinvest-verde.eu\/#\/schema\/logo\/image\/"}}]}},"_links":{"self":[{"href":"https:\/\/alinvest-verde.eu\/en_gb\/wp-json\/wp\/v2\/newslette\/6275","targetHints":{"allow":["GET"]}}],"collection":[{"href":"https:\/\/alinvest-verde.eu\/en_gb\/wp-json\/wp\/v2\/newslette"}],"about":[{"href":"https:\/\/alinvest-verde.eu\/en_gb\/wp-json\/wp\/v2\/types\/newslette"}],"version-history":[{"count":2,"href":"https:\/\/alinvest-verde.eu\/en_gb\/wp-json\/wp\/v2\/newslette\/6275\/revisions"}],"predecessor-version":[{"id":12955,"href":"https:\/\/alinvest-verde.eu\/en_gb\/wp-json\/wp\/v2\/newslette\/6275\/revisions\/12955"}],"wp:featuredmedia":[{"embeddable":true,"href":"https:\/\/alinvest-verde.eu\/en_gb\/wp-json\/wp\/v2\/media\/6367"}],"wp:attachment":[{"href":"https:\/\/alinvest-verde.eu\/en_gb\/wp-json\/wp\/v2\/media?parent=6275"}],"curies":[{"name":"wp","href":"https:\/\/api.w.org\/{rel}","templated":true}]}}