{"id":9356,"date":"2023-10-31T20:08:44","date_gmt":"2023-10-31T19:08:44","guid":{"rendered":"https:\/\/alinvest-verde.eu\/?post_type=newslette&#038;p=9356"},"modified":"2024-05-31T03:37:36","modified_gmt":"2024-05-31T01:37:36","slug":"newsletter-octubre","status":"publish","type":"newslette","link":"https:\/\/alinvest-verde.eu\/en_gb\/newslette\/newsletter-octubre\/","title":{"rendered":"October 2023"},"content":{"rendered":"<figure class=\"wp-block-image size-large\"><img fetchpriority=\"high\" decoding=\"async\" width=\"1024\" height=\"682\" src=\"https:\/\/alinvest-verde.eu\/wp-content\/uploads\/2023\/11\/8b0bb663-2547-4dba-bcf9-9584045fce16-1024x682.jpg\" alt=\"\" class=\"wp-image-9366\" srcset=\"https:\/\/alinvest-verde.eu\/wp-content\/uploads\/2023\/11\/8b0bb663-2547-4dba-bcf9-9584045fce16-1024x682.jpg 1024w, https:\/\/alinvest-verde.eu\/wp-content\/uploads\/2023\/11\/8b0bb663-2547-4dba-bcf9-9584045fce16-300x200.jpg 300w, https:\/\/alinvest-verde.eu\/wp-content\/uploads\/2023\/11\/8b0bb663-2547-4dba-bcf9-9584045fce16-768x512.jpg 768w, https:\/\/alinvest-verde.eu\/wp-content\/uploads\/2023\/11\/8b0bb663-2547-4dba-bcf9-9584045fce16-1536x1023.jpg 1536w, https:\/\/alinvest-verde.eu\/wp-content\/uploads\/2023\/11\/8b0bb663-2547-4dba-bcf9-9584045fce16-18x12.jpg 18w, https:\/\/alinvest-verde.eu\/wp-content\/uploads\/2023\/11\/8b0bb663-2547-4dba-bcf9-9584045fce16.jpg 1600w\" sizes=\"(max-width: 1024px) 100vw, 1024px\" \/><\/figure>\n\n\n\n<p class=\"wp-block-paragraph\"><strong>Component 1 of the programme held its annual event in Lima, Peru.&nbsp;<\/strong><\/p>\n\n\n\n<p class=\"wp-block-paragraph\">Component 1 of the European Union's AL-INVEST Verde programme is making progress in its objective of promoting job creation and sustainability in the Latin American region. This EU initiative presented its progress at its annual event, entitled #CONEXI\u00d3NVerde, an initiative that took place in the framework of the 50th General Assembly of AICO (Ibero-American organisation that integrates and coordinates Chambers of Commerce and Industry, as well as related entities).<\/p>\n\n\n\n<p class=\"wp-block-paragraph\"><a href=\"https:\/\/alinvest-verde.eu\/en_gb\/componente-1-del-programa-al-invest-verde-llevo-a-cabo-su-evento-anual-en-la-ciudad-de-lima\/\" target=\"_blank\" rel=\"noreferrer noopener\">Read news<\/a><\/p>\n\n\n\n<figure class=\"wp-block-image size-large\"><img decoding=\"async\" width=\"1024\" height=\"768\" src=\"https:\/\/alinvest-verde.eu\/wp-content\/uploads\/2023\/10\/20231026-Taller-Montevideo-8-1024x768.jpeg\" alt=\"\" class=\"wp-image-9350\" srcset=\"https:\/\/alinvest-verde.eu\/wp-content\/uploads\/2023\/10\/20231026-Taller-Montevideo-8-1024x768.jpeg 1024w, https:\/\/alinvest-verde.eu\/wp-content\/uploads\/2023\/10\/20231026-Taller-Montevideo-8-300x225.jpeg 300w, https:\/\/alinvest-verde.eu\/wp-content\/uploads\/2023\/10\/20231026-Taller-Montevideo-8-768x576.jpeg 768w, https:\/\/alinvest-verde.eu\/wp-content\/uploads\/2023\/10\/20231026-Taller-Montevideo-8-1536x1152.jpeg 1536w, https:\/\/alinvest-verde.eu\/wp-content\/uploads\/2023\/10\/20231026-Taller-Montevideo-8-16x12.jpeg 16w, https:\/\/alinvest-verde.eu\/wp-content\/uploads\/2023\/10\/20231026-Taller-Montevideo-8.jpeg 1600w\" sizes=\"(max-width: 1024px) 100vw, 1024px\" \/><\/figure>\n\n\n\n<p class=\"wp-block-paragraph\"><strong>Workshops in Uruguay on certification of agro-exportable products from native forest land&nbsp;<\/strong><\/p>\n\n\n\n<p class=\"wp-block-paragraph\">Component 2 of AL-INVEST Verde organised together with the Ministry of Livestock, Agriculture and Fisheries (MGAP) of Uruguay the workshop \"Certification of agro-exportable products from native forests\" to foster dialogue on the importance of sustainably managing native forests and, consequently, the opportunity to certify the sustainability of their products.<\/p>\n\n\n\n<p class=\"wp-block-paragraph\"><a href=\"https:\/\/alinvest-verde.eu\/en_gb\/talleres-en-uruguay-sobre-certificacion-de-productos-agroexportables-procedentes-de-tierras-con-bosques-nativos\/\" target=\"_blank\" rel=\"noreferrer noopener\">Read news&nbsp;<\/a><\/p>\n\n\n\n<figure class=\"wp-block-image size-large\"><img decoding=\"async\" width=\"1024\" height=\"736\" src=\"https:\/\/alinvest-verde.eu\/wp-content\/uploads\/2023\/10\/Ministerio-de-Transportes-2-1024x736.jpg\" alt=\"\" class=\"wp-image-9228\" srcset=\"https:\/\/alinvest-verde.eu\/wp-content\/uploads\/2023\/10\/Ministerio-de-Transportes-2-1024x736.jpg 1024w, https:\/\/alinvest-verde.eu\/wp-content\/uploads\/2023\/10\/Ministerio-de-Transportes-2-300x216.jpg 300w, https:\/\/alinvest-verde.eu\/wp-content\/uploads\/2023\/10\/Ministerio-de-Transportes-2-768x552.jpg 768w, https:\/\/alinvest-verde.eu\/wp-content\/uploads\/2023\/10\/Ministerio-de-Transportes-2-1536x1104.jpg 1536w, https:\/\/alinvest-verde.eu\/wp-content\/uploads\/2023\/10\/Ministerio-de-Transportes-2-2048x1471.jpg 2048w, https:\/\/alinvest-verde.eu\/wp-content\/uploads\/2023\/10\/Ministerio-de-Transportes-2-18x12.jpg 18w\" sizes=\"(max-width: 1024px) 100vw, 1024px\" \/><\/figure>\n\n\n\n<p class=\"wp-block-paragraph\"><strong>Uruguay and Paraguay visit agroforestry certification experiences in Spain<\/strong><\/p>\n\n\n\n<p class=\"wp-block-paragraph\">A delegation of technicians from the Directorate General of Forestry of the Ministry of Livestock, Agriculture and Fisheries (DGF-MGAP) of Uruguay and the Investment and Export Network (REDIEX) of the Ministry of Industry and Trade of Paraguay visited Spain from 25 to 29 September to learn about agroforestry certification experiences. The visit was part of the technical assistance that Component 2 of AL-INVEST Verde, led by FIIAPP in consortium with IILA, provides to both institutions through IDAF (Centre for Applied Research on Agroforestry Development).<\/p>\n\n\n\n<p class=\"wp-block-paragraph\"><a href=\"https:\/\/alinvest-verde.eu\/en_gb\/uruguay-y-paraguay-visitan-experiencias-de-certificacion-forestal-en-espana\/\" target=\"_blank\" rel=\"noreferrer noopener\">Read news<\/a><\/p>\n\n\n\n<figure class=\"wp-block-image size-full\"><img loading=\"lazy\" decoding=\"async\" width=\"1024\" height=\"768\" src=\"https:\/\/alinvest-verde.eu\/wp-content\/uploads\/2023\/10\/202310-foro-pymes-10.jpeg\" alt=\"\" class=\"wp-image-9217\" srcset=\"https:\/\/alinvest-verde.eu\/wp-content\/uploads\/2023\/10\/202310-foro-pymes-10.jpeg 1024w, https:\/\/alinvest-verde.eu\/wp-content\/uploads\/2023\/10\/202310-foro-pymes-10-300x225.jpeg 300w, https:\/\/alinvest-verde.eu\/wp-content\/uploads\/2023\/10\/202310-foro-pymes-10-768x576.jpeg 768w, https:\/\/alinvest-verde.eu\/wp-content\/uploads\/2023\/10\/202310-foro-pymes-10-16x12.jpeg 16w\" sizes=\"(max-width: 1024px) 100vw, 1024px\" \/><\/figure>\n\n\n\n<p class=\"wp-block-paragraph\"><strong>Dialogue on the forestry chain at the VII Italian-Latin American SMEs Forum<\/strong><\/p>\n\n\n\n<p class=\"wp-block-paragraph\">The dialogue \"The sustainability of the wood chain in Latin America: opportunities of a growing sector and challenges of the European export regulations\", organised in the framework of the VII Italy-Latin America SME Forum, took place on 3 October. The event, an initiative of the International Italo-Latin American Organisation (IILA), was held from 2 to 4 October in Bergamo (Italy).<\/p>\n\n\n\n<p class=\"wp-block-paragraph\"><a href=\"https:\/\/alinvest-verde.eu\/en_gb\/dialogo-sobre-la-cadena-forestal-en-el-vii-foro-pymes-italo-latinoamericano\/\" target=\"_blank\" rel=\"noreferrer noopener\">Read news<\/a><\/p>\n\n\n\n<figure class=\"wp-block-image size-full\"><img loading=\"lazy\" decoding=\"async\" width=\"1024\" height=\"768\" src=\"https:\/\/alinvest-verde.eu\/wp-content\/uploads\/2023\/10\/Lineapelle-2023-09-25.jpeg\" alt=\"\" class=\"wp-image-9204\" srcset=\"https:\/\/alinvest-verde.eu\/wp-content\/uploads\/2023\/10\/Lineapelle-2023-09-25.jpeg 1024w, https:\/\/alinvest-verde.eu\/wp-content\/uploads\/2023\/10\/Lineapelle-2023-09-25-300x225.jpeg 300w, https:\/\/alinvest-verde.eu\/wp-content\/uploads\/2023\/10\/Lineapelle-2023-09-25-768x576.jpeg 768w, https:\/\/alinvest-verde.eu\/wp-content\/uploads\/2023\/10\/Lineapelle-2023-09-25-16x12.jpeg 16w\" sizes=\"(max-width: 1024px) 100vw, 1024px\" \/><\/figure>\n\n\n\n<p class=\"wp-block-paragraph\"><strong>AL-INVEST Verde at Lineapelle Fair in Milan&nbsp;<\/strong><\/p>\n\n\n\n<p class=\"wp-block-paragraph\">In the framework of the International Leather, Accessories, Components and Leather Goods Show, Lineapelle, held from 19 to 21 September in Milan (Italy), AL-INVEST Verde presented the results of the report \"Environmental traceability as a tool for the competitiveness of Paraguayan meat and leather\".<\/p>\n\n\n\n<p class=\"wp-block-paragraph\"><a href=\"https:\/\/alinvest-verde.eu\/en_gb\/al-invest-verde-presente-en-la-feria-lineapelle-de-milan\/\" target=\"_blank\" rel=\"noreferrer noopener\">Read news&nbsp;<\/a><\/p>\n\n\n\n<figure class=\"wp-block-image size-large\"><img loading=\"lazy\" decoding=\"async\" width=\"1024\" height=\"683\" src=\"https:\/\/alinvest-verde.eu\/wp-content\/uploads\/2023\/10\/arvid-froese-AZ7fAnvI3QY-unsplash-1024x683.jpg\" alt=\"\" class=\"wp-image-9181\" srcset=\"https:\/\/alinvest-verde.eu\/wp-content\/uploads\/2023\/10\/arvid-froese-AZ7fAnvI3QY-unsplash-1024x683.jpg 1024w, https:\/\/alinvest-verde.eu\/wp-content\/uploads\/2023\/10\/arvid-froese-AZ7fAnvI3QY-unsplash-300x200.jpg 300w, https:\/\/alinvest-verde.eu\/wp-content\/uploads\/2023\/10\/arvid-froese-AZ7fAnvI3QY-unsplash-768x512.jpg 768w, https:\/\/alinvest-verde.eu\/wp-content\/uploads\/2023\/10\/arvid-froese-AZ7fAnvI3QY-unsplash-1536x1024.jpg 1536w, https:\/\/alinvest-verde.eu\/wp-content\/uploads\/2023\/10\/arvid-froese-AZ7fAnvI3QY-unsplash-2048x1365.jpg 2048w, https:\/\/alinvest-verde.eu\/wp-content\/uploads\/2023\/10\/arvid-froese-AZ7fAnvI3QY-unsplash-18x12.jpg 18w\" sizes=\"(max-width: 1024px) 100vw, 1024px\" \/><\/figure>\n\n\n\n<p class=\"wp-block-paragraph\"><strong>Diagnostic of the meat and leather value chain in Paraguay<\/strong>&nbsp;<\/p>\n\n\n\n<p class=\"wp-block-paragraph\">AL-INVEST Verde has analysed the structure of the Paraguayan meat and leather value chain and the traceability systems implemented in the country. The results of this work are included in the report \"Environmental traceability as a tool for the competitiveness of Paraguayan meat and leather\", which includes a proposal for a pilot project on environmental traceability.<\/p>\n\n\n\n<p class=\"wp-block-paragraph\"><a href=\"https:\/\/alinvest-verde.eu\/en_gb\/diagnostico-de-la-cadena-de-valor-de-la-carne-y-el-cuero-en-paraguay\/\" target=\"_blank\" rel=\"noreferrer noopener\">Read news&nbsp;<\/a><\/p>\n\n\n\n<figure class=\"wp-block-image size-large\"><img loading=\"lazy\" decoding=\"async\" width=\"1024\" height=\"405\" src=\"https:\/\/alinvest-verde.eu\/wp-content\/uploads\/2023\/10\/GettyImages-1321636150-1024x405.jpg\" alt=\"\" class=\"wp-image-9264\" srcset=\"https:\/\/alinvest-verde.eu\/wp-content\/uploads\/2023\/10\/GettyImages-1321636150-1024x405.jpg 1024w, https:\/\/alinvest-verde.eu\/wp-content\/uploads\/2023\/10\/GettyImages-1321636150-300x119.jpg 300w, https:\/\/alinvest-verde.eu\/wp-content\/uploads\/2023\/10\/GettyImages-1321636150-768x304.jpg 768w, https:\/\/alinvest-verde.eu\/wp-content\/uploads\/2023\/10\/GettyImages-1321636150-1536x607.jpg 1536w, https:\/\/alinvest-verde.eu\/wp-content\/uploads\/2023\/10\/GettyImages-1321636150-18x7.jpg 18w, https:\/\/alinvest-verde.eu\/wp-content\/uploads\/2023\/10\/GettyImages-1321636150.jpg 2000w\" sizes=\"(max-width: 1024px) 100vw, 1024px\" \/><\/figure>\n\n\n\n<p class=\"wp-block-paragraph\"><strong>Green Agenda<\/strong><\/p>\n\n\n\n<p class=\"wp-block-paragraph\">Virtual workshop on plant variety licensing&nbsp;<\/p>\n\n\n\n<ul class=\"wp-block-list\">\n<li>Date: 12 December 2023<\/li>\n\n\n\n<li>Mode: Online<\/li>\n\n\n\n<li>Organiser: Component 3<\/li>\n<\/ul>\n\n\n\n<p class=\"wp-block-paragraph\">Further information <a href=\"https:\/\/alinvest-verde.eu\/en_gb\/taller-virtual-sobre-licenciamiento-de-variedades-vegetales\/\">here<\/a>.&nbsp;<\/p>\n\n\n\n<figure class=\"wp-block-image size-large\"><img loading=\"lazy\" decoding=\"async\" width=\"1024\" height=\"122\" src=\"https:\/\/alinvest-verde.eu\/wp-content\/uploads\/2022\/01\/logos-1-1024x122.jpg\" alt=\"\" class=\"wp-image-7491\" srcset=\"https:\/\/alinvest-verde.eu\/wp-content\/uploads\/2022\/01\/logos-1-1024x122.jpg 1024w, https:\/\/alinvest-verde.eu\/wp-content\/uploads\/2022\/01\/logos-1-300x36.jpg 300w, https:\/\/alinvest-verde.eu\/wp-content\/uploads\/2022\/01\/logos-1-768x92.jpg 768w, https:\/\/alinvest-verde.eu\/wp-content\/uploads\/2022\/01\/logos-1-1536x184.jpg 1536w, https:\/\/alinvest-verde.eu\/wp-content\/uploads\/2022\/01\/logos-1-2048x245.jpg 2048w, https:\/\/alinvest-verde.eu\/wp-content\/uploads\/2022\/01\/logos-1-18x2.jpg 18w\" sizes=\"(max-width: 1024px) 100vw, 1024px\" \/><\/figure>","protected":false},"excerpt":{"rendered":"<p>The October e-bulletin highlights the annual Component 1 event that took place in Lima, Peru. As well as Component 2 actions to promote certifications and boost the meat and leather value chain.<\/p>","protected":false},"featured_media":9358,"template":"","class_list":["post-9356","newslette","type-newslette","status-publish","has-post-thumbnail","hentry"],"yoast_head":"<!-- This site is optimized with the Yoast SEO plugin v28.4 - https:\/\/yoast.com\/product\/yoast-seo-wordpress\/ -->\n<title>Octubre 2023 - Programme AL-INVEST Verde<\/title>\n<meta name=\"robots\" content=\"index, follow, max-snippet:-1, max-image-preview:large, max-video-preview:-1\" \/>\n<link rel=\"canonical\" href=\"https:\/\/alinvest-verde.eu\/en_gb\/newslette\/newsletter-octubre\/\" \/>\n<meta property=\"og:locale\" content=\"en_GB\" \/>\n<meta property=\"og:type\" content=\"article\" \/>\n<meta property=\"og:title\" content=\"Octubre 2023 - Programme AL-INVEST Verde\" \/>\n<meta property=\"og:description\" content=\"El bolet\u00edn electr\u00f3nico de octubre destaca el evento anual del Componente 1 que se desarroll\u00f3 en Lima, Per\u00fa. As\u00ed como las acciones del Componente 2 para promover certificaciones y el impulso a la cadena de valor de la carne y el cuero.\" \/>\n<meta property=\"og:url\" content=\"https:\/\/alinvest-verde.eu\/en_gb\/newslette\/newsletter-octubre\/\" \/>\n<meta property=\"og:site_name\" content=\"Programme AL-INVEST Verde\" \/>\n<meta property=\"article:modified_time\" content=\"2024-05-31T01:37:36+00:00\" \/>\n<meta property=\"og:image\" content=\"https:\/\/alinvest-verde.eu\/wp-content\/uploads\/2023\/10\/boletinoctubre-e1698780538970.jpg\" \/>\n\t<meta property=\"og:image:width\" content=\"494\" \/>\n\t<meta property=\"og:image:height\" content=\"493\" \/>\n\t<meta property=\"og:image:type\" content=\"image\/jpeg\" \/>\n<meta name=\"twitter:card\" content=\"summary_large_image\" \/>\n<meta name=\"twitter:label1\" content=\"Estimated reading time\" \/>\n\t<meta name=\"twitter:data1\" content=\"4 minutes\" \/>\n<script type=\"application\/ld+json\" class=\"yoast-schema-graph\">{\"@context\":\"https:\\\/\\\/schema.org\",\"@graph\":[{\"@type\":\"WebPage\",\"@id\":\"https:\\\/\\\/alinvest-verde.eu\\\/newslette\\\/newsletter-octubre\\\/\",\"url\":\"https:\\\/\\\/alinvest-verde.eu\\\/newslette\\\/newsletter-octubre\\\/\",\"name\":\"Octubre 2023 - Programme AL-INVEST Verde\",\"isPartOf\":{\"@id\":\"https:\\\/\\\/alinvest-verde.eu\\\/#website\"},\"primaryImageOfPage\":{\"@id\":\"https:\\\/\\\/alinvest-verde.eu\\\/newslette\\\/newsletter-octubre\\\/#primaryimage\"},\"image\":{\"@id\":\"https:\\\/\\\/alinvest-verde.eu\\\/newslette\\\/newsletter-octubre\\\/#primaryimage\"},\"thumbnailUrl\":\"https:\\\/\\\/alinvest-verde.eu\\\/wp-content\\\/uploads\\\/2023\\\/10\\\/boletinoctubre-e1698780538970.jpg\",\"datePublished\":\"2023-10-31T19:08:44+00:00\",\"dateModified\":\"2024-05-31T01:37:36+00:00\",\"breadcrumb\":{\"@id\":\"https:\\\/\\\/alinvest-verde.eu\\\/newslette\\\/newsletter-octubre\\\/#breadcrumb\"},\"inLanguage\":\"en-GB\",\"potentialAction\":[{\"@type\":\"ReadAction\",\"target\":[\"https:\\\/\\\/alinvest-verde.eu\\\/newslette\\\/newsletter-octubre\\\/\"]}]},{\"@type\":\"ImageObject\",\"inLanguage\":\"en-GB\",\"@id\":\"https:\\\/\\\/alinvest-verde.eu\\\/newslette\\\/newsletter-octubre\\\/#primaryimage\",\"url\":\"https:\\\/\\\/alinvest-verde.eu\\\/wp-content\\\/uploads\\\/2023\\\/10\\\/boletinoctubre-e1698780538970.jpg\",\"contentUrl\":\"https:\\\/\\\/alinvest-verde.eu\\\/wp-content\\\/uploads\\\/2023\\\/10\\\/boletinoctubre-e1698780538970.jpg\",\"width\":494,\"height\":493},{\"@type\":\"BreadcrumbList\",\"@id\":\"https:\\\/\\\/alinvest-verde.eu\\\/newslette\\\/newsletter-octubre\\\/#breadcrumb\",\"itemListElement\":[{\"@type\":\"ListItem\",\"position\":1,\"name\":\"Inicio\",\"item\":\"https:\\\/\\\/alinvest-verde.eu\\\/\"},{\"@type\":\"ListItem\",\"position\":2,\"name\":\"Octubre 2023\"}]},{\"@type\":\"WebSite\",\"@id\":\"https:\\\/\\\/alinvest-verde.eu\\\/#website\",\"url\":\"https:\\\/\\\/alinvest-verde.eu\\\/\",\"name\":\"Programme AL-INVEST Verde\",\"description\":\"Building alliances with the private sector in LA and promote sustainable growth and jobs creation by supporting the transition towards a low-carbon, resource-efficient economy\",\"publisher\":{\"@id\":\"https:\\\/\\\/alinvest-verde.eu\\\/#organization\"},\"potentialAction\":[{\"@type\":\"SearchAction\",\"target\":{\"@type\":\"EntryPoint\",\"urlTemplate\":\"https:\\\/\\\/alinvest-verde.eu\\\/?s={search_term_string}\"},\"query-input\":{\"@type\":\"PropertyValueSpecification\",\"valueRequired\":true,\"valueName\":\"search_term_string\"}}],\"inLanguage\":\"en-GB\"},{\"@type\":\"Organization\",\"@id\":\"https:\\\/\\\/alinvest-verde.eu\\\/#organization\",\"name\":\"Programme AL-INVEST Verde\",\"url\":\"https:\\\/\\\/alinvest-verde.eu\\\/\",\"logo\":{\"@type\":\"ImageObject\",\"inLanguage\":\"en-GB\",\"@id\":\"https:\\\/\\\/alinvest-verde.eu\\\/#\\\/schema\\\/logo\\\/image\\\/\",\"url\":\"https:\\\/\\\/alinvest-verde.eu\\\/wp-content\\\/uploads\\\/2022\\\/01\\\/cropped-logo-financiado-por-la-UE.jpg\",\"contentUrl\":\"https:\\\/\\\/alinvest-verde.eu\\\/wp-content\\\/uploads\\\/2022\\\/01\\\/cropped-logo-financiado-por-la-UE.jpg\",\"width\":756,\"height\":216,\"caption\":\"Programme AL-INVEST Verde\"},\"image\":{\"@id\":\"https:\\\/\\\/alinvest-verde.eu\\\/#\\\/schema\\\/logo\\\/image\\\/\"}}]}<\/script>\n<!-- \/ Yoast SEO plugin. -->","yoast_head_json":{"title":"October 2023 - Programme AL-INVEST Verde","robots":{"index":"index","follow":"follow","max-snippet":"max-snippet:-1","max-image-preview":"max-image-preview:large","max-video-preview":"max-video-preview:-1"},"canonical":"https:\/\/alinvest-verde.eu\/en_gb\/newslette\/newsletter-octubre\/","og_locale":"en_GB","og_type":"article","og_title":"Octubre 2023 - Programme AL-INVEST Verde","og_description":"El bolet\u00edn electr\u00f3nico de octubre destaca el evento anual del Componente 1 que se desarroll\u00f3 en Lima, Per\u00fa. As\u00ed como las acciones del Componente 2 para promover certificaciones y el impulso a la cadena de valor de la carne y el cuero.","og_url":"https:\/\/alinvest-verde.eu\/en_gb\/newslette\/newsletter-octubre\/","og_site_name":"Programme AL-INVEST Verde","article_modified_time":"2024-05-31T01:37:36+00:00","og_image":[{"width":494,"height":493,"url":"https:\/\/alinvest-verde.eu\/wp-content\/uploads\/2023\/10\/boletinoctubre-e1698780538970.jpg","type":"image\/jpeg"}],"twitter_card":"summary_large_image","twitter_misc":{"Estimated reading time":"4 minutes"},"schema":{"@context":"https:\/\/schema.org","@graph":[{"@type":"WebPage","@id":"https:\/\/alinvest-verde.eu\/newslette\/newsletter-octubre\/","url":"https:\/\/alinvest-verde.eu\/newslette\/newsletter-octubre\/","name":"October 2023 - Programme AL-INVEST Verde","isPartOf":{"@id":"https:\/\/alinvest-verde.eu\/#website"},"primaryImageOfPage":{"@id":"https:\/\/alinvest-verde.eu\/newslette\/newsletter-octubre\/#primaryimage"},"image":{"@id":"https:\/\/alinvest-verde.eu\/newslette\/newsletter-octubre\/#primaryimage"},"thumbnailUrl":"https:\/\/alinvest-verde.eu\/wp-content\/uploads\/2023\/10\/boletinoctubre-e1698780538970.jpg","datePublished":"2023-10-31T19:08:44+00:00","dateModified":"2024-05-31T01:37:36+00:00","breadcrumb":{"@id":"https:\/\/alinvest-verde.eu\/newslette\/newsletter-octubre\/#breadcrumb"},"inLanguage":"en-GB","potentialAction":[{"@type":"ReadAction","target":["https:\/\/alinvest-verde.eu\/newslette\/newsletter-octubre\/"]}]},{"@type":"ImageObject","inLanguage":"en-GB","@id":"https:\/\/alinvest-verde.eu\/newslette\/newsletter-octubre\/#primaryimage","url":"https:\/\/alinvest-verde.eu\/wp-content\/uploads\/2023\/10\/boletinoctubre-e1698780538970.jpg","contentUrl":"https:\/\/alinvest-verde.eu\/wp-content\/uploads\/2023\/10\/boletinoctubre-e1698780538970.jpg","width":494,"height":493},{"@type":"BreadcrumbList","@id":"https:\/\/alinvest-verde.eu\/newslette\/newsletter-octubre\/#breadcrumb","itemListElement":[{"@type":"ListItem","position":1,"name":"Inicio","item":"https:\/\/alinvest-verde.eu\/"},{"@type":"ListItem","position":2,"name":"Octubre 2023"}]},{"@type":"WebSite","@id":"https:\/\/alinvest-verde.eu\/#website","url":"https:\/\/alinvest-verde.eu\/","name":"Programme AL-INVEST Verde","description":"Building alliances with the private sector in LA and promote sustainable growth and jobs creation by supporting the transition towards a low-carbon, resource-efficient economy","publisher":{"@id":"https:\/\/alinvest-verde.eu\/#organization"},"potentialAction":[{"@type":"SearchAction","target":{"@type":"EntryPoint","urlTemplate":"https:\/\/alinvest-verde.eu\/?s={search_term_string}"},"query-input":{"@type":"PropertyValueSpecification","valueRequired":true,"valueName":"search_term_string"}}],"inLanguage":"en-GB"},{"@type":"Organization","@id":"https:\/\/alinvest-verde.eu\/#organization","name":"Programme AL-INVEST Verde","url":"https:\/\/alinvest-verde.eu\/","logo":{"@type":"ImageObject","inLanguage":"en-GB","@id":"https:\/\/alinvest-verde.eu\/#\/schema\/logo\/image\/","url":"https:\/\/alinvest-verde.eu\/wp-content\/uploads\/2022\/01\/cropped-logo-financiado-por-la-UE.jpg","contentUrl":"https:\/\/alinvest-verde.eu\/wp-content\/uploads\/2022\/01\/cropped-logo-financiado-por-la-UE.jpg","width":756,"height":216,"caption":"Programme AL-INVEST Verde"},"image":{"@id":"https:\/\/alinvest-verde.eu\/#\/schema\/logo\/image\/"}}]}},"_links":{"self":[{"href":"https:\/\/alinvest-verde.eu\/en_gb\/wp-json\/wp\/v2\/newslette\/9356","targetHints":{"allow":["GET"]}}],"collection":[{"href":"https:\/\/alinvest-verde.eu\/en_gb\/wp-json\/wp\/v2\/newslette"}],"about":[{"href":"https:\/\/alinvest-verde.eu\/en_gb\/wp-json\/wp\/v2\/types\/newslette"}],"version-history":[{"count":2,"href":"https:\/\/alinvest-verde.eu\/en_gb\/wp-json\/wp\/v2\/newslette\/9356\/revisions"}],"predecessor-version":[{"id":12950,"href":"https:\/\/alinvest-verde.eu\/en_gb\/wp-json\/wp\/v2\/newslette\/9356\/revisions\/12950"}],"wp:featuredmedia":[{"embeddable":true,"href":"https:\/\/alinvest-verde.eu\/en_gb\/wp-json\/wp\/v2\/media\/9358"}],"wp:attachment":[{"href":"https:\/\/alinvest-verde.eu\/en_gb\/wp-json\/wp\/v2\/media?parent=9356"}],"curies":[{"name":"wp","href":"https:\/\/api.w.org\/{rel}","templated":true}]}}