{"id":11240,"date":"2024-04-05T22:04:24","date_gmt":"2024-04-05T20:04:24","guid":{"rendered":"https:\/\/alinvest-verde.eu\/?p=11240"},"modified":"2024-08-09T19:33:55","modified_gmt":"2024-08-09T17:33:55","slug":"escuela-de-negocios-una-apuesta-para-la-profesionalizacion-de-los-empresarios-de-la-micro-y-pequena-empresa-que-fomente-la-proteccion-del-medio-ambiente-para-la-creacion-de-empleos-en-el-departamento","status":"publish","type":"post","link":"https:\/\/alinvest-verde.eu\/en_gb\/escuela-de-negocios-una-apuesta-para-la-profesionalizacion-de-los-empresarios-de-la-micro-y-pequena-empresa-que-fomente-la-proteccion-del-medio-ambiente-para-la-creacion-de-empleos-en-el-departamento\/","title":{"rendered":"Business School"},"content":{"rendered":"<p class=\"wp-block-paragraph\"><strong>A commitment to the professionalisation of micro and small business entrepreneurs that promotes environmental protection for the creation of jobs in the department of Antioquia.<\/strong><\/p>\n\n\n\n<p class=\"wp-block-paragraph\">The project seeks to promote sustainable agricultural and livestock practices adapted to MSMEs and small producers' organisations. Through this project, it is hoped that entrepreneurs and businessmen and women in the livestock, coffee and cocoa value chains of southwest Antioquia will generate sustainable production actions and create decent employment, contributing to the peace process, with a gender focus, within the framework of post-Covid 19 economic recovery.<\/p>\n\n\n\n<p class=\"wp-block-paragraph\">It will contribute to improve the agricultural productivity of rural entrepreneurs and micro-entrepreneurs, helping them to increase their income, supporting them in their rural productions so that they generate profits in their farms in a sustainable way (through the agribusiness, environmental and associative seed programmes and through the MBA-ACTEC agro acceleration programme: level 1 and 2). All with a focus on reducing inequalities and sustainable growth.<\/p>\n\n\n\n<p class=\"wp-block-paragraph\">The project is part of a multi-annual strategy of the consortium.<\/p>\n\n\n\n<figure class=\"wp-block-image size-large\"><img fetchpriority=\"high\" decoding=\"async\" width=\"1024\" height=\"684\" src=\"https:\/\/alinvest-verde.eu\/wp-content\/uploads\/2024\/04\/Lindelia-Soto-Agroempresaria-y-Sandra-Perez-Guisao-1024x684.jpg\" alt=\"\" class=\"wp-image-11247\" srcset=\"https:\/\/alinvest-verde.eu\/wp-content\/uploads\/2024\/04\/Lindelia-Soto-Agroempresaria-y-Sandra-Perez-Guisao-1024x684.jpg 1024w, https:\/\/alinvest-verde.eu\/wp-content\/uploads\/2024\/04\/Lindelia-Soto-Agroempresaria-y-Sandra-Perez-Guisao-300x200.jpg 300w, https:\/\/alinvest-verde.eu\/wp-content\/uploads\/2024\/04\/Lindelia-Soto-Agroempresaria-y-Sandra-Perez-Guisao-768x513.jpg 768w, https:\/\/alinvest-verde.eu\/wp-content\/uploads\/2024\/04\/Lindelia-Soto-Agroempresaria-y-Sandra-Perez-Guisao-1536x1025.jpg 1536w, https:\/\/alinvest-verde.eu\/wp-content\/uploads\/2024\/04\/Lindelia-Soto-Agroempresaria-y-Sandra-Perez-Guisao-2048x1367.jpg 2048w, https:\/\/alinvest-verde.eu\/wp-content\/uploads\/2024\/04\/Lindelia-Soto-Agroempresaria-y-Sandra-Perez-Guisao-18x12.jpg 18w\" sizes=\"(max-width: 1024px) 100vw, 1024px\" \/><\/figure>\n\n\n\n<p class=\"wp-block-paragraph\"><strong>Implementing consortium<\/strong>:<\/p>\n\n\n\n<p class=\"wp-block-paragraph\">Coordinating entity: <\/p>\n\n\n\n<figure class=\"wp-block-image size-full is-resized\"><a href=\"https:\/\/www.fundaciondelvalle.org\/\"><img decoding=\"async\" width=\"504\" height=\"203\" src=\"https:\/\/alinvest-verde.eu\/wp-content\/uploads\/2024\/04\/logofdv.png\" alt=\"\" class=\"wp-image-11241\" style=\"width:153px;height:auto\" srcset=\"https:\/\/alinvest-verde.eu\/wp-content\/uploads\/2024\/04\/logofdv.png 504w, https:\/\/alinvest-verde.eu\/wp-content\/uploads\/2024\/04\/logofdv-300x121.png 300w, https:\/\/alinvest-verde.eu\/wp-content\/uploads\/2024\/04\/logofdv-18x7.png 18w\" sizes=\"(max-width: 504px) 100vw, 504px\" \/><\/a><\/figure>\n\n\n\n<p class=\"wp-block-paragraph\">Partner entities: <\/p>\n\n\n\n<figure class=\"wp-block-image size-full is-resized\"><a href=\"https:\/\/actec-ong.org\/es\"><img decoding=\"async\" width=\"691\" height=\"699\" src=\"https:\/\/alinvest-verde.eu\/wp-content\/uploads\/2024\/04\/simbolo_ACTEC_color.png\" alt=\"\" class=\"wp-image-11242\" style=\"width:126px;height:auto\" srcset=\"https:\/\/alinvest-verde.eu\/wp-content\/uploads\/2024\/04\/simbolo_ACTEC_color.png 691w, https:\/\/alinvest-verde.eu\/wp-content\/uploads\/2024\/04\/simbolo_ACTEC_color-297x300.png 297w, https:\/\/alinvest-verde.eu\/wp-content\/uploads\/2024\/04\/simbolo_ACTEC_color-12x12.png 12w\" sizes=\"(max-width: 691px) 100vw, 691px\" \/><\/a><\/figure>\n\n\n\n<p class=\"wp-block-paragraph\"><\/p>\n\n\n\n<figure class=\"wp-block-image size-full is-resized\"><a href=\"https:\/\/interactuar.org.co\/\"><img loading=\"lazy\" decoding=\"async\" width=\"608\" height=\"127\" src=\"https:\/\/alinvest-verde.eu\/wp-content\/uploads\/2024\/04\/Logo-Interactuar.png\" alt=\"\" class=\"wp-image-11243\" style=\"width:127px;height:auto\" srcset=\"https:\/\/alinvest-verde.eu\/wp-content\/uploads\/2024\/04\/Logo-Interactuar.png 608w, https:\/\/alinvest-verde.eu\/wp-content\/uploads\/2024\/04\/Logo-Interactuar-300x63.png 300w, https:\/\/alinvest-verde.eu\/wp-content\/uploads\/2024\/04\/Logo-Interactuar-18x4.png 18w\" sizes=\"(max-width: 608px) 100vw, 608px\" \/><\/a><\/figure>\n\n\n\n<p class=\"wp-block-paragraph\"><strong>Beneficiaries:&nbsp;<\/strong><\/p>\n\n\n\n<ul class=\"wp-block-list\">\n<li>Colombian SMEs in the agricultural and livestock sector.&nbsp;<\/li>\n<\/ul>\n\n\n\n<p class=\"wp-block-paragraph\"><\/p>\n\n\n\n<p class=\"wp-block-paragraph\"><strong>Other data:&nbsp;<\/strong><\/p>\n\n\n\n<figure class=\"wp-block-table\"><table class=\"has-luminous-vivid-amber-background-color has-background\"><tbody><tr><td><strong>Region\/Cities of implementation<\/strong><\/td><td><strong>Duration&nbsp;<\/strong><\/td><td><strong>Budget<\/strong> <\/td><td><strong>N\u00b0 of beneficiary SMEs&nbsp;<\/strong><\/td><\/tr><tr><td><br>National outreach&nbsp;<\/td><td>24 months (from 01 February 2023 to 31 January 2025)<\/td><td>\u20ac429.978,03<\/td><td>425<\/td><\/tr><\/tbody><\/table><\/figure>\n\n\n\n<p class=\"wp-block-paragraph\"><strong>Contact this project:&nbsp;<\/strong><\/p>\n\n\n\n<div class=\"wp-block-group is-vertical is-layout-flex wp-container-core-group-is-layout-2c90304e wp-block-group-is-layout-flex\">\n<div class=\"wp-block-group is-vertical is-layout-flex wp-container-core-group-is-layout-2c90304e wp-block-group-is-layout-flex\">\n<p class=\"wp-block-paragraph\">Belen Valenzuela&nbsp;<\/p>\n\n\n\n<p class=\"wp-block-paragraph\">International Project Coordinator&nbsp;&nbsp;<\/p>\n\n\n\n<p class=\"wp-block-paragraph\"><a href=\"mailto:bvalenzuela@fundaciondelvalle.org\">bvalenzuela@fundaciondelvalle.org<\/a><\/p>\n<\/div>\n\n\n\n<p class=\"wp-block-paragraph\"><\/p>\n<\/div>","protected":false},"excerpt":{"rendered":"<p>Una apuesta para la profesionalizaci\u00f3n de los empresarios de la micro y peque\u00f1a empresa que fomente la protecci\u00f3n del medio ambiente para la creaci\u00f3n de empleos en el departamento de Antioqu\u00eda. El proyecto busca impulsar pr\u00e1cticas agr\u00edcolas y ganaderas sostenibles adaptadas a las mipymes y a organizaciones de peque\u00f1os productores. A trav\u00e9s de este proyecto [&hellip;]<\/p>\n","protected":false},"author":4,"featured_media":11245,"comment_status":"closed","ping_status":"closed","sticky":false,"template":"","format":"standard","meta":{"footnotes":""},"categories":[1],"tags":[],"class_list":["post-11240","post","type-post","status-publish","format-standard","has-post-thumbnail","hentry","category-allgemein"],"yoast_head":"<!-- This site is optimized with the Yoast SEO plugin v28.4 - https:\/\/yoast.com\/product\/yoast-seo-wordpress\/ -->\n<title>Escuela de Negocios - Programme AL-INVEST Verde<\/title>\n<meta name=\"robots\" content=\"index, follow, max-snippet:-1, max-image-preview:large, max-video-preview:-1\" \/>\n<link rel=\"canonical\" href=\"https:\/\/alinvest-verde.eu\/en_gb\/escuela-de-negocios-una-apuesta-para-la-profesionalizacion-de-los-empresarios-de-la-micro-y-pequena-empresa-que-fomente-la-proteccion-del-medio-ambiente-para-la-creacion-de-empleos-en-el-departamento\/\" \/>\n<meta property=\"og:locale\" content=\"en_GB\" \/>\n<meta property=\"og:type\" content=\"article\" \/>\n<meta property=\"og:title\" content=\"Escuela de Negocios - Programme AL-INVEST Verde\" \/>\n<meta property=\"og:description\" content=\"Una apuesta para la profesionalizaci\u00f3n de los empresarios de la micro y peque\u00f1a empresa que fomente la protecci\u00f3n del medio ambiente para la creaci\u00f3n de empleos en el departamento de Antioqu\u00eda. El proyecto busca impulsar pr\u00e1cticas agr\u00edcolas y ganaderas sostenibles adaptadas a las mipymes y a organizaciones de peque\u00f1os productores. A trav\u00e9s de este proyecto [&hellip;]\" \/>\n<meta property=\"og:url\" content=\"https:\/\/alinvest-verde.eu\/en_gb\/escuela-de-negocios-una-apuesta-para-la-profesionalizacion-de-los-empresarios-de-la-micro-y-pequena-empresa-que-fomente-la-proteccion-del-medio-ambiente-para-la-creacion-de-empleos-en-el-departamento\/\" \/>\n<meta property=\"og:site_name\" content=\"Programme AL-INVEST Verde\" \/>\n<meta property=\"article:published_time\" content=\"2024-04-05T20:04:24+00:00\" \/>\n<meta property=\"article:modified_time\" content=\"2024-08-09T17:33:55+00:00\" \/>\n<meta property=\"og:image\" content=\"https:\/\/alinvest-verde.eu\/wp-content\/uploads\/2024\/04\/Foto-Orlando-Betancurt-3-1-scaled.jpg\" \/>\n\t<meta property=\"og:image:width\" content=\"2560\" \/>\n\t<meta property=\"og:image:height\" content=\"1709\" \/>\n\t<meta property=\"og:image:type\" content=\"image\/jpeg\" \/>\n<meta name=\"author\" content=\"Malena Sousa\" \/>\n<meta name=\"twitter:card\" content=\"summary_large_image\" \/>\n<meta name=\"twitter:label1\" content=\"Written by\" \/>\n\t<meta name=\"twitter:data1\" content=\"\" \/>\n\t<meta name=\"twitter:label2\" content=\"Estimated reading time\" \/>\n\t<meta name=\"twitter:data2\" content=\"3 minutes\" \/>\n<script type=\"application\/ld+json\" class=\"yoast-schema-graph\">{\"@context\":\"https:\\\/\\\/schema.org\",\"@graph\":[{\"@type\":\"Article\",\"@id\":\"https:\\\/\\\/alinvest-verde.eu\\\/escuela-de-negocios-una-apuesta-para-la-profesionalizacion-de-los-empresarios-de-la-micro-y-pequena-empresa-que-fomente-la-proteccion-del-medio-ambiente-para-la-creacion-de-empleos-en-el-departamento\\\/#article\",\"isPartOf\":{\"@id\":\"https:\\\/\\\/alinvest-verde.eu\\\/escuela-de-negocios-una-apuesta-para-la-profesionalizacion-de-los-empresarios-de-la-micro-y-pequena-empresa-que-fomente-la-proteccion-del-medio-ambiente-para-la-creacion-de-empleos-en-el-departamento\\\/\"},\"author\":{\"name\":\"Malena Sousa\",\"@id\":\"https:\\\/\\\/alinvest-verde.eu\\\/#\\\/schema\\\/person\\\/f18f811fbc283c4879102f4ba5f9e9cc\"},\"headline\":\"Escuela de Negocios\",\"datePublished\":\"2024-04-05T20:04:24+00:00\",\"dateModified\":\"2024-08-09T17:33:55+00:00\",\"mainEntityOfPage\":{\"@id\":\"https:\\\/\\\/alinvest-verde.eu\\\/escuela-de-negocios-una-apuesta-para-la-profesionalizacion-de-los-empresarios-de-la-micro-y-pequena-empresa-que-fomente-la-proteccion-del-medio-ambiente-para-la-creacion-de-empleos-en-el-departamento\\\/\"},\"wordCount\":270,\"publisher\":{\"@id\":\"https:\\\/\\\/alinvest-verde.eu\\\/#organization\"},\"image\":{\"@id\":\"https:\\\/\\\/alinvest-verde.eu\\\/escuela-de-negocios-una-apuesta-para-la-profesionalizacion-de-los-empresarios-de-la-micro-y-pequena-empresa-que-fomente-la-proteccion-del-medio-ambiente-para-la-creacion-de-empleos-en-el-departamento\\\/#primaryimage\"},\"thumbnailUrl\":\"https:\\\/\\\/alinvest-verde.eu\\\/wp-content\\\/uploads\\\/2024\\\/04\\\/Foto-Orlando-Betancurt-3-1-scaled.jpg\",\"articleSection\":[\"Allgemein\"],\"inLanguage\":\"en-GB\"},{\"@type\":\"WebPage\",\"@id\":\"https:\\\/\\\/alinvest-verde.eu\\\/escuela-de-negocios-una-apuesta-para-la-profesionalizacion-de-los-empresarios-de-la-micro-y-pequena-empresa-que-fomente-la-proteccion-del-medio-ambiente-para-la-creacion-de-empleos-en-el-departamento\\\/\",\"url\":\"https:\\\/\\\/alinvest-verde.eu\\\/escuela-de-negocios-una-apuesta-para-la-profesionalizacion-de-los-empresarios-de-la-micro-y-pequena-empresa-que-fomente-la-proteccion-del-medio-ambiente-para-la-creacion-de-empleos-en-el-departamento\\\/\",\"name\":\"Escuela de Negocios - Programme AL-INVEST Verde\",\"isPartOf\":{\"@id\":\"https:\\\/\\\/alinvest-verde.eu\\\/#website\"},\"primaryImageOfPage\":{\"@id\":\"https:\\\/\\\/alinvest-verde.eu\\\/escuela-de-negocios-una-apuesta-para-la-profesionalizacion-de-los-empresarios-de-la-micro-y-pequena-empresa-que-fomente-la-proteccion-del-medio-ambiente-para-la-creacion-de-empleos-en-el-departamento\\\/#primaryimage\"},\"image\":{\"@id\":\"https:\\\/\\\/alinvest-verde.eu\\\/escuela-de-negocios-una-apuesta-para-la-profesionalizacion-de-los-empresarios-de-la-micro-y-pequena-empresa-que-fomente-la-proteccion-del-medio-ambiente-para-la-creacion-de-empleos-en-el-departamento\\\/#primaryimage\"},\"thumbnailUrl\":\"https:\\\/\\\/alinvest-verde.eu\\\/wp-content\\\/uploads\\\/2024\\\/04\\\/Foto-Orlando-Betancurt-3-1-scaled.jpg\",\"datePublished\":\"2024-04-05T20:04:24+00:00\",\"dateModified\":\"2024-08-09T17:33:55+00:00\",\"breadcrumb\":{\"@id\":\"https:\\\/\\\/alinvest-verde.eu\\\/escuela-de-negocios-una-apuesta-para-la-profesionalizacion-de-los-empresarios-de-la-micro-y-pequena-empresa-que-fomente-la-proteccion-del-medio-ambiente-para-la-creacion-de-empleos-en-el-departamento\\\/#breadcrumb\"},\"inLanguage\":\"en-GB\",\"potentialAction\":[{\"@type\":\"ReadAction\",\"target\":[\"https:\\\/\\\/alinvest-verde.eu\\\/escuela-de-negocios-una-apuesta-para-la-profesionalizacion-de-los-empresarios-de-la-micro-y-pequena-empresa-que-fomente-la-proteccion-del-medio-ambiente-para-la-creacion-de-empleos-en-el-departamento\\\/\"]}]},{\"@type\":\"ImageObject\",\"inLanguage\":\"en-GB\",\"@id\":\"https:\\\/\\\/alinvest-verde.eu\\\/escuela-de-negocios-una-apuesta-para-la-profesionalizacion-de-los-empresarios-de-la-micro-y-pequena-empresa-que-fomente-la-proteccion-del-medio-ambiente-para-la-creacion-de-empleos-en-el-departamento\\\/#primaryimage\",\"url\":\"https:\\\/\\\/alinvest-verde.eu\\\/wp-content\\\/uploads\\\/2024\\\/04\\\/Foto-Orlando-Betancurt-3-1-scaled.jpg\",\"contentUrl\":\"https:\\\/\\\/alinvest-verde.eu\\\/wp-content\\\/uploads\\\/2024\\\/04\\\/Foto-Orlando-Betancurt-3-1-scaled.jpg\",\"width\":2560,\"height\":1709},{\"@type\":\"BreadcrumbList\",\"@id\":\"https:\\\/\\\/alinvest-verde.eu\\\/escuela-de-negocios-una-apuesta-para-la-profesionalizacion-de-los-empresarios-de-la-micro-y-pequena-empresa-que-fomente-la-proteccion-del-medio-ambiente-para-la-creacion-de-empleos-en-el-departamento\\\/#breadcrumb\",\"itemListElement\":[{\"@type\":\"ListItem\",\"position\":1,\"name\":\"Inicio\",\"item\":\"https:\\\/\\\/alinvest-verde.eu\\\/\"},{\"@type\":\"ListItem\",\"position\":2,\"name\":\"Allgemein\",\"item\":\"https:\\\/\\\/alinvest-verde.eu\\\/category\\\/allgemein\\\/\"},{\"@type\":\"ListItem\",\"position\":3,\"name\":\"Escuela de Negocios\"}]},{\"@type\":\"WebSite\",\"@id\":\"https:\\\/\\\/alinvest-verde.eu\\\/#website\",\"url\":\"https:\\\/\\\/alinvest-verde.eu\\\/\",\"name\":\"Programme AL-INVEST Verde\",\"description\":\"Building alliances with the private sector in LA and promote sustainable growth and jobs creation by supporting the transition towards a low-carbon, resource-efficient economy\",\"publisher\":{\"@id\":\"https:\\\/\\\/alinvest-verde.eu\\\/#organization\"},\"potentialAction\":[{\"@type\":\"SearchAction\",\"target\":{\"@type\":\"EntryPoint\",\"urlTemplate\":\"https:\\\/\\\/alinvest-verde.eu\\\/?s={search_term_string}\"},\"query-input\":{\"@type\":\"PropertyValueSpecification\",\"valueRequired\":true,\"valueName\":\"search_term_string\"}}],\"inLanguage\":\"en-GB\"},{\"@type\":\"Organization\",\"@id\":\"https:\\\/\\\/alinvest-verde.eu\\\/#organization\",\"name\":\"Programme AL-INVEST Verde\",\"url\":\"https:\\\/\\\/alinvest-verde.eu\\\/\",\"logo\":{\"@type\":\"ImageObject\",\"inLanguage\":\"en-GB\",\"@id\":\"https:\\\/\\\/alinvest-verde.eu\\\/#\\\/schema\\\/logo\\\/image\\\/\",\"url\":\"https:\\\/\\\/alinvest-verde.eu\\\/wp-content\\\/uploads\\\/2022\\\/01\\\/cropped-logo-financiado-por-la-UE.jpg\",\"contentUrl\":\"https:\\\/\\\/alinvest-verde.eu\\\/wp-content\\\/uploads\\\/2022\\\/01\\\/cropped-logo-financiado-por-la-UE.jpg\",\"width\":756,\"height\":216,\"caption\":\"Programme AL-INVEST Verde\"},\"image\":{\"@id\":\"https:\\\/\\\/alinvest-verde.eu\\\/#\\\/schema\\\/logo\\\/image\\\/\"}},{\"@type\":\"Person\",\"@id\":\"https:\\\/\\\/alinvest-verde.eu\\\/#\\\/schema\\\/person\\\/f18f811fbc283c4879102f4ba5f9e9cc\",\"name\":\"Malena Sousa\",\"image\":{\"@type\":\"ImageObject\",\"inLanguage\":\"en-GB\",\"@id\":\"https:\\\/\\\/secure.gravatar.com\\\/avatar\\\/74c4287a4f65459fc00b8d8be549ed384ace7d1edd2dab408eba902c46cbcab1?s=96&d=mm&r=g\",\"url\":\"https:\\\/\\\/secure.gravatar.com\\\/avatar\\\/74c4287a4f65459fc00b8d8be549ed384ace7d1edd2dab408eba902c46cbcab1?s=96&d=mm&r=g\",\"contentUrl\":\"https:\\\/\\\/secure.gravatar.com\\\/avatar\\\/74c4287a4f65459fc00b8d8be549ed384ace7d1edd2dab408eba902c46cbcab1?s=96&d=mm&r=g\",\"caption\":\"Malena Sousa\"},\"url\":\"https:\\\/\\\/alinvest-verde.eu\\\/en_gb\\\/author\\\/malena-sousa\\\/\"}]}<\/script>\n<!-- \/ Yoast SEO plugin. -->","yoast_head_json":{"title":"Business School - Programme AL-INVEST Verde","robots":{"index":"index","follow":"follow","max-snippet":"max-snippet:-1","max-image-preview":"max-image-preview:large","max-video-preview":"max-video-preview:-1"},"canonical":"https:\/\/alinvest-verde.eu\/en_gb\/escuela-de-negocios-una-apuesta-para-la-profesionalizacion-de-los-empresarios-de-la-micro-y-pequena-empresa-que-fomente-la-proteccion-del-medio-ambiente-para-la-creacion-de-empleos-en-el-departamento\/","og_locale":"en_GB","og_type":"article","og_title":"Escuela de Negocios - Programme AL-INVEST Verde","og_description":"Una apuesta para la profesionalizaci\u00f3n de los empresarios de la micro y peque\u00f1a empresa que fomente la protecci\u00f3n del medio ambiente para la creaci\u00f3n de empleos en el departamento de Antioqu\u00eda. El proyecto busca impulsar pr\u00e1cticas agr\u00edcolas y ganaderas sostenibles adaptadas a las mipymes y a organizaciones de peque\u00f1os productores. A trav\u00e9s de este proyecto [&hellip;]","og_url":"https:\/\/alinvest-verde.eu\/en_gb\/escuela-de-negocios-una-apuesta-para-la-profesionalizacion-de-los-empresarios-de-la-micro-y-pequena-empresa-que-fomente-la-proteccion-del-medio-ambiente-para-la-creacion-de-empleos-en-el-departamento\/","og_site_name":"Programme AL-INVEST Verde","article_published_time":"2024-04-05T20:04:24+00:00","article_modified_time":"2024-08-09T17:33:55+00:00","og_image":[{"width":2560,"height":1709,"url":"https:\/\/alinvest-verde.eu\/wp-content\/uploads\/2024\/04\/Foto-Orlando-Betancurt-3-1-scaled.jpg","type":"image\/jpeg"}],"author":"Malena Sousa","twitter_card":"summary_large_image","twitter_misc":{"Written by":false,"Estimated reading time":"3 minutes"},"schema":{"@context":"https:\/\/schema.org","@graph":[{"@type":"Article","@id":"https:\/\/alinvest-verde.eu\/escuela-de-negocios-una-apuesta-para-la-profesionalizacion-de-los-empresarios-de-la-micro-y-pequena-empresa-que-fomente-la-proteccion-del-medio-ambiente-para-la-creacion-de-empleos-en-el-departamento\/#article","isPartOf":{"@id":"https:\/\/alinvest-verde.eu\/escuela-de-negocios-una-apuesta-para-la-profesionalizacion-de-los-empresarios-de-la-micro-y-pequena-empresa-que-fomente-la-proteccion-del-medio-ambiente-para-la-creacion-de-empleos-en-el-departamento\/"},"author":{"name":"Malena Sousa","@id":"https:\/\/alinvest-verde.eu\/#\/schema\/person\/f18f811fbc283c4879102f4ba5f9e9cc"},"headline":"Escuela de Negocios","datePublished":"2024-04-05T20:04:24+00:00","dateModified":"2024-08-09T17:33:55+00:00","mainEntityOfPage":{"@id":"https:\/\/alinvest-verde.eu\/escuela-de-negocios-una-apuesta-para-la-profesionalizacion-de-los-empresarios-de-la-micro-y-pequena-empresa-que-fomente-la-proteccion-del-medio-ambiente-para-la-creacion-de-empleos-en-el-departamento\/"},"wordCount":270,"publisher":{"@id":"https:\/\/alinvest-verde.eu\/#organization"},"image":{"@id":"https:\/\/alinvest-verde.eu\/escuela-de-negocios-una-apuesta-para-la-profesionalizacion-de-los-empresarios-de-la-micro-y-pequena-empresa-que-fomente-la-proteccion-del-medio-ambiente-para-la-creacion-de-empleos-en-el-departamento\/#primaryimage"},"thumbnailUrl":"https:\/\/alinvest-verde.eu\/wp-content\/uploads\/2024\/04\/Foto-Orlando-Betancurt-3-1-scaled.jpg","articleSection":["Allgemein"],"inLanguage":"en-GB"},{"@type":"WebPage","@id":"https:\/\/alinvest-verde.eu\/escuela-de-negocios-una-apuesta-para-la-profesionalizacion-de-los-empresarios-de-la-micro-y-pequena-empresa-que-fomente-la-proteccion-del-medio-ambiente-para-la-creacion-de-empleos-en-el-departamento\/","url":"https:\/\/alinvest-verde.eu\/escuela-de-negocios-una-apuesta-para-la-profesionalizacion-de-los-empresarios-de-la-micro-y-pequena-empresa-que-fomente-la-proteccion-del-medio-ambiente-para-la-creacion-de-empleos-en-el-departamento\/","name":"Business School - Programme AL-INVEST Verde","isPartOf":{"@id":"https:\/\/alinvest-verde.eu\/#website"},"primaryImageOfPage":{"@id":"https:\/\/alinvest-verde.eu\/escuela-de-negocios-una-apuesta-para-la-profesionalizacion-de-los-empresarios-de-la-micro-y-pequena-empresa-que-fomente-la-proteccion-del-medio-ambiente-para-la-creacion-de-empleos-en-el-departamento\/#primaryimage"},"image":{"@id":"https:\/\/alinvest-verde.eu\/escuela-de-negocios-una-apuesta-para-la-profesionalizacion-de-los-empresarios-de-la-micro-y-pequena-empresa-que-fomente-la-proteccion-del-medio-ambiente-para-la-creacion-de-empleos-en-el-departamento\/#primaryimage"},"thumbnailUrl":"https:\/\/alinvest-verde.eu\/wp-content\/uploads\/2024\/04\/Foto-Orlando-Betancurt-3-1-scaled.jpg","datePublished":"2024-04-05T20:04:24+00:00","dateModified":"2024-08-09T17:33:55+00:00","breadcrumb":{"@id":"https:\/\/alinvest-verde.eu\/escuela-de-negocios-una-apuesta-para-la-profesionalizacion-de-los-empresarios-de-la-micro-y-pequena-empresa-que-fomente-la-proteccion-del-medio-ambiente-para-la-creacion-de-empleos-en-el-departamento\/#breadcrumb"},"inLanguage":"en-GB","potentialAction":[{"@type":"ReadAction","target":["https:\/\/alinvest-verde.eu\/escuela-de-negocios-una-apuesta-para-la-profesionalizacion-de-los-empresarios-de-la-micro-y-pequena-empresa-que-fomente-la-proteccion-del-medio-ambiente-para-la-creacion-de-empleos-en-el-departamento\/"]}]},{"@type":"ImageObject","inLanguage":"en-GB","@id":"https:\/\/alinvest-verde.eu\/escuela-de-negocios-una-apuesta-para-la-profesionalizacion-de-los-empresarios-de-la-micro-y-pequena-empresa-que-fomente-la-proteccion-del-medio-ambiente-para-la-creacion-de-empleos-en-el-departamento\/#primaryimage","url":"https:\/\/alinvest-verde.eu\/wp-content\/uploads\/2024\/04\/Foto-Orlando-Betancurt-3-1-scaled.jpg","contentUrl":"https:\/\/alinvest-verde.eu\/wp-content\/uploads\/2024\/04\/Foto-Orlando-Betancurt-3-1-scaled.jpg","width":2560,"height":1709},{"@type":"BreadcrumbList","@id":"https:\/\/alinvest-verde.eu\/escuela-de-negocios-una-apuesta-para-la-profesionalizacion-de-los-empresarios-de-la-micro-y-pequena-empresa-que-fomente-la-proteccion-del-medio-ambiente-para-la-creacion-de-empleos-en-el-departamento\/#breadcrumb","itemListElement":[{"@type":"ListItem","position":1,"name":"Inicio","item":"https:\/\/alinvest-verde.eu\/"},{"@type":"ListItem","position":2,"name":"Allgemein","item":"https:\/\/alinvest-verde.eu\/category\/allgemein\/"},{"@type":"ListItem","position":3,"name":"Escuela de Negocios"}]},{"@type":"WebSite","@id":"https:\/\/alinvest-verde.eu\/#website","url":"https:\/\/alinvest-verde.eu\/","name":"Programme AL-INVEST Verde","description":"Building alliances with the private sector in LA and promote sustainable growth and jobs creation by supporting the transition towards a low-carbon, resource-efficient economy","publisher":{"@id":"https:\/\/alinvest-verde.eu\/#organization"},"potentialAction":[{"@type":"SearchAction","target":{"@type":"EntryPoint","urlTemplate":"https:\/\/alinvest-verde.eu\/?s={search_term_string}"},"query-input":{"@type":"PropertyValueSpecification","valueRequired":true,"valueName":"search_term_string"}}],"inLanguage":"en-GB"},{"@type":"Organization","@id":"https:\/\/alinvest-verde.eu\/#organization","name":"Programme AL-INVEST Verde","url":"https:\/\/alinvest-verde.eu\/","logo":{"@type":"ImageObject","inLanguage":"en-GB","@id":"https:\/\/alinvest-verde.eu\/#\/schema\/logo\/image\/","url":"https:\/\/alinvest-verde.eu\/wp-content\/uploads\/2022\/01\/cropped-logo-financiado-por-la-UE.jpg","contentUrl":"https:\/\/alinvest-verde.eu\/wp-content\/uploads\/2022\/01\/cropped-logo-financiado-por-la-UE.jpg","width":756,"height":216,"caption":"Programme AL-INVEST Verde"},"image":{"@id":"https:\/\/alinvest-verde.eu\/#\/schema\/logo\/image\/"}},{"@type":"Person","@id":"https:\/\/alinvest-verde.eu\/#\/schema\/person\/f18f811fbc283c4879102f4ba5f9e9cc","name":"Malena Sousa","image":{"@type":"ImageObject","inLanguage":"en-GB","@id":"https:\/\/secure.gravatar.com\/avatar\/74c4287a4f65459fc00b8d8be549ed384ace7d1edd2dab408eba902c46cbcab1?s=96&d=mm&r=g","url":"https:\/\/secure.gravatar.com\/avatar\/74c4287a4f65459fc00b8d8be549ed384ace7d1edd2dab408eba902c46cbcab1?s=96&d=mm&r=g","contentUrl":"https:\/\/secure.gravatar.com\/avatar\/74c4287a4f65459fc00b8d8be549ed384ace7d1edd2dab408eba902c46cbcab1?s=96&d=mm&r=g","caption":"Malena Sousa"},"url":"https:\/\/alinvest-verde.eu\/en_gb\/author\/malena-sousa\/"}]}},"_links":{"self":[{"href":"https:\/\/alinvest-verde.eu\/en_gb\/wp-json\/wp\/v2\/posts\/11240","targetHints":{"allow":["GET"]}}],"collection":[{"href":"https:\/\/alinvest-verde.eu\/en_gb\/wp-json\/wp\/v2\/posts"}],"about":[{"href":"https:\/\/alinvest-verde.eu\/en_gb\/wp-json\/wp\/v2\/types\/post"}],"author":[{"embeddable":true,"href":"https:\/\/alinvest-verde.eu\/en_gb\/wp-json\/wp\/v2\/users\/4"}],"replies":[{"embeddable":true,"href":"https:\/\/alinvest-verde.eu\/en_gb\/wp-json\/wp\/v2\/comments?post=11240"}],"version-history":[{"count":6,"href":"https:\/\/alinvest-verde.eu\/en_gb\/wp-json\/wp\/v2\/posts\/11240\/revisions"}],"predecessor-version":[{"id":15398,"href":"https:\/\/alinvest-verde.eu\/en_gb\/wp-json\/wp\/v2\/posts\/11240\/revisions\/15398"}],"wp:featuredmedia":[{"embeddable":true,"href":"https:\/\/alinvest-verde.eu\/en_gb\/wp-json\/wp\/v2\/media\/11245"}],"wp:attachment":[{"href":"https:\/\/alinvest-verde.eu\/en_gb\/wp-json\/wp\/v2\/media?parent=11240"}],"wp:term":[{"taxonomy":"category","embeddable":true,"href":"https:\/\/alinvest-verde.eu\/en_gb\/wp-json\/wp\/v2\/categories?post=11240"},{"taxonomy":"post_tag","embeddable":true,"href":"https:\/\/alinvest-verde.eu\/en_gb\/wp-json\/wp\/v2\/tags?post=11240"}],"curies":[{"name":"wp","href":"https:\/\/api.w.org\/{rel}","templated":true}]}}