{"id":14930,"date":"2024-07-26T18:06:21","date_gmt":"2024-07-26T16:06:21","guid":{"rendered":"https:\/\/alinvest-verde.eu\/?p=14930"},"modified":"2024-08-08T14:21:26","modified_gmt":"2024-08-08T12:21:26","slug":"primer-envio-de-cafe-libre-de-deforestacion-a-la-union-europea","status":"publish","type":"post","link":"https:\/\/alinvest-verde.eu\/en_gb\/primer-envio-de-cafe-libre-de-deforestacion-a-la-union-europea\/","title":{"rendered":"First shipment of deforestation-free coffee from Brazil to Europe\u00a0"},"content":{"rendered":"<div data-elementor-type=\"wp-post\" data-elementor-id=\"14930\" class=\"elementor elementor-14930\" data-elementor-post-type=\"post\">\n\t\t\t\t\t\t<section class=\"elementor-section elementor-top-section elementor-element elementor-element-73f08014 elementor-section-boxed elementor-section-height-default elementor-section-height-default\" data-id=\"73f08014\" data-element_type=\"section\" data-e-type=\"section\">\n\t\t\t\t\t\t<div class=\"elementor-container elementor-column-gap-default\">\n\t\t\t\t\t<div class=\"elementor-column elementor-col-100 elementor-top-column elementor-element elementor-element-57e52230\" data-id=\"57e52230\" data-element_type=\"column\" data-e-type=\"column\">\n\t\t\t<div class=\"elementor-widget-wrap elementor-element-populated\">\n\t\t\t\t\t\t<div class=\"elementor-element elementor-element-4040f6f8 elementor-widget elementor-widget-text-editor\" data-id=\"4040f6f8\" data-element_type=\"widget\" data-e-type=\"widget\" data-widget_type=\"text-editor.default\">\n\t\t\t\t<div class=\"elementor-widget-container\">\n\t\t\t\t\t\t\t\t\t\n<p class=\"wp-block-paragraph\">The first shipment of coffee from Minas Gerais, Brazil, was made on 27 July.\u00a0<strong>complies with the requirements of the European Union Deforestation Regulation (EUDR)<\/strong>. The shipment left the port of Santos and is scheduled to arrive in Dublin (Ireland) on 21 August.<\/p>\n<p>Composed of\u00a0<strong>320 bags from ten farmers\u00a0<\/strong>of municipalities in southern Minas Gerais, this shipment was made possible thanks to the joint work between the Government of Minas Gerais, through the Secretariat of Agriculture, Livestock and Supply (SEAPA), the Cooperative of Coffee Growers of Tres Pontas and the SeloVerde MG platform, a tool developed by the Federal University of Minas Gerais (UFMG), the Territorial Intelligence Centre (CIT), the State Institute of Forests (IEF) and SEAPA, with the support of AL-INVEST Verde.<\/p>\n<p>\"Minas Gerais is taking the lead in demonstrating that our production is capable of meeting the new EU requirements and our environmental legislation, preserving our markets and promoting sustainability,\" said the Secretary of State for Agriculture, Livestock and Supply of Minas Gerais (SEAPA),\u00a0<strong>Thales Fernandes,\u00a0<\/strong>the driving force behind this process together with the Deputy Secretary,\u00a0<strong>Jo\u00e3o Ricardo Albanez<\/strong>.<\/p>\n<p>The SeloVerde MG platform makes it possible to demonstrate that\u00a0<strong>the product, in this case coffee, is not associated with deforestation<\/strong> and therefore complies with the EUDR. Furthermore, it ensures that it complies with national legislation, as it issues a public certificate linked to the producer's Rural Environmental Registration (RER) number.<\/p>\n<p>\"The results of the diagnosis are presented for each rural property and can be compared with high-resolution images available for free on the platform. This provides transparency and traceability of production throughout the territory of Minas Gerais, as well as making it possible to identify and reward producers who conserve areas of native vegetation beyond the requirements of the Forest Code\", explained\u00a0<strong>Felipe Nunes<\/strong>, researcher at the Territorial Intelligence Centre\/UFMG.<\/p>\n<p>The Director General of the IEF,\u00a0<strong>Breno Lasmar<\/strong>, said the innovative technologies employed at SeloVerde MG increased transparency and effectiveness, \"streamlining forest management and environmental restoration processes\". \"These efforts have promoted a safer and more sustainable environment, protecting the biodiversity and natural resources of Minas Gerais, while creating conditions for economic activities aligned with the principles of sustainability,\" he added.<\/p>\n<p>The <a href=\"https:\/\/alinvest-verde.eu\/en_gb\/apoyo-a-brasil-para-crear-un-sistema-de-acreditacion-de-cafe-sostenible-libre-de-deforestacion\/\">AL-INVEST Verde's support for the SeloVerde MG platform<\/a> was launched in 2023 to analyse rural coffee estates and determine that production is not associated with deforestation and forest degradation, as required by the EUDR for export to the European Union. \"Since the adoption of the EU's Deforestation Free Regulation, we have been supporting Latin American countries in the implementation of public traceability tools to collect the production information required for trade in the products covered by the regulation,\" said\u00a0<strong>Andrea Monaco<\/strong>, senior programme manager of AL-INVEST Verde.<\/p>\n<p>Last March, <a href=\"https:\/\/alinvest-verde.eu\/en_gb\/el-gobierno-brasileno-de-minas-gerais-presenta-la-plataforma-selo-verde-apoyada-por-al-invest-verde\/\">representatives of the European Commission and AL-INVEST Verde visited Minas Gerais<\/a> to learn about the operation of the SeloVerde MG platform on coffee farms in the south of the state and to hold meetings with the authorities involved. During the visit, it was agreed to send coffee tested with SeloVerde MG to Europe.<\/p>\n\t\t\t\t\t\t\t\t<\/div>\n\t\t\t\t<\/div>\n\t\t\t\t\t<\/div>\n\t\t<\/div>\n\t\t\t\t\t<\/div>\n\t\t<\/section>\n\t\t\t\t<section class=\"elementor-section elementor-top-section elementor-element elementor-element-e141764 elementor-section-boxed elementor-section-height-default elementor-section-height-default\" data-id=\"e141764\" data-element_type=\"section\" data-e-type=\"section\">\n\t\t\t\t\t\t<div class=\"elementor-container elementor-column-gap-default\">\n\t\t\t\t\t<div class=\"elementor-column elementor-col-100 elementor-top-column elementor-element elementor-element-f2c643f\" data-id=\"f2c643f\" data-element_type=\"column\" data-e-type=\"column\">\n\t\t\t<div class=\"elementor-widget-wrap elementor-element-populated\">\n\t\t\t\t\t\t<section class=\"elementor-section elementor-inner-section elementor-element elementor-element-b1963c2 elementor-section-boxed elementor-section-height-default elementor-section-height-default\" data-id=\"b1963c2\" data-element_type=\"section\" data-e-type=\"section\">\n\t\t\t\t\t\t<div class=\"elementor-container elementor-column-gap-default\">\n\t\t\t\t\t<div class=\"elementor-column elementor-col-50 elementor-inner-column elementor-element elementor-element-a30dd88\" data-id=\"a30dd88\" data-element_type=\"column\" data-e-type=\"column\">\n\t\t\t<div class=\"elementor-widget-wrap elementor-element-populated\">\n\t\t\t\t\t\t<div class=\"elementor-element elementor-element-fc0966c elementor-widget elementor-widget-image\" data-id=\"fc0966c\" data-element_type=\"widget\" data-e-type=\"widget\" data-widget_type=\"image.default\">\n\t\t\t\t<div class=\"elementor-widget-container\">\n\t\t\t\t\t\t\t\t\t\t\t\t\t\t\t<img fetchpriority=\"high\" decoding=\"async\" width=\"800\" height=\"451\" src=\"https:\/\/alinvest-verde.eu\/wp-content\/uploads\/2024\/07\/Seloverde-MG-1-1024x577.jpeg\" class=\"attachment-large size-large wp-image-15186\" alt=\"\" srcset=\"https:\/\/alinvest-verde.eu\/wp-content\/uploads\/2024\/07\/Seloverde-MG-1-1024x577.jpeg 1024w, https:\/\/alinvest-verde.eu\/wp-content\/uploads\/2024\/07\/Seloverde-MG-1-300x169.jpeg 300w, https:\/\/alinvest-verde.eu\/wp-content\/uploads\/2024\/07\/Seloverde-MG-1-768x432.jpeg 768w, https:\/\/alinvest-verde.eu\/wp-content\/uploads\/2024\/07\/Seloverde-MG-1-1536x865.jpeg 1536w, https:\/\/alinvest-verde.eu\/wp-content\/uploads\/2024\/07\/Seloverde-MG-1-2048x1153.jpeg 2048w, https:\/\/alinvest-verde.eu\/wp-content\/uploads\/2024\/07\/Seloverde-MG-1-18x10.jpeg 18w\" sizes=\"(max-width: 800px) 100vw, 800px\" \/>\t\t\t\t\t\t\t\t\t\t\t\t\t\t\t<\/div>\n\t\t\t\t<\/div>\n\t\t\t\t\t<\/div>\n\t\t<\/div>\n\t\t\t\t<div class=\"elementor-column elementor-col-50 elementor-inner-column elementor-element elementor-element-c6e70b7\" data-id=\"c6e70b7\" data-element_type=\"column\" data-e-type=\"column\">\n\t\t\t<div class=\"elementor-widget-wrap elementor-element-populated\">\n\t\t\t\t\t\t<div class=\"elementor-element elementor-element-081683b elementor-widget elementor-widget-image\" data-id=\"081683b\" data-element_type=\"widget\" data-e-type=\"widget\" data-widget_type=\"image.default\">\n\t\t\t\t<div class=\"elementor-widget-container\">\n\t\t\t\t\t\t\t\t\t\t\t\t\t\t\t<img decoding=\"async\" width=\"800\" height=\"451\" src=\"https:\/\/alinvest-verde.eu\/wp-content\/uploads\/2024\/07\/Seloverde-MG-2-1024x577.jpeg\" class=\"attachment-large size-large wp-image-15187\" alt=\"\" srcset=\"https:\/\/alinvest-verde.eu\/wp-content\/uploads\/2024\/07\/Seloverde-MG-2-1024x577.jpeg 1024w, https:\/\/alinvest-verde.eu\/wp-content\/uploads\/2024\/07\/Seloverde-MG-2-300x169.jpeg 300w, https:\/\/alinvest-verde.eu\/wp-content\/uploads\/2024\/07\/Seloverde-MG-2-768x432.jpeg 768w, https:\/\/alinvest-verde.eu\/wp-content\/uploads\/2024\/07\/Seloverde-MG-2-1536x865.jpeg 1536w, https:\/\/alinvest-verde.eu\/wp-content\/uploads\/2024\/07\/Seloverde-MG-2-2048x1153.jpeg 2048w, https:\/\/alinvest-verde.eu\/wp-content\/uploads\/2024\/07\/Seloverde-MG-2-18x10.jpeg 18w\" sizes=\"(max-width: 800px) 100vw, 800px\" \/>\t\t\t\t\t\t\t\t\t\t\t\t\t\t\t<\/div>\n\t\t\t\t<\/div>\n\t\t\t\t\t<\/div>\n\t\t<\/div>\n\t\t\t\t\t<\/div>\n\t\t<\/section>\n\t\t\t\t\t<\/div>\n\t\t<\/div>\n\t\t\t\t\t<\/div>\n\t\t<\/section>\n\t\t\t\t<section class=\"elementor-section elementor-top-section elementor-element elementor-element-5e48ca3 elementor-section-boxed elementor-section-height-default elementor-section-height-default\" data-id=\"5e48ca3\" data-element_type=\"section\" data-e-type=\"section\">\n\t\t\t\t\t\t<div class=\"elementor-container elementor-column-gap-default\">\n\t\t\t\t\t<div class=\"elementor-column elementor-col-100 elementor-top-column elementor-element elementor-element-5290b4a\" data-id=\"5290b4a\" data-element_type=\"column\" data-e-type=\"column\">\n\t\t\t<div class=\"elementor-widget-wrap elementor-element-populated\">\n\t\t\t\t\t\t<div class=\"elementor-element elementor-element-398ae51 elementor-widget elementor-widget-text-editor\" data-id=\"398ae51\" data-element_type=\"widget\" data-e-type=\"widget\" data-widget_type=\"text-editor.default\">\n\t\t\t\t<div class=\"elementor-widget-container\">\n\t\t\t\t\t\t\t\t\t<p><strong>About AL-INVEST Verde<\/strong><\/p>\n<p><!-- \/wp:paragraph --><!-- wp:paragraph --><\/p>\n<p>AL-INVEST Verde is a programme funded by the European Union (EU). Its main objective is to promote sustainable growth and job creation in Latin America by supporting the transition towards a low-carbon, resource-efficient and more circular economy. Through Component 2, led by FIIAPP in consortium with IILA, the programme provides assistance for strengthening public policy and multi-stakeholder dialogues on sustainable agricultural and value chains, environmental and labour standards, as well as sustainable trade and economic policy and regulatory frameworks.<\/p>\n<p><!-- \/wp:paragraph --><!-- wp:paragraph --><\/p>\n<p>\u00a0<\/p>\t\t\t\t\t\t\t\t<\/div>\n\t\t\t\t<\/div>\n\t\t\t\t\t<\/div>\n\t\t<\/div>\n\t\t\t\t\t<\/div>\n\t\t<\/section>\n\t\t\t\t<\/div>","protected":false},"excerpt":{"rendered":"<p>El 27 de julio se realiz\u00f3 el primer env\u00edo de caf\u00e9 de Minas Gerais, en Brasil, que\u00a0cumple con los requisitos del Reglamento de la Uni\u00f3n Europea sobre productos libres de deforestaci\u00f3n y degradaci\u00f3n forestal (EUDR). El env\u00edo sali\u00f3 del puerto de Santos y tiene prevista su llegada el 21 de agosto a Dubl\u00edn (Irlanda). Compuesto [&hellip;]<\/p>\n","protected":false},"author":6,"featured_media":14390,"comment_status":"closed","ping_status":"closed","sticky":false,"template":"","format":"standard","meta":{"footnotes":""},"categories":[24,161,162],"tags":[21,63,107,30],"class_list":["post-14930","post","type-post","status-publish","format-standard","has-post-thumbnail","hentry","category-actualidad","category-brasil","category-minas-gerais","tag-cadenas-de-valor","tag-cafe","tag-eudr","tag-sostenibilidad"],"yoast_head":"<!-- This site is optimized with the Yoast SEO plugin v28.4 - https:\/\/yoast.com\/product\/yoast-seo-wordpress\/ -->\n<title>Primer env\u00edo de caf\u00e9 libre de deforestaci\u00f3n desde Brasil a Europa\u00a0 - Programme AL-INVEST Verde<\/title>\n<meta name=\"robots\" content=\"index, follow, max-snippet:-1, max-image-preview:large, max-video-preview:-1\" \/>\n<link rel=\"canonical\" href=\"https:\/\/alinvest-verde.eu\/en_gb\/primer-envio-de-cafe-libre-de-deforestacion-a-la-union-europea\/\" \/>\n<meta property=\"og:locale\" content=\"en_GB\" \/>\n<meta property=\"og:type\" content=\"article\" \/>\n<meta property=\"og:title\" content=\"Primer env\u00edo de caf\u00e9 libre de deforestaci\u00f3n desde Brasil a Europa\u00a0 - Programme AL-INVEST Verde\" \/>\n<meta property=\"og:description\" content=\"El 27 de julio se realiz\u00f3 el primer env\u00edo de caf\u00e9 de Minas Gerais, en Brasil, que\u00a0cumple con los requisitos del Reglamento de la Uni\u00f3n Europea sobre productos libres de deforestaci\u00f3n y degradaci\u00f3n forestal (EUDR). El env\u00edo sali\u00f3 del puerto de Santos y tiene prevista su llegada el 21 de agosto a Dubl\u00edn (Irlanda). Compuesto [&hellip;]\" \/>\n<meta property=\"og:url\" content=\"https:\/\/alinvest-verde.eu\/en_gb\/primer-envio-de-cafe-libre-de-deforestacion-a-la-union-europea\/\" \/>\n<meta property=\"og:site_name\" content=\"Programme AL-INVEST Verde\" \/>\n<meta property=\"article:published_time\" content=\"2024-07-26T16:06:21+00:00\" \/>\n<meta property=\"article:modified_time\" content=\"2024-08-08T12:21:26+00:00\" \/>\n<meta property=\"og:image\" content=\"https:\/\/alinvest-verde.eu\/wp-content\/uploads\/2024\/07\/coffee-7066308_1280.jpg\" \/>\n\t<meta property=\"og:image:width\" content=\"1280\" \/>\n\t<meta property=\"og:image:height\" content=\"853\" \/>\n\t<meta property=\"og:image:type\" content=\"image\/jpeg\" \/>\n<meta name=\"author\" content=\"Azucena Garc\u00eda\" \/>\n<meta name=\"twitter:card\" content=\"summary_large_image\" \/>\n<meta name=\"twitter:creator\" content=\"@Frank Summa\" \/>\n<meta name=\"twitter:label1\" content=\"Written by\" \/>\n\t<meta name=\"twitter:data1\" content=\"\" \/>\n\t<meta name=\"twitter:label2\" content=\"Estimated reading time\" \/>\n\t<meta name=\"twitter:data2\" content=\"4 minutes\" \/>\n<script type=\"application\/ld+json\" class=\"yoast-schema-graph\">{\"@context\":\"https:\\\/\\\/schema.org\",\"@graph\":[{\"@type\":\"Article\",\"@id\":\"https:\\\/\\\/alinvest-verde.eu\\\/primer-envio-de-cafe-libre-de-deforestacion-a-la-union-europea\\\/#article\",\"isPartOf\":{\"@id\":\"https:\\\/\\\/alinvest-verde.eu\\\/primer-envio-de-cafe-libre-de-deforestacion-a-la-union-europea\\\/\"},\"author\":{\"name\":\"Azucena Garc\u00eda\",\"@id\":\"https:\\\/\\\/alinvest-verde.eu\\\/#\\\/schema\\\/person\\\/8804ec49772ba377829838bc11b6aa6b\"},\"headline\":\"Primer env\u00edo de caf\u00e9 libre de deforestaci\u00f3n desde Brasil a Europa\u00a0\",\"datePublished\":\"2024-07-26T16:06:21+00:00\",\"dateModified\":\"2024-08-08T12:21:26+00:00\",\"mainEntityOfPage\":{\"@id\":\"https:\\\/\\\/alinvest-verde.eu\\\/primer-envio-de-cafe-libre-de-deforestacion-a-la-union-europea\\\/\"},\"wordCount\":725,\"publisher\":{\"@id\":\"https:\\\/\\\/alinvest-verde.eu\\\/#organization\"},\"image\":{\"@id\":\"https:\\\/\\\/alinvest-verde.eu\\\/primer-envio-de-cafe-libre-de-deforestacion-a-la-union-europea\\\/#primaryimage\"},\"thumbnailUrl\":\"https:\\\/\\\/alinvest-verde.eu\\\/wp-content\\\/uploads\\\/2024\\\/07\\\/coffee-7066308_1280.jpg\",\"keywords\":[\"cadenas de valor\",\"caf\u00e9\",\"EUDR\",\"sostenibilidad\"],\"articleSection\":[\"Actualidad\",\"Brasil\",\"Minas Gerais\"],\"inLanguage\":\"en-GB\"},{\"@type\":\"WebPage\",\"@id\":\"https:\\\/\\\/alinvest-verde.eu\\\/primer-envio-de-cafe-libre-de-deforestacion-a-la-union-europea\\\/\",\"url\":\"https:\\\/\\\/alinvest-verde.eu\\\/primer-envio-de-cafe-libre-de-deforestacion-a-la-union-europea\\\/\",\"name\":\"Primer env\u00edo de caf\u00e9 libre de deforestaci\u00f3n desde Brasil a Europa\u00a0 - Programme AL-INVEST Verde\",\"isPartOf\":{\"@id\":\"https:\\\/\\\/alinvest-verde.eu\\\/#website\"},\"primaryImageOfPage\":{\"@id\":\"https:\\\/\\\/alinvest-verde.eu\\\/primer-envio-de-cafe-libre-de-deforestacion-a-la-union-europea\\\/#primaryimage\"},\"image\":{\"@id\":\"https:\\\/\\\/alinvest-verde.eu\\\/primer-envio-de-cafe-libre-de-deforestacion-a-la-union-europea\\\/#primaryimage\"},\"thumbnailUrl\":\"https:\\\/\\\/alinvest-verde.eu\\\/wp-content\\\/uploads\\\/2024\\\/07\\\/coffee-7066308_1280.jpg\",\"datePublished\":\"2024-07-26T16:06:21+00:00\",\"dateModified\":\"2024-08-08T12:21:26+00:00\",\"breadcrumb\":{\"@id\":\"https:\\\/\\\/alinvest-verde.eu\\\/primer-envio-de-cafe-libre-de-deforestacion-a-la-union-europea\\\/#breadcrumb\"},\"inLanguage\":\"en-GB\",\"potentialAction\":[{\"@type\":\"ReadAction\",\"target\":[\"https:\\\/\\\/alinvest-verde.eu\\\/primer-envio-de-cafe-libre-de-deforestacion-a-la-union-europea\\\/\"]}]},{\"@type\":\"ImageObject\",\"inLanguage\":\"en-GB\",\"@id\":\"https:\\\/\\\/alinvest-verde.eu\\\/primer-envio-de-cafe-libre-de-deforestacion-a-la-union-europea\\\/#primaryimage\",\"url\":\"https:\\\/\\\/alinvest-verde.eu\\\/wp-content\\\/uploads\\\/2024\\\/07\\\/coffee-7066308_1280.jpg\",\"contentUrl\":\"https:\\\/\\\/alinvest-verde.eu\\\/wp-content\\\/uploads\\\/2024\\\/07\\\/coffee-7066308_1280.jpg\",\"width\":1280,\"height\":853},{\"@type\":\"BreadcrumbList\",\"@id\":\"https:\\\/\\\/alinvest-verde.eu\\\/primer-envio-de-cafe-libre-de-deforestacion-a-la-union-europea\\\/#breadcrumb\",\"itemListElement\":[{\"@type\":\"ListItem\",\"position\":1,\"name\":\"Inicio\",\"item\":\"https:\\\/\\\/alinvest-verde.eu\\\/\"},{\"@type\":\"ListItem\",\"position\":2,\"name\":\"Actualidad\",\"item\":\"https:\\\/\\\/alinvest-verde.eu\\\/category\\\/actualidad\\\/\"},{\"@type\":\"ListItem\",\"position\":3,\"name\":\"Primer env\u00edo de caf\u00e9 libre de deforestaci\u00f3n desde Brasil a Europa\u00a0\"}]},{\"@type\":\"WebSite\",\"@id\":\"https:\\\/\\\/alinvest-verde.eu\\\/#website\",\"url\":\"https:\\\/\\\/alinvest-verde.eu\\\/\",\"name\":\"Programme AL-INVEST Verde\",\"description\":\"Building alliances with the private sector in LA and promote sustainable growth and jobs creation by supporting the transition towards a low-carbon, resource-efficient economy\",\"publisher\":{\"@id\":\"https:\\\/\\\/alinvest-verde.eu\\\/#organization\"},\"potentialAction\":[{\"@type\":\"SearchAction\",\"target\":{\"@type\":\"EntryPoint\",\"urlTemplate\":\"https:\\\/\\\/alinvest-verde.eu\\\/?s={search_term_string}\"},\"query-input\":{\"@type\":\"PropertyValueSpecification\",\"valueRequired\":true,\"valueName\":\"search_term_string\"}}],\"inLanguage\":\"en-GB\"},{\"@type\":\"Organization\",\"@id\":\"https:\\\/\\\/alinvest-verde.eu\\\/#organization\",\"name\":\"Programme AL-INVEST Verde\",\"url\":\"https:\\\/\\\/alinvest-verde.eu\\\/\",\"logo\":{\"@type\":\"ImageObject\",\"inLanguage\":\"en-GB\",\"@id\":\"https:\\\/\\\/alinvest-verde.eu\\\/#\\\/schema\\\/logo\\\/image\\\/\",\"url\":\"https:\\\/\\\/alinvest-verde.eu\\\/wp-content\\\/uploads\\\/2022\\\/01\\\/cropped-logo-financiado-por-la-UE.jpg\",\"contentUrl\":\"https:\\\/\\\/alinvest-verde.eu\\\/wp-content\\\/uploads\\\/2022\\\/01\\\/cropped-logo-financiado-por-la-UE.jpg\",\"width\":756,\"height\":216,\"caption\":\"Programme AL-INVEST Verde\"},\"image\":{\"@id\":\"https:\\\/\\\/alinvest-verde.eu\\\/#\\\/schema\\\/logo\\\/image\\\/\"}},{\"@type\":\"Person\",\"@id\":\"https:\\\/\\\/alinvest-verde.eu\\\/#\\\/schema\\\/person\\\/8804ec49772ba377829838bc11b6aa6b\",\"name\":\"Azucena Garc\u00eda\",\"image\":{\"@type\":\"ImageObject\",\"inLanguage\":\"en-GB\",\"@id\":\"https:\\\/\\\/secure.gravatar.com\\\/avatar\\\/fc4d91c562d3c4ac55cafd2f4ae4ebd513d2304b007a5c8d4f2d8543edeb9d79?s=96&d=mm&r=g\",\"url\":\"https:\\\/\\\/secure.gravatar.com\\\/avatar\\\/fc4d91c562d3c4ac55cafd2f4ae4ebd513d2304b007a5c8d4f2d8543edeb9d79?s=96&d=mm&r=g\",\"contentUrl\":\"https:\\\/\\\/secure.gravatar.com\\\/avatar\\\/fc4d91c562d3c4ac55cafd2f4ae4ebd513d2304b007a5c8d4f2d8543edeb9d79?s=96&d=mm&r=g\",\"caption\":\"Azucena Garc\u00eda\"},\"sameAs\":[\"https:\\\/\\\/x.com\\\/Frank Summa\"],\"url\":\"https:\\\/\\\/alinvest-verde.eu\\\/en_gb\\\/author\\\/azucena-garcia\\\/\"}]}<\/script>\n<!-- \/ Yoast SEO plugin. -->","yoast_head_json":{"title":"First shipment of deforestation-free coffee from Brazil to Europe - Programme AL-INVEST Verde","robots":{"index":"index","follow":"follow","max-snippet":"max-snippet:-1","max-image-preview":"max-image-preview:large","max-video-preview":"max-video-preview:-1"},"canonical":"https:\/\/alinvest-verde.eu\/en_gb\/primer-envio-de-cafe-libre-de-deforestacion-a-la-union-europea\/","og_locale":"en_GB","og_type":"article","og_title":"Primer env\u00edo de caf\u00e9 libre de deforestaci\u00f3n desde Brasil a Europa\u00a0 - Programme AL-INVEST Verde","og_description":"El 27 de julio se realiz\u00f3 el primer env\u00edo de caf\u00e9 de Minas Gerais, en Brasil, que\u00a0cumple con los requisitos del Reglamento de la Uni\u00f3n Europea sobre productos libres de deforestaci\u00f3n y degradaci\u00f3n forestal (EUDR). El env\u00edo sali\u00f3 del puerto de Santos y tiene prevista su llegada el 21 de agosto a Dubl\u00edn (Irlanda). Compuesto [&hellip;]","og_url":"https:\/\/alinvest-verde.eu\/en_gb\/primer-envio-de-cafe-libre-de-deforestacion-a-la-union-europea\/","og_site_name":"Programme AL-INVEST Verde","article_published_time":"2024-07-26T16:06:21+00:00","article_modified_time":"2024-08-08T12:21:26+00:00","og_image":[{"width":1280,"height":853,"url":"https:\/\/alinvest-verde.eu\/wp-content\/uploads\/2024\/07\/coffee-7066308_1280.jpg","type":"image\/jpeg"}],"author":"Azucena Garc\u00eda","twitter_card":"summary_large_image","twitter_creator":"@Frank Summa","twitter_misc":{"Written by":false,"Estimated reading time":"4 minutes"},"schema":{"@context":"https:\/\/schema.org","@graph":[{"@type":"Article","@id":"https:\/\/alinvest-verde.eu\/primer-envio-de-cafe-libre-de-deforestacion-a-la-union-europea\/#article","isPartOf":{"@id":"https:\/\/alinvest-verde.eu\/primer-envio-de-cafe-libre-de-deforestacion-a-la-union-europea\/"},"author":{"name":"Azucena Garc\u00eda","@id":"https:\/\/alinvest-verde.eu\/#\/schema\/person\/8804ec49772ba377829838bc11b6aa6b"},"headline":"Primer env\u00edo de caf\u00e9 libre de deforestaci\u00f3n desde Brasil a Europa\u00a0","datePublished":"2024-07-26T16:06:21+00:00","dateModified":"2024-08-08T12:21:26+00:00","mainEntityOfPage":{"@id":"https:\/\/alinvest-verde.eu\/primer-envio-de-cafe-libre-de-deforestacion-a-la-union-europea\/"},"wordCount":725,"publisher":{"@id":"https:\/\/alinvest-verde.eu\/#organization"},"image":{"@id":"https:\/\/alinvest-verde.eu\/primer-envio-de-cafe-libre-de-deforestacion-a-la-union-europea\/#primaryimage"},"thumbnailUrl":"https:\/\/alinvest-verde.eu\/wp-content\/uploads\/2024\/07\/coffee-7066308_1280.jpg","keywords":["cadenas de valor","caf\u00e9","EUDR","sostenibilidad"],"articleSection":["Actualidad","Brasil","Minas Gerais"],"inLanguage":"en-GB"},{"@type":"WebPage","@id":"https:\/\/alinvest-verde.eu\/primer-envio-de-cafe-libre-de-deforestacion-a-la-union-europea\/","url":"https:\/\/alinvest-verde.eu\/primer-envio-de-cafe-libre-de-deforestacion-a-la-union-europea\/","name":"First shipment of deforestation-free coffee from Brazil to Europe - Programme AL-INVEST Verde","isPartOf":{"@id":"https:\/\/alinvest-verde.eu\/#website"},"primaryImageOfPage":{"@id":"https:\/\/alinvest-verde.eu\/primer-envio-de-cafe-libre-de-deforestacion-a-la-union-europea\/#primaryimage"},"image":{"@id":"https:\/\/alinvest-verde.eu\/primer-envio-de-cafe-libre-de-deforestacion-a-la-union-europea\/#primaryimage"},"thumbnailUrl":"https:\/\/alinvest-verde.eu\/wp-content\/uploads\/2024\/07\/coffee-7066308_1280.jpg","datePublished":"2024-07-26T16:06:21+00:00","dateModified":"2024-08-08T12:21:26+00:00","breadcrumb":{"@id":"https:\/\/alinvest-verde.eu\/primer-envio-de-cafe-libre-de-deforestacion-a-la-union-europea\/#breadcrumb"},"inLanguage":"en-GB","potentialAction":[{"@type":"ReadAction","target":["https:\/\/alinvest-verde.eu\/primer-envio-de-cafe-libre-de-deforestacion-a-la-union-europea\/"]}]},{"@type":"ImageObject","inLanguage":"en-GB","@id":"https:\/\/alinvest-verde.eu\/primer-envio-de-cafe-libre-de-deforestacion-a-la-union-europea\/#primaryimage","url":"https:\/\/alinvest-verde.eu\/wp-content\/uploads\/2024\/07\/coffee-7066308_1280.jpg","contentUrl":"https:\/\/alinvest-verde.eu\/wp-content\/uploads\/2024\/07\/coffee-7066308_1280.jpg","width":1280,"height":853},{"@type":"BreadcrumbList","@id":"https:\/\/alinvest-verde.eu\/primer-envio-de-cafe-libre-de-deforestacion-a-la-union-europea\/#breadcrumb","itemListElement":[{"@type":"ListItem","position":1,"name":"Inicio","item":"https:\/\/alinvest-verde.eu\/"},{"@type":"ListItem","position":2,"name":"Actualidad","item":"https:\/\/alinvest-verde.eu\/category\/actualidad\/"},{"@type":"ListItem","position":3,"name":"Primer env\u00edo de caf\u00e9 libre de deforestaci\u00f3n desde Brasil a Europa\u00a0"}]},{"@type":"WebSite","@id":"https:\/\/alinvest-verde.eu\/#website","url":"https:\/\/alinvest-verde.eu\/","name":"Programme AL-INVEST Verde","description":"Building alliances with the private sector in LA and promote sustainable growth and jobs creation by supporting the transition towards a low-carbon, resource-efficient economy","publisher":{"@id":"https:\/\/alinvest-verde.eu\/#organization"},"potentialAction":[{"@type":"SearchAction","target":{"@type":"EntryPoint","urlTemplate":"https:\/\/alinvest-verde.eu\/?s={search_term_string}"},"query-input":{"@type":"PropertyValueSpecification","valueRequired":true,"valueName":"search_term_string"}}],"inLanguage":"en-GB"},{"@type":"Organization","@id":"https:\/\/alinvest-verde.eu\/#organization","name":"Programme AL-INVEST Verde","url":"https:\/\/alinvest-verde.eu\/","logo":{"@type":"ImageObject","inLanguage":"en-GB","@id":"https:\/\/alinvest-verde.eu\/#\/schema\/logo\/image\/","url":"https:\/\/alinvest-verde.eu\/wp-content\/uploads\/2022\/01\/cropped-logo-financiado-por-la-UE.jpg","contentUrl":"https:\/\/alinvest-verde.eu\/wp-content\/uploads\/2022\/01\/cropped-logo-financiado-por-la-UE.jpg","width":756,"height":216,"caption":"Programme AL-INVEST Verde"},"image":{"@id":"https:\/\/alinvest-verde.eu\/#\/schema\/logo\/image\/"}},{"@type":"Person","@id":"https:\/\/alinvest-verde.eu\/#\/schema\/person\/8804ec49772ba377829838bc11b6aa6b","name":"Azucena Garcia","image":{"@type":"ImageObject","inLanguage":"en-GB","@id":"https:\/\/secure.gravatar.com\/avatar\/fc4d91c562d3c4ac55cafd2f4ae4ebd513d2304b007a5c8d4f2d8543edeb9d79?s=96&d=mm&r=g","url":"https:\/\/secure.gravatar.com\/avatar\/fc4d91c562d3c4ac55cafd2f4ae4ebd513d2304b007a5c8d4f2d8543edeb9d79?s=96&d=mm&r=g","contentUrl":"https:\/\/secure.gravatar.com\/avatar\/fc4d91c562d3c4ac55cafd2f4ae4ebd513d2304b007a5c8d4f2d8543edeb9d79?s=96&d=mm&r=g","caption":"Azucena Garc\u00eda"},"sameAs":["https:\/\/x.com\/Frank Summa"],"url":"https:\/\/alinvest-verde.eu\/en_gb\/author\/azucena-garcia\/"}]}},"_links":{"self":[{"href":"https:\/\/alinvest-verde.eu\/en_gb\/wp-json\/wp\/v2\/posts\/14930","targetHints":{"allow":["GET"]}}],"collection":[{"href":"https:\/\/alinvest-verde.eu\/en_gb\/wp-json\/wp\/v2\/posts"}],"about":[{"href":"https:\/\/alinvest-verde.eu\/en_gb\/wp-json\/wp\/v2\/types\/post"}],"author":[{"embeddable":true,"href":"https:\/\/alinvest-verde.eu\/en_gb\/wp-json\/wp\/v2\/users\/6"}],"replies":[{"embeddable":true,"href":"https:\/\/alinvest-verde.eu\/en_gb\/wp-json\/wp\/v2\/comments?post=14930"}],"version-history":[{"count":31,"href":"https:\/\/alinvest-verde.eu\/en_gb\/wp-json\/wp\/v2\/posts\/14930\/revisions"}],"predecessor-version":[{"id":15190,"href":"https:\/\/alinvest-verde.eu\/en_gb\/wp-json\/wp\/v2\/posts\/14930\/revisions\/15190"}],"wp:featuredmedia":[{"embeddable":true,"href":"https:\/\/alinvest-verde.eu\/en_gb\/wp-json\/wp\/v2\/media\/14390"}],"wp:attachment":[{"href":"https:\/\/alinvest-verde.eu\/en_gb\/wp-json\/wp\/v2\/media?parent=14930"}],"wp:term":[{"taxonomy":"category","embeddable":true,"href":"https:\/\/alinvest-verde.eu\/en_gb\/wp-json\/wp\/v2\/categories?post=14930"},{"taxonomy":"post_tag","embeddable":true,"href":"https:\/\/alinvest-verde.eu\/en_gb\/wp-json\/wp\/v2\/tags?post=14930"}],"curies":[{"name":"wp","href":"https:\/\/api.w.org\/{rel}","templated":true}]}}