{"id":18985,"date":"2025-09-11T12:34:39","date_gmt":"2025-09-11T10:34:39","guid":{"rendered":"https:\/\/alinvest-verde.eu\/?p=18985"},"modified":"2025-09-11T12:38:51","modified_gmt":"2025-09-11T10:38:51","slug":"el-proyecto-formador-de-formadores-ii-capacita-a-mas-de-cien-personas-en-ecuador-para-la-adaptacion-de-la-cadena-de-cacao-al-eudr","status":"publish","type":"post","link":"https:\/\/alinvest-verde.eu\/en_gb\/el-proyecto-formador-de-formadores-ii-capacita-a-mas-de-cien-personas-en-ecuador-para-la-adaptacion-de-la-cadena-de-cacao-al-eudr\/","title":{"rendered":"The \"Trainer of Trainers II\" project trains more than 100 people in Ecuador to adapt the cocoa chain to the EUDR."},"content":{"rendered":"<div data-elementor-type=\"wp-post\" data-elementor-id=\"18985\" class=\"elementor elementor-18985\" data-elementor-post-type=\"post\">\n\t\t\t\t\t\t<section class=\"elementor-section elementor-top-section elementor-element elementor-element-6edabffe elementor-section-boxed elementor-section-height-default elementor-section-height-default\" data-id=\"6edabffe\" data-element_type=\"section\" data-e-type=\"section\">\n\t\t\t\t\t\t<div class=\"elementor-container elementor-column-gap-default\">\n\t\t\t\t\t<div class=\"elementor-column elementor-col-100 elementor-top-column elementor-element elementor-element-3c88e325\" data-id=\"3c88e325\" data-element_type=\"column\" data-e-type=\"column\">\n\t\t\t<div class=\"elementor-widget-wrap elementor-element-populated\">\n\t\t\t\t\t\t<div class=\"elementor-element elementor-element-217487f elementor-widget elementor-widget-text-editor\" data-id=\"217487f\" data-element_type=\"widget\" data-e-type=\"widget\" data-widget_type=\"text-editor.default\">\n\t\t\t\t<div class=\"elementor-widget-container\">\n\t\t\t\t\t\t\t\t\t<p><\/p>\n<p class=\"wp-block-paragraph\">On 4 and 5 September, the practical workshop of the second phase of the project \"...\" was held.<a href=\"https:\/\/alinvest-verde.eu\/en_gb\/ecuador-formacion-de-formadores-cacao\/\">Trainer of Trainers<\/a>\"This is a joint initiative of the Agencia de Regulaci\u00f3n y Control Fito y Zoosanitario del Ecuador (Agrocalidad) and AL-INVEST Verde, with technical support from Trias.<\/p>\n<p><\/p>\n<p class=\"wp-block-paragraph\">This action seeks to strengthen the process of adaptation of the Ecuadorian cocoa value chain to the requirements of Regulation (EU) 2023\/1115 on Deforestation Free Products (<a href=\"https:\/\/alinvest-verde.eu\/en_gb\/eudr-reglamento-europeo-sobre-productos-libres-de-deforestacion\/\">EUDR<\/a>), through training, awareness-raising and the registration of production data in Agrocalidad's GUIA system. It has small and medium-sized producers.<\/p>\n<p><\/p>\n<p class=\"wp-block-paragraph\">This second edition of the Trainer of Trainers project is supported by the <b>125 people from the provinces of Manab\u00ed, El Oro, Guayas, Los R\u00edos, Esmeraldas, Santo Domingo, Orellana, Napo and Sucumb\u00edos participated.<\/b>. Of these, 40% are women and 60% are men, while 22% come from the public sector and 78% from the private sector. All participants enriched their knowledge through five thematic modules in virtual mode: EUDR, Good Agricultural Practices (GAP), Good Marketing Practices (GMP), traceability and the GUIA System.<\/p>\n<p><\/p>\n<p class=\"wp-block-paragraph\">The practical workshop, which concluded the training, was held in the canton of Milagro, at the UNOCACE collection centre in Guayas. The day began with the welcoming words of Freddy Cabello, Manager of UNOCACE, who said that \"traceability processes are a key factor in maintaining competitiveness in international markets\".<\/p>\n<p><\/p>\n<p class=\"wp-block-paragraph\">Subsequently, H\u00e9ctor Ballesteros, regional director of Trias South America, emphasised the importance of supporting the EUDR adaptation process, recalling that \"one out of every three Ecuadorian cocoa beans is exported to the European Union\". In turn, Wilson Salinas, representative of Agrocalidad, stressed the need to generate reliable information that provides security and transparency on the origin of the cocoa that reaches consumers, while helping the due diligence process of European operators.<\/p>\n<p><\/p>\n<p class=\"wp-block-paragraph\">Finally, Francis Ure\u00f1a, attach\u00e9 of the Delegation of the European Union in Ecuador, highlighted his commitment to the mission of transferring knowledge to implementers. He also stressed that \"the goal of registering at least 30,000 operators in the cocoa supply chain in Ecuador is part of this joint effort of all actors in the chain, while at the same time helping the governance of the chain\".<\/p>\n<p><\/p>\n<p class=\"wp-block-paragraph\"><b>Replicating learning<\/b><\/p>\n<p><\/p>\n<p class=\"wp-block-paragraph\">This practical workshop reinforced the participants' knowledge of the EUDR regulations and the use of various support and consultation tools, including a ChatGPT specific to the Trainer of Trainers project, the Agrocalidad GUIA system for the registration of operations of actors in the cocoa chain, as well as the QField and KoboCollect applications for the collection of information from producers and the georeferencing of farms. In addition, three plots were analysed in the open source geographic information system QGIS.<\/p>\n<p><\/p>\n<p class=\"wp-block-paragraph\">This facilitated the comparison of this information with the results of the Ministry of Environment, Water and Ecological Transition (MAATE) maps and the information contained in the Global Forest Watch forest monitoring platform.<\/p>\n<p><\/p>\n<p class=\"wp-block-paragraph\">One of the key commitments of the trainers is to replicate the learning with the chain actors, called implementers. To this end, working groups were organised to plan the replication workshops in 9 provinces, with a view to achieving a programme of <b>80 workshops<\/b> in different modalities -virtual, hybrid and face-to-face- and to train some of the most <b>1,800 people<\/b>.<\/p>\n<p><\/p>\n<p class=\"wp-block-paragraph\">Thanks to the commitment of each institution and participant, this joint work will contribute to strengthen the cocoa value chain and enhance innovation, sustainability and competitiveness, positioning Ecuador in the EU market and generating greater benefits for all actors in the supply chain.<\/p>\n<p><\/p>\n<p class=\"wp-block-paragraph\"><strong>About AL-INVEST Verde<\/strong><\/p>\n<p><\/p>\n<p class=\"wp-block-paragraph\">AL-INVEST Verde is a European Union (EU) programme whose main objective is to promote sustainable growth and job creation in Latin America by supporting the transition towards a low-carbon, resource-efficient and more circular economy. Through Component 2, led by FIIAPP in consortium with IILA, the programme provides assistance for strengthening public policy and multi-stakeholder dialogues on sustainable agricultural and value chains, environmental and labour standards, as well as sustainable trade and economic policy and regulatory frameworks.<\/p>\n<p><\/p>\n<p class=\"wp-block-paragraph\"><\/p>\t\t\t\t\t\t\t\t<\/div>\n\t\t\t\t<\/div>\n\t\t\t\t\t<\/div>\n\t\t<\/div>\n\t\t\t\t\t<\/div>\n\t\t<\/section>\n\t\t\t\t<\/div>","protected":false},"excerpt":{"rendered":"<p>El 4 y 5 de septiembre se desarroll\u00f3 el taller pr\u00e1ctico de la segunda fase del proyecto \u201cFormador de Formadores\u201d, una iniciativa conjunta de la Agencia de Regulaci\u00f3n y Control Fito y Zoosanitario del Ecuador (Agrocalidad) y AL-INVEST Verde, con el apoyo t\u00e9cnico de Trias. Esta acci\u00f3n busca fortalecer el proceso de adaptaci\u00f3n de la [&hellip;]<\/p>\n","protected":false},"author":6,"featured_media":18986,"comment_status":"closed","ping_status":"closed","sticky":false,"template":"","format":"standard","meta":{"footnotes":""},"categories":[24,170],"tags":[80,21,184,38,30,43],"class_list":["post-18985","post","type-post","status-publish","format-standard","has-post-thumbnail","hentry","category-actualidad","category-ecuador","tag-cacao","tag-cadenas-de-valor","tag-componente2","tag-deforestacion","tag-sostenibilidad","tag-trazabilidad"],"yoast_head":"<!-- This site is optimized with the Yoast SEO plugin v28.4 - https:\/\/yoast.com\/product\/yoast-seo-wordpress\/ -->\n<title>El proyecto \u201cFormador de Formadores II\u201d capacita a m\u00e1s de cien personas en Ecuador para la adaptaci\u00f3n de la cadena de cacao al EUDR - Programme AL-INVEST Verde<\/title>\n<meta name=\"robots\" content=\"index, follow, max-snippet:-1, max-image-preview:large, max-video-preview:-1\" \/>\n<link rel=\"canonical\" href=\"https:\/\/alinvest-verde.eu\/en_gb\/el-proyecto-formador-de-formadores-ii-capacita-a-mas-de-cien-personas-en-ecuador-para-la-adaptacion-de-la-cadena-de-cacao-al-eudr\/\" \/>\n<meta property=\"og:locale\" content=\"en_GB\" \/>\n<meta property=\"og:type\" content=\"article\" \/>\n<meta property=\"og:title\" content=\"El proyecto \u201cFormador de Formadores II\u201d capacita a m\u00e1s de cien personas en Ecuador para la adaptaci\u00f3n de la cadena de cacao al EUDR - Programme AL-INVEST Verde\" \/>\n<meta property=\"og:description\" content=\"El 4 y 5 de septiembre se desarroll\u00f3 el taller pr\u00e1ctico de la segunda fase del proyecto \u201cFormador de Formadores\u201d, una iniciativa conjunta de la Agencia de Regulaci\u00f3n y Control Fito y Zoosanitario del Ecuador (Agrocalidad) y AL-INVEST Verde, con el apoyo t\u00e9cnico de Trias. Esta acci\u00f3n busca fortalecer el proceso de adaptaci\u00f3n de la [&hellip;]\" \/>\n<meta property=\"og:url\" content=\"https:\/\/alinvest-verde.eu\/en_gb\/el-proyecto-formador-de-formadores-ii-capacita-a-mas-de-cien-personas-en-ecuador-para-la-adaptacion-de-la-cadena-de-cacao-al-eudr\/\" \/>\n<meta property=\"og:site_name\" content=\"Programme AL-INVEST Verde\" \/>\n<meta property=\"article:published_time\" content=\"2025-09-11T10:34:39+00:00\" \/>\n<meta property=\"article:modified_time\" content=\"2025-09-11T10:38:51+00:00\" \/>\n<meta property=\"og:image\" content=\"https:\/\/alinvest-verde.eu\/wp-content\/uploads\/2025\/09\/P1177108.jpg\" \/>\n\t<meta property=\"og:image:width\" content=\"1920\" \/>\n\t<meta property=\"og:image:height\" content=\"1080\" \/>\n\t<meta property=\"og:image:type\" content=\"image\/jpeg\" \/>\n<meta name=\"author\" content=\"Azucena Garc\u00eda\" \/>\n<meta name=\"twitter:card\" content=\"summary_large_image\" \/>\n<meta name=\"twitter:creator\" content=\"@Frank Summa\" \/>\n<meta name=\"twitter:label1\" content=\"Written by\" \/>\n\t<meta name=\"twitter:data1\" content=\"\" \/>\n\t<meta name=\"twitter:label2\" content=\"Estimated reading time\" \/>\n\t<meta name=\"twitter:data2\" content=\"4 minutes\" \/>\n<script type=\"application\/ld+json\" class=\"yoast-schema-graph\">{\"@context\":\"https:\\\/\\\/schema.org\",\"@graph\":[{\"@type\":\"Article\",\"@id\":\"https:\\\/\\\/alinvest-verde.eu\\\/el-proyecto-formador-de-formadores-ii-capacita-a-mas-de-cien-personas-en-ecuador-para-la-adaptacion-de-la-cadena-de-cacao-al-eudr\\\/#article\",\"isPartOf\":{\"@id\":\"https:\\\/\\\/alinvest-verde.eu\\\/el-proyecto-formador-de-formadores-ii-capacita-a-mas-de-cien-personas-en-ecuador-para-la-adaptacion-de-la-cadena-de-cacao-al-eudr\\\/\"},\"author\":{\"name\":\"Azucena Garc\u00eda\",\"@id\":\"https:\\\/\\\/alinvest-verde.eu\\\/#\\\/schema\\\/person\\\/8804ec49772ba377829838bc11b6aa6b\"},\"headline\":\"El proyecto \u201cFormador de Formadores II\u201d capacita a m\u00e1s de cien personas en Ecuador para la adaptaci\u00f3n de la cadena de cacao al EUDR\",\"datePublished\":\"2025-09-11T10:34:39+00:00\",\"dateModified\":\"2025-09-11T10:38:51+00:00\",\"mainEntityOfPage\":{\"@id\":\"https:\\\/\\\/alinvest-verde.eu\\\/el-proyecto-formador-de-formadores-ii-capacita-a-mas-de-cien-personas-en-ecuador-para-la-adaptacion-de-la-cadena-de-cacao-al-eudr\\\/\"},\"wordCount\":810,\"publisher\":{\"@id\":\"https:\\\/\\\/alinvest-verde.eu\\\/#organization\"},\"image\":{\"@id\":\"https:\\\/\\\/alinvest-verde.eu\\\/el-proyecto-formador-de-formadores-ii-capacita-a-mas-de-cien-personas-en-ecuador-para-la-adaptacion-de-la-cadena-de-cacao-al-eudr\\\/#primaryimage\"},\"thumbnailUrl\":\"https:\\\/\\\/alinvest-verde.eu\\\/wp-content\\\/uploads\\\/2025\\\/09\\\/P1177108.jpg\",\"keywords\":[\"cacao\",\"cadenas de valor\",\"Componente2\",\"deforestaci\u00f3n\",\"sostenibilidad\",\"trazabilidad\"],\"articleSection\":[\"Actualidad\",\"Ecuador\"],\"inLanguage\":\"en-GB\"},{\"@type\":\"WebPage\",\"@id\":\"https:\\\/\\\/alinvest-verde.eu\\\/el-proyecto-formador-de-formadores-ii-capacita-a-mas-de-cien-personas-en-ecuador-para-la-adaptacion-de-la-cadena-de-cacao-al-eudr\\\/\",\"url\":\"https:\\\/\\\/alinvest-verde.eu\\\/el-proyecto-formador-de-formadores-ii-capacita-a-mas-de-cien-personas-en-ecuador-para-la-adaptacion-de-la-cadena-de-cacao-al-eudr\\\/\",\"name\":\"El proyecto \u201cFormador de Formadores II\u201d capacita a m\u00e1s de cien personas en Ecuador para la adaptaci\u00f3n de la cadena de cacao al EUDR - Programme AL-INVEST Verde\",\"isPartOf\":{\"@id\":\"https:\\\/\\\/alinvest-verde.eu\\\/#website\"},\"primaryImageOfPage\":{\"@id\":\"https:\\\/\\\/alinvest-verde.eu\\\/el-proyecto-formador-de-formadores-ii-capacita-a-mas-de-cien-personas-en-ecuador-para-la-adaptacion-de-la-cadena-de-cacao-al-eudr\\\/#primaryimage\"},\"image\":{\"@id\":\"https:\\\/\\\/alinvest-verde.eu\\\/el-proyecto-formador-de-formadores-ii-capacita-a-mas-de-cien-personas-en-ecuador-para-la-adaptacion-de-la-cadena-de-cacao-al-eudr\\\/#primaryimage\"},\"thumbnailUrl\":\"https:\\\/\\\/alinvest-verde.eu\\\/wp-content\\\/uploads\\\/2025\\\/09\\\/P1177108.jpg\",\"datePublished\":\"2025-09-11T10:34:39+00:00\",\"dateModified\":\"2025-09-11T10:38:51+00:00\",\"breadcrumb\":{\"@id\":\"https:\\\/\\\/alinvest-verde.eu\\\/el-proyecto-formador-de-formadores-ii-capacita-a-mas-de-cien-personas-en-ecuador-para-la-adaptacion-de-la-cadena-de-cacao-al-eudr\\\/#breadcrumb\"},\"inLanguage\":\"en-GB\",\"potentialAction\":[{\"@type\":\"ReadAction\",\"target\":[\"https:\\\/\\\/alinvest-verde.eu\\\/el-proyecto-formador-de-formadores-ii-capacita-a-mas-de-cien-personas-en-ecuador-para-la-adaptacion-de-la-cadena-de-cacao-al-eudr\\\/\"]}]},{\"@type\":\"ImageObject\",\"inLanguage\":\"en-GB\",\"@id\":\"https:\\\/\\\/alinvest-verde.eu\\\/el-proyecto-formador-de-formadores-ii-capacita-a-mas-de-cien-personas-en-ecuador-para-la-adaptacion-de-la-cadena-de-cacao-al-eudr\\\/#primaryimage\",\"url\":\"https:\\\/\\\/alinvest-verde.eu\\\/wp-content\\\/uploads\\\/2025\\\/09\\\/P1177108.jpg\",\"contentUrl\":\"https:\\\/\\\/alinvest-verde.eu\\\/wp-content\\\/uploads\\\/2025\\\/09\\\/P1177108.jpg\",\"width\":1920,\"height\":1080},{\"@type\":\"BreadcrumbList\",\"@id\":\"https:\\\/\\\/alinvest-verde.eu\\\/el-proyecto-formador-de-formadores-ii-capacita-a-mas-de-cien-personas-en-ecuador-para-la-adaptacion-de-la-cadena-de-cacao-al-eudr\\\/#breadcrumb\",\"itemListElement\":[{\"@type\":\"ListItem\",\"position\":1,\"name\":\"Inicio\",\"item\":\"https:\\\/\\\/alinvest-verde.eu\\\/\"},{\"@type\":\"ListItem\",\"position\":2,\"name\":\"Actualidad\",\"item\":\"https:\\\/\\\/alinvest-verde.eu\\\/category\\\/actualidad\\\/\"},{\"@type\":\"ListItem\",\"position\":3,\"name\":\"El proyecto \u201cFormador de Formadores II\u201d capacita a m\u00e1s de cien personas en Ecuador para la adaptaci\u00f3n de la cadena de cacao al EUDR\"}]},{\"@type\":\"WebSite\",\"@id\":\"https:\\\/\\\/alinvest-verde.eu\\\/#website\",\"url\":\"https:\\\/\\\/alinvest-verde.eu\\\/\",\"name\":\"Programme AL-INVEST Verde\",\"description\":\"Building alliances with the private sector in LA and promote sustainable growth and jobs creation by supporting the transition towards a low-carbon, resource-efficient economy\",\"publisher\":{\"@id\":\"https:\\\/\\\/alinvest-verde.eu\\\/#organization\"},\"potentialAction\":[{\"@type\":\"SearchAction\",\"target\":{\"@type\":\"EntryPoint\",\"urlTemplate\":\"https:\\\/\\\/alinvest-verde.eu\\\/?s={search_term_string}\"},\"query-input\":{\"@type\":\"PropertyValueSpecification\",\"valueRequired\":true,\"valueName\":\"search_term_string\"}}],\"inLanguage\":\"en-GB\"},{\"@type\":\"Organization\",\"@id\":\"https:\\\/\\\/alinvest-verde.eu\\\/#organization\",\"name\":\"Programme AL-INVEST Verde\",\"url\":\"https:\\\/\\\/alinvest-verde.eu\\\/\",\"logo\":{\"@type\":\"ImageObject\",\"inLanguage\":\"en-GB\",\"@id\":\"https:\\\/\\\/alinvest-verde.eu\\\/#\\\/schema\\\/logo\\\/image\\\/\",\"url\":\"https:\\\/\\\/alinvest-verde.eu\\\/wp-content\\\/uploads\\\/2022\\\/01\\\/cropped-logo-financiado-por-la-UE.jpg\",\"contentUrl\":\"https:\\\/\\\/alinvest-verde.eu\\\/wp-content\\\/uploads\\\/2022\\\/01\\\/cropped-logo-financiado-por-la-UE.jpg\",\"width\":756,\"height\":216,\"caption\":\"Programme AL-INVEST Verde\"},\"image\":{\"@id\":\"https:\\\/\\\/alinvest-verde.eu\\\/#\\\/schema\\\/logo\\\/image\\\/\"}},{\"@type\":\"Person\",\"@id\":\"https:\\\/\\\/alinvest-verde.eu\\\/#\\\/schema\\\/person\\\/8804ec49772ba377829838bc11b6aa6b\",\"name\":\"Azucena Garc\u00eda\",\"image\":{\"@type\":\"ImageObject\",\"inLanguage\":\"en-GB\",\"@id\":\"https:\\\/\\\/secure.gravatar.com\\\/avatar\\\/fc4d91c562d3c4ac55cafd2f4ae4ebd513d2304b007a5c8d4f2d8543edeb9d79?s=96&d=mm&r=g\",\"url\":\"https:\\\/\\\/secure.gravatar.com\\\/avatar\\\/fc4d91c562d3c4ac55cafd2f4ae4ebd513d2304b007a5c8d4f2d8543edeb9d79?s=96&d=mm&r=g\",\"contentUrl\":\"https:\\\/\\\/secure.gravatar.com\\\/avatar\\\/fc4d91c562d3c4ac55cafd2f4ae4ebd513d2304b007a5c8d4f2d8543edeb9d79?s=96&d=mm&r=g\",\"caption\":\"Azucena Garc\u00eda\"},\"sameAs\":[\"https:\\\/\\\/x.com\\\/Frank Summa\"],\"url\":\"https:\\\/\\\/alinvest-verde.eu\\\/en_gb\\\/author\\\/azucena-garcia\\\/\"}]}<\/script>\n<!-- \/ Yoast SEO plugin. -->","yoast_head_json":{"title":"The project \"Trainer of Trainers II\" trains more than 100 people in Ecuador for the adaptation of the cocoa chain to the EUDR - Programme AL-INVEST Verde","robots":{"index":"index","follow":"follow","max-snippet":"max-snippet:-1","max-image-preview":"max-image-preview:large","max-video-preview":"max-video-preview:-1"},"canonical":"https:\/\/alinvest-verde.eu\/en_gb\/el-proyecto-formador-de-formadores-ii-capacita-a-mas-de-cien-personas-en-ecuador-para-la-adaptacion-de-la-cadena-de-cacao-al-eudr\/","og_locale":"en_GB","og_type":"article","og_title":"El proyecto \u201cFormador de Formadores II\u201d capacita a m\u00e1s de cien personas en Ecuador para la adaptaci\u00f3n de la cadena de cacao al EUDR - Programme AL-INVEST Verde","og_description":"El 4 y 5 de septiembre se desarroll\u00f3 el taller pr\u00e1ctico de la segunda fase del proyecto \u201cFormador de Formadores\u201d, una iniciativa conjunta de la Agencia de Regulaci\u00f3n y Control Fito y Zoosanitario del Ecuador (Agrocalidad) y AL-INVEST Verde, con el apoyo t\u00e9cnico de Trias. Esta acci\u00f3n busca fortalecer el proceso de adaptaci\u00f3n de la [&hellip;]","og_url":"https:\/\/alinvest-verde.eu\/en_gb\/el-proyecto-formador-de-formadores-ii-capacita-a-mas-de-cien-personas-en-ecuador-para-la-adaptacion-de-la-cadena-de-cacao-al-eudr\/","og_site_name":"Programme AL-INVEST Verde","article_published_time":"2025-09-11T10:34:39+00:00","article_modified_time":"2025-09-11T10:38:51+00:00","og_image":[{"width":1920,"height":1080,"url":"https:\/\/alinvest-verde.eu\/wp-content\/uploads\/2025\/09\/P1177108.jpg","type":"image\/jpeg"}],"author":"Azucena Garc\u00eda","twitter_card":"summary_large_image","twitter_creator":"@Frank Summa","twitter_misc":{"Written by":false,"Estimated reading time":"4 minutes"},"schema":{"@context":"https:\/\/schema.org","@graph":[{"@type":"Article","@id":"https:\/\/alinvest-verde.eu\/el-proyecto-formador-de-formadores-ii-capacita-a-mas-de-cien-personas-en-ecuador-para-la-adaptacion-de-la-cadena-de-cacao-al-eudr\/#article","isPartOf":{"@id":"https:\/\/alinvest-verde.eu\/el-proyecto-formador-de-formadores-ii-capacita-a-mas-de-cien-personas-en-ecuador-para-la-adaptacion-de-la-cadena-de-cacao-al-eudr\/"},"author":{"name":"Azucena Garc\u00eda","@id":"https:\/\/alinvest-verde.eu\/#\/schema\/person\/8804ec49772ba377829838bc11b6aa6b"},"headline":"El proyecto \u201cFormador de Formadores II\u201d capacita a m\u00e1s de cien personas en Ecuador para la adaptaci\u00f3n de la cadena de cacao al EUDR","datePublished":"2025-09-11T10:34:39+00:00","dateModified":"2025-09-11T10:38:51+00:00","mainEntityOfPage":{"@id":"https:\/\/alinvest-verde.eu\/el-proyecto-formador-de-formadores-ii-capacita-a-mas-de-cien-personas-en-ecuador-para-la-adaptacion-de-la-cadena-de-cacao-al-eudr\/"},"wordCount":810,"publisher":{"@id":"https:\/\/alinvest-verde.eu\/#organization"},"image":{"@id":"https:\/\/alinvest-verde.eu\/el-proyecto-formador-de-formadores-ii-capacita-a-mas-de-cien-personas-en-ecuador-para-la-adaptacion-de-la-cadena-de-cacao-al-eudr\/#primaryimage"},"thumbnailUrl":"https:\/\/alinvest-verde.eu\/wp-content\/uploads\/2025\/09\/P1177108.jpg","keywords":["cacao","cadenas de valor","Componente2","deforestaci\u00f3n","sostenibilidad","trazabilidad"],"articleSection":["Actualidad","Ecuador"],"inLanguage":"en-GB"},{"@type":"WebPage","@id":"https:\/\/alinvest-verde.eu\/el-proyecto-formador-de-formadores-ii-capacita-a-mas-de-cien-personas-en-ecuador-para-la-adaptacion-de-la-cadena-de-cacao-al-eudr\/","url":"https:\/\/alinvest-verde.eu\/el-proyecto-formador-de-formadores-ii-capacita-a-mas-de-cien-personas-en-ecuador-para-la-adaptacion-de-la-cadena-de-cacao-al-eudr\/","name":"The project \"Trainer of Trainers II\" trains more than 100 people in Ecuador for the adaptation of the cocoa chain to the EUDR - Programme AL-INVEST Verde","isPartOf":{"@id":"https:\/\/alinvest-verde.eu\/#website"},"primaryImageOfPage":{"@id":"https:\/\/alinvest-verde.eu\/el-proyecto-formador-de-formadores-ii-capacita-a-mas-de-cien-personas-en-ecuador-para-la-adaptacion-de-la-cadena-de-cacao-al-eudr\/#primaryimage"},"image":{"@id":"https:\/\/alinvest-verde.eu\/el-proyecto-formador-de-formadores-ii-capacita-a-mas-de-cien-personas-en-ecuador-para-la-adaptacion-de-la-cadena-de-cacao-al-eudr\/#primaryimage"},"thumbnailUrl":"https:\/\/alinvest-verde.eu\/wp-content\/uploads\/2025\/09\/P1177108.jpg","datePublished":"2025-09-11T10:34:39+00:00","dateModified":"2025-09-11T10:38:51+00:00","breadcrumb":{"@id":"https:\/\/alinvest-verde.eu\/el-proyecto-formador-de-formadores-ii-capacita-a-mas-de-cien-personas-en-ecuador-para-la-adaptacion-de-la-cadena-de-cacao-al-eudr\/#breadcrumb"},"inLanguage":"en-GB","potentialAction":[{"@type":"ReadAction","target":["https:\/\/alinvest-verde.eu\/el-proyecto-formador-de-formadores-ii-capacita-a-mas-de-cien-personas-en-ecuador-para-la-adaptacion-de-la-cadena-de-cacao-al-eudr\/"]}]},{"@type":"ImageObject","inLanguage":"en-GB","@id":"https:\/\/alinvest-verde.eu\/el-proyecto-formador-de-formadores-ii-capacita-a-mas-de-cien-personas-en-ecuador-para-la-adaptacion-de-la-cadena-de-cacao-al-eudr\/#primaryimage","url":"https:\/\/alinvest-verde.eu\/wp-content\/uploads\/2025\/09\/P1177108.jpg","contentUrl":"https:\/\/alinvest-verde.eu\/wp-content\/uploads\/2025\/09\/P1177108.jpg","width":1920,"height":1080},{"@type":"BreadcrumbList","@id":"https:\/\/alinvest-verde.eu\/el-proyecto-formador-de-formadores-ii-capacita-a-mas-de-cien-personas-en-ecuador-para-la-adaptacion-de-la-cadena-de-cacao-al-eudr\/#breadcrumb","itemListElement":[{"@type":"ListItem","position":1,"name":"Inicio","item":"https:\/\/alinvest-verde.eu\/"},{"@type":"ListItem","position":2,"name":"Actualidad","item":"https:\/\/alinvest-verde.eu\/category\/actualidad\/"},{"@type":"ListItem","position":3,"name":"El proyecto \u201cFormador de Formadores II\u201d capacita a m\u00e1s de cien personas en Ecuador para la adaptaci\u00f3n de la cadena de cacao al EUDR"}]},{"@type":"WebSite","@id":"https:\/\/alinvest-verde.eu\/#website","url":"https:\/\/alinvest-verde.eu\/","name":"Programme AL-INVEST Verde","description":"Building alliances with the private sector in LA and promote sustainable growth and jobs creation by supporting the transition towards a low-carbon, resource-efficient economy","publisher":{"@id":"https:\/\/alinvest-verde.eu\/#organization"},"potentialAction":[{"@type":"SearchAction","target":{"@type":"EntryPoint","urlTemplate":"https:\/\/alinvest-verde.eu\/?s={search_term_string}"},"query-input":{"@type":"PropertyValueSpecification","valueRequired":true,"valueName":"search_term_string"}}],"inLanguage":"en-GB"},{"@type":"Organization","@id":"https:\/\/alinvest-verde.eu\/#organization","name":"Programme AL-INVEST Verde","url":"https:\/\/alinvest-verde.eu\/","logo":{"@type":"ImageObject","inLanguage":"en-GB","@id":"https:\/\/alinvest-verde.eu\/#\/schema\/logo\/image\/","url":"https:\/\/alinvest-verde.eu\/wp-content\/uploads\/2022\/01\/cropped-logo-financiado-por-la-UE.jpg","contentUrl":"https:\/\/alinvest-verde.eu\/wp-content\/uploads\/2022\/01\/cropped-logo-financiado-por-la-UE.jpg","width":756,"height":216,"caption":"Programme AL-INVEST Verde"},"image":{"@id":"https:\/\/alinvest-verde.eu\/#\/schema\/logo\/image\/"}},{"@type":"Person","@id":"https:\/\/alinvest-verde.eu\/#\/schema\/person\/8804ec49772ba377829838bc11b6aa6b","name":"Azucena Garcia","image":{"@type":"ImageObject","inLanguage":"en-GB","@id":"https:\/\/secure.gravatar.com\/avatar\/fc4d91c562d3c4ac55cafd2f4ae4ebd513d2304b007a5c8d4f2d8543edeb9d79?s=96&d=mm&r=g","url":"https:\/\/secure.gravatar.com\/avatar\/fc4d91c562d3c4ac55cafd2f4ae4ebd513d2304b007a5c8d4f2d8543edeb9d79?s=96&d=mm&r=g","contentUrl":"https:\/\/secure.gravatar.com\/avatar\/fc4d91c562d3c4ac55cafd2f4ae4ebd513d2304b007a5c8d4f2d8543edeb9d79?s=96&d=mm&r=g","caption":"Azucena Garc\u00eda"},"sameAs":["https:\/\/x.com\/Frank Summa"],"url":"https:\/\/alinvest-verde.eu\/en_gb\/author\/azucena-garcia\/"}]}},"_links":{"self":[{"href":"https:\/\/alinvest-verde.eu\/en_gb\/wp-json\/wp\/v2\/posts\/18985","targetHints":{"allow":["GET"]}}],"collection":[{"href":"https:\/\/alinvest-verde.eu\/en_gb\/wp-json\/wp\/v2\/posts"}],"about":[{"href":"https:\/\/alinvest-verde.eu\/en_gb\/wp-json\/wp\/v2\/types\/post"}],"author":[{"embeddable":true,"href":"https:\/\/alinvest-verde.eu\/en_gb\/wp-json\/wp\/v2\/users\/6"}],"replies":[{"embeddable":true,"href":"https:\/\/alinvest-verde.eu\/en_gb\/wp-json\/wp\/v2\/comments?post=18985"}],"version-history":[{"count":7,"href":"https:\/\/alinvest-verde.eu\/en_gb\/wp-json\/wp\/v2\/posts\/18985\/revisions"}],"predecessor-version":[{"id":18994,"href":"https:\/\/alinvest-verde.eu\/en_gb\/wp-json\/wp\/v2\/posts\/18985\/revisions\/18994"}],"wp:featuredmedia":[{"embeddable":true,"href":"https:\/\/alinvest-verde.eu\/en_gb\/wp-json\/wp\/v2\/media\/18986"}],"wp:attachment":[{"href":"https:\/\/alinvest-verde.eu\/en_gb\/wp-json\/wp\/v2\/media?parent=18985"}],"wp:term":[{"taxonomy":"category","embeddable":true,"href":"https:\/\/alinvest-verde.eu\/en_gb\/wp-json\/wp\/v2\/categories?post=18985"},{"taxonomy":"post_tag","embeddable":true,"href":"https:\/\/alinvest-verde.eu\/en_gb\/wp-json\/wp\/v2\/tags?post=18985"}],"curies":[{"name":"wp","href":"https:\/\/api.w.org\/{rel}","templated":true}]}}