{"id":19811,"date":"2025-11-17T16:27:14","date_gmt":"2025-11-17T15:27:14","guid":{"rendered":"https:\/\/alinvest-verde.eu\/?p=19811"},"modified":"2025-11-18T11:02:48","modified_gmt":"2025-11-18T10:02:48","slug":"al-invest-verde-participa-en-brasil-en-el-encuentro-del-equipo-europa-sobre-cadenas-libres-de-deforestacion","status":"publish","type":"post","link":"https:\/\/alinvest-verde.eu\/en_gb\/al-invest-verde-participa-en-brasil-en-el-encuentro-del-equipo-europa-sobre-cadenas-libres-de-deforestacion\/","title":{"rendered":"AL-INVEST Verde participates in Brazil in Team Europe meeting on deforestation-free chains"},"content":{"rendered":"<div data-elementor-type=\"wp-post\" data-elementor-id=\"19811\" class=\"elementor elementor-19811\" data-elementor-post-type=\"post\">\n\t\t\t\t\t\t<section class=\"elementor-section elementor-top-section elementor-element elementor-element-74c677a0 elementor-section-boxed elementor-section-height-default elementor-section-height-default\" data-id=\"74c677a0\" data-element_type=\"section\" data-e-type=\"section\">\n\t\t\t\t\t\t<div class=\"elementor-container elementor-column-gap-default\">\n\t\t\t\t\t<div class=\"elementor-column elementor-col-100 elementor-top-column elementor-element elementor-element-4739297e\" data-id=\"4739297e\" data-element_type=\"column\" data-e-type=\"column\">\n\t\t\t<div class=\"elementor-widget-wrap elementor-element-populated\">\n\t\t\t\t\t\t<div class=\"elementor-element elementor-element-1f967e29 elementor-widget elementor-widget-text-editor\" data-id=\"1f967e29\" data-element_type=\"widget\" data-e-type=\"widget\" data-widget_type=\"text-editor.default\">\n\t\t\t\t<div class=\"elementor-widget-container\">\n\t\t\t\t\t\t\t\t\t\n<p class=\"wp-block-paragraph\">From 3 to 7 November, AL-INVEST Verde participated in the Altamira Summit held in Altamira, in the Brazilian state of Par\u00e1. Organised by the Team Europe Initiative on Deforestation-Free Value Chains, of which AL-INVEST Verde is a member, this event <strong>brought together government, private sector and international cooperation representatives from Latin America, Africa, Asia and Europe.<\/strong> to promote dialogue, exchange of experiences and networking.<\/p>\n\n<p class=\"wp-block-paragraph\">During the event, AL-INVEST Verde presented two of the projects it supports in Bolivia and Paraguay. In the case of Bolivia, Jos\u00e9 Luis Osinaga, General Director of Integral Development of Forests and Land of the Authority of Social Control of Forests and Land, presented the project \u201cGeolocation and verification of the legality of wild Amazonian cocoa in Bolivia\u201d, which seeks, among other things, to create a space for public-private dialogue and consultation to promote this process.\u00a0<\/p>\n\n<p class=\"wp-block-paragraph\">For his part, Andr\u00e9s Gin\u00e9s, coordinator of the Socio-environmental Traceability Executing Unit of the Ministry of Industry and Commerce (MIC), presented the progress of the AL-INVEST Verde-supported project in the country for the <a href=\"https:\/\/alinvest-verde.eu\/en_gb\/accion-paraguay-carne-cuero\/\">implementation of the socio-environmental traceability system<\/a> Inclusive and public RETSA for the soy and beef chains, easily accessible to producers.<\/p>\n\n<p class=\"wp-block-paragraph\">During the week-long meeting, field visits were also organised to learn about local cocoa, chocolate and cattle projects that apply sustainable production and business practices. The event ended with a <strong>collective reflection session aimed at extracting lessons learned and identifying opportunities for improvement.<\/strong>.<\/p>\n\n<p class=\"wp-block-paragraph\"><strong>About AL-INVEST Verde<\/strong><\/p>\n\n<p class=\"wp-block-paragraph\">AL-INVEST Verde is a European Union (EU) programme whose main objective is to promote sustainable growth and job creation in Latin America by supporting the transition towards a low-carbon, resource-efficient and more circular economy. Through Component 2, led by FIIAPP in consortium with IILA, the programme provides assistance for strengthening public policy and multi-stakeholder dialogues on sustainable agricultural and value chains, environmental and labour standards, as well as sustainable trade and economic policy and regulatory frameworks.<\/p>\n\t\t\t\t\t\t\t\t<\/div>\n\t\t\t\t<\/div>\n\t\t\t\t\t<\/div>\n\t\t<\/div>\n\t\t\t\t\t<\/div>\n\t\t<\/section>\n\t\t\t\t<section class=\"elementor-section elementor-top-section elementor-element elementor-element-514167f elementor-section-boxed elementor-section-height-default elementor-section-height-default\" data-id=\"514167f\" data-element_type=\"section\" data-e-type=\"section\">\n\t\t\t\t\t\t<div class=\"elementor-container elementor-column-gap-default\">\n\t\t\t\t\t<div class=\"elementor-column elementor-col-100 elementor-top-column elementor-element elementor-element-6dd0967\" data-id=\"6dd0967\" data-element_type=\"column\" data-e-type=\"column\">\n\t\t\t<div class=\"elementor-widget-wrap elementor-element-populated\">\n\t\t\t\t\t\t<div class=\"elementor-element elementor-element-a354ce7 elementor-arrows-position-inside elementor-pagination-position-outside elementor-widget elementor-widget-image-carousel\" data-id=\"a354ce7\" data-element_type=\"widget\" data-e-type=\"widget\" data-settings=\"{&quot;navigation&quot;:&quot;both&quot;,&quot;autoplay&quot;:&quot;yes&quot;,&quot;pause_on_hover&quot;:&quot;yes&quot;,&quot;pause_on_interaction&quot;:&quot;yes&quot;,&quot;autoplay_speed&quot;:5000,&quot;infinite&quot;:&quot;yes&quot;,&quot;speed&quot;:500}\" data-widget_type=\"image-carousel.default\">\n\t\t\t\t<div class=\"elementor-widget-container\">\n\t\t\t\t\t\t\t<div class=\"elementor-image-carousel-wrapper swiper\" role=\"region\" aria-roledescription=\"carousel\" aria-label=\"Carousel of images\" dir=\"ltr\">\n\t\t\t<div class=\"elementor-image-carousel swiper-wrapper\" aria-live=\"off\">\n\t\t\t\t\t\t\t\t<div class=\"swiper-slide\" role=\"group\" aria-roledescription=\"slide\" aria-label=\"1 of 5\"><figure class=\"swiper-slide-inner\"><img decoding=\"async\" class=\"swiper-slide-image\" src=\"https:\/\/alinvest-verde.eu\/wp-content\/uploads\/2025\/11\/WhatsApp-Image-2025-11-12-at-15.33.44-150x150.jpeg\" alt=\"WhatsApp Image 2025-11-12 at 15.33.44\" \/><\/figure><\/div><div class=\"swiper-slide\" role=\"group\" aria-roledescription=\"slide\" aria-label=\"2 of 5\"><figure class=\"swiper-slide-inner\"><img decoding=\"async\" class=\"swiper-slide-image\" src=\"https:\/\/alinvest-verde.eu\/wp-content\/uploads\/2025\/11\/WhatsApp-Image-2025-11-12-at-15.36.44-150x150.jpeg\" alt=\"WhatsApp Image 2025-11-12 at 15.36.44\" \/><\/figure><\/div><div class=\"swiper-slide\" role=\"group\" aria-roledescription=\"slide\" aria-label=\"3 of 5\"><figure class=\"swiper-slide-inner\"><img decoding=\"async\" class=\"swiper-slide-image\" src=\"https:\/\/alinvest-verde.eu\/wp-content\/uploads\/2025\/11\/WhatsApp-Image-2025-11-07-at-11.11.34-150x150.jpeg\" alt=\"WhatsApp Image 2025-11-07 at 11.11.34\" \/><\/figure><\/div><div class=\"swiper-slide\" role=\"group\" aria-roledescription=\"slide\" aria-label=\"4 of 5\"><figure class=\"swiper-slide-inner\"><img decoding=\"async\" class=\"swiper-slide-image\" src=\"https:\/\/alinvest-verde.eu\/wp-content\/uploads\/2025\/11\/WhatsApp-Image-2025-11-12-at-15.33.44-1-150x150.jpeg\" alt=\"WhatsApp Image 2025-11-12 at 15.33.44 (1)\" \/><\/figure><\/div><div class=\"swiper-slide\" role=\"group\" aria-roledescription=\"slide\" aria-label=\"5 of 5\"><figure class=\"swiper-slide-inner\"><img decoding=\"async\" class=\"swiper-slide-image\" src=\"https:\/\/alinvest-verde.eu\/wp-content\/uploads\/2025\/11\/Daniel-K-1-150x150.jpeg\" alt=\"Daniel K 1\" \/><\/figure><\/div>\t\t\t<\/div>\n\t\t\t\t\t\t\t\t\t\t\t\t<div class=\"elementor-swiper-button elementor-swiper-button-prev\" role=\"button\" tabindex=\"0\">\n\t\t\t\t\t\t<i aria-hidden=\"true\" class=\"eicon-chevron-left\"><\/i>\t\t\t\t\t<\/div>\n\t\t\t\t\t<div class=\"elementor-swiper-button elementor-swiper-button-next\" role=\"button\" tabindex=\"0\">\n\t\t\t\t\t\t<i aria-hidden=\"true\" class=\"eicon-chevron-right\"><\/i>\t\t\t\t\t<\/div>\n\t\t\t\t\n\t\t\t\t\t\t\t\t\t<div class=\"swiper-pagination\"><\/div>\n\t\t\t\t\t\t\t\t\t<\/div>\n\t\t\t\t\t\t<\/div>\n\t\t\t\t<\/div>\n\t\t\t\t\t<\/div>\n\t\t<\/div>\n\t\t\t\t\t<\/div>\n\t\t<\/section>\n\t\t\t\t<\/div>","protected":false},"excerpt":{"rendered":"<p>Del 3 al 7 de noviembre, AL-INVEST Verde particip\u00f3 en el encuentro Altamira Summit celebrado en la localidad de Altamira, en el estado brasile\u00f1o de Par\u00e1. Organizado por la Iniciativa Equipo Europa sobre cadenas de valor libres de deforestaci\u00f3n, de la que AL-INVEST Verde forma parte, este evento reuni\u00f3 a representantes gubernamentales, del sector privado [&hellip;]<\/p>\n","protected":false},"author":6,"featured_media":19812,"comment_status":"closed","ping_status":"closed","sticky":false,"template":"","format":"standard","meta":{"footnotes":""},"categories":[24,161],"tags":[21,154,184,107,30,43],"class_list":["post-19811","post","type-post","status-publish","format-standard","has-post-thumbnail","hentry","category-actualidad","category-brasil","tag-cadenas-de-valor","tag-componente-1","tag-componente2","tag-eudr","tag-sostenibilidad","tag-trazabilidad"],"yoast_head":"<!-- This site is optimized with the Yoast SEO plugin v28.4 - https:\/\/yoast.com\/product\/yoast-seo-wordpress\/ -->\n<title>AL-INVEST Verde participa en Brasil en el encuentro del Equipo Europa sobre cadenas libres de deforestaci\u00f3n - Programme AL-INVEST Verde<\/title>\n<meta name=\"robots\" content=\"index, follow, max-snippet:-1, max-image-preview:large, max-video-preview:-1\" \/>\n<link rel=\"canonical\" href=\"https:\/\/alinvest-verde.eu\/en_gb\/al-invest-verde-participa-en-brasil-en-el-encuentro-del-equipo-europa-sobre-cadenas-libres-de-deforestacion\/\" \/>\n<meta property=\"og:locale\" content=\"en_GB\" \/>\n<meta property=\"og:type\" content=\"article\" \/>\n<meta property=\"og:title\" content=\"AL-INVEST Verde participa en Brasil en el encuentro del Equipo Europa sobre cadenas libres de deforestaci\u00f3n - Programme AL-INVEST Verde\" \/>\n<meta property=\"og:description\" content=\"Del 3 al 7 de noviembre, AL-INVEST Verde particip\u00f3 en el encuentro Altamira Summit celebrado en la localidad de Altamira, en el estado brasile\u00f1o de Par\u00e1. Organizado por la Iniciativa Equipo Europa sobre cadenas de valor libres de deforestaci\u00f3n, de la que AL-INVEST Verde forma parte, este evento reuni\u00f3 a representantes gubernamentales, del sector privado [&hellip;]\" \/>\n<meta property=\"og:url\" content=\"https:\/\/alinvest-verde.eu\/en_gb\/al-invest-verde-participa-en-brasil-en-el-encuentro-del-equipo-europa-sobre-cadenas-libres-de-deforestacion\/\" \/>\n<meta property=\"og:site_name\" content=\"Programme AL-INVEST Verde\" \/>\n<meta property=\"article:published_time\" content=\"2025-11-17T15:27:14+00:00\" \/>\n<meta property=\"article:modified_time\" content=\"2025-11-18T10:02:48+00:00\" \/>\n<meta property=\"og:image\" content=\"https:\/\/alinvest-verde.eu\/wp-content\/uploads\/2025\/11\/WhatsApp-Image-2025-11-12-at-15.33.44-2.jpeg\" \/>\n\t<meta property=\"og:image:width\" content=\"1600\" \/>\n\t<meta property=\"og:image:height\" content=\"1066\" \/>\n\t<meta property=\"og:image:type\" content=\"image\/jpeg\" \/>\n<meta name=\"author\" content=\"Azucena Garc\u00eda\" \/>\n<meta name=\"twitter:card\" content=\"summary_large_image\" \/>\n<meta name=\"twitter:creator\" content=\"@Frank Summa\" \/>\n<meta name=\"twitter:label1\" content=\"Written by\" \/>\n\t<meta name=\"twitter:data1\" content=\"\" \/>\n\t<meta name=\"twitter:label2\" content=\"Estimated reading time\" \/>\n\t<meta name=\"twitter:data2\" content=\"4 minutes\" \/>\n<script type=\"application\/ld+json\" class=\"yoast-schema-graph\">{\"@context\":\"https:\\\/\\\/schema.org\",\"@graph\":[{\"@type\":\"Article\",\"@id\":\"https:\\\/\\\/alinvest-verde.eu\\\/al-invest-verde-participa-en-brasil-en-el-encuentro-del-equipo-europa-sobre-cadenas-libres-de-deforestacion\\\/#article\",\"isPartOf\":{\"@id\":\"https:\\\/\\\/alinvest-verde.eu\\\/al-invest-verde-participa-en-brasil-en-el-encuentro-del-equipo-europa-sobre-cadenas-libres-de-deforestacion\\\/\"},\"author\":{\"name\":\"Azucena Garc\u00eda\",\"@id\":\"https:\\\/\\\/alinvest-verde.eu\\\/#\\\/schema\\\/person\\\/8804ec49772ba377829838bc11b6aa6b\"},\"headline\":\"AL-INVEST Verde participa en Brasil en el encuentro del Equipo Europa sobre cadenas libres de deforestaci\u00f3n\",\"datePublished\":\"2025-11-17T15:27:14+00:00\",\"dateModified\":\"2025-11-18T10:02:48+00:00\",\"mainEntityOfPage\":{\"@id\":\"https:\\\/\\\/alinvest-verde.eu\\\/al-invest-verde-participa-en-brasil-en-el-encuentro-del-equipo-europa-sobre-cadenas-libres-de-deforestacion\\\/\"},\"wordCount\":416,\"publisher\":{\"@id\":\"https:\\\/\\\/alinvest-verde.eu\\\/#organization\"},\"image\":{\"@id\":\"https:\\\/\\\/alinvest-verde.eu\\\/al-invest-verde-participa-en-brasil-en-el-encuentro-del-equipo-europa-sobre-cadenas-libres-de-deforestacion\\\/#primaryimage\"},\"thumbnailUrl\":\"https:\\\/\\\/alinvest-verde.eu\\\/wp-content\\\/uploads\\\/2025\\\/11\\\/WhatsApp-Image-2025-11-12-at-15.33.44-2.jpeg\",\"keywords\":[\"cadenas de valor\",\"Componente 1\",\"Componente2\",\"EUDR\",\"sostenibilidad\",\"trazabilidad\"],\"articleSection\":[\"Actualidad\",\"Brasil\"],\"inLanguage\":\"en-GB\"},{\"@type\":\"WebPage\",\"@id\":\"https:\\\/\\\/alinvest-verde.eu\\\/al-invest-verde-participa-en-brasil-en-el-encuentro-del-equipo-europa-sobre-cadenas-libres-de-deforestacion\\\/\",\"url\":\"https:\\\/\\\/alinvest-verde.eu\\\/al-invest-verde-participa-en-brasil-en-el-encuentro-del-equipo-europa-sobre-cadenas-libres-de-deforestacion\\\/\",\"name\":\"AL-INVEST Verde participa en Brasil en el encuentro del Equipo Europa sobre cadenas libres de deforestaci\u00f3n - Programme AL-INVEST Verde\",\"isPartOf\":{\"@id\":\"https:\\\/\\\/alinvest-verde.eu\\\/#website\"},\"primaryImageOfPage\":{\"@id\":\"https:\\\/\\\/alinvest-verde.eu\\\/al-invest-verde-participa-en-brasil-en-el-encuentro-del-equipo-europa-sobre-cadenas-libres-de-deforestacion\\\/#primaryimage\"},\"image\":{\"@id\":\"https:\\\/\\\/alinvest-verde.eu\\\/al-invest-verde-participa-en-brasil-en-el-encuentro-del-equipo-europa-sobre-cadenas-libres-de-deforestacion\\\/#primaryimage\"},\"thumbnailUrl\":\"https:\\\/\\\/alinvest-verde.eu\\\/wp-content\\\/uploads\\\/2025\\\/11\\\/WhatsApp-Image-2025-11-12-at-15.33.44-2.jpeg\",\"datePublished\":\"2025-11-17T15:27:14+00:00\",\"dateModified\":\"2025-11-18T10:02:48+00:00\",\"breadcrumb\":{\"@id\":\"https:\\\/\\\/alinvest-verde.eu\\\/al-invest-verde-participa-en-brasil-en-el-encuentro-del-equipo-europa-sobre-cadenas-libres-de-deforestacion\\\/#breadcrumb\"},\"inLanguage\":\"en-GB\",\"potentialAction\":[{\"@type\":\"ReadAction\",\"target\":[\"https:\\\/\\\/alinvest-verde.eu\\\/al-invest-verde-participa-en-brasil-en-el-encuentro-del-equipo-europa-sobre-cadenas-libres-de-deforestacion\\\/\"]}]},{\"@type\":\"ImageObject\",\"inLanguage\":\"en-GB\",\"@id\":\"https:\\\/\\\/alinvest-verde.eu\\\/al-invest-verde-participa-en-brasil-en-el-encuentro-del-equipo-europa-sobre-cadenas-libres-de-deforestacion\\\/#primaryimage\",\"url\":\"https:\\\/\\\/alinvest-verde.eu\\\/wp-content\\\/uploads\\\/2025\\\/11\\\/WhatsApp-Image-2025-11-12-at-15.33.44-2.jpeg\",\"contentUrl\":\"https:\\\/\\\/alinvest-verde.eu\\\/wp-content\\\/uploads\\\/2025\\\/11\\\/WhatsApp-Image-2025-11-12-at-15.33.44-2.jpeg\",\"width\":1600,\"height\":1066},{\"@type\":\"BreadcrumbList\",\"@id\":\"https:\\\/\\\/alinvest-verde.eu\\\/al-invest-verde-participa-en-brasil-en-el-encuentro-del-equipo-europa-sobre-cadenas-libres-de-deforestacion\\\/#breadcrumb\",\"itemListElement\":[{\"@type\":\"ListItem\",\"position\":1,\"name\":\"Inicio\",\"item\":\"https:\\\/\\\/alinvest-verde.eu\\\/\"},{\"@type\":\"ListItem\",\"position\":2,\"name\":\"Actualidad\",\"item\":\"https:\\\/\\\/alinvest-verde.eu\\\/category\\\/actualidad\\\/\"},{\"@type\":\"ListItem\",\"position\":3,\"name\":\"AL-INVEST Verde participa en Brasil en el encuentro del Equipo Europa sobre cadenas libres de deforestaci\u00f3n\"}]},{\"@type\":\"WebSite\",\"@id\":\"https:\\\/\\\/alinvest-verde.eu\\\/#website\",\"url\":\"https:\\\/\\\/alinvest-verde.eu\\\/\",\"name\":\"Programme AL-INVEST Verde\",\"description\":\"Building alliances with the private sector in LA and promote sustainable growth and jobs creation by supporting the transition towards a low-carbon, resource-efficient economy\",\"publisher\":{\"@id\":\"https:\\\/\\\/alinvest-verde.eu\\\/#organization\"},\"potentialAction\":[{\"@type\":\"SearchAction\",\"target\":{\"@type\":\"EntryPoint\",\"urlTemplate\":\"https:\\\/\\\/alinvest-verde.eu\\\/?s={search_term_string}\"},\"query-input\":{\"@type\":\"PropertyValueSpecification\",\"valueRequired\":true,\"valueName\":\"search_term_string\"}}],\"inLanguage\":\"en-GB\"},{\"@type\":\"Organization\",\"@id\":\"https:\\\/\\\/alinvest-verde.eu\\\/#organization\",\"name\":\"Programme AL-INVEST Verde\",\"url\":\"https:\\\/\\\/alinvest-verde.eu\\\/\",\"logo\":{\"@type\":\"ImageObject\",\"inLanguage\":\"en-GB\",\"@id\":\"https:\\\/\\\/alinvest-verde.eu\\\/#\\\/schema\\\/logo\\\/image\\\/\",\"url\":\"https:\\\/\\\/alinvest-verde.eu\\\/wp-content\\\/uploads\\\/2022\\\/01\\\/cropped-logo-financiado-por-la-UE.jpg\",\"contentUrl\":\"https:\\\/\\\/alinvest-verde.eu\\\/wp-content\\\/uploads\\\/2022\\\/01\\\/cropped-logo-financiado-por-la-UE.jpg\",\"width\":756,\"height\":216,\"caption\":\"Programme AL-INVEST Verde\"},\"image\":{\"@id\":\"https:\\\/\\\/alinvest-verde.eu\\\/#\\\/schema\\\/logo\\\/image\\\/\"}},{\"@type\":\"Person\",\"@id\":\"https:\\\/\\\/alinvest-verde.eu\\\/#\\\/schema\\\/person\\\/8804ec49772ba377829838bc11b6aa6b\",\"name\":\"Azucena Garc\u00eda\",\"image\":{\"@type\":\"ImageObject\",\"inLanguage\":\"en-GB\",\"@id\":\"https:\\\/\\\/secure.gravatar.com\\\/avatar\\\/fc4d91c562d3c4ac55cafd2f4ae4ebd513d2304b007a5c8d4f2d8543edeb9d79?s=96&d=mm&r=g\",\"url\":\"https:\\\/\\\/secure.gravatar.com\\\/avatar\\\/fc4d91c562d3c4ac55cafd2f4ae4ebd513d2304b007a5c8d4f2d8543edeb9d79?s=96&d=mm&r=g\",\"contentUrl\":\"https:\\\/\\\/secure.gravatar.com\\\/avatar\\\/fc4d91c562d3c4ac55cafd2f4ae4ebd513d2304b007a5c8d4f2d8543edeb9d79?s=96&d=mm&r=g\",\"caption\":\"Azucena Garc\u00eda\"},\"sameAs\":[\"https:\\\/\\\/x.com\\\/Frank Summa\"],\"url\":\"https:\\\/\\\/alinvest-verde.eu\\\/en_gb\\\/author\\\/azucena-garcia\\\/\"}]}<\/script>\n<!-- \/ Yoast SEO plugin. -->","yoast_head_json":{"title":"AL-INVEST Verde participates in Brazil in the Team Europe meeting on deforestation-free supply chains - Programme AL-INVEST Verde","robots":{"index":"index","follow":"follow","max-snippet":"max-snippet:-1","max-image-preview":"max-image-preview:large","max-video-preview":"max-video-preview:-1"},"canonical":"https:\/\/alinvest-verde.eu\/en_gb\/al-invest-verde-participa-en-brasil-en-el-encuentro-del-equipo-europa-sobre-cadenas-libres-de-deforestacion\/","og_locale":"en_GB","og_type":"article","og_title":"AL-INVEST Verde participa en Brasil en el encuentro del Equipo Europa sobre cadenas libres de deforestaci\u00f3n - Programme AL-INVEST Verde","og_description":"Del 3 al 7 de noviembre, AL-INVEST Verde particip\u00f3 en el encuentro Altamira Summit celebrado en la localidad de Altamira, en el estado brasile\u00f1o de Par\u00e1. Organizado por la Iniciativa Equipo Europa sobre cadenas de valor libres de deforestaci\u00f3n, de la que AL-INVEST Verde forma parte, este evento reuni\u00f3 a representantes gubernamentales, del sector privado [&hellip;]","og_url":"https:\/\/alinvest-verde.eu\/en_gb\/al-invest-verde-participa-en-brasil-en-el-encuentro-del-equipo-europa-sobre-cadenas-libres-de-deforestacion\/","og_site_name":"Programme AL-INVEST Verde","article_published_time":"2025-11-17T15:27:14+00:00","article_modified_time":"2025-11-18T10:02:48+00:00","og_image":[{"width":1600,"height":1066,"url":"https:\/\/alinvest-verde.eu\/wp-content\/uploads\/2025\/11\/WhatsApp-Image-2025-11-12-at-15.33.44-2.jpeg","type":"image\/jpeg"}],"author":"Azucena Garc\u00eda","twitter_card":"summary_large_image","twitter_creator":"@Frank Summa","twitter_misc":{"Written by":false,"Estimated reading time":"4 minutes"},"schema":{"@context":"https:\/\/schema.org","@graph":[{"@type":"Article","@id":"https:\/\/alinvest-verde.eu\/al-invest-verde-participa-en-brasil-en-el-encuentro-del-equipo-europa-sobre-cadenas-libres-de-deforestacion\/#article","isPartOf":{"@id":"https:\/\/alinvest-verde.eu\/al-invest-verde-participa-en-brasil-en-el-encuentro-del-equipo-europa-sobre-cadenas-libres-de-deforestacion\/"},"author":{"name":"Azucena Garc\u00eda","@id":"https:\/\/alinvest-verde.eu\/#\/schema\/person\/8804ec49772ba377829838bc11b6aa6b"},"headline":"AL-INVEST Verde participa en Brasil en el encuentro del Equipo Europa sobre cadenas libres de deforestaci\u00f3n","datePublished":"2025-11-17T15:27:14+00:00","dateModified":"2025-11-18T10:02:48+00:00","mainEntityOfPage":{"@id":"https:\/\/alinvest-verde.eu\/al-invest-verde-participa-en-brasil-en-el-encuentro-del-equipo-europa-sobre-cadenas-libres-de-deforestacion\/"},"wordCount":416,"publisher":{"@id":"https:\/\/alinvest-verde.eu\/#organization"},"image":{"@id":"https:\/\/alinvest-verde.eu\/al-invest-verde-participa-en-brasil-en-el-encuentro-del-equipo-europa-sobre-cadenas-libres-de-deforestacion\/#primaryimage"},"thumbnailUrl":"https:\/\/alinvest-verde.eu\/wp-content\/uploads\/2025\/11\/WhatsApp-Image-2025-11-12-at-15.33.44-2.jpeg","keywords":["cadenas de valor","Componente 1","Componente2","EUDR","sostenibilidad","trazabilidad"],"articleSection":["Actualidad","Brasil"],"inLanguage":"en-GB"},{"@type":"WebPage","@id":"https:\/\/alinvest-verde.eu\/al-invest-verde-participa-en-brasil-en-el-encuentro-del-equipo-europa-sobre-cadenas-libres-de-deforestacion\/","url":"https:\/\/alinvest-verde.eu\/al-invest-verde-participa-en-brasil-en-el-encuentro-del-equipo-europa-sobre-cadenas-libres-de-deforestacion\/","name":"AL-INVEST Verde participates in Brazil in the Team Europe meeting on deforestation-free supply chains - Programme AL-INVEST Verde","isPartOf":{"@id":"https:\/\/alinvest-verde.eu\/#website"},"primaryImageOfPage":{"@id":"https:\/\/alinvest-verde.eu\/al-invest-verde-participa-en-brasil-en-el-encuentro-del-equipo-europa-sobre-cadenas-libres-de-deforestacion\/#primaryimage"},"image":{"@id":"https:\/\/alinvest-verde.eu\/al-invest-verde-participa-en-brasil-en-el-encuentro-del-equipo-europa-sobre-cadenas-libres-de-deforestacion\/#primaryimage"},"thumbnailUrl":"https:\/\/alinvest-verde.eu\/wp-content\/uploads\/2025\/11\/WhatsApp-Image-2025-11-12-at-15.33.44-2.jpeg","datePublished":"2025-11-17T15:27:14+00:00","dateModified":"2025-11-18T10:02:48+00:00","breadcrumb":{"@id":"https:\/\/alinvest-verde.eu\/al-invest-verde-participa-en-brasil-en-el-encuentro-del-equipo-europa-sobre-cadenas-libres-de-deforestacion\/#breadcrumb"},"inLanguage":"en-GB","potentialAction":[{"@type":"ReadAction","target":["https:\/\/alinvest-verde.eu\/al-invest-verde-participa-en-brasil-en-el-encuentro-del-equipo-europa-sobre-cadenas-libres-de-deforestacion\/"]}]},{"@type":"ImageObject","inLanguage":"en-GB","@id":"https:\/\/alinvest-verde.eu\/al-invest-verde-participa-en-brasil-en-el-encuentro-del-equipo-europa-sobre-cadenas-libres-de-deforestacion\/#primaryimage","url":"https:\/\/alinvest-verde.eu\/wp-content\/uploads\/2025\/11\/WhatsApp-Image-2025-11-12-at-15.33.44-2.jpeg","contentUrl":"https:\/\/alinvest-verde.eu\/wp-content\/uploads\/2025\/11\/WhatsApp-Image-2025-11-12-at-15.33.44-2.jpeg","width":1600,"height":1066},{"@type":"BreadcrumbList","@id":"https:\/\/alinvest-verde.eu\/al-invest-verde-participa-en-brasil-en-el-encuentro-del-equipo-europa-sobre-cadenas-libres-de-deforestacion\/#breadcrumb","itemListElement":[{"@type":"ListItem","position":1,"name":"Inicio","item":"https:\/\/alinvest-verde.eu\/"},{"@type":"ListItem","position":2,"name":"Actualidad","item":"https:\/\/alinvest-verde.eu\/category\/actualidad\/"},{"@type":"ListItem","position":3,"name":"AL-INVEST Verde participa en Brasil en el encuentro del Equipo Europa sobre cadenas libres de deforestaci\u00f3n"}]},{"@type":"WebSite","@id":"https:\/\/alinvest-verde.eu\/#website","url":"https:\/\/alinvest-verde.eu\/","name":"Programme AL-INVEST Verde","description":"Building alliances with the private sector in LA and promote sustainable growth and jobs creation by supporting the transition towards a low-carbon, resource-efficient economy","publisher":{"@id":"https:\/\/alinvest-verde.eu\/#organization"},"potentialAction":[{"@type":"SearchAction","target":{"@type":"EntryPoint","urlTemplate":"https:\/\/alinvest-verde.eu\/?s={search_term_string}"},"query-input":{"@type":"PropertyValueSpecification","valueRequired":true,"valueName":"search_term_string"}}],"inLanguage":"en-GB"},{"@type":"Organization","@id":"https:\/\/alinvest-verde.eu\/#organization","name":"Programme AL-INVEST Verde","url":"https:\/\/alinvest-verde.eu\/","logo":{"@type":"ImageObject","inLanguage":"en-GB","@id":"https:\/\/alinvest-verde.eu\/#\/schema\/logo\/image\/","url":"https:\/\/alinvest-verde.eu\/wp-content\/uploads\/2022\/01\/cropped-logo-financiado-por-la-UE.jpg","contentUrl":"https:\/\/alinvest-verde.eu\/wp-content\/uploads\/2022\/01\/cropped-logo-financiado-por-la-UE.jpg","width":756,"height":216,"caption":"Programme AL-INVEST Verde"},"image":{"@id":"https:\/\/alinvest-verde.eu\/#\/schema\/logo\/image\/"}},{"@type":"Person","@id":"https:\/\/alinvest-verde.eu\/#\/schema\/person\/8804ec49772ba377829838bc11b6aa6b","name":"Azucena Garcia","image":{"@type":"ImageObject","inLanguage":"en-GB","@id":"https:\/\/secure.gravatar.com\/avatar\/fc4d91c562d3c4ac55cafd2f4ae4ebd513d2304b007a5c8d4f2d8543edeb9d79?s=96&d=mm&r=g","url":"https:\/\/secure.gravatar.com\/avatar\/fc4d91c562d3c4ac55cafd2f4ae4ebd513d2304b007a5c8d4f2d8543edeb9d79?s=96&d=mm&r=g","contentUrl":"https:\/\/secure.gravatar.com\/avatar\/fc4d91c562d3c4ac55cafd2f4ae4ebd513d2304b007a5c8d4f2d8543edeb9d79?s=96&d=mm&r=g","caption":"Azucena Garc\u00eda"},"sameAs":["https:\/\/x.com\/Frank Summa"],"url":"https:\/\/alinvest-verde.eu\/en_gb\/author\/azucena-garcia\/"}]}},"_links":{"self":[{"href":"https:\/\/alinvest-verde.eu\/en_gb\/wp-json\/wp\/v2\/posts\/19811","targetHints":{"allow":["GET"]}}],"collection":[{"href":"https:\/\/alinvest-verde.eu\/en_gb\/wp-json\/wp\/v2\/posts"}],"about":[{"href":"https:\/\/alinvest-verde.eu\/en_gb\/wp-json\/wp\/v2\/types\/post"}],"author":[{"embeddable":true,"href":"https:\/\/alinvest-verde.eu\/en_gb\/wp-json\/wp\/v2\/users\/6"}],"replies":[{"embeddable":true,"href":"https:\/\/alinvest-verde.eu\/en_gb\/wp-json\/wp\/v2\/comments?post=19811"}],"version-history":[{"count":7,"href":"https:\/\/alinvest-verde.eu\/en_gb\/wp-json\/wp\/v2\/posts\/19811\/revisions"}],"predecessor-version":[{"id":19829,"href":"https:\/\/alinvest-verde.eu\/en_gb\/wp-json\/wp\/v2\/posts\/19811\/revisions\/19829"}],"wp:featuredmedia":[{"embeddable":true,"href":"https:\/\/alinvest-verde.eu\/en_gb\/wp-json\/wp\/v2\/media\/19812"}],"wp:attachment":[{"href":"https:\/\/alinvest-verde.eu\/en_gb\/wp-json\/wp\/v2\/media?parent=19811"}],"wp:term":[{"taxonomy":"category","embeddable":true,"href":"https:\/\/alinvest-verde.eu\/en_gb\/wp-json\/wp\/v2\/categories?post=19811"},{"taxonomy":"post_tag","embeddable":true,"href":"https:\/\/alinvest-verde.eu\/en_gb\/wp-json\/wp\/v2\/tags?post=19811"}],"curies":[{"name":"wp","href":"https:\/\/api.w.org\/{rel}","templated":true}]}}