{"id":19913,"date":"2025-11-24T20:05:58","date_gmt":"2025-11-24T19:05:58","guid":{"rendered":"https:\/\/alinvest-verde.eu\/?p=19913"},"modified":"2025-11-26T02:25:46","modified_gmt":"2025-11-26T01:25:46","slug":"presencia-de-pymes-en-el-foro-empresarial-alc-ue-en-el-marco-de-la-cumbre-celac-ue-impulsa-el-intercambio-y-la-conexion-empresarial","status":"publish","type":"post","link":"https:\/\/alinvest-verde.eu\/en_gb\/presencia-de-pymes-en-el-foro-empresarial-alc-ue-en-el-marco-de-la-cumbre-celac-ue-impulsa-el-intercambio-y-la-conexion-empresarial\/","title":{"rendered":"Presence of SMEs at the LAC-EU Business Forum within the framework of the CELAC-EU Summit promotes business exchange and networking"},"content":{"rendered":"<p class=\"wp-block-paragraph\">Component 1 of the AL-INVEST Verde programme was present at the <a href=\"https:\/\/international-partnerships.ec.europa.eu\/lac-eu-business-forum_en\">LAC-EU Business Forum<\/a>, which took place within the framework of the EU-CELAC Summit 2025, through the participation of its beneficiary SMEs. These SMEs from the food and industry sectors were selected to attend this high-level event due to their commitment to the programme and the results achieved.<\/p>\n\n\n\n<p class=\"wp-block-paragraph\">During the session, SME representatives had the opportunity to participate in thematic sessions on strengthening multilateral cooperation, digital and environmental energy transition, cooperation in educational infrastructure, climate change, and food security. The event also served as a networking platform to strengthen ties with Latin American, Caribbean, and European organisations.<\/p>\n\n\n\n<p class=\"wp-block-paragraph\">For further information, visit the <a href=\"https:\/\/international-partnerships.ec.europa.eu\/news-and-events\/news\/two-years-eu-latin-america-and-caribbean-turn-global-gateway-commitments-action-2025-11-10_en?prefLang=es\">press release from the Summit<\/a>.&nbsp;<\/p>\n\n\n\n<p class=\"wp-block-paragraph\">The event took place in Santa Marta, Colombia, on 9 and 10 November and brought together delegations from countries in Latin America and the Caribbean and from European Union Member States.<\/p>\n\n\n\n<p class=\"wp-block-paragraph\">Among the representatives of SMEs were Luis S\u00e1nchez, from OVOM\u00c1S (Ecuador); Osvaldo Navia, from SICIREC (Bolivia); Elsa Sosa from L\u00e1cteos SOAVI (El Salvador); Leidy Sim\u00f3n from the Agroecological Tourism Association of Peru; Wagner Dantas Roberto da Silva from Zucco Moda (Brazil); and Maria Aparecida Viturino Moraes from Chinispa (Brazil).<\/p>\n\n\n\n<p class=\"wp-block-paragraph\"><\/p>","protected":false},"excerpt":{"rendered":"<p>El Componente 1 del programa AL-INVEST Verde se hizo presente en el Foro Empresarial ALC-UE, que tuvo lugar en el marco de la Cumbre UE-CELAC 2025, a trav\u00e9s de la participaci\u00f3n de sus pymes beneficiarias. Estas pymes de los sectores alimentos e industria fueron seleccionadas para asistir a este evento de alto nivel debido a [&hellip;]<\/p>\n","protected":false},"author":4,"featured_media":19960,"comment_status":"closed","ping_status":"closed","sticky":false,"template":"","format":"standard","meta":{"footnotes":""},"categories":[24,218],"tags":[154,219,213],"class_list":["post-19913","post","type-post","status-publish","format-standard","has-post-thumbnail","hentry","category-actualidad","category-santa-marta-colombia","tag-componente-1","tag-cumbre-celac-ue","tag-pymes"],"yoast_head":"<!-- This site is optimized with the Yoast SEO plugin v28.4 - https:\/\/yoast.com\/product\/yoast-seo-wordpress\/ -->\n<title>Presencia de pymes en el Foro Empresarial ALC-UE en el marco de la Cumbre CELAC-UE impulsa el intercambio y la conexi\u00f3n empresarial - Programme AL-INVEST Verde<\/title>\n<meta name=\"robots\" content=\"index, follow, max-snippet:-1, max-image-preview:large, max-video-preview:-1\" \/>\n<link rel=\"canonical\" href=\"https:\/\/alinvest-verde.eu\/en_gb\/presencia-de-pymes-en-el-foro-empresarial-alc-ue-en-el-marco-de-la-cumbre-celac-ue-impulsa-el-intercambio-y-la-conexion-empresarial\/\" \/>\n<meta property=\"og:locale\" content=\"en_GB\" \/>\n<meta property=\"og:type\" content=\"article\" \/>\n<meta property=\"og:title\" content=\"Presencia de pymes en el Foro Empresarial ALC-UE en el marco de la Cumbre CELAC-UE impulsa el intercambio y la conexi\u00f3n empresarial - Programme AL-INVEST Verde\" \/>\n<meta property=\"og:description\" content=\"El Componente 1 del programa AL-INVEST Verde se hizo presente en el Foro Empresarial ALC-UE, que tuvo lugar en el marco de la Cumbre UE-CELAC 2025, a trav\u00e9s de la participaci\u00f3n de sus pymes beneficiarias. Estas pymes de los sectores alimentos e industria fueron seleccionadas para asistir a este evento de alto nivel debido a [&hellip;]\" \/>\n<meta property=\"og:url\" content=\"https:\/\/alinvest-verde.eu\/en_gb\/presencia-de-pymes-en-el-foro-empresarial-alc-ue-en-el-marco-de-la-cumbre-celac-ue-impulsa-el-intercambio-y-la-conexion-empresarial\/\" \/>\n<meta property=\"og:site_name\" content=\"Programme AL-INVEST Verde\" \/>\n<meta property=\"article:published_time\" content=\"2025-11-24T19:05:58+00:00\" \/>\n<meta property=\"article:modified_time\" content=\"2025-11-26T01:25:46+00:00\" \/>\n<meta property=\"og:image\" content=\"https:\/\/alinvest-verde.eu\/wp-content\/uploads\/2025\/11\/2b7df256-b37d-4209-8959-27e212c0f1d4-scaled.jpeg\" \/>\n\t<meta property=\"og:image:width\" content=\"2560\" \/>\n\t<meta property=\"og:image:height\" content=\"1920\" \/>\n\t<meta property=\"og:image:type\" content=\"image\/jpeg\" \/>\n<meta name=\"author\" content=\"Malena Sousa\" \/>\n<meta name=\"twitter:card\" content=\"summary_large_image\" \/>\n<meta name=\"twitter:label1\" content=\"Written by\" \/>\n\t<meta name=\"twitter:data1\" content=\"\" \/>\n\t<meta name=\"twitter:label2\" content=\"Estimated reading time\" \/>\n\t<meta name=\"twitter:data2\" content=\"2 minutes\" \/>\n<script type=\"application\/ld+json\" class=\"yoast-schema-graph\">{\"@context\":\"https:\\\/\\\/schema.org\",\"@graph\":[{\"@type\":\"Article\",\"@id\":\"https:\\\/\\\/alinvest-verde.eu\\\/presencia-de-pymes-en-el-foro-empresarial-alc-ue-en-el-marco-de-la-cumbre-celac-ue-impulsa-el-intercambio-y-la-conexion-empresarial\\\/#article\",\"isPartOf\":{\"@id\":\"https:\\\/\\\/alinvest-verde.eu\\\/presencia-de-pymes-en-el-foro-empresarial-alc-ue-en-el-marco-de-la-cumbre-celac-ue-impulsa-el-intercambio-y-la-conexion-empresarial\\\/\"},\"author\":{\"name\":\"Malena Sousa\",\"@id\":\"https:\\\/\\\/alinvest-verde.eu\\\/#\\\/schema\\\/person\\\/f18f811fbc283c4879102f4ba5f9e9cc\"},\"headline\":\"Presencia de pymes en el Foro Empresarial ALC-UE en el marco de la Cumbre CELAC-UE impulsa el intercambio y la conexi\u00f3n empresarial\",\"datePublished\":\"2025-11-24T19:05:58+00:00\",\"dateModified\":\"2025-11-26T01:25:46+00:00\",\"mainEntityOfPage\":{\"@id\":\"https:\\\/\\\/alinvest-verde.eu\\\/presencia-de-pymes-en-el-foro-empresarial-alc-ue-en-el-marco-de-la-cumbre-celac-ue-impulsa-el-intercambio-y-la-conexion-empresarial\\\/\"},\"wordCount\":254,\"publisher\":{\"@id\":\"https:\\\/\\\/alinvest-verde.eu\\\/#organization\"},\"image\":{\"@id\":\"https:\\\/\\\/alinvest-verde.eu\\\/presencia-de-pymes-en-el-foro-empresarial-alc-ue-en-el-marco-de-la-cumbre-celac-ue-impulsa-el-intercambio-y-la-conexion-empresarial\\\/#primaryimage\"},\"thumbnailUrl\":\"https:\\\/\\\/alinvest-verde.eu\\\/wp-content\\\/uploads\\\/2025\\\/11\\\/2b7df256-b37d-4209-8959-27e212c0f1d4-scaled.jpeg\",\"keywords\":[\"Componente 1\",\"Cumbre CELAC-UE\",\"pymes\"],\"articleSection\":[\"Actualidad\",\"Santa Marta, Colombia\"],\"inLanguage\":\"en-GB\"},{\"@type\":\"WebPage\",\"@id\":\"https:\\\/\\\/alinvest-verde.eu\\\/presencia-de-pymes-en-el-foro-empresarial-alc-ue-en-el-marco-de-la-cumbre-celac-ue-impulsa-el-intercambio-y-la-conexion-empresarial\\\/\",\"url\":\"https:\\\/\\\/alinvest-verde.eu\\\/presencia-de-pymes-en-el-foro-empresarial-alc-ue-en-el-marco-de-la-cumbre-celac-ue-impulsa-el-intercambio-y-la-conexion-empresarial\\\/\",\"name\":\"Presencia de pymes en el Foro Empresarial ALC-UE en el marco de la Cumbre CELAC-UE impulsa el intercambio y la conexi\u00f3n empresarial - Programme AL-INVEST Verde\",\"isPartOf\":{\"@id\":\"https:\\\/\\\/alinvest-verde.eu\\\/#website\"},\"primaryImageOfPage\":{\"@id\":\"https:\\\/\\\/alinvest-verde.eu\\\/presencia-de-pymes-en-el-foro-empresarial-alc-ue-en-el-marco-de-la-cumbre-celac-ue-impulsa-el-intercambio-y-la-conexion-empresarial\\\/#primaryimage\"},\"image\":{\"@id\":\"https:\\\/\\\/alinvest-verde.eu\\\/presencia-de-pymes-en-el-foro-empresarial-alc-ue-en-el-marco-de-la-cumbre-celac-ue-impulsa-el-intercambio-y-la-conexion-empresarial\\\/#primaryimage\"},\"thumbnailUrl\":\"https:\\\/\\\/alinvest-verde.eu\\\/wp-content\\\/uploads\\\/2025\\\/11\\\/2b7df256-b37d-4209-8959-27e212c0f1d4-scaled.jpeg\",\"datePublished\":\"2025-11-24T19:05:58+00:00\",\"dateModified\":\"2025-11-26T01:25:46+00:00\",\"breadcrumb\":{\"@id\":\"https:\\\/\\\/alinvest-verde.eu\\\/presencia-de-pymes-en-el-foro-empresarial-alc-ue-en-el-marco-de-la-cumbre-celac-ue-impulsa-el-intercambio-y-la-conexion-empresarial\\\/#breadcrumb\"},\"inLanguage\":\"en-GB\",\"potentialAction\":[{\"@type\":\"ReadAction\",\"target\":[\"https:\\\/\\\/alinvest-verde.eu\\\/presencia-de-pymes-en-el-foro-empresarial-alc-ue-en-el-marco-de-la-cumbre-celac-ue-impulsa-el-intercambio-y-la-conexion-empresarial\\\/\"]}]},{\"@type\":\"ImageObject\",\"inLanguage\":\"en-GB\",\"@id\":\"https:\\\/\\\/alinvest-verde.eu\\\/presencia-de-pymes-en-el-foro-empresarial-alc-ue-en-el-marco-de-la-cumbre-celac-ue-impulsa-el-intercambio-y-la-conexion-empresarial\\\/#primaryimage\",\"url\":\"https:\\\/\\\/alinvest-verde.eu\\\/wp-content\\\/uploads\\\/2025\\\/11\\\/2b7df256-b37d-4209-8959-27e212c0f1d4-scaled.jpeg\",\"contentUrl\":\"https:\\\/\\\/alinvest-verde.eu\\\/wp-content\\\/uploads\\\/2025\\\/11\\\/2b7df256-b37d-4209-8959-27e212c0f1d4-scaled.jpeg\",\"width\":2560,\"height\":1920},{\"@type\":\"BreadcrumbList\",\"@id\":\"https:\\\/\\\/alinvest-verde.eu\\\/presencia-de-pymes-en-el-foro-empresarial-alc-ue-en-el-marco-de-la-cumbre-celac-ue-impulsa-el-intercambio-y-la-conexion-empresarial\\\/#breadcrumb\",\"itemListElement\":[{\"@type\":\"ListItem\",\"position\":1,\"name\":\"Inicio\",\"item\":\"https:\\\/\\\/alinvest-verde.eu\\\/\"},{\"@type\":\"ListItem\",\"position\":2,\"name\":\"Santa Marta, Colombia\",\"item\":\"https:\\\/\\\/alinvest-verde.eu\\\/category\\\/santa-marta-colombia\\\/\"},{\"@type\":\"ListItem\",\"position\":3,\"name\":\"Presencia de pymes en el Foro Empresarial ALC-UE en el marco de la Cumbre CELAC-UE impulsa el intercambio y la conexi\u00f3n empresarial\"}]},{\"@type\":\"WebSite\",\"@id\":\"https:\\\/\\\/alinvest-verde.eu\\\/#website\",\"url\":\"https:\\\/\\\/alinvest-verde.eu\\\/\",\"name\":\"Programme AL-INVEST Verde\",\"description\":\"Building alliances with the private sector in LA and promote sustainable growth and jobs creation by supporting the transition towards a low-carbon, resource-efficient economy\",\"publisher\":{\"@id\":\"https:\\\/\\\/alinvest-verde.eu\\\/#organization\"},\"potentialAction\":[{\"@type\":\"SearchAction\",\"target\":{\"@type\":\"EntryPoint\",\"urlTemplate\":\"https:\\\/\\\/alinvest-verde.eu\\\/?s={search_term_string}\"},\"query-input\":{\"@type\":\"PropertyValueSpecification\",\"valueRequired\":true,\"valueName\":\"search_term_string\"}}],\"inLanguage\":\"en-GB\"},{\"@type\":\"Organization\",\"@id\":\"https:\\\/\\\/alinvest-verde.eu\\\/#organization\",\"name\":\"Programme AL-INVEST Verde\",\"url\":\"https:\\\/\\\/alinvest-verde.eu\\\/\",\"logo\":{\"@type\":\"ImageObject\",\"inLanguage\":\"en-GB\",\"@id\":\"https:\\\/\\\/alinvest-verde.eu\\\/#\\\/schema\\\/logo\\\/image\\\/\",\"url\":\"https:\\\/\\\/alinvest-verde.eu\\\/wp-content\\\/uploads\\\/2022\\\/01\\\/cropped-logo-financiado-por-la-UE.jpg\",\"contentUrl\":\"https:\\\/\\\/alinvest-verde.eu\\\/wp-content\\\/uploads\\\/2022\\\/01\\\/cropped-logo-financiado-por-la-UE.jpg\",\"width\":756,\"height\":216,\"caption\":\"Programme AL-INVEST Verde\"},\"image\":{\"@id\":\"https:\\\/\\\/alinvest-verde.eu\\\/#\\\/schema\\\/logo\\\/image\\\/\"}},{\"@type\":\"Person\",\"@id\":\"https:\\\/\\\/alinvest-verde.eu\\\/#\\\/schema\\\/person\\\/f18f811fbc283c4879102f4ba5f9e9cc\",\"name\":\"Malena Sousa\",\"image\":{\"@type\":\"ImageObject\",\"inLanguage\":\"en-GB\",\"@id\":\"https:\\\/\\\/secure.gravatar.com\\\/avatar\\\/74c4287a4f65459fc00b8d8be549ed384ace7d1edd2dab408eba902c46cbcab1?s=96&d=mm&r=g\",\"url\":\"https:\\\/\\\/secure.gravatar.com\\\/avatar\\\/74c4287a4f65459fc00b8d8be549ed384ace7d1edd2dab408eba902c46cbcab1?s=96&d=mm&r=g\",\"contentUrl\":\"https:\\\/\\\/secure.gravatar.com\\\/avatar\\\/74c4287a4f65459fc00b8d8be549ed384ace7d1edd2dab408eba902c46cbcab1?s=96&d=mm&r=g\",\"caption\":\"Malena Sousa\"},\"url\":\"https:\\\/\\\/alinvest-verde.eu\\\/en_gb\\\/author\\\/malena-sousa\\\/\"}]}<\/script>\n<!-- \/ Yoast SEO plugin. -->","yoast_head_json":{"title":"Presence of SMEs at the LAC-EU Business Forum within the framework of the CELAC-EU Summit promotes business exchange and connection - Programme AL-INVEST Verde","robots":{"index":"index","follow":"follow","max-snippet":"max-snippet:-1","max-image-preview":"max-image-preview:large","max-video-preview":"max-video-preview:-1"},"canonical":"https:\/\/alinvest-verde.eu\/en_gb\/presencia-de-pymes-en-el-foro-empresarial-alc-ue-en-el-marco-de-la-cumbre-celac-ue-impulsa-el-intercambio-y-la-conexion-empresarial\/","og_locale":"en_GB","og_type":"article","og_title":"Presencia de pymes en el Foro Empresarial ALC-UE en el marco de la Cumbre CELAC-UE impulsa el intercambio y la conexi\u00f3n empresarial - Programme AL-INVEST Verde","og_description":"El Componente 1 del programa AL-INVEST Verde se hizo presente en el Foro Empresarial ALC-UE, que tuvo lugar en el marco de la Cumbre UE-CELAC 2025, a trav\u00e9s de la participaci\u00f3n de sus pymes beneficiarias. Estas pymes de los sectores alimentos e industria fueron seleccionadas para asistir a este evento de alto nivel debido a [&hellip;]","og_url":"https:\/\/alinvest-verde.eu\/en_gb\/presencia-de-pymes-en-el-foro-empresarial-alc-ue-en-el-marco-de-la-cumbre-celac-ue-impulsa-el-intercambio-y-la-conexion-empresarial\/","og_site_name":"Programme AL-INVEST Verde","article_published_time":"2025-11-24T19:05:58+00:00","article_modified_time":"2025-11-26T01:25:46+00:00","og_image":[{"width":2560,"height":1920,"url":"https:\/\/alinvest-verde.eu\/wp-content\/uploads\/2025\/11\/2b7df256-b37d-4209-8959-27e212c0f1d4-scaled.jpeg","type":"image\/jpeg"}],"author":"Malena Sousa","twitter_card":"summary_large_image","twitter_misc":{"Written by":false,"Estimated reading time":"2 minutes"},"schema":{"@context":"https:\/\/schema.org","@graph":[{"@type":"Article","@id":"https:\/\/alinvest-verde.eu\/presencia-de-pymes-en-el-foro-empresarial-alc-ue-en-el-marco-de-la-cumbre-celac-ue-impulsa-el-intercambio-y-la-conexion-empresarial\/#article","isPartOf":{"@id":"https:\/\/alinvest-verde.eu\/presencia-de-pymes-en-el-foro-empresarial-alc-ue-en-el-marco-de-la-cumbre-celac-ue-impulsa-el-intercambio-y-la-conexion-empresarial\/"},"author":{"name":"Malena Sousa","@id":"https:\/\/alinvest-verde.eu\/#\/schema\/person\/f18f811fbc283c4879102f4ba5f9e9cc"},"headline":"Presencia de pymes en el Foro Empresarial ALC-UE en el marco de la Cumbre CELAC-UE impulsa el intercambio y la conexi\u00f3n empresarial","datePublished":"2025-11-24T19:05:58+00:00","dateModified":"2025-11-26T01:25:46+00:00","mainEntityOfPage":{"@id":"https:\/\/alinvest-verde.eu\/presencia-de-pymes-en-el-foro-empresarial-alc-ue-en-el-marco-de-la-cumbre-celac-ue-impulsa-el-intercambio-y-la-conexion-empresarial\/"},"wordCount":254,"publisher":{"@id":"https:\/\/alinvest-verde.eu\/#organization"},"image":{"@id":"https:\/\/alinvest-verde.eu\/presencia-de-pymes-en-el-foro-empresarial-alc-ue-en-el-marco-de-la-cumbre-celac-ue-impulsa-el-intercambio-y-la-conexion-empresarial\/#primaryimage"},"thumbnailUrl":"https:\/\/alinvest-verde.eu\/wp-content\/uploads\/2025\/11\/2b7df256-b37d-4209-8959-27e212c0f1d4-scaled.jpeg","keywords":["Componente 1","Cumbre CELAC-UE","pymes"],"articleSection":["Actualidad","Santa Marta, Colombia"],"inLanguage":"en-GB"},{"@type":"WebPage","@id":"https:\/\/alinvest-verde.eu\/presencia-de-pymes-en-el-foro-empresarial-alc-ue-en-el-marco-de-la-cumbre-celac-ue-impulsa-el-intercambio-y-la-conexion-empresarial\/","url":"https:\/\/alinvest-verde.eu\/presencia-de-pymes-en-el-foro-empresarial-alc-ue-en-el-marco-de-la-cumbre-celac-ue-impulsa-el-intercambio-y-la-conexion-empresarial\/","name":"Presence of SMEs at the LAC-EU Business Forum within the framework of the CELAC-EU Summit promotes business exchange and connection - Programme AL-INVEST Verde","isPartOf":{"@id":"https:\/\/alinvest-verde.eu\/#website"},"primaryImageOfPage":{"@id":"https:\/\/alinvest-verde.eu\/presencia-de-pymes-en-el-foro-empresarial-alc-ue-en-el-marco-de-la-cumbre-celac-ue-impulsa-el-intercambio-y-la-conexion-empresarial\/#primaryimage"},"image":{"@id":"https:\/\/alinvest-verde.eu\/presencia-de-pymes-en-el-foro-empresarial-alc-ue-en-el-marco-de-la-cumbre-celac-ue-impulsa-el-intercambio-y-la-conexion-empresarial\/#primaryimage"},"thumbnailUrl":"https:\/\/alinvest-verde.eu\/wp-content\/uploads\/2025\/11\/2b7df256-b37d-4209-8959-27e212c0f1d4-scaled.jpeg","datePublished":"2025-11-24T19:05:58+00:00","dateModified":"2025-11-26T01:25:46+00:00","breadcrumb":{"@id":"https:\/\/alinvest-verde.eu\/presencia-de-pymes-en-el-foro-empresarial-alc-ue-en-el-marco-de-la-cumbre-celac-ue-impulsa-el-intercambio-y-la-conexion-empresarial\/#breadcrumb"},"inLanguage":"en-GB","potentialAction":[{"@type":"ReadAction","target":["https:\/\/alinvest-verde.eu\/presencia-de-pymes-en-el-foro-empresarial-alc-ue-en-el-marco-de-la-cumbre-celac-ue-impulsa-el-intercambio-y-la-conexion-empresarial\/"]}]},{"@type":"ImageObject","inLanguage":"en-GB","@id":"https:\/\/alinvest-verde.eu\/presencia-de-pymes-en-el-foro-empresarial-alc-ue-en-el-marco-de-la-cumbre-celac-ue-impulsa-el-intercambio-y-la-conexion-empresarial\/#primaryimage","url":"https:\/\/alinvest-verde.eu\/wp-content\/uploads\/2025\/11\/2b7df256-b37d-4209-8959-27e212c0f1d4-scaled.jpeg","contentUrl":"https:\/\/alinvest-verde.eu\/wp-content\/uploads\/2025\/11\/2b7df256-b37d-4209-8959-27e212c0f1d4-scaled.jpeg","width":2560,"height":1920},{"@type":"BreadcrumbList","@id":"https:\/\/alinvest-verde.eu\/presencia-de-pymes-en-el-foro-empresarial-alc-ue-en-el-marco-de-la-cumbre-celac-ue-impulsa-el-intercambio-y-la-conexion-empresarial\/#breadcrumb","itemListElement":[{"@type":"ListItem","position":1,"name":"Inicio","item":"https:\/\/alinvest-verde.eu\/"},{"@type":"ListItem","position":2,"name":"Santa Marta, Colombia","item":"https:\/\/alinvest-verde.eu\/category\/santa-marta-colombia\/"},{"@type":"ListItem","position":3,"name":"Presencia de pymes en el Foro Empresarial ALC-UE en el marco de la Cumbre CELAC-UE impulsa el intercambio y la conexi\u00f3n empresarial"}]},{"@type":"WebSite","@id":"https:\/\/alinvest-verde.eu\/#website","url":"https:\/\/alinvest-verde.eu\/","name":"Programme AL-INVEST Verde","description":"Building alliances with the private sector in LA and promote sustainable growth and jobs creation by supporting the transition towards a low-carbon, resource-efficient economy","publisher":{"@id":"https:\/\/alinvest-verde.eu\/#organization"},"potentialAction":[{"@type":"SearchAction","target":{"@type":"EntryPoint","urlTemplate":"https:\/\/alinvest-verde.eu\/?s={search_term_string}"},"query-input":{"@type":"PropertyValueSpecification","valueRequired":true,"valueName":"search_term_string"}}],"inLanguage":"en-GB"},{"@type":"Organization","@id":"https:\/\/alinvest-verde.eu\/#organization","name":"Programme AL-INVEST Verde","url":"https:\/\/alinvest-verde.eu\/","logo":{"@type":"ImageObject","inLanguage":"en-GB","@id":"https:\/\/alinvest-verde.eu\/#\/schema\/logo\/image\/","url":"https:\/\/alinvest-verde.eu\/wp-content\/uploads\/2022\/01\/cropped-logo-financiado-por-la-UE.jpg","contentUrl":"https:\/\/alinvest-verde.eu\/wp-content\/uploads\/2022\/01\/cropped-logo-financiado-por-la-UE.jpg","width":756,"height":216,"caption":"Programme AL-INVEST Verde"},"image":{"@id":"https:\/\/alinvest-verde.eu\/#\/schema\/logo\/image\/"}},{"@type":"Person","@id":"https:\/\/alinvest-verde.eu\/#\/schema\/person\/f18f811fbc283c4879102f4ba5f9e9cc","name":"Malena Sousa","image":{"@type":"ImageObject","inLanguage":"en-GB","@id":"https:\/\/secure.gravatar.com\/avatar\/74c4287a4f65459fc00b8d8be549ed384ace7d1edd2dab408eba902c46cbcab1?s=96&d=mm&r=g","url":"https:\/\/secure.gravatar.com\/avatar\/74c4287a4f65459fc00b8d8be549ed384ace7d1edd2dab408eba902c46cbcab1?s=96&d=mm&r=g","contentUrl":"https:\/\/secure.gravatar.com\/avatar\/74c4287a4f65459fc00b8d8be549ed384ace7d1edd2dab408eba902c46cbcab1?s=96&d=mm&r=g","caption":"Malena Sousa"},"url":"https:\/\/alinvest-verde.eu\/en_gb\/author\/malena-sousa\/"}]}},"_links":{"self":[{"href":"https:\/\/alinvest-verde.eu\/en_gb\/wp-json\/wp\/v2\/posts\/19913","targetHints":{"allow":["GET"]}}],"collection":[{"href":"https:\/\/alinvest-verde.eu\/en_gb\/wp-json\/wp\/v2\/posts"}],"about":[{"href":"https:\/\/alinvest-verde.eu\/en_gb\/wp-json\/wp\/v2\/types\/post"}],"author":[{"embeddable":true,"href":"https:\/\/alinvest-verde.eu\/en_gb\/wp-json\/wp\/v2\/users\/4"}],"replies":[{"embeddable":true,"href":"https:\/\/alinvest-verde.eu\/en_gb\/wp-json\/wp\/v2\/comments?post=19913"}],"version-history":[{"count":3,"href":"https:\/\/alinvest-verde.eu\/en_gb\/wp-json\/wp\/v2\/posts\/19913\/revisions"}],"predecessor-version":[{"id":19964,"href":"https:\/\/alinvest-verde.eu\/en_gb\/wp-json\/wp\/v2\/posts\/19913\/revisions\/19964"}],"wp:featuredmedia":[{"embeddable":true,"href":"https:\/\/alinvest-verde.eu\/en_gb\/wp-json\/wp\/v2\/media\/19960"}],"wp:attachment":[{"href":"https:\/\/alinvest-verde.eu\/en_gb\/wp-json\/wp\/v2\/media?parent=19913"}],"wp:term":[{"taxonomy":"category","embeddable":true,"href":"https:\/\/alinvest-verde.eu\/en_gb\/wp-json\/wp\/v2\/categories?post=19913"},{"taxonomy":"post_tag","embeddable":true,"href":"https:\/\/alinvest-verde.eu\/en_gb\/wp-json\/wp\/v2\/tags?post=19913"}],"curies":[{"name":"wp","href":"https:\/\/api.w.org\/{rel}","templated":true}]}}