{"id":21873,"date":"2026-08-31T13:39:01","date_gmt":"2026-08-31T11:39:01","guid":{"rendered":"https:\/\/alinvest-verde.eu\/?p=21873"},"modified":"2026-08-31T13:39:03","modified_gmt":"2026-08-31T11:39:03","slug":"conexionverde-reune-en-bruselas-a-mas-de-200-representantes-de-europa-y-america-latina-para-reforzar-las-alianzas-y-consolidar-el-legado-de-al-invest-verde","status":"publish","type":"post","link":"https:\/\/alinvest-verde.eu\/en_gb\/conexionverde-reune-en-bruselas-a-mas-de-200-representantes-de-europa-y-america-latina-para-reforzar-las-alianzas-y-consolidar-el-legado-de-al-invest-verde\/","title":{"rendered":"CONEXI\u00d3NVerde+ brings together more than 200 representatives from Europe and Latin America in Brussels to strengthen partnerships and consolidate the legacy of AL-INVEST Verde\u00a0"},"content":{"rendered":"<p class=\"wp-block-paragraph\">More than 200 representatives from governments, business organisations, companies, bodies and institutions in Latin America and the European Union took part in #CONEXI\u00d3NVerde, the annual event of the AL-INVEST Verde programme, held in Brussels (Belgium) from 16 to 18 June. This year\u2019s event, conceived as a closing ceremony, focused on reflecting on the programme\u2019s legacy and on strengthening the partnerships needed to ensure the continuity of the results achieved in sustainability, innovation and economic development.&nbsp;<\/p>\n\n\n\n<p class=\"wp-block-paragraph\">The event was structured around high-level sessions, thematic panels and strategic dialogues, with the aim of consolidating lessons learnt and fostering new synergies to drive progress in the areas of employment, sustainable competitiveness and&nbsp;<s>the<\/s>&nbsp;green transition in Latin America.&nbsp;<\/p>\n\n\n\n<p class=\"wp-block-paragraph\">On the first day, 16 June, the parallel sessions focused on supporting the private sector and strengthening the public sector. On the second day, 17 June, a plenary session presented the programme\u2019s results and legacy, as well as the challenges to be addressed, whilst acknowledging the key stakeholders who contributed to its success. The third day, 18 June, was devoted to a number of field visits designed to deepen understanding of European practices and strengthen the\u00a0<em>networking<\/em>\u00a0among the participants.\u00a0<\/p>\n\n\n\n<p class=\"wp-block-paragraph\">During the plenary session, entitled \u201cThe legacy of AL-INVEST Verde: from experience to continuity\u201d, officials from the European Commission, government representatives and private-sector stakeholders from Latin America, as well as the organisations responsible for implementing the programme, analysed the progress made and the role of bi-regional cooperation in driving the transition towards more sustainable, resilient and competitive production models.&nbsp;<\/p>\n\n\n\n<p class=\"wp-block-paragraph\">The event was opened by Mr F\u00e9lix Fern\u00e1ndez Shaw, Director for Latin America and the Caribbean at the European Commission\u2019s Directorate-General for International Partnerships (DG INTPA), who emphasised the importance of strengthening the relationship between the two regions:&nbsp;<em>\u201cIt is a partnership that must continue to grow stronger, as it embodies the values of sustainability that we would like to see reflected throughout the world\u201d<\/em>.&nbsp;<\/p>\n\n\n\n<p class=\"wp-block-paragraph\">Government representatives from Latin America also took the floor. Mr Gustavo Gim\u00e9nez Fern\u00e1ndez, Deputy Minister for MSMEs at the Paraguayan Ministry of Industry and Trade, emphasised the need for&nbsp;<em>\u201cSustainability should be a gateway for our micro, small and medium-sized enterprises, not a barrier\u201d<\/em>. For his part, Mr Jorge Luis S\u00e1enz Rabanal, Deputy Minister for Agrarian Development Policy and Oversight at Peru\u2019s Ministry of Agrarian Development and Irrigation (MIDAGRI), stated that&nbsp;<em>\u201cFor Peru, the sustainability of agro-export supply chains is a strategic priority\u201d<\/em>&nbsp;and emphasised that&nbsp;<em>\u201cThe European Union is a key strategic partner for the country\u201d<\/em>.&nbsp;<\/p>\n\n\n\n<p class=\"wp-block-paragraph\">Mr Ren\u00e9 Vossen, managing director of&nbsp;<em>sequa<\/em>; Mr Francisco Tierraseca, Director of FIAP; and Mr Gianandrea Rossi, Executive Director of IILA, also spoke on behalf of the three institutions implementing the programme\u2019s support for the private and public sectors. Mr Vossen emphasised that&nbsp;<em>\u201cAL-INVEST Verde is not just a programme, but a partnership\u201d<\/em>, whilst Mr Tierraseca highlighted the programme\u2019s support for&nbsp;<em>\u201cpublic policies that have a real impact in the countries we work with\u201d<\/em>. Mr Rossi highlighted the challenge of&nbsp;<em>\u201cto produce more and better whilst respecting the environment\u201d<\/em>&nbsp;and noted that this agenda is fully integrated into IILA\u2019s areas of work. These contributions reinforced the programme\u2019s focus on institutional cooperation and the shared commitment to promoting sustainable production.&nbsp;&nbsp;<\/p>\n\n\n\n<p class=\"wp-block-paragraph\">The results were presented by Mr Frank Summa, Director of the Private Sector Support Component (SEQUA); Mr Emilio Calvo, Director of the Public Sector Support Component (FIAP); and Mr Andrea Monaco, programme team leader at IILA. They all highlighted the programme\u2019s key achievements and its contribution to sustainability, business competitiveness and public policy in Latin America.<\/p>\n\n\n\n<p class=\"wp-block-paragraph\">The agenda also included strategic discussions on strengthening sustainable and innovative value chains, the use of digital tools to support sustainable production, and the potential for scaling up the initiatives developed under the programme. Experts and representatives from Argentina, Brazil, Chile, Colombia, Ecuador, El Salvador, Paraguay, Peru and Uruguay shared their experiences regarding traceability, certification, international trade, corporate sustainability and digital transformation.&nbsp;<\/p>\n\n\n\n<p class=\"wp-block-paragraph\">Companies, business organisations and international bodies also examined the challenges and opportunities of the green transition in the private sector, highlighting the importance of cooperation between the European Union and Latin America in accelerating the adoption of sustainable production models. Successful initiatives developed under AL-INVEST Verde were presented, demonstrating concrete results in innovation, business strengthening and market access.&nbsp;<\/p>\n\n\n\n<p class=\"wp-block-paragraph\">The participants agreed that the progress made in recent years provides a solid foundation for moving towards more resilient, inclusive and sustainable value chains. The plenary session concluded with a call to strengthen strategic partnerships, expand opportunities for cooperation and ensure the continuity of the initiatives promoted by AL-INVEST Verde beyond 2026.&nbsp;<\/p>\n\n\n\n<p class=\"wp-block-paragraph\"><strong>Notable achievements in sustainability and traceability in Latin America<\/strong>&nbsp;<\/p>\n\n\n\n<p class=\"wp-block-paragraph\">In the area of support for the private sector, the programme has benefited more than 80,000 Latin American MSMEs through 71 projects carried out in 15 countries, promoting the adoption of sustainable practices, circular economy models, digitalisation and low-carbon production. Furthermore, it has helped to consolidate a network of more than 200 Latin American and European institutions, strengthening business cooperation and the exchange of knowledge to drive the green transition.&nbsp;<\/p>\n\n\n\n<p class=\"wp-block-paragraph\">To date, more than 20,600 companies have adopted new sustainable business practices, and more than 12,100 MSMEs report savings in resources such as water, energy, fuel and materials. As job creation is one of the programme\u2019s main objectives, nearly 20,000 green and digital jobs have been created or strengthened \u2014 50% of them for women \u2014 thanks to the programme\u2019s interventions.&nbsp;<\/p>\n\n\n\n<p class=\"wp-block-paragraph\">In the area of support for the public sector, work has been carried out in nine Latin American countries to strengthen traceability systems, improve the management of production data and facilitate adaptation to new sustainability and zero-deforestation requirements. Key results include the launch of nine public traceability platforms, the certification of 1,969 trainers, the georeferencing and registration of 26,411 agricultural parcels, and the integration of 1.2 million hectares of forest plantations.\u00a0In addition, 91,791 deforestation analyses were carried out in relation to soya and beef supply chains in Argentina, and 30,460 economic operators in Peru, Argentina and Ecuador were briefed on the European Union Deforestation Regulation (EUDR) and the use of traceability platforms.&nbsp;<\/p>\n\n\n\n<p class=\"wp-block-paragraph\">The programme also organised 22 bi-regional dialogues focusing on six strategic value chains, involving 3,493 representatives from 38 countries and five EUDR officials, thereby strengthening opportunities for exchange and cooperation between Latin America and the European Union with a view to promoting more sustainable and resilient agri-food value chains.&nbsp;<\/p>\n\n\n\n<p class=\"wp-block-paragraph\"><strong>About AL-INVEST Verde<\/strong>&nbsp;<\/p>\n\n\n\n<p class=\"wp-block-paragraph\">AL-INVEST Verde is a European Union programme whose main objective is to promote sustainable growth and job creation in Latin America by supporting the transition to a low-carbon, resource-efficient and more circular economy.&nbsp;<\/p>\n\n\n\n<p class=\"wp-block-paragraph\">The programme works with the private sector, public authorities and intellectual property organisations to build capacity, drive innovation, promote sustainable value chains and foster frameworks that support sustainable economic development in the region.<\/p>\n\n\n\n<p class=\"wp-block-paragraph\">AL-INVEST Verde is a key pillar of the Global Gateway strategy and illustrates how the European Union translates its vision into concrete actions through partnerships that drive sustainable development and responsible economic growth in Latin America.\u00a0<\/p>\n\n\n\n<p class=\"wp-block-paragraph\"><\/p>","protected":false},"excerpt":{"rendered":"<p>M\u00e1s de 200 representantes de gobiernos, organizaciones empresariales, empresas, organismos e instituciones de Am\u00e9rica Latina y la Uni\u00f3n Europea participaron en #CONEXI\u00d3NVerde, el evento anual del programa AL-INVEST Verde, celebrado en Bruselas (B\u00e9lgica) del 16 al 18 de junio. Esta edici\u00f3n, concebida como un evento de clausura, se centr\u00f3 en reflexionar sobre el legado del [&hellip;]<\/p>\n","protected":false},"author":6,"featured_media":21457,"comment_status":"closed","ping_status":"closed","sticky":false,"template":"","format":"standard","meta":{"footnotes":""},"categories":[24,1,159],"tags":[],"class_list":["post-21873","post","type-post","status-publish","format-standard","has-post-thumbnail","hentry","category-actualidad","category-allgemein","category-belgica-bruselas"],"yoast_head":"<!-- This site is optimized with the Yoast SEO plugin v28.3 - https:\/\/yoast.com\/product\/yoast-seo-wordpress\/ -->\n<title>CONEXI\u00d3NVerde+ re\u00fane en Bruselas a m\u00e1s de 200 representantes de Europa y Am\u00e9rica Latina para reforzar las alianzas y consolidar el legado de AL-INVEST Verde\u00a0 - Programme AL-INVEST Verde<\/title>\n<meta name=\"robots\" content=\"index, follow, max-snippet:-1, max-image-preview:large, max-video-preview:-1\" \/>\n<link rel=\"canonical\" href=\"https:\/\/alinvest-verde.eu\/en_gb\/conexionverde-reune-en-bruselas-a-mas-de-200-representantes-de-europa-y-america-latina-para-reforzar-las-alianzas-y-consolidar-el-legado-de-al-invest-verde\/\" \/>\n<meta property=\"og:locale\" content=\"en_GB\" \/>\n<meta property=\"og:type\" content=\"article\" \/>\n<meta property=\"og:title\" content=\"CONEXI\u00d3NVerde+ re\u00fane en Bruselas a m\u00e1s de 200 representantes de Europa y Am\u00e9rica Latina para reforzar las alianzas y consolidar el legado de AL-INVEST Verde\u00a0 - Programme AL-INVEST Verde\" \/>\n<meta property=\"og:description\" content=\"M\u00e1s de 200 representantes de gobiernos, organizaciones empresariales, empresas, organismos e instituciones de Am\u00e9rica Latina y la Uni\u00f3n Europea participaron en #CONEXI\u00d3NVerde, el evento anual del programa AL-INVEST Verde, celebrado en Bruselas (B\u00e9lgica) del 16 al 18 de junio. Esta edici\u00f3n, concebida como un evento de clausura, se centr\u00f3 en reflexionar sobre el legado del [&hellip;]\" \/>\n<meta property=\"og:url\" content=\"https:\/\/alinvest-verde.eu\/en_gb\/conexionverde-reune-en-bruselas-a-mas-de-200-representantes-de-europa-y-america-latina-para-reforzar-las-alianzas-y-consolidar-el-legado-de-al-invest-verde\/\" \/>\n<meta property=\"og:site_name\" content=\"Programme AL-INVEST Verde\" \/>\n<meta property=\"article:published_time\" content=\"2026-08-31T11:39:01+00:00\" \/>\n<meta property=\"article:modified_time\" content=\"2026-08-31T11:39:03+00:00\" \/>\n<meta property=\"og:image\" content=\"https:\/\/alinvest-verde.eu\/wp-content\/uploads\/V10_FINAL_Fondo_de_pantalla_ES-scaled.jpg\" \/>\n\t<meta property=\"og:image:width\" content=\"2560\" \/>\n\t<meta property=\"og:image:height\" content=\"1440\" \/>\n\t<meta property=\"og:image:type\" content=\"image\/jpeg\" \/>\n<meta name=\"author\" content=\"Azucena Garc\u00eda\" \/>\n<meta name=\"twitter:card\" content=\"summary_large_image\" \/>\n<meta name=\"twitter:creator\" content=\"@Frank Summa\" \/>\n<meta name=\"twitter:label1\" content=\"Written by\" \/>\n\t<meta name=\"twitter:data1\" content=\"\" \/>\n\t<meta name=\"twitter:label2\" content=\"Estimated reading time\" \/>\n\t<meta name=\"twitter:data2\" content=\"7 minutes\" \/>\n<script type=\"application\/ld+json\" class=\"yoast-schema-graph\">{\"@context\":\"https:\\\/\\\/schema.org\",\"@graph\":[{\"@type\":\"Article\",\"@id\":\"https:\\\/\\\/alinvest-verde.eu\\\/conexionverde-reune-en-bruselas-a-mas-de-200-representantes-de-europa-y-america-latina-para-reforzar-las-alianzas-y-consolidar-el-legado-de-al-invest-verde\\\/#article\",\"isPartOf\":{\"@id\":\"https:\\\/\\\/alinvest-verde.eu\\\/conexionverde-reune-en-bruselas-a-mas-de-200-representantes-de-europa-y-america-latina-para-reforzar-las-alianzas-y-consolidar-el-legado-de-al-invest-verde\\\/\"},\"author\":{\"name\":\"Azucena Garc\u00eda\",\"@id\":\"https:\\\/\\\/alinvest-verde.eu\\\/#\\\/schema\\\/person\\\/8804ec49772ba377829838bc11b6aa6b\"},\"headline\":\"CONEXI\u00d3NVerde+ re\u00fane en Bruselas a m\u00e1s de 200 representantes de Europa y Am\u00e9rica Latina para reforzar las alianzas y consolidar el legado de AL-INVEST Verde\u00a0\",\"datePublished\":\"2026-08-31T11:39:01+00:00\",\"dateModified\":\"2026-08-31T11:39:03+00:00\",\"mainEntityOfPage\":{\"@id\":\"https:\\\/\\\/alinvest-verde.eu\\\/conexionverde-reune-en-bruselas-a-mas-de-200-representantes-de-europa-y-america-latina-para-reforzar-las-alianzas-y-consolidar-el-legado-de-al-invest-verde\\\/\"},\"wordCount\":1492,\"publisher\":{\"@id\":\"https:\\\/\\\/alinvest-verde.eu\\\/#organization\"},\"image\":{\"@id\":\"https:\\\/\\\/alinvest-verde.eu\\\/conexionverde-reune-en-bruselas-a-mas-de-200-representantes-de-europa-y-america-latina-para-reforzar-las-alianzas-y-consolidar-el-legado-de-al-invest-verde\\\/#primaryimage\"},\"thumbnailUrl\":\"https:\\\/\\\/alinvest-verde.eu\\\/wp-content\\\/uploads\\\/V10_FINAL_Fondo_de_pantalla_ES-scaled.jpg\",\"articleSection\":[\"Actualidad\",\"Allgemein\",\"B\u00e9lgica, Bruselas\"],\"inLanguage\":\"en-GB\"},{\"@type\":\"WebPage\",\"@id\":\"https:\\\/\\\/alinvest-verde.eu\\\/conexionverde-reune-en-bruselas-a-mas-de-200-representantes-de-europa-y-america-latina-para-reforzar-las-alianzas-y-consolidar-el-legado-de-al-invest-verde\\\/\",\"url\":\"https:\\\/\\\/alinvest-verde.eu\\\/conexionverde-reune-en-bruselas-a-mas-de-200-representantes-de-europa-y-america-latina-para-reforzar-las-alianzas-y-consolidar-el-legado-de-al-invest-verde\\\/\",\"name\":\"CONEXI\u00d3NVerde+ re\u00fane en Bruselas a m\u00e1s de 200 representantes de Europa y Am\u00e9rica Latina para reforzar las alianzas y consolidar el legado de AL-INVEST Verde\u00a0 - Programme AL-INVEST Verde\",\"isPartOf\":{\"@id\":\"https:\\\/\\\/alinvest-verde.eu\\\/#website\"},\"primaryImageOfPage\":{\"@id\":\"https:\\\/\\\/alinvest-verde.eu\\\/conexionverde-reune-en-bruselas-a-mas-de-200-representantes-de-europa-y-america-latina-para-reforzar-las-alianzas-y-consolidar-el-legado-de-al-invest-verde\\\/#primaryimage\"},\"image\":{\"@id\":\"https:\\\/\\\/alinvest-verde.eu\\\/conexionverde-reune-en-bruselas-a-mas-de-200-representantes-de-europa-y-america-latina-para-reforzar-las-alianzas-y-consolidar-el-legado-de-al-invest-verde\\\/#primaryimage\"},\"thumbnailUrl\":\"https:\\\/\\\/alinvest-verde.eu\\\/wp-content\\\/uploads\\\/V10_FINAL_Fondo_de_pantalla_ES-scaled.jpg\",\"datePublished\":\"2026-08-31T11:39:01+00:00\",\"dateModified\":\"2026-08-31T11:39:03+00:00\",\"breadcrumb\":{\"@id\":\"https:\\\/\\\/alinvest-verde.eu\\\/conexionverde-reune-en-bruselas-a-mas-de-200-representantes-de-europa-y-america-latina-para-reforzar-las-alianzas-y-consolidar-el-legado-de-al-invest-verde\\\/#breadcrumb\"},\"inLanguage\":\"en-GB\",\"potentialAction\":[{\"@type\":\"ReadAction\",\"target\":[\"https:\\\/\\\/alinvest-verde.eu\\\/conexionverde-reune-en-bruselas-a-mas-de-200-representantes-de-europa-y-america-latina-para-reforzar-las-alianzas-y-consolidar-el-legado-de-al-invest-verde\\\/\"]}]},{\"@type\":\"ImageObject\",\"inLanguage\":\"en-GB\",\"@id\":\"https:\\\/\\\/alinvest-verde.eu\\\/conexionverde-reune-en-bruselas-a-mas-de-200-representantes-de-europa-y-america-latina-para-reforzar-las-alianzas-y-consolidar-el-legado-de-al-invest-verde\\\/#primaryimage\",\"url\":\"https:\\\/\\\/alinvest-verde.eu\\\/wp-content\\\/uploads\\\/V10_FINAL_Fondo_de_pantalla_ES-scaled.jpg\",\"contentUrl\":\"https:\\\/\\\/alinvest-verde.eu\\\/wp-content\\\/uploads\\\/V10_FINAL_Fondo_de_pantalla_ES-scaled.jpg\",\"width\":2560,\"height\":1440},{\"@type\":\"BreadcrumbList\",\"@id\":\"https:\\\/\\\/alinvest-verde.eu\\\/conexionverde-reune-en-bruselas-a-mas-de-200-representantes-de-europa-y-america-latina-para-reforzar-las-alianzas-y-consolidar-el-legado-de-al-invest-verde\\\/#breadcrumb\",\"itemListElement\":[{\"@type\":\"ListItem\",\"position\":1,\"name\":\"Inicio\",\"item\":\"https:\\\/\\\/alinvest-verde.eu\\\/\"},{\"@type\":\"ListItem\",\"position\":2,\"name\":\"Actualidad\",\"item\":\"https:\\\/\\\/alinvest-verde.eu\\\/category\\\/actualidad\\\/\"},{\"@type\":\"ListItem\",\"position\":3,\"name\":\"CONEXI\u00d3NVerde+ re\u00fane en Bruselas a m\u00e1s de 200 representantes de Europa y Am\u00e9rica Latina para reforzar las alianzas y consolidar el legado de AL-INVEST Verde\u00a0\"}]},{\"@type\":\"WebSite\",\"@id\":\"https:\\\/\\\/alinvest-verde.eu\\\/#website\",\"url\":\"https:\\\/\\\/alinvest-verde.eu\\\/\",\"name\":\"Programme AL-INVEST Verde\",\"description\":\"Building alliances with the private sector in LA and promote sustainable growth and jobs creation by supporting the transition towards a low-carbon, resource-efficient economy\",\"publisher\":{\"@id\":\"https:\\\/\\\/alinvest-verde.eu\\\/#organization\"},\"potentialAction\":[{\"@type\":\"SearchAction\",\"target\":{\"@type\":\"EntryPoint\",\"urlTemplate\":\"https:\\\/\\\/alinvest-verde.eu\\\/?s={search_term_string}\"},\"query-input\":{\"@type\":\"PropertyValueSpecification\",\"valueRequired\":true,\"valueName\":\"search_term_string\"}}],\"inLanguage\":\"en-GB\"},{\"@type\":\"Organization\",\"@id\":\"https:\\\/\\\/alinvest-verde.eu\\\/#organization\",\"name\":\"Programme AL-INVEST Verde\",\"url\":\"https:\\\/\\\/alinvest-verde.eu\\\/\",\"logo\":{\"@type\":\"ImageObject\",\"inLanguage\":\"en-GB\",\"@id\":\"https:\\\/\\\/alinvest-verde.eu\\\/#\\\/schema\\\/logo\\\/image\\\/\",\"url\":\"https:\\\/\\\/alinvest-verde.eu\\\/wp-content\\\/uploads\\\/2022\\\/01\\\/cropped-logo-financiado-por-la-UE.jpg\",\"contentUrl\":\"https:\\\/\\\/alinvest-verde.eu\\\/wp-content\\\/uploads\\\/2022\\\/01\\\/cropped-logo-financiado-por-la-UE.jpg\",\"width\":756,\"height\":216,\"caption\":\"Programme AL-INVEST Verde\"},\"image\":{\"@id\":\"https:\\\/\\\/alinvest-verde.eu\\\/#\\\/schema\\\/logo\\\/image\\\/\"}},{\"@type\":\"Person\",\"@id\":\"https:\\\/\\\/alinvest-verde.eu\\\/#\\\/schema\\\/person\\\/8804ec49772ba377829838bc11b6aa6b\",\"name\":\"Azucena Garc\u00eda\",\"image\":{\"@type\":\"ImageObject\",\"inLanguage\":\"en-GB\",\"@id\":\"https:\\\/\\\/secure.gravatar.com\\\/avatar\\\/fc4d91c562d3c4ac55cafd2f4ae4ebd513d2304b007a5c8d4f2d8543edeb9d79?s=96&d=mm&r=g\",\"url\":\"https:\\\/\\\/secure.gravatar.com\\\/avatar\\\/fc4d91c562d3c4ac55cafd2f4ae4ebd513d2304b007a5c8d4f2d8543edeb9d79?s=96&d=mm&r=g\",\"contentUrl\":\"https:\\\/\\\/secure.gravatar.com\\\/avatar\\\/fc4d91c562d3c4ac55cafd2f4ae4ebd513d2304b007a5c8d4f2d8543edeb9d79?s=96&d=mm&r=g\",\"caption\":\"Azucena Garc\u00eda\"},\"sameAs\":[\"https:\\\/\\\/x.com\\\/Frank Summa\"],\"url\":\"https:\\\/\\\/alinvest-verde.eu\\\/en_gb\\\/author\\\/azucena-garcia\\\/\"}]}<\/script>\n<!-- \/ Yoast SEO plugin. -->","yoast_head_json":{"title":"CONEXI\u00d3NVerde+ brings together more than 200 representatives from Europe and Latin America in Brussels to strengthen partnerships and consolidate the legacy of AL-INVEST Verde  - AL-INVEST Verde Programme","robots":{"index":"index","follow":"follow","max-snippet":"max-snippet:-1","max-image-preview":"max-image-preview:large","max-video-preview":"max-video-preview:-1"},"canonical":"https:\/\/alinvest-verde.eu\/en_gb\/conexionverde-reune-en-bruselas-a-mas-de-200-representantes-de-europa-y-america-latina-para-reforzar-las-alianzas-y-consolidar-el-legado-de-al-invest-verde\/","og_locale":"en_GB","og_type":"article","og_title":"CONEXI\u00d3NVerde+ re\u00fane en Bruselas a m\u00e1s de 200 representantes de Europa y Am\u00e9rica Latina para reforzar las alianzas y consolidar el legado de AL-INVEST Verde\u00a0 - Programme AL-INVEST Verde","og_description":"M\u00e1s de 200 representantes de gobiernos, organizaciones empresariales, empresas, organismos e instituciones de Am\u00e9rica Latina y la Uni\u00f3n Europea participaron en #CONEXI\u00d3NVerde, el evento anual del programa AL-INVEST Verde, celebrado en Bruselas (B\u00e9lgica) del 16 al 18 de junio. Esta edici\u00f3n, concebida como un evento de clausura, se centr\u00f3 en reflexionar sobre el legado del [&hellip;]","og_url":"https:\/\/alinvest-verde.eu\/en_gb\/conexionverde-reune-en-bruselas-a-mas-de-200-representantes-de-europa-y-america-latina-para-reforzar-las-alianzas-y-consolidar-el-legado-de-al-invest-verde\/","og_site_name":"Programme AL-INVEST Verde","article_published_time":"2026-08-31T11:39:01+00:00","article_modified_time":"2026-08-31T11:39:03+00:00","og_image":[{"width":2560,"height":1440,"url":"https:\/\/alinvest-verde.eu\/wp-content\/uploads\/V10_FINAL_Fondo_de_pantalla_ES-scaled.jpg","type":"image\/jpeg"}],"author":"Azucena Garc\u00eda","twitter_card":"summary_large_image","twitter_creator":"@Frank Summa","twitter_misc":{"Written by":false,"Estimated reading time":"7 minutes"},"schema":{"@context":"https:\/\/schema.org","@graph":[{"@type":"Article","@id":"https:\/\/alinvest-verde.eu\/conexionverde-reune-en-bruselas-a-mas-de-200-representantes-de-europa-y-america-latina-para-reforzar-las-alianzas-y-consolidar-el-legado-de-al-invest-verde\/#article","isPartOf":{"@id":"https:\/\/alinvest-verde.eu\/conexionverde-reune-en-bruselas-a-mas-de-200-representantes-de-europa-y-america-latina-para-reforzar-las-alianzas-y-consolidar-el-legado-de-al-invest-verde\/"},"author":{"name":"Azucena Garc\u00eda","@id":"https:\/\/alinvest-verde.eu\/#\/schema\/person\/8804ec49772ba377829838bc11b6aa6b"},"headline":"CONEXI\u00d3NVerde+ re\u00fane en Bruselas a m\u00e1s de 200 representantes de Europa y Am\u00e9rica Latina para reforzar las alianzas y consolidar el legado de AL-INVEST Verde\u00a0","datePublished":"2026-08-31T11:39:01+00:00","dateModified":"2026-08-31T11:39:03+00:00","mainEntityOfPage":{"@id":"https:\/\/alinvest-verde.eu\/conexionverde-reune-en-bruselas-a-mas-de-200-representantes-de-europa-y-america-latina-para-reforzar-las-alianzas-y-consolidar-el-legado-de-al-invest-verde\/"},"wordCount":1492,"publisher":{"@id":"https:\/\/alinvest-verde.eu\/#organization"},"image":{"@id":"https:\/\/alinvest-verde.eu\/conexionverde-reune-en-bruselas-a-mas-de-200-representantes-de-europa-y-america-latina-para-reforzar-las-alianzas-y-consolidar-el-legado-de-al-invest-verde\/#primaryimage"},"thumbnailUrl":"https:\/\/alinvest-verde.eu\/wp-content\/uploads\/V10_FINAL_Fondo_de_pantalla_ES-scaled.jpg","articleSection":["Actualidad","Allgemein","B\u00e9lgica, Bruselas"],"inLanguage":"en-GB"},{"@type":"WebPage","@id":"https:\/\/alinvest-verde.eu\/conexionverde-reune-en-bruselas-a-mas-de-200-representantes-de-europa-y-america-latina-para-reforzar-las-alianzas-y-consolidar-el-legado-de-al-invest-verde\/","url":"https:\/\/alinvest-verde.eu\/conexionverde-reune-en-bruselas-a-mas-de-200-representantes-de-europa-y-america-latina-para-reforzar-las-alianzas-y-consolidar-el-legado-de-al-invest-verde\/","name":"CONEXI\u00d3NVerde+ brings together more than 200 representatives from Europe and Latin America in Brussels to strengthen partnerships and consolidate the legacy of AL-INVEST Verde  - AL-INVEST Verde Programme","isPartOf":{"@id":"https:\/\/alinvest-verde.eu\/#website"},"primaryImageOfPage":{"@id":"https:\/\/alinvest-verde.eu\/conexionverde-reune-en-bruselas-a-mas-de-200-representantes-de-europa-y-america-latina-para-reforzar-las-alianzas-y-consolidar-el-legado-de-al-invest-verde\/#primaryimage"},"image":{"@id":"https:\/\/alinvest-verde.eu\/conexionverde-reune-en-bruselas-a-mas-de-200-representantes-de-europa-y-america-latina-para-reforzar-las-alianzas-y-consolidar-el-legado-de-al-invest-verde\/#primaryimage"},"thumbnailUrl":"https:\/\/alinvest-verde.eu\/wp-content\/uploads\/V10_FINAL_Fondo_de_pantalla_ES-scaled.jpg","datePublished":"2026-08-31T11:39:01+00:00","dateModified":"2026-08-31T11:39:03+00:00","breadcrumb":{"@id":"https:\/\/alinvest-verde.eu\/conexionverde-reune-en-bruselas-a-mas-de-200-representantes-de-europa-y-america-latina-para-reforzar-las-alianzas-y-consolidar-el-legado-de-al-invest-verde\/#breadcrumb"},"inLanguage":"en-GB","potentialAction":[{"@type":"ReadAction","target":["https:\/\/alinvest-verde.eu\/conexionverde-reune-en-bruselas-a-mas-de-200-representantes-de-europa-y-america-latina-para-reforzar-las-alianzas-y-consolidar-el-legado-de-al-invest-verde\/"]}]},{"@type":"ImageObject","inLanguage":"en-GB","@id":"https:\/\/alinvest-verde.eu\/conexionverde-reune-en-bruselas-a-mas-de-200-representantes-de-europa-y-america-latina-para-reforzar-las-alianzas-y-consolidar-el-legado-de-al-invest-verde\/#primaryimage","url":"https:\/\/alinvest-verde.eu\/wp-content\/uploads\/V10_FINAL_Fondo_de_pantalla_ES-scaled.jpg","contentUrl":"https:\/\/alinvest-verde.eu\/wp-content\/uploads\/V10_FINAL_Fondo_de_pantalla_ES-scaled.jpg","width":2560,"height":1440},{"@type":"BreadcrumbList","@id":"https:\/\/alinvest-verde.eu\/conexionverde-reune-en-bruselas-a-mas-de-200-representantes-de-europa-y-america-latina-para-reforzar-las-alianzas-y-consolidar-el-legado-de-al-invest-verde\/#breadcrumb","itemListElement":[{"@type":"ListItem","position":1,"name":"Inicio","item":"https:\/\/alinvest-verde.eu\/"},{"@type":"ListItem","position":2,"name":"Actualidad","item":"https:\/\/alinvest-verde.eu\/category\/actualidad\/"},{"@type":"ListItem","position":3,"name":"CONEXI\u00d3NVerde+ re\u00fane en Bruselas a m\u00e1s de 200 representantes de Europa y Am\u00e9rica Latina para reforzar las alianzas y consolidar el legado de AL-INVEST Verde\u00a0"}]},{"@type":"WebSite","@id":"https:\/\/alinvest-verde.eu\/#website","url":"https:\/\/alinvest-verde.eu\/","name":"Programme AL-INVEST Verde","description":"Building alliances with the private sector in LA and promote sustainable growth and jobs creation by supporting the transition towards a low-carbon, resource-efficient economy","publisher":{"@id":"https:\/\/alinvest-verde.eu\/#organization"},"potentialAction":[{"@type":"SearchAction","target":{"@type":"EntryPoint","urlTemplate":"https:\/\/alinvest-verde.eu\/?s={search_term_string}"},"query-input":{"@type":"PropertyValueSpecification","valueRequired":true,"valueName":"search_term_string"}}],"inLanguage":"en-GB"},{"@type":"Organization","@id":"https:\/\/alinvest-verde.eu\/#organization","name":"Programme AL-INVEST Verde","url":"https:\/\/alinvest-verde.eu\/","logo":{"@type":"ImageObject","inLanguage":"en-GB","@id":"https:\/\/alinvest-verde.eu\/#\/schema\/logo\/image\/","url":"https:\/\/alinvest-verde.eu\/wp-content\/uploads\/2022\/01\/cropped-logo-financiado-por-la-UE.jpg","contentUrl":"https:\/\/alinvest-verde.eu\/wp-content\/uploads\/2022\/01\/cropped-logo-financiado-por-la-UE.jpg","width":756,"height":216,"caption":"Programme AL-INVEST Verde"},"image":{"@id":"https:\/\/alinvest-verde.eu\/#\/schema\/logo\/image\/"}},{"@type":"Person","@id":"https:\/\/alinvest-verde.eu\/#\/schema\/person\/8804ec49772ba377829838bc11b6aa6b","name":"Azucena Garcia","image":{"@type":"ImageObject","inLanguage":"en-GB","@id":"https:\/\/secure.gravatar.com\/avatar\/fc4d91c562d3c4ac55cafd2f4ae4ebd513d2304b007a5c8d4f2d8543edeb9d79?s=96&d=mm&r=g","url":"https:\/\/secure.gravatar.com\/avatar\/fc4d91c562d3c4ac55cafd2f4ae4ebd513d2304b007a5c8d4f2d8543edeb9d79?s=96&d=mm&r=g","contentUrl":"https:\/\/secure.gravatar.com\/avatar\/fc4d91c562d3c4ac55cafd2f4ae4ebd513d2304b007a5c8d4f2d8543edeb9d79?s=96&d=mm&r=g","caption":"Azucena Garc\u00eda"},"sameAs":["https:\/\/x.com\/Frank Summa"],"url":"https:\/\/alinvest-verde.eu\/en_gb\/author\/azucena-garcia\/"}]}},"_links":{"self":[{"href":"https:\/\/alinvest-verde.eu\/en_gb\/wp-json\/wp\/v2\/posts\/21873","targetHints":{"allow":["GET"]}}],"collection":[{"href":"https:\/\/alinvest-verde.eu\/en_gb\/wp-json\/wp\/v2\/posts"}],"about":[{"href":"https:\/\/alinvest-verde.eu\/en_gb\/wp-json\/wp\/v2\/types\/post"}],"author":[{"embeddable":true,"href":"https:\/\/alinvest-verde.eu\/en_gb\/wp-json\/wp\/v2\/users\/6"}],"replies":[{"embeddable":true,"href":"https:\/\/alinvest-verde.eu\/en_gb\/wp-json\/wp\/v2\/comments?post=21873"}],"version-history":[{"count":2,"href":"https:\/\/alinvest-verde.eu\/en_gb\/wp-json\/wp\/v2\/posts\/21873\/revisions"}],"predecessor-version":[{"id":21875,"href":"https:\/\/alinvest-verde.eu\/en_gb\/wp-json\/wp\/v2\/posts\/21873\/revisions\/21875"}],"wp:featuredmedia":[{"embeddable":true,"href":"https:\/\/alinvest-verde.eu\/en_gb\/wp-json\/wp\/v2\/media\/21457"}],"wp:attachment":[{"href":"https:\/\/alinvest-verde.eu\/en_gb\/wp-json\/wp\/v2\/media?parent=21873"}],"wp:term":[{"taxonomy":"category","embeddable":true,"href":"https:\/\/alinvest-verde.eu\/en_gb\/wp-json\/wp\/v2\/categories?post=21873"},{"taxonomy":"post_tag","embeddable":true,"href":"https:\/\/alinvest-verde.eu\/en_gb\/wp-json\/wp\/v2\/tags?post=21873"}],"curies":[{"name":"wp","href":"https:\/\/api.w.org\/{rel}","templated":true}]}}