{"id":5129,"date":"2023-03-02T16:09:52","date_gmt":"2023-03-02T15:09:52","guid":{"rendered":"https:\/\/alinvest-verde.eu\/?p=5129"},"modified":"2024-07-05T17:21:59","modified_gmt":"2024-07-05T15:21:59","slug":"continua-el-trabajo-en-paraguay-para-apoyar-la-sostenibilidad-del-sector-forestal","status":"publish","type":"post","link":"https:\/\/alinvest-verde.eu\/en_gb\/continua-el-trabajo-en-paraguay-para-apoyar-la-sostenibilidad-del-sector-forestal\/","title":{"rendered":"Work continues in Paraguay to support the sustainability of the forestry sector"},"content":{"rendered":"<div data-elementor-type=\"wp-post\" data-elementor-id=\"5129\" class=\"elementor elementor-5129\" data-elementor-post-type=\"post\">\n\t\t\t\t\t\t<section class=\"elementor-section elementor-top-section elementor-element elementor-element-5200c964 elementor-section-boxed elementor-section-height-default elementor-section-height-default\" data-id=\"5200c964\" data-element_type=\"section\" data-e-type=\"section\">\n\t\t\t\t\t\t<div class=\"elementor-container elementor-column-gap-default\">\n\t\t\t\t\t<div class=\"elementor-column elementor-col-100 elementor-top-column elementor-element elementor-element-5fb374b4\" data-id=\"5fb374b4\" data-element_type=\"column\" data-e-type=\"column\">\n\t\t\t<div class=\"elementor-widget-wrap elementor-element-populated\">\n\t\t\t\t\t\t<div class=\"elementor-element elementor-element-5f083fd1 elementor-widget elementor-widget-text-editor\" data-id=\"5f083fd1\" data-element_type=\"widget\" data-e-type=\"widget\" data-widget_type=\"text-editor.default\">\n\t\t\t\t<div class=\"elementor-widget-container\">\n\t\t\t\t\t\t\t\t\t\n<p class=\"wp-block-paragraph\"><strong>Asunci\u00f3n, 02 March 2023.<\/strong> Within the framework of the technical assistance provided by AL-INVEST Verde to the Paraguayan Investment and Export Network (REDIEX), through the <a href=\"https:\/\/alinvest-verde.eu\/en_gb\/acerca-del-componente-2\/\">Component 2<\/a>From 13 to 23 February, a technical mission was carried out in the country for the <strong>defining sustainable strategies<\/strong> in the forestry sector.<\/p>\n\n<p class=\"wp-block-paragraph\">The mission included the participation of two Italian forestry experts, Mauro Masiero and Elena Massarenti, collaborators of ETIFOR S.r.l. Benefit Company, a spin-off company of the University of Padua, Italy, specialised in consultancy for the forestry sector. <strong>sustainable and innovative solutions<\/strong> in the forestry sector.<\/p>\n\n<p class=\"wp-block-paragraph\">During the stay in the country, meetings were held with the key institutions involved in the project, such as REDIEX, the Ministry of Industry and Trade (MIC), the Ministry of Environment and Sustainable Development, the National Forestry Institute (INFONA), the Paraguayan Federation of Woodworkers (FEPAMA) and the Association of Woodworkers of Caaguaz\u00fa. These meetings were accompanied by the Delegation of the European Union (EUD) of Paraguay.<\/p>\n\n<p class=\"wp-block-paragraph\">Subsequently, field visits and interviews were carried out with representatives of the <strong>leather chain<\/strong>. The information gathered will provide information on the current situation regarding the sustainability of the production and industrialisation process of Paraguayan forestry sector products and will enable an analysis of opportunities and challenges for the export of forestry products to the European market to be drawn up.<\/p>\n\n<p class=\"wp-block-paragraph\"><strong>About AL-INVEST Verde<\/strong><\/p>\n\n<p class=\"wp-block-paragraph\">AL-INVEST Verde is a European Union (EU) programme whose main objective is to promote sustainable growth and job creation in Latin America by supporting the transition towards a low-carbon, resource-efficient and more circular economy. Through Component 2, led by FIIAPP in consortium with IILA, the programme provides assistance for strengthening public policy and multi-stakeholder dialogues on sustainable agricultural and value chains, environmental and labour standards, as well as sustainable trade and economic policy and regulatory frameworks.\u00a0<\/p>\n\n<p class=\"wp-block-paragraph\">Further information: <a href=\"https:\/\/alinvest-verde.eu\/en_gb\/\">www.alinvest-verde.eu<\/a><\/p>\n\t\t\t\t\t\t\t\t<\/div>\n\t\t\t\t<\/div>\n\t\t\t\t\t<\/div>\n\t\t<\/div>\n\t\t\t\t\t<\/div>\n\t\t<\/section>\n\t\t\t\t<\/div>","protected":false},"excerpt":{"rendered":"<p>Asunci\u00f3n, 02 de marzo de 2023.- En el marco de la asistencia t\u00e9cnica que AL-INVEST Verde presta a la Red de Inversiones y Exportaciones de Paraguay (REDIEX), a trav\u00e9s del Componente 2, del 13 al 23 de febrero se llev\u00f3 a cabo una misi\u00f3n t\u00e9cnica en el pa\u00eds para la definici\u00f3n de estrategias sostenibles en [&hellip;]<\/p>\n","protected":false},"author":6,"featured_media":5130,"comment_status":"closed","ping_status":"closed","sticky":false,"template":"","format":"standard","meta":{"footnotes":""},"categories":[24,19,20],"tags":[21,26,38,33,30],"class_list":["post-5129","post","type-post","status-publish","format-standard","has-post-thumbnail","hentry","category-actualidad","category-component-2","category-news","tag-cadenas-de-valor","tag-component-2","tag-deforestacion","tag-sector-forestal","tag-sostenibilidad"],"yoast_head":"<!-- This site is optimized with the Yoast SEO plugin v28.4 - https:\/\/yoast.com\/product\/yoast-seo-wordpress\/ -->\n<title>Contin\u00faa el trabajo en Paraguay para apoyar la sostenibilidad del sector forestal - Programme AL-INVEST Verde<\/title>\n<meta name=\"robots\" content=\"index, follow, max-snippet:-1, max-image-preview:large, max-video-preview:-1\" \/>\n<link rel=\"canonical\" href=\"https:\/\/alinvest-verde.eu\/en_gb\/continua-el-trabajo-en-paraguay-para-apoyar-la-sostenibilidad-del-sector-forestal\/\" \/>\n<meta property=\"og:locale\" content=\"en_GB\" \/>\n<meta property=\"og:type\" content=\"article\" \/>\n<meta property=\"og:title\" content=\"Contin\u00faa el trabajo en Paraguay para apoyar la sostenibilidad del sector forestal - Programme AL-INVEST Verde\" \/>\n<meta property=\"og:description\" content=\"Asunci\u00f3n, 02 de marzo de 2023.- En el marco de la asistencia t\u00e9cnica que AL-INVEST Verde presta a la Red de Inversiones y Exportaciones de Paraguay (REDIEX), a trav\u00e9s del Componente 2, del 13 al 23 de febrero se llev\u00f3 a cabo una misi\u00f3n t\u00e9cnica en el pa\u00eds para la definici\u00f3n de estrategias sostenibles en [&hellip;]\" \/>\n<meta property=\"og:url\" content=\"https:\/\/alinvest-verde.eu\/en_gb\/continua-el-trabajo-en-paraguay-para-apoyar-la-sostenibilidad-del-sector-forestal\/\" \/>\n<meta property=\"og:site_name\" content=\"Programme AL-INVEST Verde\" \/>\n<meta property=\"article:published_time\" content=\"2023-03-02T15:09:52+00:00\" \/>\n<meta property=\"article:modified_time\" content=\"2024-07-05T15:21:59+00:00\" \/>\n<meta property=\"og:image\" content=\"https:\/\/alinvest-verde.eu\/wp-content\/uploads\/2023\/03\/IMG_0505-scaled.jpg\" \/>\n\t<meta property=\"og:image:width\" content=\"2560\" \/>\n\t<meta property=\"og:image:height\" content=\"1920\" \/>\n\t<meta property=\"og:image:type\" content=\"image\/jpeg\" \/>\n<meta name=\"author\" content=\"Azucena Garc\u00eda\" \/>\n<meta name=\"twitter:card\" content=\"summary_large_image\" \/>\n<meta name=\"twitter:creator\" content=\"@Frank Summa\" \/>\n<meta name=\"twitter:label1\" content=\"Written by\" \/>\n\t<meta name=\"twitter:data1\" content=\"\" \/>\n\t<meta name=\"twitter:label2\" content=\"Estimated reading time\" \/>\n\t<meta name=\"twitter:data2\" content=\"2 minutes\" \/>\n<script type=\"application\/ld+json\" class=\"yoast-schema-graph\">{\"@context\":\"https:\\\/\\\/schema.org\",\"@graph\":[{\"@type\":\"Article\",\"@id\":\"https:\\\/\\\/alinvest-verde.eu\\\/continua-el-trabajo-en-paraguay-para-apoyar-la-sostenibilidad-del-sector-forestal\\\/#article\",\"isPartOf\":{\"@id\":\"https:\\\/\\\/alinvest-verde.eu\\\/continua-el-trabajo-en-paraguay-para-apoyar-la-sostenibilidad-del-sector-forestal\\\/\"},\"author\":{\"name\":\"Azucena Garc\u00eda\",\"@id\":\"https:\\\/\\\/alinvest-verde.eu\\\/#\\\/schema\\\/person\\\/8804ec49772ba377829838bc11b6aa6b\"},\"headline\":\"Contin\u00faa el trabajo en Paraguay para apoyar la sostenibilidad del sector forestal\",\"datePublished\":\"2023-03-02T15:09:52+00:00\",\"dateModified\":\"2024-07-05T15:21:59+00:00\",\"mainEntityOfPage\":{\"@id\":\"https:\\\/\\\/alinvest-verde.eu\\\/continua-el-trabajo-en-paraguay-para-apoyar-la-sostenibilidad-del-sector-forestal\\\/\"},\"wordCount\":365,\"publisher\":{\"@id\":\"https:\\\/\\\/alinvest-verde.eu\\\/#organization\"},\"image\":{\"@id\":\"https:\\\/\\\/alinvest-verde.eu\\\/continua-el-trabajo-en-paraguay-para-apoyar-la-sostenibilidad-del-sector-forestal\\\/#primaryimage\"},\"thumbnailUrl\":\"https:\\\/\\\/alinvest-verde.eu\\\/wp-content\\\/uploads\\\/2023\\\/03\\\/IMG_0505-scaled.jpg\",\"keywords\":[\"cadenas de valor\",\"Component 2\",\"deforestaci\u00f3n\",\"sector forestal\",\"sostenibilidad\"],\"articleSection\":[\"Actualidad\",\"Component 2\",\"News\"],\"inLanguage\":\"en-GB\"},{\"@type\":\"WebPage\",\"@id\":\"https:\\\/\\\/alinvest-verde.eu\\\/continua-el-trabajo-en-paraguay-para-apoyar-la-sostenibilidad-del-sector-forestal\\\/\",\"url\":\"https:\\\/\\\/alinvest-verde.eu\\\/continua-el-trabajo-en-paraguay-para-apoyar-la-sostenibilidad-del-sector-forestal\\\/\",\"name\":\"Contin\u00faa el trabajo en Paraguay para apoyar la sostenibilidad del sector forestal - Programme AL-INVEST Verde\",\"isPartOf\":{\"@id\":\"https:\\\/\\\/alinvest-verde.eu\\\/#website\"},\"primaryImageOfPage\":{\"@id\":\"https:\\\/\\\/alinvest-verde.eu\\\/continua-el-trabajo-en-paraguay-para-apoyar-la-sostenibilidad-del-sector-forestal\\\/#primaryimage\"},\"image\":{\"@id\":\"https:\\\/\\\/alinvest-verde.eu\\\/continua-el-trabajo-en-paraguay-para-apoyar-la-sostenibilidad-del-sector-forestal\\\/#primaryimage\"},\"thumbnailUrl\":\"https:\\\/\\\/alinvest-verde.eu\\\/wp-content\\\/uploads\\\/2023\\\/03\\\/IMG_0505-scaled.jpg\",\"datePublished\":\"2023-03-02T15:09:52+00:00\",\"dateModified\":\"2024-07-05T15:21:59+00:00\",\"breadcrumb\":{\"@id\":\"https:\\\/\\\/alinvest-verde.eu\\\/continua-el-trabajo-en-paraguay-para-apoyar-la-sostenibilidad-del-sector-forestal\\\/#breadcrumb\"},\"inLanguage\":\"en-GB\",\"potentialAction\":[{\"@type\":\"ReadAction\",\"target\":[\"https:\\\/\\\/alinvest-verde.eu\\\/continua-el-trabajo-en-paraguay-para-apoyar-la-sostenibilidad-del-sector-forestal\\\/\"]}]},{\"@type\":\"ImageObject\",\"inLanguage\":\"en-GB\",\"@id\":\"https:\\\/\\\/alinvest-verde.eu\\\/continua-el-trabajo-en-paraguay-para-apoyar-la-sostenibilidad-del-sector-forestal\\\/#primaryimage\",\"url\":\"https:\\\/\\\/alinvest-verde.eu\\\/wp-content\\\/uploads\\\/2023\\\/03\\\/IMG_0505-scaled.jpg\",\"contentUrl\":\"https:\\\/\\\/alinvest-verde.eu\\\/wp-content\\\/uploads\\\/2023\\\/03\\\/IMG_0505-scaled.jpg\",\"width\":2560,\"height\":1920},{\"@type\":\"BreadcrumbList\",\"@id\":\"https:\\\/\\\/alinvest-verde.eu\\\/continua-el-trabajo-en-paraguay-para-apoyar-la-sostenibilidad-del-sector-forestal\\\/#breadcrumb\",\"itemListElement\":[{\"@type\":\"ListItem\",\"position\":1,\"name\":\"Inicio\",\"item\":\"https:\\\/\\\/alinvest-verde.eu\\\/\"},{\"@type\":\"ListItem\",\"position\":2,\"name\":\"Component 2\",\"item\":\"https:\\\/\\\/alinvest-verde.eu\\\/category\\\/component-2\\\/\"},{\"@type\":\"ListItem\",\"position\":3,\"name\":\"Contin\u00faa el trabajo en Paraguay para apoyar la sostenibilidad del sector forestal\"}]},{\"@type\":\"WebSite\",\"@id\":\"https:\\\/\\\/alinvest-verde.eu\\\/#website\",\"url\":\"https:\\\/\\\/alinvest-verde.eu\\\/\",\"name\":\"Programme AL-INVEST Verde\",\"description\":\"Building alliances with the private sector in LA and promote sustainable growth and jobs creation by supporting the transition towards a low-carbon, resource-efficient economy\",\"publisher\":{\"@id\":\"https:\\\/\\\/alinvest-verde.eu\\\/#organization\"},\"potentialAction\":[{\"@type\":\"SearchAction\",\"target\":{\"@type\":\"EntryPoint\",\"urlTemplate\":\"https:\\\/\\\/alinvest-verde.eu\\\/?s={search_term_string}\"},\"query-input\":{\"@type\":\"PropertyValueSpecification\",\"valueRequired\":true,\"valueName\":\"search_term_string\"}}],\"inLanguage\":\"en-GB\"},{\"@type\":\"Organization\",\"@id\":\"https:\\\/\\\/alinvest-verde.eu\\\/#organization\",\"name\":\"Programme AL-INVEST Verde\",\"url\":\"https:\\\/\\\/alinvest-verde.eu\\\/\",\"logo\":{\"@type\":\"ImageObject\",\"inLanguage\":\"en-GB\",\"@id\":\"https:\\\/\\\/alinvest-verde.eu\\\/#\\\/schema\\\/logo\\\/image\\\/\",\"url\":\"https:\\\/\\\/alinvest-verde.eu\\\/wp-content\\\/uploads\\\/2022\\\/01\\\/cropped-logo-financiado-por-la-UE.jpg\",\"contentUrl\":\"https:\\\/\\\/alinvest-verde.eu\\\/wp-content\\\/uploads\\\/2022\\\/01\\\/cropped-logo-financiado-por-la-UE.jpg\",\"width\":756,\"height\":216,\"caption\":\"Programme AL-INVEST Verde\"},\"image\":{\"@id\":\"https:\\\/\\\/alinvest-verde.eu\\\/#\\\/schema\\\/logo\\\/image\\\/\"}},{\"@type\":\"Person\",\"@id\":\"https:\\\/\\\/alinvest-verde.eu\\\/#\\\/schema\\\/person\\\/8804ec49772ba377829838bc11b6aa6b\",\"name\":\"Azucena Garc\u00eda\",\"image\":{\"@type\":\"ImageObject\",\"inLanguage\":\"en-GB\",\"@id\":\"https:\\\/\\\/secure.gravatar.com\\\/avatar\\\/fc4d91c562d3c4ac55cafd2f4ae4ebd513d2304b007a5c8d4f2d8543edeb9d79?s=96&d=mm&r=g\",\"url\":\"https:\\\/\\\/secure.gravatar.com\\\/avatar\\\/fc4d91c562d3c4ac55cafd2f4ae4ebd513d2304b007a5c8d4f2d8543edeb9d79?s=96&d=mm&r=g\",\"contentUrl\":\"https:\\\/\\\/secure.gravatar.com\\\/avatar\\\/fc4d91c562d3c4ac55cafd2f4ae4ebd513d2304b007a5c8d4f2d8543edeb9d79?s=96&d=mm&r=g\",\"caption\":\"Azucena Garc\u00eda\"},\"sameAs\":[\"https:\\\/\\\/x.com\\\/Frank Summa\"],\"url\":\"https:\\\/\\\/alinvest-verde.eu\\\/en_gb\\\/author\\\/azucena-garcia\\\/\"}]}<\/script>\n<!-- \/ Yoast SEO plugin. -->","yoast_head_json":{"title":"Work continues in Paraguay to support the sustainability of the forestry sector - Programme AL-INVEST Verde","robots":{"index":"index","follow":"follow","max-snippet":"max-snippet:-1","max-image-preview":"max-image-preview:large","max-video-preview":"max-video-preview:-1"},"canonical":"https:\/\/alinvest-verde.eu\/en_gb\/continua-el-trabajo-en-paraguay-para-apoyar-la-sostenibilidad-del-sector-forestal\/","og_locale":"en_GB","og_type":"article","og_title":"Contin\u00faa el trabajo en Paraguay para apoyar la sostenibilidad del sector forestal - Programme AL-INVEST Verde","og_description":"Asunci\u00f3n, 02 de marzo de 2023.- En el marco de la asistencia t\u00e9cnica que AL-INVEST Verde presta a la Red de Inversiones y Exportaciones de Paraguay (REDIEX), a trav\u00e9s del Componente 2, del 13 al 23 de febrero se llev\u00f3 a cabo una misi\u00f3n t\u00e9cnica en el pa\u00eds para la definici\u00f3n de estrategias sostenibles en [&hellip;]","og_url":"https:\/\/alinvest-verde.eu\/en_gb\/continua-el-trabajo-en-paraguay-para-apoyar-la-sostenibilidad-del-sector-forestal\/","og_site_name":"Programme AL-INVEST Verde","article_published_time":"2023-03-02T15:09:52+00:00","article_modified_time":"2024-07-05T15:21:59+00:00","og_image":[{"width":2560,"height":1920,"url":"https:\/\/alinvest-verde.eu\/wp-content\/uploads\/2023\/03\/IMG_0505-scaled.jpg","type":"image\/jpeg"}],"author":"Azucena Garc\u00eda","twitter_card":"summary_large_image","twitter_creator":"@Frank Summa","twitter_misc":{"Written by":false,"Estimated reading time":"2 minutes"},"schema":{"@context":"https:\/\/schema.org","@graph":[{"@type":"Article","@id":"https:\/\/alinvest-verde.eu\/continua-el-trabajo-en-paraguay-para-apoyar-la-sostenibilidad-del-sector-forestal\/#article","isPartOf":{"@id":"https:\/\/alinvest-verde.eu\/continua-el-trabajo-en-paraguay-para-apoyar-la-sostenibilidad-del-sector-forestal\/"},"author":{"name":"Azucena Garc\u00eda","@id":"https:\/\/alinvest-verde.eu\/#\/schema\/person\/8804ec49772ba377829838bc11b6aa6b"},"headline":"Contin\u00faa el trabajo en Paraguay para apoyar la sostenibilidad del sector forestal","datePublished":"2023-03-02T15:09:52+00:00","dateModified":"2024-07-05T15:21:59+00:00","mainEntityOfPage":{"@id":"https:\/\/alinvest-verde.eu\/continua-el-trabajo-en-paraguay-para-apoyar-la-sostenibilidad-del-sector-forestal\/"},"wordCount":365,"publisher":{"@id":"https:\/\/alinvest-verde.eu\/#organization"},"image":{"@id":"https:\/\/alinvest-verde.eu\/continua-el-trabajo-en-paraguay-para-apoyar-la-sostenibilidad-del-sector-forestal\/#primaryimage"},"thumbnailUrl":"https:\/\/alinvest-verde.eu\/wp-content\/uploads\/2023\/03\/IMG_0505-scaled.jpg","keywords":["cadenas de valor","Component 2","deforestaci\u00f3n","sector forestal","sostenibilidad"],"articleSection":["Actualidad","Component 2","News"],"inLanguage":"en-GB"},{"@type":"WebPage","@id":"https:\/\/alinvest-verde.eu\/continua-el-trabajo-en-paraguay-para-apoyar-la-sostenibilidad-del-sector-forestal\/","url":"https:\/\/alinvest-verde.eu\/continua-el-trabajo-en-paraguay-para-apoyar-la-sostenibilidad-del-sector-forestal\/","name":"Work continues in Paraguay to support the sustainability of the forestry sector - Programme AL-INVEST Verde","isPartOf":{"@id":"https:\/\/alinvest-verde.eu\/#website"},"primaryImageOfPage":{"@id":"https:\/\/alinvest-verde.eu\/continua-el-trabajo-en-paraguay-para-apoyar-la-sostenibilidad-del-sector-forestal\/#primaryimage"},"image":{"@id":"https:\/\/alinvest-verde.eu\/continua-el-trabajo-en-paraguay-para-apoyar-la-sostenibilidad-del-sector-forestal\/#primaryimage"},"thumbnailUrl":"https:\/\/alinvest-verde.eu\/wp-content\/uploads\/2023\/03\/IMG_0505-scaled.jpg","datePublished":"2023-03-02T15:09:52+00:00","dateModified":"2024-07-05T15:21:59+00:00","breadcrumb":{"@id":"https:\/\/alinvest-verde.eu\/continua-el-trabajo-en-paraguay-para-apoyar-la-sostenibilidad-del-sector-forestal\/#breadcrumb"},"inLanguage":"en-GB","potentialAction":[{"@type":"ReadAction","target":["https:\/\/alinvest-verde.eu\/continua-el-trabajo-en-paraguay-para-apoyar-la-sostenibilidad-del-sector-forestal\/"]}]},{"@type":"ImageObject","inLanguage":"en-GB","@id":"https:\/\/alinvest-verde.eu\/continua-el-trabajo-en-paraguay-para-apoyar-la-sostenibilidad-del-sector-forestal\/#primaryimage","url":"https:\/\/alinvest-verde.eu\/wp-content\/uploads\/2023\/03\/IMG_0505-scaled.jpg","contentUrl":"https:\/\/alinvest-verde.eu\/wp-content\/uploads\/2023\/03\/IMG_0505-scaled.jpg","width":2560,"height":1920},{"@type":"BreadcrumbList","@id":"https:\/\/alinvest-verde.eu\/continua-el-trabajo-en-paraguay-para-apoyar-la-sostenibilidad-del-sector-forestal\/#breadcrumb","itemListElement":[{"@type":"ListItem","position":1,"name":"Inicio","item":"https:\/\/alinvest-verde.eu\/"},{"@type":"ListItem","position":2,"name":"Component 2","item":"https:\/\/alinvest-verde.eu\/category\/component-2\/"},{"@type":"ListItem","position":3,"name":"Contin\u00faa el trabajo en Paraguay para apoyar la sostenibilidad del sector forestal"}]},{"@type":"WebSite","@id":"https:\/\/alinvest-verde.eu\/#website","url":"https:\/\/alinvest-verde.eu\/","name":"Programme AL-INVEST Verde","description":"Building alliances with the private sector in LA and promote sustainable growth and jobs creation by supporting the transition towards a low-carbon, resource-efficient economy","publisher":{"@id":"https:\/\/alinvest-verde.eu\/#organization"},"potentialAction":[{"@type":"SearchAction","target":{"@type":"EntryPoint","urlTemplate":"https:\/\/alinvest-verde.eu\/?s={search_term_string}"},"query-input":{"@type":"PropertyValueSpecification","valueRequired":true,"valueName":"search_term_string"}}],"inLanguage":"en-GB"},{"@type":"Organization","@id":"https:\/\/alinvest-verde.eu\/#organization","name":"Programme AL-INVEST Verde","url":"https:\/\/alinvest-verde.eu\/","logo":{"@type":"ImageObject","inLanguage":"en-GB","@id":"https:\/\/alinvest-verde.eu\/#\/schema\/logo\/image\/","url":"https:\/\/alinvest-verde.eu\/wp-content\/uploads\/2022\/01\/cropped-logo-financiado-por-la-UE.jpg","contentUrl":"https:\/\/alinvest-verde.eu\/wp-content\/uploads\/2022\/01\/cropped-logo-financiado-por-la-UE.jpg","width":756,"height":216,"caption":"Programme AL-INVEST Verde"},"image":{"@id":"https:\/\/alinvest-verde.eu\/#\/schema\/logo\/image\/"}},{"@type":"Person","@id":"https:\/\/alinvest-verde.eu\/#\/schema\/person\/8804ec49772ba377829838bc11b6aa6b","name":"Azucena Garcia","image":{"@type":"ImageObject","inLanguage":"en-GB","@id":"https:\/\/secure.gravatar.com\/avatar\/fc4d91c562d3c4ac55cafd2f4ae4ebd513d2304b007a5c8d4f2d8543edeb9d79?s=96&d=mm&r=g","url":"https:\/\/secure.gravatar.com\/avatar\/fc4d91c562d3c4ac55cafd2f4ae4ebd513d2304b007a5c8d4f2d8543edeb9d79?s=96&d=mm&r=g","contentUrl":"https:\/\/secure.gravatar.com\/avatar\/fc4d91c562d3c4ac55cafd2f4ae4ebd513d2304b007a5c8d4f2d8543edeb9d79?s=96&d=mm&r=g","caption":"Azucena Garc\u00eda"},"sameAs":["https:\/\/x.com\/Frank Summa"],"url":"https:\/\/alinvest-verde.eu\/en_gb\/author\/azucena-garcia\/"}]}},"_links":{"self":[{"href":"https:\/\/alinvest-verde.eu\/en_gb\/wp-json\/wp\/v2\/posts\/5129","targetHints":{"allow":["GET"]}}],"collection":[{"href":"https:\/\/alinvest-verde.eu\/en_gb\/wp-json\/wp\/v2\/posts"}],"about":[{"href":"https:\/\/alinvest-verde.eu\/en_gb\/wp-json\/wp\/v2\/types\/post"}],"author":[{"embeddable":true,"href":"https:\/\/alinvest-verde.eu\/en_gb\/wp-json\/wp\/v2\/users\/6"}],"replies":[{"embeddable":true,"href":"https:\/\/alinvest-verde.eu\/en_gb\/wp-json\/wp\/v2\/comments?post=5129"}],"version-history":[{"count":5,"href":"https:\/\/alinvest-verde.eu\/en_gb\/wp-json\/wp\/v2\/posts\/5129\/revisions"}],"predecessor-version":[{"id":5717,"href":"https:\/\/alinvest-verde.eu\/en_gb\/wp-json\/wp\/v2\/posts\/5129\/revisions\/5717"}],"wp:featuredmedia":[{"embeddable":true,"href":"https:\/\/alinvest-verde.eu\/en_gb\/wp-json\/wp\/v2\/media\/5130"}],"wp:attachment":[{"href":"https:\/\/alinvest-verde.eu\/en_gb\/wp-json\/wp\/v2\/media?parent=5129"}],"wp:term":[{"taxonomy":"category","embeddable":true,"href":"https:\/\/alinvest-verde.eu\/en_gb\/wp-json\/wp\/v2\/categories?post=5129"},{"taxonomy":"post_tag","embeddable":true,"href":"https:\/\/alinvest-verde.eu\/en_gb\/wp-json\/wp\/v2\/tags?post=5129"}],"curies":[{"name":"wp","href":"https:\/\/api.w.org\/{rel}","templated":true}]}}