{"id":5362,"date":"2023-03-28T11:09:22","date_gmt":"2023-03-28T09:09:22","guid":{"rendered":"https:\/\/alinvest-verde.eu\/?p=5362"},"modified":"2024-07-05T17:21:59","modified_gmt":"2024-07-05T15:21:59","slug":"se-analiza-en-peru-el-impacto-del-reglamento-de-deforestacion-de-la-ue","status":"publish","type":"post","link":"https:\/\/alinvest-verde.eu\/en_gb\/se-analiza-en-peru-el-impacto-del-reglamento-de-deforestacion-de-la-ue\/","title":{"rendered":"Impact of EU deforestation regulation discussed in Peru"},"content":{"rendered":"<div data-elementor-type=\"wp-post\" data-elementor-id=\"5362\" class=\"elementor elementor-5362\" data-elementor-post-type=\"post\">\n\t\t\t\t\t\t<section class=\"elementor-section elementor-top-section elementor-element elementor-element-5075126 elementor-section-boxed elementor-section-height-default elementor-section-height-default\" data-id=\"5075126\" data-element_type=\"section\" data-e-type=\"section\">\n\t\t\t\t\t\t<div class=\"elementor-container elementor-column-gap-default\">\n\t\t\t\t\t<div class=\"elementor-column elementor-col-100 elementor-top-column elementor-element elementor-element-3b9166e4\" data-id=\"3b9166e4\" data-element_type=\"column\" data-e-type=\"column\">\n\t\t\t<div class=\"elementor-widget-wrap elementor-element-populated\">\n\t\t\t\t\t\t<div class=\"elementor-element elementor-element-14209de elementor-widget elementor-widget-text-editor\" data-id=\"14209de\" data-element_type=\"widget\" data-e-type=\"widget\" data-widget_type=\"text-editor.default\">\n\t\t\t\t<div class=\"elementor-widget-container\">\n\t\t\t\t\t\t\t\t\t\n<p class=\"wp-block-paragraph\"><strong>Lima, 28 March 2023.<\/strong> At the invitation of the World Bank and the Peruvian Ministry of Foreign Trade and Tourism (MINCETUR), Component 2 of AL-INVEST Verde has participated in various meetings in Lima with public and private actors responsible for the agro-export chains of timber, coffee, cocoa and palm oil to analyse the impact of the European Union's deforestation regulation on their exports.<\/p>\n\n<p class=\"wp-block-paragraph\">The meetings discussed traceability, geo-referencing, deforestation and sustainable production in the aforementioned value chains. The meetings were attended by public authorities, representatives of sectoral associations and international cooperation agencies. Also present were officials from the Ministry of Environment, Ministry of Agrarian Development and Irrigation, and MINCETUR, where the meetings were held.<\/p>\n\n<p class=\"wp-block-paragraph\">AL-INVEST Verde also met with representatives of the Ministry of Labour and Employment Promotion, the National Agricultural Health Service (SENASA), the Delegation of the European Union (EUD) in Lima, the Spanish Agency for International Development Cooperation and the Spanish Trade Office in Peru.<\/p>\n\n<p class=\"wp-block-paragraph\">The mission analysed Peru's needs and challenges in complying with the EU's new deforestation regulation, which aims to reduce deforestation and forest degradation. To this end, it will be necessary to comply with due diligence standards to ensure that certain raw materials - palm oil, beef, timber, coffee, cocoa, rubber and soya - and their derivatives imported by the EU or exported from its territory have not contributed to deforestation or forest degradation.<\/p>\n\t\t\t\t\t\t\t\t<\/div>\n\t\t\t\t<\/div>\n\t\t\t\t\t<\/div>\n\t\t<\/div>\n\t\t\t\t\t<\/div>\n\t\t<\/section>\n\t\t\t\t<\/div>","protected":false},"excerpt":{"rendered":"<p>Lima, 28 de marzo de 2023.- A invitaci\u00f3n del Banco Mundial y del Ministerio de Comercio Exterior y Turismo (MINCETUR) de Per\u00fa, el Componente 2 de AL-INVEST Verde ha participado en Lima en diversos encuentros con actores p\u00fablicos y privados responsables de las cadenas agroexportadoras de la madera, el caf\u00e9, el cacao y el aceite [&hellip;]<\/p>\n","protected":false},"author":6,"featured_media":5363,"comment_status":"closed","ping_status":"closed","sticky":false,"template":"","format":"standard","meta":{"footnotes":""},"categories":[54,24,19,20],"tags":[21,26,39,38,30,43],"class_list":["post-5362","post","type-post","status-publish","format-standard","has-post-thumbnail","hentry","category-2023-component-2","category-actualidad","category-component-2","category-news","tag-cadenas-de-valor","tag-component-2","tag-debidas-diligencias","tag-deforestacion","tag-sostenibilidad","tag-trazabilidad"],"yoast_head":"<!-- This site is optimized with the Yoast SEO plugin v28.4 - https:\/\/yoast.com\/product\/yoast-seo-wordpress\/ -->\n<title>Se analiza en Per\u00fa el impacto del reglamento de deforestaci\u00f3n de la UE - Programme AL-INVEST Verde<\/title>\n<meta name=\"robots\" content=\"index, follow, max-snippet:-1, max-image-preview:large, max-video-preview:-1\" \/>\n<link rel=\"canonical\" href=\"https:\/\/alinvest-verde.eu\/en_gb\/se-analiza-en-peru-el-impacto-del-reglamento-de-deforestacion-de-la-ue\/\" \/>\n<meta property=\"og:locale\" content=\"en_GB\" \/>\n<meta property=\"og:type\" content=\"article\" \/>\n<meta property=\"og:title\" content=\"Se analiza en Per\u00fa el impacto del reglamento de deforestaci\u00f3n de la UE - Programme AL-INVEST Verde\" \/>\n<meta property=\"og:description\" content=\"Lima, 28 de marzo de 2023.- A invitaci\u00f3n del Banco Mundial y del Ministerio de Comercio Exterior y Turismo (MINCETUR) de Per\u00fa, el Componente 2 de AL-INVEST Verde ha participado en Lima en diversos encuentros con actores p\u00fablicos y privados responsables de las cadenas agroexportadoras de la madera, el caf\u00e9, el cacao y el aceite [&hellip;]\" \/>\n<meta property=\"og:url\" content=\"https:\/\/alinvest-verde.eu\/en_gb\/se-analiza-en-peru-el-impacto-del-reglamento-de-deforestacion-de-la-ue\/\" \/>\n<meta property=\"og:site_name\" content=\"Programme AL-INVEST Verde\" \/>\n<meta property=\"article:published_time\" content=\"2023-03-28T09:09:22+00:00\" \/>\n<meta property=\"article:modified_time\" content=\"2024-07-05T15:21:59+00:00\" \/>\n<meta property=\"og:image\" content=\"https:\/\/alinvest-verde.eu\/wp-content\/uploads\/2023\/03\/20230320-AIV-BM-MINCETUR.jpeg\" \/>\n\t<meta property=\"og:image:width\" content=\"1024\" \/>\n\t<meta property=\"og:image:height\" content=\"722\" \/>\n\t<meta property=\"og:image:type\" content=\"image\/jpeg\" \/>\n<meta name=\"author\" content=\"Azucena Garc\u00eda\" \/>\n<meta name=\"twitter:card\" content=\"summary_large_image\" \/>\n<meta name=\"twitter:creator\" content=\"@Frank Summa\" \/>\n<meta name=\"twitter:label1\" content=\"Written by\" \/>\n\t<meta name=\"twitter:data1\" content=\"\" \/>\n\t<meta name=\"twitter:label2\" content=\"Estimated reading time\" \/>\n\t<meta name=\"twitter:data2\" content=\"2 minutes\" \/>\n<script type=\"application\/ld+json\" class=\"yoast-schema-graph\">{\"@context\":\"https:\\\/\\\/schema.org\",\"@graph\":[{\"@type\":\"Article\",\"@id\":\"https:\\\/\\\/alinvest-verde.eu\\\/se-analiza-en-peru-el-impacto-del-reglamento-de-deforestacion-de-la-ue\\\/#article\",\"isPartOf\":{\"@id\":\"https:\\\/\\\/alinvest-verde.eu\\\/se-analiza-en-peru-el-impacto-del-reglamento-de-deforestacion-de-la-ue\\\/\"},\"author\":{\"name\":\"Azucena Garc\u00eda\",\"@id\":\"https:\\\/\\\/alinvest-verde.eu\\\/#\\\/schema\\\/person\\\/8804ec49772ba377829838bc11b6aa6b\"},\"headline\":\"Se analiza en Per\u00fa el impacto del reglamento de deforestaci\u00f3n de la UE\",\"datePublished\":\"2023-03-28T09:09:22+00:00\",\"dateModified\":\"2024-07-05T15:21:59+00:00\",\"mainEntityOfPage\":{\"@id\":\"https:\\\/\\\/alinvest-verde.eu\\\/se-analiza-en-peru-el-impacto-del-reglamento-de-deforestacion-de-la-ue\\\/\"},\"wordCount\":295,\"publisher\":{\"@id\":\"https:\\\/\\\/alinvest-verde.eu\\\/#organization\"},\"image\":{\"@id\":\"https:\\\/\\\/alinvest-verde.eu\\\/se-analiza-en-peru-el-impacto-del-reglamento-de-deforestacion-de-la-ue\\\/#primaryimage\"},\"thumbnailUrl\":\"https:\\\/\\\/alinvest-verde.eu\\\/wp-content\\\/uploads\\\/2023\\\/03\\\/20230320-AIV-BM-MINCETUR.jpeg\",\"keywords\":[\"cadenas de valor\",\"Component 2\",\"debidas diligencias\",\"deforestaci\u00f3n\",\"sostenibilidad\",\"trazabilidad\"],\"articleSection\":[\"2023\",\"Actualidad\",\"Component 2\",\"News\"],\"inLanguage\":\"en-GB\"},{\"@type\":\"WebPage\",\"@id\":\"https:\\\/\\\/alinvest-verde.eu\\\/se-analiza-en-peru-el-impacto-del-reglamento-de-deforestacion-de-la-ue\\\/\",\"url\":\"https:\\\/\\\/alinvest-verde.eu\\\/se-analiza-en-peru-el-impacto-del-reglamento-de-deforestacion-de-la-ue\\\/\",\"name\":\"Se analiza en Per\u00fa el impacto del reglamento de deforestaci\u00f3n de la UE - Programme AL-INVEST Verde\",\"isPartOf\":{\"@id\":\"https:\\\/\\\/alinvest-verde.eu\\\/#website\"},\"primaryImageOfPage\":{\"@id\":\"https:\\\/\\\/alinvest-verde.eu\\\/se-analiza-en-peru-el-impacto-del-reglamento-de-deforestacion-de-la-ue\\\/#primaryimage\"},\"image\":{\"@id\":\"https:\\\/\\\/alinvest-verde.eu\\\/se-analiza-en-peru-el-impacto-del-reglamento-de-deforestacion-de-la-ue\\\/#primaryimage\"},\"thumbnailUrl\":\"https:\\\/\\\/alinvest-verde.eu\\\/wp-content\\\/uploads\\\/2023\\\/03\\\/20230320-AIV-BM-MINCETUR.jpeg\",\"datePublished\":\"2023-03-28T09:09:22+00:00\",\"dateModified\":\"2024-07-05T15:21:59+00:00\",\"breadcrumb\":{\"@id\":\"https:\\\/\\\/alinvest-verde.eu\\\/se-analiza-en-peru-el-impacto-del-reglamento-de-deforestacion-de-la-ue\\\/#breadcrumb\"},\"inLanguage\":\"en-GB\",\"potentialAction\":[{\"@type\":\"ReadAction\",\"target\":[\"https:\\\/\\\/alinvest-verde.eu\\\/se-analiza-en-peru-el-impacto-del-reglamento-de-deforestacion-de-la-ue\\\/\"]}]},{\"@type\":\"ImageObject\",\"inLanguage\":\"en-GB\",\"@id\":\"https:\\\/\\\/alinvest-verde.eu\\\/se-analiza-en-peru-el-impacto-del-reglamento-de-deforestacion-de-la-ue\\\/#primaryimage\",\"url\":\"https:\\\/\\\/alinvest-verde.eu\\\/wp-content\\\/uploads\\\/2023\\\/03\\\/20230320-AIV-BM-MINCETUR.jpeg\",\"contentUrl\":\"https:\\\/\\\/alinvest-verde.eu\\\/wp-content\\\/uploads\\\/2023\\\/03\\\/20230320-AIV-BM-MINCETUR.jpeg\",\"width\":1024,\"height\":722},{\"@type\":\"BreadcrumbList\",\"@id\":\"https:\\\/\\\/alinvest-verde.eu\\\/se-analiza-en-peru-el-impacto-del-reglamento-de-deforestacion-de-la-ue\\\/#breadcrumb\",\"itemListElement\":[{\"@type\":\"ListItem\",\"position\":1,\"name\":\"Inicio\",\"item\":\"https:\\\/\\\/alinvest-verde.eu\\\/\"},{\"@type\":\"ListItem\",\"position\":2,\"name\":\"Component 2\",\"item\":\"https:\\\/\\\/alinvest-verde.eu\\\/category\\\/component-2\\\/\"},{\"@type\":\"ListItem\",\"position\":3,\"name\":\"Se analiza en Per\u00fa el impacto del reglamento de deforestaci\u00f3n de la UE\"}]},{\"@type\":\"WebSite\",\"@id\":\"https:\\\/\\\/alinvest-verde.eu\\\/#website\",\"url\":\"https:\\\/\\\/alinvest-verde.eu\\\/\",\"name\":\"Programme AL-INVEST Verde\",\"description\":\"Building alliances with the private sector in LA and promote sustainable growth and jobs creation by supporting the transition towards a low-carbon, resource-efficient economy\",\"publisher\":{\"@id\":\"https:\\\/\\\/alinvest-verde.eu\\\/#organization\"},\"potentialAction\":[{\"@type\":\"SearchAction\",\"target\":{\"@type\":\"EntryPoint\",\"urlTemplate\":\"https:\\\/\\\/alinvest-verde.eu\\\/?s={search_term_string}\"},\"query-input\":{\"@type\":\"PropertyValueSpecification\",\"valueRequired\":true,\"valueName\":\"search_term_string\"}}],\"inLanguage\":\"en-GB\"},{\"@type\":\"Organization\",\"@id\":\"https:\\\/\\\/alinvest-verde.eu\\\/#organization\",\"name\":\"Programme AL-INVEST Verde\",\"url\":\"https:\\\/\\\/alinvest-verde.eu\\\/\",\"logo\":{\"@type\":\"ImageObject\",\"inLanguage\":\"en-GB\",\"@id\":\"https:\\\/\\\/alinvest-verde.eu\\\/#\\\/schema\\\/logo\\\/image\\\/\",\"url\":\"https:\\\/\\\/alinvest-verde.eu\\\/wp-content\\\/uploads\\\/2022\\\/01\\\/cropped-logo-financiado-por-la-UE.jpg\",\"contentUrl\":\"https:\\\/\\\/alinvest-verde.eu\\\/wp-content\\\/uploads\\\/2022\\\/01\\\/cropped-logo-financiado-por-la-UE.jpg\",\"width\":756,\"height\":216,\"caption\":\"Programme AL-INVEST Verde\"},\"image\":{\"@id\":\"https:\\\/\\\/alinvest-verde.eu\\\/#\\\/schema\\\/logo\\\/image\\\/\"}},{\"@type\":\"Person\",\"@id\":\"https:\\\/\\\/alinvest-verde.eu\\\/#\\\/schema\\\/person\\\/8804ec49772ba377829838bc11b6aa6b\",\"name\":\"Azucena Garc\u00eda\",\"image\":{\"@type\":\"ImageObject\",\"inLanguage\":\"en-GB\",\"@id\":\"https:\\\/\\\/secure.gravatar.com\\\/avatar\\\/fc4d91c562d3c4ac55cafd2f4ae4ebd513d2304b007a5c8d4f2d8543edeb9d79?s=96&d=mm&r=g\",\"url\":\"https:\\\/\\\/secure.gravatar.com\\\/avatar\\\/fc4d91c562d3c4ac55cafd2f4ae4ebd513d2304b007a5c8d4f2d8543edeb9d79?s=96&d=mm&r=g\",\"contentUrl\":\"https:\\\/\\\/secure.gravatar.com\\\/avatar\\\/fc4d91c562d3c4ac55cafd2f4ae4ebd513d2304b007a5c8d4f2d8543edeb9d79?s=96&d=mm&r=g\",\"caption\":\"Azucena Garc\u00eda\"},\"sameAs\":[\"https:\\\/\\\/x.com\\\/Frank Summa\"],\"url\":\"https:\\\/\\\/alinvest-verde.eu\\\/en_gb\\\/author\\\/azucena-garcia\\\/\"}]}<\/script>\n<!-- \/ Yoast SEO plugin. -->","yoast_head_json":{"title":"Peru analyses the impact of EU deforestation regulations - Programme AL-INVEST Verde","robots":{"index":"index","follow":"follow","max-snippet":"max-snippet:-1","max-image-preview":"max-image-preview:large","max-video-preview":"max-video-preview:-1"},"canonical":"https:\/\/alinvest-verde.eu\/en_gb\/se-analiza-en-peru-el-impacto-del-reglamento-de-deforestacion-de-la-ue\/","og_locale":"en_GB","og_type":"article","og_title":"Se analiza en Per\u00fa el impacto del reglamento de deforestaci\u00f3n de la UE - Programme AL-INVEST Verde","og_description":"Lima, 28 de marzo de 2023.- A invitaci\u00f3n del Banco Mundial y del Ministerio de Comercio Exterior y Turismo (MINCETUR) de Per\u00fa, el Componente 2 de AL-INVEST Verde ha participado en Lima en diversos encuentros con actores p\u00fablicos y privados responsables de las cadenas agroexportadoras de la madera, el caf\u00e9, el cacao y el aceite [&hellip;]","og_url":"https:\/\/alinvest-verde.eu\/en_gb\/se-analiza-en-peru-el-impacto-del-reglamento-de-deforestacion-de-la-ue\/","og_site_name":"Programme AL-INVEST Verde","article_published_time":"2023-03-28T09:09:22+00:00","article_modified_time":"2024-07-05T15:21:59+00:00","og_image":[{"width":1024,"height":722,"url":"https:\/\/alinvest-verde.eu\/wp-content\/uploads\/2023\/03\/20230320-AIV-BM-MINCETUR.jpeg","type":"image\/jpeg"}],"author":"Azucena Garc\u00eda","twitter_card":"summary_large_image","twitter_creator":"@Frank Summa","twitter_misc":{"Written by":false,"Estimated reading time":"2 minutes"},"schema":{"@context":"https:\/\/schema.org","@graph":[{"@type":"Article","@id":"https:\/\/alinvest-verde.eu\/se-analiza-en-peru-el-impacto-del-reglamento-de-deforestacion-de-la-ue\/#article","isPartOf":{"@id":"https:\/\/alinvest-verde.eu\/se-analiza-en-peru-el-impacto-del-reglamento-de-deforestacion-de-la-ue\/"},"author":{"name":"Azucena Garc\u00eda","@id":"https:\/\/alinvest-verde.eu\/#\/schema\/person\/8804ec49772ba377829838bc11b6aa6b"},"headline":"Se analiza en Per\u00fa el impacto del reglamento de deforestaci\u00f3n de la UE","datePublished":"2023-03-28T09:09:22+00:00","dateModified":"2024-07-05T15:21:59+00:00","mainEntityOfPage":{"@id":"https:\/\/alinvest-verde.eu\/se-analiza-en-peru-el-impacto-del-reglamento-de-deforestacion-de-la-ue\/"},"wordCount":295,"publisher":{"@id":"https:\/\/alinvest-verde.eu\/#organization"},"image":{"@id":"https:\/\/alinvest-verde.eu\/se-analiza-en-peru-el-impacto-del-reglamento-de-deforestacion-de-la-ue\/#primaryimage"},"thumbnailUrl":"https:\/\/alinvest-verde.eu\/wp-content\/uploads\/2023\/03\/20230320-AIV-BM-MINCETUR.jpeg","keywords":["cadenas de valor","Component 2","debidas diligencias","deforestaci\u00f3n","sostenibilidad","trazabilidad"],"articleSection":["2023","Actualidad","Component 2","News"],"inLanguage":"en-GB"},{"@type":"WebPage","@id":"https:\/\/alinvest-verde.eu\/se-analiza-en-peru-el-impacto-del-reglamento-de-deforestacion-de-la-ue\/","url":"https:\/\/alinvest-verde.eu\/se-analiza-en-peru-el-impacto-del-reglamento-de-deforestacion-de-la-ue\/","name":"Peru analyses the impact of EU deforestation regulations - Programme AL-INVEST Verde","isPartOf":{"@id":"https:\/\/alinvest-verde.eu\/#website"},"primaryImageOfPage":{"@id":"https:\/\/alinvest-verde.eu\/se-analiza-en-peru-el-impacto-del-reglamento-de-deforestacion-de-la-ue\/#primaryimage"},"image":{"@id":"https:\/\/alinvest-verde.eu\/se-analiza-en-peru-el-impacto-del-reglamento-de-deforestacion-de-la-ue\/#primaryimage"},"thumbnailUrl":"https:\/\/alinvest-verde.eu\/wp-content\/uploads\/2023\/03\/20230320-AIV-BM-MINCETUR.jpeg","datePublished":"2023-03-28T09:09:22+00:00","dateModified":"2024-07-05T15:21:59+00:00","breadcrumb":{"@id":"https:\/\/alinvest-verde.eu\/se-analiza-en-peru-el-impacto-del-reglamento-de-deforestacion-de-la-ue\/#breadcrumb"},"inLanguage":"en-GB","potentialAction":[{"@type":"ReadAction","target":["https:\/\/alinvest-verde.eu\/se-analiza-en-peru-el-impacto-del-reglamento-de-deforestacion-de-la-ue\/"]}]},{"@type":"ImageObject","inLanguage":"en-GB","@id":"https:\/\/alinvest-verde.eu\/se-analiza-en-peru-el-impacto-del-reglamento-de-deforestacion-de-la-ue\/#primaryimage","url":"https:\/\/alinvest-verde.eu\/wp-content\/uploads\/2023\/03\/20230320-AIV-BM-MINCETUR.jpeg","contentUrl":"https:\/\/alinvest-verde.eu\/wp-content\/uploads\/2023\/03\/20230320-AIV-BM-MINCETUR.jpeg","width":1024,"height":722},{"@type":"BreadcrumbList","@id":"https:\/\/alinvest-verde.eu\/se-analiza-en-peru-el-impacto-del-reglamento-de-deforestacion-de-la-ue\/#breadcrumb","itemListElement":[{"@type":"ListItem","position":1,"name":"Inicio","item":"https:\/\/alinvest-verde.eu\/"},{"@type":"ListItem","position":2,"name":"Component 2","item":"https:\/\/alinvest-verde.eu\/category\/component-2\/"},{"@type":"ListItem","position":3,"name":"Se analiza en Per\u00fa el impacto del reglamento de deforestaci\u00f3n de la UE"}]},{"@type":"WebSite","@id":"https:\/\/alinvest-verde.eu\/#website","url":"https:\/\/alinvest-verde.eu\/","name":"Programme AL-INVEST Verde","description":"Building alliances with the private sector in LA and promote sustainable growth and jobs creation by supporting the transition towards a low-carbon, resource-efficient economy","publisher":{"@id":"https:\/\/alinvest-verde.eu\/#organization"},"potentialAction":[{"@type":"SearchAction","target":{"@type":"EntryPoint","urlTemplate":"https:\/\/alinvest-verde.eu\/?s={search_term_string}"},"query-input":{"@type":"PropertyValueSpecification","valueRequired":true,"valueName":"search_term_string"}}],"inLanguage":"en-GB"},{"@type":"Organization","@id":"https:\/\/alinvest-verde.eu\/#organization","name":"Programme AL-INVEST Verde","url":"https:\/\/alinvest-verde.eu\/","logo":{"@type":"ImageObject","inLanguage":"en-GB","@id":"https:\/\/alinvest-verde.eu\/#\/schema\/logo\/image\/","url":"https:\/\/alinvest-verde.eu\/wp-content\/uploads\/2022\/01\/cropped-logo-financiado-por-la-UE.jpg","contentUrl":"https:\/\/alinvest-verde.eu\/wp-content\/uploads\/2022\/01\/cropped-logo-financiado-por-la-UE.jpg","width":756,"height":216,"caption":"Programme AL-INVEST Verde"},"image":{"@id":"https:\/\/alinvest-verde.eu\/#\/schema\/logo\/image\/"}},{"@type":"Person","@id":"https:\/\/alinvest-verde.eu\/#\/schema\/person\/8804ec49772ba377829838bc11b6aa6b","name":"Azucena Garcia","image":{"@type":"ImageObject","inLanguage":"en-GB","@id":"https:\/\/secure.gravatar.com\/avatar\/fc4d91c562d3c4ac55cafd2f4ae4ebd513d2304b007a5c8d4f2d8543edeb9d79?s=96&d=mm&r=g","url":"https:\/\/secure.gravatar.com\/avatar\/fc4d91c562d3c4ac55cafd2f4ae4ebd513d2304b007a5c8d4f2d8543edeb9d79?s=96&d=mm&r=g","contentUrl":"https:\/\/secure.gravatar.com\/avatar\/fc4d91c562d3c4ac55cafd2f4ae4ebd513d2304b007a5c8d4f2d8543edeb9d79?s=96&d=mm&r=g","caption":"Azucena Garc\u00eda"},"sameAs":["https:\/\/x.com\/Frank Summa"],"url":"https:\/\/alinvest-verde.eu\/en_gb\/author\/azucena-garcia\/"}]}},"_links":{"self":[{"href":"https:\/\/alinvest-verde.eu\/en_gb\/wp-json\/wp\/v2\/posts\/5362","targetHints":{"allow":["GET"]}}],"collection":[{"href":"https:\/\/alinvest-verde.eu\/en_gb\/wp-json\/wp\/v2\/posts"}],"about":[{"href":"https:\/\/alinvest-verde.eu\/en_gb\/wp-json\/wp\/v2\/types\/post"}],"author":[{"embeddable":true,"href":"https:\/\/alinvest-verde.eu\/en_gb\/wp-json\/wp\/v2\/users\/6"}],"replies":[{"embeddable":true,"href":"https:\/\/alinvest-verde.eu\/en_gb\/wp-json\/wp\/v2\/comments?post=5362"}],"version-history":[{"count":5,"href":"https:\/\/alinvest-verde.eu\/en_gb\/wp-json\/wp\/v2\/posts\/5362\/revisions"}],"predecessor-version":[{"id":5714,"href":"https:\/\/alinvest-verde.eu\/en_gb\/wp-json\/wp\/v2\/posts\/5362\/revisions\/5714"}],"wp:featuredmedia":[{"embeddable":true,"href":"https:\/\/alinvest-verde.eu\/en_gb\/wp-json\/wp\/v2\/media\/5363"}],"wp:attachment":[{"href":"https:\/\/alinvest-verde.eu\/en_gb\/wp-json\/wp\/v2\/media?parent=5362"}],"wp:term":[{"taxonomy":"category","embeddable":true,"href":"https:\/\/alinvest-verde.eu\/en_gb\/wp-json\/wp\/v2\/categories?post=5362"},{"taxonomy":"post_tag","embeddable":true,"href":"https:\/\/alinvest-verde.eu\/en_gb\/wp-json\/wp\/v2\/tags?post=5362"}],"curies":[{"name":"wp","href":"https:\/\/api.w.org\/{rel}","templated":true}]}}