{"id":6178,"date":"2023-05-05T11:15:27","date_gmt":"2023-05-05T09:15:27","guid":{"rendered":"https:\/\/alinvest-verde.eu\/?p=6178"},"modified":"2024-07-05T17:21:59","modified_gmt":"2024-07-05T15:21:59","slug":"se-presenta-asistencia-tecnica-a-colombia-para-promover-exportaciones-mas-sostenibles","status":"publish","type":"post","link":"https:\/\/alinvest-verde.eu\/en_gb\/se-presenta-asistencia-tecnica-a-colombia-para-promover-exportaciones-mas-sostenibles\/","title":{"rendered":"Technical assistance to Colombia to promote more sustainable exports"},"content":{"rendered":"<div data-elementor-type=\"wp-post\" data-elementor-id=\"6178\" class=\"elementor elementor-6178\" data-elementor-post-type=\"post\">\n\t\t\t\t\t\t<section class=\"elementor-section elementor-top-section elementor-element elementor-element-3bc30c2d elementor-section-boxed elementor-section-height-default elementor-section-height-default\" data-id=\"3bc30c2d\" data-element_type=\"section\" data-e-type=\"section\">\n\t\t\t\t\t\t<div class=\"elementor-container elementor-column-gap-default\">\n\t\t\t\t\t<div class=\"elementor-column elementor-col-100 elementor-top-column elementor-element elementor-element-24599063\" data-id=\"24599063\" data-element_type=\"column\" data-e-type=\"column\">\n\t\t\t<div class=\"elementor-widget-wrap elementor-element-populated\">\n\t\t\t\t\t\t<div class=\"elementor-element elementor-element-e0707b8 elementor-widget elementor-widget-text-editor\" data-id=\"e0707b8\" data-element_type=\"widget\" data-e-type=\"widget\" data-widget_type=\"text-editor.default\">\n\t\t\t\t<div class=\"elementor-widget-container\">\n\t\t\t\t\t\t\t\t\t<p><\/p>\n<p class=\"wp-block-paragraph\"><strong>Bogot\u00e1, 04 May 2023. <\/strong>Component 2 of AL-INVEST Verde presented in Bogot\u00e1, Colombia, the technical assistance it provides to the Ministry of Trade, Industry and Tourism (MinCIT), through ProColombia, to support the implementation of <strong>sustainable practices in the agro-industrial sector<\/strong> and meet the requirements of the European market in terms of sustainability, which will guarantee exports to the EU.<\/p>\n<p><\/p>\n<p><\/p>\n<p class=\"wp-block-paragraph\">Through this collaboration, Colombian companies will be able to learn about European regulations affecting exports and receive support to adapt to their compliance. Priority products will be coffee, cocoa, cane sugar, palm oil, fresh fruit and flowers, and natural ingredients.<\/p>\n<p><\/p>\n<p><\/p>\n<figure class=\"wp-block-image size-full\"><img fetchpriority=\"high\" decoding=\"async\" width=\"1024\" height=\"576\" class=\"wp-image-6180\" src=\"https:\/\/alinvest-verde.eu\/wp-content\/uploads\/2023\/05\/Luis-Felipe-Quintero.jpeg\" alt=\"\" srcset=\"https:\/\/alinvest-verde.eu\/wp-content\/uploads\/2023\/05\/Luis-Felipe-Quintero.jpeg 1024w, https:\/\/alinvest-verde.eu\/wp-content\/uploads\/2023\/05\/Luis-Felipe-Quintero-300x169.jpeg 300w, https:\/\/alinvest-verde.eu\/wp-content\/uploads\/2023\/05\/Luis-Felipe-Quintero-768x432.jpeg 768w, https:\/\/alinvest-verde.eu\/wp-content\/uploads\/2023\/05\/Luis-Felipe-Quintero-18x10.jpeg 18w\" sizes=\"(max-width: 1024px) 100vw, 1024px\" \/>\n<p>\u00a0<\/p>\n<figcaption class=\"wp-element-caption\">Luis Felipe Quintero, Vice-Minister of Foreign Trade of the Ministry of Trade, Industry and Tourism (MinCIT).<\/figcaption>\n<\/figure>\n<p><\/p>\n<p><\/p>\n<p class=\"wp-block-paragraph\">During the launch event, the <strong>Vice-Minister of Foreign Trade of the MinCIT, Luis Felipe Quintero<\/strong>He hoped that Colombian agricultural products and agro-industry could meet the standards derived from the European Green Pact in order to maintain exports in a sustainable and sustained manner to the European market. \"The aim is to prevent the Green Pact measures from becoming technical barriers to trade,\" he said.<\/p>\n<p><\/p>\n<p><\/p>\n<figure class=\"wp-block-image size-full\"><img decoding=\"async\" width=\"1024\" height=\"576\" class=\"wp-image-6181\" src=\"https:\/\/alinvest-verde.eu\/wp-content\/uploads\/2023\/05\/Gilles-Bertrand.jpeg\" alt=\"\" srcset=\"https:\/\/alinvest-verde.eu\/wp-content\/uploads\/2023\/05\/Gilles-Bertrand.jpeg 1024w, https:\/\/alinvest-verde.eu\/wp-content\/uploads\/2023\/05\/Gilles-Bertrand-300x169.jpeg 300w, https:\/\/alinvest-verde.eu\/wp-content\/uploads\/2023\/05\/Gilles-Bertrand-768x432.jpeg 768w, https:\/\/alinvest-verde.eu\/wp-content\/uploads\/2023\/05\/Gilles-Bertrand-18x10.jpeg 18w\" sizes=\"(max-width: 1024px) 100vw, 1024px\" \/>\n<p>\u00a0<\/p>\n<figcaption class=\"wp-element-caption\">Gilles Bertrand, EU Ambassador to Colombia.<\/figcaption>\n<\/figure>\n<p><\/p>\n<p><\/p>\n<p class=\"wp-block-paragraph\">For its part, the <strong>EU Ambassador in Colombia Gilles Bertrand<\/strong>He stressed that \"the European Union is already the first destination for Colombian agricultural exports\". \"With this initiative, we are working to bring more sustainable and quality products from the Colombian countryside to European tables,\" he said.<\/p>\n<p><\/p>\n<p><\/p>\n<figure class=\"wp-block-image size-full\"><img decoding=\"async\" width=\"1024\" height=\"576\" class=\"wp-image-6182\" src=\"https:\/\/alinvest-verde.eu\/wp-content\/uploads\/2023\/05\/Juliana-Villegas.jpeg\" alt=\"\" srcset=\"https:\/\/alinvest-verde.eu\/wp-content\/uploads\/2023\/05\/Juliana-Villegas.jpeg 1024w, https:\/\/alinvest-verde.eu\/wp-content\/uploads\/2023\/05\/Juliana-Villegas-300x169.jpeg 300w, https:\/\/alinvest-verde.eu\/wp-content\/uploads\/2023\/05\/Juliana-Villegas-768x432.jpeg 768w, https:\/\/alinvest-verde.eu\/wp-content\/uploads\/2023\/05\/Juliana-Villegas-18x10.jpeg 18w\" sizes=\"(max-width: 1024px) 100vw, 1024px\" \/>\n<p>\u00a0<\/p>\n<figcaption class=\"wp-element-caption\">Juliana Villegas, Vice President of Exports at ProColombia.<\/figcaption>\n<\/figure>\n<p><\/p>\n<p><\/p>\n<p class=\"wp-block-paragraph\">In her speech, the <strong>ProColombia's Vice President for Exports, Juliana Villegas<\/strong>explained that \"sustainability is a vital issue in our strategy to support the internationalisation of Colombian entrepreneurs, and in the Ministry's Reindustrialisation Policy for energy transformation towards sustainable productive development. Not only do products that have a positive impact on the environment and communities have a greater commercial opportunity in markets such as Europe, but they also obtain better prices for payment\".<\/p>\n<p><\/p>\n<p><\/p>\n<p class=\"wp-block-paragraph\">The partnership will be implemented through the <a href=\"https:\/\/alinvest-verde.eu\/en_gb\/acerca-del-componente-2\/\">Component 2<\/a> of the AL-INVEST Verde programme, which provides technical assistance to the public sector. Its director, Emilio Calvo, said that \"this action was defined jointly with ProColombia, in coordination with MINCIT\". \"Its objective is to <strong>improving compliance and alignment with the European Green Pact of seven Colombian agro-export sectors<\/strong> which have high export quotas to the EU, so they can potentially be affected by the new EU market regulations if appropriate measures are not taken,\" he added.<\/p>\n<p><\/p>\n<p><\/p>\n<p class=\"wp-block-paragraph\">The event was also attended by Gabriel Duque, director of the trade section of the Colombian Mission to the EU; Morgane Dejean and Simone Ravanelli, International Relations Officers at the European Commission's Directorate-General for Environment, who presented the EU Regulation on deforestation-free products and the European Green Pact, respectively; David Parejo and Reyes Farf\u00e1n, from the consultancy Track Global Solutions, in charge of technical assistance; as well as institutional representatives of the Colombian Government, the EU and the coffee, sugar cane, cocoa and palm sector.<\/p>\n<p><\/p>\n<p><\/p>\n<p class=\"wp-block-paragraph\"><strong>European Green Pact<\/strong><\/p>\n<p><\/p>\n<p><\/p>\n<p class=\"wp-block-paragraph\">The European Green Pact is supported by the 27 EU Member States, which have committed themselves to reducing emissions by at least 55 % by 2030, compared to 1990 levels. The aim is to make Europe climate neutral by 2050. This agreement, together with the Farm to Fork Strategy and the Deforestation-Free Regulation, outline the sustainability requirements for export to the EU.<\/p>\n<p><\/p>\n<p><\/p>\n<p class=\"wp-block-paragraph\">The technical assistance will include the preparation of a diagnostic study on the characteristics of the prioritised Colombian agro-industrial sectors and products, as well as the conditions for compliance with the regulations and sustainability standards required to export to the EU. Based on this study, the needs and opportunities of the prioritised sectors and products will be analysed, with the aim of proposing concrete actions for each one.<\/p>\n<p><\/p>\n<p><\/p>\n<p class=\"wp-block-paragraph\">In addition, meetings with European importers, regional dialogue tables and two training actions on sustainability and exports are planned. An online course will be given to staff of ProColombia, MINCIT and the agro-industrial sectors, together with a closing technical seminar with public entities and representatives of trade unions, academia and companies in the prioritised agro-industrial sectors. The actions described above should take into account aspects of gender perspective, among other fundamental elements that are part of the good practices of sustainability of the companies.<\/p>\n<p><\/p>\n<p><\/p>\n<p class=\"wp-block-paragraph\">Intensive agricultural and livestock production systems generate negative externalities, such as increased deforestation, reduced biodiversity and land grabbing, among others, which contribute to the depletion of natural resources and the advance of climate change. The aforementioned European initiatives advocate moving towards sustainability from production to consumption, so that international trade in products must comply with requirements that guarantee their sustainability.<\/p>\n<p><\/p>\n<p><\/p>\n<p class=\"wp-block-paragraph\"><strong>About AL-INVEST Verde<\/strong><\/p>\n<p><\/p>\n<p><\/p>\n<p class=\"wp-block-paragraph\">AL-INVEST Verde is a European Union (EU) programme whose main objective is to promote sustainable growth and job creation in Latin America by supporting the transition towards a low-carbon, resource-efficient and more circular economy. Through Component 2, led by FIIAPP in consortium with IILA, the programme provides assistance for strengthening public policy and multi-stakeholder dialogues on sustainable agricultural and value chains, environmental and labour standards, as well as sustainable trade and economic policy and regulatory frameworks.\u00a0<\/p>\n<p><\/p>\n<p><\/p>\n<p class=\"wp-block-paragraph\">Further information: <a href=\"https:\/\/alinvest-verde.eu\/en_gb\/\">www.alinvest-verde.eu<\/a><\/p>\n<p><\/p>\t\t\t\t\t\t\t\t<\/div>\n\t\t\t\t<\/div>\n\t\t\t\t\t<\/div>\n\t\t<\/div>\n\t\t\t\t\t<\/div>\n\t\t<\/section>\n\t\t\t\t<section class=\"elementor-section elementor-top-section elementor-element elementor-element-6a28859 elementor-section-boxed elementor-section-height-default elementor-section-height-default\" data-id=\"6a28859\" data-element_type=\"section\" data-e-type=\"section\">\n\t\t\t\t\t\t<div class=\"elementor-container elementor-column-gap-default\">\n\t\t\t\t\t<div class=\"elementor-column elementor-col-100 elementor-top-column elementor-element elementor-element-8241e75\" data-id=\"8241e75\" data-element_type=\"column\" data-e-type=\"column\">\n\t\t\t<div class=\"elementor-widget-wrap elementor-element-populated\">\n\t\t\t\t\t\t<div class=\"elementor-element elementor-element-955daf8 elementor-widget elementor-widget-html\" data-id=\"955daf8\" data-element_type=\"widget\" data-e-type=\"widget\" data-widget_type=\"html.default\">\n\t\t\t\t<div class=\"elementor-widget-container\">\n\t\t\t\t\t<a data-flickr-embed=\"true\" href=\"https:\/\/www.flickr.com\/photos\/al-investverde\/albums\/72177720308129290\" title=\"Presentation of technical assistance to Colombia\"><img loading=\"lazy\" decoding=\"async\" src=\"https:\/\/live.staticflickr.com\/65535\/52882362272_5b95d1e4e8_b.jpg\" width=\"1024\" height=\"768\" alt=\"Presentaci\u00f3n de asistencia t\u00e9cnica a Colombia\"\/><\/a><script async src=\"\/\/embedr.flickr.com\/assets\/client-code.js\" charset=\"utf-8\"><\/script>\t\t\t\t<\/div>\n\t\t\t\t<\/div>\n\t\t\t\t\t<\/div>\n\t\t<\/div>\n\t\t\t\t\t<\/div>\n\t\t<\/section>\n\t\t\t\t<section class=\"elementor-section elementor-top-section elementor-element elementor-element-624b598 elementor-section-boxed elementor-section-height-default elementor-section-height-default\" data-id=\"624b598\" data-element_type=\"section\" data-e-type=\"section\">\n\t\t\t\t\t\t<div class=\"elementor-container elementor-column-gap-default\">\n\t\t\t\t\t<div class=\"elementor-column elementor-col-100 elementor-top-column elementor-element elementor-element-66e0df3\" data-id=\"66e0df3\" data-element_type=\"column\" data-e-type=\"column\">\n\t\t\t<div class=\"elementor-widget-wrap elementor-element-populated\">\n\t\t\t\t\t\t<div class=\"elementor-element elementor-element-2539127 elementor-widget elementor-widget-html\" data-id=\"2539127\" data-element_type=\"widget\" data-e-type=\"widget\" data-widget_type=\"html.default\">\n\t\t\t\t<div class=\"elementor-widget-container\">\n\t\t\t\t\t<iframe width=\"560\" height=\"315\" src=\"https:\/\/www.youtube.com\/embed\/obhrxXbPfG4\" title=\"YouTube video player\" frameborder=\"0\" allow=\"accelerometer; autoplay; clipboard-write; encrypted-media; gyroscope; picture-in-picture; web-share\" allowfullscreen><\/iframe>\t\t\t\t<\/div>\n\t\t\t\t<\/div>\n\t\t\t\t\t<\/div>\n\t\t<\/div>\n\t\t\t\t\t<\/div>\n\t\t<\/section>\n\t\t\t\t<\/div>","protected":false},"excerpt":{"rendered":"<p>Bogot\u00e1, 04 de mayo de 2023.- El Componente 2 de AL-INVEST Verde present\u00f3 en Bogot\u00e1, Colombia, la asistencia t\u00e9cnica que presta al Ministerio de Comercio, Industria y Turismo (MinCIT), a trav\u00e9s de ProColombia, para favorecer la implementaci\u00f3n de pr\u00e1cticas sostenibles en el sector agroindustrial y cumplir con los requerimientos del mercado europeo en materia de [&hellip;]<\/p>\n","protected":false},"author":6,"featured_media":6179,"comment_status":"closed","ping_status":"closed","sticky":false,"template":"","format":"standard","meta":{"footnotes":""},"categories":[54,60,24,19,20],"tags":[74,73,30],"class_list":["post-6178","post","type-post","status-publish","format-standard","has-post-thumbnail","hentry","category-2023-component-2","category-2023-news","category-actualidad","category-component-2","category-news","tag-agroindustrial","tag-exportacion","tag-sostenibilidad"],"yoast_head":"<!-- This site is optimized with the Yoast SEO plugin v28.4 - https:\/\/yoast.com\/product\/yoast-seo-wordpress\/ -->\n<title>Asistencia t\u00e9cnica a Colombia para promover exportaciones m\u00e1s sostenibles - Programme AL-INVEST Verde<\/title>\n<meta name=\"robots\" content=\"index, follow, max-snippet:-1, max-image-preview:large, max-video-preview:-1\" \/>\n<link rel=\"canonical\" href=\"https:\/\/alinvest-verde.eu\/en_gb\/se-presenta-asistencia-tecnica-a-colombia-para-promover-exportaciones-mas-sostenibles\/\" \/>\n<meta property=\"og:locale\" content=\"en_GB\" \/>\n<meta property=\"og:type\" content=\"article\" \/>\n<meta property=\"og:title\" content=\"Asistencia t\u00e9cnica a Colombia para promover exportaciones m\u00e1s sostenibles - Programme AL-INVEST Verde\" \/>\n<meta property=\"og:description\" content=\"Bogot\u00e1, 04 de mayo de 2023.- El Componente 2 de AL-INVEST Verde present\u00f3 en Bogot\u00e1, Colombia, la asistencia t\u00e9cnica que presta al Ministerio de Comercio, Industria y Turismo (MinCIT), a trav\u00e9s de ProColombia, para favorecer la implementaci\u00f3n de pr\u00e1cticas sostenibles en el sector agroindustrial y cumplir con los requerimientos del mercado europeo en materia de [&hellip;]\" \/>\n<meta property=\"og:url\" content=\"https:\/\/alinvest-verde.eu\/en_gb\/se-presenta-asistencia-tecnica-a-colombia-para-promover-exportaciones-mas-sostenibles\/\" \/>\n<meta property=\"og:site_name\" content=\"Programme AL-INVEST Verde\" \/>\n<meta property=\"article:published_time\" content=\"2023-05-05T09:15:27+00:00\" \/>\n<meta property=\"article:modified_time\" content=\"2024-07-05T15:21:59+00:00\" \/>\n<meta property=\"og:image\" content=\"https:\/\/alinvest-verde.eu\/wp-content\/uploads\/2023\/05\/Colombia-ffamilia.jpeg\" \/>\n\t<meta property=\"og:image:width\" content=\"1024\" \/>\n\t<meta property=\"og:image:height\" content=\"576\" \/>\n\t<meta property=\"og:image:type\" content=\"image\/jpeg\" \/>\n<meta name=\"author\" content=\"Azucena Garc\u00eda\" \/>\n<meta name=\"twitter:card\" content=\"summary_large_image\" \/>\n<meta name=\"twitter:creator\" content=\"@Frank Summa\" \/>\n<meta name=\"twitter:label1\" content=\"Written by\" \/>\n\t<meta name=\"twitter:data1\" content=\"\" \/>\n\t<meta name=\"twitter:label2\" content=\"Estimated reading time\" \/>\n\t<meta name=\"twitter:data2\" content=\"6 minutes\" \/>\n<script type=\"application\/ld+json\" class=\"yoast-schema-graph\">{\"@context\":\"https:\\\/\\\/schema.org\",\"@graph\":[{\"@type\":\"Article\",\"@id\":\"https:\\\/\\\/alinvest-verde.eu\\\/se-presenta-asistencia-tecnica-a-colombia-para-promover-exportaciones-mas-sostenibles\\\/#article\",\"isPartOf\":{\"@id\":\"https:\\\/\\\/alinvest-verde.eu\\\/se-presenta-asistencia-tecnica-a-colombia-para-promover-exportaciones-mas-sostenibles\\\/\"},\"author\":{\"name\":\"Azucena Garc\u00eda\",\"@id\":\"https:\\\/\\\/alinvest-verde.eu\\\/#\\\/schema\\\/person\\\/8804ec49772ba377829838bc11b6aa6b\"},\"headline\":\"Asistencia t\u00e9cnica a Colombia para promover exportaciones m\u00e1s sostenibles\",\"datePublished\":\"2023-05-05T09:15:27+00:00\",\"dateModified\":\"2024-07-05T15:21:59+00:00\",\"mainEntityOfPage\":{\"@id\":\"https:\\\/\\\/alinvest-verde.eu\\\/se-presenta-asistencia-tecnica-a-colombia-para-promover-exportaciones-mas-sostenibles\\\/\"},\"wordCount\":1047,\"publisher\":{\"@id\":\"https:\\\/\\\/alinvest-verde.eu\\\/#organization\"},\"image\":{\"@id\":\"https:\\\/\\\/alinvest-verde.eu\\\/se-presenta-asistencia-tecnica-a-colombia-para-promover-exportaciones-mas-sostenibles\\\/#primaryimage\"},\"thumbnailUrl\":\"https:\\\/\\\/alinvest-verde.eu\\\/wp-content\\\/uploads\\\/2023\\\/05\\\/Colombia-ffamilia.jpeg\",\"keywords\":[\"agroindustrial\",\"exportaci\u00f3n\",\"sostenibilidad\"],\"articleSection\":[\"2023\",\"2023\",\"Actualidad\",\"Component 2\",\"News\"],\"inLanguage\":\"en-GB\"},{\"@type\":\"WebPage\",\"@id\":\"https:\\\/\\\/alinvest-verde.eu\\\/se-presenta-asistencia-tecnica-a-colombia-para-promover-exportaciones-mas-sostenibles\\\/\",\"url\":\"https:\\\/\\\/alinvest-verde.eu\\\/se-presenta-asistencia-tecnica-a-colombia-para-promover-exportaciones-mas-sostenibles\\\/\",\"name\":\"Asistencia t\u00e9cnica a Colombia para promover exportaciones m\u00e1s sostenibles - Programme AL-INVEST Verde\",\"isPartOf\":{\"@id\":\"https:\\\/\\\/alinvest-verde.eu\\\/#website\"},\"primaryImageOfPage\":{\"@id\":\"https:\\\/\\\/alinvest-verde.eu\\\/se-presenta-asistencia-tecnica-a-colombia-para-promover-exportaciones-mas-sostenibles\\\/#primaryimage\"},\"image\":{\"@id\":\"https:\\\/\\\/alinvest-verde.eu\\\/se-presenta-asistencia-tecnica-a-colombia-para-promover-exportaciones-mas-sostenibles\\\/#primaryimage\"},\"thumbnailUrl\":\"https:\\\/\\\/alinvest-verde.eu\\\/wp-content\\\/uploads\\\/2023\\\/05\\\/Colombia-ffamilia.jpeg\",\"datePublished\":\"2023-05-05T09:15:27+00:00\",\"dateModified\":\"2024-07-05T15:21:59+00:00\",\"breadcrumb\":{\"@id\":\"https:\\\/\\\/alinvest-verde.eu\\\/se-presenta-asistencia-tecnica-a-colombia-para-promover-exportaciones-mas-sostenibles\\\/#breadcrumb\"},\"inLanguage\":\"en-GB\",\"potentialAction\":[{\"@type\":\"ReadAction\",\"target\":[\"https:\\\/\\\/alinvest-verde.eu\\\/se-presenta-asistencia-tecnica-a-colombia-para-promover-exportaciones-mas-sostenibles\\\/\"]}]},{\"@type\":\"ImageObject\",\"inLanguage\":\"en-GB\",\"@id\":\"https:\\\/\\\/alinvest-verde.eu\\\/se-presenta-asistencia-tecnica-a-colombia-para-promover-exportaciones-mas-sostenibles\\\/#primaryimage\",\"url\":\"https:\\\/\\\/alinvest-verde.eu\\\/wp-content\\\/uploads\\\/2023\\\/05\\\/Colombia-ffamilia.jpeg\",\"contentUrl\":\"https:\\\/\\\/alinvest-verde.eu\\\/wp-content\\\/uploads\\\/2023\\\/05\\\/Colombia-ffamilia.jpeg\",\"width\":1024,\"height\":576},{\"@type\":\"BreadcrumbList\",\"@id\":\"https:\\\/\\\/alinvest-verde.eu\\\/se-presenta-asistencia-tecnica-a-colombia-para-promover-exportaciones-mas-sostenibles\\\/#breadcrumb\",\"itemListElement\":[{\"@type\":\"ListItem\",\"position\":1,\"name\":\"Inicio\",\"item\":\"https:\\\/\\\/alinvest-verde.eu\\\/\"},{\"@type\":\"ListItem\",\"position\":2,\"name\":\"Component 2\",\"item\":\"https:\\\/\\\/alinvest-verde.eu\\\/category\\\/component-2\\\/\"},{\"@type\":\"ListItem\",\"position\":3,\"name\":\"2023\",\"item\":\"https:\\\/\\\/alinvest-verde.eu\\\/es_es\\\/category\\\/component-2\\\/2023-component-2\\\/\"},{\"@type\":\"ListItem\",\"position\":4,\"name\":\"Asistencia t\u00e9cnica a Colombia para promover exportaciones m\u00e1s sostenibles\"}]},{\"@type\":\"WebSite\",\"@id\":\"https:\\\/\\\/alinvest-verde.eu\\\/#website\",\"url\":\"https:\\\/\\\/alinvest-verde.eu\\\/\",\"name\":\"Programme AL-INVEST Verde\",\"description\":\"Building alliances with the private sector in LA and promote sustainable growth and jobs creation by supporting the transition towards a low-carbon, resource-efficient economy\",\"publisher\":{\"@id\":\"https:\\\/\\\/alinvest-verde.eu\\\/#organization\"},\"potentialAction\":[{\"@type\":\"SearchAction\",\"target\":{\"@type\":\"EntryPoint\",\"urlTemplate\":\"https:\\\/\\\/alinvest-verde.eu\\\/?s={search_term_string}\"},\"query-input\":{\"@type\":\"PropertyValueSpecification\",\"valueRequired\":true,\"valueName\":\"search_term_string\"}}],\"inLanguage\":\"en-GB\"},{\"@type\":\"Organization\",\"@id\":\"https:\\\/\\\/alinvest-verde.eu\\\/#organization\",\"name\":\"Programme AL-INVEST Verde\",\"url\":\"https:\\\/\\\/alinvest-verde.eu\\\/\",\"logo\":{\"@type\":\"ImageObject\",\"inLanguage\":\"en-GB\",\"@id\":\"https:\\\/\\\/alinvest-verde.eu\\\/#\\\/schema\\\/logo\\\/image\\\/\",\"url\":\"https:\\\/\\\/alinvest-verde.eu\\\/wp-content\\\/uploads\\\/2022\\\/01\\\/cropped-logo-financiado-por-la-UE.jpg\",\"contentUrl\":\"https:\\\/\\\/alinvest-verde.eu\\\/wp-content\\\/uploads\\\/2022\\\/01\\\/cropped-logo-financiado-por-la-UE.jpg\",\"width\":756,\"height\":216,\"caption\":\"Programme AL-INVEST Verde\"},\"image\":{\"@id\":\"https:\\\/\\\/alinvest-verde.eu\\\/#\\\/schema\\\/logo\\\/image\\\/\"}},{\"@type\":\"Person\",\"@id\":\"https:\\\/\\\/alinvest-verde.eu\\\/#\\\/schema\\\/person\\\/8804ec49772ba377829838bc11b6aa6b\",\"name\":\"Azucena Garc\u00eda\",\"image\":{\"@type\":\"ImageObject\",\"inLanguage\":\"en-GB\",\"@id\":\"https:\\\/\\\/secure.gravatar.com\\\/avatar\\\/fc4d91c562d3c4ac55cafd2f4ae4ebd513d2304b007a5c8d4f2d8543edeb9d79?s=96&d=mm&r=g\",\"url\":\"https:\\\/\\\/secure.gravatar.com\\\/avatar\\\/fc4d91c562d3c4ac55cafd2f4ae4ebd513d2304b007a5c8d4f2d8543edeb9d79?s=96&d=mm&r=g\",\"contentUrl\":\"https:\\\/\\\/secure.gravatar.com\\\/avatar\\\/fc4d91c562d3c4ac55cafd2f4ae4ebd513d2304b007a5c8d4f2d8543edeb9d79?s=96&d=mm&r=g\",\"caption\":\"Azucena Garc\u00eda\"},\"sameAs\":[\"https:\\\/\\\/x.com\\\/Frank Summa\"],\"url\":\"https:\\\/\\\/alinvest-verde.eu\\\/en_gb\\\/author\\\/azucena-garcia\\\/\"}]}<\/script>\n<!-- \/ Yoast SEO plugin. -->","yoast_head_json":{"title":"Technical Assistance to Colombia to promote more sustainable exports - Programme AL-INVEST Verde","robots":{"index":"index","follow":"follow","max-snippet":"max-snippet:-1","max-image-preview":"max-image-preview:large","max-video-preview":"max-video-preview:-1"},"canonical":"https:\/\/alinvest-verde.eu\/en_gb\/se-presenta-asistencia-tecnica-a-colombia-para-promover-exportaciones-mas-sostenibles\/","og_locale":"en_GB","og_type":"article","og_title":"Asistencia t\u00e9cnica a Colombia para promover exportaciones m\u00e1s sostenibles - Programme AL-INVEST Verde","og_description":"Bogot\u00e1, 04 de mayo de 2023.- El Componente 2 de AL-INVEST Verde present\u00f3 en Bogot\u00e1, Colombia, la asistencia t\u00e9cnica que presta al Ministerio de Comercio, Industria y Turismo (MinCIT), a trav\u00e9s de ProColombia, para favorecer la implementaci\u00f3n de pr\u00e1cticas sostenibles en el sector agroindustrial y cumplir con los requerimientos del mercado europeo en materia de [&hellip;]","og_url":"https:\/\/alinvest-verde.eu\/en_gb\/se-presenta-asistencia-tecnica-a-colombia-para-promover-exportaciones-mas-sostenibles\/","og_site_name":"Programme AL-INVEST Verde","article_published_time":"2023-05-05T09:15:27+00:00","article_modified_time":"2024-07-05T15:21:59+00:00","og_image":[{"width":1024,"height":576,"url":"https:\/\/alinvest-verde.eu\/wp-content\/uploads\/2023\/05\/Colombia-ffamilia.jpeg","type":"image\/jpeg"}],"author":"Azucena Garc\u00eda","twitter_card":"summary_large_image","twitter_creator":"@Frank Summa","twitter_misc":{"Written by":false,"Estimated reading time":"6 minutes"},"schema":{"@context":"https:\/\/schema.org","@graph":[{"@type":"Article","@id":"https:\/\/alinvest-verde.eu\/se-presenta-asistencia-tecnica-a-colombia-para-promover-exportaciones-mas-sostenibles\/#article","isPartOf":{"@id":"https:\/\/alinvest-verde.eu\/se-presenta-asistencia-tecnica-a-colombia-para-promover-exportaciones-mas-sostenibles\/"},"author":{"name":"Azucena Garc\u00eda","@id":"https:\/\/alinvest-verde.eu\/#\/schema\/person\/8804ec49772ba377829838bc11b6aa6b"},"headline":"Asistencia t\u00e9cnica a Colombia para promover exportaciones m\u00e1s sostenibles","datePublished":"2023-05-05T09:15:27+00:00","dateModified":"2024-07-05T15:21:59+00:00","mainEntityOfPage":{"@id":"https:\/\/alinvest-verde.eu\/se-presenta-asistencia-tecnica-a-colombia-para-promover-exportaciones-mas-sostenibles\/"},"wordCount":1047,"publisher":{"@id":"https:\/\/alinvest-verde.eu\/#organization"},"image":{"@id":"https:\/\/alinvest-verde.eu\/se-presenta-asistencia-tecnica-a-colombia-para-promover-exportaciones-mas-sostenibles\/#primaryimage"},"thumbnailUrl":"https:\/\/alinvest-verde.eu\/wp-content\/uploads\/2023\/05\/Colombia-ffamilia.jpeg","keywords":["agroindustrial","exportaci\u00f3n","sostenibilidad"],"articleSection":["2023","2023","Actualidad","Component 2","News"],"inLanguage":"en-GB"},{"@type":"WebPage","@id":"https:\/\/alinvest-verde.eu\/se-presenta-asistencia-tecnica-a-colombia-para-promover-exportaciones-mas-sostenibles\/","url":"https:\/\/alinvest-verde.eu\/se-presenta-asistencia-tecnica-a-colombia-para-promover-exportaciones-mas-sostenibles\/","name":"Technical Assistance to Colombia to promote more sustainable exports - Programme AL-INVEST Verde","isPartOf":{"@id":"https:\/\/alinvest-verde.eu\/#website"},"primaryImageOfPage":{"@id":"https:\/\/alinvest-verde.eu\/se-presenta-asistencia-tecnica-a-colombia-para-promover-exportaciones-mas-sostenibles\/#primaryimage"},"image":{"@id":"https:\/\/alinvest-verde.eu\/se-presenta-asistencia-tecnica-a-colombia-para-promover-exportaciones-mas-sostenibles\/#primaryimage"},"thumbnailUrl":"https:\/\/alinvest-verde.eu\/wp-content\/uploads\/2023\/05\/Colombia-ffamilia.jpeg","datePublished":"2023-05-05T09:15:27+00:00","dateModified":"2024-07-05T15:21:59+00:00","breadcrumb":{"@id":"https:\/\/alinvest-verde.eu\/se-presenta-asistencia-tecnica-a-colombia-para-promover-exportaciones-mas-sostenibles\/#breadcrumb"},"inLanguage":"en-GB","potentialAction":[{"@type":"ReadAction","target":["https:\/\/alinvest-verde.eu\/se-presenta-asistencia-tecnica-a-colombia-para-promover-exportaciones-mas-sostenibles\/"]}]},{"@type":"ImageObject","inLanguage":"en-GB","@id":"https:\/\/alinvest-verde.eu\/se-presenta-asistencia-tecnica-a-colombia-para-promover-exportaciones-mas-sostenibles\/#primaryimage","url":"https:\/\/alinvest-verde.eu\/wp-content\/uploads\/2023\/05\/Colombia-ffamilia.jpeg","contentUrl":"https:\/\/alinvest-verde.eu\/wp-content\/uploads\/2023\/05\/Colombia-ffamilia.jpeg","width":1024,"height":576},{"@type":"BreadcrumbList","@id":"https:\/\/alinvest-verde.eu\/se-presenta-asistencia-tecnica-a-colombia-para-promover-exportaciones-mas-sostenibles\/#breadcrumb","itemListElement":[{"@type":"ListItem","position":1,"name":"Inicio","item":"https:\/\/alinvest-verde.eu\/"},{"@type":"ListItem","position":2,"name":"Component 2","item":"https:\/\/alinvest-verde.eu\/category\/component-2\/"},{"@type":"ListItem","position":3,"name":"2023","item":"https:\/\/alinvest-verde.eu\/es_es\/category\/component-2\/2023-component-2\/"},{"@type":"ListItem","position":4,"name":"Asistencia t\u00e9cnica a Colombia para promover exportaciones m\u00e1s sostenibles"}]},{"@type":"WebSite","@id":"https:\/\/alinvest-verde.eu\/#website","url":"https:\/\/alinvest-verde.eu\/","name":"Programme AL-INVEST Verde","description":"Building alliances with the private sector in LA and promote sustainable growth and jobs creation by supporting the transition towards a low-carbon, resource-efficient economy","publisher":{"@id":"https:\/\/alinvest-verde.eu\/#organization"},"potentialAction":[{"@type":"SearchAction","target":{"@type":"EntryPoint","urlTemplate":"https:\/\/alinvest-verde.eu\/?s={search_term_string}"},"query-input":{"@type":"PropertyValueSpecification","valueRequired":true,"valueName":"search_term_string"}}],"inLanguage":"en-GB"},{"@type":"Organization","@id":"https:\/\/alinvest-verde.eu\/#organization","name":"Programme AL-INVEST Verde","url":"https:\/\/alinvest-verde.eu\/","logo":{"@type":"ImageObject","inLanguage":"en-GB","@id":"https:\/\/alinvest-verde.eu\/#\/schema\/logo\/image\/","url":"https:\/\/alinvest-verde.eu\/wp-content\/uploads\/2022\/01\/cropped-logo-financiado-por-la-UE.jpg","contentUrl":"https:\/\/alinvest-verde.eu\/wp-content\/uploads\/2022\/01\/cropped-logo-financiado-por-la-UE.jpg","width":756,"height":216,"caption":"Programme AL-INVEST Verde"},"image":{"@id":"https:\/\/alinvest-verde.eu\/#\/schema\/logo\/image\/"}},{"@type":"Person","@id":"https:\/\/alinvest-verde.eu\/#\/schema\/person\/8804ec49772ba377829838bc11b6aa6b","name":"Azucena Garcia","image":{"@type":"ImageObject","inLanguage":"en-GB","@id":"https:\/\/secure.gravatar.com\/avatar\/fc4d91c562d3c4ac55cafd2f4ae4ebd513d2304b007a5c8d4f2d8543edeb9d79?s=96&d=mm&r=g","url":"https:\/\/secure.gravatar.com\/avatar\/fc4d91c562d3c4ac55cafd2f4ae4ebd513d2304b007a5c8d4f2d8543edeb9d79?s=96&d=mm&r=g","contentUrl":"https:\/\/secure.gravatar.com\/avatar\/fc4d91c562d3c4ac55cafd2f4ae4ebd513d2304b007a5c8d4f2d8543edeb9d79?s=96&d=mm&r=g","caption":"Azucena Garc\u00eda"},"sameAs":["https:\/\/x.com\/Frank Summa"],"url":"https:\/\/alinvest-verde.eu\/en_gb\/author\/azucena-garcia\/"}]}},"_links":{"self":[{"href":"https:\/\/alinvest-verde.eu\/en_gb\/wp-json\/wp\/v2\/posts\/6178","targetHints":{"allow":["GET"]}}],"collection":[{"href":"https:\/\/alinvest-verde.eu\/en_gb\/wp-json\/wp\/v2\/posts"}],"about":[{"href":"https:\/\/alinvest-verde.eu\/en_gb\/wp-json\/wp\/v2\/types\/post"}],"author":[{"embeddable":true,"href":"https:\/\/alinvest-verde.eu\/en_gb\/wp-json\/wp\/v2\/users\/6"}],"replies":[{"embeddable":true,"href":"https:\/\/alinvest-verde.eu\/en_gb\/wp-json\/wp\/v2\/comments?post=6178"}],"version-history":[{"count":16,"href":"https:\/\/alinvest-verde.eu\/en_gb\/wp-json\/wp\/v2\/posts\/6178\/revisions"}],"predecessor-version":[{"id":6429,"href":"https:\/\/alinvest-verde.eu\/en_gb\/wp-json\/wp\/v2\/posts\/6178\/revisions\/6429"}],"wp:featuredmedia":[{"embeddable":true,"href":"https:\/\/alinvest-verde.eu\/en_gb\/wp-json\/wp\/v2\/media\/6179"}],"wp:attachment":[{"href":"https:\/\/alinvest-verde.eu\/en_gb\/wp-json\/wp\/v2\/media?parent=6178"}],"wp:term":[{"taxonomy":"category","embeddable":true,"href":"https:\/\/alinvest-verde.eu\/en_gb\/wp-json\/wp\/v2\/categories?post=6178"},{"taxonomy":"post_tag","embeddable":true,"href":"https:\/\/alinvest-verde.eu\/en_gb\/wp-json\/wp\/v2\/tags?post=6178"}],"curies":[{"name":"wp","href":"https:\/\/api.w.org\/{rel}","templated":true}]}}