{"id":7404,"date":"2023-06-07T12:19:17","date_gmt":"2023-06-07T10:19:17","guid":{"rendered":"https:\/\/alinvest-verde.eu\/?p=7404"},"modified":"2024-07-05T17:21:59","modified_gmt":"2024-07-05T15:21:59","slug":"analisis-sobre-el-cafe-y-la-regulacion-de-la-union-europea-sobre-cadenas-libres-de-deforestacion","status":"publish","type":"post","link":"https:\/\/alinvest-verde.eu\/en_gb\/analisis-sobre-el-cafe-y-la-regulacion-de-la-union-europea-sobre-cadenas-libres-de-deforestacion\/","title":{"rendered":"Dialogue on the EU regulation on deforestation-free chains in the coffee sector"},"content":{"rendered":"<div data-elementor-type=\"wp-post\" data-elementor-id=\"7404\" class=\"elementor elementor-7404\" data-elementor-post-type=\"post\">\n\t\t\t\t\t\t<section class=\"elementor-section elementor-top-section elementor-element elementor-element-65df682 elementor-section-boxed elementor-section-height-default elementor-section-height-default\" data-id=\"65df682\" data-element_type=\"section\" data-e-type=\"section\">\n\t\t\t\t\t\t<div class=\"elementor-container elementor-column-gap-default\">\n\t\t\t\t\t<div class=\"elementor-column elementor-col-100 elementor-top-column elementor-element elementor-element-22c7d69f\" data-id=\"22c7d69f\" data-element_type=\"column\" data-e-type=\"column\">\n\t\t\t<div class=\"elementor-widget-wrap elementor-element-populated\">\n\t\t\t\t\t\t<div class=\"elementor-element elementor-element-1eed337a elementor-widget elementor-widget-text-editor\" data-id=\"1eed337a\" data-element_type=\"widget\" data-e-type=\"widget\" data-widget_type=\"text-editor.default\">\n\t\t\t\t<div class=\"elementor-widget-container\">\n\t\t\t\t\t\t\t\t\t\n<p class=\"wp-block-paragraph\"><strong>06 June 2023. <\/strong>Component 2 of AL-INVEST Verde organised the round table <strong>\"Coffee and the EU regulation on deforestation-free chains\".<\/strong>The event was attended by representatives of the European Union and countries such as Brazil, Ecuador and Peru, as well as other Latin American coffee producing countries.<\/p>\n\n<p class=\"wp-block-paragraph\">The event was held virtually and constituted the second of three round tables planned in the <strong>cycle \"Dialogue and exchange of experiences on sustainability in the coffee value chain\".<\/strong>. The first round table took place on 18 April, on \".<a href=\"https:\/\/alinvest-verde.eu\/en_gb\/intercambio-de-experiencias-sobre-sostenibilidad-en-la-cadena-de-valor-del-cafe\/\">Support programmes and instruments for sustainability in the coffee value chain<\/a>\", added.<\/p>\n\n<p class=\"wp-block-paragraph\">During the meeting, the <a href=\"https:\/\/alinvest-verde.eu\/en_gb\/reglamentos-de-cadenas-de-suministro-libres-de-deforestacion\/\">EU regulation on deforestation-free supply chains<\/a> and pooled <strong>international best practice<\/strong> in traceability to ensure sustainability in the coffee production process.<\/p>\n\n<p class=\"wp-block-paragraph\">The round table was opened by Emanuele Pitto, representative of the European Commission's Directorate-General for the Environment, who spoke about the aforementioned European regulation. He explained that it is expected to come into force at the end of 2023, although it will be applied progressively to large and small companies. Its implementation will involve concrete measures whose aim, he said, will be to \"reduce the European Union's contribution to deforestation and forest degradation worldwide\".<\/p>\n\n<p class=\"wp-block-paragraph\">Bernardino Cangussu, Director of the Support Directorate of DETEC\/EMATER of Minas Gerais (Brazil); Felipe Nunes, from the Federal University of Minas Gerais and the Territorial Intelligence Centre; Claudio Marconi, traceability expert and EU consultant for the Ministry of Agriculture and Livestock of Ecuador; C\u00e9sar Santisteban, Director of the Directorate of Statistics and Agrarian Information (DEIA) of the Ministry of Agrarian Development and Irrigation of Peru, then took the floor. Also present was Wolfgang Weinmann, coordinator of the Public-Private Coffee Task Force of the International Coffee Organisation (ICO). The moderator was Andrea Carlo Monaco, Senior Programme Manager of Component 2 of AL-INVEST Verde.<\/p>\n\n<p class=\"wp-block-paragraph\"><strong>About AL-INVEST Verde<\/strong><\/p>\n\n<p class=\"wp-block-paragraph\">AL-INVEST Verde is a programme funded by the European Union (EU). Its main objective is to promote sustainable growth and job creation in Latin America by supporting the transition towards a low-carbon, resource-efficient and more circular economy. Through Component 2, led by <a href=\"https:\/\/www.fiiapp.org\/\">FIIAPP<\/a> in consortium with <a href=\"https:\/\/iila.org\/es\/\">IILA<\/a>The programme provides assistance for strengthening public policy and multi-stakeholder dialogues on sustainable agricultural and value chains, environmental and labour standards, as well as sustainable trade and economic policy and regulatory frameworks.\u00a0<\/p>\n\n<p class=\"wp-block-paragraph\">Further information: <a href=\"https:\/\/alinvest-verde.eu\/en_gb\/\">www.alinvest-verde.eu<\/a><\/p>\n\t\t\t\t\t\t\t\t<\/div>\n\t\t\t\t<\/div>\n\t\t\t\t\t<\/div>\n\t\t<\/div>\n\t\t\t\t\t<\/div>\n\t\t<\/section>\n\t\t\t\t<section class=\"elementor-section elementor-top-section elementor-element elementor-element-9066bab elementor-section-boxed elementor-section-height-default elementor-section-height-default\" data-id=\"9066bab\" data-element_type=\"section\" data-e-type=\"section\">\n\t\t\t\t\t\t<div class=\"elementor-container elementor-column-gap-default\">\n\t\t\t\t\t<div class=\"elementor-column elementor-col-100 elementor-top-column elementor-element elementor-element-b914bcc\" data-id=\"b914bcc\" data-element_type=\"column\" data-e-type=\"column\">\n\t\t\t<div class=\"elementor-widget-wrap elementor-element-populated\">\n\t\t\t\t\t\t<div class=\"elementor-element elementor-element-fcee9d1 elementor-widget elementor-widget-html\" data-id=\"fcee9d1\" data-element_type=\"widget\" data-e-type=\"widget\" data-widget_type=\"html.default\">\n\t\t\t\t<div class=\"elementor-widget-container\">\n\t\t\t\t\t<iframe width=\"560\" height=\"400\" src=\"https:\/\/www.youtube.com\/embed\/kn8Wg2Qx3Ls\" title=\"YouTube video player\" frameborder=\"0\" allow=\"accelerometer; autoplay; clipboard-write; encrypted-media; gyroscope; picture-in-picture; web-share\" allowfullscreen><\/iframe>\t\t\t\t<\/div>\n\t\t\t\t<\/div>\n\t\t\t\t\t<\/div>\n\t\t<\/div>\n\t\t\t\t\t<\/div>\n\t\t<\/section>\n\t\t\t\t<\/div>","protected":false},"excerpt":{"rendered":"<p>06 de junio de 2023.- El Componente 2 de AL-INVEST Verde organiz\u00f3 la mesa redonda \u201cEl caf\u00e9 y la regulaci\u00f3n de la Uni\u00f3n Europea sobre cadenas libres de deforestaci\u00f3n\u201d, que cont\u00f3 con la intervenci\u00f3n de representantes de la Uni\u00f3n Europea y de pa\u00edses como Brasil, Ecuador y Per\u00fa, y con la participaci\u00f3n de otros pa\u00edses [&hellip;]<\/p>\n","protected":false},"author":6,"featured_media":7403,"comment_status":"closed","ping_status":"closed","sticky":false,"template":"","format":"standard","meta":{"footnotes":""},"categories":[60,54,24,1,19,20],"tags":[63,38,30,43],"class_list":["post-7404","post","type-post","status-publish","format-standard","has-post-thumbnail","hentry","category-2023-news","category-2023-component-2","category-actualidad","category-allgemein","category-component-2","category-news","tag-cafe","tag-deforestacion","tag-sostenibilidad","tag-trazabilidad"],"yoast_head":"<!-- This site is optimized with the Yoast SEO plugin v28.4 - https:\/\/yoast.com\/product\/yoast-seo-wordpress\/ -->\n<title>Di\u00e1logo sobre el reglamento de la Uni\u00f3n Europea sobre cadenas libres de deforestaci\u00f3n en el sector del caf\u00e9 - Programme AL-INVEST Verde<\/title>\n<meta name=\"robots\" content=\"index, follow, max-snippet:-1, max-image-preview:large, max-video-preview:-1\" \/>\n<link rel=\"canonical\" href=\"https:\/\/alinvest-verde.eu\/en_gb\/analisis-sobre-el-cafe-y-la-regulacion-de-la-union-europea-sobre-cadenas-libres-de-deforestacion\/\" \/>\n<meta property=\"og:locale\" content=\"en_GB\" \/>\n<meta property=\"og:type\" content=\"article\" \/>\n<meta property=\"og:title\" content=\"Di\u00e1logo sobre el reglamento de la Uni\u00f3n Europea sobre cadenas libres de deforestaci\u00f3n en el sector del caf\u00e9 - Programme AL-INVEST Verde\" \/>\n<meta property=\"og:description\" content=\"06 de junio de 2023.- El Componente 2 de AL-INVEST Verde organiz\u00f3 la mesa redonda \u201cEl caf\u00e9 y la regulaci\u00f3n de la Uni\u00f3n Europea sobre cadenas libres de deforestaci\u00f3n\u201d, que cont\u00f3 con la intervenci\u00f3n de representantes de la Uni\u00f3n Europea y de pa\u00edses como Brasil, Ecuador y Per\u00fa, y con la participaci\u00f3n de otros pa\u00edses [&hellip;]\" \/>\n<meta property=\"og:url\" content=\"https:\/\/alinvest-verde.eu\/en_gb\/analisis-sobre-el-cafe-y-la-regulacion-de-la-union-europea-sobre-cadenas-libres-de-deforestacion\/\" \/>\n<meta property=\"og:site_name\" content=\"Programme AL-INVEST Verde\" \/>\n<meta property=\"article:published_time\" content=\"2023-06-07T10:19:17+00:00\" \/>\n<meta property=\"article:modified_time\" content=\"2024-07-05T15:21:59+00:00\" \/>\n<meta property=\"og:image\" content=\"https:\/\/alinvest-verde.eu\/wp-content\/uploads\/2023\/06\/rodrigo-flores-sn87TQ_o7zs-unsplash-scaled.jpg\" \/>\n\t<meta property=\"og:image:width\" content=\"2560\" \/>\n\t<meta property=\"og:image:height\" content=\"1700\" \/>\n\t<meta property=\"og:image:type\" content=\"image\/jpeg\" \/>\n<meta name=\"author\" content=\"Azucena Garc\u00eda\" \/>\n<meta name=\"twitter:card\" content=\"summary_large_image\" \/>\n<meta name=\"twitter:creator\" content=\"@Frank Summa\" \/>\n<meta name=\"twitter:label1\" content=\"Written by\" \/>\n\t<meta name=\"twitter:data1\" content=\"\" \/>\n\t<meta name=\"twitter:label2\" content=\"Estimated reading time\" \/>\n\t<meta name=\"twitter:data2\" content=\"3 minutes\" \/>\n<script type=\"application\/ld+json\" class=\"yoast-schema-graph\">{\"@context\":\"https:\\\/\\\/schema.org\",\"@graph\":[{\"@type\":\"Article\",\"@id\":\"https:\\\/\\\/alinvest-verde.eu\\\/analisis-sobre-el-cafe-y-la-regulacion-de-la-union-europea-sobre-cadenas-libres-de-deforestacion\\\/#article\",\"isPartOf\":{\"@id\":\"https:\\\/\\\/alinvest-verde.eu\\\/analisis-sobre-el-cafe-y-la-regulacion-de-la-union-europea-sobre-cadenas-libres-de-deforestacion\\\/\"},\"author\":{\"name\":\"Azucena Garc\u00eda\",\"@id\":\"https:\\\/\\\/alinvest-verde.eu\\\/#\\\/schema\\\/person\\\/8804ec49772ba377829838bc11b6aa6b\"},\"headline\":\"Di\u00e1logo sobre el reglamento de la Uni\u00f3n Europea sobre cadenas libres de deforestaci\u00f3n en el sector del caf\u00e9\",\"datePublished\":\"2023-06-07T10:19:17+00:00\",\"dateModified\":\"2024-07-05T15:21:59+00:00\",\"mainEntityOfPage\":{\"@id\":\"https:\\\/\\\/alinvest-verde.eu\\\/analisis-sobre-el-cafe-y-la-regulacion-de-la-union-europea-sobre-cadenas-libres-de-deforestacion\\\/\"},\"wordCount\":531,\"publisher\":{\"@id\":\"https:\\\/\\\/alinvest-verde.eu\\\/#organization\"},\"image\":{\"@id\":\"https:\\\/\\\/alinvest-verde.eu\\\/analisis-sobre-el-cafe-y-la-regulacion-de-la-union-europea-sobre-cadenas-libres-de-deforestacion\\\/#primaryimage\"},\"thumbnailUrl\":\"https:\\\/\\\/alinvest-verde.eu\\\/wp-content\\\/uploads\\\/2023\\\/06\\\/rodrigo-flores-sn87TQ_o7zs-unsplash-scaled.jpg\",\"keywords\":[\"caf\u00e9\",\"deforestaci\u00f3n\",\"sostenibilidad\",\"trazabilidad\"],\"articleSection\":[\"2023\",\"2023\",\"Actualidad\",\"Allgemein\",\"Component 2\",\"News\"],\"inLanguage\":\"en-GB\"},{\"@type\":\"WebPage\",\"@id\":\"https:\\\/\\\/alinvest-verde.eu\\\/analisis-sobre-el-cafe-y-la-regulacion-de-la-union-europea-sobre-cadenas-libres-de-deforestacion\\\/\",\"url\":\"https:\\\/\\\/alinvest-verde.eu\\\/analisis-sobre-el-cafe-y-la-regulacion-de-la-union-europea-sobre-cadenas-libres-de-deforestacion\\\/\",\"name\":\"Di\u00e1logo sobre el reglamento de la Uni\u00f3n Europea sobre cadenas libres de deforestaci\u00f3n en el sector del caf\u00e9 - Programme AL-INVEST Verde\",\"isPartOf\":{\"@id\":\"https:\\\/\\\/alinvest-verde.eu\\\/#website\"},\"primaryImageOfPage\":{\"@id\":\"https:\\\/\\\/alinvest-verde.eu\\\/analisis-sobre-el-cafe-y-la-regulacion-de-la-union-europea-sobre-cadenas-libres-de-deforestacion\\\/#primaryimage\"},\"image\":{\"@id\":\"https:\\\/\\\/alinvest-verde.eu\\\/analisis-sobre-el-cafe-y-la-regulacion-de-la-union-europea-sobre-cadenas-libres-de-deforestacion\\\/#primaryimage\"},\"thumbnailUrl\":\"https:\\\/\\\/alinvest-verde.eu\\\/wp-content\\\/uploads\\\/2023\\\/06\\\/rodrigo-flores-sn87TQ_o7zs-unsplash-scaled.jpg\",\"datePublished\":\"2023-06-07T10:19:17+00:00\",\"dateModified\":\"2024-07-05T15:21:59+00:00\",\"breadcrumb\":{\"@id\":\"https:\\\/\\\/alinvest-verde.eu\\\/analisis-sobre-el-cafe-y-la-regulacion-de-la-union-europea-sobre-cadenas-libres-de-deforestacion\\\/#breadcrumb\"},\"inLanguage\":\"en-GB\",\"potentialAction\":[{\"@type\":\"ReadAction\",\"target\":[\"https:\\\/\\\/alinvest-verde.eu\\\/analisis-sobre-el-cafe-y-la-regulacion-de-la-union-europea-sobre-cadenas-libres-de-deforestacion\\\/\"]}]},{\"@type\":\"ImageObject\",\"inLanguage\":\"en-GB\",\"@id\":\"https:\\\/\\\/alinvest-verde.eu\\\/analisis-sobre-el-cafe-y-la-regulacion-de-la-union-europea-sobre-cadenas-libres-de-deforestacion\\\/#primaryimage\",\"url\":\"https:\\\/\\\/alinvest-verde.eu\\\/wp-content\\\/uploads\\\/2023\\\/06\\\/rodrigo-flores-sn87TQ_o7zs-unsplash-scaled.jpg\",\"contentUrl\":\"https:\\\/\\\/alinvest-verde.eu\\\/wp-content\\\/uploads\\\/2023\\\/06\\\/rodrigo-flores-sn87TQ_o7zs-unsplash-scaled.jpg\",\"width\":2560,\"height\":1700},{\"@type\":\"BreadcrumbList\",\"@id\":\"https:\\\/\\\/alinvest-verde.eu\\\/analisis-sobre-el-cafe-y-la-regulacion-de-la-union-europea-sobre-cadenas-libres-de-deforestacion\\\/#breadcrumb\",\"itemListElement\":[{\"@type\":\"ListItem\",\"position\":1,\"name\":\"Inicio\",\"item\":\"https:\\\/\\\/alinvest-verde.eu\\\/\"},{\"@type\":\"ListItem\",\"position\":2,\"name\":\"Allgemein\",\"item\":\"https:\\\/\\\/alinvest-verde.eu\\\/category\\\/allgemein\\\/\"},{\"@type\":\"ListItem\",\"position\":3,\"name\":\"Di\u00e1logo sobre el reglamento de la Uni\u00f3n Europea sobre cadenas libres de deforestaci\u00f3n en el sector del caf\u00e9\"}]},{\"@type\":\"WebSite\",\"@id\":\"https:\\\/\\\/alinvest-verde.eu\\\/#website\",\"url\":\"https:\\\/\\\/alinvest-verde.eu\\\/\",\"name\":\"Programme AL-INVEST Verde\",\"description\":\"Building alliances with the private sector in LA and promote sustainable growth and jobs creation by supporting the transition towards a low-carbon, resource-efficient economy\",\"publisher\":{\"@id\":\"https:\\\/\\\/alinvest-verde.eu\\\/#organization\"},\"potentialAction\":[{\"@type\":\"SearchAction\",\"target\":{\"@type\":\"EntryPoint\",\"urlTemplate\":\"https:\\\/\\\/alinvest-verde.eu\\\/?s={search_term_string}\"},\"query-input\":{\"@type\":\"PropertyValueSpecification\",\"valueRequired\":true,\"valueName\":\"search_term_string\"}}],\"inLanguage\":\"en-GB\"},{\"@type\":\"Organization\",\"@id\":\"https:\\\/\\\/alinvest-verde.eu\\\/#organization\",\"name\":\"Programme AL-INVEST Verde\",\"url\":\"https:\\\/\\\/alinvest-verde.eu\\\/\",\"logo\":{\"@type\":\"ImageObject\",\"inLanguage\":\"en-GB\",\"@id\":\"https:\\\/\\\/alinvest-verde.eu\\\/#\\\/schema\\\/logo\\\/image\\\/\",\"url\":\"https:\\\/\\\/alinvest-verde.eu\\\/wp-content\\\/uploads\\\/2022\\\/01\\\/cropped-logo-financiado-por-la-UE.jpg\",\"contentUrl\":\"https:\\\/\\\/alinvest-verde.eu\\\/wp-content\\\/uploads\\\/2022\\\/01\\\/cropped-logo-financiado-por-la-UE.jpg\",\"width\":756,\"height\":216,\"caption\":\"Programme AL-INVEST Verde\"},\"image\":{\"@id\":\"https:\\\/\\\/alinvest-verde.eu\\\/#\\\/schema\\\/logo\\\/image\\\/\"}},{\"@type\":\"Person\",\"@id\":\"https:\\\/\\\/alinvest-verde.eu\\\/#\\\/schema\\\/person\\\/8804ec49772ba377829838bc11b6aa6b\",\"name\":\"Azucena Garc\u00eda\",\"image\":{\"@type\":\"ImageObject\",\"inLanguage\":\"en-GB\",\"@id\":\"https:\\\/\\\/secure.gravatar.com\\\/avatar\\\/fc4d91c562d3c4ac55cafd2f4ae4ebd513d2304b007a5c8d4f2d8543edeb9d79?s=96&d=mm&r=g\",\"url\":\"https:\\\/\\\/secure.gravatar.com\\\/avatar\\\/fc4d91c562d3c4ac55cafd2f4ae4ebd513d2304b007a5c8d4f2d8543edeb9d79?s=96&d=mm&r=g\",\"contentUrl\":\"https:\\\/\\\/secure.gravatar.com\\\/avatar\\\/fc4d91c562d3c4ac55cafd2f4ae4ebd513d2304b007a5c8d4f2d8543edeb9d79?s=96&d=mm&r=g\",\"caption\":\"Azucena Garc\u00eda\"},\"sameAs\":[\"https:\\\/\\\/x.com\\\/Frank Summa\"],\"url\":\"https:\\\/\\\/alinvest-verde.eu\\\/en_gb\\\/author\\\/azucena-garcia\\\/\"}]}<\/script>\n<!-- \/ Yoast SEO plugin. -->","yoast_head_json":{"title":"Dialogue on the EU regulation on deforestation-free chains in the coffee sector - Programme AL-INVEST Verde","robots":{"index":"index","follow":"follow","max-snippet":"max-snippet:-1","max-image-preview":"max-image-preview:large","max-video-preview":"max-video-preview:-1"},"canonical":"https:\/\/alinvest-verde.eu\/en_gb\/analisis-sobre-el-cafe-y-la-regulacion-de-la-union-europea-sobre-cadenas-libres-de-deforestacion\/","og_locale":"en_GB","og_type":"article","og_title":"Di\u00e1logo sobre el reglamento de la Uni\u00f3n Europea sobre cadenas libres de deforestaci\u00f3n en el sector del caf\u00e9 - Programme AL-INVEST Verde","og_description":"06 de junio de 2023.- El Componente 2 de AL-INVEST Verde organiz\u00f3 la mesa redonda \u201cEl caf\u00e9 y la regulaci\u00f3n de la Uni\u00f3n Europea sobre cadenas libres de deforestaci\u00f3n\u201d, que cont\u00f3 con la intervenci\u00f3n de representantes de la Uni\u00f3n Europea y de pa\u00edses como Brasil, Ecuador y Per\u00fa, y con la participaci\u00f3n de otros pa\u00edses [&hellip;]","og_url":"https:\/\/alinvest-verde.eu\/en_gb\/analisis-sobre-el-cafe-y-la-regulacion-de-la-union-europea-sobre-cadenas-libres-de-deforestacion\/","og_site_name":"Programme AL-INVEST Verde","article_published_time":"2023-06-07T10:19:17+00:00","article_modified_time":"2024-07-05T15:21:59+00:00","og_image":[{"width":2560,"height":1700,"url":"https:\/\/alinvest-verde.eu\/wp-content\/uploads\/2023\/06\/rodrigo-flores-sn87TQ_o7zs-unsplash-scaled.jpg","type":"image\/jpeg"}],"author":"Azucena Garc\u00eda","twitter_card":"summary_large_image","twitter_creator":"@Frank Summa","twitter_misc":{"Written by":false,"Estimated reading time":"3 minutes"},"schema":{"@context":"https:\/\/schema.org","@graph":[{"@type":"Article","@id":"https:\/\/alinvest-verde.eu\/analisis-sobre-el-cafe-y-la-regulacion-de-la-union-europea-sobre-cadenas-libres-de-deforestacion\/#article","isPartOf":{"@id":"https:\/\/alinvest-verde.eu\/analisis-sobre-el-cafe-y-la-regulacion-de-la-union-europea-sobre-cadenas-libres-de-deforestacion\/"},"author":{"name":"Azucena Garc\u00eda","@id":"https:\/\/alinvest-verde.eu\/#\/schema\/person\/8804ec49772ba377829838bc11b6aa6b"},"headline":"Di\u00e1logo sobre el reglamento de la Uni\u00f3n Europea sobre cadenas libres de deforestaci\u00f3n en el sector del caf\u00e9","datePublished":"2023-06-07T10:19:17+00:00","dateModified":"2024-07-05T15:21:59+00:00","mainEntityOfPage":{"@id":"https:\/\/alinvest-verde.eu\/analisis-sobre-el-cafe-y-la-regulacion-de-la-union-europea-sobre-cadenas-libres-de-deforestacion\/"},"wordCount":531,"publisher":{"@id":"https:\/\/alinvest-verde.eu\/#organization"},"image":{"@id":"https:\/\/alinvest-verde.eu\/analisis-sobre-el-cafe-y-la-regulacion-de-la-union-europea-sobre-cadenas-libres-de-deforestacion\/#primaryimage"},"thumbnailUrl":"https:\/\/alinvest-verde.eu\/wp-content\/uploads\/2023\/06\/rodrigo-flores-sn87TQ_o7zs-unsplash-scaled.jpg","keywords":["caf\u00e9","deforestaci\u00f3n","sostenibilidad","trazabilidad"],"articleSection":["2023","2023","Actualidad","Allgemein","Component 2","News"],"inLanguage":"en-GB"},{"@type":"WebPage","@id":"https:\/\/alinvest-verde.eu\/analisis-sobre-el-cafe-y-la-regulacion-de-la-union-europea-sobre-cadenas-libres-de-deforestacion\/","url":"https:\/\/alinvest-verde.eu\/analisis-sobre-el-cafe-y-la-regulacion-de-la-union-europea-sobre-cadenas-libres-de-deforestacion\/","name":"Dialogue on the EU regulation on deforestation-free chains in the coffee sector - Programme AL-INVEST Verde","isPartOf":{"@id":"https:\/\/alinvest-verde.eu\/#website"},"primaryImageOfPage":{"@id":"https:\/\/alinvest-verde.eu\/analisis-sobre-el-cafe-y-la-regulacion-de-la-union-europea-sobre-cadenas-libres-de-deforestacion\/#primaryimage"},"image":{"@id":"https:\/\/alinvest-verde.eu\/analisis-sobre-el-cafe-y-la-regulacion-de-la-union-europea-sobre-cadenas-libres-de-deforestacion\/#primaryimage"},"thumbnailUrl":"https:\/\/alinvest-verde.eu\/wp-content\/uploads\/2023\/06\/rodrigo-flores-sn87TQ_o7zs-unsplash-scaled.jpg","datePublished":"2023-06-07T10:19:17+00:00","dateModified":"2024-07-05T15:21:59+00:00","breadcrumb":{"@id":"https:\/\/alinvest-verde.eu\/analisis-sobre-el-cafe-y-la-regulacion-de-la-union-europea-sobre-cadenas-libres-de-deforestacion\/#breadcrumb"},"inLanguage":"en-GB","potentialAction":[{"@type":"ReadAction","target":["https:\/\/alinvest-verde.eu\/analisis-sobre-el-cafe-y-la-regulacion-de-la-union-europea-sobre-cadenas-libres-de-deforestacion\/"]}]},{"@type":"ImageObject","inLanguage":"en-GB","@id":"https:\/\/alinvest-verde.eu\/analisis-sobre-el-cafe-y-la-regulacion-de-la-union-europea-sobre-cadenas-libres-de-deforestacion\/#primaryimage","url":"https:\/\/alinvest-verde.eu\/wp-content\/uploads\/2023\/06\/rodrigo-flores-sn87TQ_o7zs-unsplash-scaled.jpg","contentUrl":"https:\/\/alinvest-verde.eu\/wp-content\/uploads\/2023\/06\/rodrigo-flores-sn87TQ_o7zs-unsplash-scaled.jpg","width":2560,"height":1700},{"@type":"BreadcrumbList","@id":"https:\/\/alinvest-verde.eu\/analisis-sobre-el-cafe-y-la-regulacion-de-la-union-europea-sobre-cadenas-libres-de-deforestacion\/#breadcrumb","itemListElement":[{"@type":"ListItem","position":1,"name":"Inicio","item":"https:\/\/alinvest-verde.eu\/"},{"@type":"ListItem","position":2,"name":"Allgemein","item":"https:\/\/alinvest-verde.eu\/category\/allgemein\/"},{"@type":"ListItem","position":3,"name":"Di\u00e1logo sobre el reglamento de la Uni\u00f3n Europea sobre cadenas libres de deforestaci\u00f3n en el sector del caf\u00e9"}]},{"@type":"WebSite","@id":"https:\/\/alinvest-verde.eu\/#website","url":"https:\/\/alinvest-verde.eu\/","name":"Programme AL-INVEST Verde","description":"Building alliances with the private sector in LA and promote sustainable growth and jobs creation by supporting the transition towards a low-carbon, resource-efficient economy","publisher":{"@id":"https:\/\/alinvest-verde.eu\/#organization"},"potentialAction":[{"@type":"SearchAction","target":{"@type":"EntryPoint","urlTemplate":"https:\/\/alinvest-verde.eu\/?s={search_term_string}"},"query-input":{"@type":"PropertyValueSpecification","valueRequired":true,"valueName":"search_term_string"}}],"inLanguage":"en-GB"},{"@type":"Organization","@id":"https:\/\/alinvest-verde.eu\/#organization","name":"Programme AL-INVEST Verde","url":"https:\/\/alinvest-verde.eu\/","logo":{"@type":"ImageObject","inLanguage":"en-GB","@id":"https:\/\/alinvest-verde.eu\/#\/schema\/logo\/image\/","url":"https:\/\/alinvest-verde.eu\/wp-content\/uploads\/2022\/01\/cropped-logo-financiado-por-la-UE.jpg","contentUrl":"https:\/\/alinvest-verde.eu\/wp-content\/uploads\/2022\/01\/cropped-logo-financiado-por-la-UE.jpg","width":756,"height":216,"caption":"Programme AL-INVEST Verde"},"image":{"@id":"https:\/\/alinvest-verde.eu\/#\/schema\/logo\/image\/"}},{"@type":"Person","@id":"https:\/\/alinvest-verde.eu\/#\/schema\/person\/8804ec49772ba377829838bc11b6aa6b","name":"Azucena Garcia","image":{"@type":"ImageObject","inLanguage":"en-GB","@id":"https:\/\/secure.gravatar.com\/avatar\/fc4d91c562d3c4ac55cafd2f4ae4ebd513d2304b007a5c8d4f2d8543edeb9d79?s=96&d=mm&r=g","url":"https:\/\/secure.gravatar.com\/avatar\/fc4d91c562d3c4ac55cafd2f4ae4ebd513d2304b007a5c8d4f2d8543edeb9d79?s=96&d=mm&r=g","contentUrl":"https:\/\/secure.gravatar.com\/avatar\/fc4d91c562d3c4ac55cafd2f4ae4ebd513d2304b007a5c8d4f2d8543edeb9d79?s=96&d=mm&r=g","caption":"Azucena Garc\u00eda"},"sameAs":["https:\/\/x.com\/Frank Summa"],"url":"https:\/\/alinvest-verde.eu\/en_gb\/author\/azucena-garcia\/"}]}},"_links":{"self":[{"href":"https:\/\/alinvest-verde.eu\/en_gb\/wp-json\/wp\/v2\/posts\/7404","targetHints":{"allow":["GET"]}}],"collection":[{"href":"https:\/\/alinvest-verde.eu\/en_gb\/wp-json\/wp\/v2\/posts"}],"about":[{"href":"https:\/\/alinvest-verde.eu\/en_gb\/wp-json\/wp\/v2\/types\/post"}],"author":[{"embeddable":true,"href":"https:\/\/alinvest-verde.eu\/en_gb\/wp-json\/wp\/v2\/users\/6"}],"replies":[{"embeddable":true,"href":"https:\/\/alinvest-verde.eu\/en_gb\/wp-json\/wp\/v2\/comments?post=7404"}],"version-history":[{"count":18,"href":"https:\/\/alinvest-verde.eu\/en_gb\/wp-json\/wp\/v2\/posts\/7404\/revisions"}],"predecessor-version":[{"id":7496,"href":"https:\/\/alinvest-verde.eu\/en_gb\/wp-json\/wp\/v2\/posts\/7404\/revisions\/7496"}],"wp:featuredmedia":[{"embeddable":true,"href":"https:\/\/alinvest-verde.eu\/en_gb\/wp-json\/wp\/v2\/media\/7403"}],"wp:attachment":[{"href":"https:\/\/alinvest-verde.eu\/en_gb\/wp-json\/wp\/v2\/media?parent=7404"}],"wp:term":[{"taxonomy":"category","embeddable":true,"href":"https:\/\/alinvest-verde.eu\/en_gb\/wp-json\/wp\/v2\/categories?post=7404"},{"taxonomy":"post_tag","embeddable":true,"href":"https:\/\/alinvest-verde.eu\/en_gb\/wp-json\/wp\/v2\/tags?post=7404"}],"curies":[{"name":"wp","href":"https:\/\/api.w.org\/{rel}","templated":true}]}}