{"id":7971,"date":"2023-07-10T14:20:31","date_gmt":"2023-07-10T12:20:31","guid":{"rendered":"https:\/\/alinvest-verde.eu\/?p=7971"},"modified":"2024-07-05T17:21:59","modified_gmt":"2024-07-05T15:21:59","slug":"representantes-de-minas-gerais-presentan-a-la-comision-europea-la-plataforma-selo-verde-mg-que-permitira-avanzar-en-trazabilidad-socioambiental","status":"publish","type":"post","link":"https:\/\/alinvest-verde.eu\/en_gb\/representantes-de-minas-gerais-presentan-a-la-comision-europea-la-plataforma-selo-verde-mg-que-permitira-avanzar-en-trazabilidad-socioambiental\/","title":{"rendered":"Representatives of Minas Gerais present the Selo Verde MG platform to the European Commission, which will enable progress in socio-environmental traceability."},"content":{"rendered":"<div data-elementor-type=\"wp-post\" data-elementor-id=\"7971\" class=\"elementor elementor-7971\" data-elementor-post-type=\"post\">\n\t\t\t\t\t\t<section class=\"elementor-section elementor-top-section elementor-element elementor-element-5458db8e elementor-section-boxed elementor-section-height-default elementor-section-height-default\" data-id=\"5458db8e\" data-element_type=\"section\" data-e-type=\"section\">\n\t\t\t\t\t\t<div class=\"elementor-container elementor-column-gap-default\">\n\t\t\t\t\t<div class=\"elementor-column elementor-col-100 elementor-top-column elementor-element elementor-element-5e8d5803\" data-id=\"5e8d5803\" data-element_type=\"column\" data-e-type=\"column\">\n\t\t\t<div class=\"elementor-widget-wrap elementor-element-populated\">\n\t\t\t\t\t\t<div class=\"elementor-element elementor-element-b4cf325 elementor-widget elementor-widget-text-editor\" data-id=\"b4cf325\" data-element_type=\"widget\" data-e-type=\"widget\" data-widget_type=\"text-editor.default\">\n\t\t\t\t<div class=\"elementor-widget-container\">\n\t\t\t\t\t\t\t\t\t<p><\/p>\n<p class=\"wp-block-paragraph\"><strong>06 July 2023 -<\/strong> Representatives of the European Commission, the State of Minas Gerais and the Federal University of Minas Gerais participated in a virtual meeting where the advances in the IT platform were presented. <a href=\"https:\/\/alinvest-verde.eu\/en_gb\/apoyo-a-brasil-para-crear-un-sistema-de-acreditacion-de-cafe-sostenible-libre-de-deforestacion\/\">Selo Verde-MG<\/a> and the next steps in its development were discussed.<\/p>\n<p><\/p>\n<p><\/p>\n<p class=\"wp-block-paragraph\">The opening was given by Ingrid Jenezova, programme manager for AL-INVEST Verde in the Directorate General for International Partnerships (DG INTPA) of the European Commission, who highlighted the importance of a public traceability system to comply with the socio-environmental requirements of, among others, the <a href=\"https:\/\/alinvest-verde.eu\/en_gb\/reglamentos-de-cadenas-de-suministro-libres-de-deforestacion\/\">Deforestation and forest degradation free supply chains regulation<\/a> and promote sustainable trade in coffee and other agri-food products between Brazil and the European Union.<\/p>\n<p><\/p>\n<p><\/p>\n<p class=\"wp-block-paragraph\"><\/p>\n<p><\/p>\n<p class=\"wp-block-paragraph\"><\/p>\t\t\t\t\t\t\t\t<\/div>\n\t\t\t\t<\/div>\n\t\t\t\t\t<\/div>\n\t\t<\/div>\n\t\t\t\t\t<\/div>\n\t\t<\/section>\n\t\t\t\t<section class=\"elementor-section elementor-top-section elementor-element elementor-element-a46df38 elementor-section-boxed elementor-section-height-default elementor-section-height-default\" data-id=\"a46df38\" data-element_type=\"section\" data-e-type=\"section\">\n\t\t\t\t\t\t<div class=\"elementor-container elementor-column-gap-default\">\n\t\t\t\t\t<div class=\"elementor-column elementor-col-100 elementor-top-column elementor-element elementor-element-72667ab\" data-id=\"72667ab\" data-element_type=\"column\" data-e-type=\"column\">\n\t\t\t<div class=\"elementor-widget-wrap elementor-element-populated\">\n\t\t\t\t\t\t<div class=\"elementor-element elementor-element-259cb01 elementor-widget elementor-widget-image\" data-id=\"259cb01\" data-element_type=\"widget\" data-e-type=\"widget\" data-widget_type=\"image.default\">\n\t\t\t\t<div class=\"elementor-widget-container\">\n\t\t\t\t\t\t\t\t\t\t\t\t\t\t\t<img fetchpriority=\"high\" decoding=\"async\" width=\"800\" height=\"356\" src=\"https:\/\/alinvest-verde.eu\/wp-content\/uploads\/2023\/07\/Presentacion-SV-MG-1024x456.jpg\" class=\"attachment-large size-large wp-image-7977\" alt=\"\" srcset=\"https:\/\/alinvest-verde.eu\/wp-content\/uploads\/2023\/07\/Presentacion-SV-MG-1024x456.jpg 1024w, https:\/\/alinvest-verde.eu\/wp-content\/uploads\/2023\/07\/Presentacion-SV-MG-300x134.jpg 300w, https:\/\/alinvest-verde.eu\/wp-content\/uploads\/2023\/07\/Presentacion-SV-MG-768x342.jpg 768w, https:\/\/alinvest-verde.eu\/wp-content\/uploads\/2023\/07\/Presentacion-SV-MG-1536x685.jpg 1536w, https:\/\/alinvest-verde.eu\/wp-content\/uploads\/2023\/07\/Presentacion-SV-MG-18x8.jpg 18w, https:\/\/alinvest-verde.eu\/wp-content\/uploads\/2023\/07\/Presentacion-SV-MG.jpg 1831w\" sizes=\"(max-width: 800px) 100vw, 800px\" \/>\t\t\t\t\t\t\t\t\t\t\t\t\t\t\t<\/div>\n\t\t\t\t<\/div>\n\t\t\t\t\t<\/div>\n\t\t<\/div>\n\t\t\t\t\t<\/div>\n\t\t<\/section>\n\t\t\t\t<section class=\"elementor-section elementor-top-section elementor-element elementor-element-cc639c3 elementor-section-boxed elementor-section-height-default elementor-section-height-default\" data-id=\"cc639c3\" data-element_type=\"section\" data-e-type=\"section\">\n\t\t\t\t\t\t<div class=\"elementor-container elementor-column-gap-default\">\n\t\t\t\t\t<div class=\"elementor-column elementor-col-100 elementor-top-column elementor-element elementor-element-5879dfe\" data-id=\"5879dfe\" data-element_type=\"column\" data-e-type=\"column\">\n\t\t\t<div class=\"elementor-widget-wrap elementor-element-populated\">\n\t\t\t\t\t\t<div class=\"elementor-element elementor-element-74dec4d elementor-widget elementor-widget-text-editor\" data-id=\"74dec4d\" data-element_type=\"widget\" data-e-type=\"widget\" data-widget_type=\"text-editor.default\">\n\t\t\t\t<div class=\"elementor-widget-container\">\n\t\t\t\t\t\t\t\t\t<p>Jo\u00e3o Ricardo Albanez, Deputy Secretary of State for Agriculture, Livestock and Supply of Minas Gerais, and Cezar Augusto Fonseca e Cruz, Director of the Directorate of Conservation and Recovery of Ecosystems of the State Forest Institute (IEF), then took the floor, highlighting the importance of the work developed so far with this platform, which has been characterised by the <b>active involvement of the productive sector<\/b>.<\/p>\n<p>Professor Britaldo Silveira Soares Filho, from the Remote Sensing Centre (CSR) of the Federal University of Minas Gerais (UFMG), and Felipe Nunes, director of the Territorial Intelligence Centre (CIT) and researcher at the UFMG, presented the functioning of the platform and its application to the <b>COFFEE INDUSTRY<\/b>. CIT and CSR are the creators of the platform. <a href=\"https:\/\/alinvest-verde.eu\/en_gb\/presentacion-a-argentina-y-paraguay-del-sistema-de-trazabilidad-selo-verde-implantado-en-el-estado-brasileno-de-para\/\">Selo Verde in the state of Par\u00e1<\/a>They are now cooperating in the development of the same platform also in the state of Minas Gerais, thanks to the support of the European Union's AL-INVEST Verde programme.<\/p>\n<p>Britaldo and Nunes underlined the importance of Selo Verde in analysing the <b>compliance with socio-environmental standards <\/b>and, in particular, the absence of deforestation linked to production, in compliance with the Deforestation and Forest Degradation Free Supply Chains Regulation.<\/p>\n<p>All participants highlighted the progress achieved through the Selo Verde platform and the European Commission showed its strong commitment to continue supporting the implementation of Selo Verde in Minas Gerais.<\/p>\n<p><strong>Selo Verde<\/strong><\/p>\n<p>Through Component 2 of AL-INVEST Verde, the European Union supports the implementation in the Brazilian state of Minas Gerais of the Selo Verde traceability platform, a free public platform that allows the verification of the socio-environmental compliance of agricultural products for each rural property in Minas Gerais. With the support of AL-INVEST Verde, it will be active for the coffee, beef and soy sectors.<\/p>\n<p><strong><br \/>About AL-INVEST Verde<\/strong><\/p>\n<p>AL-INVEST Verde is a European Union (EU) programme whose main objective is to promote sustainable growth and job creation in Latin America by supporting the transition towards a low-carbon, resource-efficient and more circular economy. Through Component 2, led by FIIAPP in consortium with IILA, the programme provides assistance for strengthening public policy and multi-stakeholder dialogues on sustainable agricultural and value chains, environmental and labour standards, as well as sustainable trade and economic policy and regulatory frameworks.<\/p>\n<p>Further information: <a href=\"https:\/\/alinvest-verde.eu\/en_gb\/\">www.alinvest-verde.eu<\/a><\/p>\t\t\t\t\t\t\t\t<\/div>\n\t\t\t\t<\/div>\n\t\t\t\t\t<\/div>\n\t\t<\/div>\n\t\t\t\t\t<\/div>\n\t\t<\/section>\n\t\t\t\t<\/div>","protected":false},"excerpt":{"rendered":"<p>06 de julio de 2023 &#8211; Representantes de la Comisi\u00f3n Europea, del estado de Minas Gerais y de la Universidad Federal de Minas Gerais participaron en un encuentro virtual donde se presentaron los avances en la plataforma inform\u00e1tica Selo Verde-MG y se analizaron los pr\u00f3ximos pasos en su desarrollo. La apertura corri\u00f3 a cargo de [&hellip;]<\/p>\n","protected":false},"author":6,"featured_media":7939,"comment_status":"closed","ping_status":"closed","sticky":false,"template":"","format":"standard","meta":{"footnotes":""},"categories":[54,60,24,19,20],"tags":[21,39,38,30,43],"class_list":["post-7971","post","type-post","status-publish","format-standard","has-post-thumbnail","hentry","category-2023-component-2","category-2023-news","category-actualidad","category-component-2","category-news","tag-cadenas-de-valor","tag-debidas-diligencias","tag-deforestacion","tag-sostenibilidad","tag-trazabilidad"],"yoast_head":"<!-- This site is optimized with the Yoast SEO plugin v28.4 - https:\/\/yoast.com\/product\/yoast-seo-wordpress\/ -->\n<title>Representantes de Minas Gerais presentan a la Comisi\u00f3n Europea la plataforma Selo Verde MG, que permitir\u00e1 avanzar en trazabilidad socioambiental - Programme AL-INVEST Verde<\/title>\n<meta name=\"robots\" content=\"index, follow, max-snippet:-1, max-image-preview:large, max-video-preview:-1\" \/>\n<link rel=\"canonical\" href=\"https:\/\/alinvest-verde.eu\/en_gb\/representantes-de-minas-gerais-presentan-a-la-comision-europea-la-plataforma-selo-verde-mg-que-permitira-avanzar-en-trazabilidad-socioambiental\/\" \/>\n<meta property=\"og:locale\" content=\"en_GB\" \/>\n<meta property=\"og:type\" content=\"article\" \/>\n<meta property=\"og:title\" content=\"Representantes de Minas Gerais presentan a la Comisi\u00f3n Europea la plataforma Selo Verde MG, que permitir\u00e1 avanzar en trazabilidad socioambiental - Programme AL-INVEST Verde\" \/>\n<meta property=\"og:description\" content=\"06 de julio de 2023 &#8211; Representantes de la Comisi\u00f3n Europea, del estado de Minas Gerais y de la Universidad Federal de Minas Gerais participaron en un encuentro virtual donde se presentaron los avances en la plataforma inform\u00e1tica Selo Verde-MG y se analizaron los pr\u00f3ximos pasos en su desarrollo. La apertura corri\u00f3 a cargo de [&hellip;]\" \/>\n<meta property=\"og:url\" content=\"https:\/\/alinvest-verde.eu\/en_gb\/representantes-de-minas-gerais-presentan-a-la-comision-europea-la-plataforma-selo-verde-mg-que-permitira-avanzar-en-trazabilidad-socioambiental\/\" \/>\n<meta property=\"og:site_name\" content=\"Programme AL-INVEST Verde\" \/>\n<meta property=\"article:published_time\" content=\"2023-07-10T12:20:31+00:00\" \/>\n<meta property=\"article:modified_time\" content=\"2024-07-05T15:21:59+00:00\" \/>\n<meta property=\"og:image\" content=\"https:\/\/alinvest-verde.eu\/wp-content\/uploads\/2023\/07\/henrique-jakobi-moreira-Yf50sIvZ8qE-unsplash-scaled.jpg\" \/>\n\t<meta property=\"og:image:width\" content=\"2560\" \/>\n\t<meta property=\"og:image:height\" content=\"1707\" \/>\n\t<meta property=\"og:image:type\" content=\"image\/jpeg\" \/>\n<meta name=\"author\" content=\"Azucena Garc\u00eda\" \/>\n<meta name=\"twitter:card\" content=\"summary_large_image\" \/>\n<meta name=\"twitter:creator\" content=\"@Frank Summa\" \/>\n<meta name=\"twitter:label1\" content=\"Written by\" \/>\n\t<meta name=\"twitter:data1\" content=\"\" \/>\n\t<meta name=\"twitter:label2\" content=\"Estimated reading time\" \/>\n\t<meta name=\"twitter:data2\" content=\"3 minutes\" \/>\n<script type=\"application\/ld+json\" class=\"yoast-schema-graph\">{\"@context\":\"https:\\\/\\\/schema.org\",\"@graph\":[{\"@type\":\"Article\",\"@id\":\"https:\\\/\\\/alinvest-verde.eu\\\/representantes-de-minas-gerais-presentan-a-la-comision-europea-la-plataforma-selo-verde-mg-que-permitira-avanzar-en-trazabilidad-socioambiental\\\/#article\",\"isPartOf\":{\"@id\":\"https:\\\/\\\/alinvest-verde.eu\\\/representantes-de-minas-gerais-presentan-a-la-comision-europea-la-plataforma-selo-verde-mg-que-permitira-avanzar-en-trazabilidad-socioambiental\\\/\"},\"author\":{\"name\":\"Azucena Garc\u00eda\",\"@id\":\"https:\\\/\\\/alinvest-verde.eu\\\/#\\\/schema\\\/person\\\/8804ec49772ba377829838bc11b6aa6b\"},\"headline\":\"Representantes de Minas Gerais presentan a la Comisi\u00f3n Europea la plataforma Selo Verde MG, que permitir\u00e1 avanzar en trazabilidad socioambiental\",\"datePublished\":\"2023-07-10T12:20:31+00:00\",\"dateModified\":\"2024-07-05T15:21:59+00:00\",\"mainEntityOfPage\":{\"@id\":\"https:\\\/\\\/alinvest-verde.eu\\\/representantes-de-minas-gerais-presentan-a-la-comision-europea-la-plataforma-selo-verde-mg-que-permitira-avanzar-en-trazabilidad-socioambiental\\\/\"},\"wordCount\":606,\"publisher\":{\"@id\":\"https:\\\/\\\/alinvest-verde.eu\\\/#organization\"},\"image\":{\"@id\":\"https:\\\/\\\/alinvest-verde.eu\\\/representantes-de-minas-gerais-presentan-a-la-comision-europea-la-plataforma-selo-verde-mg-que-permitira-avanzar-en-trazabilidad-socioambiental\\\/#primaryimage\"},\"thumbnailUrl\":\"https:\\\/\\\/alinvest-verde.eu\\\/wp-content\\\/uploads\\\/2023\\\/07\\\/henrique-jakobi-moreira-Yf50sIvZ8qE-unsplash-scaled.jpg\",\"keywords\":[\"cadenas de valor\",\"debidas diligencias\",\"deforestaci\u00f3n\",\"sostenibilidad\",\"trazabilidad\"],\"articleSection\":[\"2023\",\"2023\",\"Actualidad\",\"Component 2\",\"News\"],\"inLanguage\":\"en-GB\"},{\"@type\":\"WebPage\",\"@id\":\"https:\\\/\\\/alinvest-verde.eu\\\/representantes-de-minas-gerais-presentan-a-la-comision-europea-la-plataforma-selo-verde-mg-que-permitira-avanzar-en-trazabilidad-socioambiental\\\/\",\"url\":\"https:\\\/\\\/alinvest-verde.eu\\\/representantes-de-minas-gerais-presentan-a-la-comision-europea-la-plataforma-selo-verde-mg-que-permitira-avanzar-en-trazabilidad-socioambiental\\\/\",\"name\":\"Representantes de Minas Gerais presentan a la Comisi\u00f3n Europea la plataforma Selo Verde MG, que permitir\u00e1 avanzar en trazabilidad socioambiental - Programme AL-INVEST Verde\",\"isPartOf\":{\"@id\":\"https:\\\/\\\/alinvest-verde.eu\\\/#website\"},\"primaryImageOfPage\":{\"@id\":\"https:\\\/\\\/alinvest-verde.eu\\\/representantes-de-minas-gerais-presentan-a-la-comision-europea-la-plataforma-selo-verde-mg-que-permitira-avanzar-en-trazabilidad-socioambiental\\\/#primaryimage\"},\"image\":{\"@id\":\"https:\\\/\\\/alinvest-verde.eu\\\/representantes-de-minas-gerais-presentan-a-la-comision-europea-la-plataforma-selo-verde-mg-que-permitira-avanzar-en-trazabilidad-socioambiental\\\/#primaryimage\"},\"thumbnailUrl\":\"https:\\\/\\\/alinvest-verde.eu\\\/wp-content\\\/uploads\\\/2023\\\/07\\\/henrique-jakobi-moreira-Yf50sIvZ8qE-unsplash-scaled.jpg\",\"datePublished\":\"2023-07-10T12:20:31+00:00\",\"dateModified\":\"2024-07-05T15:21:59+00:00\",\"breadcrumb\":{\"@id\":\"https:\\\/\\\/alinvest-verde.eu\\\/representantes-de-minas-gerais-presentan-a-la-comision-europea-la-plataforma-selo-verde-mg-que-permitira-avanzar-en-trazabilidad-socioambiental\\\/#breadcrumb\"},\"inLanguage\":\"en-GB\",\"potentialAction\":[{\"@type\":\"ReadAction\",\"target\":[\"https:\\\/\\\/alinvest-verde.eu\\\/representantes-de-minas-gerais-presentan-a-la-comision-europea-la-plataforma-selo-verde-mg-que-permitira-avanzar-en-trazabilidad-socioambiental\\\/\"]}]},{\"@type\":\"ImageObject\",\"inLanguage\":\"en-GB\",\"@id\":\"https:\\\/\\\/alinvest-verde.eu\\\/representantes-de-minas-gerais-presentan-a-la-comision-europea-la-plataforma-selo-verde-mg-que-permitira-avanzar-en-trazabilidad-socioambiental\\\/#primaryimage\",\"url\":\"https:\\\/\\\/alinvest-verde.eu\\\/wp-content\\\/uploads\\\/2023\\\/07\\\/henrique-jakobi-moreira-Yf50sIvZ8qE-unsplash-scaled.jpg\",\"contentUrl\":\"https:\\\/\\\/alinvest-verde.eu\\\/wp-content\\\/uploads\\\/2023\\\/07\\\/henrique-jakobi-moreira-Yf50sIvZ8qE-unsplash-scaled.jpg\",\"width\":2560,\"height\":1707},{\"@type\":\"BreadcrumbList\",\"@id\":\"https:\\\/\\\/alinvest-verde.eu\\\/representantes-de-minas-gerais-presentan-a-la-comision-europea-la-plataforma-selo-verde-mg-que-permitira-avanzar-en-trazabilidad-socioambiental\\\/#breadcrumb\",\"itemListElement\":[{\"@type\":\"ListItem\",\"position\":1,\"name\":\"Inicio\",\"item\":\"https:\\\/\\\/alinvest-verde.eu\\\/\"},{\"@type\":\"ListItem\",\"position\":2,\"name\":\"Component 2\",\"item\":\"https:\\\/\\\/alinvest-verde.eu\\\/category\\\/component-2\\\/\"},{\"@type\":\"ListItem\",\"position\":3,\"name\":\"Representantes de Minas Gerais presentan a la Comisi\u00f3n Europea la plataforma Selo Verde MG, que permitir\u00e1 avanzar en trazabilidad socioambiental\"}]},{\"@type\":\"WebSite\",\"@id\":\"https:\\\/\\\/alinvest-verde.eu\\\/#website\",\"url\":\"https:\\\/\\\/alinvest-verde.eu\\\/\",\"name\":\"Programme AL-INVEST Verde\",\"description\":\"Building alliances with the private sector in LA and promote sustainable growth and jobs creation by supporting the transition towards a low-carbon, resource-efficient economy\",\"publisher\":{\"@id\":\"https:\\\/\\\/alinvest-verde.eu\\\/#organization\"},\"potentialAction\":[{\"@type\":\"SearchAction\",\"target\":{\"@type\":\"EntryPoint\",\"urlTemplate\":\"https:\\\/\\\/alinvest-verde.eu\\\/?s={search_term_string}\"},\"query-input\":{\"@type\":\"PropertyValueSpecification\",\"valueRequired\":true,\"valueName\":\"search_term_string\"}}],\"inLanguage\":\"en-GB\"},{\"@type\":\"Organization\",\"@id\":\"https:\\\/\\\/alinvest-verde.eu\\\/#organization\",\"name\":\"Programme AL-INVEST Verde\",\"url\":\"https:\\\/\\\/alinvest-verde.eu\\\/\",\"logo\":{\"@type\":\"ImageObject\",\"inLanguage\":\"en-GB\",\"@id\":\"https:\\\/\\\/alinvest-verde.eu\\\/#\\\/schema\\\/logo\\\/image\\\/\",\"url\":\"https:\\\/\\\/alinvest-verde.eu\\\/wp-content\\\/uploads\\\/2022\\\/01\\\/cropped-logo-financiado-por-la-UE.jpg\",\"contentUrl\":\"https:\\\/\\\/alinvest-verde.eu\\\/wp-content\\\/uploads\\\/2022\\\/01\\\/cropped-logo-financiado-por-la-UE.jpg\",\"width\":756,\"height\":216,\"caption\":\"Programme AL-INVEST Verde\"},\"image\":{\"@id\":\"https:\\\/\\\/alinvest-verde.eu\\\/#\\\/schema\\\/logo\\\/image\\\/\"}},{\"@type\":\"Person\",\"@id\":\"https:\\\/\\\/alinvest-verde.eu\\\/#\\\/schema\\\/person\\\/8804ec49772ba377829838bc11b6aa6b\",\"name\":\"Azucena Garc\u00eda\",\"image\":{\"@type\":\"ImageObject\",\"inLanguage\":\"en-GB\",\"@id\":\"https:\\\/\\\/secure.gravatar.com\\\/avatar\\\/fc4d91c562d3c4ac55cafd2f4ae4ebd513d2304b007a5c8d4f2d8543edeb9d79?s=96&d=mm&r=g\",\"url\":\"https:\\\/\\\/secure.gravatar.com\\\/avatar\\\/fc4d91c562d3c4ac55cafd2f4ae4ebd513d2304b007a5c8d4f2d8543edeb9d79?s=96&d=mm&r=g\",\"contentUrl\":\"https:\\\/\\\/secure.gravatar.com\\\/avatar\\\/fc4d91c562d3c4ac55cafd2f4ae4ebd513d2304b007a5c8d4f2d8543edeb9d79?s=96&d=mm&r=g\",\"caption\":\"Azucena Garc\u00eda\"},\"sameAs\":[\"https:\\\/\\\/x.com\\\/Frank Summa\"],\"url\":\"https:\\\/\\\/alinvest-verde.eu\\\/en_gb\\\/author\\\/azucena-garcia\\\/\"}]}<\/script>\n<!-- \/ Yoast SEO plugin. -->","yoast_head_json":{"title":"Representatives from Minas Gerais present the Selo Verde MG platform to the European Commission, which will enable progress in socio-environmental traceability - Programme AL-INVEST Verde","robots":{"index":"index","follow":"follow","max-snippet":"max-snippet:-1","max-image-preview":"max-image-preview:large","max-video-preview":"max-video-preview:-1"},"canonical":"https:\/\/alinvest-verde.eu\/en_gb\/representantes-de-minas-gerais-presentan-a-la-comision-europea-la-plataforma-selo-verde-mg-que-permitira-avanzar-en-trazabilidad-socioambiental\/","og_locale":"en_GB","og_type":"article","og_title":"Representantes de Minas Gerais presentan a la Comisi\u00f3n Europea la plataforma Selo Verde MG, que permitir\u00e1 avanzar en trazabilidad socioambiental - Programme AL-INVEST Verde","og_description":"06 de julio de 2023 &#8211; Representantes de la Comisi\u00f3n Europea, del estado de Minas Gerais y de la Universidad Federal de Minas Gerais participaron en un encuentro virtual donde se presentaron los avances en la plataforma inform\u00e1tica Selo Verde-MG y se analizaron los pr\u00f3ximos pasos en su desarrollo. La apertura corri\u00f3 a cargo de [&hellip;]","og_url":"https:\/\/alinvest-verde.eu\/en_gb\/representantes-de-minas-gerais-presentan-a-la-comision-europea-la-plataforma-selo-verde-mg-que-permitira-avanzar-en-trazabilidad-socioambiental\/","og_site_name":"Programme AL-INVEST Verde","article_published_time":"2023-07-10T12:20:31+00:00","article_modified_time":"2024-07-05T15:21:59+00:00","og_image":[{"width":2560,"height":1707,"url":"https:\/\/alinvest-verde.eu\/wp-content\/uploads\/2023\/07\/henrique-jakobi-moreira-Yf50sIvZ8qE-unsplash-scaled.jpg","type":"image\/jpeg"}],"author":"Azucena Garc\u00eda","twitter_card":"summary_large_image","twitter_creator":"@Frank Summa","twitter_misc":{"Written by":false,"Estimated reading time":"3 minutes"},"schema":{"@context":"https:\/\/schema.org","@graph":[{"@type":"Article","@id":"https:\/\/alinvest-verde.eu\/representantes-de-minas-gerais-presentan-a-la-comision-europea-la-plataforma-selo-verde-mg-que-permitira-avanzar-en-trazabilidad-socioambiental\/#article","isPartOf":{"@id":"https:\/\/alinvest-verde.eu\/representantes-de-minas-gerais-presentan-a-la-comision-europea-la-plataforma-selo-verde-mg-que-permitira-avanzar-en-trazabilidad-socioambiental\/"},"author":{"name":"Azucena Garc\u00eda","@id":"https:\/\/alinvest-verde.eu\/#\/schema\/person\/8804ec49772ba377829838bc11b6aa6b"},"headline":"Representantes de Minas Gerais presentan a la Comisi\u00f3n Europea la plataforma Selo Verde MG, que permitir\u00e1 avanzar en trazabilidad socioambiental","datePublished":"2023-07-10T12:20:31+00:00","dateModified":"2024-07-05T15:21:59+00:00","mainEntityOfPage":{"@id":"https:\/\/alinvest-verde.eu\/representantes-de-minas-gerais-presentan-a-la-comision-europea-la-plataforma-selo-verde-mg-que-permitira-avanzar-en-trazabilidad-socioambiental\/"},"wordCount":606,"publisher":{"@id":"https:\/\/alinvest-verde.eu\/#organization"},"image":{"@id":"https:\/\/alinvest-verde.eu\/representantes-de-minas-gerais-presentan-a-la-comision-europea-la-plataforma-selo-verde-mg-que-permitira-avanzar-en-trazabilidad-socioambiental\/#primaryimage"},"thumbnailUrl":"https:\/\/alinvest-verde.eu\/wp-content\/uploads\/2023\/07\/henrique-jakobi-moreira-Yf50sIvZ8qE-unsplash-scaled.jpg","keywords":["cadenas de valor","debidas diligencias","deforestaci\u00f3n","sostenibilidad","trazabilidad"],"articleSection":["2023","2023","Actualidad","Component 2","News"],"inLanguage":"en-GB"},{"@type":"WebPage","@id":"https:\/\/alinvest-verde.eu\/representantes-de-minas-gerais-presentan-a-la-comision-europea-la-plataforma-selo-verde-mg-que-permitira-avanzar-en-trazabilidad-socioambiental\/","url":"https:\/\/alinvest-verde.eu\/representantes-de-minas-gerais-presentan-a-la-comision-europea-la-plataforma-selo-verde-mg-que-permitira-avanzar-en-trazabilidad-socioambiental\/","name":"Representatives from Minas Gerais present the Selo Verde MG platform to the European Commission, which will enable progress in socio-environmental traceability - Programme AL-INVEST Verde","isPartOf":{"@id":"https:\/\/alinvest-verde.eu\/#website"},"primaryImageOfPage":{"@id":"https:\/\/alinvest-verde.eu\/representantes-de-minas-gerais-presentan-a-la-comision-europea-la-plataforma-selo-verde-mg-que-permitira-avanzar-en-trazabilidad-socioambiental\/#primaryimage"},"image":{"@id":"https:\/\/alinvest-verde.eu\/representantes-de-minas-gerais-presentan-a-la-comision-europea-la-plataforma-selo-verde-mg-que-permitira-avanzar-en-trazabilidad-socioambiental\/#primaryimage"},"thumbnailUrl":"https:\/\/alinvest-verde.eu\/wp-content\/uploads\/2023\/07\/henrique-jakobi-moreira-Yf50sIvZ8qE-unsplash-scaled.jpg","datePublished":"2023-07-10T12:20:31+00:00","dateModified":"2024-07-05T15:21:59+00:00","breadcrumb":{"@id":"https:\/\/alinvest-verde.eu\/representantes-de-minas-gerais-presentan-a-la-comision-europea-la-plataforma-selo-verde-mg-que-permitira-avanzar-en-trazabilidad-socioambiental\/#breadcrumb"},"inLanguage":"en-GB","potentialAction":[{"@type":"ReadAction","target":["https:\/\/alinvest-verde.eu\/representantes-de-minas-gerais-presentan-a-la-comision-europea-la-plataforma-selo-verde-mg-que-permitira-avanzar-en-trazabilidad-socioambiental\/"]}]},{"@type":"ImageObject","inLanguage":"en-GB","@id":"https:\/\/alinvest-verde.eu\/representantes-de-minas-gerais-presentan-a-la-comision-europea-la-plataforma-selo-verde-mg-que-permitira-avanzar-en-trazabilidad-socioambiental\/#primaryimage","url":"https:\/\/alinvest-verde.eu\/wp-content\/uploads\/2023\/07\/henrique-jakobi-moreira-Yf50sIvZ8qE-unsplash-scaled.jpg","contentUrl":"https:\/\/alinvest-verde.eu\/wp-content\/uploads\/2023\/07\/henrique-jakobi-moreira-Yf50sIvZ8qE-unsplash-scaled.jpg","width":2560,"height":1707},{"@type":"BreadcrumbList","@id":"https:\/\/alinvest-verde.eu\/representantes-de-minas-gerais-presentan-a-la-comision-europea-la-plataforma-selo-verde-mg-que-permitira-avanzar-en-trazabilidad-socioambiental\/#breadcrumb","itemListElement":[{"@type":"ListItem","position":1,"name":"Inicio","item":"https:\/\/alinvest-verde.eu\/"},{"@type":"ListItem","position":2,"name":"Component 2","item":"https:\/\/alinvest-verde.eu\/category\/component-2\/"},{"@type":"ListItem","position":3,"name":"Representantes de Minas Gerais presentan a la Comisi\u00f3n Europea la plataforma Selo Verde MG, que permitir\u00e1 avanzar en trazabilidad socioambiental"}]},{"@type":"WebSite","@id":"https:\/\/alinvest-verde.eu\/#website","url":"https:\/\/alinvest-verde.eu\/","name":"Programme AL-INVEST Verde","description":"Building alliances with the private sector in LA and promote sustainable growth and jobs creation by supporting the transition towards a low-carbon, resource-efficient economy","publisher":{"@id":"https:\/\/alinvest-verde.eu\/#organization"},"potentialAction":[{"@type":"SearchAction","target":{"@type":"EntryPoint","urlTemplate":"https:\/\/alinvest-verde.eu\/?s={search_term_string}"},"query-input":{"@type":"PropertyValueSpecification","valueRequired":true,"valueName":"search_term_string"}}],"inLanguage":"en-GB"},{"@type":"Organization","@id":"https:\/\/alinvest-verde.eu\/#organization","name":"Programme AL-INVEST Verde","url":"https:\/\/alinvest-verde.eu\/","logo":{"@type":"ImageObject","inLanguage":"en-GB","@id":"https:\/\/alinvest-verde.eu\/#\/schema\/logo\/image\/","url":"https:\/\/alinvest-verde.eu\/wp-content\/uploads\/2022\/01\/cropped-logo-financiado-por-la-UE.jpg","contentUrl":"https:\/\/alinvest-verde.eu\/wp-content\/uploads\/2022\/01\/cropped-logo-financiado-por-la-UE.jpg","width":756,"height":216,"caption":"Programme AL-INVEST Verde"},"image":{"@id":"https:\/\/alinvest-verde.eu\/#\/schema\/logo\/image\/"}},{"@type":"Person","@id":"https:\/\/alinvest-verde.eu\/#\/schema\/person\/8804ec49772ba377829838bc11b6aa6b","name":"Azucena Garcia","image":{"@type":"ImageObject","inLanguage":"en-GB","@id":"https:\/\/secure.gravatar.com\/avatar\/fc4d91c562d3c4ac55cafd2f4ae4ebd513d2304b007a5c8d4f2d8543edeb9d79?s=96&d=mm&r=g","url":"https:\/\/secure.gravatar.com\/avatar\/fc4d91c562d3c4ac55cafd2f4ae4ebd513d2304b007a5c8d4f2d8543edeb9d79?s=96&d=mm&r=g","contentUrl":"https:\/\/secure.gravatar.com\/avatar\/fc4d91c562d3c4ac55cafd2f4ae4ebd513d2304b007a5c8d4f2d8543edeb9d79?s=96&d=mm&r=g","caption":"Azucena Garc\u00eda"},"sameAs":["https:\/\/x.com\/Frank Summa"],"url":"https:\/\/alinvest-verde.eu\/en_gb\/author\/azucena-garcia\/"}]}},"_links":{"self":[{"href":"https:\/\/alinvest-verde.eu\/en_gb\/wp-json\/wp\/v2\/posts\/7971","targetHints":{"allow":["GET"]}}],"collection":[{"href":"https:\/\/alinvest-verde.eu\/en_gb\/wp-json\/wp\/v2\/posts"}],"about":[{"href":"https:\/\/alinvest-verde.eu\/en_gb\/wp-json\/wp\/v2\/types\/post"}],"author":[{"embeddable":true,"href":"https:\/\/alinvest-verde.eu\/en_gb\/wp-json\/wp\/v2\/users\/6"}],"replies":[{"embeddable":true,"href":"https:\/\/alinvest-verde.eu\/en_gb\/wp-json\/wp\/v2\/comments?post=7971"}],"version-history":[{"count":17,"href":"https:\/\/alinvest-verde.eu\/en_gb\/wp-json\/wp\/v2\/posts\/7971\/revisions"}],"predecessor-version":[{"id":7989,"href":"https:\/\/alinvest-verde.eu\/en_gb\/wp-json\/wp\/v2\/posts\/7971\/revisions\/7989"}],"wp:featuredmedia":[{"embeddable":true,"href":"https:\/\/alinvest-verde.eu\/en_gb\/wp-json\/wp\/v2\/media\/7939"}],"wp:attachment":[{"href":"https:\/\/alinvest-verde.eu\/en_gb\/wp-json\/wp\/v2\/media?parent=7971"}],"wp:term":[{"taxonomy":"category","embeddable":true,"href":"https:\/\/alinvest-verde.eu\/en_gb\/wp-json\/wp\/v2\/categories?post=7971"},{"taxonomy":"post_tag","embeddable":true,"href":"https:\/\/alinvest-verde.eu\/en_gb\/wp-json\/wp\/v2\/tags?post=7971"}],"curies":[{"name":"wp","href":"https:\/\/api.w.org\/{rel}","templated":true}]}}