{"id":8006,"date":"2023-07-10T16:24:44","date_gmt":"2023-07-10T14:24:44","guid":{"rendered":"https:\/\/alinvest-verde.eu\/?p=8006"},"modified":"2024-07-05T17:21:59","modified_gmt":"2024-07-05T15:21:59","slug":"al-invest-verde-apoya-al-sector-agroexportador-de-ecuador","status":"publish","type":"post","link":"https:\/\/alinvest-verde.eu\/en_gb\/al-invest-verde-apoya-al-sector-agroexportador-de-ecuador\/","title":{"rendered":"AL-INVEST Verde supports Ecuador's agro-export sector"},"content":{"rendered":"<p class=\"wp-block-paragraph\"><strong>Quito, July 10.<\/strong> With the aim of maintaining the support provided by the European Union (EU) to Ecuador's agro-export sector, AL-INVEST Verde met in the Andean country with representatives of the EU and the public and private sectors to learn about the actions carried out jointly, the progress made and future opportunities for collaboration.<\/p>\n\n\n\n<p class=\"wp-block-paragraph\">The meetings were attended by the ministries of Production, Foreign Trade, Investment and Fisheries; Agriculture and Livestock; Environment, Water and Ecological Transition; and Labour. Agrocalidad, the agency in charge of control and regulation for the protection and improvement of animal health, plant health and food safety, was also present.<\/p>\n\n\n\n<p class=\"wp-block-paragraph\">During the meetings, the importance of <strong>adapting the agro-export sector to EU regulations<\/strong>such as the European Green Pact, the Farm to Fork Strategy or the regulation on deforestation and forest degradation free supply chains.<\/p>\n\n\n\n<p class=\"wp-block-paragraph\">In this regard, the progress achieved in the areas of competence of the different ministries was highlighted, and the need to make progress on issues such as the <strong>traceability<\/strong>the <strong>cooperativism<\/strong>the <strong>legal access to land<\/strong>the development of protocols for the <strong>FOOD SAFETY<\/strong>the <strong>geolocation <\/strong>or the certification of compliance with the <strong>labour rights in family farming<\/strong>.<\/p>\n\n\n\n<p class=\"wp-block-paragraph\">In recent years, the EU has supported the development of regulations for the implementation of traceability systems, the implementation of various pilot projects that favour adaptation to the aforementioned regulations, as well as the strengthening of spaces for governance and the coordination of actors.<\/p>\n\n\n\n<p class=\"wp-block-paragraph\">After the meetings, it was decided that there is interest in maintaining this collaboration between Ecuador and the EU, through AL-INVEST Verde, to continue supporting actions to promote associativism and cooperativism in the sectors affected by the EU deforestation regulation, training in traceability systems and due diligence, and support for traceability processes in the cocoa value chain.<\/p>\n\n\n\n<p class=\"wp-block-paragraph\"><strong>About AL-INVEST Verde<\/strong> <\/p>\n\n\n\n<p class=\"wp-block-paragraph\">AL-INVEST Verde is a European Union (EU) programme whose main objective is to promote sustainable growth and job creation in Latin America by supporting the transition towards a low-carbon, resource-efficient and more circular economy. Through Component 2, led by FIIAPP in consortium with IILA, the programme provides assistance for strengthening public policy and multi-stakeholder dialogues on sustainable agricultural and value chains, environmental and labour standards, as well as sustainable trade and economic policy and regulatory frameworks.<\/p>","protected":false},"excerpt":{"rendered":"<p>Quito, 10 de julio.- Con el objetivo de mantener el apoyo que la Uni\u00f3n Europea (UE) presta al sector agroexportador de Ecuador, AL-INVEST Verde se reuni\u00f3 en el pa\u00eds andino con representantes de la UE y del sector p\u00fablico y privado para conocer las acciones llevadas a cabo de manera conjunta, los avances y las [&hellip;]<\/p>\n","protected":false},"author":6,"featured_media":8007,"comment_status":"closed","ping_status":"closed","sticky":false,"template":"","format":"standard","meta":{"footnotes":""},"categories":[54,60,24,19,20],"tags":[80,21,30,43],"class_list":["post-8006","post","type-post","status-publish","format-standard","has-post-thumbnail","hentry","category-2023-component-2","category-2023-news","category-actualidad","category-component-2","category-news","tag-cacao","tag-cadenas-de-valor","tag-sostenibilidad","tag-trazabilidad"],"yoast_head":"<!-- This site is optimized with the Yoast SEO plugin v28.4 - https:\/\/yoast.com\/product\/yoast-seo-wordpress\/ -->\n<title>AL-INVEST Verde apoya al sector agroexportador de Ecuador - Programme AL-INVEST Verde<\/title>\n<meta name=\"robots\" content=\"index, follow, max-snippet:-1, max-image-preview:large, max-video-preview:-1\" \/>\n<link rel=\"canonical\" href=\"https:\/\/alinvest-verde.eu\/en_gb\/al-invest-verde-apoya-al-sector-agroexportador-de-ecuador\/\" \/>\n<meta property=\"og:locale\" content=\"en_GB\" \/>\n<meta property=\"og:type\" content=\"article\" \/>\n<meta property=\"og:title\" content=\"AL-INVEST Verde apoya al sector agroexportador de Ecuador - Programme AL-INVEST Verde\" \/>\n<meta property=\"og:description\" content=\"Quito, 10 de julio.- Con el objetivo de mantener el apoyo que la Uni\u00f3n Europea (UE) presta al sector agroexportador de Ecuador, AL-INVEST Verde se reuni\u00f3 en el pa\u00eds andino con representantes de la UE y del sector p\u00fablico y privado para conocer las acciones llevadas a cabo de manera conjunta, los avances y las [&hellip;]\" \/>\n<meta property=\"og:url\" content=\"https:\/\/alinvest-verde.eu\/en_gb\/al-invest-verde-apoya-al-sector-agroexportador-de-ecuador\/\" \/>\n<meta property=\"og:site_name\" content=\"Programme AL-INVEST Verde\" \/>\n<meta property=\"article:published_time\" content=\"2023-07-10T14:24:44+00:00\" \/>\n<meta property=\"article:modified_time\" content=\"2024-07-05T15:21:59+00:00\" \/>\n<meta property=\"og:image\" content=\"https:\/\/alinvest-verde.eu\/wp-content\/uploads\/2023\/07\/20230701-Ecuador.jpeg\" \/>\n\t<meta property=\"og:image:width\" content=\"2048\" \/>\n\t<meta property=\"og:image:height\" content=\"1536\" \/>\n\t<meta property=\"og:image:type\" content=\"image\/jpeg\" \/>\n<meta name=\"author\" content=\"Azucena Garc\u00eda\" \/>\n<meta name=\"twitter:card\" content=\"summary_large_image\" \/>\n<meta name=\"twitter:creator\" content=\"@Frank Summa\" \/>\n<meta name=\"twitter:label1\" content=\"Written by\" \/>\n\t<meta name=\"twitter:data1\" content=\"\" \/>\n\t<meta name=\"twitter:label2\" content=\"Estimated reading time\" \/>\n\t<meta name=\"twitter:data2\" content=\"2 minutes\" \/>\n<script type=\"application\/ld+json\" class=\"yoast-schema-graph\">{\"@context\":\"https:\\\/\\\/schema.org\",\"@graph\":[{\"@type\":\"Article\",\"@id\":\"https:\\\/\\\/alinvest-verde.eu\\\/al-invest-verde-apoya-al-sector-agroexportador-de-ecuador\\\/#article\",\"isPartOf\":{\"@id\":\"https:\\\/\\\/alinvest-verde.eu\\\/al-invest-verde-apoya-al-sector-agroexportador-de-ecuador\\\/\"},\"author\":{\"name\":\"Azucena Garc\u00eda\",\"@id\":\"https:\\\/\\\/alinvest-verde.eu\\\/#\\\/schema\\\/person\\\/8804ec49772ba377829838bc11b6aa6b\"},\"headline\":\"AL-INVEST Verde apoya al sector agroexportador de Ecuador\",\"datePublished\":\"2023-07-10T14:24:44+00:00\",\"dateModified\":\"2024-07-05T15:21:59+00:00\",\"mainEntityOfPage\":{\"@id\":\"https:\\\/\\\/alinvest-verde.eu\\\/al-invest-verde-apoya-al-sector-agroexportador-de-ecuador\\\/\"},\"wordCount\":478,\"publisher\":{\"@id\":\"https:\\\/\\\/alinvest-verde.eu\\\/#organization\"},\"image\":{\"@id\":\"https:\\\/\\\/alinvest-verde.eu\\\/al-invest-verde-apoya-al-sector-agroexportador-de-ecuador\\\/#primaryimage\"},\"thumbnailUrl\":\"https:\\\/\\\/alinvest-verde.eu\\\/wp-content\\\/uploads\\\/2023\\\/07\\\/20230701-Ecuador.jpeg\",\"keywords\":[\"cacao\",\"cadenas de valor\",\"sostenibilidad\",\"trazabilidad\"],\"articleSection\":[\"2023\",\"2023\",\"Actualidad\",\"Component 2\",\"News\"],\"inLanguage\":\"en-GB\"},{\"@type\":\"WebPage\",\"@id\":\"https:\\\/\\\/alinvest-verde.eu\\\/al-invest-verde-apoya-al-sector-agroexportador-de-ecuador\\\/\",\"url\":\"https:\\\/\\\/alinvest-verde.eu\\\/al-invest-verde-apoya-al-sector-agroexportador-de-ecuador\\\/\",\"name\":\"AL-INVEST Verde apoya al sector agroexportador de Ecuador - Programme AL-INVEST Verde\",\"isPartOf\":{\"@id\":\"https:\\\/\\\/alinvest-verde.eu\\\/#website\"},\"primaryImageOfPage\":{\"@id\":\"https:\\\/\\\/alinvest-verde.eu\\\/al-invest-verde-apoya-al-sector-agroexportador-de-ecuador\\\/#primaryimage\"},\"image\":{\"@id\":\"https:\\\/\\\/alinvest-verde.eu\\\/al-invest-verde-apoya-al-sector-agroexportador-de-ecuador\\\/#primaryimage\"},\"thumbnailUrl\":\"https:\\\/\\\/alinvest-verde.eu\\\/wp-content\\\/uploads\\\/2023\\\/07\\\/20230701-Ecuador.jpeg\",\"datePublished\":\"2023-07-10T14:24:44+00:00\",\"dateModified\":\"2024-07-05T15:21:59+00:00\",\"breadcrumb\":{\"@id\":\"https:\\\/\\\/alinvest-verde.eu\\\/al-invest-verde-apoya-al-sector-agroexportador-de-ecuador\\\/#breadcrumb\"},\"inLanguage\":\"en-GB\",\"potentialAction\":[{\"@type\":\"ReadAction\",\"target\":[\"https:\\\/\\\/alinvest-verde.eu\\\/al-invest-verde-apoya-al-sector-agroexportador-de-ecuador\\\/\"]}]},{\"@type\":\"ImageObject\",\"inLanguage\":\"en-GB\",\"@id\":\"https:\\\/\\\/alinvest-verde.eu\\\/al-invest-verde-apoya-al-sector-agroexportador-de-ecuador\\\/#primaryimage\",\"url\":\"https:\\\/\\\/alinvest-verde.eu\\\/wp-content\\\/uploads\\\/2023\\\/07\\\/20230701-Ecuador.jpeg\",\"contentUrl\":\"https:\\\/\\\/alinvest-verde.eu\\\/wp-content\\\/uploads\\\/2023\\\/07\\\/20230701-Ecuador.jpeg\",\"width\":2048,\"height\":1536},{\"@type\":\"BreadcrumbList\",\"@id\":\"https:\\\/\\\/alinvest-verde.eu\\\/al-invest-verde-apoya-al-sector-agroexportador-de-ecuador\\\/#breadcrumb\",\"itemListElement\":[{\"@type\":\"ListItem\",\"position\":1,\"name\":\"Inicio\",\"item\":\"https:\\\/\\\/alinvest-verde.eu\\\/\"},{\"@type\":\"ListItem\",\"position\":2,\"name\":\"Component 2\",\"item\":\"https:\\\/\\\/alinvest-verde.eu\\\/category\\\/component-2\\\/\"},{\"@type\":\"ListItem\",\"position\":3,\"name\":\"AL-INVEST Verde apoya al sector agroexportador de Ecuador\"}]},{\"@type\":\"WebSite\",\"@id\":\"https:\\\/\\\/alinvest-verde.eu\\\/#website\",\"url\":\"https:\\\/\\\/alinvest-verde.eu\\\/\",\"name\":\"Programme AL-INVEST Verde\",\"description\":\"Building alliances with the private sector in LA and promote sustainable growth and jobs creation by supporting the transition towards a low-carbon, resource-efficient economy\",\"publisher\":{\"@id\":\"https:\\\/\\\/alinvest-verde.eu\\\/#organization\"},\"potentialAction\":[{\"@type\":\"SearchAction\",\"target\":{\"@type\":\"EntryPoint\",\"urlTemplate\":\"https:\\\/\\\/alinvest-verde.eu\\\/?s={search_term_string}\"},\"query-input\":{\"@type\":\"PropertyValueSpecification\",\"valueRequired\":true,\"valueName\":\"search_term_string\"}}],\"inLanguage\":\"en-GB\"},{\"@type\":\"Organization\",\"@id\":\"https:\\\/\\\/alinvest-verde.eu\\\/#organization\",\"name\":\"Programme AL-INVEST Verde\",\"url\":\"https:\\\/\\\/alinvest-verde.eu\\\/\",\"logo\":{\"@type\":\"ImageObject\",\"inLanguage\":\"en-GB\",\"@id\":\"https:\\\/\\\/alinvest-verde.eu\\\/#\\\/schema\\\/logo\\\/image\\\/\",\"url\":\"https:\\\/\\\/alinvest-verde.eu\\\/wp-content\\\/uploads\\\/2022\\\/01\\\/cropped-logo-financiado-por-la-UE.jpg\",\"contentUrl\":\"https:\\\/\\\/alinvest-verde.eu\\\/wp-content\\\/uploads\\\/2022\\\/01\\\/cropped-logo-financiado-por-la-UE.jpg\",\"width\":756,\"height\":216,\"caption\":\"Programme AL-INVEST Verde\"},\"image\":{\"@id\":\"https:\\\/\\\/alinvest-verde.eu\\\/#\\\/schema\\\/logo\\\/image\\\/\"}},{\"@type\":\"Person\",\"@id\":\"https:\\\/\\\/alinvest-verde.eu\\\/#\\\/schema\\\/person\\\/8804ec49772ba377829838bc11b6aa6b\",\"name\":\"Azucena Garc\u00eda\",\"image\":{\"@type\":\"ImageObject\",\"inLanguage\":\"en-GB\",\"@id\":\"https:\\\/\\\/secure.gravatar.com\\\/avatar\\\/fc4d91c562d3c4ac55cafd2f4ae4ebd513d2304b007a5c8d4f2d8543edeb9d79?s=96&d=mm&r=g\",\"url\":\"https:\\\/\\\/secure.gravatar.com\\\/avatar\\\/fc4d91c562d3c4ac55cafd2f4ae4ebd513d2304b007a5c8d4f2d8543edeb9d79?s=96&d=mm&r=g\",\"contentUrl\":\"https:\\\/\\\/secure.gravatar.com\\\/avatar\\\/fc4d91c562d3c4ac55cafd2f4ae4ebd513d2304b007a5c8d4f2d8543edeb9d79?s=96&d=mm&r=g\",\"caption\":\"Azucena Garc\u00eda\"},\"sameAs\":[\"https:\\\/\\\/x.com\\\/Frank Summa\"],\"url\":\"https:\\\/\\\/alinvest-verde.eu\\\/en_gb\\\/author\\\/azucena-garcia\\\/\"}]}<\/script>\n<!-- \/ Yoast SEO plugin. -->","yoast_head_json":{"title":"AL-INVEST Verde supports Ecuador's agro-export sector - Programme AL-INVEST Verde","robots":{"index":"index","follow":"follow","max-snippet":"max-snippet:-1","max-image-preview":"max-image-preview:large","max-video-preview":"max-video-preview:-1"},"canonical":"https:\/\/alinvest-verde.eu\/en_gb\/al-invest-verde-apoya-al-sector-agroexportador-de-ecuador\/","og_locale":"en_GB","og_type":"article","og_title":"AL-INVEST Verde apoya al sector agroexportador de Ecuador - Programme AL-INVEST Verde","og_description":"Quito, 10 de julio.- Con el objetivo de mantener el apoyo que la Uni\u00f3n Europea (UE) presta al sector agroexportador de Ecuador, AL-INVEST Verde se reuni\u00f3 en el pa\u00eds andino con representantes de la UE y del sector p\u00fablico y privado para conocer las acciones llevadas a cabo de manera conjunta, los avances y las [&hellip;]","og_url":"https:\/\/alinvest-verde.eu\/en_gb\/al-invest-verde-apoya-al-sector-agroexportador-de-ecuador\/","og_site_name":"Programme AL-INVEST Verde","article_published_time":"2023-07-10T14:24:44+00:00","article_modified_time":"2024-07-05T15:21:59+00:00","og_image":[{"width":2048,"height":1536,"url":"https:\/\/alinvest-verde.eu\/wp-content\/uploads\/2023\/07\/20230701-Ecuador.jpeg","type":"image\/jpeg"}],"author":"Azucena Garc\u00eda","twitter_card":"summary_large_image","twitter_creator":"@Frank Summa","twitter_misc":{"Written by":false,"Estimated reading time":"2 minutes"},"schema":{"@context":"https:\/\/schema.org","@graph":[{"@type":"Article","@id":"https:\/\/alinvest-verde.eu\/al-invest-verde-apoya-al-sector-agroexportador-de-ecuador\/#article","isPartOf":{"@id":"https:\/\/alinvest-verde.eu\/al-invest-verde-apoya-al-sector-agroexportador-de-ecuador\/"},"author":{"name":"Azucena Garc\u00eda","@id":"https:\/\/alinvest-verde.eu\/#\/schema\/person\/8804ec49772ba377829838bc11b6aa6b"},"headline":"AL-INVEST Verde apoya al sector agroexportador de Ecuador","datePublished":"2023-07-10T14:24:44+00:00","dateModified":"2024-07-05T15:21:59+00:00","mainEntityOfPage":{"@id":"https:\/\/alinvest-verde.eu\/al-invest-verde-apoya-al-sector-agroexportador-de-ecuador\/"},"wordCount":478,"publisher":{"@id":"https:\/\/alinvest-verde.eu\/#organization"},"image":{"@id":"https:\/\/alinvest-verde.eu\/al-invest-verde-apoya-al-sector-agroexportador-de-ecuador\/#primaryimage"},"thumbnailUrl":"https:\/\/alinvest-verde.eu\/wp-content\/uploads\/2023\/07\/20230701-Ecuador.jpeg","keywords":["cacao","cadenas de valor","sostenibilidad","trazabilidad"],"articleSection":["2023","2023","Actualidad","Component 2","News"],"inLanguage":"en-GB"},{"@type":"WebPage","@id":"https:\/\/alinvest-verde.eu\/al-invest-verde-apoya-al-sector-agroexportador-de-ecuador\/","url":"https:\/\/alinvest-verde.eu\/al-invest-verde-apoya-al-sector-agroexportador-de-ecuador\/","name":"AL-INVEST Verde supports Ecuador's agro-export sector - Programme AL-INVEST Verde","isPartOf":{"@id":"https:\/\/alinvest-verde.eu\/#website"},"primaryImageOfPage":{"@id":"https:\/\/alinvest-verde.eu\/al-invest-verde-apoya-al-sector-agroexportador-de-ecuador\/#primaryimage"},"image":{"@id":"https:\/\/alinvest-verde.eu\/al-invest-verde-apoya-al-sector-agroexportador-de-ecuador\/#primaryimage"},"thumbnailUrl":"https:\/\/alinvest-verde.eu\/wp-content\/uploads\/2023\/07\/20230701-Ecuador.jpeg","datePublished":"2023-07-10T14:24:44+00:00","dateModified":"2024-07-05T15:21:59+00:00","breadcrumb":{"@id":"https:\/\/alinvest-verde.eu\/al-invest-verde-apoya-al-sector-agroexportador-de-ecuador\/#breadcrumb"},"inLanguage":"en-GB","potentialAction":[{"@type":"ReadAction","target":["https:\/\/alinvest-verde.eu\/al-invest-verde-apoya-al-sector-agroexportador-de-ecuador\/"]}]},{"@type":"ImageObject","inLanguage":"en-GB","@id":"https:\/\/alinvest-verde.eu\/al-invest-verde-apoya-al-sector-agroexportador-de-ecuador\/#primaryimage","url":"https:\/\/alinvest-verde.eu\/wp-content\/uploads\/2023\/07\/20230701-Ecuador.jpeg","contentUrl":"https:\/\/alinvest-verde.eu\/wp-content\/uploads\/2023\/07\/20230701-Ecuador.jpeg","width":2048,"height":1536},{"@type":"BreadcrumbList","@id":"https:\/\/alinvest-verde.eu\/al-invest-verde-apoya-al-sector-agroexportador-de-ecuador\/#breadcrumb","itemListElement":[{"@type":"ListItem","position":1,"name":"Inicio","item":"https:\/\/alinvest-verde.eu\/"},{"@type":"ListItem","position":2,"name":"Component 2","item":"https:\/\/alinvest-verde.eu\/category\/component-2\/"},{"@type":"ListItem","position":3,"name":"AL-INVEST Verde apoya al sector agroexportador de Ecuador"}]},{"@type":"WebSite","@id":"https:\/\/alinvest-verde.eu\/#website","url":"https:\/\/alinvest-verde.eu\/","name":"Programme AL-INVEST Verde","description":"Building alliances with the private sector in LA and promote sustainable growth and jobs creation by supporting the transition towards a low-carbon, resource-efficient economy","publisher":{"@id":"https:\/\/alinvest-verde.eu\/#organization"},"potentialAction":[{"@type":"SearchAction","target":{"@type":"EntryPoint","urlTemplate":"https:\/\/alinvest-verde.eu\/?s={search_term_string}"},"query-input":{"@type":"PropertyValueSpecification","valueRequired":true,"valueName":"search_term_string"}}],"inLanguage":"en-GB"},{"@type":"Organization","@id":"https:\/\/alinvest-verde.eu\/#organization","name":"Programme AL-INVEST Verde","url":"https:\/\/alinvest-verde.eu\/","logo":{"@type":"ImageObject","inLanguage":"en-GB","@id":"https:\/\/alinvest-verde.eu\/#\/schema\/logo\/image\/","url":"https:\/\/alinvest-verde.eu\/wp-content\/uploads\/2022\/01\/cropped-logo-financiado-por-la-UE.jpg","contentUrl":"https:\/\/alinvest-verde.eu\/wp-content\/uploads\/2022\/01\/cropped-logo-financiado-por-la-UE.jpg","width":756,"height":216,"caption":"Programme AL-INVEST Verde"},"image":{"@id":"https:\/\/alinvest-verde.eu\/#\/schema\/logo\/image\/"}},{"@type":"Person","@id":"https:\/\/alinvest-verde.eu\/#\/schema\/person\/8804ec49772ba377829838bc11b6aa6b","name":"Azucena Garcia","image":{"@type":"ImageObject","inLanguage":"en-GB","@id":"https:\/\/secure.gravatar.com\/avatar\/fc4d91c562d3c4ac55cafd2f4ae4ebd513d2304b007a5c8d4f2d8543edeb9d79?s=96&d=mm&r=g","url":"https:\/\/secure.gravatar.com\/avatar\/fc4d91c562d3c4ac55cafd2f4ae4ebd513d2304b007a5c8d4f2d8543edeb9d79?s=96&d=mm&r=g","contentUrl":"https:\/\/secure.gravatar.com\/avatar\/fc4d91c562d3c4ac55cafd2f4ae4ebd513d2304b007a5c8d4f2d8543edeb9d79?s=96&d=mm&r=g","caption":"Azucena Garc\u00eda"},"sameAs":["https:\/\/x.com\/Frank Summa"],"url":"https:\/\/alinvest-verde.eu\/en_gb\/author\/azucena-garcia\/"}]}},"_links":{"self":[{"href":"https:\/\/alinvest-verde.eu\/en_gb\/wp-json\/wp\/v2\/posts\/8006","targetHints":{"allow":["GET"]}}],"collection":[{"href":"https:\/\/alinvest-verde.eu\/en_gb\/wp-json\/wp\/v2\/posts"}],"about":[{"href":"https:\/\/alinvest-verde.eu\/en_gb\/wp-json\/wp\/v2\/types\/post"}],"author":[{"embeddable":true,"href":"https:\/\/alinvest-verde.eu\/en_gb\/wp-json\/wp\/v2\/users\/6"}],"replies":[{"embeddable":true,"href":"https:\/\/alinvest-verde.eu\/en_gb\/wp-json\/wp\/v2\/comments?post=8006"}],"version-history":[{"count":5,"href":"https:\/\/alinvest-verde.eu\/en_gb\/wp-json\/wp\/v2\/posts\/8006\/revisions"}],"predecessor-version":[{"id":8013,"href":"https:\/\/alinvest-verde.eu\/en_gb\/wp-json\/wp\/v2\/posts\/8006\/revisions\/8013"}],"wp:featuredmedia":[{"embeddable":true,"href":"https:\/\/alinvest-verde.eu\/en_gb\/wp-json\/wp\/v2\/media\/8007"}],"wp:attachment":[{"href":"https:\/\/alinvest-verde.eu\/en_gb\/wp-json\/wp\/v2\/media?parent=8006"}],"wp:term":[{"taxonomy":"category","embeddable":true,"href":"https:\/\/alinvest-verde.eu\/en_gb\/wp-json\/wp\/v2\/categories?post=8006"},{"taxonomy":"post_tag","embeddable":true,"href":"https:\/\/alinvest-verde.eu\/en_gb\/wp-json\/wp\/v2\/tags?post=8006"}],"curies":[{"name":"wp","href":"https:\/\/api.w.org\/{rel}","templated":true}]}}