{"id":8148,"date":"2023-07-20T11:26:30","date_gmt":"2023-07-20T09:26:30","guid":{"rendered":"https:\/\/alinvest-verde.eu\/?p=8148"},"modified":"2024-07-05T17:21:58","modified_gmt":"2024-07-05T15:21:58","slug":"especialistas-de-paraguay-y-uruguay-analizan-politicas-para-el-desarrollo-del-sector-forestal","status":"publish","type":"post","link":"https:\/\/alinvest-verde.eu\/en_gb\/especialistas-de-paraguay-y-uruguay-analizan-politicas-para-el-desarrollo-del-sector-forestal\/","title":{"rendered":"Specialists from Paraguay and Uruguay analyse policies for the development of the forestry sector"},"content":{"rendered":"<div data-elementor-type=\"wp-post\" data-elementor-id=\"8148\" class=\"elementor elementor-8148\" data-elementor-post-type=\"post\">\n\t\t\t\t\t\t<section class=\"elementor-section elementor-top-section elementor-element elementor-element-7aa9b5c4 elementor-section-boxed elementor-section-height-default elementor-section-height-default\" data-id=\"7aa9b5c4\" data-element_type=\"section\" data-e-type=\"section\">\n\t\t\t\t\t\t<div class=\"elementor-container elementor-column-gap-default\">\n\t\t\t\t\t<div class=\"elementor-column elementor-col-100 elementor-top-column elementor-element elementor-element-459d4b0a\" data-id=\"459d4b0a\" data-element_type=\"column\" data-e-type=\"column\">\n\t\t\t<div class=\"elementor-widget-wrap elementor-element-populated\">\n\t\t\t\t\t\t<div class=\"elementor-element elementor-element-40228cf0 elementor-widget elementor-widget-text-editor\" data-id=\"40228cf0\" data-element_type=\"widget\" data-e-type=\"widget\" data-widget_type=\"text-editor.default\">\n\t\t\t\t<div class=\"elementor-widget-container\">\n\t\t\t\t\t\t\t\t\t<p><\/p>\n<p class=\"wp-block-paragraph\"><strong>Asunci\u00f3n, 20 July 2023. <\/strong>The headquarters of the Paraguayan Investment and Export Network (<a href=\"https:\/\/www.rediex.gov.py\/\">REDIEX<\/a>), under the Ministry of Industry and Trade (MIC), hosted a session on<strong> exchange of experiences<\/strong> between Paraguay and Uruguay on policies for the development of the forestry sector.<\/p>\n<p><\/p>\n<p><\/p>\n<p class=\"wp-block-paragraph\">At the meeting, Carlos Faroppa, Director General of Forestry of the Ministry of Livestock, Agriculture and Fisheries of Uruguay, and Leonardo Boragno, advisor to the Directorate General of Forestry, presented the main public policies and best practices implemented in the development of forestry. <strong>Uruguay's forestry sector, considered a regional benchmark<\/strong> in forestry production and timber exports.<\/p>\n<p><\/p>\n<p><\/p>\n<p class=\"wp-block-paragraph\">The meeting emphasised the need to <strong>strong governance and coordination between policies and tools<\/strong> to achieve long-term and sustainable development of the forestry sector. The importance of a forestry law was also highlighted, along with fiscal and economic incentives, as well as the need to develop credit instruments compatible with the sector's requirements, the obtaining of international certifications for access to foreign markets, the capacity of foreign direct investment to promote technology and the capacity of the forestry sector to generate quality employment, compared to other activities in the primary sector.<\/p>\n<p><\/p>\n<p><\/p>\n<p class=\"wp-block-paragraph\">This session concluded two days of field work, during which Carlos Faroppa and Leonardo Boragno, accompanied by Jos\u00e9 Ayala Brun, a specialist from REDIEX-MIC's Forestry and Floriculture Platform, visited forestry plantations and timber industries in the departments of Alto Paran\u00e1 and Caazap\u00e1.\u00a0<\/p>\n<p><\/p>\n<p><\/p>\n<p class=\"wp-block-paragraph\"><\/p>\t\t\t\t\t\t\t\t<\/div>\n\t\t\t\t<\/div>\n\t\t\t\t\t<\/div>\n\t\t<\/div>\n\t\t\t\t\t<\/div>\n\t\t<\/section>\n\t\t\t\t<section class=\"elementor-section elementor-top-section elementor-element elementor-element-35e0abd elementor-section-boxed elementor-section-height-default elementor-section-height-default\" data-id=\"35e0abd\" data-element_type=\"section\" data-e-type=\"section\">\n\t\t\t\t\t\t<div class=\"elementor-container elementor-column-gap-default\">\n\t\t\t\t\t<div class=\"elementor-column elementor-col-100 elementor-top-column elementor-element elementor-element-023d363\" data-id=\"023d363\" data-element_type=\"column\" data-e-type=\"column\">\n\t\t\t<div class=\"elementor-widget-wrap elementor-element-populated\">\n\t\t\t\t\t\t<div class=\"elementor-element elementor-element-fc1ac3f elementor-widget elementor-widget-image\" data-id=\"fc1ac3f\" data-element_type=\"widget\" data-e-type=\"widget\" data-widget_type=\"image.default\">\n\t\t\t\t<div class=\"elementor-widget-container\">\n\t\t\t\t\t\t\t\t\t\t\t\t\t\t\t<img fetchpriority=\"high\" decoding=\"async\" width=\"800\" height=\"600\" src=\"https:\/\/alinvest-verde.eu\/wp-content\/uploads\/2023\/08\/PY-UY-2-1024x768.jpeg\" class=\"attachment-large size-large wp-image-8151\" alt=\"\" srcset=\"https:\/\/alinvest-verde.eu\/wp-content\/uploads\/2023\/08\/PY-UY-2-1024x768.jpeg 1024w, https:\/\/alinvest-verde.eu\/wp-content\/uploads\/2023\/08\/PY-UY-2-300x225.jpeg 300w, https:\/\/alinvest-verde.eu\/wp-content\/uploads\/2023\/08\/PY-UY-2-768x576.jpeg 768w, https:\/\/alinvest-verde.eu\/wp-content\/uploads\/2023\/08\/PY-UY-2-1536x1152.jpeg 1536w, https:\/\/alinvest-verde.eu\/wp-content\/uploads\/2023\/08\/PY-UY-2-16x12.jpeg 16w, https:\/\/alinvest-verde.eu\/wp-content\/uploads\/2023\/08\/PY-UY-2.jpeg 1600w\" sizes=\"(max-width: 800px) 100vw, 800px\" \/>\t\t\t\t\t\t\t\t\t\t\t\t\t\t\t<\/div>\n\t\t\t\t<\/div>\n\t\t\t\t\t<\/div>\n\t\t<\/div>\n\t\t\t\t\t<\/div>\n\t\t<\/section>\n\t\t\t\t<section class=\"elementor-section elementor-top-section elementor-element elementor-element-b282cf4 elementor-section-boxed elementor-section-height-default elementor-section-height-default\" data-id=\"b282cf4\" data-element_type=\"section\" data-e-type=\"section\">\n\t\t\t\t\t\t<div class=\"elementor-container elementor-column-gap-default\">\n\t\t\t\t\t<div class=\"elementor-column elementor-col-100 elementor-top-column elementor-element elementor-element-0df47f7\" data-id=\"0df47f7\" data-element_type=\"column\" data-e-type=\"column\">\n\t\t\t<div class=\"elementor-widget-wrap elementor-element-populated\">\n\t\t\t\t\t\t<div class=\"elementor-element elementor-element-5a453d0 elementor-widget elementor-widget-text-editor\" data-id=\"5a453d0\" data-element_type=\"widget\" data-e-type=\"widget\" data-widget_type=\"text-editor.default\">\n\t\t\t\t<div class=\"elementor-widget-container\">\n\t\t\t\t\t\t\t\t\t<p>The meeting was attended by the Deputy Minister of REDIEX, Gilda Arr\u00e9llaga; the Deputy Minister of Trade and Services of the MIC, Pedro Mancuello; the Director of the National Forestry Institute (INFONA) of Paraguay, Cristina Goralewski, and representatives of the Development Finance Agency (AFD), the Superintendency of Banks of the Central Bank of Paraguay and the Technical Secretariat of Planning.<\/p>\n<p><strong>About AL-INVEST Verde<\/strong><\/p>\n<p>AL-INVEST Verde is a European Union (EU) programme whose main objective is to promote sustainable growth and job creation in Latin America by supporting the transition towards a low-carbon, resource-efficient and more circular economy. Through Component 2, led by FIIAPP in consortium with IILA, the programme provides assistance for strengthening public policy and multi-stakeholder dialogues on sustainable agricultural and value chains, environmental and labour standards, as well as sustainable trade and economic policy and regulatory frameworks.<\/p>\t\t\t\t\t\t\t\t<\/div>\n\t\t\t\t<\/div>\n\t\t\t\t\t<\/div>\n\t\t<\/div>\n\t\t\t\t\t<\/div>\n\t\t<\/section>\n\t\t\t\t<\/div>","protected":false},"excerpt":{"rendered":"<p>Asunci\u00f3n, 20 de julio de 2023.- La sede de la Red de Inversiones y Exportaciones de Paraguay (REDIEX), dependiente del Ministerio de Industria y Comercio (MIC), acogi\u00f3 una sesi\u00f3n de intercambio de experiencias entre Paraguay y Uruguay sobre pol\u00edticas para el desarrollo del sector forestal. En la reuni\u00f3n, Carlos Faroppa, director general Forestal del Ministerio [&hellip;]<\/p>\n","protected":false},"author":6,"featured_media":8149,"comment_status":"closed","ping_status":"closed","sticky":false,"template":"","format":"standard","meta":{"footnotes":""},"categories":[54,60,24,19,20],"tags":[38,75,84,30],"class_list":["post-8148","post","type-post","status-publish","format-standard","has-post-thumbnail","hentry","category-2023-component-2","category-2023-news","category-actualidad","category-component-2","category-news","tag-deforestacion","tag-forestal","tag-madera","tag-sostenibilidad"],"yoast_head":"<!-- This site is optimized with the Yoast SEO plugin v28.4 - https:\/\/yoast.com\/product\/yoast-seo-wordpress\/ -->\n<title>Especialistas de Paraguay y Uruguay analizan pol\u00edticas para el desarrollo del sector forestal - Programme AL-INVEST Verde<\/title>\n<meta name=\"robots\" content=\"index, follow, max-snippet:-1, max-image-preview:large, max-video-preview:-1\" \/>\n<link rel=\"canonical\" href=\"https:\/\/alinvest-verde.eu\/en_gb\/especialistas-de-paraguay-y-uruguay-analizan-politicas-para-el-desarrollo-del-sector-forestal\/\" \/>\n<meta property=\"og:locale\" content=\"en_GB\" \/>\n<meta property=\"og:type\" content=\"article\" \/>\n<meta property=\"og:title\" content=\"Especialistas de Paraguay y Uruguay analizan pol\u00edticas para el desarrollo del sector forestal - Programme AL-INVEST Verde\" \/>\n<meta property=\"og:description\" content=\"Asunci\u00f3n, 20 de julio de 2023.- La sede de la Red de Inversiones y Exportaciones de Paraguay (REDIEX), dependiente del Ministerio de Industria y Comercio (MIC), acogi\u00f3 una sesi\u00f3n de intercambio de experiencias entre Paraguay y Uruguay sobre pol\u00edticas para el desarrollo del sector forestal. En la reuni\u00f3n, Carlos Faroppa, director general Forestal del Ministerio [&hellip;]\" \/>\n<meta property=\"og:url\" content=\"https:\/\/alinvest-verde.eu\/en_gb\/especialistas-de-paraguay-y-uruguay-analizan-politicas-para-el-desarrollo-del-sector-forestal\/\" \/>\n<meta property=\"og:site_name\" content=\"Programme AL-INVEST Verde\" \/>\n<meta property=\"article:published_time\" content=\"2023-07-20T09:26:30+00:00\" \/>\n<meta property=\"article:modified_time\" content=\"2024-07-05T15:21:58+00:00\" \/>\n<meta property=\"og:image\" content=\"https:\/\/alinvest-verde.eu\/wp-content\/uploads\/2023\/08\/PY-UY-1.jpeg\" \/>\n\t<meta property=\"og:image:width\" content=\"1024\" \/>\n\t<meta property=\"og:image:height\" content=\"473\" \/>\n\t<meta property=\"og:image:type\" content=\"image\/jpeg\" \/>\n<meta name=\"author\" content=\"Azucena Garc\u00eda\" \/>\n<meta name=\"twitter:card\" content=\"summary_large_image\" \/>\n<meta name=\"twitter:creator\" content=\"@Frank Summa\" \/>\n<meta name=\"twitter:label1\" content=\"Written by\" \/>\n\t<meta name=\"twitter:data1\" content=\"\" \/>\n\t<meta name=\"twitter:label2\" content=\"Estimated reading time\" \/>\n\t<meta name=\"twitter:data2\" content=\"3 minutes\" \/>\n<script type=\"application\/ld+json\" class=\"yoast-schema-graph\">{\"@context\":\"https:\\\/\\\/schema.org\",\"@graph\":[{\"@type\":\"Article\",\"@id\":\"https:\\\/\\\/alinvest-verde.eu\\\/especialistas-de-paraguay-y-uruguay-analizan-politicas-para-el-desarrollo-del-sector-forestal\\\/#article\",\"isPartOf\":{\"@id\":\"https:\\\/\\\/alinvest-verde.eu\\\/especialistas-de-paraguay-y-uruguay-analizan-politicas-para-el-desarrollo-del-sector-forestal\\\/\"},\"author\":{\"name\":\"Azucena Garc\u00eda\",\"@id\":\"https:\\\/\\\/alinvest-verde.eu\\\/#\\\/schema\\\/person\\\/8804ec49772ba377829838bc11b6aa6b\"},\"headline\":\"Especialistas de Paraguay y Uruguay analizan pol\u00edticas para el desarrollo del sector forestal\",\"datePublished\":\"2023-07-20T09:26:30+00:00\",\"dateModified\":\"2024-07-05T15:21:58+00:00\",\"mainEntityOfPage\":{\"@id\":\"https:\\\/\\\/alinvest-verde.eu\\\/especialistas-de-paraguay-y-uruguay-analizan-politicas-para-el-desarrollo-del-sector-forestal\\\/\"},\"wordCount\":454,\"publisher\":{\"@id\":\"https:\\\/\\\/alinvest-verde.eu\\\/#organization\"},\"image\":{\"@id\":\"https:\\\/\\\/alinvest-verde.eu\\\/especialistas-de-paraguay-y-uruguay-analizan-politicas-para-el-desarrollo-del-sector-forestal\\\/#primaryimage\"},\"thumbnailUrl\":\"https:\\\/\\\/alinvest-verde.eu\\\/wp-content\\\/uploads\\\/2023\\\/08\\\/PY-UY-1.jpeg\",\"keywords\":[\"deforestaci\u00f3n\",\"forestal\",\"madera\",\"sostenibilidad\"],\"articleSection\":[\"2023\",\"2023\",\"Actualidad\",\"Component 2\",\"News\"],\"inLanguage\":\"en-GB\"},{\"@type\":\"WebPage\",\"@id\":\"https:\\\/\\\/alinvest-verde.eu\\\/especialistas-de-paraguay-y-uruguay-analizan-politicas-para-el-desarrollo-del-sector-forestal\\\/\",\"url\":\"https:\\\/\\\/alinvest-verde.eu\\\/especialistas-de-paraguay-y-uruguay-analizan-politicas-para-el-desarrollo-del-sector-forestal\\\/\",\"name\":\"Especialistas de Paraguay y Uruguay analizan pol\u00edticas para el desarrollo del sector forestal - Programme AL-INVEST Verde\",\"isPartOf\":{\"@id\":\"https:\\\/\\\/alinvest-verde.eu\\\/#website\"},\"primaryImageOfPage\":{\"@id\":\"https:\\\/\\\/alinvest-verde.eu\\\/especialistas-de-paraguay-y-uruguay-analizan-politicas-para-el-desarrollo-del-sector-forestal\\\/#primaryimage\"},\"image\":{\"@id\":\"https:\\\/\\\/alinvest-verde.eu\\\/especialistas-de-paraguay-y-uruguay-analizan-politicas-para-el-desarrollo-del-sector-forestal\\\/#primaryimage\"},\"thumbnailUrl\":\"https:\\\/\\\/alinvest-verde.eu\\\/wp-content\\\/uploads\\\/2023\\\/08\\\/PY-UY-1.jpeg\",\"datePublished\":\"2023-07-20T09:26:30+00:00\",\"dateModified\":\"2024-07-05T15:21:58+00:00\",\"breadcrumb\":{\"@id\":\"https:\\\/\\\/alinvest-verde.eu\\\/especialistas-de-paraguay-y-uruguay-analizan-politicas-para-el-desarrollo-del-sector-forestal\\\/#breadcrumb\"},\"inLanguage\":\"en-GB\",\"potentialAction\":[{\"@type\":\"ReadAction\",\"target\":[\"https:\\\/\\\/alinvest-verde.eu\\\/especialistas-de-paraguay-y-uruguay-analizan-politicas-para-el-desarrollo-del-sector-forestal\\\/\"]}]},{\"@type\":\"ImageObject\",\"inLanguage\":\"en-GB\",\"@id\":\"https:\\\/\\\/alinvest-verde.eu\\\/especialistas-de-paraguay-y-uruguay-analizan-politicas-para-el-desarrollo-del-sector-forestal\\\/#primaryimage\",\"url\":\"https:\\\/\\\/alinvest-verde.eu\\\/wp-content\\\/uploads\\\/2023\\\/08\\\/PY-UY-1.jpeg\",\"contentUrl\":\"https:\\\/\\\/alinvest-verde.eu\\\/wp-content\\\/uploads\\\/2023\\\/08\\\/PY-UY-1.jpeg\",\"width\":1024,\"height\":473},{\"@type\":\"BreadcrumbList\",\"@id\":\"https:\\\/\\\/alinvest-verde.eu\\\/especialistas-de-paraguay-y-uruguay-analizan-politicas-para-el-desarrollo-del-sector-forestal\\\/#breadcrumb\",\"itemListElement\":[{\"@type\":\"ListItem\",\"position\":1,\"name\":\"Inicio\",\"item\":\"https:\\\/\\\/alinvest-verde.eu\\\/\"},{\"@type\":\"ListItem\",\"position\":2,\"name\":\"Component 2\",\"item\":\"https:\\\/\\\/alinvest-verde.eu\\\/category\\\/component-2\\\/\"},{\"@type\":\"ListItem\",\"position\":3,\"name\":\"Especialistas de Paraguay y Uruguay analizan pol\u00edticas para el desarrollo del sector forestal\"}]},{\"@type\":\"WebSite\",\"@id\":\"https:\\\/\\\/alinvest-verde.eu\\\/#website\",\"url\":\"https:\\\/\\\/alinvest-verde.eu\\\/\",\"name\":\"Programme AL-INVEST Verde\",\"description\":\"Building alliances with the private sector in LA and promote sustainable growth and jobs creation by supporting the transition towards a low-carbon, resource-efficient economy\",\"publisher\":{\"@id\":\"https:\\\/\\\/alinvest-verde.eu\\\/#organization\"},\"potentialAction\":[{\"@type\":\"SearchAction\",\"target\":{\"@type\":\"EntryPoint\",\"urlTemplate\":\"https:\\\/\\\/alinvest-verde.eu\\\/?s={search_term_string}\"},\"query-input\":{\"@type\":\"PropertyValueSpecification\",\"valueRequired\":true,\"valueName\":\"search_term_string\"}}],\"inLanguage\":\"en-GB\"},{\"@type\":\"Organization\",\"@id\":\"https:\\\/\\\/alinvest-verde.eu\\\/#organization\",\"name\":\"Programme AL-INVEST Verde\",\"url\":\"https:\\\/\\\/alinvest-verde.eu\\\/\",\"logo\":{\"@type\":\"ImageObject\",\"inLanguage\":\"en-GB\",\"@id\":\"https:\\\/\\\/alinvest-verde.eu\\\/#\\\/schema\\\/logo\\\/image\\\/\",\"url\":\"https:\\\/\\\/alinvest-verde.eu\\\/wp-content\\\/uploads\\\/2022\\\/01\\\/cropped-logo-financiado-por-la-UE.jpg\",\"contentUrl\":\"https:\\\/\\\/alinvest-verde.eu\\\/wp-content\\\/uploads\\\/2022\\\/01\\\/cropped-logo-financiado-por-la-UE.jpg\",\"width\":756,\"height\":216,\"caption\":\"Programme AL-INVEST Verde\"},\"image\":{\"@id\":\"https:\\\/\\\/alinvest-verde.eu\\\/#\\\/schema\\\/logo\\\/image\\\/\"}},{\"@type\":\"Person\",\"@id\":\"https:\\\/\\\/alinvest-verde.eu\\\/#\\\/schema\\\/person\\\/8804ec49772ba377829838bc11b6aa6b\",\"name\":\"Azucena Garc\u00eda\",\"image\":{\"@type\":\"ImageObject\",\"inLanguage\":\"en-GB\",\"@id\":\"https:\\\/\\\/secure.gravatar.com\\\/avatar\\\/fc4d91c562d3c4ac55cafd2f4ae4ebd513d2304b007a5c8d4f2d8543edeb9d79?s=96&d=mm&r=g\",\"url\":\"https:\\\/\\\/secure.gravatar.com\\\/avatar\\\/fc4d91c562d3c4ac55cafd2f4ae4ebd513d2304b007a5c8d4f2d8543edeb9d79?s=96&d=mm&r=g\",\"contentUrl\":\"https:\\\/\\\/secure.gravatar.com\\\/avatar\\\/fc4d91c562d3c4ac55cafd2f4ae4ebd513d2304b007a5c8d4f2d8543edeb9d79?s=96&d=mm&r=g\",\"caption\":\"Azucena Garc\u00eda\"},\"sameAs\":[\"https:\\\/\\\/x.com\\\/Frank Summa\"],\"url\":\"https:\\\/\\\/alinvest-verde.eu\\\/en_gb\\\/author\\\/azucena-garcia\\\/\"}]}<\/script>\n<!-- \/ Yoast SEO plugin. -->","yoast_head_json":{"title":"Specialists from Paraguay and Uruguay analyse policies for the development of the forestry sector - Programme AL-INVEST Verde","robots":{"index":"index","follow":"follow","max-snippet":"max-snippet:-1","max-image-preview":"max-image-preview:large","max-video-preview":"max-video-preview:-1"},"canonical":"https:\/\/alinvest-verde.eu\/en_gb\/especialistas-de-paraguay-y-uruguay-analizan-politicas-para-el-desarrollo-del-sector-forestal\/","og_locale":"en_GB","og_type":"article","og_title":"Especialistas de Paraguay y Uruguay analizan pol\u00edticas para el desarrollo del sector forestal - Programme AL-INVEST Verde","og_description":"Asunci\u00f3n, 20 de julio de 2023.- La sede de la Red de Inversiones y Exportaciones de Paraguay (REDIEX), dependiente del Ministerio de Industria y Comercio (MIC), acogi\u00f3 una sesi\u00f3n de intercambio de experiencias entre Paraguay y Uruguay sobre pol\u00edticas para el desarrollo del sector forestal. En la reuni\u00f3n, Carlos Faroppa, director general Forestal del Ministerio [&hellip;]","og_url":"https:\/\/alinvest-verde.eu\/en_gb\/especialistas-de-paraguay-y-uruguay-analizan-politicas-para-el-desarrollo-del-sector-forestal\/","og_site_name":"Programme AL-INVEST Verde","article_published_time":"2023-07-20T09:26:30+00:00","article_modified_time":"2024-07-05T15:21:58+00:00","og_image":[{"width":1024,"height":473,"url":"https:\/\/alinvest-verde.eu\/wp-content\/uploads\/2023\/08\/PY-UY-1.jpeg","type":"image\/jpeg"}],"author":"Azucena Garc\u00eda","twitter_card":"summary_large_image","twitter_creator":"@Frank Summa","twitter_misc":{"Written by":false,"Estimated reading time":"3 minutes"},"schema":{"@context":"https:\/\/schema.org","@graph":[{"@type":"Article","@id":"https:\/\/alinvest-verde.eu\/especialistas-de-paraguay-y-uruguay-analizan-politicas-para-el-desarrollo-del-sector-forestal\/#article","isPartOf":{"@id":"https:\/\/alinvest-verde.eu\/especialistas-de-paraguay-y-uruguay-analizan-politicas-para-el-desarrollo-del-sector-forestal\/"},"author":{"name":"Azucena Garc\u00eda","@id":"https:\/\/alinvest-verde.eu\/#\/schema\/person\/8804ec49772ba377829838bc11b6aa6b"},"headline":"Especialistas de Paraguay y Uruguay analizan pol\u00edticas para el desarrollo del sector forestal","datePublished":"2023-07-20T09:26:30+00:00","dateModified":"2024-07-05T15:21:58+00:00","mainEntityOfPage":{"@id":"https:\/\/alinvest-verde.eu\/especialistas-de-paraguay-y-uruguay-analizan-politicas-para-el-desarrollo-del-sector-forestal\/"},"wordCount":454,"publisher":{"@id":"https:\/\/alinvest-verde.eu\/#organization"},"image":{"@id":"https:\/\/alinvest-verde.eu\/especialistas-de-paraguay-y-uruguay-analizan-politicas-para-el-desarrollo-del-sector-forestal\/#primaryimage"},"thumbnailUrl":"https:\/\/alinvest-verde.eu\/wp-content\/uploads\/2023\/08\/PY-UY-1.jpeg","keywords":["deforestaci\u00f3n","forestal","madera","sostenibilidad"],"articleSection":["2023","2023","Actualidad","Component 2","News"],"inLanguage":"en-GB"},{"@type":"WebPage","@id":"https:\/\/alinvest-verde.eu\/especialistas-de-paraguay-y-uruguay-analizan-politicas-para-el-desarrollo-del-sector-forestal\/","url":"https:\/\/alinvest-verde.eu\/especialistas-de-paraguay-y-uruguay-analizan-politicas-para-el-desarrollo-del-sector-forestal\/","name":"Specialists from Paraguay and Uruguay analyse policies for the development of the forestry sector - Programme AL-INVEST Verde","isPartOf":{"@id":"https:\/\/alinvest-verde.eu\/#website"},"primaryImageOfPage":{"@id":"https:\/\/alinvest-verde.eu\/especialistas-de-paraguay-y-uruguay-analizan-politicas-para-el-desarrollo-del-sector-forestal\/#primaryimage"},"image":{"@id":"https:\/\/alinvest-verde.eu\/especialistas-de-paraguay-y-uruguay-analizan-politicas-para-el-desarrollo-del-sector-forestal\/#primaryimage"},"thumbnailUrl":"https:\/\/alinvest-verde.eu\/wp-content\/uploads\/2023\/08\/PY-UY-1.jpeg","datePublished":"2023-07-20T09:26:30+00:00","dateModified":"2024-07-05T15:21:58+00:00","breadcrumb":{"@id":"https:\/\/alinvest-verde.eu\/especialistas-de-paraguay-y-uruguay-analizan-politicas-para-el-desarrollo-del-sector-forestal\/#breadcrumb"},"inLanguage":"en-GB","potentialAction":[{"@type":"ReadAction","target":["https:\/\/alinvest-verde.eu\/especialistas-de-paraguay-y-uruguay-analizan-politicas-para-el-desarrollo-del-sector-forestal\/"]}]},{"@type":"ImageObject","inLanguage":"en-GB","@id":"https:\/\/alinvest-verde.eu\/especialistas-de-paraguay-y-uruguay-analizan-politicas-para-el-desarrollo-del-sector-forestal\/#primaryimage","url":"https:\/\/alinvest-verde.eu\/wp-content\/uploads\/2023\/08\/PY-UY-1.jpeg","contentUrl":"https:\/\/alinvest-verde.eu\/wp-content\/uploads\/2023\/08\/PY-UY-1.jpeg","width":1024,"height":473},{"@type":"BreadcrumbList","@id":"https:\/\/alinvest-verde.eu\/especialistas-de-paraguay-y-uruguay-analizan-politicas-para-el-desarrollo-del-sector-forestal\/#breadcrumb","itemListElement":[{"@type":"ListItem","position":1,"name":"Inicio","item":"https:\/\/alinvest-verde.eu\/"},{"@type":"ListItem","position":2,"name":"Component 2","item":"https:\/\/alinvest-verde.eu\/category\/component-2\/"},{"@type":"ListItem","position":3,"name":"Especialistas de Paraguay y Uruguay analizan pol\u00edticas para el desarrollo del sector forestal"}]},{"@type":"WebSite","@id":"https:\/\/alinvest-verde.eu\/#website","url":"https:\/\/alinvest-verde.eu\/","name":"Programme AL-INVEST Verde","description":"Building alliances with the private sector in LA and promote sustainable growth and jobs creation by supporting the transition towards a low-carbon, resource-efficient economy","publisher":{"@id":"https:\/\/alinvest-verde.eu\/#organization"},"potentialAction":[{"@type":"SearchAction","target":{"@type":"EntryPoint","urlTemplate":"https:\/\/alinvest-verde.eu\/?s={search_term_string}"},"query-input":{"@type":"PropertyValueSpecification","valueRequired":true,"valueName":"search_term_string"}}],"inLanguage":"en-GB"},{"@type":"Organization","@id":"https:\/\/alinvest-verde.eu\/#organization","name":"Programme AL-INVEST Verde","url":"https:\/\/alinvest-verde.eu\/","logo":{"@type":"ImageObject","inLanguage":"en-GB","@id":"https:\/\/alinvest-verde.eu\/#\/schema\/logo\/image\/","url":"https:\/\/alinvest-verde.eu\/wp-content\/uploads\/2022\/01\/cropped-logo-financiado-por-la-UE.jpg","contentUrl":"https:\/\/alinvest-verde.eu\/wp-content\/uploads\/2022\/01\/cropped-logo-financiado-por-la-UE.jpg","width":756,"height":216,"caption":"Programme AL-INVEST Verde"},"image":{"@id":"https:\/\/alinvest-verde.eu\/#\/schema\/logo\/image\/"}},{"@type":"Person","@id":"https:\/\/alinvest-verde.eu\/#\/schema\/person\/8804ec49772ba377829838bc11b6aa6b","name":"Azucena Garcia","image":{"@type":"ImageObject","inLanguage":"en-GB","@id":"https:\/\/secure.gravatar.com\/avatar\/fc4d91c562d3c4ac55cafd2f4ae4ebd513d2304b007a5c8d4f2d8543edeb9d79?s=96&d=mm&r=g","url":"https:\/\/secure.gravatar.com\/avatar\/fc4d91c562d3c4ac55cafd2f4ae4ebd513d2304b007a5c8d4f2d8543edeb9d79?s=96&d=mm&r=g","contentUrl":"https:\/\/secure.gravatar.com\/avatar\/fc4d91c562d3c4ac55cafd2f4ae4ebd513d2304b007a5c8d4f2d8543edeb9d79?s=96&d=mm&r=g","caption":"Azucena Garc\u00eda"},"sameAs":["https:\/\/x.com\/Frank Summa"],"url":"https:\/\/alinvest-verde.eu\/en_gb\/author\/azucena-garcia\/"}]}},"_links":{"self":[{"href":"https:\/\/alinvest-verde.eu\/en_gb\/wp-json\/wp\/v2\/posts\/8148","targetHints":{"allow":["GET"]}}],"collection":[{"href":"https:\/\/alinvest-verde.eu\/en_gb\/wp-json\/wp\/v2\/posts"}],"about":[{"href":"https:\/\/alinvest-verde.eu\/en_gb\/wp-json\/wp\/v2\/types\/post"}],"author":[{"embeddable":true,"href":"https:\/\/alinvest-verde.eu\/en_gb\/wp-json\/wp\/v2\/users\/6"}],"replies":[{"embeddable":true,"href":"https:\/\/alinvest-verde.eu\/en_gb\/wp-json\/wp\/v2\/comments?post=8148"}],"version-history":[{"count":7,"href":"https:\/\/alinvest-verde.eu\/en_gb\/wp-json\/wp\/v2\/posts\/8148\/revisions"}],"predecessor-version":[{"id":8188,"href":"https:\/\/alinvest-verde.eu\/en_gb\/wp-json\/wp\/v2\/posts\/8148\/revisions\/8188"}],"wp:featuredmedia":[{"embeddable":true,"href":"https:\/\/alinvest-verde.eu\/en_gb\/wp-json\/wp\/v2\/media\/8149"}],"wp:attachment":[{"href":"https:\/\/alinvest-verde.eu\/en_gb\/wp-json\/wp\/v2\/media?parent=8148"}],"wp:term":[{"taxonomy":"category","embeddable":true,"href":"https:\/\/alinvest-verde.eu\/en_gb\/wp-json\/wp\/v2\/categories?post=8148"},{"taxonomy":"post_tag","embeddable":true,"href":"https:\/\/alinvest-verde.eu\/en_gb\/wp-json\/wp\/v2\/tags?post=8148"}],"curies":[{"name":"wp","href":"https:\/\/api.w.org\/{rel}","templated":true}]}}