{"id":10809,"date":"2024-03-08T16:48:46","date_gmt":"2024-03-08T15:48:46","guid":{"rendered":"https:\/\/alinvest-verde.eu\/?post_type=newslette&#038;p=10809"},"modified":"2024-05-31T03:33:12","modified_gmt":"2024-05-31T01:33:12","slug":"newsletter-8-de-marzo","status":"publish","type":"newslette","link":"https:\/\/alinvest-verde.eu\/es_es\/newslette\/newsletter-8-de-marzo\/","title":{"rendered":"Marzo 2024"},"content":{"rendered":"\n<p class=\"wp-block-paragraph\">En el <strong>D\u00eda Internacional de la Mujer<\/strong>, reafirmamos nuestro compromiso con sus derechos. Desde AL-INVEST Verde, impulsamos el empoderamiento de las mujeres, su participaci\u00f3n en las peque\u00f1as y medianas empresas, el desarrollo de las emprendedoras en el \u00e1mbito rural, el apoyo a las mujeres productoras y exportadoras y el reconocimiento al talento y creatividad de las mujeres inventoras. Creemos en la valiosa aportaci\u00f3n de todas ellas y en su potencial transformador.\u00a0<\/p>\n\n\n\n<figure class=\"wp-block-image size-full\"><a href=\"https:\/\/youtu.be\/fKwSMTt3f9A\"><img fetchpriority=\"high\" decoding=\"async\" width=\"890\" height=\"501\" src=\"https:\/\/alinvest-verde.eu\/wp-content\/uploads\/2024\/03\/image.png\" alt=\"\" class=\"wp-image-10810\" srcset=\"https:\/\/alinvest-verde.eu\/wp-content\/uploads\/2024\/03\/image.png 890w, https:\/\/alinvest-verde.eu\/wp-content\/uploads\/2024\/03\/image-300x169.png 300w, https:\/\/alinvest-verde.eu\/wp-content\/uploads\/2024\/03\/image-768x432.png 768w, https:\/\/alinvest-verde.eu\/wp-content\/uploads\/2024\/03\/image-18x10.png 18w\" sizes=\"(max-width: 890px) 100vw, 890px\" \/><\/a><\/figure>\n\n\n\n<figure class=\"wp-block-image alignleft size-full is-resized\"><img decoding=\"async\" width=\"423\" height=\"468\" src=\"https:\/\/alinvest-verde.eu\/wp-content\/uploads\/2024\/03\/image-1.png\" alt=\"\" class=\"wp-image-10811\" style=\"width:185px;height:auto\" srcset=\"https:\/\/alinvest-verde.eu\/wp-content\/uploads\/2024\/03\/image-1.png 423w, https:\/\/alinvest-verde.eu\/wp-content\/uploads\/2024\/03\/image-1-271x300.png 271w, https:\/\/alinvest-verde.eu\/wp-content\/uploads\/2024\/03\/image-1-11x12.png 11w\" sizes=\"(max-width: 423px) 100vw, 423px\" \/><\/figure>\n\n\n\n<p class=\"wp-block-paragraph\"><\/p>\n\n\n\n<p class=\"wp-block-paragraph\">AL-INVEST Verde apoya a l\u00edderes de micro, peque\u00f1as y medianas empresas. El programa espera que se generen 3500 empleos verdes y digitales para mujeres y que m\u00e1s de 26.000 mujeres participen en actividades promovidas en apoyo al sector privado.\u00a0\u00a0<\/p>\n\n\n\n<figure class=\"wp-block-image size-full is-resized\"><img decoding=\"async\" width=\"423\" height=\"423\" src=\"https:\/\/alinvest-verde.eu\/wp-content\/uploads\/2024\/03\/image-2.png\" alt=\"\" class=\"wp-image-10812\" style=\"width:842px;height:auto\" srcset=\"https:\/\/alinvest-verde.eu\/wp-content\/uploads\/2024\/03\/image-2.png 423w, https:\/\/alinvest-verde.eu\/wp-content\/uploads\/2024\/03\/image-2-300x300.png 300w, https:\/\/alinvest-verde.eu\/wp-content\/uploads\/2024\/03\/image-2-150x150.png 150w, https:\/\/alinvest-verde.eu\/wp-content\/uploads\/2024\/03\/image-2-12x12.png 12w\" sizes=\"(max-width: 423px) 100vw, 423px\" \/><\/figure>\n\n\n\n<p class=\"wp-block-paragraph\"><strong>Perspectiva de g\u00e9nero en el sector agroexportador<\/strong><\/p>\n\n\n\n<p class=\"wp-block-paragraph\">En colaboraci\u00f3n con el Ministerio de Ganader\u00eda, Agricultura y Pesca de Uruguay, apoyamos actividades que contribuyan a los objetivos del <strong>Plan Nacional de G\u00e9nero en las Pol\u00edticas Agropecuarias <\/strong>(PNG Agro). Con este fin, se analizan las oportunidades en la mejora de las condiciones en el empleo y en la exportaci\u00f3n de productos a la Uni\u00f3n Europea con perspectiva de g\u00e9nero. <a href=\"https:\/\/alinvest-verde.eu\/es_es\/accion-uruguay-perspectiva-genero-sector-agroexportador\/\">Leer m\u00e1s<\/a><\/p>\n\n\n\n<figure class=\"wp-block-image size-full is-resized\"><img loading=\"lazy\" decoding=\"async\" width=\"423\" height=\"290\" src=\"https:\/\/alinvest-verde.eu\/wp-content\/uploads\/2024\/03\/image-3.png\" alt=\"\" class=\"wp-image-10813\" style=\"width:844px;height:auto\" srcset=\"https:\/\/alinvest-verde.eu\/wp-content\/uploads\/2024\/03\/image-3.png 423w, https:\/\/alinvest-verde.eu\/wp-content\/uploads\/2024\/03\/image-3-300x206.png 300w, https:\/\/alinvest-verde.eu\/wp-content\/uploads\/2024\/03\/image-3-18x12.png 18w\" sizes=\"(max-width: 423px) 100vw, 423px\" \/><\/figure>\n\n\n\n<p class=\"wp-block-paragraph\"><strong>Las mujeres en el dise\u00f1o<\/strong><\/p>\n\n\n\n<p class=\"wp-block-paragraph\">Este estudio, realizado por la Oficina de Propiedad Intelectual de la Uni\u00f3n Europea (EUIPO), que implementa AL-INVEST Verde DPI (Derechos de Propiedad Intelectual), analiza los <strong>desequilibrios de g\u00e9nero<\/strong> en el \u00e1mbito laboral del dise\u00f1o y subraya la necesidad de seguir esforz\u00e1ndose por corregirlos.\u00a0<a href=\"https:\/\/euipo.europa.eu\/tunnel-web\/secure\/webdav\/guest\/document_library\/observatory\/documents\/reports\/2023_Report_on_Women_in_Design\/2023_Report_on_Women_in_Design_FullR_en.pdf\">Descargar estudio<\/a>. <\/p>\n\n\n\n<figure class=\"wp-block-image alignleft size-full is-resized\"><img loading=\"lazy\" decoding=\"async\" width=\"423\" height=\"211\" src=\"https:\/\/alinvest-verde.eu\/wp-content\/uploads\/2024\/03\/image-4.png\" alt=\"\" class=\"wp-image-10814\" style=\"width:292px;height:auto\" srcset=\"https:\/\/alinvest-verde.eu\/wp-content\/uploads\/2024\/03\/image-4.png 423w, https:\/\/alinvest-verde.eu\/wp-content\/uploads\/2024\/03\/image-4-300x150.png 300w, https:\/\/alinvest-verde.eu\/wp-content\/uploads\/2024\/03\/image-4-18x9.png 18w\" sizes=\"(max-width: 423px) 100vw, 423px\" \/><\/figure>\n\n\n\n<p class=\"wp-block-paragraph\"><strong>Las mujeres de las industrias creativas y la propiedad intelectual<\/strong><\/p>\n\n\n\n<p class=\"wp-block-paragraph\">El d\u00eda <strong>20 de marzo<\/strong>, Carolina Arias Burgos, economista de la EUIPO y coautora del estudio &#8220;Las mujeres en el dise\u00f1o&#8221;, moderar\u00e1 este\u00a0webinar. <a href=\"https:\/\/alinvest-verde.eu\/es_es\/webinar-sobre-las-mujeres-en-las-industrias-creativos-y-la-propiedad-intelectual\/\">M\u00e1s informaci\u00f3n<\/a>. <\/p>\n\n\n\n<figure class=\"wp-block-image size-full\"><a href=\"https:\/\/youtu.be\/Jlcy6tdGBt8\"><img loading=\"lazy\" decoding=\"async\" width=\"890\" height=\"501\" src=\"https:\/\/alinvest-verde.eu\/wp-content\/uploads\/2024\/03\/image-5.png\" alt=\"\" class=\"wp-image-10815\" srcset=\"https:\/\/alinvest-verde.eu\/wp-content\/uploads\/2024\/03\/image-5.png 890w, https:\/\/alinvest-verde.eu\/wp-content\/uploads\/2024\/03\/image-5-300x169.png 300w, https:\/\/alinvest-verde.eu\/wp-content\/uploads\/2024\/03\/image-5-768x432.png 768w, https:\/\/alinvest-verde.eu\/wp-content\/uploads\/2024\/03\/image-5-18x10.png 18w\" sizes=\"(max-width: 890px) 100vw, 890px\" \/><\/a><\/figure>\n\n\n\n<p class=\"wp-block-paragraph\"><strong>Loreto Bresky, Directora Nacional de INAPI <\/strong>(Instituto Nacional de Propiedad Industrial de Chile) detalla los desaf\u00edos de la corresponsabilidad de g\u00e9nero y la participaci\u00f3n de las mujeres en cuestiones relacionados con la propiedad intelectual y la innovaci\u00f3n. Adem\u00e1s, explica la iniciativa desarrollada junto con AL-INVEST Verde para visibilizar a estas mujeres.<\/p>\n\n\n\n<figure class=\"wp-block-image size-large\"><img loading=\"lazy\" decoding=\"async\" width=\"1024\" height=\"121\" src=\"https:\/\/alinvest-verde.eu\/wp-content\/uploads\/2022\/01\/logos-1024x121.jpg\" alt=\"\" class=\"wp-image-7489\" srcset=\"https:\/\/alinvest-verde.eu\/wp-content\/uploads\/2022\/01\/logos-1024x121.jpg 1024w, https:\/\/alinvest-verde.eu\/wp-content\/uploads\/2022\/01\/logos-300x36.jpg 300w, https:\/\/alinvest-verde.eu\/wp-content\/uploads\/2022\/01\/logos-768x91.jpg 768w, https:\/\/alinvest-verde.eu\/wp-content\/uploads\/2022\/01\/logos-1536x182.jpg 1536w, https:\/\/alinvest-verde.eu\/wp-content\/uploads\/2022\/01\/logos-2048x243.jpg 2048w, https:\/\/alinvest-verde.eu\/wp-content\/uploads\/2022\/01\/logos-18x2.jpg 18w\" sizes=\"(max-width: 1024px) 100vw, 1024px\" \/><\/figure>\n","protected":false},"excerpt":{"rendered":"<p>El bolet\u00edn electr\u00f3nico elaborado como edici\u00f3n especial por el 8 de marzo, destaca el trabajo del programa en el compromiso hacia los derechos de las mujeres, el empoderamiento y el impulso a las l\u00edderes emprendedoras de la regi\u00f3n latinoamericana. <\/p>\n","protected":false},"featured_media":11178,"template":"","class_list":["post-10809","newslette","type-newslette","status-publish","has-post-thumbnail","hentry"],"yoast_head":"<!-- This site is optimized with the Yoast SEO plugin v28.4 - https:\/\/yoast.com\/product\/yoast-seo-wordpress\/ -->\n<title>Marzo 2024 - Programme AL-INVEST Verde<\/title>\n<meta name=\"robots\" content=\"index, follow, max-snippet:-1, max-image-preview:large, max-video-preview:-1\" \/>\n<link rel=\"canonical\" href=\"https:\/\/alinvest-verde.eu\/es_es\/newslette\/newsletter-8-de-marzo\/\" \/>\n<meta property=\"og:locale\" content=\"es_ES\" \/>\n<meta property=\"og:type\" content=\"article\" \/>\n<meta property=\"og:title\" content=\"Marzo 2024 - Programme AL-INVEST Verde\" \/>\n<meta property=\"og:description\" content=\"El bolet\u00edn electr\u00f3nico elaborado como edici\u00f3n especial por el 8 de marzo, destaca el trabajo del programa en el compromiso hacia los derechos de las mujeres, el empoderamiento y el impulso a las l\u00edderes emprendedoras de la regi\u00f3n latinoamericana.\" \/>\n<meta property=\"og:url\" content=\"https:\/\/alinvest-verde.eu\/es_es\/newslette\/newsletter-8-de-marzo\/\" \/>\n<meta property=\"og:site_name\" content=\"Programme AL-INVEST Verde\" \/>\n<meta property=\"article:modified_time\" content=\"2024-05-31T01:33:12+00:00\" \/>\n<meta property=\"og:image\" content=\"https:\/\/alinvest-verde.eu\/wp-content\/uploads\/2024\/04\/BoletinMarzo24.png\" \/>\n\t<meta property=\"og:image:width\" content=\"504\" \/>\n\t<meta property=\"og:image:height\" content=\"700\" \/>\n\t<meta property=\"og:image:type\" content=\"image\/png\" \/>\n<meta name=\"twitter:card\" content=\"summary_large_image\" \/>\n<meta name=\"twitter:label1\" content=\"Tiempo de lectura\" \/>\n\t<meta name=\"twitter:data1\" content=\"3 minutos\" \/>\n<script type=\"application\/ld+json\" class=\"yoast-schema-graph\">{\"@context\":\"https:\\\/\\\/schema.org\",\"@graph\":[{\"@type\":\"WebPage\",\"@id\":\"https:\\\/\\\/alinvest-verde.eu\\\/es_es\\\/newslette\\\/newsletter-8-de-marzo\\\/\",\"url\":\"https:\\\/\\\/alinvest-verde.eu\\\/es_es\\\/newslette\\\/newsletter-8-de-marzo\\\/\",\"name\":\"Marzo 2024 - Programme AL-INVEST Verde\",\"isPartOf\":{\"@id\":\"https:\\\/\\\/alinvest-verde.eu\\\/#website\"},\"primaryImageOfPage\":{\"@id\":\"https:\\\/\\\/alinvest-verde.eu\\\/es_es\\\/newslette\\\/newsletter-8-de-marzo\\\/#primaryimage\"},\"image\":{\"@id\":\"https:\\\/\\\/alinvest-verde.eu\\\/es_es\\\/newslette\\\/newsletter-8-de-marzo\\\/#primaryimage\"},\"thumbnailUrl\":\"https:\\\/\\\/alinvest-verde.eu\\\/wp-content\\\/uploads\\\/2024\\\/04\\\/BoletinMarzo24.png\",\"datePublished\":\"2024-03-08T15:48:46+00:00\",\"dateModified\":\"2024-05-31T01:33:12+00:00\",\"breadcrumb\":{\"@id\":\"https:\\\/\\\/alinvest-verde.eu\\\/es_es\\\/newslette\\\/newsletter-8-de-marzo\\\/#breadcrumb\"},\"inLanguage\":\"es\",\"potentialAction\":[{\"@type\":\"ReadAction\",\"target\":[\"https:\\\/\\\/alinvest-verde.eu\\\/es_es\\\/newslette\\\/newsletter-8-de-marzo\\\/\"]}]},{\"@type\":\"ImageObject\",\"inLanguage\":\"es\",\"@id\":\"https:\\\/\\\/alinvest-verde.eu\\\/es_es\\\/newslette\\\/newsletter-8-de-marzo\\\/#primaryimage\",\"url\":\"https:\\\/\\\/alinvest-verde.eu\\\/wp-content\\\/uploads\\\/2024\\\/04\\\/BoletinMarzo24.png\",\"contentUrl\":\"https:\\\/\\\/alinvest-verde.eu\\\/wp-content\\\/uploads\\\/2024\\\/04\\\/BoletinMarzo24.png\",\"width\":504,\"height\":700},{\"@type\":\"BreadcrumbList\",\"@id\":\"https:\\\/\\\/alinvest-verde.eu\\\/es_es\\\/newslette\\\/newsletter-8-de-marzo\\\/#breadcrumb\",\"itemListElement\":[{\"@type\":\"ListItem\",\"position\":1,\"name\":\"Inicio\",\"item\":\"https:\\\/\\\/alinvest-verde.eu\\\/\"},{\"@type\":\"ListItem\",\"position\":2,\"name\":\"Marzo 2024\"}]},{\"@type\":\"WebSite\",\"@id\":\"https:\\\/\\\/alinvest-verde.eu\\\/#website\",\"url\":\"https:\\\/\\\/alinvest-verde.eu\\\/\",\"name\":\"Programme AL-INVEST Verde\",\"description\":\"Building alliances with the private sector in LA and promote sustainable growth and jobs creation by supporting the transition towards a low-carbon, resource-efficient economy\",\"publisher\":{\"@id\":\"https:\\\/\\\/alinvest-verde.eu\\\/#organization\"},\"potentialAction\":[{\"@type\":\"SearchAction\",\"target\":{\"@type\":\"EntryPoint\",\"urlTemplate\":\"https:\\\/\\\/alinvest-verde.eu\\\/?s={search_term_string}\"},\"query-input\":{\"@type\":\"PropertyValueSpecification\",\"valueRequired\":true,\"valueName\":\"search_term_string\"}}],\"inLanguage\":\"es\"},{\"@type\":\"Organization\",\"@id\":\"https:\\\/\\\/alinvest-verde.eu\\\/#organization\",\"name\":\"Programme AL-INVEST Verde\",\"url\":\"https:\\\/\\\/alinvest-verde.eu\\\/\",\"logo\":{\"@type\":\"ImageObject\",\"inLanguage\":\"es\",\"@id\":\"https:\\\/\\\/alinvest-verde.eu\\\/#\\\/schema\\\/logo\\\/image\\\/\",\"url\":\"https:\\\/\\\/alinvest-verde.eu\\\/wp-content\\\/uploads\\\/2022\\\/01\\\/cropped-logo-financiado-por-la-UE.jpg\",\"contentUrl\":\"https:\\\/\\\/alinvest-verde.eu\\\/wp-content\\\/uploads\\\/2022\\\/01\\\/cropped-logo-financiado-por-la-UE.jpg\",\"width\":756,\"height\":216,\"caption\":\"Programme AL-INVEST Verde\"},\"image\":{\"@id\":\"https:\\\/\\\/alinvest-verde.eu\\\/#\\\/schema\\\/logo\\\/image\\\/\"}}]}<\/script>\n<!-- \/ Yoast SEO plugin. -->","yoast_head_json":{"title":"Marzo 2024 - Programme AL-INVEST Verde","robots":{"index":"index","follow":"follow","max-snippet":"max-snippet:-1","max-image-preview":"max-image-preview:large","max-video-preview":"max-video-preview:-1"},"canonical":"https:\/\/alinvest-verde.eu\/es_es\/newslette\/newsletter-8-de-marzo\/","og_locale":"es_ES","og_type":"article","og_title":"Marzo 2024 - Programme AL-INVEST Verde","og_description":"El bolet\u00edn electr\u00f3nico elaborado como edici\u00f3n especial por el 8 de marzo, destaca el trabajo del programa en el compromiso hacia los derechos de las mujeres, el empoderamiento y el impulso a las l\u00edderes emprendedoras de la regi\u00f3n latinoamericana.","og_url":"https:\/\/alinvest-verde.eu\/es_es\/newslette\/newsletter-8-de-marzo\/","og_site_name":"Programme AL-INVEST Verde","article_modified_time":"2024-05-31T01:33:12+00:00","og_image":[{"width":504,"height":700,"url":"https:\/\/alinvest-verde.eu\/wp-content\/uploads\/2024\/04\/BoletinMarzo24.png","type":"image\/png"}],"twitter_card":"summary_large_image","twitter_misc":{"Tiempo de lectura":"3 minutos"},"schema":{"@context":"https:\/\/schema.org","@graph":[{"@type":"WebPage","@id":"https:\/\/alinvest-verde.eu\/es_es\/newslette\/newsletter-8-de-marzo\/","url":"https:\/\/alinvest-verde.eu\/es_es\/newslette\/newsletter-8-de-marzo\/","name":"Marzo 2024 - Programme AL-INVEST Verde","isPartOf":{"@id":"https:\/\/alinvest-verde.eu\/#website"},"primaryImageOfPage":{"@id":"https:\/\/alinvest-verde.eu\/es_es\/newslette\/newsletter-8-de-marzo\/#primaryimage"},"image":{"@id":"https:\/\/alinvest-verde.eu\/es_es\/newslette\/newsletter-8-de-marzo\/#primaryimage"},"thumbnailUrl":"https:\/\/alinvest-verde.eu\/wp-content\/uploads\/2024\/04\/BoletinMarzo24.png","datePublished":"2024-03-08T15:48:46+00:00","dateModified":"2024-05-31T01:33:12+00:00","breadcrumb":{"@id":"https:\/\/alinvest-verde.eu\/es_es\/newslette\/newsletter-8-de-marzo\/#breadcrumb"},"inLanguage":"es","potentialAction":[{"@type":"ReadAction","target":["https:\/\/alinvest-verde.eu\/es_es\/newslette\/newsletter-8-de-marzo\/"]}]},{"@type":"ImageObject","inLanguage":"es","@id":"https:\/\/alinvest-verde.eu\/es_es\/newslette\/newsletter-8-de-marzo\/#primaryimage","url":"https:\/\/alinvest-verde.eu\/wp-content\/uploads\/2024\/04\/BoletinMarzo24.png","contentUrl":"https:\/\/alinvest-verde.eu\/wp-content\/uploads\/2024\/04\/BoletinMarzo24.png","width":504,"height":700},{"@type":"BreadcrumbList","@id":"https:\/\/alinvest-verde.eu\/es_es\/newslette\/newsletter-8-de-marzo\/#breadcrumb","itemListElement":[{"@type":"ListItem","position":1,"name":"Inicio","item":"https:\/\/alinvest-verde.eu\/"},{"@type":"ListItem","position":2,"name":"Marzo 2024"}]},{"@type":"WebSite","@id":"https:\/\/alinvest-verde.eu\/#website","url":"https:\/\/alinvest-verde.eu\/","name":"Programme AL-INVEST Verde","description":"Building alliances with the private sector in LA and promote sustainable growth and jobs creation by supporting the transition towards a low-carbon, resource-efficient economy","publisher":{"@id":"https:\/\/alinvest-verde.eu\/#organization"},"potentialAction":[{"@type":"SearchAction","target":{"@type":"EntryPoint","urlTemplate":"https:\/\/alinvest-verde.eu\/?s={search_term_string}"},"query-input":{"@type":"PropertyValueSpecification","valueRequired":true,"valueName":"search_term_string"}}],"inLanguage":"es"},{"@type":"Organization","@id":"https:\/\/alinvest-verde.eu\/#organization","name":"Programme AL-INVEST Verde","url":"https:\/\/alinvest-verde.eu\/","logo":{"@type":"ImageObject","inLanguage":"es","@id":"https:\/\/alinvest-verde.eu\/#\/schema\/logo\/image\/","url":"https:\/\/alinvest-verde.eu\/wp-content\/uploads\/2022\/01\/cropped-logo-financiado-por-la-UE.jpg","contentUrl":"https:\/\/alinvest-verde.eu\/wp-content\/uploads\/2022\/01\/cropped-logo-financiado-por-la-UE.jpg","width":756,"height":216,"caption":"Programme AL-INVEST Verde"},"image":{"@id":"https:\/\/alinvest-verde.eu\/#\/schema\/logo\/image\/"}}]}},"_links":{"self":[{"href":"https:\/\/alinvest-verde.eu\/es_es\/wp-json\/wp\/v2\/newslette\/10809","targetHints":{"allow":["GET"]}}],"collection":[{"href":"https:\/\/alinvest-verde.eu\/es_es\/wp-json\/wp\/v2\/newslette"}],"about":[{"href":"https:\/\/alinvest-verde.eu\/es_es\/wp-json\/wp\/v2\/types\/newslette"}],"version-history":[{"count":2,"href":"https:\/\/alinvest-verde.eu\/es_es\/wp-json\/wp\/v2\/newslette\/10809\/revisions"}],"predecessor-version":[{"id":12938,"href":"https:\/\/alinvest-verde.eu\/es_es\/wp-json\/wp\/v2\/newslette\/10809\/revisions\/12938"}],"wp:featuredmedia":[{"embeddable":true,"href":"https:\/\/alinvest-verde.eu\/es_es\/wp-json\/wp\/v2\/media\/11178"}],"wp:attachment":[{"href":"https:\/\/alinvest-verde.eu\/es_es\/wp-json\/wp\/v2\/media?parent=10809"}],"curies":[{"name":"wp","href":"https:\/\/api.w.org\/{rel}","templated":true}]}}