{"id":11283,"date":"2024-04-06T01:41:40","date_gmt":"2024-04-05T23:41:40","guid":{"rendered":"https:\/\/alinvest-verde.eu\/?post_type=newslette&#038;p=11283"},"modified":"2024-05-31T03:33:06","modified_gmt":"2024-05-31T01:33:06","slug":"abril-2024","status":"publish","type":"newslette","link":"https:\/\/alinvest-verde.eu\/es_es\/newslette\/abril-2024\/","title":{"rendered":"Abril 2024"},"content":{"rendered":"\n<figure class=\"wp-block-image size-full\"><img fetchpriority=\"high\" decoding=\"async\" width=\"890\" height=\"514\" src=\"https:\/\/alinvest-verde.eu\/wp-content\/uploads\/2024\/04\/image.png\" alt=\"\" class=\"wp-image-11284\" srcset=\"https:\/\/alinvest-verde.eu\/wp-content\/uploads\/2024\/04\/image.png 890w, https:\/\/alinvest-verde.eu\/wp-content\/uploads\/2024\/04\/image-300x173.png 300w, https:\/\/alinvest-verde.eu\/wp-content\/uploads\/2024\/04\/image-768x444.png 768w, https:\/\/alinvest-verde.eu\/wp-content\/uploads\/2024\/04\/image-18x10.png 18w\" sizes=\"(max-width: 890px) 100vw, 890px\" \/><\/figure>\n\n\n\n<p class=\"wp-block-paragraph\"><strong>Colombia &#8211; Se presenta hoja de ruta para mejorar exportaciones agroindustriales sostenibles a la Uni\u00f3n Europea<\/strong><\/p>\n\n\n\n<p class=\"wp-block-paragraph\">Con motivo del cierre del proyecto &#8220;Colombia Exporta Sostenible&#8221;, apoyado por el Ministerio de Comercio, Industria y Turismo (MINCIT) de Colombia, ProColombia y AL-INVEST Verde, se mostraron los resultados de esta acci\u00f3n. <a href=\"https:\/\/alinvest-verde.eu\/es_es\/se-presenta-hoja-de-ruta-para-mejorar-exportaciones-agroindustriales-de-colombia-a-la-union-europea\/\" target=\"_blank\" rel=\"noreferrer noopener\">Leer m\u00e1s<\/a><\/p>\n\n\n\n<figure class=\"wp-block-image alignleft size-full is-resized\"><img decoding=\"async\" width=\"423\" height=\"601\" src=\"https:\/\/alinvest-verde.eu\/wp-content\/uploads\/2024\/04\/image-1.png\" alt=\"\" class=\"wp-image-11285\" style=\"width:195px;height:auto\" srcset=\"https:\/\/alinvest-verde.eu\/wp-content\/uploads\/2024\/04\/image-1.png 423w, https:\/\/alinvest-verde.eu\/wp-content\/uploads\/2024\/04\/image-1-211x300.png 211w, https:\/\/alinvest-verde.eu\/wp-content\/uploads\/2024\/04\/image-1-8x12.png 8w\" sizes=\"(max-width: 423px) 100vw, 423px\" \/><\/figure>\n\n\n\n<p class=\"wp-block-paragraph\"><strong>NUEVO INFORME<\/strong><\/p>\n\n\n\n<p class=\"wp-block-paragraph\">Este documento recoge la informaci\u00f3n t\u00e9cnica m\u00e1s relevante de los diferentes <strong>reglamentos e iniciativas del Pacto Verde Europeo (PVE) que inciden o pueden incidir en las<\/strong><br><strong>exportaciones de productos agroindustriales a la Uni\u00f3n Europea<\/strong> y analiza los requisitos de sostenibilidad de los principales pa\u00edses importadores del mercado comunitario. <a href=\"https:\/\/alinvest-verde.eu\/es_es\/documentos-de-interes-componente-2\/\" target=\"_blank\" rel=\"noreferrer noopener\">Ver informe<\/a> <\/p>\n\n\n\n<p class=\"wp-block-paragraph\"><\/p>\n\n\n\n<figure class=\"wp-block-image size-full\"><img decoding=\"async\" width=\"890\" height=\"593\" src=\"https:\/\/alinvest-verde.eu\/wp-content\/uploads\/2024\/04\/image-2.png\" alt=\"\" class=\"wp-image-11286\" srcset=\"https:\/\/alinvest-verde.eu\/wp-content\/uploads\/2024\/04\/image-2.png 890w, https:\/\/alinvest-verde.eu\/wp-content\/uploads\/2024\/04\/image-2-300x200.png 300w, https:\/\/alinvest-verde.eu\/wp-content\/uploads\/2024\/04\/image-2-768x512.png 768w, https:\/\/alinvest-verde.eu\/wp-content\/uploads\/2024\/04\/image-2-18x12.png 18w\" sizes=\"(max-width: 890px) 100vw, 890px\" \/><\/figure>\n\n\n\n<p class=\"wp-block-paragraph\"><strong>El Componente 1 llev\u00f3 a cabo su evento anual en la ciudad de Antigua, Guatemala<\/strong><\/p>\n\n\n\n<p class=\"wp-block-paragraph\">El programa viene avanzando en su objetivo de promover la creaci\u00f3n de empleo y la sostenibilidad en la regi\u00f3n latinoamericana. As\u00ed, present\u00f3 sus avances y propici\u00f3 el intercambio de experiencias entre organizaciones representantes del sector privado durante su evento anual, titulado #CONEXI\u00d3NVerde, que se llev\u00f3 a cabo en &nbsp;la ciudad de Antigua, Guatemala. <a href=\"https:\/\/alinvest-verde.eu\/es_es\/el-componente-1-del-programa-al-invest-verde-llevo-a-cabo-su-evento-anual-en-la-ciudad-de-antigua-guatemala\/\" target=\"_blank\" rel=\"noreferrer noopener\">Leer m\u00e1s<\/a><\/p>\n\n\n\n<figure class=\"wp-block-image size-full\"><img loading=\"lazy\" decoding=\"async\" width=\"891\" height=\"501\" src=\"https:\/\/alinvest-verde.eu\/wp-content\/uploads\/2024\/04\/image-3.png\" alt=\"\" class=\"wp-image-11287\" srcset=\"https:\/\/alinvest-verde.eu\/wp-content\/uploads\/2024\/04\/image-3.png 891w, https:\/\/alinvest-verde.eu\/wp-content\/uploads\/2024\/04\/image-3-300x169.png 300w, https:\/\/alinvest-verde.eu\/wp-content\/uploads\/2024\/04\/image-3-768x432.png 768w, https:\/\/alinvest-verde.eu\/wp-content\/uploads\/2024\/04\/image-3-18x10.png 18w\" sizes=\"(max-width: 891px) 100vw, 891px\" \/><\/figure>\n\n\n\n<p class=\"wp-block-paragraph\"><strong>Brasil &#8211; Minas Gerais destaca la plataforma Selo Verde, que verifica la sostenibilidad de las cadenas de caf\u00e9, forestal y soja<\/strong><\/p>\n\n\n\n<p class=\"wp-block-paragraph\">El Gobierno de Minas Gerais, a trav\u00e9s de la Secretar\u00eda de Agricultura, Ganader\u00eda y Abastecimiento (SEAPA), y la Universidad Federal de Minas Gerais (UFMG) presentaron a representantes de AL-INVEST Verde la producci\u00f3n sostenible de los principales commodities agr\u00edcolas exportados y la Plataforma Selo Verde MG, que cuenta con el apoyo de este programa. <a href=\"https:\/\/alinvest-verde.eu\/es_es\/el-gobierno-brasileno-de-minas-gerais-presenta-la-plataforma-selo-verde-apoyada-por-al-invest-verde\/\" target=\"_blank\" rel=\"noreferrer noopener\">Leer m\u00e1s<\/a><\/p>\n\n\n\n<figure class=\"wp-block-image alignleft size-full is-resized\"><img loading=\"lazy\" decoding=\"async\" width=\"423\" height=\"635\" src=\"https:\/\/alinvest-verde.eu\/wp-content\/uploads\/2024\/04\/image-4.png\" alt=\"\" class=\"wp-image-11288\" style=\"width:212px;height:auto\" srcset=\"https:\/\/alinvest-verde.eu\/wp-content\/uploads\/2024\/04\/image-4.png 423w, https:\/\/alinvest-verde.eu\/wp-content\/uploads\/2024\/04\/image-4-200x300.png 200w, https:\/\/alinvest-verde.eu\/wp-content\/uploads\/2024\/04\/image-4-8x12.png 8w\" sizes=\"(max-width: 423px) 100vw, 423px\" \/><\/figure>\n\n\n\n<p class=\"wp-block-paragraph\"><strong>Feria Lineapelle de Mil\u00e1n &#8211; An\u00e1lisis de la sostenibilidad de la cadena de valor del cuero en MERCOSUR<\/strong><\/p>\n\n\n\n<p class=\"wp-block-paragraph\">El Sal\u00f3n Internacional Lineapelle acogi\u00f3 la conferencia \u201cEl Reglamento europeo de deforestaci\u00f3n (EUDR) y el reto de la trazabilidad en la cadena de suministro del cuero\u201d. Particip\u00f3 en este panel Lorenzo Nalin, programme manager de AL-INVEST Verde. <a href=\"https:\/\/alinvest-verde.eu\/es_es\/analisis-de-la-sostenibilidad-de-la-cadena-de-valor-del-cuero-en-la-feria-lineapelle-de-milan\/\" target=\"_blank\" rel=\"noreferrer noopener\">Leer m\u00e1s<\/a><\/p>\n\n\n\n<p class=\"wp-block-paragraph\"><\/p>\n\n\n\n<p class=\"wp-block-paragraph\"><\/p>\n\n\n\n<p class=\"wp-block-paragraph\"><strong>AGENDA Verde<\/strong><\/p>\n\n\n\n<figure class=\"wp-block-image alignleft size-full is-resized\"><img loading=\"lazy\" decoding=\"async\" width=\"423\" height=\"209\" src=\"https:\/\/alinvest-verde.eu\/wp-content\/uploads\/2024\/04\/image-5.png\" alt=\"\" class=\"wp-image-11289\" style=\"width:205px;height:auto\" srcset=\"https:\/\/alinvest-verde.eu\/wp-content\/uploads\/2024\/04\/image-5.png 423w, https:\/\/alinvest-verde.eu\/wp-content\/uploads\/2024\/04\/image-5-300x148.png 300w, https:\/\/alinvest-verde.eu\/wp-content\/uploads\/2024\/04\/image-5-18x9.png 18w\" sizes=\"(max-width: 423px) 100vw, 423px\" \/><\/figure>\n\n\n\n<p class=\"wp-block-paragraph\"><strong>9 de abril<\/strong><\/p>\n\n\n\n<p class=\"wp-block-paragraph\">La propiedad intelectual e industrias creativas en la era digital. <a href=\"https:\/\/alinvest-verde.eu\/es_es\/seminario-para-jueces-y-magistrados-sobre-propiedad-intelectual-e-industrias-creativas-en-la-era-digital\/\" target=\"_blank\" rel=\"noreferrer noopener\"><strong>Leer m\u00e1s<\/strong><\/a><\/p>\n\n\n\n<p class=\"wp-block-paragraph\"><\/p>\n\n\n\n<figure class=\"wp-block-image alignleft size-full is-resized\"><a href=\"https:\/\/youtu.be\/ltXKref_MXo\"><img loading=\"lazy\" decoding=\"async\" width=\"423\" height=\"238\" src=\"https:\/\/alinvest-verde.eu\/wp-content\/uploads\/2024\/04\/image-6.png\" alt=\"\" class=\"wp-image-11480\" style=\"width:850px;height:auto\" srcset=\"https:\/\/alinvest-verde.eu\/wp-content\/uploads\/2024\/04\/image-6.png 423w, https:\/\/alinvest-verde.eu\/wp-content\/uploads\/2024\/04\/image-6-300x169.png 300w, https:\/\/alinvest-verde.eu\/wp-content\/uploads\/2024\/04\/image-6-18x10.png 18w\" sizes=\"(max-width: 423px) 100vw, 423px\" \/><\/a><\/figure>\n\n\n\n<p class=\"wp-block-paragraph\"><strong>Mujeres en industrias creativas y propiedad intelectual<\/strong><\/p>\n\n\n\n<p class=\"wp-block-paragraph\">Ya est\u00e1 disponible la grabaci\u00f3n de este webinar internacional, que aborda los retos y oportunidades relacionados con el g\u00e9nero en campos creativos, como el audiovisual, el cine, la m\u00fasica y la literatura.<\/p>\n\n\n\n<figure class=\"wp-block-image size-full\"><img loading=\"lazy\" decoding=\"async\" width=\"712\" height=\"132\" src=\"https:\/\/alinvest-verde.eu\/wp-content\/uploads\/2024\/04\/logos-GG-AIV-UE.jpg\" alt=\"\" class=\"wp-image-11290\" srcset=\"https:\/\/alinvest-verde.eu\/wp-content\/uploads\/2024\/04\/logos-GG-AIV-UE.jpg 712w, https:\/\/alinvest-verde.eu\/wp-content\/uploads\/2024\/04\/logos-GG-AIV-UE-300x56.jpg 300w, https:\/\/alinvest-verde.eu\/wp-content\/uploads\/2024\/04\/logos-GG-AIV-UE-18x3.jpg 18w\" sizes=\"(max-width: 712px) 100vw, 712px\" \/><\/figure>\n","protected":false},"excerpt":{"rendered":"<p>El bolet\u00edn electr\u00f3nico del mes de abril destaca el evento anual del Componente 1, el trabajo del componente 2 en Colombia y Brasil en temas de agricultura y los eventos del Componente 3. <\/p>\n","protected":false},"featured_media":11292,"template":"","class_list":["post-11283","newslette","type-newslette","status-publish","has-post-thumbnail","hentry"],"yoast_head":"<!-- This site is optimized with the Yoast SEO plugin v28.4 - https:\/\/yoast.com\/product\/yoast-seo-wordpress\/ -->\n<title>Abril 2024 - Programme AL-INVEST Verde<\/title>\n<meta name=\"robots\" content=\"index, follow, max-snippet:-1, max-image-preview:large, max-video-preview:-1\" \/>\n<link rel=\"canonical\" href=\"https:\/\/alinvest-verde.eu\/es_es\/newslette\/abril-2024\/\" \/>\n<meta property=\"og:locale\" content=\"es_ES\" \/>\n<meta property=\"og:type\" content=\"article\" \/>\n<meta property=\"og:title\" content=\"Abril 2024 - Programme AL-INVEST Verde\" \/>\n<meta property=\"og:description\" content=\"El bolet\u00edn electr\u00f3nico del mes de abril destaca el evento anual del Componente 1, el trabajo del componente 2 en Colombia y Brasil en temas de agricultura y los eventos del Componente 3.\" \/>\n<meta property=\"og:url\" content=\"https:\/\/alinvest-verde.eu\/es_es\/newslette\/abril-2024\/\" \/>\n<meta property=\"og:site_name\" content=\"Programme AL-INVEST Verde\" \/>\n<meta property=\"article:modified_time\" content=\"2024-05-31T01:33:06+00:00\" \/>\n<meta property=\"og:image\" content=\"https:\/\/alinvest-verde.eu\/wp-content\/uploads\/2024\/04\/newsletterabril.jpg\" \/>\n\t<meta property=\"og:image:width\" content=\"685\" \/>\n\t<meta property=\"og:image:height\" content=\"900\" \/>\n\t<meta property=\"og:image:type\" content=\"image\/jpeg\" \/>\n<meta name=\"twitter:card\" content=\"summary_large_image\" \/>\n<meta name=\"twitter:label1\" content=\"Tiempo de lectura\" \/>\n\t<meta name=\"twitter:data1\" content=\"4 minutos\" \/>\n<script type=\"application\/ld+json\" class=\"yoast-schema-graph\">{\"@context\":\"https:\\\/\\\/schema.org\",\"@graph\":[{\"@type\":\"WebPage\",\"@id\":\"https:\\\/\\\/alinvest-verde.eu\\\/es_es\\\/newslette\\\/abril-2024\\\/\",\"url\":\"https:\\\/\\\/alinvest-verde.eu\\\/es_es\\\/newslette\\\/abril-2024\\\/\",\"name\":\"Abril 2024 - Programme AL-INVEST Verde\",\"isPartOf\":{\"@id\":\"https:\\\/\\\/alinvest-verde.eu\\\/#website\"},\"primaryImageOfPage\":{\"@id\":\"https:\\\/\\\/alinvest-verde.eu\\\/es_es\\\/newslette\\\/abril-2024\\\/#primaryimage\"},\"image\":{\"@id\":\"https:\\\/\\\/alinvest-verde.eu\\\/es_es\\\/newslette\\\/abril-2024\\\/#primaryimage\"},\"thumbnailUrl\":\"https:\\\/\\\/alinvest-verde.eu\\\/wp-content\\\/uploads\\\/2024\\\/04\\\/newsletterabril.jpg\",\"datePublished\":\"2024-04-05T23:41:40+00:00\",\"dateModified\":\"2024-05-31T01:33:06+00:00\",\"breadcrumb\":{\"@id\":\"https:\\\/\\\/alinvest-verde.eu\\\/es_es\\\/newslette\\\/abril-2024\\\/#breadcrumb\"},\"inLanguage\":\"es\",\"potentialAction\":[{\"@type\":\"ReadAction\",\"target\":[\"https:\\\/\\\/alinvest-verde.eu\\\/es_es\\\/newslette\\\/abril-2024\\\/\"]}]},{\"@type\":\"ImageObject\",\"inLanguage\":\"es\",\"@id\":\"https:\\\/\\\/alinvest-verde.eu\\\/es_es\\\/newslette\\\/abril-2024\\\/#primaryimage\",\"url\":\"https:\\\/\\\/alinvest-verde.eu\\\/wp-content\\\/uploads\\\/2024\\\/04\\\/newsletterabril.jpg\",\"contentUrl\":\"https:\\\/\\\/alinvest-verde.eu\\\/wp-content\\\/uploads\\\/2024\\\/04\\\/newsletterabril.jpg\",\"width\":685,\"height\":900},{\"@type\":\"BreadcrumbList\",\"@id\":\"https:\\\/\\\/alinvest-verde.eu\\\/es_es\\\/newslette\\\/abril-2024\\\/#breadcrumb\",\"itemListElement\":[{\"@type\":\"ListItem\",\"position\":1,\"name\":\"Inicio\",\"item\":\"https:\\\/\\\/alinvest-verde.eu\\\/\"},{\"@type\":\"ListItem\",\"position\":2,\"name\":\"Abril 2024\"}]},{\"@type\":\"WebSite\",\"@id\":\"https:\\\/\\\/alinvest-verde.eu\\\/#website\",\"url\":\"https:\\\/\\\/alinvest-verde.eu\\\/\",\"name\":\"Programme AL-INVEST Verde\",\"description\":\"Building alliances with the private sector in LA and promote sustainable growth and jobs creation by supporting the transition towards a low-carbon, resource-efficient economy\",\"publisher\":{\"@id\":\"https:\\\/\\\/alinvest-verde.eu\\\/#organization\"},\"potentialAction\":[{\"@type\":\"SearchAction\",\"target\":{\"@type\":\"EntryPoint\",\"urlTemplate\":\"https:\\\/\\\/alinvest-verde.eu\\\/?s={search_term_string}\"},\"query-input\":{\"@type\":\"PropertyValueSpecification\",\"valueRequired\":true,\"valueName\":\"search_term_string\"}}],\"inLanguage\":\"es\"},{\"@type\":\"Organization\",\"@id\":\"https:\\\/\\\/alinvest-verde.eu\\\/#organization\",\"name\":\"Programme AL-INVEST Verde\",\"url\":\"https:\\\/\\\/alinvest-verde.eu\\\/\",\"logo\":{\"@type\":\"ImageObject\",\"inLanguage\":\"es\",\"@id\":\"https:\\\/\\\/alinvest-verde.eu\\\/#\\\/schema\\\/logo\\\/image\\\/\",\"url\":\"https:\\\/\\\/alinvest-verde.eu\\\/wp-content\\\/uploads\\\/2022\\\/01\\\/cropped-logo-financiado-por-la-UE.jpg\",\"contentUrl\":\"https:\\\/\\\/alinvest-verde.eu\\\/wp-content\\\/uploads\\\/2022\\\/01\\\/cropped-logo-financiado-por-la-UE.jpg\",\"width\":756,\"height\":216,\"caption\":\"Programme AL-INVEST Verde\"},\"image\":{\"@id\":\"https:\\\/\\\/alinvest-verde.eu\\\/#\\\/schema\\\/logo\\\/image\\\/\"}}]}<\/script>\n<!-- \/ Yoast SEO plugin. -->","yoast_head_json":{"title":"Abril 2024 - Programme AL-INVEST Verde","robots":{"index":"index","follow":"follow","max-snippet":"max-snippet:-1","max-image-preview":"max-image-preview:large","max-video-preview":"max-video-preview:-1"},"canonical":"https:\/\/alinvest-verde.eu\/es_es\/newslette\/abril-2024\/","og_locale":"es_ES","og_type":"article","og_title":"Abril 2024 - Programme AL-INVEST Verde","og_description":"El bolet\u00edn electr\u00f3nico del mes de abril destaca el evento anual del Componente 1, el trabajo del componente 2 en Colombia y Brasil en temas de agricultura y los eventos del Componente 3.","og_url":"https:\/\/alinvest-verde.eu\/es_es\/newslette\/abril-2024\/","og_site_name":"Programme AL-INVEST Verde","article_modified_time":"2024-05-31T01:33:06+00:00","og_image":[{"width":685,"height":900,"url":"https:\/\/alinvest-verde.eu\/wp-content\/uploads\/2024\/04\/newsletterabril.jpg","type":"image\/jpeg"}],"twitter_card":"summary_large_image","twitter_misc":{"Tiempo de lectura":"4 minutos"},"schema":{"@context":"https:\/\/schema.org","@graph":[{"@type":"WebPage","@id":"https:\/\/alinvest-verde.eu\/es_es\/newslette\/abril-2024\/","url":"https:\/\/alinvest-verde.eu\/es_es\/newslette\/abril-2024\/","name":"Abril 2024 - Programme AL-INVEST Verde","isPartOf":{"@id":"https:\/\/alinvest-verde.eu\/#website"},"primaryImageOfPage":{"@id":"https:\/\/alinvest-verde.eu\/es_es\/newslette\/abril-2024\/#primaryimage"},"image":{"@id":"https:\/\/alinvest-verde.eu\/es_es\/newslette\/abril-2024\/#primaryimage"},"thumbnailUrl":"https:\/\/alinvest-verde.eu\/wp-content\/uploads\/2024\/04\/newsletterabril.jpg","datePublished":"2024-04-05T23:41:40+00:00","dateModified":"2024-05-31T01:33:06+00:00","breadcrumb":{"@id":"https:\/\/alinvest-verde.eu\/es_es\/newslette\/abril-2024\/#breadcrumb"},"inLanguage":"es","potentialAction":[{"@type":"ReadAction","target":["https:\/\/alinvest-verde.eu\/es_es\/newslette\/abril-2024\/"]}]},{"@type":"ImageObject","inLanguage":"es","@id":"https:\/\/alinvest-verde.eu\/es_es\/newslette\/abril-2024\/#primaryimage","url":"https:\/\/alinvest-verde.eu\/wp-content\/uploads\/2024\/04\/newsletterabril.jpg","contentUrl":"https:\/\/alinvest-verde.eu\/wp-content\/uploads\/2024\/04\/newsletterabril.jpg","width":685,"height":900},{"@type":"BreadcrumbList","@id":"https:\/\/alinvest-verde.eu\/es_es\/newslette\/abril-2024\/#breadcrumb","itemListElement":[{"@type":"ListItem","position":1,"name":"Inicio","item":"https:\/\/alinvest-verde.eu\/"},{"@type":"ListItem","position":2,"name":"Abril 2024"}]},{"@type":"WebSite","@id":"https:\/\/alinvest-verde.eu\/#website","url":"https:\/\/alinvest-verde.eu\/","name":"Programme AL-INVEST Verde","description":"Building alliances with the private sector in LA and promote sustainable growth and jobs creation by supporting the transition towards a low-carbon, resource-efficient economy","publisher":{"@id":"https:\/\/alinvest-verde.eu\/#organization"},"potentialAction":[{"@type":"SearchAction","target":{"@type":"EntryPoint","urlTemplate":"https:\/\/alinvest-verde.eu\/?s={search_term_string}"},"query-input":{"@type":"PropertyValueSpecification","valueRequired":true,"valueName":"search_term_string"}}],"inLanguage":"es"},{"@type":"Organization","@id":"https:\/\/alinvest-verde.eu\/#organization","name":"Programme AL-INVEST Verde","url":"https:\/\/alinvest-verde.eu\/","logo":{"@type":"ImageObject","inLanguage":"es","@id":"https:\/\/alinvest-verde.eu\/#\/schema\/logo\/image\/","url":"https:\/\/alinvest-verde.eu\/wp-content\/uploads\/2022\/01\/cropped-logo-financiado-por-la-UE.jpg","contentUrl":"https:\/\/alinvest-verde.eu\/wp-content\/uploads\/2022\/01\/cropped-logo-financiado-por-la-UE.jpg","width":756,"height":216,"caption":"Programme AL-INVEST Verde"},"image":{"@id":"https:\/\/alinvest-verde.eu\/#\/schema\/logo\/image\/"}}]}},"_links":{"self":[{"href":"https:\/\/alinvest-verde.eu\/es_es\/wp-json\/wp\/v2\/newslette\/11283","targetHints":{"allow":["GET"]}}],"collection":[{"href":"https:\/\/alinvest-verde.eu\/es_es\/wp-json\/wp\/v2\/newslette"}],"about":[{"href":"https:\/\/alinvest-verde.eu\/es_es\/wp-json\/wp\/v2\/types\/newslette"}],"version-history":[{"count":2,"href":"https:\/\/alinvest-verde.eu\/es_es\/wp-json\/wp\/v2\/newslette\/11283\/revisions"}],"predecessor-version":[{"id":12937,"href":"https:\/\/alinvest-verde.eu\/es_es\/wp-json\/wp\/v2\/newslette\/11283\/revisions\/12937"}],"wp:featuredmedia":[{"embeddable":true,"href":"https:\/\/alinvest-verde.eu\/es_es\/wp-json\/wp\/v2\/media\/11292"}],"wp:attachment":[{"href":"https:\/\/alinvest-verde.eu\/es_es\/wp-json\/wp\/v2\/media?parent=11283"}],"curies":[{"name":"wp","href":"https:\/\/api.w.org\/{rel}","templated":true}]}}