{"id":12893,"date":"2024-05-30T21:55:22","date_gmt":"2024-05-30T19:55:22","guid":{"rendered":"https:\/\/alinvest-verde.eu\/?post_type=newslette&#038;p=12893"},"modified":"2024-05-31T03:33:01","modified_gmt":"2024-05-31T01:33:01","slug":"newsletter-mayo","status":"publish","type":"newslette","link":"https:\/\/alinvest-verde.eu\/es_es\/newslette\/newsletter-mayo\/","title":{"rendered":"Mayo 2024"},"content":{"rendered":"\n<figure class=\"wp-block-image size-full\"><img fetchpriority=\"high\" decoding=\"async\" width=\"890\" height=\"594\" src=\"https:\/\/alinvest-verde.eu\/wp-content\/uploads\/2024\/05\/image.png\" alt=\"\" class=\"wp-image-12894\" srcset=\"https:\/\/alinvest-verde.eu\/wp-content\/uploads\/2024\/05\/image.png 890w, https:\/\/alinvest-verde.eu\/wp-content\/uploads\/2024\/05\/image-300x200.png 300w, https:\/\/alinvest-verde.eu\/wp-content\/uploads\/2024\/05\/image-768x513.png 768w, https:\/\/alinvest-verde.eu\/wp-content\/uploads\/2024\/05\/image-18x12.png 18w\" sizes=\"(max-width: 890px) 100vw, 890px\" \/><\/figure>\n\n\n\n<p class=\"wp-block-paragraph\"><strong>M\u00e1s de 20 millones de euros ser\u00e1n destinados a impulsar proyectos de econom\u00eda verde en Am\u00e9rica Latina<\/strong><\/p>\n\n\n\n<p class=\"wp-block-paragraph\">El programa AL-INVEST Verde, a trav\u00e9s de la ejecuci\u00f3n de su Componente 1, seleccion\u00f3 42 proyectos de las m\u00e1s de 160 propuestas que se recibieron durante la Segunda Convocatoria de propuestas para proyectos innovadores. Los proyectos seleccionados beneficiar\u00e1n a las pymes de pa\u00edses como <strong>Argentina, Bolivia, Brasil, Chile, Colombia, Costa Rica, Ecuador, El Salvador, Honduras, M\u00e9xico, Paraguay, Per\u00fa, Uruguay y Venezuela<\/strong>.&nbsp;<a href=\"https:\/\/alinvest-verde.eu\/es_es\/mas-de-20-millones-de-euros-seran-destinados-a-impulsar-proyectos-de-economia-verde-en-america-latina\/\"><strong>Leer m\u00e1s.<\/strong><\/a><\/p>\n\n\n\n<figure class=\"wp-block-image size-full\"><img decoding=\"async\" width=\"890\" height=\"501\" src=\"https:\/\/alinvest-verde.eu\/wp-content\/uploads\/2024\/05\/image-1.png\" alt=\"\" class=\"wp-image-12895\" srcset=\"https:\/\/alinvest-verde.eu\/wp-content\/uploads\/2024\/05\/image-1.png 890w, https:\/\/alinvest-verde.eu\/wp-content\/uploads\/2024\/05\/image-1-300x169.png 300w, https:\/\/alinvest-verde.eu\/wp-content\/uploads\/2024\/05\/image-1-768x432.png 768w, https:\/\/alinvest-verde.eu\/wp-content\/uploads\/2024\/05\/image-1-18x10.png 18w\" sizes=\"(max-width: 890px) 100vw, 890px\" \/><\/figure>\n\n\n\n<p class=\"wp-block-paragraph\"><strong>Primer programa de mentor\u00edas en propiedad intelectual<\/strong> <\/p>\n\n\n\n<p class=\"wp-block-paragraph\">El lanzamiento oficial de la primera fase de AL-INVmentor en Paraguay y Brasil marc\u00f3 el inicio de un innovador <strong>programa de mentor\u00eda impulsado por el Componente 3 de AL-INVEST Verde para derechos de propiedad inteelectual<\/strong>. Esta primera fase de la primera edici\u00f3n del programa consta de seis mentor\u00edas en pa\u00edses del MERCOSUR.<strong> <\/strong><a href=\"https:\/\/alinvest-verde.eu\/es_es\/primer-programa-de-mentorias-en-propiedad-intelectual-lanzado-en-paraguay-y-brasil\/\"><strong>Leer m\u00e1s.&nbsp;<\/strong><\/a><\/p>\n\n\n\n<figure class=\"wp-block-image size-full\"><img decoding=\"async\" width=\"890\" height=\"668\" src=\"https:\/\/alinvest-verde.eu\/wp-content\/uploads\/2024\/05\/image-2.png\" alt=\"\" class=\"wp-image-12896\" srcset=\"https:\/\/alinvest-verde.eu\/wp-content\/uploads\/2024\/05\/image-2.png 890w, https:\/\/alinvest-verde.eu\/wp-content\/uploads\/2024\/05\/image-2-300x225.png 300w, https:\/\/alinvest-verde.eu\/wp-content\/uploads\/2024\/05\/image-2-768x576.png 768w, https:\/\/alinvest-verde.eu\/wp-content\/uploads\/2024\/05\/image-2-16x12.png 16w\" sizes=\"(max-width: 890px) 100vw, 890px\" \/><\/figure>\n\n\n\n<p class=\"wp-block-paragraph\"><strong>Fedexpor y Propalma lanzan proyecto sostenible de aceite de palma&nbsp;<\/strong><\/p>\n\n\n\n<p class=\"wp-block-paragraph\">En el marco del componente de apoyo al sector privado, Componente 1, Fedexpor en colaboraci\u00f3n con Propalma y la C\u00e1mara Espa\u00f1ola de Comercio e Industria de Quito, anunciaron el lanzamiento del proyecto <strong>\u201cAceite de palma ecuatoriano hacia un modelo de producci\u00f3n sostenible y libre de deforestaci\u00f3n\u201d<\/strong>. El anuncio cont\u00f3 con la presencia de Charles-Michel Geurts, Embajador de la Uni\u00f3n Europea en Ecuador.<strong> <\/strong><a href=\"https:\/\/alinvest-verde.eu\/es_es\/fedexpor-y-propalma-lanzan-proyecto-sostenible-de-aceite-de-palma\/\"><strong>Leer m\u00e1s.&nbsp;<\/strong><\/a><\/p>\n\n\n\n<p class=\"has-vivid-cyan-blue-color has-text-color has-link-color wp-elements-1 wp-block-paragraph\"><strong>AL-INVEST Verde TV&nbsp;<\/strong><\/p>\n\n\n\n<figure class=\"wp-block-image alignleft size-full\"><a href=\"https:\/\/youtu.be\/56CYxuBMWe0\"><img loading=\"lazy\" decoding=\"async\" width=\"423\" height=\"238\" src=\"https:\/\/alinvest-verde.eu\/wp-content\/uploads\/2024\/05\/image-3.png\" alt=\"\" class=\"wp-image-12897\" srcset=\"https:\/\/alinvest-verde.eu\/wp-content\/uploads\/2024\/05\/image-3.png 423w, https:\/\/alinvest-verde.eu\/wp-content\/uploads\/2024\/05\/image-3-300x169.png 300w, https:\/\/alinvest-verde.eu\/wp-content\/uploads\/2024\/05\/image-3-18x10.png 18w\" sizes=\"(max-width: 423px) 100vw, 423px\" \/><\/a><\/figure>\n\n\n\n<p class=\"wp-block-paragraph\"><\/p>\n\n\n\n<p class=\"wp-block-paragraph\"><strong>Mariano Riccheri, l\u00edder del Componente 3 para derechos de propiedad intelectual<\/strong>, explica en qu\u00e9 consiste la primera fase del programa de mentor\u00edas AL-INVmentor para dar valor a productos locales de los pa\u00edses del MERCOSUR.<\/p>\n\n\n\n<p class=\"wp-block-paragraph\"><\/p>\n\n\n\n<p class=\"wp-block-paragraph\"><\/p>\n\n\n\n<figure class=\"wp-block-image size-full\"><a href=\"https:\/\/youtu.be\/utQ0Tt0HuVg\"><img loading=\"lazy\" decoding=\"async\" width=\"890\" height=\"501\" src=\"https:\/\/alinvest-verde.eu\/wp-content\/uploads\/2024\/05\/image-4.png\" alt=\"\" class=\"wp-image-12898\" srcset=\"https:\/\/alinvest-verde.eu\/wp-content\/uploads\/2024\/05\/image-4.png 890w, https:\/\/alinvest-verde.eu\/wp-content\/uploads\/2024\/05\/image-4-300x169.png 300w, https:\/\/alinvest-verde.eu\/wp-content\/uploads\/2024\/05\/image-4-768x432.png 768w, https:\/\/alinvest-verde.eu\/wp-content\/uploads\/2024\/05\/image-4-18x10.png 18w\" sizes=\"(max-width: 890px) 100vw, 890px\" \/><\/a><\/figure>\n\n\n\n<p class=\"wp-block-paragraph\"><strong>I taller del ciclo&nbsp;&#8220;Di\u00e1logos sobre cacao sostenible&#8221;<\/strong><\/p>\n\n\n\n<p class=\"wp-block-paragraph\">Representantes de la <strong>Comisi\u00f3n Europea y pa\u00edses productores de \u00c1frica -Costa de Marfil- y Am\u00e9rica Latina -Brasil, Colombia, Ecuador y Per\u00fa-<\/strong> participaron en el taller \u201cDiligencia debida para el cacao libre de deforestaci\u00f3n en el marco del EUDR\u201d, organizado en colaboraci\u00f3n con el programa SAFE -ejecutado por la agencia de cooperaci\u00f3n alemana, GIZ- y con el apoyo t\u00e9cnico del European Forest Institute (EFI).<strong> <a href=\"https:\/\/alinvest-verde.eu\/es_es\/dialogo-sobre-diligencia-debida-en-la-cadena-de-valor-del-cacao\/\"><strong>Leer m\u00e1s.&nbsp;<\/strong><\/a><\/strong><\/p>\n\n\n\n<p class=\"has-luminous-vivid-amber-color has-text-color has-link-color wp-elements-2 wp-block-paragraph\"><strong>AGENDA Verde&nbsp;<\/strong><\/p>\n\n\n\n<figure class=\"wp-block-image size-full is-resized\"><img loading=\"lazy\" decoding=\"async\" width=\"446\" height=\"251\" src=\"https:\/\/alinvest-verde.eu\/wp-content\/uploads\/2024\/05\/image-5.png\" alt=\"\" class=\"wp-image-12899\" style=\"width:828px;height:auto\" srcset=\"https:\/\/alinvest-verde.eu\/wp-content\/uploads\/2024\/05\/image-5.png 446w, https:\/\/alinvest-verde.eu\/wp-content\/uploads\/2024\/05\/image-5-300x169.png 300w, https:\/\/alinvest-verde.eu\/wp-content\/uploads\/2024\/05\/image-5-18x10.png 18w\" sizes=\"(max-width: 446px) 100vw, 446px\" \/><\/figure>\n\n\n\n<p class=\"wp-block-paragraph\"><strong>Presentaci\u00f3n del sistema de trazabilidad VISEC<\/strong>. <strong><a href=\"https:\/\/alinvest-verde.eu\/es_es\/presentacion-del-sistema-de-trazabilidad-visec\/\"><strong>Inscribirse aqu\u00ed<\/strong><\/a><\/strong><\/p>\n\n\n\n<p class=\"wp-block-paragraph\">Fecha: <strong>6 de junio<\/strong><br>Hora: <strong>10:30 CET<\/strong><br>Formato: virtual<\/p>\n\n\n\n<p class=\"wp-block-paragraph\"><\/p>\n\n\n\n<figure class=\"wp-block-image size-full is-resized\"><img loading=\"lazy\" decoding=\"async\" width=\"446\" height=\"251\" src=\"https:\/\/alinvest-verde.eu\/wp-content\/uploads\/2024\/05\/image-6.png\" alt=\"\" class=\"wp-image-12900\" style=\"width:842px;height:auto\" srcset=\"https:\/\/alinvest-verde.eu\/wp-content\/uploads\/2024\/05\/image-6.png 446w, https:\/\/alinvest-verde.eu\/wp-content\/uploads\/2024\/05\/image-6-300x169.png 300w, https:\/\/alinvest-verde.eu\/wp-content\/uploads\/2024\/05\/image-6-18x10.png 18w\" sizes=\"(max-width: 446px) 100vw, 446px\" \/><\/figure>\n\n\n\n<p class=\"wp-block-paragraph\"><strong>Finanzas sostenibles<\/strong>. <strong><a href=\"https:\/\/alinvest-verde.eu\/es_es\/finanzas-sostenibles-el-camino-verde-para-los-negocios-en-america-latina\/\"><strong>Inscribirse aqu\u00ed<\/strong><\/a><\/strong>&nbsp;<\/p>\n\n\n\n<p class=\"wp-block-paragraph\">Fecha: <strong>7 de junio<\/strong><br>Hora: <strong>16:30 Bolivia<\/strong><br>Formato: virtual<\/p>\n\n\n\n<figure class=\"wp-block-image size-full is-resized\"><img loading=\"lazy\" decoding=\"async\" width=\"445\" height=\"250\" src=\"https:\/\/alinvest-verde.eu\/wp-content\/uploads\/2024\/05\/image-7.png\" alt=\"\" class=\"wp-image-12901\" style=\"width:840px;height:auto\" srcset=\"https:\/\/alinvest-verde.eu\/wp-content\/uploads\/2024\/05\/image-7.png 445w, https:\/\/alinvest-verde.eu\/wp-content\/uploads\/2024\/05\/image-7-300x169.png 300w, https:\/\/alinvest-verde.eu\/wp-content\/uploads\/2024\/05\/image-7-18x10.png 18w\" sizes=\"(max-width: 445px) 100vw, 445px\" \/><\/figure>\n\n\n\n<p class=\"wp-block-paragraph\"><strong>Lanzamiento del Programa de Mentor\u00edas en Argentina<\/strong>. <strong><a href=\"https:\/\/alinvest-verde.eu\/es_es\/lanzamiento-del-programa-de-mentorias-en-argentina\/\"><strong>Inscribirse aqu\u00ed<\/strong><\/a><\/strong><\/p>\n\n\n\n<p class=\"wp-block-paragraph\">Fecha: <strong>11 de junio<\/strong><br>Hora: <strong>16:00 GMT-3<\/strong><br>Formato: virtual<\/p>\n\n\n\n<figure class=\"wp-block-image size-full is-resized\"><img loading=\"lazy\" decoding=\"async\" width=\"446\" height=\"251\" src=\"https:\/\/alinvest-verde.eu\/wp-content\/uploads\/2024\/05\/image-9.png\" alt=\"\" class=\"wp-image-12903\" style=\"width:840px;height:auto\" srcset=\"https:\/\/alinvest-verde.eu\/wp-content\/uploads\/2024\/05\/image-9.png 446w, https:\/\/alinvest-verde.eu\/wp-content\/uploads\/2024\/05\/image-9-300x169.png 300w, https:\/\/alinvest-verde.eu\/wp-content\/uploads\/2024\/05\/image-9-18x10.png 18w\" sizes=\"(max-width: 446px) 100vw, 446px\" \/><\/figure>\n\n\n\n<p class=\"wp-block-paragraph\"><strong>&nbsp;<a href=\"https:\/\/alinvest-verde.eu\/es_es\/participacion-en-el-seminario-regional-sobre-propiedad-intelectual-para-jueces-de-america-latina\/\" target=\"_blank\" rel=\"noreferrer noopener\">Participaci\u00f3n en el Seminario Regional sobre Propiedad Intelectual para Jueces de Am\u00e9rica Latina<\/a><\/strong><\/p>\n\n\n\n<p class=\"wp-block-paragraph\">Fecha: <strong>10-14 de junio<\/strong><br>Formato: presencial<\/p>\n\n\n\n<figure class=\"wp-block-image size-large\"><img loading=\"lazy\" decoding=\"async\" width=\"1024\" height=\"575\" src=\"https:\/\/alinvest-verde.eu\/wp-content\/uploads\/2022\/12\/cultivocacao-1024x575.jpg\" alt=\"\" class=\"wp-image-4208\" srcset=\"https:\/\/alinvest-verde.eu\/wp-content\/uploads\/2022\/12\/cultivocacao-1024x575.jpg 1024w, https:\/\/alinvest-verde.eu\/wp-content\/uploads\/2022\/12\/cultivocacao-300x169.jpg 300w, https:\/\/alinvest-verde.eu\/wp-content\/uploads\/2022\/12\/cultivocacao-768x432.jpg 768w, https:\/\/alinvest-verde.eu\/wp-content\/uploads\/2022\/12\/cultivocacao-1536x863.jpg 1536w, https:\/\/alinvest-verde.eu\/wp-content\/uploads\/2022\/12\/cultivocacao-18x10.jpg 18w, https:\/\/alinvest-verde.eu\/wp-content\/uploads\/2022\/12\/cultivocacao.jpg 1920w\" sizes=\"(max-width: 1024px) 100vw, 1024px\" \/><\/figure>\n\n\n\n<p class=\"wp-block-paragraph\"><strong>Di\u00e1logos sobre cacao sostenible <\/strong><\/p>\n\n\n\n<p class=\"wp-block-paragraph\"><strong>II taller &#8211; Di\u00e1logos sobre cacao sostenible. <\/strong><strong><a href=\"https:\/\/alinvest-verde.eu\/es_es\/ii-dialogo-sobre-cacao-sostenible\/\">Inscribirse aqu\u00ed<\/a><\/strong><strong><\/strong><\/p>\n\n\n\n<p class=\"wp-block-paragraph\">Fecha: <strong>12 de junio<\/strong><br>Hora: <strong>16:00 CET<\/strong><br>Formato: virtual<\/p>\n\n\n\n<p class=\"wp-block-paragraph\"><strong>III taller&nbsp;&#8211; Di\u00e1logos sobre cacao sostenible. <\/strong><strong><a href=\"https:\/\/alinvest-verde.eu\/es_es\/iii-dialogo-sobre-cacao-sostenible\/\">Inscribirse aqu\u00ed<\/a><\/strong><\/p>\n\n\n\n<p class=\"wp-block-paragraph\">Fecha: <strong>26 de junio<\/strong><br>Hora: <strong>16:00 CET<\/strong><br>Formato: virtual<\/p>\n\n\n\n<figure class=\"wp-block-image size-full\"><img loading=\"lazy\" decoding=\"async\" width=\"890\" height=\"165\" src=\"https:\/\/alinvest-verde.eu\/wp-content\/uploads\/2024\/05\/image-13.png\" alt=\"\" class=\"wp-image-12907\" srcset=\"https:\/\/alinvest-verde.eu\/wp-content\/uploads\/2024\/05\/image-13.png 890w, https:\/\/alinvest-verde.eu\/wp-content\/uploads\/2024\/05\/image-13-300x56.png 300w, https:\/\/alinvest-verde.eu\/wp-content\/uploads\/2024\/05\/image-13-768x142.png 768w, https:\/\/alinvest-verde.eu\/wp-content\/uploads\/2024\/05\/image-13-18x3.png 18w\" sizes=\"(max-width: 890px) 100vw, 890px\" \/><\/figure>\n","protected":false},"excerpt":{"rendered":"<p>El bolet\u00edn electr\u00f3nico del mes de mayo destaca los resultados de la Segunda Convocatoria del Componente 1, los Di\u00e1logos sobre cacao sostenible del Componente 2 y el programa de Mentor\u00edas del Componente 3.<\/p>\n","protected":false},"featured_media":12911,"template":"","class_list":["post-12893","newslette","type-newslette","status-publish","has-post-thumbnail","hentry"],"yoast_head":"<!-- This site is optimized with the Yoast SEO plugin v28.4 - https:\/\/yoast.com\/product\/yoast-seo-wordpress\/ -->\n<title>Mayo 2024 - Programme AL-INVEST Verde<\/title>\n<meta name=\"robots\" content=\"index, follow, max-snippet:-1, max-image-preview:large, max-video-preview:-1\" \/>\n<link rel=\"canonical\" href=\"https:\/\/alinvest-verde.eu\/es_es\/newslette\/newsletter-mayo\/\" \/>\n<meta property=\"og:locale\" content=\"es_ES\" \/>\n<meta property=\"og:type\" content=\"article\" \/>\n<meta property=\"og:title\" content=\"Mayo 2024 - Programme AL-INVEST Verde\" \/>\n<meta property=\"og:description\" content=\"El bolet\u00edn electr\u00f3nico del mes de mayo destaca los resultados de la Segunda Convocatoria del Componente 1, los Di\u00e1logos sobre cacao sostenible del Componente 2 y el programa de Mentor\u00edas del Componente 3.\" \/>\n<meta property=\"og:url\" content=\"https:\/\/alinvest-verde.eu\/es_es\/newslette\/newsletter-mayo\/\" \/>\n<meta property=\"og:site_name\" content=\"Programme AL-INVEST Verde\" \/>\n<meta property=\"article:modified_time\" content=\"2024-05-31T01:33:01+00:00\" \/>\n<meta property=\"og:image\" content=\"https:\/\/alinvest-verde.eu\/wp-content\/uploads\/2024\/05\/Imagen1.jpg\" \/>\n\t<meta property=\"og:image:width\" content=\"456\" \/>\n\t<meta property=\"og:image:height\" content=\"568\" \/>\n\t<meta property=\"og:image:type\" content=\"image\/jpeg\" \/>\n<meta name=\"twitter:card\" content=\"summary_large_image\" \/>\n<meta name=\"twitter:label1\" content=\"Tiempo de lectura\" \/>\n\t<meta name=\"twitter:data1\" content=\"5 minutos\" \/>\n<script type=\"application\/ld+json\" class=\"yoast-schema-graph\">{\"@context\":\"https:\\\/\\\/schema.org\",\"@graph\":[{\"@type\":\"WebPage\",\"@id\":\"https:\\\/\\\/alinvest-verde.eu\\\/es_es\\\/newslette\\\/newsletter-mayo\\\/\",\"url\":\"https:\\\/\\\/alinvest-verde.eu\\\/es_es\\\/newslette\\\/newsletter-mayo\\\/\",\"name\":\"Mayo 2024 - Programme AL-INVEST Verde\",\"isPartOf\":{\"@id\":\"https:\\\/\\\/alinvest-verde.eu\\\/#website\"},\"primaryImageOfPage\":{\"@id\":\"https:\\\/\\\/alinvest-verde.eu\\\/es_es\\\/newslette\\\/newsletter-mayo\\\/#primaryimage\"},\"image\":{\"@id\":\"https:\\\/\\\/alinvest-verde.eu\\\/es_es\\\/newslette\\\/newsletter-mayo\\\/#primaryimage\"},\"thumbnailUrl\":\"https:\\\/\\\/alinvest-verde.eu\\\/wp-content\\\/uploads\\\/2024\\\/05\\\/Imagen1.jpg\",\"datePublished\":\"2024-05-30T19:55:22+00:00\",\"dateModified\":\"2024-05-31T01:33:01+00:00\",\"breadcrumb\":{\"@id\":\"https:\\\/\\\/alinvest-verde.eu\\\/es_es\\\/newslette\\\/newsletter-mayo\\\/#breadcrumb\"},\"inLanguage\":\"es\",\"potentialAction\":[{\"@type\":\"ReadAction\",\"target\":[\"https:\\\/\\\/alinvest-verde.eu\\\/es_es\\\/newslette\\\/newsletter-mayo\\\/\"]}]},{\"@type\":\"ImageObject\",\"inLanguage\":\"es\",\"@id\":\"https:\\\/\\\/alinvest-verde.eu\\\/es_es\\\/newslette\\\/newsletter-mayo\\\/#primaryimage\",\"url\":\"https:\\\/\\\/alinvest-verde.eu\\\/wp-content\\\/uploads\\\/2024\\\/05\\\/Imagen1.jpg\",\"contentUrl\":\"https:\\\/\\\/alinvest-verde.eu\\\/wp-content\\\/uploads\\\/2024\\\/05\\\/Imagen1.jpg\",\"width\":456,\"height\":568},{\"@type\":\"BreadcrumbList\",\"@id\":\"https:\\\/\\\/alinvest-verde.eu\\\/es_es\\\/newslette\\\/newsletter-mayo\\\/#breadcrumb\",\"itemListElement\":[{\"@type\":\"ListItem\",\"position\":1,\"name\":\"Inicio\",\"item\":\"https:\\\/\\\/alinvest-verde.eu\\\/\"},{\"@type\":\"ListItem\",\"position\":2,\"name\":\"Mayo 2024\"}]},{\"@type\":\"WebSite\",\"@id\":\"https:\\\/\\\/alinvest-verde.eu\\\/#website\",\"url\":\"https:\\\/\\\/alinvest-verde.eu\\\/\",\"name\":\"Programme AL-INVEST Verde\",\"description\":\"Building alliances with the private sector in LA and promote sustainable growth and jobs creation by supporting the transition towards a low-carbon, resource-efficient economy\",\"publisher\":{\"@id\":\"https:\\\/\\\/alinvest-verde.eu\\\/#organization\"},\"potentialAction\":[{\"@type\":\"SearchAction\",\"target\":{\"@type\":\"EntryPoint\",\"urlTemplate\":\"https:\\\/\\\/alinvest-verde.eu\\\/?s={search_term_string}\"},\"query-input\":{\"@type\":\"PropertyValueSpecification\",\"valueRequired\":true,\"valueName\":\"search_term_string\"}}],\"inLanguage\":\"es\"},{\"@type\":\"Organization\",\"@id\":\"https:\\\/\\\/alinvest-verde.eu\\\/#organization\",\"name\":\"Programme AL-INVEST Verde\",\"url\":\"https:\\\/\\\/alinvest-verde.eu\\\/\",\"logo\":{\"@type\":\"ImageObject\",\"inLanguage\":\"es\",\"@id\":\"https:\\\/\\\/alinvest-verde.eu\\\/#\\\/schema\\\/logo\\\/image\\\/\",\"url\":\"https:\\\/\\\/alinvest-verde.eu\\\/wp-content\\\/uploads\\\/2022\\\/01\\\/cropped-logo-financiado-por-la-UE.jpg\",\"contentUrl\":\"https:\\\/\\\/alinvest-verde.eu\\\/wp-content\\\/uploads\\\/2022\\\/01\\\/cropped-logo-financiado-por-la-UE.jpg\",\"width\":756,\"height\":216,\"caption\":\"Programme AL-INVEST Verde\"},\"image\":{\"@id\":\"https:\\\/\\\/alinvest-verde.eu\\\/#\\\/schema\\\/logo\\\/image\\\/\"}}]}<\/script>\n<!-- \/ Yoast SEO plugin. -->","yoast_head_json":{"title":"Mayo 2024 - Programme AL-INVEST Verde","robots":{"index":"index","follow":"follow","max-snippet":"max-snippet:-1","max-image-preview":"max-image-preview:large","max-video-preview":"max-video-preview:-1"},"canonical":"https:\/\/alinvest-verde.eu\/es_es\/newslette\/newsletter-mayo\/","og_locale":"es_ES","og_type":"article","og_title":"Mayo 2024 - Programme AL-INVEST Verde","og_description":"El bolet\u00edn electr\u00f3nico del mes de mayo destaca los resultados de la Segunda Convocatoria del Componente 1, los Di\u00e1logos sobre cacao sostenible del Componente 2 y el programa de Mentor\u00edas del Componente 3.","og_url":"https:\/\/alinvest-verde.eu\/es_es\/newslette\/newsletter-mayo\/","og_site_name":"Programme AL-INVEST Verde","article_modified_time":"2024-05-31T01:33:01+00:00","og_image":[{"width":456,"height":568,"url":"https:\/\/alinvest-verde.eu\/wp-content\/uploads\/2024\/05\/Imagen1.jpg","type":"image\/jpeg"}],"twitter_card":"summary_large_image","twitter_misc":{"Tiempo de lectura":"5 minutos"},"schema":{"@context":"https:\/\/schema.org","@graph":[{"@type":"WebPage","@id":"https:\/\/alinvest-verde.eu\/es_es\/newslette\/newsletter-mayo\/","url":"https:\/\/alinvest-verde.eu\/es_es\/newslette\/newsletter-mayo\/","name":"Mayo 2024 - Programme AL-INVEST Verde","isPartOf":{"@id":"https:\/\/alinvest-verde.eu\/#website"},"primaryImageOfPage":{"@id":"https:\/\/alinvest-verde.eu\/es_es\/newslette\/newsletter-mayo\/#primaryimage"},"image":{"@id":"https:\/\/alinvest-verde.eu\/es_es\/newslette\/newsletter-mayo\/#primaryimage"},"thumbnailUrl":"https:\/\/alinvest-verde.eu\/wp-content\/uploads\/2024\/05\/Imagen1.jpg","datePublished":"2024-05-30T19:55:22+00:00","dateModified":"2024-05-31T01:33:01+00:00","breadcrumb":{"@id":"https:\/\/alinvest-verde.eu\/es_es\/newslette\/newsletter-mayo\/#breadcrumb"},"inLanguage":"es","potentialAction":[{"@type":"ReadAction","target":["https:\/\/alinvest-verde.eu\/es_es\/newslette\/newsletter-mayo\/"]}]},{"@type":"ImageObject","inLanguage":"es","@id":"https:\/\/alinvest-verde.eu\/es_es\/newslette\/newsletter-mayo\/#primaryimage","url":"https:\/\/alinvest-verde.eu\/wp-content\/uploads\/2024\/05\/Imagen1.jpg","contentUrl":"https:\/\/alinvest-verde.eu\/wp-content\/uploads\/2024\/05\/Imagen1.jpg","width":456,"height":568},{"@type":"BreadcrumbList","@id":"https:\/\/alinvest-verde.eu\/es_es\/newslette\/newsletter-mayo\/#breadcrumb","itemListElement":[{"@type":"ListItem","position":1,"name":"Inicio","item":"https:\/\/alinvest-verde.eu\/"},{"@type":"ListItem","position":2,"name":"Mayo 2024"}]},{"@type":"WebSite","@id":"https:\/\/alinvest-verde.eu\/#website","url":"https:\/\/alinvest-verde.eu\/","name":"Programme AL-INVEST Verde","description":"Building alliances with the private sector in LA and promote sustainable growth and jobs creation by supporting the transition towards a low-carbon, resource-efficient economy","publisher":{"@id":"https:\/\/alinvest-verde.eu\/#organization"},"potentialAction":[{"@type":"SearchAction","target":{"@type":"EntryPoint","urlTemplate":"https:\/\/alinvest-verde.eu\/?s={search_term_string}"},"query-input":{"@type":"PropertyValueSpecification","valueRequired":true,"valueName":"search_term_string"}}],"inLanguage":"es"},{"@type":"Organization","@id":"https:\/\/alinvest-verde.eu\/#organization","name":"Programme AL-INVEST Verde","url":"https:\/\/alinvest-verde.eu\/","logo":{"@type":"ImageObject","inLanguage":"es","@id":"https:\/\/alinvest-verde.eu\/#\/schema\/logo\/image\/","url":"https:\/\/alinvest-verde.eu\/wp-content\/uploads\/2022\/01\/cropped-logo-financiado-por-la-UE.jpg","contentUrl":"https:\/\/alinvest-verde.eu\/wp-content\/uploads\/2022\/01\/cropped-logo-financiado-por-la-UE.jpg","width":756,"height":216,"caption":"Programme AL-INVEST Verde"},"image":{"@id":"https:\/\/alinvest-verde.eu\/#\/schema\/logo\/image\/"}}]}},"_links":{"self":[{"href":"https:\/\/alinvest-verde.eu\/es_es\/wp-json\/wp\/v2\/newslette\/12893","targetHints":{"allow":["GET"]}}],"collection":[{"href":"https:\/\/alinvest-verde.eu\/es_es\/wp-json\/wp\/v2\/newslette"}],"about":[{"href":"https:\/\/alinvest-verde.eu\/es_es\/wp-json\/wp\/v2\/types\/newslette"}],"version-history":[{"count":3,"href":"https:\/\/alinvest-verde.eu\/es_es\/wp-json\/wp\/v2\/newslette\/12893\/revisions"}],"predecessor-version":[{"id":12936,"href":"https:\/\/alinvest-verde.eu\/es_es\/wp-json\/wp\/v2\/newslette\/12893\/revisions\/12936"}],"wp:featuredmedia":[{"embeddable":true,"href":"https:\/\/alinvest-verde.eu\/es_es\/wp-json\/wp\/v2\/media\/12911"}],"wp:attachment":[{"href":"https:\/\/alinvest-verde.eu\/es_es\/wp-json\/wp\/v2\/media?parent=12893"}],"curies":[{"name":"wp","href":"https:\/\/api.w.org\/{rel}","templated":true}]}}