{"id":14010,"date":"2024-07-02T22:13:06","date_gmt":"2024-07-02T20:13:06","guid":{"rendered":"https:\/\/alinvest-verde.eu\/?post_type=newslette&#038;p=14010"},"modified":"2024-07-30T20:30:43","modified_gmt":"2024-07-30T18:30:43","slug":"newsletter-junio","status":"publish","type":"newslette","link":"https:\/\/alinvest-verde.eu\/es_es\/newslette\/newsletter-junio\/","title":{"rendered":"Junio 2024"},"content":{"rendered":"\n<figure class=\"wp-block-image size-full is-resized\"><img fetchpriority=\"high\" decoding=\"async\" width=\"571\" height=\"381\" src=\"https:\/\/alinvest-verde.eu\/wp-content\/uploads\/2024\/07\/image.png\" alt=\"\" class=\"wp-image-14011\" style=\"width:842px;height:auto\" srcset=\"https:\/\/alinvest-verde.eu\/wp-content\/uploads\/2024\/07\/image.png 571w, https:\/\/alinvest-verde.eu\/wp-content\/uploads\/2024\/07\/image-300x200.png 300w, https:\/\/alinvest-verde.eu\/wp-content\/uploads\/2024\/07\/image-391x260.png 391w, https:\/\/alinvest-verde.eu\/wp-content\/uploads\/2024\/07\/image-18x12.png 18w\" sizes=\"(max-width: 571px) 100vw, 571px\" \/><\/figure>\n\n\n\n<p class=\"wp-block-paragraph\"><strong>Presentaci\u00f3n de resultados del proyecto &#8220;Certificaci\u00f3n de productos agroexportables&#8221; en Uruguay<\/strong><\/p>\n\n\n\n<p class=\"wp-block-paragraph\">El Ministerio de Ganader\u00eda, Agricultura y Pesca (MGAP) de Uruguay acogi\u00f3 el evento de presentaci\u00f3n de resultados del proyecto \u201cCertificaci\u00f3n de Productos Agroexportables en predios con Bosque Nativo\u201d, ejecutado por AL-INVEST Verde, a trav\u00e9s del Centro de Investigaciones Aplicadas al Desarrollo Agroforestal (IDAF).<strong> <a href=\"https:\/\/alinvest-verde.eu\/es_es\/presentacion-de-resultados-del-proyecto-para-la-certificacion-de-productos-agroexportables\/\"><strong>Leer m\u00e1s.<\/strong><\/a><\/strong><\/p>\n\n\n\n<figure class=\"wp-block-image size-full is-resized\"><img decoding=\"async\" width=\"571\" height=\"385\" src=\"https:\/\/alinvest-verde.eu\/wp-content\/uploads\/2024\/07\/image-1.png\" alt=\"\" class=\"wp-image-14012\" style=\"width:838px;height:auto\" srcset=\"https:\/\/alinvest-verde.eu\/wp-content\/uploads\/2024\/07\/image-1.png 571w, https:\/\/alinvest-verde.eu\/wp-content\/uploads\/2024\/07\/image-1-300x202.png 300w, https:\/\/alinvest-verde.eu\/wp-content\/uploads\/2024\/07\/image-1-18x12.png 18w\" sizes=\"(max-width: 571px) 100vw, 571px\" \/><\/figure>\n\n\n\n<p class=\"wp-block-paragraph\"><strong>T\u00e9cnicos del MERCOSUR intercambian conocimientos sobre trazabilidad ambiental<\/strong><\/p>\n\n\n\n<p class=\"wp-block-paragraph\">Con el objetivo de promover el intercambio t\u00e9cnico sobre la implementaci\u00f3n del Reglamento europeo sobre productos libres de deforestaci\u00f3n (EUDR) en los pa\u00edses del Mercosur, AL-INVEST Verde organiz\u00f3 en Montevideo (Uruguay) el taller \u201cSistemas de trazabilidad ambiental\u201d, con el apoyo del Ministerio de Ganader\u00eda, Agricultura y Pesca (MGAP) de Uruguay y la Agencia Uruguaya de Cooperaci\u00f3n Internacional (AUCI).<strong> <a href=\"https:\/\/alinvest-verde.eu\/es_es\/tecnicos-del-mercosur-intercambian-en-uruguay-conocimientos-sobre-trazabilidad-ambiental\/\"><strong>Leer m\u00e1s.<\/strong><\/a><\/strong><\/p>\n\n\n\n<p class=\"wp-block-paragraph\"><img decoding=\"async\" style=\"\" src=\"https:\/\/9sg4i.img.bh.d.sendibt3.com\/im\/sh\/Cq3UXonHuJY6.png?u=SyGgH01HHg3161bEi1l8uAnltLgT\"><\/p>\n\n\n\n<p class=\"wp-block-paragraph\"><strong>Mentor\u00eda en derechos de propiedad intelectual en Argentina<\/strong><\/p>\n\n\n\n<p class=\"wp-block-paragraph\">El mes de junio marc\u00f3 el lanzamiento del programa de mentor\u00eda gratuita en el registro y uso eficaz de las indicaciones geogr\u00e1ficas (IG) del Componente 3 de AL-INVEST Verde para derechos de propiedad intelectual, denominado \u2018AL-INVmentor Argentina\u2019, organizado en colaboraci\u00f3n con la Secretar\u00eda de Bioeconom\u00eda del Ministerio de Econom\u00eda de Argentina.<strong> <a href=\"https:\/\/alinvest-verde.eu\/es_es\/mentoria-en-derechos-de-propiedad-intelectual-en-argentina\/\"><strong>Leer m\u00e1s.<\/strong><\/a><\/strong><\/p>\n\n\n\n<figure class=\"wp-block-image size-full is-resized\"><img decoding=\"async\" width=\"571\" height=\"375\" src=\"https:\/\/alinvest-verde.eu\/wp-content\/uploads\/2024\/07\/image-2.png\" alt=\"\" class=\"wp-image-14013\" style=\"width:840px;height:auto\" srcset=\"https:\/\/alinvest-verde.eu\/wp-content\/uploads\/2024\/07\/image-2.png 571w, https:\/\/alinvest-verde.eu\/wp-content\/uploads\/2024\/07\/image-2-300x197.png 300w, https:\/\/alinvest-verde.eu\/wp-content\/uploads\/2024\/07\/image-2-18x12.png 18w\" sizes=\"(max-width: 571px) 100vw, 571px\" \/><\/figure>\n\n\n\n<p class=\"wp-block-paragraph\"><strong>Fomentar\u00e1n internacionalizaci\u00f3n de mipymes del sector agroforestal en Santa Cruz, Bolivia<\/strong><\/p>\n\n\n\n<p class=\"wp-block-paragraph\">El programa AL-INVEST Verde, a trav\u00e9s de la ejecuci\u00f3n de su Componente 1, seleccion\u00f3 42 proyectos de las m\u00e1s de 160 propuestas que se recibieron durante la Segunda Convocatoria de propuestas para proyectos innovadores. Los proyectos seleccionados beneficiar\u00e1n a las pymes de pa\u00edses como Argentina, Bolivia, Brasil, Chile, Colombia, Costa Rica, Ecuador, El Salvador, Honduras, M\u00e9xico, Paraguay, Per\u00fa, Uruguay y Venezuela.<strong> <a href=\"https:\/\/alinvest-verde.eu\/es_es\/fomentaran-internacionalizacion-de-mipymes-del-sector-agroforestal-de-santa-cruz-bolivia-apuntando-hacia-el-mercado-de-la-union-europea\/\"><strong>Leer m\u00e1s.&nbsp;<\/strong><\/a><\/strong><\/p>\n\n\n\n<p class=\"wp-block-paragraph\"><strong>Di\u00e1logos sobre cacao sostenible<\/strong><\/p>\n\n\n\n<figure class=\"wp-block-image size-large\"><img loading=\"lazy\" decoding=\"async\" width=\"1024\" height=\"546\" src=\"https:\/\/alinvest-verde.eu\/wp-content\/uploads\/2024\/06\/hands-2430200_1280-1024x546.jpg\" alt=\"\" class=\"wp-image-13605\" srcset=\"https:\/\/alinvest-verde.eu\/wp-content\/uploads\/2024\/06\/hands-2430200_1280-1024x546.jpg 1024w, https:\/\/alinvest-verde.eu\/wp-content\/uploads\/2024\/06\/hands-2430200_1280-300x160.jpg 300w, https:\/\/alinvest-verde.eu\/wp-content\/uploads\/2024\/06\/hands-2430200_1280-768x410.jpg 768w, https:\/\/alinvest-verde.eu\/wp-content\/uploads\/2024\/06\/hands-2430200_1280-18x10.jpg 18w, https:\/\/alinvest-verde.eu\/wp-content\/uploads\/2024\/06\/hands-2430200_1280.jpg 1280w\" sizes=\"(max-width: 1024px) 100vw, 1024px\" \/><\/figure>\n\n\n\n<p class=\"wp-block-paragraph\"><strong>Taller sobre requisitos de trazabilidad del cacao<\/strong><\/p>\n\n\n\n<p class=\"wp-block-paragraph\">El Componente 2 de AL-INVEST Verde organiz\u00f3 este taller, dentro del ciclo \u201cDi\u00e1logos sobre caca sostenible\u201d.\u00a0Participaron representantes europeos, de Am\u00e9rica Latina y \u00c1frica. <strong><a href=\"https:\/\/alinvest-verde.eu\/es_es\/taller-sobre-requisitos-de-trazabilidad-del-cacao\/\"><strong>Leer m\u00e1s.<\/strong><\/a><\/strong><\/p>\n\n\n\n<p class=\"wp-block-paragraph\"><strong>Concluye el ciclo de talleres online sobre cacao sostenible<\/strong><\/p>\n\n\n\n<p class=\"wp-block-paragraph\">Representantes de la Comisi\u00f3n Europea y pa\u00edses productores de Am\u00e9rica Latina -Brasil, Ecuador y Per\u00fa- y \u00c1frica -Ghana- analizaron el criterio de legalidad en el marco del EUDR. <strong><a href=\"https:\/\/alinvest-verde.eu\/es_es\/concluye-el-ciclo-sobre-cacao-sostenible-con-el-analisis-de-la-legalidad-en-el-marco-del-eudr\/\"><strong>Leer m\u00e1s.<\/strong><\/a><\/strong><\/p>\n\n\n\n<p class=\"has-vivid-green-cyan-color has-text-color has-link-color wp-elements-1 wp-block-paragraph\"><strong>AL-INVEST Verde TV&nbsp;<\/strong><\/p>\n\n\n\n<p class=\"wp-block-paragraph\"><strong>Webinar sobre Finanzas sostenibles<\/strong><\/p>\n\n\n\n<p class=\"wp-block-paragraph\">El Componente 1 llev\u00f3 a cabo su primer Webinar, organizado por CAINCO sobre Finanzas Sostenibles. <strong><a href=\"https:\/\/youtu.be\/a2Yg20fzGCU\"><strong>Ver aqu\u00ed.&nbsp;<\/strong><\/a><\/strong><\/p>\n\n\n\n<p class=\"wp-block-paragraph\"><strong>Foro de Innovaci\u00f3n Digital y DPI: Navegando el Futuro de las Industrias Creativas<\/strong><\/p>\n\n\n\n<p class=\"wp-block-paragraph\">El Componente 3 organiz\u00f3 el Foro para identificar estrategias pr\u00e1cticas para abordar el impacto de las tecnolog\u00edas emergentes, como la inteligencia artificial (IA), en la resiliencia y adaptabilidad de los sectores creativos.<strong> <a href=\"https:\/\/youtu.be\/1hxugol3dis\"><strong>Ver aqu\u00ed.<\/strong><\/a><\/strong><\/p>\n\n\n\n<p class=\"wp-block-paragraph\"><strong>Lanzamiento del programa de mentoria AL-INVmentor durante Inova Amaz\u00f4nia, 10\/05\/2024, Manaos, Brasil<\/strong><\/p>\n\n\n\n<p class=\"wp-block-paragraph\">El Componente 3 lanz\u00f3 oficialmente las primeras mentor\u00edas que se llevar\u00e1n a cabo en Brasil en el marco del novedoso programa ALINVmentor en el \u00e1mbito de las indicaciones geogr\u00e1ficas.<strong> <a href=\"https:\/\/youtu.be\/GEPbH3mSsUA\"><strong>Ver aqu\u00ed.<\/strong><\/a><\/strong><\/p>\n\n\n\n<figure class=\"wp-block-image size-full\"><img loading=\"lazy\" decoding=\"async\" width=\"712\" height=\"132\" src=\"https:\/\/alinvest-verde.eu\/wp-content\/uploads\/2024\/07\/logos-GG-AIV-UE.jpg\" alt=\"\" class=\"wp-image-14016\" srcset=\"https:\/\/alinvest-verde.eu\/wp-content\/uploads\/2024\/07\/logos-GG-AIV-UE.jpg 712w, https:\/\/alinvest-verde.eu\/wp-content\/uploads\/2024\/07\/logos-GG-AIV-UE-300x56.jpg 300w, https:\/\/alinvest-verde.eu\/wp-content\/uploads\/2024\/07\/logos-GG-AIV-UE-18x3.jpg 18w\" sizes=\"(max-width: 712px) 100vw, 712px\" \/><\/figure>\n","protected":false},"excerpt":{"rendered":"<p>El bolet\u00edn de junio rescata las actividades de los proyectos del Componente 1, los Di\u00e1logos de Caf\u00e9 del Componente 2 y el Programa de Mentor\u00edas del Componente 3. <\/p>\n","protected":false},"featured_media":14021,"template":"","class_list":["post-14010","newslette","type-newslette","status-publish","has-post-thumbnail","hentry"],"yoast_head":"<!-- This site is optimized with the Yoast SEO plugin v28.4 - https:\/\/yoast.com\/product\/yoast-seo-wordpress\/ -->\n<title>Junio 2024 - Programme AL-INVEST Verde<\/title>\n<meta name=\"robots\" content=\"index, follow, max-snippet:-1, max-image-preview:large, max-video-preview:-1\" \/>\n<link rel=\"canonical\" href=\"https:\/\/alinvest-verde.eu\/es_es\/newslette\/newsletter-junio\/\" \/>\n<meta property=\"og:locale\" content=\"es_ES\" \/>\n<meta property=\"og:type\" content=\"article\" \/>\n<meta property=\"og:title\" content=\"Junio 2024 - Programme AL-INVEST Verde\" \/>\n<meta property=\"og:description\" content=\"El bolet\u00edn de junio rescata las actividades de los proyectos del Componente 1, los Di\u00e1logos de Caf\u00e9 del Componente 2 y el Programa de Mentor\u00edas del Componente 3.\" \/>\n<meta property=\"og:url\" content=\"https:\/\/alinvest-verde.eu\/es_es\/newslette\/newsletter-junio\/\" \/>\n<meta property=\"og:site_name\" content=\"Programme AL-INVEST Verde\" \/>\n<meta property=\"article:modified_time\" content=\"2024-07-30T18:30:43+00:00\" \/>\n<meta property=\"og:image\" content=\"https:\/\/alinvest-verde.eu\/wp-content\/uploads\/2024\/07\/newsletter2.jpg\" \/>\n\t<meta property=\"og:image:width\" content=\"459\" \/>\n\t<meta property=\"og:image:height\" content=\"579\" \/>\n\t<meta property=\"og:image:type\" content=\"image\/jpeg\" \/>\n<meta name=\"twitter:card\" content=\"summary_large_image\" \/>\n<meta name=\"twitter:label1\" content=\"Tiempo de lectura\" \/>\n\t<meta name=\"twitter:data1\" content=\"4 minutos\" \/>\n<script type=\"application\/ld+json\" class=\"yoast-schema-graph\">{\"@context\":\"https:\\\/\\\/schema.org\",\"@graph\":[{\"@type\":\"WebPage\",\"@id\":\"https:\\\/\\\/alinvest-verde.eu\\\/newslette\\\/newsletter-junio\\\/\",\"url\":\"https:\\\/\\\/alinvest-verde.eu\\\/newslette\\\/newsletter-junio\\\/\",\"name\":\"Junio 2024 - Programme AL-INVEST Verde\",\"isPartOf\":{\"@id\":\"https:\\\/\\\/alinvest-verde.eu\\\/#website\"},\"primaryImageOfPage\":{\"@id\":\"https:\\\/\\\/alinvest-verde.eu\\\/newslette\\\/newsletter-junio\\\/#primaryimage\"},\"image\":{\"@id\":\"https:\\\/\\\/alinvest-verde.eu\\\/newslette\\\/newsletter-junio\\\/#primaryimage\"},\"thumbnailUrl\":\"https:\\\/\\\/alinvest-verde.eu\\\/wp-content\\\/uploads\\\/2024\\\/07\\\/newsletter2.jpg\",\"datePublished\":\"2024-07-02T20:13:06+00:00\",\"dateModified\":\"2024-07-30T18:30:43+00:00\",\"breadcrumb\":{\"@id\":\"https:\\\/\\\/alinvest-verde.eu\\\/newslette\\\/newsletter-junio\\\/#breadcrumb\"},\"inLanguage\":\"es\",\"potentialAction\":[{\"@type\":\"ReadAction\",\"target\":[\"https:\\\/\\\/alinvest-verde.eu\\\/newslette\\\/newsletter-junio\\\/\"]}]},{\"@type\":\"ImageObject\",\"inLanguage\":\"es\",\"@id\":\"https:\\\/\\\/alinvest-verde.eu\\\/newslette\\\/newsletter-junio\\\/#primaryimage\",\"url\":\"https:\\\/\\\/alinvest-verde.eu\\\/wp-content\\\/uploads\\\/2024\\\/07\\\/newsletter2.jpg\",\"contentUrl\":\"https:\\\/\\\/alinvest-verde.eu\\\/wp-content\\\/uploads\\\/2024\\\/07\\\/newsletter2.jpg\",\"width\":459,\"height\":579},{\"@type\":\"BreadcrumbList\",\"@id\":\"https:\\\/\\\/alinvest-verde.eu\\\/newslette\\\/newsletter-junio\\\/#breadcrumb\",\"itemListElement\":[{\"@type\":\"ListItem\",\"position\":1,\"name\":\"Inicio\",\"item\":\"https:\\\/\\\/alinvest-verde.eu\\\/\"},{\"@type\":\"ListItem\",\"position\":2,\"name\":\"Junio 2024\"}]},{\"@type\":\"WebSite\",\"@id\":\"https:\\\/\\\/alinvest-verde.eu\\\/#website\",\"url\":\"https:\\\/\\\/alinvest-verde.eu\\\/\",\"name\":\"Programme AL-INVEST Verde\",\"description\":\"Building alliances with the private sector in LA and promote sustainable growth and jobs creation by supporting the transition towards a low-carbon, resource-efficient economy\",\"publisher\":{\"@id\":\"https:\\\/\\\/alinvest-verde.eu\\\/#organization\"},\"potentialAction\":[{\"@type\":\"SearchAction\",\"target\":{\"@type\":\"EntryPoint\",\"urlTemplate\":\"https:\\\/\\\/alinvest-verde.eu\\\/?s={search_term_string}\"},\"query-input\":{\"@type\":\"PropertyValueSpecification\",\"valueRequired\":true,\"valueName\":\"search_term_string\"}}],\"inLanguage\":\"es\"},{\"@type\":\"Organization\",\"@id\":\"https:\\\/\\\/alinvest-verde.eu\\\/#organization\",\"name\":\"Programme AL-INVEST Verde\",\"url\":\"https:\\\/\\\/alinvest-verde.eu\\\/\",\"logo\":{\"@type\":\"ImageObject\",\"inLanguage\":\"es\",\"@id\":\"https:\\\/\\\/alinvest-verde.eu\\\/#\\\/schema\\\/logo\\\/image\\\/\",\"url\":\"https:\\\/\\\/alinvest-verde.eu\\\/wp-content\\\/uploads\\\/2022\\\/01\\\/cropped-logo-financiado-por-la-UE.jpg\",\"contentUrl\":\"https:\\\/\\\/alinvest-verde.eu\\\/wp-content\\\/uploads\\\/2022\\\/01\\\/cropped-logo-financiado-por-la-UE.jpg\",\"width\":756,\"height\":216,\"caption\":\"Programme AL-INVEST Verde\"},\"image\":{\"@id\":\"https:\\\/\\\/alinvest-verde.eu\\\/#\\\/schema\\\/logo\\\/image\\\/\"}}]}<\/script>\n<!-- \/ Yoast SEO plugin. -->","yoast_head_json":{"title":"Junio 2024 - Programme AL-INVEST Verde","robots":{"index":"index","follow":"follow","max-snippet":"max-snippet:-1","max-image-preview":"max-image-preview:large","max-video-preview":"max-video-preview:-1"},"canonical":"https:\/\/alinvest-verde.eu\/es_es\/newslette\/newsletter-junio\/","og_locale":"es_ES","og_type":"article","og_title":"Junio 2024 - Programme AL-INVEST Verde","og_description":"El bolet\u00edn de junio rescata las actividades de los proyectos del Componente 1, los Di\u00e1logos de Caf\u00e9 del Componente 2 y el Programa de Mentor\u00edas del Componente 3.","og_url":"https:\/\/alinvest-verde.eu\/es_es\/newslette\/newsletter-junio\/","og_site_name":"Programme AL-INVEST Verde","article_modified_time":"2024-07-30T18:30:43+00:00","og_image":[{"width":459,"height":579,"url":"https:\/\/alinvest-verde.eu\/wp-content\/uploads\/2024\/07\/newsletter2.jpg","type":"image\/jpeg"}],"twitter_card":"summary_large_image","twitter_misc":{"Tiempo de lectura":"4 minutos"},"schema":{"@context":"https:\/\/schema.org","@graph":[{"@type":"WebPage","@id":"https:\/\/alinvest-verde.eu\/newslette\/newsletter-junio\/","url":"https:\/\/alinvest-verde.eu\/newslette\/newsletter-junio\/","name":"Junio 2024 - Programme AL-INVEST Verde","isPartOf":{"@id":"https:\/\/alinvest-verde.eu\/#website"},"primaryImageOfPage":{"@id":"https:\/\/alinvest-verde.eu\/newslette\/newsletter-junio\/#primaryimage"},"image":{"@id":"https:\/\/alinvest-verde.eu\/newslette\/newsletter-junio\/#primaryimage"},"thumbnailUrl":"https:\/\/alinvest-verde.eu\/wp-content\/uploads\/2024\/07\/newsletter2.jpg","datePublished":"2024-07-02T20:13:06+00:00","dateModified":"2024-07-30T18:30:43+00:00","breadcrumb":{"@id":"https:\/\/alinvest-verde.eu\/newslette\/newsletter-junio\/#breadcrumb"},"inLanguage":"es","potentialAction":[{"@type":"ReadAction","target":["https:\/\/alinvest-verde.eu\/newslette\/newsletter-junio\/"]}]},{"@type":"ImageObject","inLanguage":"es","@id":"https:\/\/alinvest-verde.eu\/newslette\/newsletter-junio\/#primaryimage","url":"https:\/\/alinvest-verde.eu\/wp-content\/uploads\/2024\/07\/newsletter2.jpg","contentUrl":"https:\/\/alinvest-verde.eu\/wp-content\/uploads\/2024\/07\/newsletter2.jpg","width":459,"height":579},{"@type":"BreadcrumbList","@id":"https:\/\/alinvest-verde.eu\/newslette\/newsletter-junio\/#breadcrumb","itemListElement":[{"@type":"ListItem","position":1,"name":"Inicio","item":"https:\/\/alinvest-verde.eu\/"},{"@type":"ListItem","position":2,"name":"Junio 2024"}]},{"@type":"WebSite","@id":"https:\/\/alinvest-verde.eu\/#website","url":"https:\/\/alinvest-verde.eu\/","name":"Programme AL-INVEST Verde","description":"Building alliances with the private sector in LA and promote sustainable growth and jobs creation by supporting the transition towards a low-carbon, resource-efficient economy","publisher":{"@id":"https:\/\/alinvest-verde.eu\/#organization"},"potentialAction":[{"@type":"SearchAction","target":{"@type":"EntryPoint","urlTemplate":"https:\/\/alinvest-verde.eu\/?s={search_term_string}"},"query-input":{"@type":"PropertyValueSpecification","valueRequired":true,"valueName":"search_term_string"}}],"inLanguage":"es"},{"@type":"Organization","@id":"https:\/\/alinvest-verde.eu\/#organization","name":"Programme AL-INVEST Verde","url":"https:\/\/alinvest-verde.eu\/","logo":{"@type":"ImageObject","inLanguage":"es","@id":"https:\/\/alinvest-verde.eu\/#\/schema\/logo\/image\/","url":"https:\/\/alinvest-verde.eu\/wp-content\/uploads\/2022\/01\/cropped-logo-financiado-por-la-UE.jpg","contentUrl":"https:\/\/alinvest-verde.eu\/wp-content\/uploads\/2022\/01\/cropped-logo-financiado-por-la-UE.jpg","width":756,"height":216,"caption":"Programme AL-INVEST Verde"},"image":{"@id":"https:\/\/alinvest-verde.eu\/#\/schema\/logo\/image\/"}}]}},"_links":{"self":[{"href":"https:\/\/alinvest-verde.eu\/es_es\/wp-json\/wp\/v2\/newslette\/14010","targetHints":{"allow":["GET"]}}],"collection":[{"href":"https:\/\/alinvest-verde.eu\/es_es\/wp-json\/wp\/v2\/newslette"}],"about":[{"href":"https:\/\/alinvest-verde.eu\/es_es\/wp-json\/wp\/v2\/types\/newslette"}],"version-history":[{"count":5,"href":"https:\/\/alinvest-verde.eu\/es_es\/wp-json\/wp\/v2\/newslette\/14010\/revisions"}],"predecessor-version":[{"id":15064,"href":"https:\/\/alinvest-verde.eu\/es_es\/wp-json\/wp\/v2\/newslette\/14010\/revisions\/15064"}],"wp:featuredmedia":[{"embeddable":true,"href":"https:\/\/alinvest-verde.eu\/es_es\/wp-json\/wp\/v2\/media\/14021"}],"wp:attachment":[{"href":"https:\/\/alinvest-verde.eu\/es_es\/wp-json\/wp\/v2\/media?parent=14010"}],"curies":[{"name":"wp","href":"https:\/\/api.w.org\/{rel}","templated":true}]}}