{"id":15054,"date":"2024-07-30T20:28:03","date_gmt":"2024-07-30T18:28:03","guid":{"rendered":"https:\/\/alinvest-verde.eu\/?post_type=newslette&#038;p=15054"},"modified":"2024-07-30T20:46:00","modified_gmt":"2024-07-30T18:46:00","slug":"newsletter-julio-2","status":"publish","type":"newslette","link":"https:\/\/alinvest-verde.eu\/es_es\/newslette\/newsletter-julio-2\/","title":{"rendered":"Julio 2024"},"content":{"rendered":"\n<figure class=\"wp-block-image size-full is-resized\"><img fetchpriority=\"high\" decoding=\"async\" width=\"571\" height=\"395\" src=\"https:\/\/alinvest-verde.eu\/wp-content\/uploads\/2024\/07\/image-17.png\" alt=\"\" class=\"wp-image-15055\" style=\"width:841px;height:auto\" srcset=\"https:\/\/alinvest-verde.eu\/wp-content\/uploads\/2024\/07\/image-17.png 571w, https:\/\/alinvest-verde.eu\/wp-content\/uploads\/2024\/07\/image-17-300x208.png 300w, https:\/\/alinvest-verde.eu\/wp-content\/uploads\/2024\/07\/image-17-18x12.png 18w\" sizes=\"(max-width: 571px) 100vw, 571px\" \/><\/figure>\n\n\n\n<p class=\"wp-block-paragraph\"><strong>Uni\u00f3n Europea y AGEXPORT apoyan al sector de Turismo Sostenible<\/strong><\/p>\n\n\n\n<p class=\"wp-block-paragraph\">Como parte de la acci\u00f3n del Programa AL-INVEST Verde, la Asociaci\u00f3n Guatemalteca de Exportadores (AGEXPORT), miembro del Consorcio Ejecutor del Componente 1, llev\u00f3 a cabo el \u201cDiplomado en Turismo Sostenible con Especialidad en Inversiones Verdes\u201d. Este curso, organizado por la Comisi\u00f3n de Turismo Sostenible de AGEXPORT y desarrollado por el Departamento de Turismo Sostenible de la Universidad del Valle de Guatemala (UVG), concluy\u00f3 exitosamente con la participaci\u00f3n de 31 representantes de mipymes del sector de turismo y tuvo una duraci\u00f3n de tres meses. <strong><a href=\"https:\/\/alinvest-verde.eu\/es_es\/union-europea-y-agexport-apoyan-al-sector-de-turismo-sostenible-a-traves-del-programa-al-invest-verde\/\"><strong>Leer m\u00e1s<\/strong><\/a>.<\/strong><\/p>\n\n\n\n<figure class=\"wp-block-image size-full is-resized\"><img decoding=\"async\" width=\"571\" height=\"379\" src=\"https:\/\/alinvest-verde.eu\/wp-content\/uploads\/2024\/07\/image-18.png\" alt=\"\" class=\"wp-image-15056\" style=\"width:839px;height:auto\" srcset=\"https:\/\/alinvest-verde.eu\/wp-content\/uploads\/2024\/07\/image-18.png 571w, https:\/\/alinvest-verde.eu\/wp-content\/uploads\/2024\/07\/image-18-300x199.png 300w, https:\/\/alinvest-verde.eu\/wp-content\/uploads\/2024\/07\/image-18-391x260.png 391w, https:\/\/alinvest-verde.eu\/wp-content\/uploads\/2024\/07\/image-18-18x12.png 18w\" sizes=\"(max-width: 571px) 100vw, 571px\" \/><\/figure>\n\n\n\n<p class=\"wp-block-paragraph\"><strong>Primer env\u00edo de caf\u00e9 libre de deforestaci\u00f3n desde Brasil a Europa&nbsp;<\/strong><\/p>\n\n\n\n<p class=\"wp-block-paragraph\">Fruto de la colaboraci\u00f3n entre el Gobierno de Minas Gerais (Brasil), la Universidad Federal de Minas Gerais y la Cooperativa de Caficultores de Tr\u00eas Pontas, con el apoyo del Componente 2 de AL-INVEST Verde, se ha realizado el primer env\u00edo a Europa de caf\u00e9 que cumple con los requisitos del Reglamento europeo sobre productos libres de deforestaci\u00f3n y degradaci\u00f3n forestal. <strong><a href=\"https:\/\/alinvest-verde.eu\/es_es\/primer-envio-de-cafe-libre-de-deforestacion-a-la-union-europea\/\"><strong>Leer m\u00e1s<\/strong><\/a>.<\/strong><\/p>\n\n\n\n<figure class=\"wp-block-image size-full is-resized\"><img decoding=\"async\" width=\"571\" height=\"323\" src=\"https:\/\/alinvest-verde.eu\/wp-content\/uploads\/2024\/07\/image-19.png\" alt=\"\" class=\"wp-image-15057\" style=\"width:841px;height:auto\" srcset=\"https:\/\/alinvest-verde.eu\/wp-content\/uploads\/2024\/07\/image-19.png 571w, https:\/\/alinvest-verde.eu\/wp-content\/uploads\/2024\/07\/image-19-300x170.png 300w, https:\/\/alinvest-verde.eu\/wp-content\/uploads\/2024\/07\/image-19-18x10.png 18w\" sizes=\"(max-width: 571px) 100vw, 571px\" \/><\/figure>\n\n\n\n<p class=\"wp-block-paragraph\"><strong>Paraguay se integra a la herramienta DESIGNclass de la EUIPO<\/strong><\/p>\n\n\n\n<p class=\"wp-block-paragraph\">La Direcci\u00f3n Nacional de Propiedad Intelectual de Paraguay (DINAPI) ha pasado a formar parte de DESIGNclass, una herramienta de la Oficina de Propiedad Intelectual de la Uni\u00f3n Europea (EUIPO), adoptando y aceptando la lista de t\u00e9rminos de la base de datos armonizada de indicaciones de productos<br>(HDBPI). DESIGNclass es una herramienta que permite a los usuarios buscar y traducir indicaciones de productos en 30 idiomas. La adopci\u00f3n de la HDBPI por parte de la DINAPI es un resultado tangible del Componente 3 de AL-INVEST Verde para derechos de propiedad intelectual (DPI), implementado por la EUIPO. <a href=\"http:\/\/alinvest-verde.eu\/es_es\/paraguay-se-integra-a-designclass\/\" target=\"_blank\" rel=\"noreferrer noopener\"><strong>Leer m\u00e1s<\/strong><\/a>.<\/p>\n\n\n\n<p class=\"wp-block-paragraph\"><strong>AL-INVEST Verde TV&nbsp;<\/strong><\/p>\n\n\n\n<p class=\"wp-block-paragraph\"><strong>Red de Jueces de AL-INVEST Verde DPI<\/strong><\/p>\n\n\n\n<p class=\"has-text-align-left wp-block-paragraph\">El Componente 3 de AL-INVEST Verde para derechos de propiedad intelectual (DPI), implementado por la Oficina para Propiedad Intelectual de la Uni\u00f3n Europea (EUIPO), presenta una serie de v\u00eddeos sobre su Red de Jueces.<\/p>\n\n\n\n<figure class=\"wp-block-image size-full is-resized\"><img loading=\"lazy\" decoding=\"async\" width=\"330\" height=\"172\" src=\"https:\/\/alinvest-verde.eu\/wp-content\/uploads\/2024\/07\/image-20.png\" alt=\"\" class=\"wp-image-15058\" style=\"width:838px;height:auto\" srcset=\"https:\/\/alinvest-verde.eu\/wp-content\/uploads\/2024\/07\/image-20.png 330w, https:\/\/alinvest-verde.eu\/wp-content\/uploads\/2024\/07\/image-20-300x156.png 300w, https:\/\/alinvest-verde.eu\/wp-content\/uploads\/2024\/07\/image-20-18x9.png 18w\" sizes=\"(max-width: 330px) 100vw, 330px\" \/><\/figure>\n\n\n\n<p class=\"has-text-align-left wp-block-paragraph\"><strong>Virginia Melgar<\/strong>, Presidenta de la Quinta Sala de Recursos de la Oficina para Propiedad Intelectual de la Uni\u00f3n Europea (EUIPO). <strong><a href=\"https:\/\/www.youtube.com\/watch?v=5N6vUTSBeNI\"><strong>Ver aqu\u00ed<\/strong><\/a>.<\/strong><\/p>\n\n\n\n<figure class=\"wp-block-image size-full is-resized\"><img loading=\"lazy\" decoding=\"async\" width=\"336\" height=\"172\" src=\"https:\/\/alinvest-verde.eu\/wp-content\/uploads\/2024\/07\/image-21.png\" alt=\"\" class=\"wp-image-15059\" style=\"width:840px;height:auto\" srcset=\"https:\/\/alinvest-verde.eu\/wp-content\/uploads\/2024\/07\/image-21.png 336w, https:\/\/alinvest-verde.eu\/wp-content\/uploads\/2024\/07\/image-21-300x154.png 300w, https:\/\/alinvest-verde.eu\/wp-content\/uploads\/2024\/07\/image-21-18x9.png 18w\" sizes=\"(max-width: 336px) 100vw, 336px\" \/><\/figure>\n\n\n\n<p class=\"has-text-align-left wp-block-paragraph\"><strong>Juez \u00c1ngel Galgo Peco<\/strong>, Presidente de la Secci\u00f3n 32\u00aa de la Audiencia Provincial de Madrid. <strong><a href=\"https:\/\/www.youtube.com\/watch?v=CMD__WIOvaE\"><strong>Ver aqu\u00ed<\/strong><\/a>.<\/strong> <\/p>\n","protected":false},"excerpt":{"rendered":"<p>El bolet\u00edn del mes de julio, destaca el trabajo del programa en los sectores turismo y caf\u00e9; as\u00ed como la gesti\u00f3n de la protecci\u00f3n de los derechos de propiedad intelectual. <\/p>\n","protected":false},"featured_media":15066,"template":"","class_list":["post-15054","newslette","type-newslette","status-publish","has-post-thumbnail","hentry"],"yoast_head":"<!-- This site is optimized with the Yoast SEO plugin v28.4 - https:\/\/yoast.com\/product\/yoast-seo-wordpress\/ -->\n<title>Julio 2024 - Programme AL-INVEST Verde<\/title>\n<meta name=\"robots\" content=\"index, follow, max-snippet:-1, max-image-preview:large, max-video-preview:-1\" \/>\n<link rel=\"canonical\" href=\"https:\/\/alinvest-verde.eu\/es_es\/newslette\/newsletter-julio-2\/\" \/>\n<meta property=\"og:locale\" content=\"es_ES\" \/>\n<meta property=\"og:type\" content=\"article\" \/>\n<meta property=\"og:title\" content=\"Julio 2024 - Programme AL-INVEST Verde\" \/>\n<meta property=\"og:description\" content=\"El bolet\u00edn del mes de julio, destaca el trabajo del programa en los sectores turismo y caf\u00e9; as\u00ed como la gesti\u00f3n de la protecci\u00f3n de los derechos de propiedad intelectual.\" \/>\n<meta property=\"og:url\" content=\"https:\/\/alinvest-verde.eu\/es_es\/newslette\/newsletter-julio-2\/\" \/>\n<meta property=\"og:site_name\" content=\"Programme AL-INVEST Verde\" \/>\n<meta property=\"article:modified_time\" content=\"2024-07-30T18:46:00+00:00\" \/>\n<meta property=\"og:image\" content=\"https:\/\/alinvest-verde.eu\/wp-content\/uploads\/2024\/07\/imagenboletin.png\" \/>\n\t<meta property=\"og:image:width\" content=\"528\" \/>\n\t<meta property=\"og:image:height\" content=\"607\" \/>\n\t<meta property=\"og:image:type\" content=\"image\/png\" \/>\n<meta name=\"twitter:card\" content=\"summary_large_image\" \/>\n<meta name=\"twitter:label1\" content=\"Tiempo de lectura\" \/>\n\t<meta name=\"twitter:data1\" content=\"3 minutos\" \/>\n<script type=\"application\/ld+json\" class=\"yoast-schema-graph\">{\"@context\":\"https:\\\/\\\/schema.org\",\"@graph\":[{\"@type\":\"WebPage\",\"@id\":\"https:\\\/\\\/alinvest-verde.eu\\\/newslette\\\/newsletter-julio-2\\\/\",\"url\":\"https:\\\/\\\/alinvest-verde.eu\\\/newslette\\\/newsletter-julio-2\\\/\",\"name\":\"Julio 2024 - Programme AL-INVEST Verde\",\"isPartOf\":{\"@id\":\"https:\\\/\\\/alinvest-verde.eu\\\/#website\"},\"primaryImageOfPage\":{\"@id\":\"https:\\\/\\\/alinvest-verde.eu\\\/newslette\\\/newsletter-julio-2\\\/#primaryimage\"},\"image\":{\"@id\":\"https:\\\/\\\/alinvest-verde.eu\\\/newslette\\\/newsletter-julio-2\\\/#primaryimage\"},\"thumbnailUrl\":\"https:\\\/\\\/alinvest-verde.eu\\\/wp-content\\\/uploads\\\/2024\\\/07\\\/imagenboletin.png\",\"datePublished\":\"2024-07-30T18:28:03+00:00\",\"dateModified\":\"2024-07-30T18:46:00+00:00\",\"breadcrumb\":{\"@id\":\"https:\\\/\\\/alinvest-verde.eu\\\/newslette\\\/newsletter-julio-2\\\/#breadcrumb\"},\"inLanguage\":\"es\",\"potentialAction\":[{\"@type\":\"ReadAction\",\"target\":[\"https:\\\/\\\/alinvest-verde.eu\\\/newslette\\\/newsletter-julio-2\\\/\"]}]},{\"@type\":\"ImageObject\",\"inLanguage\":\"es\",\"@id\":\"https:\\\/\\\/alinvest-verde.eu\\\/newslette\\\/newsletter-julio-2\\\/#primaryimage\",\"url\":\"https:\\\/\\\/alinvest-verde.eu\\\/wp-content\\\/uploads\\\/2024\\\/07\\\/imagenboletin.png\",\"contentUrl\":\"https:\\\/\\\/alinvest-verde.eu\\\/wp-content\\\/uploads\\\/2024\\\/07\\\/imagenboletin.png\",\"width\":528,\"height\":607,\"caption\":\"El bolet\u00edn del mes de julio destaca el trabajo del programa en los sectores turismo y caf\u00e9, as\u00ed como el trabajo en materia de derechos de propiedad intelectual.\"},{\"@type\":\"BreadcrumbList\",\"@id\":\"https:\\\/\\\/alinvest-verde.eu\\\/newslette\\\/newsletter-julio-2\\\/#breadcrumb\",\"itemListElement\":[{\"@type\":\"ListItem\",\"position\":1,\"name\":\"Inicio\",\"item\":\"https:\\\/\\\/alinvest-verde.eu\\\/\"},{\"@type\":\"ListItem\",\"position\":2,\"name\":\"Julio 2024\"}]},{\"@type\":\"WebSite\",\"@id\":\"https:\\\/\\\/alinvest-verde.eu\\\/#website\",\"url\":\"https:\\\/\\\/alinvest-verde.eu\\\/\",\"name\":\"Programme AL-INVEST Verde\",\"description\":\"Building alliances with the private sector in LA and promote sustainable growth and jobs creation by supporting the transition towards a low-carbon, resource-efficient economy\",\"publisher\":{\"@id\":\"https:\\\/\\\/alinvest-verde.eu\\\/#organization\"},\"potentialAction\":[{\"@type\":\"SearchAction\",\"target\":{\"@type\":\"EntryPoint\",\"urlTemplate\":\"https:\\\/\\\/alinvest-verde.eu\\\/?s={search_term_string}\"},\"query-input\":{\"@type\":\"PropertyValueSpecification\",\"valueRequired\":true,\"valueName\":\"search_term_string\"}}],\"inLanguage\":\"es\"},{\"@type\":\"Organization\",\"@id\":\"https:\\\/\\\/alinvest-verde.eu\\\/#organization\",\"name\":\"Programme AL-INVEST Verde\",\"url\":\"https:\\\/\\\/alinvest-verde.eu\\\/\",\"logo\":{\"@type\":\"ImageObject\",\"inLanguage\":\"es\",\"@id\":\"https:\\\/\\\/alinvest-verde.eu\\\/#\\\/schema\\\/logo\\\/image\\\/\",\"url\":\"https:\\\/\\\/alinvest-verde.eu\\\/wp-content\\\/uploads\\\/2022\\\/01\\\/cropped-logo-financiado-por-la-UE.jpg\",\"contentUrl\":\"https:\\\/\\\/alinvest-verde.eu\\\/wp-content\\\/uploads\\\/2022\\\/01\\\/cropped-logo-financiado-por-la-UE.jpg\",\"width\":756,\"height\":216,\"caption\":\"Programme AL-INVEST Verde\"},\"image\":{\"@id\":\"https:\\\/\\\/alinvest-verde.eu\\\/#\\\/schema\\\/logo\\\/image\\\/\"}}]}<\/script>\n<!-- \/ Yoast SEO plugin. -->","yoast_head_json":{"title":"Julio 2024 - Programme AL-INVEST Verde","robots":{"index":"index","follow":"follow","max-snippet":"max-snippet:-1","max-image-preview":"max-image-preview:large","max-video-preview":"max-video-preview:-1"},"canonical":"https:\/\/alinvest-verde.eu\/es_es\/newslette\/newsletter-julio-2\/","og_locale":"es_ES","og_type":"article","og_title":"Julio 2024 - Programme AL-INVEST Verde","og_description":"El bolet\u00edn del mes de julio, destaca el trabajo del programa en los sectores turismo y caf\u00e9; as\u00ed como la gesti\u00f3n de la protecci\u00f3n de los derechos de propiedad intelectual.","og_url":"https:\/\/alinvest-verde.eu\/es_es\/newslette\/newsletter-julio-2\/","og_site_name":"Programme AL-INVEST Verde","article_modified_time":"2024-07-30T18:46:00+00:00","og_image":[{"width":528,"height":607,"url":"https:\/\/alinvest-verde.eu\/wp-content\/uploads\/2024\/07\/imagenboletin.png","type":"image\/png"}],"twitter_card":"summary_large_image","twitter_misc":{"Tiempo de lectura":"3 minutos"},"schema":{"@context":"https:\/\/schema.org","@graph":[{"@type":"WebPage","@id":"https:\/\/alinvest-verde.eu\/newslette\/newsletter-julio-2\/","url":"https:\/\/alinvest-verde.eu\/newslette\/newsletter-julio-2\/","name":"Julio 2024 - Programme AL-INVEST Verde","isPartOf":{"@id":"https:\/\/alinvest-verde.eu\/#website"},"primaryImageOfPage":{"@id":"https:\/\/alinvest-verde.eu\/newslette\/newsletter-julio-2\/#primaryimage"},"image":{"@id":"https:\/\/alinvest-verde.eu\/newslette\/newsletter-julio-2\/#primaryimage"},"thumbnailUrl":"https:\/\/alinvest-verde.eu\/wp-content\/uploads\/2024\/07\/imagenboletin.png","datePublished":"2024-07-30T18:28:03+00:00","dateModified":"2024-07-30T18:46:00+00:00","breadcrumb":{"@id":"https:\/\/alinvest-verde.eu\/newslette\/newsletter-julio-2\/#breadcrumb"},"inLanguage":"es","potentialAction":[{"@type":"ReadAction","target":["https:\/\/alinvest-verde.eu\/newslette\/newsletter-julio-2\/"]}]},{"@type":"ImageObject","inLanguage":"es","@id":"https:\/\/alinvest-verde.eu\/newslette\/newsletter-julio-2\/#primaryimage","url":"https:\/\/alinvest-verde.eu\/wp-content\/uploads\/2024\/07\/imagenboletin.png","contentUrl":"https:\/\/alinvest-verde.eu\/wp-content\/uploads\/2024\/07\/imagenboletin.png","width":528,"height":607,"caption":"El bolet\u00edn del mes de julio destaca el trabajo del programa en los sectores turismo y caf\u00e9, as\u00ed como el trabajo en materia de derechos de propiedad intelectual."},{"@type":"BreadcrumbList","@id":"https:\/\/alinvest-verde.eu\/newslette\/newsletter-julio-2\/#breadcrumb","itemListElement":[{"@type":"ListItem","position":1,"name":"Inicio","item":"https:\/\/alinvest-verde.eu\/"},{"@type":"ListItem","position":2,"name":"Julio 2024"}]},{"@type":"WebSite","@id":"https:\/\/alinvest-verde.eu\/#website","url":"https:\/\/alinvest-verde.eu\/","name":"Programme AL-INVEST Verde","description":"Building alliances with the private sector in LA and promote sustainable growth and jobs creation by supporting the transition towards a low-carbon, resource-efficient economy","publisher":{"@id":"https:\/\/alinvest-verde.eu\/#organization"},"potentialAction":[{"@type":"SearchAction","target":{"@type":"EntryPoint","urlTemplate":"https:\/\/alinvest-verde.eu\/?s={search_term_string}"},"query-input":{"@type":"PropertyValueSpecification","valueRequired":true,"valueName":"search_term_string"}}],"inLanguage":"es"},{"@type":"Organization","@id":"https:\/\/alinvest-verde.eu\/#organization","name":"Programme AL-INVEST Verde","url":"https:\/\/alinvest-verde.eu\/","logo":{"@type":"ImageObject","inLanguage":"es","@id":"https:\/\/alinvest-verde.eu\/#\/schema\/logo\/image\/","url":"https:\/\/alinvest-verde.eu\/wp-content\/uploads\/2022\/01\/cropped-logo-financiado-por-la-UE.jpg","contentUrl":"https:\/\/alinvest-verde.eu\/wp-content\/uploads\/2022\/01\/cropped-logo-financiado-por-la-UE.jpg","width":756,"height":216,"caption":"Programme AL-INVEST Verde"},"image":{"@id":"https:\/\/alinvest-verde.eu\/#\/schema\/logo\/image\/"}}]}},"_links":{"self":[{"href":"https:\/\/alinvest-verde.eu\/es_es\/wp-json\/wp\/v2\/newslette\/15054","targetHints":{"allow":["GET"]}}],"collection":[{"href":"https:\/\/alinvest-verde.eu\/es_es\/wp-json\/wp\/v2\/newslette"}],"about":[{"href":"https:\/\/alinvest-verde.eu\/es_es\/wp-json\/wp\/v2\/types\/newslette"}],"version-history":[{"count":6,"href":"https:\/\/alinvest-verde.eu\/es_es\/wp-json\/wp\/v2\/newslette\/15054\/revisions"}],"predecessor-version":[{"id":15069,"href":"https:\/\/alinvest-verde.eu\/es_es\/wp-json\/wp\/v2\/newslette\/15054\/revisions\/15069"}],"wp:featuredmedia":[{"embeddable":true,"href":"https:\/\/alinvest-verde.eu\/es_es\/wp-json\/wp\/v2\/media\/15066"}],"wp:attachment":[{"href":"https:\/\/alinvest-verde.eu\/es_es\/wp-json\/wp\/v2\/media?parent=15054"}],"curies":[{"name":"wp","href":"https:\/\/api.w.org\/{rel}","templated":true}]}}