{"id":16099,"date":"2024-09-30T22:35:42","date_gmt":"2024-09-30T20:35:42","guid":{"rendered":"https:\/\/alinvest-verde.eu\/?post_type=newslette&#038;p=16099"},"modified":"2024-09-30T22:36:42","modified_gmt":"2024-09-30T20:36:42","slug":"septiembre-2024","status":"publish","type":"newslette","link":"https:\/\/alinvest-verde.eu\/es_es\/newslette\/septiembre-2024\/","title":{"rendered":"Septiembre 2024"},"content":{"rendered":"\n<figure class=\"wp-block-image size-full is-resized\"><img fetchpriority=\"high\" decoding=\"async\" width=\"571\" height=\"381\" src=\"https:\/\/alinvest-verde.eu\/wp-content\/uploads\/2024\/09\/image.png\" alt=\"\" class=\"wp-image-16103\" style=\"width:840px;height:auto\" srcset=\"https:\/\/alinvest-verde.eu\/wp-content\/uploads\/2024\/09\/image.png 571w, https:\/\/alinvest-verde.eu\/wp-content\/uploads\/2024\/09\/image-300x200.png 300w, https:\/\/alinvest-verde.eu\/wp-content\/uploads\/2024\/09\/image-391x260.png 391w, https:\/\/alinvest-verde.eu\/wp-content\/uploads\/2024\/09\/image-18x12.png 18w\" sizes=\"(max-width: 571px) 100vw, 571px\" \/><\/figure>\n\n\n\n<p class=\"wp-block-paragraph\"><strong>Cerca de 4.4 millones de euros ser\u00e1n destinados a impulsar proyectos de econom\u00eda verde en Colombia<\/strong><\/p>\n\n\n\n<p class=\"wp-block-paragraph\">El programa AL-INVEST Verde, a trav\u00e9s de su Componente 1, viene ejecutando doce proyectos innovadores en Colombia con miras a promover el empleo y la competitividad de las micro, peque\u00f1as y medianas empresas del pa\u00eds, lo que contribuir\u00e1 al crecimiento econ\u00f3mico. Para el desarrollo de estas iniciativas se han destinado cerca de 4.4 millones de Euros. <strong><a href=\"https:\/\/alinvest-verde.eu\/es_es\/cerca-de-4-4-millones-de-euros-seran-destinados-a-impulsar-proyectos-de-economia-verde-en-colombia\/\"><strong>Leer m\u00e1s<\/strong><\/a>.<\/strong><\/p>\n\n\n\n<figure class=\"wp-block-image size-full is-resized\"><img decoding=\"async\" width=\"571\" height=\"322\" src=\"https:\/\/alinvest-verde.eu\/wp-content\/uploads\/2024\/09\/image-1.png\" alt=\"\" class=\"wp-image-16104\" style=\"width:840px;height:auto\" srcset=\"https:\/\/alinvest-verde.eu\/wp-content\/uploads\/2024\/09\/image-1.png 571w, https:\/\/alinvest-verde.eu\/wp-content\/uploads\/2024\/09\/image-1-300x169.png 300w, https:\/\/alinvest-verde.eu\/wp-content\/uploads\/2024\/09\/image-1-18x10.png 18w\" sizes=\"(max-width: 571px) 100vw, 571px\" \/><\/figure>\n\n\n\n<p class=\"wp-block-paragraph\"><strong>Ecuador acoge la clausura del ciclo &#8220;Di\u00e1logos sobre cacao sostenible&#8221;<\/strong><\/p>\n\n\n\n<p class=\"wp-block-paragraph\">El 1 de octubre se celebra en Quito (Ecuador) la conferencia de cierre del ciclo &#8220;Di\u00e1logos sobre cacao sostenible&#8221;, organizado a lo largo del a\u00f1o para analizar los requerimientos del Reglamento europeo sobre productos libres de deforestaci\u00f3n (EUDR) y su implementaci\u00f3n en la cadena de valor del cacao. Para conocer el programa y seguir el evento online, <strong>pinche <a href=\"https:\/\/alinvest-verde.eu\/es_es\/agenda-verde\/soluciones-integradas-para-un-cacao-sostenible-para-el-mercado-europeo\/\"><strong>aqu\u00ed<\/strong><\/a><\/strong>.<\/p>\n\n\n\n<figure class=\"wp-block-image size-full is-resized\"><img decoding=\"async\" width=\"571\" height=\"322\" src=\"https:\/\/alinvest-verde.eu\/wp-content\/uploads\/2024\/09\/image-2.png\" alt=\"\" class=\"wp-image-16105\" style=\"width:840px;height:auto\" srcset=\"https:\/\/alinvest-verde.eu\/wp-content\/uploads\/2024\/09\/image-2.png 571w, https:\/\/alinvest-verde.eu\/wp-content\/uploads\/2024\/09\/image-2-300x169.png 300w, https:\/\/alinvest-verde.eu\/wp-content\/uploads\/2024\/09\/image-2-18x10.png 18w\" sizes=\"(max-width: 571px) 100vw, 571px\" \/><\/figure>\n\n\n\n<p class=\"wp-block-paragraph\"><strong>Presentamos a los productores seleccionados para recibir mentor\u00eda en derechos de propiedad intelectual con AL-INVmentor<\/strong><\/p>\n\n\n\n<p class=\"wp-block-paragraph\">AL-INVmentor es una iniciativa del Componente 3 del programa AL-INVEST Verde para derechos de propiedad intelectual.\u00a0<\/p>\n\n\n\n<p class=\"wp-block-paragraph\"><strong>Brasil<\/strong><\/p>\n\n\n\n<p class=\"wp-block-paragraph\">Productores de: a\u00e7a\u00ed de Codaj\u00e1s en Amazonas; cacao en grano y sus derivados en Rond\u00f4nia; y caf\u00e9s de la regi\u00f3n volc\u00e1nica de Po\u00e7os de Caldas en Minas Gerais. <strong><a href=\"https:\/\/internationalipcooperation.eu\/es\/alinvest-pi\/news\/conozca-los-grupos-de-productores-brasilenos-seleccionados-para-al-invmentor-y-losProdcutores\"><strong>Leer m\u00e1s<\/strong><\/a>.<\/strong><\/p>\n\n\n\n<p class=\"wp-block-paragraph\"><strong>Argentina<\/strong><\/p>\n\n\n\n<p class=\"wp-block-paragraph\">Productores de: t\u00e9 argentino de la provincia de Misiones y Noreste de Corrientes; miel de flores de Atamisqui de Santiago del Estero; y piment\u00f3n de los Valles Calchaqu\u00edes de la provincia de Salta. <strong><a href=\"https:\/\/internationalipcooperation.eu\/es\/alinvest-pi\/news\/conozca-los-grupos-de-productores-argentinos-seleccionados-para-al-invmentor-y-los\"><strong>Leer m\u00e1s<\/strong><\/a>.<\/strong><\/p>\n\n\n\n<p class=\"wp-block-paragraph\"><strong>Paraguay<\/strong><\/p>\n\n\n\n<p class=\"wp-block-paragraph\">La Asociaci\u00f3n de Apicultores del Departamento de \u00d1eembuc\u00fa, productora de miel de abeja de los Humedales de \u00d1eembuc\u00fa. <strong><a href=\"https:\/\/internationalipcooperation.eu\/es\/alinvest-pi\/news\/conozca-al-grupo-de-productores-paraguayos-seleccionado-para-al-invmentor-y-el\"><strong>Leer m\u00e1s<\/strong><\/a>. <\/strong><\/p>\n\n\n\n<p class=\"wp-block-paragraph\"><strong>AL-INVEST Verde TV\u00a0<\/strong><\/p>\n\n\n\n<figure class=\"wp-block-image alignleft size-full is-resized\"><img loading=\"lazy\" decoding=\"async\" width=\"287\" height=\"162\" src=\"https:\/\/alinvest-verde.eu\/wp-content\/uploads\/2024\/09\/image-5.png\" alt=\"\" class=\"wp-image-16108\" style=\"width:823px;height:auto\" srcset=\"https:\/\/alinvest-verde.eu\/wp-content\/uploads\/2024\/09\/image-5.png 287w, https:\/\/alinvest-verde.eu\/wp-content\/uploads\/2024\/09\/image-5-18x10.png 18w\" sizes=\"(max-width: 287px) 100vw, 287px\" \/><\/figure>\n\n\n\n<p class=\"wp-block-paragraph\"><\/p>\n\n\n\n<ul class=\"wp-block-list\">\n<li><strong>Encuentro T\u00e9cnico de Proyectos en Brasil. <a href=\"https:\/\/youtu.be\/WB7Qp6GsQIc\">Ver aqu\u00ed<\/a>.<\/strong>\u00a0<strong> <\/strong><\/li>\n\n\n\n<li><strong>Aprovechar la propiedad intelectual para el crecimiento sostenible y la competitividad. <a href=\"https:\/\/www.youtube.com\/watch?v=eZZwVVqkiKE&amp;list=PLnJxq1lmbYabc80wT9y8SqsYf6_nbWlK7\">Ver aqu\u00ed<\/a>. <\/strong><\/li>\n<\/ul>\n\n\n\n<p class=\"wp-block-paragraph\"><\/p>\n\n\n\n<figure class=\"wp-block-image size-large\"><a href=\"https:\/\/www.youtube.com\/watch?v=CfWVgE64TNA&amp;list=PLb8IUTKTakXNY4jdLFV1h__c_rCcqkRMz&amp;index=7\"><img loading=\"lazy\" decoding=\"async\" width=\"1024\" height=\"576\" src=\"https:\/\/alinvest-verde.eu\/wp-content\/uploads\/2024\/09\/66f2c5f0842212a4beaa3371-1024x576.png\" alt=\"\" class=\"wp-image-16109\" srcset=\"https:\/\/alinvest-verde.eu\/wp-content\/uploads\/2024\/09\/66f2c5f0842212a4beaa3371-1024x576.png 1024w, https:\/\/alinvest-verde.eu\/wp-content\/uploads\/2024\/09\/66f2c5f0842212a4beaa3371-300x169.png 300w, https:\/\/alinvest-verde.eu\/wp-content\/uploads\/2024\/09\/66f2c5f0842212a4beaa3371-768x432.png 768w, https:\/\/alinvest-verde.eu\/wp-content\/uploads\/2024\/09\/66f2c5f0842212a4beaa3371-18x10.png 18w, https:\/\/alinvest-verde.eu\/wp-content\/uploads\/2024\/09\/66f2c5f0842212a4beaa3371.png 1280w\" sizes=\"(max-width: 1024px) 100vw, 1024px\" \/><\/a><\/figure>\n\n\n\n<p class=\"wp-block-paragraph\"><strong>D\u00eda Internacional del caf\u00e9<\/strong><\/p>\n\n\n\n<p class=\"wp-block-paragraph\">El 1 de octubre se celebra el D\u00eda Internacional de Caf\u00e9. AL-INVEST Verde cede la palabra a mujeres de pa\u00edses productores, como Colombia, Costa Rica y Ecuador, entre otros, para destacar <strong>el papel de la mujer en la cadena de valor del caf\u00e9<\/strong>.<\/p>\n\n\n\n<figure class=\"wp-block-image size-full is-resized\"><img loading=\"lazy\" decoding=\"async\" width=\"571\" height=\"107\" src=\"https:\/\/alinvest-verde.eu\/wp-content\/uploads\/2024\/09\/image-6.png\" alt=\"\" class=\"wp-image-16110\" style=\"width:840px;height:auto\" srcset=\"https:\/\/alinvest-verde.eu\/wp-content\/uploads\/2024\/09\/image-6.png 571w, https:\/\/alinvest-verde.eu\/wp-content\/uploads\/2024\/09\/image-6-300x56.png 300w, https:\/\/alinvest-verde.eu\/wp-content\/uploads\/2024\/09\/image-6-18x3.png 18w\" sizes=\"(max-width: 571px) 100vw, 571px\" \/><\/figure>\n\n\n\n<p class=\"wp-block-paragraph\"><\/p>\n","protected":false},"excerpt":{"rendered":"<p>El bolet\u00edn de septiembre destaca el trabajo del Componente 1 en Colombia y Brasil. As\u00ed como, el impulso del Componente 2 a los sectores caf\u00e9 y cacao; y las mentor\u00edas del Componente 3. <\/p>\n","protected":false},"featured_media":16118,"template":"","class_list":["post-16099","newslette","type-newslette","status-publish","has-post-thumbnail","hentry"],"yoast_head":"<!-- This site is optimized with the Yoast SEO plugin v28.4 - https:\/\/yoast.com\/product\/yoast-seo-wordpress\/ -->\n<title>Septiembre 2024 - Programme AL-INVEST Verde<\/title>\n<meta name=\"robots\" content=\"index, follow, max-snippet:-1, max-image-preview:large, max-video-preview:-1\" \/>\n<link rel=\"canonical\" href=\"https:\/\/alinvest-verde.eu\/es_es\/newslette\/septiembre-2024\/\" \/>\n<meta property=\"og:locale\" content=\"es_ES\" \/>\n<meta property=\"og:type\" content=\"article\" \/>\n<meta property=\"og:title\" content=\"Septiembre 2024 - Programme AL-INVEST Verde\" \/>\n<meta property=\"og:description\" content=\"El bolet\u00edn de septiembre destaca el trabajo del Componente 1 en Colombia y Brasil. As\u00ed como, el impulso del Componente 2 a los sectores caf\u00e9 y cacao; y las mentor\u00edas del Componente 3.\" \/>\n<meta property=\"og:url\" content=\"https:\/\/alinvest-verde.eu\/es_es\/newslette\/septiembre-2024\/\" \/>\n<meta property=\"og:site_name\" content=\"Programme AL-INVEST Verde\" \/>\n<meta property=\"article:modified_time\" content=\"2024-09-30T20:36:42+00:00\" \/>\n<meta property=\"og:image\" content=\"https:\/\/alinvest-verde.eu\/wp-content\/uploads\/2024\/09\/boletin-septiembre.jpg\" \/>\n\t<meta property=\"og:image:width\" content=\"689\" \/>\n\t<meta property=\"og:image:height\" content=\"720\" \/>\n\t<meta property=\"og:image:type\" content=\"image\/jpeg\" \/>\n<meta name=\"twitter:card\" content=\"summary_large_image\" \/>\n<meta name=\"twitter:label1\" content=\"Tiempo de lectura\" \/>\n\t<meta name=\"twitter:data1\" content=\"3 minutos\" \/>\n<script type=\"application\/ld+json\" class=\"yoast-schema-graph\">{\"@context\":\"https:\\\/\\\/schema.org\",\"@graph\":[{\"@type\":\"WebPage\",\"@id\":\"https:\\\/\\\/alinvest-verde.eu\\\/newslette\\\/septiembre-2024\\\/\",\"url\":\"https:\\\/\\\/alinvest-verde.eu\\\/newslette\\\/septiembre-2024\\\/\",\"name\":\"Septiembre 2024 - Programme AL-INVEST Verde\",\"isPartOf\":{\"@id\":\"https:\\\/\\\/alinvest-verde.eu\\\/#website\"},\"primaryImageOfPage\":{\"@id\":\"https:\\\/\\\/alinvest-verde.eu\\\/newslette\\\/septiembre-2024\\\/#primaryimage\"},\"image\":{\"@id\":\"https:\\\/\\\/alinvest-verde.eu\\\/newslette\\\/septiembre-2024\\\/#primaryimage\"},\"thumbnailUrl\":\"https:\\\/\\\/alinvest-verde.eu\\\/wp-content\\\/uploads\\\/2024\\\/09\\\/boletin-septiembre.jpg\",\"datePublished\":\"2024-09-30T20:35:42+00:00\",\"dateModified\":\"2024-09-30T20:36:42+00:00\",\"breadcrumb\":{\"@id\":\"https:\\\/\\\/alinvest-verde.eu\\\/newslette\\\/septiembre-2024\\\/#breadcrumb\"},\"inLanguage\":\"es\",\"potentialAction\":[{\"@type\":\"ReadAction\",\"target\":[\"https:\\\/\\\/alinvest-verde.eu\\\/newslette\\\/septiembre-2024\\\/\"]}]},{\"@type\":\"ImageObject\",\"inLanguage\":\"es\",\"@id\":\"https:\\\/\\\/alinvest-verde.eu\\\/newslette\\\/septiembre-2024\\\/#primaryimage\",\"url\":\"https:\\\/\\\/alinvest-verde.eu\\\/wp-content\\\/uploads\\\/2024\\\/09\\\/boletin-septiembre.jpg\",\"contentUrl\":\"https:\\\/\\\/alinvest-verde.eu\\\/wp-content\\\/uploads\\\/2024\\\/09\\\/boletin-septiembre.jpg\",\"width\":689,\"height\":720},{\"@type\":\"BreadcrumbList\",\"@id\":\"https:\\\/\\\/alinvest-verde.eu\\\/newslette\\\/septiembre-2024\\\/#breadcrumb\",\"itemListElement\":[{\"@type\":\"ListItem\",\"position\":1,\"name\":\"Inicio\",\"item\":\"https:\\\/\\\/alinvest-verde.eu\\\/\"},{\"@type\":\"ListItem\",\"position\":2,\"name\":\"Septiembre 2024\"}]},{\"@type\":\"WebSite\",\"@id\":\"https:\\\/\\\/alinvest-verde.eu\\\/#website\",\"url\":\"https:\\\/\\\/alinvest-verde.eu\\\/\",\"name\":\"Programme AL-INVEST Verde\",\"description\":\"Building alliances with the private sector in LA and promote sustainable growth and jobs creation by supporting the transition towards a low-carbon, resource-efficient economy\",\"publisher\":{\"@id\":\"https:\\\/\\\/alinvest-verde.eu\\\/#organization\"},\"potentialAction\":[{\"@type\":\"SearchAction\",\"target\":{\"@type\":\"EntryPoint\",\"urlTemplate\":\"https:\\\/\\\/alinvest-verde.eu\\\/?s={search_term_string}\"},\"query-input\":{\"@type\":\"PropertyValueSpecification\",\"valueRequired\":true,\"valueName\":\"search_term_string\"}}],\"inLanguage\":\"es\"},{\"@type\":\"Organization\",\"@id\":\"https:\\\/\\\/alinvest-verde.eu\\\/#organization\",\"name\":\"Programme AL-INVEST Verde\",\"url\":\"https:\\\/\\\/alinvest-verde.eu\\\/\",\"logo\":{\"@type\":\"ImageObject\",\"inLanguage\":\"es\",\"@id\":\"https:\\\/\\\/alinvest-verde.eu\\\/#\\\/schema\\\/logo\\\/image\\\/\",\"url\":\"https:\\\/\\\/alinvest-verde.eu\\\/wp-content\\\/uploads\\\/2022\\\/01\\\/cropped-logo-financiado-por-la-UE.jpg\",\"contentUrl\":\"https:\\\/\\\/alinvest-verde.eu\\\/wp-content\\\/uploads\\\/2022\\\/01\\\/cropped-logo-financiado-por-la-UE.jpg\",\"width\":756,\"height\":216,\"caption\":\"Programme AL-INVEST Verde\"},\"image\":{\"@id\":\"https:\\\/\\\/alinvest-verde.eu\\\/#\\\/schema\\\/logo\\\/image\\\/\"}}]}<\/script>\n<!-- \/ Yoast SEO plugin. -->","yoast_head_json":{"title":"Septiembre 2024 - Programme AL-INVEST Verde","robots":{"index":"index","follow":"follow","max-snippet":"max-snippet:-1","max-image-preview":"max-image-preview:large","max-video-preview":"max-video-preview:-1"},"canonical":"https:\/\/alinvest-verde.eu\/es_es\/newslette\/septiembre-2024\/","og_locale":"es_ES","og_type":"article","og_title":"Septiembre 2024 - Programme AL-INVEST Verde","og_description":"El bolet\u00edn de septiembre destaca el trabajo del Componente 1 en Colombia y Brasil. As\u00ed como, el impulso del Componente 2 a los sectores caf\u00e9 y cacao; y las mentor\u00edas del Componente 3.","og_url":"https:\/\/alinvest-verde.eu\/es_es\/newslette\/septiembre-2024\/","og_site_name":"Programme AL-INVEST Verde","article_modified_time":"2024-09-30T20:36:42+00:00","og_image":[{"width":689,"height":720,"url":"https:\/\/alinvest-verde.eu\/wp-content\/uploads\/2024\/09\/boletin-septiembre.jpg","type":"image\/jpeg"}],"twitter_card":"summary_large_image","twitter_misc":{"Tiempo de lectura":"3 minutos"},"schema":{"@context":"https:\/\/schema.org","@graph":[{"@type":"WebPage","@id":"https:\/\/alinvest-verde.eu\/newslette\/septiembre-2024\/","url":"https:\/\/alinvest-verde.eu\/newslette\/septiembre-2024\/","name":"Septiembre 2024 - Programme AL-INVEST Verde","isPartOf":{"@id":"https:\/\/alinvest-verde.eu\/#website"},"primaryImageOfPage":{"@id":"https:\/\/alinvest-verde.eu\/newslette\/septiembre-2024\/#primaryimage"},"image":{"@id":"https:\/\/alinvest-verde.eu\/newslette\/septiembre-2024\/#primaryimage"},"thumbnailUrl":"https:\/\/alinvest-verde.eu\/wp-content\/uploads\/2024\/09\/boletin-septiembre.jpg","datePublished":"2024-09-30T20:35:42+00:00","dateModified":"2024-09-30T20:36:42+00:00","breadcrumb":{"@id":"https:\/\/alinvest-verde.eu\/newslette\/septiembre-2024\/#breadcrumb"},"inLanguage":"es","potentialAction":[{"@type":"ReadAction","target":["https:\/\/alinvest-verde.eu\/newslette\/septiembre-2024\/"]}]},{"@type":"ImageObject","inLanguage":"es","@id":"https:\/\/alinvest-verde.eu\/newslette\/septiembre-2024\/#primaryimage","url":"https:\/\/alinvest-verde.eu\/wp-content\/uploads\/2024\/09\/boletin-septiembre.jpg","contentUrl":"https:\/\/alinvest-verde.eu\/wp-content\/uploads\/2024\/09\/boletin-septiembre.jpg","width":689,"height":720},{"@type":"BreadcrumbList","@id":"https:\/\/alinvest-verde.eu\/newslette\/septiembre-2024\/#breadcrumb","itemListElement":[{"@type":"ListItem","position":1,"name":"Inicio","item":"https:\/\/alinvest-verde.eu\/"},{"@type":"ListItem","position":2,"name":"Septiembre 2024"}]},{"@type":"WebSite","@id":"https:\/\/alinvest-verde.eu\/#website","url":"https:\/\/alinvest-verde.eu\/","name":"Programme AL-INVEST Verde","description":"Building alliances with the private sector in LA and promote sustainable growth and jobs creation by supporting the transition towards a low-carbon, resource-efficient economy","publisher":{"@id":"https:\/\/alinvest-verde.eu\/#organization"},"potentialAction":[{"@type":"SearchAction","target":{"@type":"EntryPoint","urlTemplate":"https:\/\/alinvest-verde.eu\/?s={search_term_string}"},"query-input":{"@type":"PropertyValueSpecification","valueRequired":true,"valueName":"search_term_string"}}],"inLanguage":"es"},{"@type":"Organization","@id":"https:\/\/alinvest-verde.eu\/#organization","name":"Programme AL-INVEST Verde","url":"https:\/\/alinvest-verde.eu\/","logo":{"@type":"ImageObject","inLanguage":"es","@id":"https:\/\/alinvest-verde.eu\/#\/schema\/logo\/image\/","url":"https:\/\/alinvest-verde.eu\/wp-content\/uploads\/2022\/01\/cropped-logo-financiado-por-la-UE.jpg","contentUrl":"https:\/\/alinvest-verde.eu\/wp-content\/uploads\/2022\/01\/cropped-logo-financiado-por-la-UE.jpg","width":756,"height":216,"caption":"Programme AL-INVEST Verde"},"image":{"@id":"https:\/\/alinvest-verde.eu\/#\/schema\/logo\/image\/"}}]}},"_links":{"self":[{"href":"https:\/\/alinvest-verde.eu\/es_es\/wp-json\/wp\/v2\/newslette\/16099","targetHints":{"allow":["GET"]}}],"collection":[{"href":"https:\/\/alinvest-verde.eu\/es_es\/wp-json\/wp\/v2\/newslette"}],"about":[{"href":"https:\/\/alinvest-verde.eu\/es_es\/wp-json\/wp\/v2\/types\/newslette"}],"version-history":[{"count":10,"href":"https:\/\/alinvest-verde.eu\/es_es\/wp-json\/wp\/v2\/newslette\/16099\/revisions"}],"predecessor-version":[{"id":16121,"href":"https:\/\/alinvest-verde.eu\/es_es\/wp-json\/wp\/v2\/newslette\/16099\/revisions\/16121"}],"wp:featuredmedia":[{"embeddable":true,"href":"https:\/\/alinvest-verde.eu\/es_es\/wp-json\/wp\/v2\/media\/16118"}],"wp:attachment":[{"href":"https:\/\/alinvest-verde.eu\/es_es\/wp-json\/wp\/v2\/media?parent=16099"}],"curies":[{"name":"wp","href":"https:\/\/api.w.org\/{rel}","templated":true}]}}