{"id":16369,"date":"2024-11-09T01:47:44","date_gmt":"2024-11-09T00:47:44","guid":{"rendered":"https:\/\/alinvest-verde.eu\/?post_type=newslette&#038;p=16369"},"modified":"2024-11-09T01:47:44","modified_gmt":"2024-11-09T00:47:44","slug":"octubre-2024","status":"publish","type":"newslette","link":"https:\/\/alinvest-verde.eu\/es_es\/newslette\/octubre-2024\/","title":{"rendered":"Octubre 2024"},"content":{"rendered":"\n<figure class=\"wp-block-image size-full is-resized\"><img fetchpriority=\"high\" decoding=\"async\" width=\"571\" height=\"428\" src=\"https:\/\/alinvest-verde.eu\/wp-content\/uploads\/2024\/11\/image.png\" alt=\"\" class=\"wp-image-16370\" style=\"width:840px;height:auto\" srcset=\"https:\/\/alinvest-verde.eu\/wp-content\/uploads\/2024\/11\/image.png 571w, https:\/\/alinvest-verde.eu\/wp-content\/uploads\/2024\/11\/image-300x225.png 300w, https:\/\/alinvest-verde.eu\/wp-content\/uploads\/2024\/11\/image-16x12.png 16w\" sizes=\"(max-width: 571px) 100vw, 571px\" \/><\/figure>\n\n\n\n<p class=\"wp-block-paragraph\"><strong>AL-INVEST Verde impulsa la transici\u00f3n hacia la sostenibilidad en la COP16 en Colombia<\/strong>\u00a0\u00a0<\/p>\n\n\n\n<p class=\"wp-block-paragraph\">AL-INVEST Verde particip\u00f3 en la Conferencia de las Partes sobre Biodiversidad, COP16, que se celebr\u00f3 en Cali (Colombia) del 21 de octubre al 1 de noviembre. El programa, que promueve la sostenibilidad y la transici\u00f3n verde en Am\u00e9rica Latina, <strong>organiz\u00f3 tres eventos sobre caf\u00e9, cacao y ganado bovino<\/strong>\u2026 <strong><a href=\"https:\/\/alinvest-verde.eu\/es_es\/al-invest-verde-impulsa-la-transicion-hacia-la-sostenibilidad-en-la-cop16-en-colombia\/\"><strong>Leer m\u00e1s<\/strong><\/a>.\u00a0<\/strong><\/p>\n\n\n\n<p class=\"wp-block-paragraph\"><strong>Eventos paralelos en el Pabell\u00f3n de la Uni\u00f3n Europea \u00a0<\/strong><\/p>\n\n\n\n<figure class=\"wp-block-image size-large\"><img decoding=\"async\" width=\"1024\" height=\"683\" src=\"https:\/\/alinvest-verde.eu\/wp-content\/uploads\/2024\/10\/AIV-en-la-COP16-1024x683.png\" alt=\"\" class=\"wp-image-16186\" srcset=\"https:\/\/alinvest-verde.eu\/wp-content\/uploads\/2024\/10\/AIV-en-la-COP16-1024x683.png 1024w, https:\/\/alinvest-verde.eu\/wp-content\/uploads\/2024\/10\/AIV-en-la-COP16-300x200.png 300w, https:\/\/alinvest-verde.eu\/wp-content\/uploads\/2024\/10\/AIV-en-la-COP16-768x512.png 768w, https:\/\/alinvest-verde.eu\/wp-content\/uploads\/2024\/10\/AIV-en-la-COP16-391x260.png 391w, https:\/\/alinvest-verde.eu\/wp-content\/uploads\/2024\/10\/AIV-en-la-COP16-18x12.png 18w, https:\/\/alinvest-verde.eu\/wp-content\/uploads\/2024\/10\/AIV-en-la-COP16.png 1500w\" sizes=\"(max-width: 1024px) 100vw, 1024px\" \/><\/figure>\n\n\n\n<ul class=\"wp-block-list\">\n<li><a href=\"https:\/\/youtu.be\/VapL90IWuyo?list=PLb8IUTKTakXN4fdRa4T9R92id6G49_uzh&amp;t=1\">La sostenibilidad y valorizaci\u00f3n de la cadena de valor del caf\u00e9 y su interacci\u00f3n con los ecosistemas<\/a>.\u00a0<\/li>\n\n\n\n<li><a href=\"https:\/\/youtu.be\/CxyIQOrXyZc?list=PLb8IUTKTakXN4fdRa4T9R92id6G49_uzh&amp;t=4\">La sostenibilidad y valorizaci\u00f3n de la cadena de valor del cacao y sus contribuciones a la protecci\u00f3n de los bosques<\/a>.<\/li>\n\n\n\n<li><a href=\"https:\/\/youtu.be\/ZsZH7LtChFM?list=PLb8IUTKTakXN4fdRa4T9R92id6G49_uzh\">Iniciativas multilaterales para promover la sostenibilidad de la ganader\u00eda en zonas de alta biodiversidad de Am\u00e9rica Latina<\/a>. <\/li>\n<\/ul>\n\n\n\n<figure class=\"wp-block-image size-full is-resized\"><img decoding=\"async\" width=\"571\" height=\"371\" src=\"https:\/\/alinvest-verde.eu\/wp-content\/uploads\/2024\/11\/image-1.png\" alt=\"\" class=\"wp-image-16371\" style=\"width:840px;height:auto\" srcset=\"https:\/\/alinvest-verde.eu\/wp-content\/uploads\/2024\/11\/image-1.png 571w, https:\/\/alinvest-verde.eu\/wp-content\/uploads\/2024\/11\/image-1-300x195.png 300w, https:\/\/alinvest-verde.eu\/wp-content\/uploads\/2024\/11\/image-1-18x12.png 18w\" sizes=\"(max-width: 571px) 100vw, 571px\" \/><\/figure>\n\n\n\n<p class=\"wp-block-paragraph\"><strong>Ecuador acoge el cierre del ciclo \u201cDi\u00e1logos sobre cacao sostenible\u201d<\/strong><\/p>\n\n\n\n<p class=\"wp-block-paragraph\">El 1 de octubre se celebr\u00f3 en Quito el evento <strong>\u201cSoluciones integradas para un cacao sostenible para el mercado europeo\u201d<\/strong>, organizado por AL-INVEST Verde, en colaboraci\u00f3n con la Cooperaci\u00f3n Alemana-GIZ Ecuador y la Delegaci\u00f3n de la Uni\u00f3n Europea en Ecuador. Posteriormente, el 2 y 3 de octubre, se organizaron talleres de trabajo con autoridades, expertos y expertas internacionales, representantes clave del sector p\u00fablico, sector privado y asociaciones, entre otros, de m\u00e1s de diez pa\u00edses de Am\u00e9rica Latina y Europa\u2026 <strong><a href=\"https:\/\/alinvest-verde.eu\/es_es\/ecuador-acoge-el-cierre-del-ciclo-dialogos-sobre-cacao-sostenible\/\"><strong>Leer m\u00e1s<\/strong><\/a>.<\/strong><\/p>\n\n\n\n<figure class=\"wp-block-image size-full is-resized\"><img loading=\"lazy\" decoding=\"async\" width=\"571\" height=\"381\" src=\"https:\/\/alinvest-verde.eu\/wp-content\/uploads\/2024\/11\/image-2.png\" alt=\"\" class=\"wp-image-16372\" style=\"width:840px;height:auto\" srcset=\"https:\/\/alinvest-verde.eu\/wp-content\/uploads\/2024\/11\/image-2.png 571w, https:\/\/alinvest-verde.eu\/wp-content\/uploads\/2024\/11\/image-2-300x200.png 300w, https:\/\/alinvest-verde.eu\/wp-content\/uploads\/2024\/11\/image-2-391x260.png 391w, https:\/\/alinvest-verde.eu\/wp-content\/uploads\/2024\/11\/image-2-18x12.png 18w\" sizes=\"(max-width: 571px) 100vw, 571px\" \/><\/figure>\n\n\n\n<p class=\"wp-block-paragraph\"><strong>C\u00e1mara de Comercio de Lima, miembro del Consorcio AL-INVEST Verde, obtiene reconocimiento por su excepcional compromiso ambiental<\/strong><\/p>\n\n\n\n<p class=\"wp-block-paragraph\">La C\u00e1mara de Comercio de Lima ha sido recientemente galardonada con el \u201cPremio Huella de Carbono a la Sostenibilidad Ambiental \u2013 Nivel 4\u201d, otorgada por el Ministerio del Ambiente, en reconocimiento a sus esfuerzos sobresalientes en la reducci\u00f3n de gases de efecto invernadero. Este logro es particularmente relevante en el contexto del programa AL-INVEST Verde, financiado por la Uni\u00f3n Europea que tiene por objetivo promover pr\u00e1cticas empresariales sostenibles y apoyar a las peque\u00f1as y medianas empresas en Am\u00e9rica Latina para adoptar soluciones ambientales innovadoras\u2026 <strong><a href=\"https:\/\/alinvest-verde.eu\/es_es\/camara-de-comercio-de-lima-miembro-del-consorcio-al-invest-verde-obtiene-reconocimiento-por-su-excepcional-compromiso-ambiental\/\"><strong>Leer m\u00e1s<\/strong><\/a>.<\/strong><\/p>\n\n\n\n<figure class=\"wp-block-image size-full is-resized\"><img loading=\"lazy\" decoding=\"async\" width=\"571\" height=\"322\" src=\"https:\/\/alinvest-verde.eu\/wp-content\/uploads\/2024\/11\/image-3.png\" alt=\"\" class=\"wp-image-16373\" style=\"width:840px;height:auto\" srcset=\"https:\/\/alinvest-verde.eu\/wp-content\/uploads\/2024\/11\/image-3.png 571w, https:\/\/alinvest-verde.eu\/wp-content\/uploads\/2024\/11\/image-3-300x169.png 300w, https:\/\/alinvest-verde.eu\/wp-content\/uploads\/2024\/11\/image-3-18x10.png 18w\" sizes=\"(max-width: 571px) 100vw, 571px\" \/><\/figure>\n\n\n\n<p class=\"wp-block-paragraph\"><strong>Grabaciones de dos eventos clave sobre propiedad intelectual y sostenibilidad<\/strong><\/p>\n\n\n\n<p class=\"wp-block-paragraph\">Ya est\u00e1n disponibles las grabaciones de dos eventos clave organizados en Septiembre 2024 en el marco del Componente 3 para derechos de propiedad intelectual, AL-INVEST Verde DPI, implementado por la Oficina de Propiedad Intelectual de la Uin\u00f3n Europea, EUIPO. &#8220;Aprovechando la propiedad intelectual para el crecimiento sostenible y la competitividad&#8221; y &#8220;<em>G<\/em>reen Gateway: el uso de la PI para promover el comercio sostenible entre Brasil y la Uni\u00f3n Europea&#8221;\u2026 <strong><a href=\"https:\/\/alinvest-verde.eu\/es_es\/disponibles-las-grabaciones-de-dos-eventos-clave-sobre-pi-y-sostenibilidad\/\"><strong>Leer m\u00e1s<\/strong><\/a>.\u00a0<\/strong><\/p>\n\n\n\n<figure class=\"wp-block-image size-large\"><img loading=\"lazy\" decoding=\"async\" width=\"1024\" height=\"535\" src=\"https:\/\/alinvest-verde.eu\/wp-content\/uploads\/2024\/11\/Webinar-reglamento-europeo_LinkedIn-1024x535.png\" alt=\"\" class=\"wp-image-16352\" srcset=\"https:\/\/alinvest-verde.eu\/wp-content\/uploads\/2024\/11\/Webinar-reglamento-europeo_LinkedIn-1024x535.png 1024w, https:\/\/alinvest-verde.eu\/wp-content\/uploads\/2024\/11\/Webinar-reglamento-europeo_LinkedIn-300x157.png 300w, https:\/\/alinvest-verde.eu\/wp-content\/uploads\/2024\/11\/Webinar-reglamento-europeo_LinkedIn-768x401.png 768w, https:\/\/alinvest-verde.eu\/wp-content\/uploads\/2024\/11\/Webinar-reglamento-europeo_LinkedIn-18x9.png 18w, https:\/\/alinvest-verde.eu\/wp-content\/uploads\/2024\/11\/Webinar-reglamento-europeo_LinkedIn.png 1200w\" sizes=\"(max-width: 1024px) 100vw, 1024px\" \/><\/figure>\n\n\n\n<p class=\"wp-block-paragraph\"><strong>Webinar sobre el EUDR\u00a0<\/strong><\/p>\n\n\n\n<p class=\"wp-block-paragraph\"><strong><a href=\"https:\/\/alinvest-verde.eu\/es_es\/agenda-verde\/reglamento-europeo-contra-la-deforestacion-european-deforestation-regulation-eudr\/\"><strong>M\u00e1s informaci\u00f3n\u00a0<\/strong><\/a><\/strong><\/p>\n\n\n\n<figure class=\"wp-block-image size-full is-resized\"><img loading=\"lazy\" decoding=\"async\" width=\"571\" height=\"107\" src=\"https:\/\/alinvest-verde.eu\/wp-content\/uploads\/2024\/11\/image-4.png\" alt=\"\" class=\"wp-image-16374\" style=\"width:840px;height:auto\" srcset=\"https:\/\/alinvest-verde.eu\/wp-content\/uploads\/2024\/11\/image-4.png 571w, https:\/\/alinvest-verde.eu\/wp-content\/uploads\/2024\/11\/image-4-300x56.png 300w, https:\/\/alinvest-verde.eu\/wp-content\/uploads\/2024\/11\/image-4-18x3.png 18w\" sizes=\"(max-width: 571px) 100vw, 571px\" \/><\/figure>\n","protected":false},"excerpt":{"rendered":"<p>El bolet\u00edn del mes de octubre destaca la participaci\u00f3n del Programa durante la COP de la Biodiversidad en Cali, Colombia con sus eventos paralelos sobre caf\u00e9, cacao y ganader\u00eda en el Pabell\u00f3n de la Uni\u00f3n Europea. <\/p>\n","protected":false},"featured_media":16376,"template":"","class_list":["post-16369","newslette","type-newslette","status-publish","has-post-thumbnail","hentry"],"yoast_head":"<!-- This site is optimized with the Yoast SEO plugin v28.4 - https:\/\/yoast.com\/product\/yoast-seo-wordpress\/ -->\n<title>Octubre 2024 - Programme AL-INVEST Verde<\/title>\n<meta name=\"robots\" content=\"index, follow, max-snippet:-1, max-image-preview:large, max-video-preview:-1\" \/>\n<link rel=\"canonical\" href=\"https:\/\/alinvest-verde.eu\/es_es\/newslette\/octubre-2024\/\" \/>\n<meta property=\"og:locale\" content=\"es_ES\" \/>\n<meta property=\"og:type\" content=\"article\" \/>\n<meta property=\"og:title\" content=\"Octubre 2024 - Programme AL-INVEST Verde\" \/>\n<meta property=\"og:description\" content=\"El bolet\u00edn del mes de octubre destaca la participaci\u00f3n del Programa durante la COP de la Biodiversidad en Cali, Colombia con sus eventos paralelos sobre caf\u00e9, cacao y ganader\u00eda en el Pabell\u00f3n de la Uni\u00f3n Europea.\" \/>\n<meta property=\"og:url\" content=\"https:\/\/alinvest-verde.eu\/es_es\/newslette\/octubre-2024\/\" \/>\n<meta property=\"og:site_name\" content=\"Programme AL-INVEST Verde\" \/>\n<meta property=\"og:image\" content=\"https:\/\/alinvest-verde.eu\/wp-content\/uploads\/2024\/11\/Imagennews.jpg\" \/>\n\t<meta property=\"og:image:width\" content=\"745\" \/>\n\t<meta property=\"og:image:height\" content=\"630\" \/>\n\t<meta property=\"og:image:type\" content=\"image\/jpeg\" \/>\n<meta name=\"twitter:card\" content=\"summary_large_image\" \/>\n<meta name=\"twitter:label1\" content=\"Tiempo de lectura\" \/>\n\t<meta name=\"twitter:data1\" content=\"4 minutos\" \/>\n<script type=\"application\/ld+json\" class=\"yoast-schema-graph\">{\"@context\":\"https:\\\/\\\/schema.org\",\"@graph\":[{\"@type\":\"WebPage\",\"@id\":\"https:\\\/\\\/alinvest-verde.eu\\\/newslette\\\/octubre-2024\\\/\",\"url\":\"https:\\\/\\\/alinvest-verde.eu\\\/newslette\\\/octubre-2024\\\/\",\"name\":\"Octubre 2024 - Programme AL-INVEST Verde\",\"isPartOf\":{\"@id\":\"https:\\\/\\\/alinvest-verde.eu\\\/#website\"},\"primaryImageOfPage\":{\"@id\":\"https:\\\/\\\/alinvest-verde.eu\\\/newslette\\\/octubre-2024\\\/#primaryimage\"},\"image\":{\"@id\":\"https:\\\/\\\/alinvest-verde.eu\\\/newslette\\\/octubre-2024\\\/#primaryimage\"},\"thumbnailUrl\":\"https:\\\/\\\/alinvest-verde.eu\\\/wp-content\\\/uploads\\\/2024\\\/11\\\/Imagennews.jpg\",\"datePublished\":\"2024-11-09T00:47:44+00:00\",\"breadcrumb\":{\"@id\":\"https:\\\/\\\/alinvest-verde.eu\\\/newslette\\\/octubre-2024\\\/#breadcrumb\"},\"inLanguage\":\"es\",\"potentialAction\":[{\"@type\":\"ReadAction\",\"target\":[\"https:\\\/\\\/alinvest-verde.eu\\\/newslette\\\/octubre-2024\\\/\"]}]},{\"@type\":\"ImageObject\",\"inLanguage\":\"es\",\"@id\":\"https:\\\/\\\/alinvest-verde.eu\\\/newslette\\\/octubre-2024\\\/#primaryimage\",\"url\":\"https:\\\/\\\/alinvest-verde.eu\\\/wp-content\\\/uploads\\\/2024\\\/11\\\/Imagennews.jpg\",\"contentUrl\":\"https:\\\/\\\/alinvest-verde.eu\\\/wp-content\\\/uploads\\\/2024\\\/11\\\/Imagennews.jpg\",\"width\":745,\"height\":630},{\"@type\":\"BreadcrumbList\",\"@id\":\"https:\\\/\\\/alinvest-verde.eu\\\/newslette\\\/octubre-2024\\\/#breadcrumb\",\"itemListElement\":[{\"@type\":\"ListItem\",\"position\":1,\"name\":\"Inicio\",\"item\":\"https:\\\/\\\/alinvest-verde.eu\\\/\"},{\"@type\":\"ListItem\",\"position\":2,\"name\":\"Octubre 2024\"}]},{\"@type\":\"WebSite\",\"@id\":\"https:\\\/\\\/alinvest-verde.eu\\\/#website\",\"url\":\"https:\\\/\\\/alinvest-verde.eu\\\/\",\"name\":\"Programme AL-INVEST Verde\",\"description\":\"Building alliances with the private sector in LA and promote sustainable growth and jobs creation by supporting the transition towards a low-carbon, resource-efficient economy\",\"publisher\":{\"@id\":\"https:\\\/\\\/alinvest-verde.eu\\\/#organization\"},\"potentialAction\":[{\"@type\":\"SearchAction\",\"target\":{\"@type\":\"EntryPoint\",\"urlTemplate\":\"https:\\\/\\\/alinvest-verde.eu\\\/?s={search_term_string}\"},\"query-input\":{\"@type\":\"PropertyValueSpecification\",\"valueRequired\":true,\"valueName\":\"search_term_string\"}}],\"inLanguage\":\"es\"},{\"@type\":\"Organization\",\"@id\":\"https:\\\/\\\/alinvest-verde.eu\\\/#organization\",\"name\":\"Programme AL-INVEST Verde\",\"url\":\"https:\\\/\\\/alinvest-verde.eu\\\/\",\"logo\":{\"@type\":\"ImageObject\",\"inLanguage\":\"es\",\"@id\":\"https:\\\/\\\/alinvest-verde.eu\\\/#\\\/schema\\\/logo\\\/image\\\/\",\"url\":\"https:\\\/\\\/alinvest-verde.eu\\\/wp-content\\\/uploads\\\/2022\\\/01\\\/cropped-logo-financiado-por-la-UE.jpg\",\"contentUrl\":\"https:\\\/\\\/alinvest-verde.eu\\\/wp-content\\\/uploads\\\/2022\\\/01\\\/cropped-logo-financiado-por-la-UE.jpg\",\"width\":756,\"height\":216,\"caption\":\"Programme AL-INVEST Verde\"},\"image\":{\"@id\":\"https:\\\/\\\/alinvest-verde.eu\\\/#\\\/schema\\\/logo\\\/image\\\/\"}}]}<\/script>\n<!-- \/ Yoast SEO plugin. -->","yoast_head_json":{"title":"Octubre 2024 - Programme AL-INVEST Verde","robots":{"index":"index","follow":"follow","max-snippet":"max-snippet:-1","max-image-preview":"max-image-preview:large","max-video-preview":"max-video-preview:-1"},"canonical":"https:\/\/alinvest-verde.eu\/es_es\/newslette\/octubre-2024\/","og_locale":"es_ES","og_type":"article","og_title":"Octubre 2024 - Programme AL-INVEST Verde","og_description":"El bolet\u00edn del mes de octubre destaca la participaci\u00f3n del Programa durante la COP de la Biodiversidad en Cali, Colombia con sus eventos paralelos sobre caf\u00e9, cacao y ganader\u00eda en el Pabell\u00f3n de la Uni\u00f3n Europea.","og_url":"https:\/\/alinvest-verde.eu\/es_es\/newslette\/octubre-2024\/","og_site_name":"Programme AL-INVEST Verde","og_image":[{"width":745,"height":630,"url":"https:\/\/alinvest-verde.eu\/wp-content\/uploads\/2024\/11\/Imagennews.jpg","type":"image\/jpeg"}],"twitter_card":"summary_large_image","twitter_misc":{"Tiempo de lectura":"4 minutos"},"schema":{"@context":"https:\/\/schema.org","@graph":[{"@type":"WebPage","@id":"https:\/\/alinvest-verde.eu\/newslette\/octubre-2024\/","url":"https:\/\/alinvest-verde.eu\/newslette\/octubre-2024\/","name":"Octubre 2024 - Programme AL-INVEST Verde","isPartOf":{"@id":"https:\/\/alinvest-verde.eu\/#website"},"primaryImageOfPage":{"@id":"https:\/\/alinvest-verde.eu\/newslette\/octubre-2024\/#primaryimage"},"image":{"@id":"https:\/\/alinvest-verde.eu\/newslette\/octubre-2024\/#primaryimage"},"thumbnailUrl":"https:\/\/alinvest-verde.eu\/wp-content\/uploads\/2024\/11\/Imagennews.jpg","datePublished":"2024-11-09T00:47:44+00:00","breadcrumb":{"@id":"https:\/\/alinvest-verde.eu\/newslette\/octubre-2024\/#breadcrumb"},"inLanguage":"es","potentialAction":[{"@type":"ReadAction","target":["https:\/\/alinvest-verde.eu\/newslette\/octubre-2024\/"]}]},{"@type":"ImageObject","inLanguage":"es","@id":"https:\/\/alinvest-verde.eu\/newslette\/octubre-2024\/#primaryimage","url":"https:\/\/alinvest-verde.eu\/wp-content\/uploads\/2024\/11\/Imagennews.jpg","contentUrl":"https:\/\/alinvest-verde.eu\/wp-content\/uploads\/2024\/11\/Imagennews.jpg","width":745,"height":630},{"@type":"BreadcrumbList","@id":"https:\/\/alinvest-verde.eu\/newslette\/octubre-2024\/#breadcrumb","itemListElement":[{"@type":"ListItem","position":1,"name":"Inicio","item":"https:\/\/alinvest-verde.eu\/"},{"@type":"ListItem","position":2,"name":"Octubre 2024"}]},{"@type":"WebSite","@id":"https:\/\/alinvest-verde.eu\/#website","url":"https:\/\/alinvest-verde.eu\/","name":"Programme AL-INVEST Verde","description":"Building alliances with the private sector in LA and promote sustainable growth and jobs creation by supporting the transition towards a low-carbon, resource-efficient economy","publisher":{"@id":"https:\/\/alinvest-verde.eu\/#organization"},"potentialAction":[{"@type":"SearchAction","target":{"@type":"EntryPoint","urlTemplate":"https:\/\/alinvest-verde.eu\/?s={search_term_string}"},"query-input":{"@type":"PropertyValueSpecification","valueRequired":true,"valueName":"search_term_string"}}],"inLanguage":"es"},{"@type":"Organization","@id":"https:\/\/alinvest-verde.eu\/#organization","name":"Programme AL-INVEST Verde","url":"https:\/\/alinvest-verde.eu\/","logo":{"@type":"ImageObject","inLanguage":"es","@id":"https:\/\/alinvest-verde.eu\/#\/schema\/logo\/image\/","url":"https:\/\/alinvest-verde.eu\/wp-content\/uploads\/2022\/01\/cropped-logo-financiado-por-la-UE.jpg","contentUrl":"https:\/\/alinvest-verde.eu\/wp-content\/uploads\/2022\/01\/cropped-logo-financiado-por-la-UE.jpg","width":756,"height":216,"caption":"Programme AL-INVEST Verde"},"image":{"@id":"https:\/\/alinvest-verde.eu\/#\/schema\/logo\/image\/"}}]}},"_links":{"self":[{"href":"https:\/\/alinvest-verde.eu\/es_es\/wp-json\/wp\/v2\/newslette\/16369","targetHints":{"allow":["GET"]}}],"collection":[{"href":"https:\/\/alinvest-verde.eu\/es_es\/wp-json\/wp\/v2\/newslette"}],"about":[{"href":"https:\/\/alinvest-verde.eu\/es_es\/wp-json\/wp\/v2\/types\/newslette"}],"version-history":[{"count":2,"href":"https:\/\/alinvest-verde.eu\/es_es\/wp-json\/wp\/v2\/newslette\/16369\/revisions"}],"predecessor-version":[{"id":16377,"href":"https:\/\/alinvest-verde.eu\/es_es\/wp-json\/wp\/v2\/newslette\/16369\/revisions\/16377"}],"wp:featuredmedia":[{"embeddable":true,"href":"https:\/\/alinvest-verde.eu\/es_es\/wp-json\/wp\/v2\/media\/16376"}],"wp:attachment":[{"href":"https:\/\/alinvest-verde.eu\/es_es\/wp-json\/wp\/v2\/media?parent=16369"}],"curies":[{"name":"wp","href":"https:\/\/api.w.org\/{rel}","templated":true}]}}