{"id":16833,"date":"2025-01-31T19:46:07","date_gmt":"2025-01-31T18:46:07","guid":{"rendered":"https:\/\/alinvest-verde.eu\/?post_type=newslette&#038;p=16833"},"modified":"2025-01-31T20:51:45","modified_gmt":"2025-01-31T19:51:45","slug":"enero-2025","status":"publish","type":"newslette","link":"https:\/\/alinvest-verde.eu\/es_es\/newslette\/enero-2025\/","title":{"rendered":"Enero 2025"},"content":{"rendered":"\n<figure class=\"wp-block-image size-full is-resized\"><img fetchpriority=\"high\" decoding=\"async\" width=\"741\" height=\"336\" src=\"https:\/\/alinvest-verde.eu\/wp-content\/uploads\/2025\/01\/image-2.png\" alt=\"\" class=\"wp-image-16838\" style=\"width:799px;height:auto\" srcset=\"https:\/\/alinvest-verde.eu\/wp-content\/uploads\/2025\/01\/image-2.png 741w, https:\/\/alinvest-verde.eu\/wp-content\/uploads\/2025\/01\/image-2-300x136.png 300w, https:\/\/alinvest-verde.eu\/wp-content\/uploads\/2025\/01\/image-2-18x8.png 18w\" sizes=\"(max-width: 741px) 100vw, 741px\" \/><\/figure>\n\n\n\n<p class=\"wp-block-paragraph\">El programa AL-INVEST Verde llev\u00f3 a cabo su evento anual en la ciudad de Bel\u00e9m do Par\u00e1 en Brasil. El evento estuvo coorganizado por la Confederaci\u00f3n de Asociaciones Comerciales y Empresariales de Brasil \u2013 CACB, y cont\u00f3 con la presencia de instituciones p\u00fablicas y privadas de Am\u00e9rica Latina y Europa, quienes analizaron los desaf\u00edos y las oportunidades de la transici\u00f3n hac\u00eda una econom\u00eda m\u00e1s sostenible. El #CONEXI\u00d3NVerde+ se organiza en el marco de la estrategia Global Gateway de la Uni\u00f3n Europea y sirvi\u00f3 como espacio clave para presentar los logros y avances del Programa. <\/p>\n\n\n\n<div class=\"wp-block-buttons is-layout-flex wp-block-buttons-is-layout-flex\">\n<div class=\"wp-block-button\"><a class=\"wp-block-button__link has-luminous-vivid-amber-background-color has-background wp-element-button\" href=\"https:\/\/www.youtube.com\/watch?v=qZkG18lN8A4\">Hitos del Programa<\/a><\/div>\n<\/div>\n\n\n\n<p class=\"wp-block-paragraph\"><\/p>\n\n\n\n<figure class=\"wp-block-image size-full is-resized\"><img decoding=\"async\" width=\"740\" height=\"282\" src=\"https:\/\/alinvest-verde.eu\/wp-content\/uploads\/2025\/01\/image-3.png\" alt=\"\" class=\"wp-image-16839\" style=\"width:800px;height:auto\" srcset=\"https:\/\/alinvest-verde.eu\/wp-content\/uploads\/2025\/01\/image-3.png 740w, https:\/\/alinvest-verde.eu\/wp-content\/uploads\/2025\/01\/image-3-300x114.png 300w, https:\/\/alinvest-verde.eu\/wp-content\/uploads\/2025\/01\/image-3-18x7.png 18w\" sizes=\"(max-width: 740px) 100vw, 740px\" \/><\/figure>\n\n\n\n<p class=\"wp-block-paragraph\">El Componente 3 del programa AL-INVEST Verde relacionado con los derechos de propiedad intelectual, implementado por la Oficina de Propiedad Intelectual de la Uni\u00f3n Europea (EUIPO), expresa su satisfacci\u00f3n por la publicaci\u00f3n de las nuevas Directrices de Marcas desarrolladas por la Direcci\u00f3n Nacional de la Propiedad Industrial (DNPI) del Ministerio de Industria, Energ\u00eda y Miner\u00eda de Uruguay.<\/p>\n\n\n\n<div class=\"wp-block-buttons is-layout-flex wp-block-buttons-is-layout-flex\">\n<div class=\"wp-block-button\"><a class=\"wp-block-button__link has-luminous-vivid-amber-background-color has-background wp-element-button\" href=\"https:\/\/alinvest-verde.eu\/es_es\/publicacion-de-nuevas-directrices-de-marcas-en-uruguay\/\">Leer noticia completa<\/a><\/div>\n<\/div>\n\n\n\n<p class=\"wp-block-paragraph\"><\/p>\n\n\n\n<figure class=\"wp-block-image size-full is-resized\"><img decoding=\"async\" width=\"743\" height=\"354\" src=\"https:\/\/alinvest-verde.eu\/wp-content\/uploads\/2025\/01\/image-4.png\" alt=\"\" class=\"wp-image-16840\" style=\"width:800px;height:auto\" srcset=\"https:\/\/alinvest-verde.eu\/wp-content\/uploads\/2025\/01\/image-4.png 743w, https:\/\/alinvest-verde.eu\/wp-content\/uploads\/2025\/01\/image-4-300x143.png 300w, https:\/\/alinvest-verde.eu\/wp-content\/uploads\/2025\/01\/image-4-18x9.png 18w\" sizes=\"(max-width: 743px) 100vw, 743px\" \/><\/figure>\n\n\n\n<p class=\"wp-block-paragraph\">Casi cien representantes del sector p\u00fablico, sector privado, la academia y el \u00e1mbito de la cooperaci\u00f3n en Ecuador han concluido el curso sobre \u201cFormaci\u00f3n de formadores en trazabilidad y buenas pr\u00e1cticas agr\u00edcolas y comerciales para la cadena de valor del cacao\u201d, cuyo objetivo ha sido cooperar con el pa\u00eds para adaptarse a los requisitos del Reglamento europeo sobre productos libres de deforestaci\u00f3n y degradaci\u00f3n forestal (EUDR).<\/p>\n\n\n\n<div class=\"wp-block-buttons is-layout-flex wp-block-buttons-is-layout-flex\">\n<div class=\"wp-block-button\"><a class=\"wp-block-button__link has-luminous-vivid-amber-background-color has-background wp-element-button\" href=\"https:\/\/alinvest-verde.eu\/es_es\/agentes-clave-de-la-cadena-de-valor-del-cacao-en-ecuador-reciben-formacion-sobre-trazabilidad-y-eudr\/\">Leer noticia completa<\/a><\/div>\n<\/div>\n\n\n\n<p class=\"wp-block-paragraph\"><\/p>\n\n\n\n<p class=\"wp-block-paragraph\"><\/p>\n\n\n\n<figure class=\"wp-block-image size-large\"><img loading=\"lazy\" decoding=\"async\" width=\"1024\" height=\"576\" src=\"https:\/\/alinvest-verde.eu\/wp-content\/uploads\/2025\/01\/image-5-1024x576.png\" alt=\"\" class=\"wp-image-16841\" srcset=\"https:\/\/alinvest-verde.eu\/wp-content\/uploads\/2025\/01\/image-5-1024x576.png 1024w, https:\/\/alinvest-verde.eu\/wp-content\/uploads\/2025\/01\/image-5-300x169.png 300w, https:\/\/alinvest-verde.eu\/wp-content\/uploads\/2025\/01\/image-5-768x432.png 768w, https:\/\/alinvest-verde.eu\/wp-content\/uploads\/2025\/01\/image-5-1536x864.png 1536w, https:\/\/alinvest-verde.eu\/wp-content\/uploads\/2025\/01\/image-5-18x10.png 18w, https:\/\/alinvest-verde.eu\/wp-content\/uploads\/2025\/01\/image-5.png 1920w\" sizes=\"(max-width: 1024px) 100vw, 1024px\" \/><\/figure>\n\n\n\n<p class=\"wp-block-paragraph\"><strong>Fomentar las indicaciones geogr\u00e1ficas y el desarrollo local en evento internacional en Brasil<\/strong><\/p>\n\n\n\n<p class=\"wp-block-paragraph\">El Componente 3 para derechos de propiedad intelectual, jug\u00f3 un rol destacado en la sexta edici\u00f3n de Origens Brasileiras, el evento m\u00e1s relevante de Brasil sobre indicaciones geogr\u00e1ficas (IG).<\/p>\n\n\n\n<div class=\"wp-block-buttons is-layout-flex wp-block-buttons-is-layout-flex\">\n<div class=\"wp-block-button\"><a class=\"wp-block-button__link has-luminous-vivid-amber-background-color has-background wp-element-button\" href=\"https:\/\/alinvest-verde.eu\/es_es\/fomentar-las-indicaciones-geograficas-y-el-desarrollo-local-en-evento-internacional-en-brasil\/\">Leer m\u00e1s<\/a><\/div>\n<\/div>\n\n\n\n<figure class=\"wp-block-image size-large\"><img loading=\"lazy\" decoding=\"async\" width=\"1024\" height=\"1024\" src=\"https:\/\/alinvest-verde.eu\/wp-content\/uploads\/2025\/01\/arte_digital-1024x1024.jpg\" alt=\"\" class=\"wp-image-16842\" srcset=\"https:\/\/alinvest-verde.eu\/wp-content\/uploads\/2025\/01\/arte_digital-1024x1024.jpg 1024w, https:\/\/alinvest-verde.eu\/wp-content\/uploads\/2025\/01\/arte_digital-300x300.jpg 300w, https:\/\/alinvest-verde.eu\/wp-content\/uploads\/2025\/01\/arte_digital-150x150.jpg 150w, https:\/\/alinvest-verde.eu\/wp-content\/uploads\/2025\/01\/arte_digital-768x768.jpg 768w, https:\/\/alinvest-verde.eu\/wp-content\/uploads\/2025\/01\/arte_digital-500x500.jpg 500w, https:\/\/alinvest-verde.eu\/wp-content\/uploads\/2025\/01\/arte_digital-12x12.jpg 12w, https:\/\/alinvest-verde.eu\/wp-content\/uploads\/2025\/01\/arte_digital.jpg 1071w\" sizes=\"(max-width: 1024px) 100vw, 1024px\" \/><\/figure>\n\n\n\n<p class=\"wp-block-paragraph\"><strong>Formaci\u00f3n de Formadores en Fuentes de Financiamiento<\/strong><\/p>\n\n\n\n<p class=\"wp-block-paragraph\">El Componente 1 organiz\u00f3 junto a Interactuar, organizaci\u00f3n que co-ejecuta en proyecto&nbsp;<a href=\"https:\/\/fgbabbg.r.bh.d.sendibt3.com\/tr\/cl\/_nfcuJPYx9Rl5rBTuntYPWkV4a2WKMH2oROLOeMT1TPfAjg_1chWYYLdwS0lbk52WVDcuzt9G125FRDtSK3tRjI1MeiqN_0-BI1CW-kT5VXIRsffLOr0Dwrhnk2OWHcgDjxRGKKLXAzqhYNBvrpl7oKMrI1pl1tA8NxdE7rW5A_x7_VlF0Kr27rJb4hBoOpOepONZRKZ0w9aDjJ1twJQes_22hZXW9aVTZvOSlRvjHX022SknOKsjaQt8rc97sE5cTN27eH1tOBwypbQgx0zIBGPTQSEtkPXJF6sMMlZvfENN4uC1HCBsqBg2Jzu-i1rRd4U8GaZuQ3Q2orv7cXwg-2f0Hdv5Xdy4iNaSb7HQELUxSfB5z2CLF3lQ0huzQ_SKt7iouC4Jhulyk_o06zEiMWlU13cDWjblR_FYMpNgU77w4Xe8gj1Id218txCBaTb_6r1A-xIXOS_4L1wok-AcLeFKvq_RCZDcLhz7FxeCpW0K8y6LAnv7t4PUXoRDzT0P5XsXTpg8G9sT3LOwjNfjwJy0mqNQsaVuemoRSRYkLor\">\u201cEscuela de Negocios\u201d<\/a>&nbsp;en asociaci\u00f3n con Fundaci\u00f3n del Valle en Colombia el m\u00f3dulo educativo:&nbsp;<em>Formaci\u00f3n de Formadores en Fuentes de Financiamiento<\/em>, dirigido a instituciones que trabajan con las pymes de los sectores agr\u00edcolas y agroindustriales. Para mayor informaci\u00f3n sobre nuestras Formaciones, visita nuestro sitio web.<\/p>\n\n\n\n<div class=\"wp-block-buttons is-layout-flex wp-block-buttons-is-layout-flex\">\n<div class=\"wp-block-button\"><a class=\"wp-block-button__link has-luminous-vivid-amber-background-color has-background wp-element-button\" href=\"https:\/\/alinvest-verde.eu\/es_es\/agenda-verde\/\">Leer m\u00e1s<\/a><\/div>\n<\/div>\n\n\n\n<p class=\"wp-block-paragraph\"><\/p>\n\n\n<h2 class=\"wp-block-post-title\">Enero 2025<\/h2>\n\n\n<p class=\"has-black-color has-text-color has-link-color wp-elements-1 wp-block-paragraph\">Intercambio de conocimiento sobre Directrices para el examen demarcas en los pa\u00edses del Mercosur y Chile<\/p>\n\n\n\n<div class=\"wp-block-buttons is-layout-flex wp-block-buttons-is-layout-flex\">\n<div class=\"wp-block-button\"><a class=\"wp-block-button__link has-luminous-vivid-amber-background-color has-background has-text-align-left wp-element-button\" href=\"https:\/\/alinvest-verde.eu\/es_es\/agenda-verde\/reuniones-de-expertos-de-opis-sesion-iv-intercambio-de-conocimientos-sobre-directrices-para-el-examen-de-marcas-en-los-paises-del-mercosur-y-chile\/\">Reuniones de expertos de OPIs sesi\u00f3n IV<\/a><\/div>\n<\/div>\n\n\n\n<p class=\"wp-block-paragraph\"><\/p>\n\n\n\n<p class=\"wp-block-paragraph\">Esta reuni\u00f3n tiene como objetivo mostrar los principales resultados alcanzados en Uruguay como parte de la acci\u00f3n de Componente 3.<\/p>\n\n\n\n<div class=\"wp-block-buttons is-layout-flex wp-block-buttons-is-layout-flex\">\n<div class=\"wp-block-button\"><a class=\"wp-block-button__link has-luminous-vivid-amber-background-color has-background wp-element-button\" href=\"https:\/\/alinvest-verde.eu\/es_es\/agenda-verde\/presentacion-de-resultados-clave-en-uruguay\/\">Presentaci\u00f3n de resultados clave en Uruguay<\/a><\/div>\n<\/div>\n\n\n\n<p class=\"has-vivid-cyan-blue-color has-text-color has-link-color wp-elements-2 wp-block-paragraph\"><\/p>\n\n\n<h2 class=\"wp-block-post-title\">Enero 2025<\/h2>\n\n\n<figure class=\"wp-block-image size-full is-resized\"><a href=\"https:\/\/www.youtube.com\/watch?v=DopVybF5Si4&amp;feature=youtu.be\"><img loading=\"lazy\" decoding=\"async\" width=\"717\" height=\"402\" src=\"https:\/\/alinvest-verde.eu\/wp-content\/uploads\/2025\/01\/image-6.png\" alt=\"\" class=\"wp-image-16843\" style=\"width:800px;height:auto\" srcset=\"https:\/\/alinvest-verde.eu\/wp-content\/uploads\/2025\/01\/image-6.png 717w, https:\/\/alinvest-verde.eu\/wp-content\/uploads\/2025\/01\/image-6-300x168.png 300w, https:\/\/alinvest-verde.eu\/wp-content\/uploads\/2025\/01\/image-6-18x10.png 18w\" sizes=\"(max-width: 717px) 100vw, 717px\" \/><\/a><\/figure>\n\n\n\n<p class=\"has-vivid-cyan-blue-color has-text-color has-link-color wp-elements-3 wp-block-paragraph\"><\/p>\n\n\n<h2 class=\"wp-block-post-title\">Enero 2025<\/h2>\n\n\n<p class=\"has-text-align-left wp-block-paragraph\">Estrategias, desaf\u00edos y oportunidades para avanzar hacia el desarrollo y la inserci\u00f3n internacional sostenible, en el contexto del reglamento de la Uni\u00f3n Europea sobre productos libres de deforestaci\u00f3n (EUDR<\/p>\n\n\n\n<div class=\"wp-block-buttons is-layout-flex wp-block-buttons-is-layout-flex\">\n<div class=\"wp-block-button\"><a class=\"wp-block-button__link has-luminous-vivid-amber-background-color has-background wp-element-button\" href=\"https:\/\/alinvest-verde.eu\/wp-content\/uploads\/2024\/12\/El-sector-forestal-maderero.pdf\">Leer informe completo<\/a><\/div>\n<\/div>\n\n\n\n<figure class=\"wp-block-image size-full is-resized\"><img loading=\"lazy\" decoding=\"async\" width=\"712\" height=\"132\" src=\"https:\/\/alinvest-verde.eu\/wp-content\/uploads\/2024\/04\/logos-GG-AIV-UE.jpg\" alt=\"\" class=\"wp-image-11290\" style=\"width:800px;height:auto\" srcset=\"https:\/\/alinvest-verde.eu\/wp-content\/uploads\/2024\/04\/logos-GG-AIV-UE.jpg 712w, https:\/\/alinvest-verde.eu\/wp-content\/uploads\/2024\/04\/logos-GG-AIV-UE-300x56.jpg 300w, https:\/\/alinvest-verde.eu\/wp-content\/uploads\/2024\/04\/logos-GG-AIV-UE-18x3.jpg 18w\" sizes=\"(max-width: 712px) 100vw, 712px\" \/><\/figure>\n","protected":false},"excerpt":{"rendered":"<p>El bolet\u00edn del mes de enero destaca el evento anual llevado a cabo por el Programa en Brasil, el trabajo del Componente 2 en el sector cacao y el trabajo del Componente 3 en materia de propiedad intelectual. <\/p>\n","protected":false},"featured_media":16847,"template":"","class_list":["post-16833","newslette","type-newslette","status-publish","has-post-thumbnail","hentry"],"yoast_head":"<!-- This site is optimized with the Yoast SEO plugin v28.4 - https:\/\/yoast.com\/product\/yoast-seo-wordpress\/ -->\n<title>Enero 2025 - Programme AL-INVEST Verde<\/title>\n<meta name=\"robots\" content=\"index, follow, max-snippet:-1, max-image-preview:large, max-video-preview:-1\" \/>\n<link rel=\"canonical\" href=\"https:\/\/alinvest-verde.eu\/es_es\/newslette\/enero-2025\/\" \/>\n<meta property=\"og:locale\" content=\"es_ES\" \/>\n<meta property=\"og:type\" content=\"article\" \/>\n<meta property=\"og:title\" content=\"Enero 2025 - Programme AL-INVEST Verde\" \/>\n<meta property=\"og:description\" content=\"El bolet\u00edn del mes de enero destaca el evento anual llevado a cabo por el Programa en Brasil, el trabajo del Componente 2 en el sector cacao y el trabajo del Componente 3 en materia de propiedad intelectual.\" \/>\n<meta property=\"og:url\" content=\"https:\/\/alinvest-verde.eu\/es_es\/newslette\/enero-2025\/\" \/>\n<meta property=\"og:site_name\" content=\"Programme AL-INVEST Verde\" \/>\n<meta property=\"article:modified_time\" content=\"2025-01-31T19:51:45+00:00\" \/>\n<meta property=\"og:image\" content=\"https:\/\/alinvest-verde.eu\/wp-content\/uploads\/2025\/01\/imagne-boletin.jpg\" \/>\n\t<meta property=\"og:image:width\" content=\"746\" \/>\n\t<meta property=\"og:image:height\" content=\"805\" \/>\n\t<meta property=\"og:image:type\" content=\"image\/jpeg\" \/>\n<meta name=\"twitter:card\" content=\"summary_large_image\" \/>\n<meta name=\"twitter:label1\" content=\"Tiempo de lectura\" \/>\n\t<meta name=\"twitter:data1\" content=\"4 minutos\" \/>\n<script type=\"application\/ld+json\" class=\"yoast-schema-graph\">{\"@context\":\"https:\\\/\\\/schema.org\",\"@graph\":[{\"@type\":\"WebPage\",\"@id\":\"https:\\\/\\\/alinvest-verde.eu\\\/newslette\\\/enero-2025\\\/\",\"url\":\"https:\\\/\\\/alinvest-verde.eu\\\/newslette\\\/enero-2025\\\/\",\"name\":\"Enero 2025 - Programme AL-INVEST Verde\",\"isPartOf\":{\"@id\":\"https:\\\/\\\/alinvest-verde.eu\\\/#website\"},\"primaryImageOfPage\":{\"@id\":\"https:\\\/\\\/alinvest-verde.eu\\\/newslette\\\/enero-2025\\\/#primaryimage\"},\"image\":{\"@id\":\"https:\\\/\\\/alinvest-verde.eu\\\/newslette\\\/enero-2025\\\/#primaryimage\"},\"thumbnailUrl\":\"https:\\\/\\\/alinvest-verde.eu\\\/wp-content\\\/uploads\\\/2025\\\/01\\\/imagne-boletin.jpg\",\"datePublished\":\"2025-01-31T18:46:07+00:00\",\"dateModified\":\"2025-01-31T19:51:45+00:00\",\"breadcrumb\":{\"@id\":\"https:\\\/\\\/alinvest-verde.eu\\\/newslette\\\/enero-2025\\\/#breadcrumb\"},\"inLanguage\":\"es\",\"potentialAction\":[{\"@type\":\"ReadAction\",\"target\":[\"https:\\\/\\\/alinvest-verde.eu\\\/newslette\\\/enero-2025\\\/\"]}]},{\"@type\":\"ImageObject\",\"inLanguage\":\"es\",\"@id\":\"https:\\\/\\\/alinvest-verde.eu\\\/newslette\\\/enero-2025\\\/#primaryimage\",\"url\":\"https:\\\/\\\/alinvest-verde.eu\\\/wp-content\\\/uploads\\\/2025\\\/01\\\/imagne-boletin.jpg\",\"contentUrl\":\"https:\\\/\\\/alinvest-verde.eu\\\/wp-content\\\/uploads\\\/2025\\\/01\\\/imagne-boletin.jpg\",\"width\":746,\"height\":805,\"caption\":\"El bolet\u00edn del mes de enero destaca el evento anual llevado a cabo por el Programa en Brasil, el trabajo del Componente 2 en el sector cacao y la acciones del Componente 3 en materia de propiedad intelectual.\"},{\"@type\":\"BreadcrumbList\",\"@id\":\"https:\\\/\\\/alinvest-verde.eu\\\/newslette\\\/enero-2025\\\/#breadcrumb\",\"itemListElement\":[{\"@type\":\"ListItem\",\"position\":1,\"name\":\"Inicio\",\"item\":\"https:\\\/\\\/alinvest-verde.eu\\\/\"},{\"@type\":\"ListItem\",\"position\":2,\"name\":\"Enero 2025\"}]},{\"@type\":\"WebSite\",\"@id\":\"https:\\\/\\\/alinvest-verde.eu\\\/#website\",\"url\":\"https:\\\/\\\/alinvest-verde.eu\\\/\",\"name\":\"Programme AL-INVEST Verde\",\"description\":\"Building alliances with the private sector in LA and promote sustainable growth and jobs creation by supporting the transition towards a low-carbon, resource-efficient economy\",\"publisher\":{\"@id\":\"https:\\\/\\\/alinvest-verde.eu\\\/#organization\"},\"potentialAction\":[{\"@type\":\"SearchAction\",\"target\":{\"@type\":\"EntryPoint\",\"urlTemplate\":\"https:\\\/\\\/alinvest-verde.eu\\\/?s={search_term_string}\"},\"query-input\":{\"@type\":\"PropertyValueSpecification\",\"valueRequired\":true,\"valueName\":\"search_term_string\"}}],\"inLanguage\":\"es\"},{\"@type\":\"Organization\",\"@id\":\"https:\\\/\\\/alinvest-verde.eu\\\/#organization\",\"name\":\"Programme AL-INVEST Verde\",\"url\":\"https:\\\/\\\/alinvest-verde.eu\\\/\",\"logo\":{\"@type\":\"ImageObject\",\"inLanguage\":\"es\",\"@id\":\"https:\\\/\\\/alinvest-verde.eu\\\/#\\\/schema\\\/logo\\\/image\\\/\",\"url\":\"https:\\\/\\\/alinvest-verde.eu\\\/wp-content\\\/uploads\\\/2022\\\/01\\\/cropped-logo-financiado-por-la-UE.jpg\",\"contentUrl\":\"https:\\\/\\\/alinvest-verde.eu\\\/wp-content\\\/uploads\\\/2022\\\/01\\\/cropped-logo-financiado-por-la-UE.jpg\",\"width\":756,\"height\":216,\"caption\":\"Programme AL-INVEST Verde\"},\"image\":{\"@id\":\"https:\\\/\\\/alinvest-verde.eu\\\/#\\\/schema\\\/logo\\\/image\\\/\"}}]}<\/script>\n<!-- \/ Yoast SEO plugin. -->","yoast_head_json":{"title":"Enero 2025 - Programme AL-INVEST Verde","robots":{"index":"index","follow":"follow","max-snippet":"max-snippet:-1","max-image-preview":"max-image-preview:large","max-video-preview":"max-video-preview:-1"},"canonical":"https:\/\/alinvest-verde.eu\/es_es\/newslette\/enero-2025\/","og_locale":"es_ES","og_type":"article","og_title":"Enero 2025 - Programme AL-INVEST Verde","og_description":"El bolet\u00edn del mes de enero destaca el evento anual llevado a cabo por el Programa en Brasil, el trabajo del Componente 2 en el sector cacao y el trabajo del Componente 3 en materia de propiedad intelectual.","og_url":"https:\/\/alinvest-verde.eu\/es_es\/newslette\/enero-2025\/","og_site_name":"Programme AL-INVEST Verde","article_modified_time":"2025-01-31T19:51:45+00:00","og_image":[{"width":746,"height":805,"url":"https:\/\/alinvest-verde.eu\/wp-content\/uploads\/2025\/01\/imagne-boletin.jpg","type":"image\/jpeg"}],"twitter_card":"summary_large_image","twitter_misc":{"Tiempo de lectura":"4 minutos"},"schema":{"@context":"https:\/\/schema.org","@graph":[{"@type":"WebPage","@id":"https:\/\/alinvest-verde.eu\/newslette\/enero-2025\/","url":"https:\/\/alinvest-verde.eu\/newslette\/enero-2025\/","name":"Enero 2025 - Programme AL-INVEST Verde","isPartOf":{"@id":"https:\/\/alinvest-verde.eu\/#website"},"primaryImageOfPage":{"@id":"https:\/\/alinvest-verde.eu\/newslette\/enero-2025\/#primaryimage"},"image":{"@id":"https:\/\/alinvest-verde.eu\/newslette\/enero-2025\/#primaryimage"},"thumbnailUrl":"https:\/\/alinvest-verde.eu\/wp-content\/uploads\/2025\/01\/imagne-boletin.jpg","datePublished":"2025-01-31T18:46:07+00:00","dateModified":"2025-01-31T19:51:45+00:00","breadcrumb":{"@id":"https:\/\/alinvest-verde.eu\/newslette\/enero-2025\/#breadcrumb"},"inLanguage":"es","potentialAction":[{"@type":"ReadAction","target":["https:\/\/alinvest-verde.eu\/newslette\/enero-2025\/"]}]},{"@type":"ImageObject","inLanguage":"es","@id":"https:\/\/alinvest-verde.eu\/newslette\/enero-2025\/#primaryimage","url":"https:\/\/alinvest-verde.eu\/wp-content\/uploads\/2025\/01\/imagne-boletin.jpg","contentUrl":"https:\/\/alinvest-verde.eu\/wp-content\/uploads\/2025\/01\/imagne-boletin.jpg","width":746,"height":805,"caption":"El bolet\u00edn del mes de enero destaca el evento anual llevado a cabo por el Programa en Brasil, el trabajo del Componente 2 en el sector cacao y la acciones del Componente 3 en materia de propiedad intelectual."},{"@type":"BreadcrumbList","@id":"https:\/\/alinvest-verde.eu\/newslette\/enero-2025\/#breadcrumb","itemListElement":[{"@type":"ListItem","position":1,"name":"Inicio","item":"https:\/\/alinvest-verde.eu\/"},{"@type":"ListItem","position":2,"name":"Enero 2025"}]},{"@type":"WebSite","@id":"https:\/\/alinvest-verde.eu\/#website","url":"https:\/\/alinvest-verde.eu\/","name":"Programme AL-INVEST Verde","description":"Building alliances with the private sector in LA and promote sustainable growth and jobs creation by supporting the transition towards a low-carbon, resource-efficient economy","publisher":{"@id":"https:\/\/alinvest-verde.eu\/#organization"},"potentialAction":[{"@type":"SearchAction","target":{"@type":"EntryPoint","urlTemplate":"https:\/\/alinvest-verde.eu\/?s={search_term_string}"},"query-input":{"@type":"PropertyValueSpecification","valueRequired":true,"valueName":"search_term_string"}}],"inLanguage":"es"},{"@type":"Organization","@id":"https:\/\/alinvest-verde.eu\/#organization","name":"Programme AL-INVEST Verde","url":"https:\/\/alinvest-verde.eu\/","logo":{"@type":"ImageObject","inLanguage":"es","@id":"https:\/\/alinvest-verde.eu\/#\/schema\/logo\/image\/","url":"https:\/\/alinvest-verde.eu\/wp-content\/uploads\/2022\/01\/cropped-logo-financiado-por-la-UE.jpg","contentUrl":"https:\/\/alinvest-verde.eu\/wp-content\/uploads\/2022\/01\/cropped-logo-financiado-por-la-UE.jpg","width":756,"height":216,"caption":"Programme AL-INVEST Verde"},"image":{"@id":"https:\/\/alinvest-verde.eu\/#\/schema\/logo\/image\/"}}]}},"_links":{"self":[{"href":"https:\/\/alinvest-verde.eu\/es_es\/wp-json\/wp\/v2\/newslette\/16833","targetHints":{"allow":["GET"]}}],"collection":[{"href":"https:\/\/alinvest-verde.eu\/es_es\/wp-json\/wp\/v2\/newslette"}],"about":[{"href":"https:\/\/alinvest-verde.eu\/es_es\/wp-json\/wp\/v2\/types\/newslette"}],"version-history":[{"count":6,"href":"https:\/\/alinvest-verde.eu\/es_es\/wp-json\/wp\/v2\/newslette\/16833\/revisions"}],"predecessor-version":[{"id":16851,"href":"https:\/\/alinvest-verde.eu\/es_es\/wp-json\/wp\/v2\/newslette\/16833\/revisions\/16851"}],"wp:featuredmedia":[{"embeddable":true,"href":"https:\/\/alinvest-verde.eu\/es_es\/wp-json\/wp\/v2\/media\/16847"}],"wp:attachment":[{"href":"https:\/\/alinvest-verde.eu\/es_es\/wp-json\/wp\/v2\/media?parent=16833"}],"curies":[{"name":"wp","href":"https:\/\/api.w.org\/{rel}","templated":true}]}}