{"id":17525,"date":"2025-05-08T20:06:50","date_gmt":"2025-05-08T18:06:50","guid":{"rendered":"https:\/\/alinvest-verde.eu\/?post_type=newslette&#038;p=17525"},"modified":"2025-05-08T20:06:50","modified_gmt":"2025-05-08T18:06:50","slug":"abril-2025","status":"publish","type":"newslette","link":"https:\/\/alinvest-verde.eu\/es_es\/newslette\/abril-2025\/","title":{"rendered":"Abril 2025"},"content":{"rendered":"\n<figure class=\"wp-block-image size-large\"><img fetchpriority=\"high\" decoding=\"async\" width=\"1024\" height=\"576\" src=\"https:\/\/alinvest-verde.eu\/wp-content\/uploads\/2025\/05\/image-1024x576.png\" alt=\"\" class=\"wp-image-17526\" srcset=\"https:\/\/alinvest-verde.eu\/wp-content\/uploads\/2025\/05\/image-1024x576.png 1024w, https:\/\/alinvest-verde.eu\/wp-content\/uploads\/2025\/05\/image-300x169.png 300w, https:\/\/alinvest-verde.eu\/wp-content\/uploads\/2025\/05\/image-768x432.png 768w, https:\/\/alinvest-verde.eu\/wp-content\/uploads\/2025\/05\/image-18x10.png 18w, https:\/\/alinvest-verde.eu\/wp-content\/uploads\/2025\/05\/image.png 1225w\" sizes=\"(max-width: 1024px) 100vw, 1024px\" \/><\/figure>\n\n\n\n<p class=\"wp-block-paragraph\"><strong>M\u00e1s de 31 mil empresas en 15 pa\u00edses de Am\u00e9rica Latina beneficiadas por el programa AL-INVEST Verde<\/strong><\/p>\n\n\n\n<p class=\"wp-block-paragraph\">Mediante la ejecuci\u00f3n de su Componente 1, de apoyo al sector privado, con 66 proyectos en curso y una transformaci\u00f3n tangible en diversos sectores productivos, el programa ha logrado la implementaci\u00f3n de pr\u00e1cticas sostenibles en m\u00e1s de 31 mil mipymes que han recibido capacitaciones para mejorar la productividad y eficiencia, fomentar la econom\u00eda circular y la digitalizaci\u00f3n, fortaleciendo sus capacidades para competir en mercados m\u00e1s exigentes. <a href=\"https:\/\/alinvest-verde.eu\/es_es\/mas-de-31-mil-empresas-en-15-paises-de-america-latina-beneficiadas-por-el-programa-al-invest-verde\/\">Leer noticia completa<\/a>.<\/p>\n\n\n\n<figure class=\"wp-block-image size-large\"><img decoding=\"async\" width=\"1024\" height=\"576\" src=\"https:\/\/alinvest-verde.eu\/wp-content\/uploads\/2025\/05\/image-1-1024x576.png\" alt=\"\" class=\"wp-image-17527\" srcset=\"https:\/\/alinvest-verde.eu\/wp-content\/uploads\/2025\/05\/image-1-1024x576.png 1024w, https:\/\/alinvest-verde.eu\/wp-content\/uploads\/2025\/05\/image-1-300x169.png 300w, https:\/\/alinvest-verde.eu\/wp-content\/uploads\/2025\/05\/image-1-768x432.png 768w, https:\/\/alinvest-verde.eu\/wp-content\/uploads\/2025\/05\/image-1-1536x864.png 1536w, https:\/\/alinvest-verde.eu\/wp-content\/uploads\/2025\/05\/image-1-18x10.png 18w, https:\/\/alinvest-verde.eu\/wp-content\/uploads\/2025\/05\/image-1.png 1920w\" sizes=\"(max-width: 1024px) 100vw, 1024px\" \/><\/figure>\n\n\n\n<p class=\"wp-block-paragraph\"><strong>Piment\u00f3n del Valle Calchaqu\u00ed, el tercer producto apoyado por AL-INVmentor que obtiene el reconocimiento de IG<\/strong><\/p>\n\n\n\n<p class=\"wp-block-paragraph\">Celebramos el importante avance logrado por los productores del Piment\u00f3n del Valle Calchaqu\u00ed en Argentina, quienes participaron en el programa de mentor\u00eda sobre indicaciones geogr\u00e1ficas (IG): AL-INVmentor. Este producto, vinculado a su regi\u00f3n de origen, fue oficialmente reconocido como una denominaci\u00f3n de origen el 15 de abril de 2025, gracias a las caracter\u00edsticas \u00fanicas que le aporta su cultivo en los valles de gran altitud de Salta. <a href=\"https:\/\/alinvest-verde.eu\/es_es\/pimenton-del-valle-calchaqui-el-tercer-producto-del-mercosur-vinculado-al-origen-y-apoyado-por-al-invmentor-que-obtiene-el-reconocimiento-de-ig-en-argentina\/\">Leer noticia completa<\/a>. <\/p>\n\n\n\n<figure class=\"wp-block-image size-large\"><img decoding=\"async\" width=\"1024\" height=\"512\" src=\"https:\/\/alinvest-verde.eu\/wp-content\/uploads\/2025\/05\/image-2-1024x512.png\" alt=\"\" class=\"wp-image-17528\" srcset=\"https:\/\/alinvest-verde.eu\/wp-content\/uploads\/2025\/05\/image-2-1024x512.png 1024w, https:\/\/alinvest-verde.eu\/wp-content\/uploads\/2025\/05\/image-2-300x150.png 300w, https:\/\/alinvest-verde.eu\/wp-content\/uploads\/2025\/05\/image-2-768x384.png 768w, https:\/\/alinvest-verde.eu\/wp-content\/uploads\/2025\/05\/image-2-1536x768.png 1536w, https:\/\/alinvest-verde.eu\/wp-content\/uploads\/2025\/05\/image-2-18x9.png 18w, https:\/\/alinvest-verde.eu\/wp-content\/uploads\/2025\/05\/image-2.png 2048w\" sizes=\"(max-width: 1024px) 100vw, 1024px\" \/><\/figure>\n\n\n\n<p class=\"wp-block-paragraph\"><strong>El Premio Ingenias LATAM destaca el talento de las mujeres innovadoras en Am\u00e9rica Latina<\/strong><\/p>\n\n\n\n<p class=\"wp-block-paragraph\">El prop\u00f3sito del Premio Ingenias LATAM es destacar el talento de las mujeres innovadoras en Am\u00e9rica Latina y dar visibilidad internacional a sus creaciones e invenciones. En su primera edici\u00f3n, el premio se celebrar\u00e1 en las instalaciones del Instituto Nacional de Propiedad Industrial (INAPI) de Chile el 4 de septiembre y se enfocar\u00e1 en las mujeres inventoras, con el objetivo de reconocer y celebrar su aporte a la innovaci\u00f3n. <a href=\"https:\/\/alinvest-verde.eu\/es_es\/ultimos-dias-para-postularse-al-premio-ingenias-latam-para-reconocer-a-mujeres-innovadoras\/\">Leer noticia completa<\/a>. <\/p>\n\n\n\n<figure class=\"wp-block-image size-full\"><img loading=\"lazy\" decoding=\"async\" width=\"1024\" height=\"683\" src=\"https:\/\/alinvest-verde.eu\/wp-content\/uploads\/2025\/05\/image-3.png\" alt=\"\" class=\"wp-image-17529\" srcset=\"https:\/\/alinvest-verde.eu\/wp-content\/uploads\/2025\/05\/image-3.png 1024w, https:\/\/alinvest-verde.eu\/wp-content\/uploads\/2025\/05\/image-3-300x200.png 300w, https:\/\/alinvest-verde.eu\/wp-content\/uploads\/2025\/05\/image-3-768x512.png 768w, https:\/\/alinvest-verde.eu\/wp-content\/uploads\/2025\/05\/image-3-391x260.png 391w, https:\/\/alinvest-verde.eu\/wp-content\/uploads\/2025\/05\/image-3-18x12.png 18w\" sizes=\"(max-width: 1024px) 100vw, 1024px\" \/><\/figure>\n\n\n\n<p class=\"wp-block-paragraph\"><strong>Ciclos de di\u00e1logos regionales<\/strong><\/p>\n\n\n\n<p class=\"wp-block-paragraph\">Desde 2021, AL-INVEST Verde ha organizado ciclos tem\u00e1ticos sobre la sostenibilidad en las <strong>cadenas de valor del ganado bovino, el caf\u00e9, la madera y el cacao<\/strong> en Am\u00e9rica Latina. Accede a toda la informaci\u00f3n sobre estas interesantes actividades. <a href=\"https:\/\/alinvest-verde.eu\/es_es\/regional-componente-2\/\">Leer m\u00e1s<\/a>. <\/p>\n\n\n\n<figure class=\"wp-block-image size-full is-resized\"><img loading=\"lazy\" decoding=\"async\" width=\"363\" height=\"76\" src=\"https:\/\/alinvest-verde.eu\/wp-content\/uploads\/2025\/04\/logo-agenda.jpg\" alt=\"\" class=\"wp-image-17229\" style=\"width:288px;height:auto\" srcset=\"https:\/\/alinvest-verde.eu\/wp-content\/uploads\/2025\/04\/logo-agenda.jpg 363w, https:\/\/alinvest-verde.eu\/wp-content\/uploads\/2025\/04\/logo-agenda-300x63.jpg 300w\" sizes=\"(max-width: 363px) 100vw, 363px\" \/><\/figure>\n\n\n\n<figure class=\"wp-block-image size-large\"><img loading=\"lazy\" decoding=\"async\" width=\"1024\" height=\"576\" src=\"https:\/\/alinvest-verde.eu\/wp-content\/uploads\/2025\/05\/image-4-1024x576.png\" alt=\"\" class=\"wp-image-17530\" srcset=\"https:\/\/alinvest-verde.eu\/wp-content\/uploads\/2025\/05\/image-4-1024x576.png 1024w, https:\/\/alinvest-verde.eu\/wp-content\/uploads\/2025\/05\/image-4-300x169.png 300w, https:\/\/alinvest-verde.eu\/wp-content\/uploads\/2025\/05\/image-4-768x432.png 768w, https:\/\/alinvest-verde.eu\/wp-content\/uploads\/2025\/05\/image-4-1536x864.png 1536w, https:\/\/alinvest-verde.eu\/wp-content\/uploads\/2025\/05\/image-4-18x10.png 18w, https:\/\/alinvest-verde.eu\/wp-content\/uploads\/2025\/05\/image-4.png 1600w\" sizes=\"(max-width: 1024px) 100vw, 1024px\" \/><\/figure>\n\n\n\n<p class=\"wp-block-paragraph\">El <strong>13 de mayo <\/strong>se organiza el I \u201cDi\u00e1logo Agroalimentario UE\u2013ALC\u201d, junto al Instituto Interamericano de Cooperaci\u00f3n para la Agricultura (IICA). <a href=\"https:\/\/alinvest-verde.eu\/es_es\/agenda-verde\/estrategias-e-instrumentos-para-fomentar-la-ganaderia-sostenible-en-la-ue-y-alc\/\">Ver evento<\/a>. <\/p>\n\n\n\n<figure class=\"wp-block-image size-large\"><img loading=\"lazy\" decoding=\"async\" width=\"1024\" height=\"576\" src=\"https:\/\/alinvest-verde.eu\/wp-content\/uploads\/2025\/05\/image-5-1024x576.png\" alt=\"\" class=\"wp-image-17531\" srcset=\"https:\/\/alinvest-verde.eu\/wp-content\/uploads\/2025\/05\/image-5-1024x576.png 1024w, https:\/\/alinvest-verde.eu\/wp-content\/uploads\/2025\/05\/image-5-300x169.png 300w, https:\/\/alinvest-verde.eu\/wp-content\/uploads\/2025\/05\/image-5-768x432.png 768w, https:\/\/alinvest-verde.eu\/wp-content\/uploads\/2025\/05\/image-5-1536x864.png 1536w, https:\/\/alinvest-verde.eu\/wp-content\/uploads\/2025\/05\/image-5-2048x1152.png 2048w, https:\/\/alinvest-verde.eu\/wp-content\/uploads\/2025\/05\/image-5-18x10.png 18w\" sizes=\"(max-width: 1024px) 100vw, 1024px\" \/><\/figure>\n\n\n\n<p class=\"wp-block-paragraph\">El <strong>15 de mayo <\/strong>en Sao Paulo, Brasil, AL-INVEST Verde estar\u00e1 presente en el Foro Mundial de Econom\u00eda Circular (WCEF 2025).\u00a0<a href=\"https:\/\/alinvest-verde.eu\/es_es\/agenda-verde\/wcef2025-accelerator-session\/\">Ver evento<\/a>. <\/p>\n\n\n\n<figure class=\"wp-block-image size-full is-resized\"><img loading=\"lazy\" decoding=\"async\" width=\"400\" height=\"72\" src=\"https:\/\/alinvest-verde.eu\/wp-content\/uploads\/2025\/03\/logoinformes.jpg\" alt=\"\" class=\"wp-image-17045\" style=\"width:287px;height:auto\" srcset=\"https:\/\/alinvest-verde.eu\/wp-content\/uploads\/2025\/03\/logoinformes.jpg 400w, https:\/\/alinvest-verde.eu\/wp-content\/uploads\/2025\/03\/logoinformes-300x54.jpg 300w, https:\/\/alinvest-verde.eu\/wp-content\/uploads\/2025\/03\/logoinformes-18x3.jpg 18w\" sizes=\"(max-width: 400px) 100vw, 400px\" \/><\/figure>\n\n\n\n<p class=\"wp-block-paragraph\"><strong>Colecci\u00f3n &#8220;Di\u00e1logos sobre cacao sostenible&#8221;<\/strong><\/p>\n\n\n\n<p class=\"wp-block-paragraph\">En 2024, AL-INVEST Verde, en colaboraci\u00f3n con el programa SAFE (Agricultura Sostenible para Ecosistemas Forestales) de la Cooperaci\u00f3n Alemana-GIZ y con el apoyo t\u00e9cnico del Instituto Forestal europeo (EFI), llev\u00f3 a cabo tres di\u00e1logos virtuales sobre la cadena del cacao para abordar diferentes requisitos del EUDR: libre de deforestaci\u00f3n, trazabilidad y legalidad. Los encuentros permitieron conocer diversos puntos de vista sobre el EUDR y compartir experiencias.\u00a0<a href=\"https:\/\/alinvest-verde.eu\/es_es\/dialogos-cacao-sostenible\/\">Leer informe<\/a>. <\/p>\n\n\n\n<figure class=\"wp-block-image size-full is-resized\"><img loading=\"lazy\" decoding=\"async\" width=\"571\" height=\"107\" src=\"https:\/\/alinvest-verde.eu\/wp-content\/uploads\/2024\/11\/image-4.png\" alt=\"\" class=\"wp-image-16374\" style=\"width:800px;height:auto\" srcset=\"https:\/\/alinvest-verde.eu\/wp-content\/uploads\/2024\/11\/image-4.png 571w, https:\/\/alinvest-verde.eu\/wp-content\/uploads\/2024\/11\/image-4-300x56.png 300w, https:\/\/alinvest-verde.eu\/wp-content\/uploads\/2024\/11\/image-4-18x3.png 18w\" sizes=\"(max-width: 571px) 100vw, 571px\" \/><\/figure>\n\n\n\n<p class=\"wp-block-paragraph\"><\/p>\n","protected":false},"excerpt":{"rendered":"<p>El bolet\u00edn del mes de abril destaca los avances en el impulso al sector privado del Componente 1, los productos apoyados por el Componente 3 y el trabajo del Componente 2 en el sector cacao. <\/p>\n","protected":false},"featured_media":17533,"template":"","class_list":["post-17525","newslette","type-newslette","status-publish","has-post-thumbnail","hentry"],"yoast_head":"<!-- This site is optimized with the Yoast SEO plugin v28.4 - https:\/\/yoast.com\/product\/yoast-seo-wordpress\/ -->\n<title>Abril 2025 - Programme AL-INVEST Verde<\/title>\n<meta name=\"robots\" content=\"index, follow, max-snippet:-1, max-image-preview:large, max-video-preview:-1\" \/>\n<link rel=\"canonical\" href=\"https:\/\/alinvest-verde.eu\/es_es\/newslette\/abril-2025\/\" \/>\n<meta property=\"og:locale\" content=\"es_ES\" \/>\n<meta property=\"og:type\" content=\"article\" \/>\n<meta property=\"og:title\" content=\"Abril 2025 - Programme AL-INVEST Verde\" \/>\n<meta property=\"og:description\" content=\"El bolet\u00edn del mes de abril destaca los avances en el impulso al sector privado del Componente 1, los productos apoyados por el Componente 3 y el trabajo del Componente 2 en el sector cacao.\" \/>\n<meta property=\"og:url\" content=\"https:\/\/alinvest-verde.eu\/es_es\/newslette\/abril-2025\/\" \/>\n<meta property=\"og:site_name\" content=\"Programme AL-INVEST Verde\" \/>\n<meta property=\"og:image\" content=\"https:\/\/alinvest-verde.eu\/wp-content\/uploads\/2025\/05\/portada-boletin.jpg\" \/>\n\t<meta property=\"og:image:width\" content=\"672\" \/>\n\t<meta property=\"og:image:height\" content=\"811\" \/>\n\t<meta property=\"og:image:type\" content=\"image\/jpeg\" \/>\n<meta name=\"twitter:card\" content=\"summary_large_image\" \/>\n<meta name=\"twitter:label1\" content=\"Tiempo de lectura\" \/>\n\t<meta name=\"twitter:data1\" content=\"4 minutos\" \/>\n<script type=\"application\/ld+json\" class=\"yoast-schema-graph\">{\"@context\":\"https:\\\/\\\/schema.org\",\"@graph\":[{\"@type\":\"WebPage\",\"@id\":\"https:\\\/\\\/alinvest-verde.eu\\\/newslette\\\/abril-2025\\\/\",\"url\":\"https:\\\/\\\/alinvest-verde.eu\\\/newslette\\\/abril-2025\\\/\",\"name\":\"Abril 2025 - Programme AL-INVEST Verde\",\"isPartOf\":{\"@id\":\"https:\\\/\\\/alinvest-verde.eu\\\/#website\"},\"primaryImageOfPage\":{\"@id\":\"https:\\\/\\\/alinvest-verde.eu\\\/newslette\\\/abril-2025\\\/#primaryimage\"},\"image\":{\"@id\":\"https:\\\/\\\/alinvest-verde.eu\\\/newslette\\\/abril-2025\\\/#primaryimage\"},\"thumbnailUrl\":\"https:\\\/\\\/alinvest-verde.eu\\\/wp-content\\\/uploads\\\/2025\\\/05\\\/portada-boletin.jpg\",\"datePublished\":\"2025-05-08T18:06:50+00:00\",\"breadcrumb\":{\"@id\":\"https:\\\/\\\/alinvest-verde.eu\\\/newslette\\\/abril-2025\\\/#breadcrumb\"},\"inLanguage\":\"es\",\"potentialAction\":[{\"@type\":\"ReadAction\",\"target\":[\"https:\\\/\\\/alinvest-verde.eu\\\/newslette\\\/abril-2025\\\/\"]}]},{\"@type\":\"ImageObject\",\"inLanguage\":\"es\",\"@id\":\"https:\\\/\\\/alinvest-verde.eu\\\/newslette\\\/abril-2025\\\/#primaryimage\",\"url\":\"https:\\\/\\\/alinvest-verde.eu\\\/wp-content\\\/uploads\\\/2025\\\/05\\\/portada-boletin.jpg\",\"contentUrl\":\"https:\\\/\\\/alinvest-verde.eu\\\/wp-content\\\/uploads\\\/2025\\\/05\\\/portada-boletin.jpg\",\"width\":672,\"height\":811},{\"@type\":\"BreadcrumbList\",\"@id\":\"https:\\\/\\\/alinvest-verde.eu\\\/newslette\\\/abril-2025\\\/#breadcrumb\",\"itemListElement\":[{\"@type\":\"ListItem\",\"position\":1,\"name\":\"Inicio\",\"item\":\"https:\\\/\\\/alinvest-verde.eu\\\/\"},{\"@type\":\"ListItem\",\"position\":2,\"name\":\"Abril 2025\"}]},{\"@type\":\"WebSite\",\"@id\":\"https:\\\/\\\/alinvest-verde.eu\\\/#website\",\"url\":\"https:\\\/\\\/alinvest-verde.eu\\\/\",\"name\":\"Programme AL-INVEST Verde\",\"description\":\"Building alliances with the private sector in LA and promote sustainable growth and jobs creation by supporting the transition towards a low-carbon, resource-efficient economy\",\"publisher\":{\"@id\":\"https:\\\/\\\/alinvest-verde.eu\\\/#organization\"},\"potentialAction\":[{\"@type\":\"SearchAction\",\"target\":{\"@type\":\"EntryPoint\",\"urlTemplate\":\"https:\\\/\\\/alinvest-verde.eu\\\/?s={search_term_string}\"},\"query-input\":{\"@type\":\"PropertyValueSpecification\",\"valueRequired\":true,\"valueName\":\"search_term_string\"}}],\"inLanguage\":\"es\"},{\"@type\":\"Organization\",\"@id\":\"https:\\\/\\\/alinvest-verde.eu\\\/#organization\",\"name\":\"Programme AL-INVEST Verde\",\"url\":\"https:\\\/\\\/alinvest-verde.eu\\\/\",\"logo\":{\"@type\":\"ImageObject\",\"inLanguage\":\"es\",\"@id\":\"https:\\\/\\\/alinvest-verde.eu\\\/#\\\/schema\\\/logo\\\/image\\\/\",\"url\":\"https:\\\/\\\/alinvest-verde.eu\\\/wp-content\\\/uploads\\\/2022\\\/01\\\/cropped-logo-financiado-por-la-UE.jpg\",\"contentUrl\":\"https:\\\/\\\/alinvest-verde.eu\\\/wp-content\\\/uploads\\\/2022\\\/01\\\/cropped-logo-financiado-por-la-UE.jpg\",\"width\":756,\"height\":216,\"caption\":\"Programme AL-INVEST Verde\"},\"image\":{\"@id\":\"https:\\\/\\\/alinvest-verde.eu\\\/#\\\/schema\\\/logo\\\/image\\\/\"}}]}<\/script>\n<!-- \/ Yoast SEO plugin. -->","yoast_head_json":{"title":"Abril 2025 - Programme AL-INVEST Verde","robots":{"index":"index","follow":"follow","max-snippet":"max-snippet:-1","max-image-preview":"max-image-preview:large","max-video-preview":"max-video-preview:-1"},"canonical":"https:\/\/alinvest-verde.eu\/es_es\/newslette\/abril-2025\/","og_locale":"es_ES","og_type":"article","og_title":"Abril 2025 - Programme AL-INVEST Verde","og_description":"El bolet\u00edn del mes de abril destaca los avances en el impulso al sector privado del Componente 1, los productos apoyados por el Componente 3 y el trabajo del Componente 2 en el sector cacao.","og_url":"https:\/\/alinvest-verde.eu\/es_es\/newslette\/abril-2025\/","og_site_name":"Programme AL-INVEST Verde","og_image":[{"width":672,"height":811,"url":"https:\/\/alinvest-verde.eu\/wp-content\/uploads\/2025\/05\/portada-boletin.jpg","type":"image\/jpeg"}],"twitter_card":"summary_large_image","twitter_misc":{"Tiempo de lectura":"4 minutos"},"schema":{"@context":"https:\/\/schema.org","@graph":[{"@type":"WebPage","@id":"https:\/\/alinvest-verde.eu\/newslette\/abril-2025\/","url":"https:\/\/alinvest-verde.eu\/newslette\/abril-2025\/","name":"Abril 2025 - Programme AL-INVEST Verde","isPartOf":{"@id":"https:\/\/alinvest-verde.eu\/#website"},"primaryImageOfPage":{"@id":"https:\/\/alinvest-verde.eu\/newslette\/abril-2025\/#primaryimage"},"image":{"@id":"https:\/\/alinvest-verde.eu\/newslette\/abril-2025\/#primaryimage"},"thumbnailUrl":"https:\/\/alinvest-verde.eu\/wp-content\/uploads\/2025\/05\/portada-boletin.jpg","datePublished":"2025-05-08T18:06:50+00:00","breadcrumb":{"@id":"https:\/\/alinvest-verde.eu\/newslette\/abril-2025\/#breadcrumb"},"inLanguage":"es","potentialAction":[{"@type":"ReadAction","target":["https:\/\/alinvest-verde.eu\/newslette\/abril-2025\/"]}]},{"@type":"ImageObject","inLanguage":"es","@id":"https:\/\/alinvest-verde.eu\/newslette\/abril-2025\/#primaryimage","url":"https:\/\/alinvest-verde.eu\/wp-content\/uploads\/2025\/05\/portada-boletin.jpg","contentUrl":"https:\/\/alinvest-verde.eu\/wp-content\/uploads\/2025\/05\/portada-boletin.jpg","width":672,"height":811},{"@type":"BreadcrumbList","@id":"https:\/\/alinvest-verde.eu\/newslette\/abril-2025\/#breadcrumb","itemListElement":[{"@type":"ListItem","position":1,"name":"Inicio","item":"https:\/\/alinvest-verde.eu\/"},{"@type":"ListItem","position":2,"name":"Abril 2025"}]},{"@type":"WebSite","@id":"https:\/\/alinvest-verde.eu\/#website","url":"https:\/\/alinvest-verde.eu\/","name":"Programme AL-INVEST Verde","description":"Building alliances with the private sector in LA and promote sustainable growth and jobs creation by supporting the transition towards a low-carbon, resource-efficient economy","publisher":{"@id":"https:\/\/alinvest-verde.eu\/#organization"},"potentialAction":[{"@type":"SearchAction","target":{"@type":"EntryPoint","urlTemplate":"https:\/\/alinvest-verde.eu\/?s={search_term_string}"},"query-input":{"@type":"PropertyValueSpecification","valueRequired":true,"valueName":"search_term_string"}}],"inLanguage":"es"},{"@type":"Organization","@id":"https:\/\/alinvest-verde.eu\/#organization","name":"Programme AL-INVEST Verde","url":"https:\/\/alinvest-verde.eu\/","logo":{"@type":"ImageObject","inLanguage":"es","@id":"https:\/\/alinvest-verde.eu\/#\/schema\/logo\/image\/","url":"https:\/\/alinvest-verde.eu\/wp-content\/uploads\/2022\/01\/cropped-logo-financiado-por-la-UE.jpg","contentUrl":"https:\/\/alinvest-verde.eu\/wp-content\/uploads\/2022\/01\/cropped-logo-financiado-por-la-UE.jpg","width":756,"height":216,"caption":"Programme AL-INVEST Verde"},"image":{"@id":"https:\/\/alinvest-verde.eu\/#\/schema\/logo\/image\/"}}]}},"_links":{"self":[{"href":"https:\/\/alinvest-verde.eu\/es_es\/wp-json\/wp\/v2\/newslette\/17525","targetHints":{"allow":["GET"]}}],"collection":[{"href":"https:\/\/alinvest-verde.eu\/es_es\/wp-json\/wp\/v2\/newslette"}],"about":[{"href":"https:\/\/alinvest-verde.eu\/es_es\/wp-json\/wp\/v2\/types\/newslette"}],"version-history":[{"count":2,"href":"https:\/\/alinvest-verde.eu\/es_es\/wp-json\/wp\/v2\/newslette\/17525\/revisions"}],"predecessor-version":[{"id":17534,"href":"https:\/\/alinvest-verde.eu\/es_es\/wp-json\/wp\/v2\/newslette\/17525\/revisions\/17534"}],"wp:featuredmedia":[{"embeddable":true,"href":"https:\/\/alinvest-verde.eu\/es_es\/wp-json\/wp\/v2\/media\/17533"}],"wp:attachment":[{"href":"https:\/\/alinvest-verde.eu\/es_es\/wp-json\/wp\/v2\/media?parent=17525"}],"curies":[{"name":"wp","href":"https:\/\/api.w.org\/{rel}","templated":true}]}}