{"id":17768,"date":"2025-05-29T19:34:49","date_gmt":"2025-05-29T17:34:49","guid":{"rendered":"https:\/\/alinvest-verde.eu\/?post_type=newslette&#038;p=17768"},"modified":"2025-05-29T19:41:46","modified_gmt":"2025-05-29T17:41:46","slug":"mayo-2025","status":"publish","type":"newslette","link":"https:\/\/alinvest-verde.eu\/es_es\/newslette\/mayo-2025\/","title":{"rendered":"Mayo 2025"},"content":{"rendered":"\n<figure class=\"wp-block-image size-large\"><img fetchpriority=\"high\" decoding=\"async\" width=\"1024\" height=\"576\" src=\"https:\/\/alinvest-verde.eu\/wp-content\/uploads\/2025\/05\/image-6-1024x576.png\" alt=\"\" class=\"wp-image-17769\" srcset=\"https:\/\/alinvest-verde.eu\/wp-content\/uploads\/2025\/05\/image-6-1024x576.png 1024w, https:\/\/alinvest-verde.eu\/wp-content\/uploads\/2025\/05\/image-6-300x169.png 300w, https:\/\/alinvest-verde.eu\/wp-content\/uploads\/2025\/05\/image-6-768x432.png 768w, https:\/\/alinvest-verde.eu\/wp-content\/uploads\/2025\/05\/image-6-1536x864.png 1536w, https:\/\/alinvest-verde.eu\/wp-content\/uploads\/2025\/05\/image-6-18x10.png 18w, https:\/\/alinvest-verde.eu\/wp-content\/uploads\/2025\/05\/image-6.png 1920w\" sizes=\"(max-width: 1024px) 100vw, 1024px\" \/><\/figure>\n\n\n\n<p class=\"wp-block-paragraph\"><strong>Lanzamiento de mentor\u00eda para productores brasile\u00f1os de caf\u00e9 con indicaci\u00f3n\u00a0geogr\u00e1fica en\u00a0Minas\u00a0Gerais<\/strong><\/p>\n\n\n\n<p class=\"wp-block-paragraph\">Una nueva mentor\u00eda para productores brasile\u00f1os de caf\u00e9 con indicaciones geogr\u00e1ficas (IG) fue lanzada en Minas Gerais (Brasil). La mentor\u00eda de la iniciativa AL-INVmentor tiene como objetivo fortalecer la gobernanza, la estrategia y la sostenibilidad del sector del caf\u00e9 con IG de Brasil a trav\u00e9s del apoyo espec\u00edfico y el intercambio de conocimientos. Se desarrollar\u00e1 en colaboraci\u00f3n con socios clave del ecosistema brasile\u00f1o de IG, como el Servicio Brasile\u00f1o de Apoyo a las Micro y Peque\u00f1as Empresas (SEBRAE), e incluye la participaci\u00f3n de los Productos Vinculados al Origen (OLP) de la Plataforma Origem Controlada Caf\u00e9. <a href=\"https:\/\/alinvest-verde.eu\/es_es\/lanzamiento-nuevo-mentoria-para-productores-brasilenos-de-cafe-con-indicacion-geografica\/\">Leer noticia completa<\/a><\/p>\n\n\n\n<figure class=\"wp-block-image size-large\"><img decoding=\"async\" width=\"1024\" height=\"576\" src=\"https:\/\/alinvest-verde.eu\/wp-content\/uploads\/2025\/05\/image-7-1024x576.png\" alt=\"\" class=\"wp-image-17770\" srcset=\"https:\/\/alinvest-verde.eu\/wp-content\/uploads\/2025\/05\/image-7-1024x576.png 1024w, https:\/\/alinvest-verde.eu\/wp-content\/uploads\/2025\/05\/image-7-300x169.png 300w, https:\/\/alinvest-verde.eu\/wp-content\/uploads\/2025\/05\/image-7-768x432.png 768w, https:\/\/alinvest-verde.eu\/wp-content\/uploads\/2025\/05\/image-7-18x10.png 18w, https:\/\/alinvest-verde.eu\/wp-content\/uploads\/2025\/05\/image-7.png 1280w\" sizes=\"(max-width: 1024px) 100vw, 1024px\" \/><\/figure>\n\n\n\n<p class=\"wp-block-paragraph\"><strong>AL-INVEST Verde en el Foro Mundial de Econom\u00eda Circular (WCEF 2025)<\/strong><\/p>\n\n\n\n<p class=\"wp-block-paragraph\">El programa AL-INVEST Verde reafirm\u00f3 su compromiso con el desarrollo sostenible en Am\u00e9rica Latina durante su participaci\u00f3n en el Foro Mundial de Econom\u00eda Circular (WCEF 2025), el evento global m\u00e1s relevante en esta materia, que congrega a l\u00edderes internacionales, empresas, emprendedores e instituciones comprometidas con la construcci\u00f3n de un futuro m\u00e1s sostenible y regenerativo. <a href=\"https:\/\/alinvest-verde.eu\/es_es\/al-invest-verde-impulsa-la-transicion-hacia-la-economia-circular-en-america-latina-en-el-foro-mundial-de-economia-circular-wcef-2025\/\">Leer noticia completa<\/a><\/p>\n\n\n\n<figure class=\"wp-block-image size-large\"><img decoding=\"async\" width=\"1024\" height=\"576\" src=\"https:\/\/alinvest-verde.eu\/wp-content\/uploads\/2025\/05\/image-8-1024x576.png\" alt=\"\" class=\"wp-image-17771\" srcset=\"https:\/\/alinvest-verde.eu\/wp-content\/uploads\/2025\/05\/image-8-1024x576.png 1024w, https:\/\/alinvest-verde.eu\/wp-content\/uploads\/2025\/05\/image-8-300x169.png 300w, https:\/\/alinvest-verde.eu\/wp-content\/uploads\/2025\/05\/image-8-768x432.png 768w, https:\/\/alinvest-verde.eu\/wp-content\/uploads\/2025\/05\/image-8-1536x864.png 1536w, https:\/\/alinvest-verde.eu\/wp-content\/uploads\/2025\/05\/image-8-2048x1152.png 2048w, https:\/\/alinvest-verde.eu\/wp-content\/uploads\/2025\/05\/image-8-18x10.png 18w\" sizes=\"(max-width: 1024px) 100vw, 1024px\" \/><\/figure>\n\n\n\n<p class=\"wp-block-paragraph\"><strong>Actores del MERCOSUR y Europa se re\u00fanen en Argentina para fortalecer una cadena de soja libre de deforestaci\u00f3n<\/strong><\/p>\n\n\n\n<p class=\"wp-block-paragraph\">Representantes de gobiernos, sector privado, organismos internacionales, productores y organizaciones de la sociedad civil del MERCOSUR y de la Uni\u00f3n Europea participaron del encuentro \u201cDi\u00e1logo soja MERCOSUR\u2013UE: fortaleciendo una cadena de valor estrat\u00e9gica\u201d, que se llev\u00f3 a cabo los d\u00edas 20 y 21 de mayo en las ciudades de Buenos Aires y Rosario. <a href=\"https:\/\/alinvest-verde.eu\/es_es\/actores-del-mercosur-y-europa-se-reunieron-en-argentina-para-fortalecer-una-cadena-de-soja-libre-de-deforestacion\/\">Leer noticia completa<\/a><\/p>\n\n\n\n<figure class=\"wp-block-image size-large\"><img loading=\"lazy\" decoding=\"async\" width=\"1024\" height=\"559\" src=\"https:\/\/alinvest-verde.eu\/wp-content\/uploads\/2025\/05\/image-9-1024x559.png\" alt=\"\" class=\"wp-image-17772\" srcset=\"https:\/\/alinvest-verde.eu\/wp-content\/uploads\/2025\/05\/image-9-1024x559.png 1024w, https:\/\/alinvest-verde.eu\/wp-content\/uploads\/2025\/05\/image-9-300x164.png 300w, https:\/\/alinvest-verde.eu\/wp-content\/uploads\/2025\/05\/image-9-768x419.png 768w, https:\/\/alinvest-verde.eu\/wp-content\/uploads\/2025\/05\/image-9-1536x838.png 1536w, https:\/\/alinvest-verde.eu\/wp-content\/uploads\/2025\/05\/image-9-2048x1117.png 2048w, https:\/\/alinvest-verde.eu\/wp-content\/uploads\/2025\/05\/image-9-18x10.png 18w\" sizes=\"(max-width: 1024px) 100vw, 1024px\" \/><\/figure>\n\n\n\n<p class=\"wp-block-paragraph\"><strong>Inicia el ciclo de Di\u00e1logos\u00a0agroalimentarios UE-ALC<\/strong><\/p>\n\n\n\n<p class=\"wp-block-paragraph\">Se celebr\u00f3 el I Di\u00e1logo agroalimentario UE-ALC, organizado por AL-INVEST Verde, en colaboraci\u00f3n con el Instituto Interamericano de Cooperaci\u00f3n para la Agricultura (IICA). Este ciclo se desarrollar\u00e1 a lo largo de 2025 y 2026. <a href=\"https:\/\/alinvest-verde.eu\/es_es\/inicia-el-ciclo-de-dialogos-agroalimentarios-ue-alc-organizado-por-al-invest-verde-e-iica\/\">Leer m\u00e1s<\/a><\/p>\n\n\n\n<figure class=\"wp-block-image size-large\"><img loading=\"lazy\" decoding=\"async\" width=\"1024\" height=\"576\" src=\"https:\/\/alinvest-verde.eu\/wp-content\/uploads\/2025\/05\/image-10-1024x576.png\" alt=\"\" class=\"wp-image-17773\" srcset=\"https:\/\/alinvest-verde.eu\/wp-content\/uploads\/2025\/05\/image-10-1024x576.png 1024w, https:\/\/alinvest-verde.eu\/wp-content\/uploads\/2025\/05\/image-10-300x169.png 300w, https:\/\/alinvest-verde.eu\/wp-content\/uploads\/2025\/05\/image-10-768x432.png 768w, https:\/\/alinvest-verde.eu\/wp-content\/uploads\/2025\/05\/image-10-18x10.png 18w, https:\/\/alinvest-verde.eu\/wp-content\/uploads\/2025\/05\/image-10.png 1280w\" sizes=\"(max-width: 1024px) 100vw, 1024px\" \/><\/figure>\n\n\n\n<p class=\"wp-block-paragraph\"><strong>Marcas Verdes y Sostenibilidad: Estrategias de Posicionamiento en la Uni\u00f3n Europea y Am\u00e9rica Latina<\/strong><\/p>\n\n\n\n<p class=\"wp-block-paragraph\">Grabaci\u00f3n del seminario virtual &#8220;Marcas verdes y sostenibilidad: Estrategias de Posicionamiento en Am\u00e9rica Latina y la Uni\u00f3n Europea (UE)&#8221;, organizado en colaboraci\u00f3n con la ASIPI. <a href=\"https:\/\/alinvest-verde.eu\/es_es\/euipo-y-asipi-celebraron-seminario-virtual-sobre-marcas-verdes-y-sostenibilidad-para-impulsar-el-comercio-entre-la-ue-y-america-latina\/\">Leer m\u00e1s <\/a><\/p>\n\n\n\n<figure class=\"wp-block-image size-full is-resized\"><img loading=\"lazy\" decoding=\"async\" width=\"363\" height=\"76\" src=\"https:\/\/alinvest-verde.eu\/wp-content\/uploads\/2025\/04\/logo-agenda.jpg\" alt=\"\" class=\"wp-image-17229\" style=\"width:264px;height:auto\" srcset=\"https:\/\/alinvest-verde.eu\/wp-content\/uploads\/2025\/04\/logo-agenda.jpg 363w, https:\/\/alinvest-verde.eu\/wp-content\/uploads\/2025\/04\/logo-agenda-300x63.jpg 300w\" sizes=\"(max-width: 363px) 100vw, 363px\" \/><\/figure>\n\n\n\n<figure class=\"wp-block-image size-full\"><img loading=\"lazy\" decoding=\"async\" width=\"1024\" height=\"576\" src=\"https:\/\/alinvest-verde.eu\/wp-content\/uploads\/2025\/05\/image-11.png\" alt=\"\" class=\"wp-image-17774\" srcset=\"https:\/\/alinvest-verde.eu\/wp-content\/uploads\/2025\/05\/image-11.png 1024w, https:\/\/alinvest-verde.eu\/wp-content\/uploads\/2025\/05\/image-11-300x169.png 300w, https:\/\/alinvest-verde.eu\/wp-content\/uploads\/2025\/05\/image-11-768x432.png 768w, https:\/\/alinvest-verde.eu\/wp-content\/uploads\/2025\/05\/image-11-18x10.png 18w\" sizes=\"(max-width: 1024px) 100vw, 1024px\" \/><\/figure>\n\n\n\n<p class=\"wp-block-paragraph\"><strong>Webinar: Oportunidades de acceso al mercado de la Uni\u00f3n Europea<\/strong><\/p>\n\n\n\n<ul class=\"wp-block-list\">\n<li>Fecha: 03 de junio de 2025<\/li>\n\n\n\n<li>Hora: 16.00 hora CET<\/li>\n<\/ul>\n\n\n\n<p class=\"wp-block-paragraph\"><\/p>\n\n\n\n<div class=\"wp-block-buttons is-layout-flex wp-block-buttons-is-layout-flex\">\n<div class=\"wp-block-button\"><a class=\"wp-block-button__link has-luminous-vivid-amber-background-color has-background wp-element-button\" href=\"https:\/\/alinvest-verde.eu\/es_es\/agenda-verde\/webinar-de-al-invest-verde\/\">Ver evento<\/a><\/div>\n<\/div>\n\n\n\n<p class=\"wp-block-paragraph\"><\/p>\n\n\n\n<figure class=\"wp-block-image size-large\"><img loading=\"lazy\" decoding=\"async\" width=\"1024\" height=\"576\" src=\"https:\/\/alinvest-verde.eu\/wp-content\/uploads\/2025\/05\/image-12-1024x576.png\" alt=\"\" class=\"wp-image-17775\" srcset=\"https:\/\/alinvest-verde.eu\/wp-content\/uploads\/2025\/05\/image-12-1024x576.png 1024w, https:\/\/alinvest-verde.eu\/wp-content\/uploads\/2025\/05\/image-12-300x169.png 300w, https:\/\/alinvest-verde.eu\/wp-content\/uploads\/2025\/05\/image-12-768x432.png 768w, https:\/\/alinvest-verde.eu\/wp-content\/uploads\/2025\/05\/image-12-18x10.png 18w, https:\/\/alinvest-verde.eu\/wp-content\/uploads\/2025\/05\/image-12.png 1280w\" sizes=\"(max-width: 1024px) 100vw, 1024px\" \/><\/figure>\n\n\n\n<p class=\"wp-block-paragraph\"><strong>Webinar: Buenas pr\u00e1cticas en materia de derechos de autor e industrias creativas<\/strong><\/p>\n\n\n\n<ul class=\"wp-block-list\">\n<li>Fecha: 26 de junio de 2025<\/li>\n\n\n\n<li>Hora: 15:00 hora CET<\/li>\n<\/ul>\n\n\n\n<p class=\"wp-block-paragraph\"><\/p>\n\n\n\n<div class=\"wp-block-buttons is-layout-flex wp-block-buttons-is-layout-flex\">\n<div class=\"wp-block-button\"><a class=\"wp-block-button__link has-luminous-vivid-amber-background-color has-background wp-element-button\" href=\"https:\/\/alinvest-verde.eu\/es_es\/agenda-verde\/webinario-sobre-buenas-practicas-en-materia-de-derechos-de-autor-e-industrias-creativas-aprovechar-los-dpi-para-el-crecimiento-economico\/\">Ver evento<\/a><\/div>\n<\/div>\n\n\n\n<p class=\"wp-block-paragraph\"><\/p>\n\n\n\n<figure class=\"wp-block-image size-full is-resized\"><img loading=\"lazy\" decoding=\"async\" width=\"482\" height=\"61\" src=\"https:\/\/alinvest-verde.eu\/wp-content\/uploads\/2025\/03\/logo-aivtv.jpg\" alt=\"\" class=\"wp-image-17041\" style=\"width:268px;height:auto\" srcset=\"https:\/\/alinvest-verde.eu\/wp-content\/uploads\/2025\/03\/logo-aivtv.jpg 482w, https:\/\/alinvest-verde.eu\/wp-content\/uploads\/2025\/03\/logo-aivtv-300x38.jpg 300w, https:\/\/alinvest-verde.eu\/wp-content\/uploads\/2025\/03\/logo-aivtv-474x61.jpg 474w, https:\/\/alinvest-verde.eu\/wp-content\/uploads\/2025\/03\/logo-aivtv-18x2.jpg 18w\" sizes=\"(max-width: 482px) 100vw, 482px\" \/><\/figure>\n\n\n\n<figure class=\"wp-block-image size-large\"><a href=\"https:\/\/www.youtube.com\/watch?v=H_yDKLoCVaM\"><img loading=\"lazy\" decoding=\"async\" width=\"1024\" height=\"576\" src=\"https:\/\/alinvest-verde.eu\/wp-content\/uploads\/2025\/05\/image-13-1024x576.png\" alt=\"\" class=\"wp-image-17776\" srcset=\"https:\/\/alinvest-verde.eu\/wp-content\/uploads\/2025\/05\/image-13-1024x576.png 1024w, https:\/\/alinvest-verde.eu\/wp-content\/uploads\/2025\/05\/image-13-300x169.png 300w, https:\/\/alinvest-verde.eu\/wp-content\/uploads\/2025\/05\/image-13-768x432.png 768w, https:\/\/alinvest-verde.eu\/wp-content\/uploads\/2025\/05\/image-13-18x10.png 18w, https:\/\/alinvest-verde.eu\/wp-content\/uploads\/2025\/05\/image-13.png 1280w\" sizes=\"(max-width: 1024px) 100vw, 1024px\" \/><\/a><\/figure>\n\n\n\n<figure class=\"wp-block-image size-full\"><img loading=\"lazy\" decoding=\"async\" width=\"712\" height=\"132\" src=\"https:\/\/alinvest-verde.eu\/wp-content\/uploads\/2024\/07\/logos-GG-AIV-UE.jpg\" alt=\"\" class=\"wp-image-14016\" srcset=\"https:\/\/alinvest-verde.eu\/wp-content\/uploads\/2024\/07\/logos-GG-AIV-UE.jpg 712w, https:\/\/alinvest-verde.eu\/wp-content\/uploads\/2024\/07\/logos-GG-AIV-UE-300x56.jpg 300w, https:\/\/alinvest-verde.eu\/wp-content\/uploads\/2024\/07\/logos-GG-AIV-UE-18x3.jpg 18w\" sizes=\"(max-width: 712px) 100vw, 712px\" \/><\/figure>\n","protected":false},"excerpt":{"rendered":"<p>El bolet\u00edn del mes de mayo destaca el trabajo del Programa en el sector cafetalero y en la promoci\u00f3n de la no deforestaci\u00f3n, as\u00ed como su participaci\u00f3n en el Foro Mundial de la Econom\u00eda Circular, donde se presentaron casos exitosos y se pusieron en agenda los principales desaf\u00edos para la implementaci\u00f3n de modelos m\u00e1s circulares en la regi\u00f3n latinoamericana.<\/p>\n","protected":false},"featured_media":17779,"template":"","class_list":["post-17768","newslette","type-newslette","status-publish","has-post-thumbnail","hentry"],"yoast_head":"<!-- This site is optimized with the Yoast SEO plugin v28.4 - https:\/\/yoast.com\/product\/yoast-seo-wordpress\/ -->\n<title>Mayo 2025 - Programme AL-INVEST Verde<\/title>\n<meta name=\"robots\" content=\"index, follow, max-snippet:-1, max-image-preview:large, max-video-preview:-1\" \/>\n<link rel=\"canonical\" href=\"https:\/\/alinvest-verde.eu\/es_es\/newslette\/mayo-2025\/\" \/>\n<meta property=\"og:locale\" content=\"es_ES\" \/>\n<meta property=\"og:type\" content=\"article\" \/>\n<meta property=\"og:title\" content=\"Mayo 2025 - Programme AL-INVEST Verde\" \/>\n<meta property=\"og:description\" content=\"El bolet\u00edn del mes de mayo destaca el trabajo del Programa en el sector cafetalero y en la promoci\u00f3n de la no deforestaci\u00f3n, as\u00ed como su participaci\u00f3n en el Foro Mundial de la Econom\u00eda Circular, donde se presentaron casos exitosos y se pusieron en agenda los principales desaf\u00edos para la implementaci\u00f3n de modelos m\u00e1s circulares en la regi\u00f3n latinoamericana.\" \/>\n<meta property=\"og:url\" content=\"https:\/\/alinvest-verde.eu\/es_es\/newslette\/mayo-2025\/\" \/>\n<meta property=\"og:site_name\" content=\"Programme AL-INVEST Verde\" \/>\n<meta property=\"article:modified_time\" content=\"2025-05-29T17:41:46+00:00\" \/>\n<meta property=\"og:image\" content=\"https:\/\/alinvest-verde.eu\/wp-content\/uploads\/2025\/05\/Screenshot-2025-05-29-123526.jpg\" \/>\n\t<meta property=\"og:image:width\" content=\"746\" \/>\n\t<meta property=\"og:image:height\" content=\"877\" \/>\n\t<meta property=\"og:image:type\" content=\"image\/jpeg\" \/>\n<meta name=\"twitter:card\" content=\"summary_large_image\" \/>\n<meta name=\"twitter:label1\" content=\"Tiempo de lectura\" \/>\n\t<meta name=\"twitter:data1\" content=\"5 minutos\" \/>\n<script type=\"application\/ld+json\" class=\"yoast-schema-graph\">{\"@context\":\"https:\\\/\\\/schema.org\",\"@graph\":[{\"@type\":\"WebPage\",\"@id\":\"https:\\\/\\\/alinvest-verde.eu\\\/newslette\\\/mayo-2025\\\/\",\"url\":\"https:\\\/\\\/alinvest-verde.eu\\\/newslette\\\/mayo-2025\\\/\",\"name\":\"Mayo 2025 - Programme AL-INVEST Verde\",\"isPartOf\":{\"@id\":\"https:\\\/\\\/alinvest-verde.eu\\\/#website\"},\"primaryImageOfPage\":{\"@id\":\"https:\\\/\\\/alinvest-verde.eu\\\/newslette\\\/mayo-2025\\\/#primaryimage\"},\"image\":{\"@id\":\"https:\\\/\\\/alinvest-verde.eu\\\/newslette\\\/mayo-2025\\\/#primaryimage\"},\"thumbnailUrl\":\"https:\\\/\\\/alinvest-verde.eu\\\/wp-content\\\/uploads\\\/2025\\\/05\\\/Screenshot-2025-05-29-123526.jpg\",\"datePublished\":\"2025-05-29T17:34:49+00:00\",\"dateModified\":\"2025-05-29T17:41:46+00:00\",\"breadcrumb\":{\"@id\":\"https:\\\/\\\/alinvest-verde.eu\\\/newslette\\\/mayo-2025\\\/#breadcrumb\"},\"inLanguage\":\"es\",\"potentialAction\":[{\"@type\":\"ReadAction\",\"target\":[\"https:\\\/\\\/alinvest-verde.eu\\\/newslette\\\/mayo-2025\\\/\"]}]},{\"@type\":\"ImageObject\",\"inLanguage\":\"es\",\"@id\":\"https:\\\/\\\/alinvest-verde.eu\\\/newslette\\\/mayo-2025\\\/#primaryimage\",\"url\":\"https:\\\/\\\/alinvest-verde.eu\\\/wp-content\\\/uploads\\\/2025\\\/05\\\/Screenshot-2025-05-29-123526.jpg\",\"contentUrl\":\"https:\\\/\\\/alinvest-verde.eu\\\/wp-content\\\/uploads\\\/2025\\\/05\\\/Screenshot-2025-05-29-123526.jpg\",\"width\":746,\"height\":877},{\"@type\":\"BreadcrumbList\",\"@id\":\"https:\\\/\\\/alinvest-verde.eu\\\/newslette\\\/mayo-2025\\\/#breadcrumb\",\"itemListElement\":[{\"@type\":\"ListItem\",\"position\":1,\"name\":\"Inicio\",\"item\":\"https:\\\/\\\/alinvest-verde.eu\\\/\"},{\"@type\":\"ListItem\",\"position\":2,\"name\":\"Mayo 2025\"}]},{\"@type\":\"WebSite\",\"@id\":\"https:\\\/\\\/alinvest-verde.eu\\\/#website\",\"url\":\"https:\\\/\\\/alinvest-verde.eu\\\/\",\"name\":\"Programme AL-INVEST Verde\",\"description\":\"Building alliances with the private sector in LA and promote sustainable growth and jobs creation by supporting the transition towards a low-carbon, resource-efficient economy\",\"publisher\":{\"@id\":\"https:\\\/\\\/alinvest-verde.eu\\\/#organization\"},\"potentialAction\":[{\"@type\":\"SearchAction\",\"target\":{\"@type\":\"EntryPoint\",\"urlTemplate\":\"https:\\\/\\\/alinvest-verde.eu\\\/?s={search_term_string}\"},\"query-input\":{\"@type\":\"PropertyValueSpecification\",\"valueRequired\":true,\"valueName\":\"search_term_string\"}}],\"inLanguage\":\"es\"},{\"@type\":\"Organization\",\"@id\":\"https:\\\/\\\/alinvest-verde.eu\\\/#organization\",\"name\":\"Programme AL-INVEST Verde\",\"url\":\"https:\\\/\\\/alinvest-verde.eu\\\/\",\"logo\":{\"@type\":\"ImageObject\",\"inLanguage\":\"es\",\"@id\":\"https:\\\/\\\/alinvest-verde.eu\\\/#\\\/schema\\\/logo\\\/image\\\/\",\"url\":\"https:\\\/\\\/alinvest-verde.eu\\\/wp-content\\\/uploads\\\/2022\\\/01\\\/cropped-logo-financiado-por-la-UE.jpg\",\"contentUrl\":\"https:\\\/\\\/alinvest-verde.eu\\\/wp-content\\\/uploads\\\/2022\\\/01\\\/cropped-logo-financiado-por-la-UE.jpg\",\"width\":756,\"height\":216,\"caption\":\"Programme AL-INVEST Verde\"},\"image\":{\"@id\":\"https:\\\/\\\/alinvest-verde.eu\\\/#\\\/schema\\\/logo\\\/image\\\/\"}}]}<\/script>\n<!-- \/ Yoast SEO plugin. -->","yoast_head_json":{"title":"Mayo 2025 - Programme AL-INVEST Verde","robots":{"index":"index","follow":"follow","max-snippet":"max-snippet:-1","max-image-preview":"max-image-preview:large","max-video-preview":"max-video-preview:-1"},"canonical":"https:\/\/alinvest-verde.eu\/es_es\/newslette\/mayo-2025\/","og_locale":"es_ES","og_type":"article","og_title":"Mayo 2025 - Programme AL-INVEST Verde","og_description":"El bolet\u00edn del mes de mayo destaca el trabajo del Programa en el sector cafetalero y en la promoci\u00f3n de la no deforestaci\u00f3n, as\u00ed como su participaci\u00f3n en el Foro Mundial de la Econom\u00eda Circular, donde se presentaron casos exitosos y se pusieron en agenda los principales desaf\u00edos para la implementaci\u00f3n de modelos m\u00e1s circulares en la regi\u00f3n latinoamericana.","og_url":"https:\/\/alinvest-verde.eu\/es_es\/newslette\/mayo-2025\/","og_site_name":"Programme AL-INVEST Verde","article_modified_time":"2025-05-29T17:41:46+00:00","og_image":[{"width":746,"height":877,"url":"https:\/\/alinvest-verde.eu\/wp-content\/uploads\/2025\/05\/Screenshot-2025-05-29-123526.jpg","type":"image\/jpeg"}],"twitter_card":"summary_large_image","twitter_misc":{"Tiempo de lectura":"5 minutos"},"schema":{"@context":"https:\/\/schema.org","@graph":[{"@type":"WebPage","@id":"https:\/\/alinvest-verde.eu\/newslette\/mayo-2025\/","url":"https:\/\/alinvest-verde.eu\/newslette\/mayo-2025\/","name":"Mayo 2025 - Programme AL-INVEST Verde","isPartOf":{"@id":"https:\/\/alinvest-verde.eu\/#website"},"primaryImageOfPage":{"@id":"https:\/\/alinvest-verde.eu\/newslette\/mayo-2025\/#primaryimage"},"image":{"@id":"https:\/\/alinvest-verde.eu\/newslette\/mayo-2025\/#primaryimage"},"thumbnailUrl":"https:\/\/alinvest-verde.eu\/wp-content\/uploads\/2025\/05\/Screenshot-2025-05-29-123526.jpg","datePublished":"2025-05-29T17:34:49+00:00","dateModified":"2025-05-29T17:41:46+00:00","breadcrumb":{"@id":"https:\/\/alinvest-verde.eu\/newslette\/mayo-2025\/#breadcrumb"},"inLanguage":"es","potentialAction":[{"@type":"ReadAction","target":["https:\/\/alinvest-verde.eu\/newslette\/mayo-2025\/"]}]},{"@type":"ImageObject","inLanguage":"es","@id":"https:\/\/alinvest-verde.eu\/newslette\/mayo-2025\/#primaryimage","url":"https:\/\/alinvest-verde.eu\/wp-content\/uploads\/2025\/05\/Screenshot-2025-05-29-123526.jpg","contentUrl":"https:\/\/alinvest-verde.eu\/wp-content\/uploads\/2025\/05\/Screenshot-2025-05-29-123526.jpg","width":746,"height":877},{"@type":"BreadcrumbList","@id":"https:\/\/alinvest-verde.eu\/newslette\/mayo-2025\/#breadcrumb","itemListElement":[{"@type":"ListItem","position":1,"name":"Inicio","item":"https:\/\/alinvest-verde.eu\/"},{"@type":"ListItem","position":2,"name":"Mayo 2025"}]},{"@type":"WebSite","@id":"https:\/\/alinvest-verde.eu\/#website","url":"https:\/\/alinvest-verde.eu\/","name":"Programme AL-INVEST Verde","description":"Building alliances with the private sector in LA and promote sustainable growth and jobs creation by supporting the transition towards a low-carbon, resource-efficient economy","publisher":{"@id":"https:\/\/alinvest-verde.eu\/#organization"},"potentialAction":[{"@type":"SearchAction","target":{"@type":"EntryPoint","urlTemplate":"https:\/\/alinvest-verde.eu\/?s={search_term_string}"},"query-input":{"@type":"PropertyValueSpecification","valueRequired":true,"valueName":"search_term_string"}}],"inLanguage":"es"},{"@type":"Organization","@id":"https:\/\/alinvest-verde.eu\/#organization","name":"Programme AL-INVEST Verde","url":"https:\/\/alinvest-verde.eu\/","logo":{"@type":"ImageObject","inLanguage":"es","@id":"https:\/\/alinvest-verde.eu\/#\/schema\/logo\/image\/","url":"https:\/\/alinvest-verde.eu\/wp-content\/uploads\/2022\/01\/cropped-logo-financiado-por-la-UE.jpg","contentUrl":"https:\/\/alinvest-verde.eu\/wp-content\/uploads\/2022\/01\/cropped-logo-financiado-por-la-UE.jpg","width":756,"height":216,"caption":"Programme AL-INVEST Verde"},"image":{"@id":"https:\/\/alinvest-verde.eu\/#\/schema\/logo\/image\/"}}]}},"_links":{"self":[{"href":"https:\/\/alinvest-verde.eu\/es_es\/wp-json\/wp\/v2\/newslette\/17768","targetHints":{"allow":["GET"]}}],"collection":[{"href":"https:\/\/alinvest-verde.eu\/es_es\/wp-json\/wp\/v2\/newslette"}],"about":[{"href":"https:\/\/alinvest-verde.eu\/es_es\/wp-json\/wp\/v2\/types\/newslette"}],"version-history":[{"count":3,"href":"https:\/\/alinvest-verde.eu\/es_es\/wp-json\/wp\/v2\/newslette\/17768\/revisions"}],"predecessor-version":[{"id":17781,"href":"https:\/\/alinvest-verde.eu\/es_es\/wp-json\/wp\/v2\/newslette\/17768\/revisions\/17781"}],"wp:featuredmedia":[{"embeddable":true,"href":"https:\/\/alinvest-verde.eu\/es_es\/wp-json\/wp\/v2\/media\/17779"}],"wp:attachment":[{"href":"https:\/\/alinvest-verde.eu\/es_es\/wp-json\/wp\/v2\/media?parent=17768"}],"curies":[{"name":"wp","href":"https:\/\/api.w.org\/{rel}","templated":true}]}}