{"id":5158,"date":"2023-03-08T22:10:31","date_gmt":"2023-03-08T21:10:31","guid":{"rendered":"https:\/\/alinvest-verde.eu\/?p=5158"},"modified":"2024-05-31T03:40:59","modified_gmt":"2024-05-31T01:40:59","slug":"5158-2","status":"publish","type":"newslette","link":"https:\/\/alinvest-verde.eu\/es_es\/newslette\/5158-2\/","title":{"rendered":"Marzo 2023"},"content":{"rendered":"\n<figure class=\"wp-block-image alignright size-large\"><img fetchpriority=\"high\" decoding=\"async\" width=\"1024\" height=\"668\" src=\"https:\/\/alinvest-verde.eu\/wp-content\/uploads\/2023\/03\/foto_programaAIV-1024x668.jpg\" alt=\"\" class=\"wp-image-5245\" srcset=\"https:\/\/alinvest-verde.eu\/wp-content\/uploads\/2023\/03\/foto_programaAIV-1024x668.jpg 1024w, https:\/\/alinvest-verde.eu\/wp-content\/uploads\/2023\/03\/foto_programaAIV-300x196.jpg 300w, https:\/\/alinvest-verde.eu\/wp-content\/uploads\/2023\/03\/foto_programaAIV-768x501.jpg 768w, https:\/\/alinvest-verde.eu\/wp-content\/uploads\/2023\/03\/foto_programaAIV-18x12.jpg 18w, https:\/\/alinvest-verde.eu\/wp-content\/uploads\/2023\/03\/foto_programaAIV.jpg 1086w\" sizes=\"(max-width: 1024px) 100vw, 1024px\" \/><figcaption class=\"wp-element-caption\"><br><strong>Impulsan proyectos de econom\u00eda verde en el Per\u00fa con una inversi\u00f3n cercana al mill\u00f3n y medio de euros&nbsp;<\/strong><br>El programa \u2013 mediante de la ejecuci\u00f3n de su <a href=\"https:\/\/alinvest-verde.eu\/es_es\/acerca-del-componente-1\/\">Componente 1<\/a> \u2013 seleccion\u00f3 25 proyectos de las 136 propuestas que se recibieron durante la Primera Convocatoria de toda Am\u00e9rica Latina. En Per\u00fa, se ejecutar\u00e1n cuatro proyectos enfocados en la transici\u00f3n hacia modelos empresariales bajos en emisiones de carbono, eficientes en el uso de recursos y m\u00e1s circulares que permitir\u00e1n beneficiar a 840 mipymes. <br><br><a href=\"https:\/\/alinvest-verde.eu\/es_es\/cerca-de-un-millon-medio-de-euros-seran-destinados-a-impulsar-proyectos-de-economia-verde-y-sostenibilidad-ambiental-en-peru\/\" target=\"_blank\" rel=\"noreferrer noopener\">Leer noticia completa<\/a><\/figcaption><\/figure>\n\n\n\n<figure class=\"wp-block-image alignright size-large\"><img decoding=\"async\" width=\"1024\" height=\"684\" src=\"https:\/\/alinvest-verde.eu\/wp-content\/uploads\/2023\/02\/IMG-20230201-WA0009-1024x684.jpg\" alt=\"\" class=\"wp-image-4654\" srcset=\"https:\/\/alinvest-verde.eu\/wp-content\/uploads\/2023\/02\/IMG-20230201-WA0009-1024x684.jpg 1024w, https:\/\/alinvest-verde.eu\/wp-content\/uploads\/2023\/02\/IMG-20230201-WA0009-300x200.jpg 300w, https:\/\/alinvest-verde.eu\/wp-content\/uploads\/2023\/02\/IMG-20230201-WA0009-768x513.jpg 768w, https:\/\/alinvest-verde.eu\/wp-content\/uploads\/2023\/02\/IMG-20230201-WA0009-18x12.jpg 18w, https:\/\/alinvest-verde.eu\/wp-content\/uploads\/2023\/02\/IMG-20230201-WA0009.jpg 1504w\" sizes=\"(max-width: 1024px) 100vw, 1024px\" \/><figcaption class=\"wp-element-caption\"><strong>Cerca de 2 millones de euros ser\u00e1n destinados a impulsar proyectos de econom\u00eda verde y sostenibilidad ambiental en Colombia<\/strong><br><br>La Uni\u00f3n Europea dio a conocer los cinco proyectos ganadores para Colombia del Componente 1 del programa AL-INVEST Verde, con una inversi\u00f3n cercana a los 1,9 millones de euros, que beneficiar\u00e1n a m\u00e1s de 2.500 emprendedores y mipymes de todos los sectores en Colombia. El programa busca apoyar la transici\u00f3n energ\u00e9tica, la creaci\u00f3n de empleo, el aumento del volumen de negocio, la adopci\u00f3n de pr\u00e1cticas de producci\u00f3n sostenible y el desarrollo de la mujer emprendedora rural.<br><br><a href=\"https:\/\/alinvest-verde.eu\/es_es\/cerca-de-2-millones-de-euros-seran-destinados-a-impulsar-proyectos-de-economia-verde-y-sostenibilidad-ambiental-en-colombia\/\" target=\"_blank\" rel=\"noreferrer noopener\">Leer noticia completa<\/a>&nbsp;<\/figcaption><\/figure>\n\n\n\n<figure class=\"wp-block-image size-large\"><img decoding=\"async\" width=\"1024\" height=\"576\" src=\"https:\/\/alinvest-verde.eu\/wp-content\/uploads\/2023\/02\/13-1024x576.jpg\" alt=\"\" class=\"wp-image-4909\" srcset=\"https:\/\/alinvest-verde.eu\/wp-content\/uploads\/2023\/02\/13-1024x576.jpg 1024w, https:\/\/alinvest-verde.eu\/wp-content\/uploads\/2023\/02\/13-300x169.jpg 300w, https:\/\/alinvest-verde.eu\/wp-content\/uploads\/2023\/02\/13-768x432.jpg 768w, https:\/\/alinvest-verde.eu\/wp-content\/uploads\/2023\/02\/13-1536x864.jpg 1536w, https:\/\/alinvest-verde.eu\/wp-content\/uploads\/2023\/02\/13-2048x1152.jpg 2048w, https:\/\/alinvest-verde.eu\/wp-content\/uploads\/2023\/02\/13-18x10.jpg 18w\" sizes=\"(max-width: 1024px) 100vw, 1024px\" \/><figcaption class=\"wp-element-caption\"><strong>La provincia argentina de Santa Fe inicia colaboraci\u00f3n con AL-INVEST Verde para la sostenibilidad del sector c\u00e1rnico<\/strong><br><br>El Gobierno de Santa Fe (Argentina) y el&nbsp;<a href=\"https:\/\/alinvest-verde.eu\/es_es\/component-2\/\">Componente 2<\/a>&nbsp;han iniciado una acci\u00f3n conjunta para el fortalecimiento de las pol\u00edticas p\u00fablicas en materia de sostenibilidad en el sector c\u00e1rnico. Mediante esta acci\u00f3n, AL-INVEST Verde brindar\u00e1 apoyo a los equipos t\u00e9cnicos del Ministerio de Producci\u00f3n, Ciencia y Tecnolog\u00eda (MPCT) y el Ministerio de Ambiente y Cambio Clim\u00e1tico (MACC) de la Provincia de Santa Fe.<br><br><a href=\"https:\/\/alinvest-verde.eu\/es_es\/la-provincia-argentina-de-santa-fe-inicia-colaboracion-con-al-invest-verde-para-la-sostenibilidad-del-sector-carnico\/\" target=\"_blank\" rel=\"noreferrer noopener\">Leer noticia completa<\/a><\/figcaption><\/figure>\n\n\n\n<figure class=\"wp-block-image size-full\"><img loading=\"lazy\" decoding=\"async\" width=\"1003\" height=\"599\" src=\"https:\/\/alinvest-verde.eu\/wp-content\/uploads\/2022\/12\/2022-12-05-Reunion-plenaria-Paraguay.jpeg\" alt=\"\" class=\"wp-image-4119\" srcset=\"https:\/\/alinvest-verde.eu\/wp-content\/uploads\/2022\/12\/2022-12-05-Reunion-plenaria-Paraguay.jpeg 1003w, https:\/\/alinvest-verde.eu\/wp-content\/uploads\/2022\/12\/2022-12-05-Reunion-plenaria-Paraguay-300x179.jpeg 300w, https:\/\/alinvest-verde.eu\/wp-content\/uploads\/2022\/12\/2022-12-05-Reunion-plenaria-Paraguay-768x459.jpeg 768w, https:\/\/alinvest-verde.eu\/wp-content\/uploads\/2022\/12\/2022-12-05-Reunion-plenaria-Paraguay-18x12.jpeg 18w\" sizes=\"(max-width: 1003px) 100vw, 1003px\" \/><figcaption class=\"wp-element-caption\"><strong>Cooperaci\u00f3n con REDIEX en Paraguay para apoyar la trazabilidad del proceso productivo del cuero y su certificaci\u00f3n&nbsp;<\/strong><br><br>El Componente 2 y la Red de Inversiones y Exportaciones de Paraguay (REDIEX)&nbsp;han iniciado una acci\u00f3n conjunta&nbsp;para impulsar el desarrollo de una estrategia nacional que permita establecer la trazabilidad del proceso productivo del cuero. Para ello, se llevar\u00e1 a cabo la identificaci\u00f3n individual, registros de residencia y sanitarios del animal, unos datos que se cruzar\u00edan con los del Instituto Forestal Nacional (INFONA) de Paraguay sobre cambio del uso del suelo.<br><br><a href=\"https:\/\/alinvest-verde.eu\/es_es\/al-invest-verde-colabora-con-rediex-en-paraguay-para-apoyar-la-trazabilidad-del-proceso-productivo-del-cuero-y-su-certificacion\/\" target=\"_blank\" rel=\"noreferrer noopener\">Leer noticia completa<\/a><\/figcaption><\/figure>\n\n\n\n<figure class=\"wp-block-image size-large\"><img loading=\"lazy\" decoding=\"async\" width=\"1024\" height=\"682\" src=\"https:\/\/alinvest-verde.eu\/wp-content\/uploads\/2023\/02\/thermometer-1539191_1280-1024x682.jpg\" alt=\"\" class=\"wp-image-5004\" srcset=\"https:\/\/alinvest-verde.eu\/wp-content\/uploads\/2023\/02\/thermometer-1539191_1280-1024x682.jpg 1024w, https:\/\/alinvest-verde.eu\/wp-content\/uploads\/2023\/02\/thermometer-1539191_1280-300x200.jpg 300w, https:\/\/alinvest-verde.eu\/wp-content\/uploads\/2023\/02\/thermometer-1539191_1280-768x512.jpg 768w, https:\/\/alinvest-verde.eu\/wp-content\/uploads\/2023\/02\/thermometer-1539191_1280-18x12.jpg 18w, https:\/\/alinvest-verde.eu\/wp-content\/uploads\/2023\/02\/thermometer-1539191_1280.jpg 1280w\" sizes=\"(max-width: 1024px) 100vw, 1024px\" \/><figcaption class=\"wp-element-caption\"><strong>La Comisi\u00f3n Europea promueve una plataforma de matchmaking y un Foro Farmac\u00e9utico de alto nivel UE-LAC<\/strong><br><br>La Comisi\u00f3n Europea ha lanzado una plataforma en l\u00ednea de matchmaking para promover la colaboraci\u00f3n entre entidades de Am\u00e9rica Latina y el Caribe (LAC) relacionadas con la producci\u00f3n farmac\u00e9utica y sus hom\u00f3logas en la Uni\u00f3n Europea (UE). Adem\u00e1s, el pr\u00f3ximo 21 de marzo organizar\u00e1 el foro de alto nivel \u00abCompartiendo innovaciones farmac\u00e9uticas entre la Uni\u00f3n Europea y Am\u00e9rica Latina y el Caribe\u00bb.<br>&nbsp;<br><a href=\"https:\/\/alinvest-verde.eu\/es_es\/la-comision-europea-promueve-una-plataforma-de-matchmaking-y-un-foro-farmaceutico-de-alto-nivel-ue-lac-2\/\" target=\"_blank\" rel=\"noreferrer noopener\">Leer noticia completa&nbsp;<\/a><\/figcaption><\/figure>\n\n\n\n<figure class=\"wp-block-image size-large\"><img loading=\"lazy\" decoding=\"async\" width=\"1024\" height=\"544\" src=\"https:\/\/alinvest-verde.eu\/wp-content\/uploads\/2023\/03\/learningportalc3-1024x544.png\" alt=\"\" class=\"wp-image-5163\" srcset=\"https:\/\/alinvest-verde.eu\/wp-content\/uploads\/2023\/03\/learningportalc3-1024x544.png 1024w, https:\/\/alinvest-verde.eu\/wp-content\/uploads\/2023\/03\/learningportalc3-300x159.png 300w, https:\/\/alinvest-verde.eu\/wp-content\/uploads\/2023\/03\/learningportalc3-768x408.png 768w, https:\/\/alinvest-verde.eu\/wp-content\/uploads\/2023\/03\/learningportalc3-18x10.png 18w, https:\/\/alinvest-verde.eu\/wp-content\/uploads\/2023\/03\/learningportalc3.png 1278w\" sizes=\"(max-width: 1024px) 100vw, 1024px\" \/><figcaption class=\"wp-element-caption\"><strong>Nuevo portal de formaci\u00f3n<br><\/strong><br>El &nbsp;<a href=\"https:\/\/alinvest-verde.eu\/es_es\/acerca-del-componente-3\/\" target=\"_blank\" rel=\"noreferrer noopener\">Componente 3<\/a> AL-INVEST Verde DPI, liderado por la Oficina de Propiedad Intelectual de la UE (<a href=\"https:\/\/euipo.europa.eu\/ohimportal\/es\/\" target=\"_blank\" rel=\"noreferrer noopener\">EUIPO<\/a>), ha desarrollo un nuevo <a href=\"https:\/\/internationalipcooperation.eu\/en\/alinvest-pi\/learning\">portal de formaci\u00f3<\/a><a href=\"https:\/\/internationalipcooperation.eu\/en\/alinvest-pi\/learning\" target=\"_blank\" rel=\"noreferrer noopener\">n<\/a> para difundir seminarios y otras acciones que permitan poner en valor la gesti\u00f3n de derechos de propiedad intelectual (DPI) en materia de empleo y econom\u00eda circular<\/figcaption><\/figure>\n\n\n\n<figure class=\"wp-block-table is-style-stripes\"><table><tbody><tr><td><img decoding=\"async\" class=\"\" src=\"https:\/\/img.mailinblue.com\/5610116\/images\/content_library\/original\/63f3f035664baf3b854868ad.jpg\" width=\"270\"><\/td><td><strong>Biblioteca AL-INVEST Verde&nbsp;<\/strong><br><br>El Componente 2 ha publicado el estudio &#8220;Iniciativas de&nbsp;trazabilidad de las cadenas de valor de la carne y el cuero en Brasil&#8221;. Encuentra <a href=\"https:\/\/alinvest-verde.eu\/es_es\/elementor-5094\/\" target=\"_blank\" rel=\"noreferrer noopener\"><strong>aqu\u00ed<\/strong><\/a><a href=\"https:\/\/alinvest-verde.eu\/es_es\/documentos-de-interes-componente-2\/\" target=\"_blank\" rel=\"noreferrer noopener\"> <\/a>el estudio completo. &nbsp;<\/td><\/tr><\/tbody><\/table><\/figure>\n\n\n\n<figure class=\"wp-block-table has-medium-font-size\"><table class=\"has-white-color has-vivid-green-cyan-background-color has-text-color has-background\"><tbody><tr><td class=\"has-text-align-left\" data-align=\"left\"><strong>Segunda Convocatoria de Propuestas&nbsp;<br><\/strong><br>El&nbsp;<a href=\"https:\/\/alinvest-verde.eu\/es_es\/acerca-del-componente-1\/\" target=\"_blank\" rel=\"noreferrer noopener\">Componente 1<\/a>&nbsp;viene trabajando en la Segunda Convocatoria de Propuestas de proyectos de econom\u00eda verde en l\u00ednea con el objetivo de promover la creaci\u00f3n de empleo y la sostenibilidad en Am\u00e9rica Latina. Los detalles de la convocatoria se estar\u00e1n anunciado pr\u00f3ximamente.&nbsp;<br>\u00ad<br><a href=\"https:\/\/alinvest-verde.eu\/es_es\/segunda-convocatoria\/\" target=\"_blank\" rel=\"noreferrer noopener\">Conoce los requisitos para participar<\/a><br>\u00ad<\/td><\/tr><\/tbody><\/table><\/figure>\n\n\n\n<figure class=\"wp-block-table alignleft is-style-stripes\"><table><tbody><tr><td class=\"has-text-align-center\" data-align=\"center\"> <br>                                                        <br><br><img decoding=\"async\" class=\"\" src=\"https:\/\/img.mailinblue.com\/5610116\/images\/content_library\/original\/6409feee2e3a3e57b447ea68.jpg\" width=\"270\">                                               <br>                                                                                                                     <\/td><td><br><strong>AL-INVEST Verde TV&nbsp;<\/strong> <br>Promovemos actividades e iniciativas en materia de empleo verde, econom\u00eda circular, sostenibilidad de las cadenas productivas y derechos de propiedad intelectual. Conoce nuestro canal <a href=\"https:\/\/alinvest-verde.eu\/es_es\/al-invest-verde-tv\/\" target=\"_blank\" rel=\"noreferrer noopener\">AL-INVEST Verde TV<\/a> y accede a todos los videos.<\/td><\/tr><\/tbody><\/table><\/figure>\n\n\n\n<p class=\"wp-block-paragraph\"><\/p>\n\n\n\n<p class=\"wp-block-paragraph\"><strong>Sobre AL-INVEST Verde<\/strong>&nbsp;<\/p>\n\n\n\n<p class=\"wp-block-paragraph\">AL-INVEST Verde es un programa financiado por la Uni\u00f3n Europea para promover el crecimiento sostenible y la creaci\u00f3n de empleo en Am\u00e9rica Latina. Se divide en tres componentes (Componentes 1, 2, 3) que trabajan, respectivamente, con el sector privado, instituciones p\u00fablicas de la regi\u00f3n y en la gesti\u00f3n de derechos de propiedad intelectual.&nbsp;<\/p>\n\n\n\n<p class=\"has-text-align-center wp-block-paragraph\"><a href=\"https:\/\/alinvest-verde.eu\/\" target=\"_blank\" rel=\"noreferrer noopener\"><strong>www.alinvest-verde.eu<\/strong><\/a><\/p>\n\n\n\n<p class=\"wp-block-paragraph\"><\/p>\n","protected":false},"excerpt":{"rendered":"<p>El bolet\u00edn electr\u00f3nico de marzo destaca la presentaci\u00f3n de los proyectos de partenariado promovidos por el  Componente 1, la colaboraci\u00f3n del programa con el sector c\u00e1rnico impulsada por el Componente 2 y el lanzamiento del portal de formaci\u00f3n en derechos de propiedad intelectual del Componente 3.<\/p>\n","protected":false},"featured_media":5270,"template":"","class_list":["post-5158","newslette","type-newslette","status-publish","has-post-thumbnail","hentry"],"yoast_head":"<!-- This site is optimized with the Yoast SEO plugin v28.4 - https:\/\/yoast.com\/product\/yoast-seo-wordpress\/ -->\n<title>Marzo 2023 - Programme AL-INVEST Verde<\/title>\n<meta name=\"robots\" content=\"index, follow, max-snippet:-1, max-image-preview:large, max-video-preview:-1\" \/>\n<link rel=\"canonical\" href=\"https:\/\/alinvest-verde.eu\/es_es\/newslette\/5158-2\/\" \/>\n<meta property=\"og:locale\" content=\"es_ES\" \/>\n<meta property=\"og:type\" content=\"article\" \/>\n<meta property=\"og:title\" content=\"Marzo 2023 - Programme AL-INVEST Verde\" \/>\n<meta property=\"og:description\" content=\"El bolet\u00edn electr\u00f3nico de marzo destaca la presentaci\u00f3n de los proyectos de partenariado promovidos por el Componente 1, la colaboraci\u00f3n del programa con el sector c\u00e1rnico impulsada por el Componente 2 y el lanzamiento del portal de formaci\u00f3n en derechos de propiedad intelectual del Componente 3.\" \/>\n<meta property=\"og:url\" content=\"https:\/\/alinvest-verde.eu\/es_es\/newslette\/5158-2\/\" \/>\n<meta property=\"og:site_name\" content=\"Programme AL-INVEST Verde\" \/>\n<meta property=\"article:modified_time\" content=\"2024-05-31T01:40:59+00:00\" \/>\n<meta property=\"og:image\" content=\"https:\/\/alinvest-verde.eu\/wp-content\/uploads\/2023\/03\/newsletter-e1678915784302.jpg\" \/>\n\t<meta property=\"og:image:width\" content=\"160\" \/>\n\t<meta property=\"og:image:height\" content=\"332\" \/>\n\t<meta property=\"og:image:type\" content=\"image\/jpeg\" \/>\n<meta name=\"twitter:card\" content=\"summary_large_image\" \/>\n<meta name=\"twitter:label1\" content=\"Tiempo de lectura\" \/>\n\t<meta name=\"twitter:data1\" content=\"5 minutos\" \/>\n<script type=\"application\/ld+json\" class=\"yoast-schema-graph\">{\"@context\":\"https:\\\/\\\/schema.org\",\"@graph\":[{\"@type\":\"WebPage\",\"@id\":\"https:\\\/\\\/alinvest-verde.eu\\\/newslette\\\/5158-2\\\/\",\"url\":\"https:\\\/\\\/alinvest-verde.eu\\\/newslette\\\/5158-2\\\/\",\"name\":\"Marzo 2023 - Programme AL-INVEST Verde\",\"isPartOf\":{\"@id\":\"https:\\\/\\\/alinvest-verde.eu\\\/#website\"},\"primaryImageOfPage\":{\"@id\":\"https:\\\/\\\/alinvest-verde.eu\\\/newslette\\\/5158-2\\\/#primaryimage\"},\"image\":{\"@id\":\"https:\\\/\\\/alinvest-verde.eu\\\/newslette\\\/5158-2\\\/#primaryimage\"},\"thumbnailUrl\":\"https:\\\/\\\/alinvest-verde.eu\\\/wp-content\\\/uploads\\\/2023\\\/03\\\/newsletter-e1678915784302.jpg\",\"datePublished\":\"2023-03-08T21:10:31+00:00\",\"dateModified\":\"2024-05-31T01:40:59+00:00\",\"breadcrumb\":{\"@id\":\"https:\\\/\\\/alinvest-verde.eu\\\/newslette\\\/5158-2\\\/#breadcrumb\"},\"inLanguage\":\"es\",\"potentialAction\":[{\"@type\":\"ReadAction\",\"target\":[\"https:\\\/\\\/alinvest-verde.eu\\\/newslette\\\/5158-2\\\/\"]}]},{\"@type\":\"ImageObject\",\"inLanguage\":\"es\",\"@id\":\"https:\\\/\\\/alinvest-verde.eu\\\/newslette\\\/5158-2\\\/#primaryimage\",\"url\":\"https:\\\/\\\/alinvest-verde.eu\\\/wp-content\\\/uploads\\\/2023\\\/03\\\/newsletter-e1678915784302.jpg\",\"contentUrl\":\"https:\\\/\\\/alinvest-verde.eu\\\/wp-content\\\/uploads\\\/2023\\\/03\\\/newsletter-e1678915784302.jpg\",\"width\":160,\"height\":332},{\"@type\":\"BreadcrumbList\",\"@id\":\"https:\\\/\\\/alinvest-verde.eu\\\/newslette\\\/5158-2\\\/#breadcrumb\",\"itemListElement\":[{\"@type\":\"ListItem\",\"position\":1,\"name\":\"Inicio\",\"item\":\"https:\\\/\\\/alinvest-verde.eu\\\/\"},{\"@type\":\"ListItem\",\"position\":2,\"name\":\"Marzo 2023\"}]},{\"@type\":\"WebSite\",\"@id\":\"https:\\\/\\\/alinvest-verde.eu\\\/#website\",\"url\":\"https:\\\/\\\/alinvest-verde.eu\\\/\",\"name\":\"Programme AL-INVEST Verde\",\"description\":\"Building alliances with the private sector in LA and promote sustainable growth and jobs creation by supporting the transition towards a low-carbon, resource-efficient economy\",\"publisher\":{\"@id\":\"https:\\\/\\\/alinvest-verde.eu\\\/#organization\"},\"potentialAction\":[{\"@type\":\"SearchAction\",\"target\":{\"@type\":\"EntryPoint\",\"urlTemplate\":\"https:\\\/\\\/alinvest-verde.eu\\\/?s={search_term_string}\"},\"query-input\":{\"@type\":\"PropertyValueSpecification\",\"valueRequired\":true,\"valueName\":\"search_term_string\"}}],\"inLanguage\":\"es\"},{\"@type\":\"Organization\",\"@id\":\"https:\\\/\\\/alinvest-verde.eu\\\/#organization\",\"name\":\"Programme AL-INVEST Verde\",\"url\":\"https:\\\/\\\/alinvest-verde.eu\\\/\",\"logo\":{\"@type\":\"ImageObject\",\"inLanguage\":\"es\",\"@id\":\"https:\\\/\\\/alinvest-verde.eu\\\/#\\\/schema\\\/logo\\\/image\\\/\",\"url\":\"https:\\\/\\\/alinvest-verde.eu\\\/wp-content\\\/uploads\\\/2022\\\/01\\\/cropped-logo-financiado-por-la-UE.jpg\",\"contentUrl\":\"https:\\\/\\\/alinvest-verde.eu\\\/wp-content\\\/uploads\\\/2022\\\/01\\\/cropped-logo-financiado-por-la-UE.jpg\",\"width\":756,\"height\":216,\"caption\":\"Programme AL-INVEST Verde\"},\"image\":{\"@id\":\"https:\\\/\\\/alinvest-verde.eu\\\/#\\\/schema\\\/logo\\\/image\\\/\"}}]}<\/script>\n<!-- \/ Yoast SEO plugin. -->","yoast_head_json":{"title":"Marzo 2023 - Programme AL-INVEST Verde","robots":{"index":"index","follow":"follow","max-snippet":"max-snippet:-1","max-image-preview":"max-image-preview:large","max-video-preview":"max-video-preview:-1"},"canonical":"https:\/\/alinvest-verde.eu\/es_es\/newslette\/5158-2\/","og_locale":"es_ES","og_type":"article","og_title":"Marzo 2023 - Programme AL-INVEST Verde","og_description":"El bolet\u00edn electr\u00f3nico de marzo destaca la presentaci\u00f3n de los proyectos de partenariado promovidos por el Componente 1, la colaboraci\u00f3n del programa con el sector c\u00e1rnico impulsada por el Componente 2 y el lanzamiento del portal de formaci\u00f3n en derechos de propiedad intelectual del Componente 3.","og_url":"https:\/\/alinvest-verde.eu\/es_es\/newslette\/5158-2\/","og_site_name":"Programme AL-INVEST Verde","article_modified_time":"2024-05-31T01:40:59+00:00","og_image":[{"width":160,"height":332,"url":"https:\/\/alinvest-verde.eu\/wp-content\/uploads\/2023\/03\/newsletter-e1678915784302.jpg","type":"image\/jpeg"}],"twitter_card":"summary_large_image","twitter_misc":{"Tiempo de lectura":"5 minutos"},"schema":{"@context":"https:\/\/schema.org","@graph":[{"@type":"WebPage","@id":"https:\/\/alinvest-verde.eu\/newslette\/5158-2\/","url":"https:\/\/alinvest-verde.eu\/newslette\/5158-2\/","name":"Marzo 2023 - Programme AL-INVEST Verde","isPartOf":{"@id":"https:\/\/alinvest-verde.eu\/#website"},"primaryImageOfPage":{"@id":"https:\/\/alinvest-verde.eu\/newslette\/5158-2\/#primaryimage"},"image":{"@id":"https:\/\/alinvest-verde.eu\/newslette\/5158-2\/#primaryimage"},"thumbnailUrl":"https:\/\/alinvest-verde.eu\/wp-content\/uploads\/2023\/03\/newsletter-e1678915784302.jpg","datePublished":"2023-03-08T21:10:31+00:00","dateModified":"2024-05-31T01:40:59+00:00","breadcrumb":{"@id":"https:\/\/alinvest-verde.eu\/newslette\/5158-2\/#breadcrumb"},"inLanguage":"es","potentialAction":[{"@type":"ReadAction","target":["https:\/\/alinvest-verde.eu\/newslette\/5158-2\/"]}]},{"@type":"ImageObject","inLanguage":"es","@id":"https:\/\/alinvest-verde.eu\/newslette\/5158-2\/#primaryimage","url":"https:\/\/alinvest-verde.eu\/wp-content\/uploads\/2023\/03\/newsletter-e1678915784302.jpg","contentUrl":"https:\/\/alinvest-verde.eu\/wp-content\/uploads\/2023\/03\/newsletter-e1678915784302.jpg","width":160,"height":332},{"@type":"BreadcrumbList","@id":"https:\/\/alinvest-verde.eu\/newslette\/5158-2\/#breadcrumb","itemListElement":[{"@type":"ListItem","position":1,"name":"Inicio","item":"https:\/\/alinvest-verde.eu\/"},{"@type":"ListItem","position":2,"name":"Marzo 2023"}]},{"@type":"WebSite","@id":"https:\/\/alinvest-verde.eu\/#website","url":"https:\/\/alinvest-verde.eu\/","name":"Programme AL-INVEST Verde","description":"Building alliances with the private sector in LA and promote sustainable growth and jobs creation by supporting the transition towards a low-carbon, resource-efficient economy","publisher":{"@id":"https:\/\/alinvest-verde.eu\/#organization"},"potentialAction":[{"@type":"SearchAction","target":{"@type":"EntryPoint","urlTemplate":"https:\/\/alinvest-verde.eu\/?s={search_term_string}"},"query-input":{"@type":"PropertyValueSpecification","valueRequired":true,"valueName":"search_term_string"}}],"inLanguage":"es"},{"@type":"Organization","@id":"https:\/\/alinvest-verde.eu\/#organization","name":"Programme AL-INVEST Verde","url":"https:\/\/alinvest-verde.eu\/","logo":{"@type":"ImageObject","inLanguage":"es","@id":"https:\/\/alinvest-verde.eu\/#\/schema\/logo\/image\/","url":"https:\/\/alinvest-verde.eu\/wp-content\/uploads\/2022\/01\/cropped-logo-financiado-por-la-UE.jpg","contentUrl":"https:\/\/alinvest-verde.eu\/wp-content\/uploads\/2022\/01\/cropped-logo-financiado-por-la-UE.jpg","width":756,"height":216,"caption":"Programme AL-INVEST Verde"},"image":{"@id":"https:\/\/alinvest-verde.eu\/#\/schema\/logo\/image\/"}}]}},"_links":{"self":[{"href":"https:\/\/alinvest-verde.eu\/es_es\/wp-json\/wp\/v2\/newslette\/5158","targetHints":{"allow":["GET"]}}],"collection":[{"href":"https:\/\/alinvest-verde.eu\/es_es\/wp-json\/wp\/v2\/newslette"}],"about":[{"href":"https:\/\/alinvest-verde.eu\/es_es\/wp-json\/wp\/v2\/types\/newslette"}],"version-history":[{"count":14,"href":"https:\/\/alinvest-verde.eu\/es_es\/wp-json\/wp\/v2\/newslette\/5158\/revisions"}],"predecessor-version":[{"id":12958,"href":"https:\/\/alinvest-verde.eu\/es_es\/wp-json\/wp\/v2\/newslette\/5158\/revisions\/12958"}],"wp:featuredmedia":[{"embeddable":true,"href":"https:\/\/alinvest-verde.eu\/es_es\/wp-json\/wp\/v2\/media\/5270"}],"wp:attachment":[{"href":"https:\/\/alinvest-verde.eu\/es_es\/wp-json\/wp\/v2\/media?parent=5158"}],"curies":[{"name":"wp","href":"https:\/\/api.w.org\/{rel}","templated":true}]}}