{"id":5799,"date":"2023-04-14T02:45:03","date_gmt":"2023-04-14T00:45:03","guid":{"rendered":"https:\/\/alinvest-verde.eu\/?post_type=newslette&#038;p=5799"},"modified":"2024-05-31T03:40:31","modified_gmt":"2024-05-31T01:40:31","slug":"5799","status":"publish","type":"newslette","link":"https:\/\/alinvest-verde.eu\/es_es\/newslette\/5799\/","title":{"rendered":"Abril 2023"},"content":{"rendered":"\n<figure class=\"wp-block-image size-full\"><img fetchpriority=\"high\" decoding=\"async\" width=\"1024\" height=\"722\" src=\"https:\/\/alinvest-verde.eu\/wp-content\/uploads\/2023\/04\/image-1.png\" alt=\"\" class=\"wp-image-5800\" srcset=\"https:\/\/alinvest-verde.eu\/wp-content\/uploads\/2023\/04\/image-1.png 1024w, https:\/\/alinvest-verde.eu\/wp-content\/uploads\/2023\/04\/image-1-300x212.png 300w, https:\/\/alinvest-verde.eu\/wp-content\/uploads\/2023\/04\/image-1-768x542.png 768w, https:\/\/alinvest-verde.eu\/wp-content\/uploads\/2023\/04\/image-1-18x12.png 18w\" sizes=\"(max-width: 1024px) 100vw, 1024px\" \/><\/figure>\n\n\n\n<p class=\"wp-block-paragraph\"><strong>SE ANALIZA EN PER\u00da EL IMPACTO DEL REGLAMENTO DE DEFORESTACI\u00d3N DE LA UNI\u00d3N EUROPEA<\/strong><\/p>\n\n\n\n<p class=\"wp-block-paragraph\">A invitaci\u00f3n del Banco Mundial y del Ministerio de Comercio Exterior y Turismo (MINCETUR) de Per\u00fa, el Componente 2 de AL-INVEST Verde particip\u00f3 en Lima en diversos encuentros con actores p\u00fablicos y privados responsables de las cadenas agroexportadoras de la madera, el caf\u00e9, el cacao y el aceite de palma. En los encuentros, se analiz\u00f3 el impacto del reglamento de deforestaci\u00f3n de la Uni\u00f3n Europea en sus exportaciones. <\/p>\n\n\n\n<p class=\"wp-block-paragraph\"><a href=\"https:\/\/alinvest-verde.eu\/es_es\/se-analiza-en-peru-el-impacto-del-reglamento-de-deforestacion-de-la-ue\/\">Leer noticia completa<\/a><\/p>\n\n\n\n<figure class=\"wp-block-image size-large\"><img decoding=\"async\" width=\"1024\" height=\"681\" src=\"https:\/\/alinvest-verde.eu\/wp-content\/uploads\/2023\/04\/image-2-1024x681.png\" alt=\"\" class=\"wp-image-5801\" srcset=\"https:\/\/alinvest-verde.eu\/wp-content\/uploads\/2023\/04\/image-2-1024x681.png 1024w, https:\/\/alinvest-verde.eu\/wp-content\/uploads\/2023\/04\/image-2-300x200.png 300w, https:\/\/alinvest-verde.eu\/wp-content\/uploads\/2023\/04\/image-2-768x511.png 768w, https:\/\/alinvest-verde.eu\/wp-content\/uploads\/2023\/04\/image-2-1536x1021.png 1536w, https:\/\/alinvest-verde.eu\/wp-content\/uploads\/2023\/04\/image-2-18x12.png 18w, https:\/\/alinvest-verde.eu\/wp-content\/uploads\/2023\/04\/image-2.png 1600w\" sizes=\"(max-width: 1024px) 100vw, 1024px\" \/><\/figure>\n\n\n\n<p class=\"wp-block-paragraph\"><strong>PROYECTO BEGREEN APOYAR\u00c1 A M\u00c1S DE MIL PRODUCTORES AP\u00cdCOLAS PARA EL FOMENTO DE EMPLEOS VERDES EN BOLIVIA&nbsp;<\/strong><\/p>\n\n\n\n<p class=\"wp-block-paragraph\">La C\u00e1mara Nacional de Comercio de Bolivia, en alianza con la Confederaci\u00f3n de Agricultores de Umbria (Italia), recibi\u00f3 una subvenci\u00f3n en el marco de la Primera Convocatoria de propuestas de proyectos del Componente 1 del programa AL-INVEST Verde.<\/p>\n\n\n\n<p class=\"wp-block-paragraph\"><a href=\"https:\/\/alinvest-verde.eu\/es_es\/proyecto-beegreen-apoyara-a-mas-de-1-000-productores-del-sector-apicola-para-el-fomento-de-empleos-verdes-en-bolivia\/\">Leer noticia completa<\/a><\/p>\n\n\n\n<figure class=\"wp-block-image size-large\"><img decoding=\"async\" src=\"https:\/\/alinvest-verde.eu\/wp-content\/uploads\/2023\/04\/image-3-1024x809.png\" alt=\"\" class=\"wp-image-5802\"\/><\/figure>\n\n\n\n<p class=\"wp-block-paragraph\"><strong>CONTIN\u00daA EL TRABAJO EN PARAGUAY PARA APOYAR LA SOSTENIBILIDAD DEL SECTOR FORESTAL<\/strong><\/p>\n\n\n\n<p class=\"wp-block-paragraph\">En el marco de la asistencia t\u00e9cnica que AL-INVEST Verde presta a la Red de Inversiones y Exportaciones de Paraguay (REDIEX), a trav\u00e9s del Componente 2, se llev\u00f3 a cabo una misi\u00f3n t\u00e9cnica en el pa\u00eds del 13 al 23 de febrero para la definici\u00f3n de estrategias sostenibles en el sector forestal.<\/p>\n\n\n\n<p class=\"wp-block-paragraph\"><a href=\"https:\/\/alinvest-verde.eu\/es_es\/continua-el-trabajo-en-paraguay-para-apoyar-la-sostenibilidad-del-sector-forestal\/\">Leer noticia completa<\/a><\/p>\n\n\n\n<figure class=\"wp-block-image size-full\"><img decoding=\"async\" width=\"960\" height=\"720\" src=\"https:\/\/alinvest-verde.eu\/wp-content\/uploads\/2023\/04\/image-4.png\" alt=\"\" class=\"wp-image-5803\" srcset=\"https:\/\/alinvest-verde.eu\/wp-content\/uploads\/2023\/04\/image-4.png 960w, https:\/\/alinvest-verde.eu\/wp-content\/uploads\/2023\/04\/image-4-300x225.png 300w, https:\/\/alinvest-verde.eu\/wp-content\/uploads\/2023\/04\/image-4-768x576.png 768w, https:\/\/alinvest-verde.eu\/wp-content\/uploads\/2023\/04\/image-4-16x12.png 16w\" sizes=\"(max-width: 960px) 100vw, 960px\" \/><\/figure>\n\n\n\n<p class=\"wp-block-paragraph\"><strong>TRAZABILIDAD DEL SECTOR PALMA<\/strong><\/p>\n\n\n\n<p class=\"wp-block-paragraph\">Buenas pr\u00e1cticas implementadas en Guatemala para garantizar la sostenibilidad del cultivo&nbsp;<\/p>\n\n\n\n<p class=\"wp-block-paragraph\">Cuando hablamos de trazabilidad, nos referimos a la implementaci\u00f3n de procesos o procedimientos que permiten tener certeza del origen y el recorrido, en un ciclo productivo, por el que pasa una materia prima o producto. Por lo tanto, los sistemas de trazabilidad permiten asegurar el origen de un producto o materia prima. Para el caso de aceite de palma, tanto sistemas de trazabilidad basados en monitoreos y an\u00e1lisis satelitales, son relevantes porque se constituyen en una base t\u00e9cnica para asegurar que el cultivo fue establecido y desarrollado desde su inicio, libre de deforestaci\u00f3n; se puede demostrar que no hubo sustituci\u00f3n de bosques para el establecimiento de la plantaci\u00f3n del cultivo de palma.<\/p>\n\n\n\n<p class=\"wp-block-paragraph\"><a href=\"https:\/\/alinvest-verde.eu\/es_es\/trazabilidad-del-sector-palma\/\">Leer art\u00edculo completo<\/a><\/p>\n\n\n\n<figure class=\"wp-block-image size-full\"><img loading=\"lazy\" decoding=\"async\" width=\"879\" height=\"707\" src=\"https:\/\/alinvest-verde.eu\/wp-content\/uploads\/2023\/04\/image-5.png\" alt=\"\" class=\"wp-image-5804\" srcset=\"https:\/\/alinvest-verde.eu\/wp-content\/uploads\/2023\/04\/image-5.png 879w, https:\/\/alinvest-verde.eu\/wp-content\/uploads\/2023\/04\/image-5-300x241.png 300w, https:\/\/alinvest-verde.eu\/wp-content\/uploads\/2023\/04\/image-5-768x618.png 768w, https:\/\/alinvest-verde.eu\/wp-content\/uploads\/2023\/04\/image-5-15x12.png 15w\" sizes=\"(max-width: 879px) 100vw, 879px\" \/><\/figure>\n\n\n\n<p class=\"wp-block-paragraph\"><strong>PARTICIPACI\u00d3N EN LA FERIA LINEAPELLE DE MIL\u00c1N SOBRE TRAZABILIDAD EN EL SECTOR DEL CUERO EN PARAGUAY<\/strong><\/p>\n\n\n\n<p class=\"wp-block-paragraph\">El Componente 2 de AL-INVEST Verde particip\u00f3 en la exposici\u00f3n internacional de cuero y accesorios Lineapelle 2023, en Mil\u00e1n (Italia). Durante el panel \u201cTrazabilidad y circularidad en la cadena del valor internacional del cuero\u201d, Lorenzo Nalin, programme manager de AL-INVEST Verde, present\u00f3 las actividades que el programa desarrolla en la actualidad en este \u00e1mbito en Paraguay.<\/p>\n\n\n\n<p class=\"wp-block-paragraph\"><a href=\"https:\/\/alinvest-verde.eu\/es_es\/participacion-en-la-feria-lineapelle-de-milan-sobre-trazabilidad-en-el-sector-del-cuero-en-paraguay\/\">Leer noticia completa<\/a><\/p>\n\n\n\n<figure class=\"wp-block-table is-style-stripes\"><table class=\"has-white-background-color has-background\"><tbody><tr><td><strong>WEBINAR: DPIs PARA EL IMPULSO DE LA ECONOM\u00cdA VERDE<br><\/strong><br>En el marco del D\u00eda de la Tierra y el D\u00eda de la Propiedad Intelectual, los Componentes 1 y 3 del programa AL-INVEST Verde organizan el pr\u00f3ximo 25 de abril un evento online en el que se analizar\u00e1 c\u00f3mo la propiedad intelectual puede impulsar oportunidades de cooperaci\u00f3n e innovaci\u00f3n sostenible.<br><br>Mayor informaci\u00f3n <strong><a href=\"https:\/\/alinvest-verde.eu\/es_es\/webinar-derechos-de-propiedad-intelectual-para-ei-impulso-de-la-economia-verde-en-las-pymes\/\">aqu\u00ed<\/a><\/strong>.<\/td><\/tr><\/tbody><\/table><\/figure>\n\n\n\n<figure class=\"wp-block-table is-style-regular\"><table class=\"has-white-color has-vivid-green-cyan-background-color has-text-color has-background\"><tbody><tr><td><strong>BIBLIOTECA&nbsp;AL-INVEST Verde &nbsp;<\/strong><br><br>El Componente 2 presenta el resumen ejecutivo del &#8220;Di\u00e1logo para un caf\u00e9 sostenible en Am\u00e9rica Latina: buenas pr\u00e1cticas, desaf\u00edos y perspectivas futuras&#8221;, evento organizado en la \u00faltima edici\u00f3n de la feria SIGEP, celebrada en R\u00edmini (Italia) el pasado 21 de enero. Encuentra&nbsp;<a href=\"https:\/\/alinvest-verde.eu\/es_es\/dialogo-para-un-cafe-sostenible-en-america-latina-buenas-practicas-desafios-y-perspectivas-futuras\/\" target=\"_blank\" rel=\"noreferrer noopener\"><strong>aqu\u00ed<\/strong><\/a>&nbsp;el documento completo.<\/td><\/tr><\/tbody><\/table><\/figure>\n\n\n\n<figure class=\"wp-block-table is-style-regular\"><table class=\"has-white-color has-vivid-cyan-blue-background-color has-text-color has-background\"><tbody><tr><td><strong>AL-INVEST Verde TV &nbsp;<\/strong><br>Gaspar Frontini, embajador de la Uni\u00f3n Europea en el Per\u00fa, habla sobre los alcances del programa en el marco del trabajo con el sector privado que impulsa el Componente 1. M\u00e1s videos&nbsp;<a href=\"https:\/\/alinvest-verde.eu\/es_es\/al-invest-verde-tv\/\" target=\"_blank\" rel=\"noreferrer noopener\"><strong>aqu\u00ed<\/strong><\/a>.&nbsp;<\/td><\/tr><\/tbody><\/table><\/figure>\n\n\n\n<figure class=\"wp-block-image aligncenter size-large is-resized\"><img loading=\"lazy\" decoding=\"async\" src=\"https:\/\/alinvest-verde.eu\/wp-content\/uploads\/2023\/04\/image-10-1024x182.png\" alt=\"\" class=\"wp-image-5809\" width=\"501\" height=\"89\" srcset=\"https:\/\/alinvest-verde.eu\/wp-content\/uploads\/2023\/04\/image-10-1024x182.png 1024w, https:\/\/alinvest-verde.eu\/wp-content\/uploads\/2023\/04\/image-10-300x53.png 300w, https:\/\/alinvest-verde.eu\/wp-content\/uploads\/2023\/04\/image-10-768x137.png 768w, https:\/\/alinvest-verde.eu\/wp-content\/uploads\/2023\/04\/image-10-18x3.png 18w, https:\/\/alinvest-verde.eu\/wp-content\/uploads\/2023\/04\/image-10.png 1212w\" sizes=\"(max-width: 501px) 100vw, 501px\" \/><\/figure>\n","protected":false},"excerpt":{"rendered":"<p>El bolet\u00edn electr\u00f3nico de abril destaca el trabajo con el sector forestal que viene promoviendo el Componente 2, as\u00ed como el trabajo por la trazabilidad para el sector c\u00e1rnico. Tambi\u00e9n nos permite conocer las buenas pr\u00e1cticas en el cultivo de palma implementadas en Guatemala, un pa\u00eds que ha impulsado sistemas de trazabilidad durante todo el ciclo productivo.<\/p>\n","protected":false},"featured_media":5797,"template":"","class_list":["post-5799","newslette","type-newslette","status-publish","has-post-thumbnail","hentry"],"yoast_head":"<!-- This site is optimized with the Yoast SEO plugin v28.4 - https:\/\/yoast.com\/product\/yoast-seo-wordpress\/ -->\n<title>Abril 2023 - Programme AL-INVEST Verde<\/title>\n<meta name=\"robots\" content=\"index, follow, max-snippet:-1, max-image-preview:large, max-video-preview:-1\" \/>\n<link rel=\"canonical\" href=\"https:\/\/alinvest-verde.eu\/es_es\/newslette\/5799\/\" \/>\n<meta property=\"og:locale\" content=\"es_ES\" \/>\n<meta property=\"og:type\" content=\"article\" \/>\n<meta property=\"og:title\" content=\"Abril 2023 - Programme AL-INVEST Verde\" \/>\n<meta property=\"og:description\" content=\"El bolet\u00edn electr\u00f3nico de abril destaca el trabajo con el sector forestal que viene promoviendo el Componente 2, as\u00ed como el trabajo por la trazabilidad para el sector c\u00e1rnico. Tambi\u00e9n nos permite conocer las buenas pr\u00e1cticas en el cultivo de palma implementadas en Guatemala, un pa\u00eds que ha impulsado sistemas de trazabilidad durante todo el ciclo productivo.\" \/>\n<meta property=\"og:url\" content=\"https:\/\/alinvest-verde.eu\/es_es\/newslette\/5799\/\" \/>\n<meta property=\"og:site_name\" content=\"Programme AL-INVEST Verde\" \/>\n<meta property=\"article:modified_time\" content=\"2024-05-31T01:40:31+00:00\" \/>\n<meta property=\"og:image\" content=\"https:\/\/alinvest-verde.eu\/wp-content\/uploads\/2023\/04\/newsletter-abril-.jpg\" \/>\n\t<meta property=\"og:image:width\" content=\"432\" \/>\n\t<meta property=\"og:image:height\" content=\"720\" \/>\n\t<meta property=\"og:image:type\" content=\"image\/jpeg\" \/>\n<meta name=\"twitter:card\" content=\"summary_large_image\" \/>\n<meta name=\"twitter:label1\" content=\"Tiempo de lectura\" \/>\n\t<meta name=\"twitter:data1\" content=\"4 minutos\" \/>\n<script type=\"application\/ld+json\" class=\"yoast-schema-graph\">{\"@context\":\"https:\\\/\\\/schema.org\",\"@graph\":[{\"@type\":\"WebPage\",\"@id\":\"https:\\\/\\\/alinvest-verde.eu\\\/newslette\\\/5799\\\/\",\"url\":\"https:\\\/\\\/alinvest-verde.eu\\\/newslette\\\/5799\\\/\",\"name\":\"Abril 2023 - Programme AL-INVEST Verde\",\"isPartOf\":{\"@id\":\"https:\\\/\\\/alinvest-verde.eu\\\/#website\"},\"primaryImageOfPage\":{\"@id\":\"https:\\\/\\\/alinvest-verde.eu\\\/newslette\\\/5799\\\/#primaryimage\"},\"image\":{\"@id\":\"https:\\\/\\\/alinvest-verde.eu\\\/newslette\\\/5799\\\/#primaryimage\"},\"thumbnailUrl\":\"https:\\\/\\\/alinvest-verde.eu\\\/wp-content\\\/uploads\\\/2023\\\/04\\\/newsletter-abril-.jpg\",\"datePublished\":\"2023-04-14T00:45:03+00:00\",\"dateModified\":\"2024-05-31T01:40:31+00:00\",\"breadcrumb\":{\"@id\":\"https:\\\/\\\/alinvest-verde.eu\\\/newslette\\\/5799\\\/#breadcrumb\"},\"inLanguage\":\"es\",\"potentialAction\":[{\"@type\":\"ReadAction\",\"target\":[\"https:\\\/\\\/alinvest-verde.eu\\\/newslette\\\/5799\\\/\"]}]},{\"@type\":\"ImageObject\",\"inLanguage\":\"es\",\"@id\":\"https:\\\/\\\/alinvest-verde.eu\\\/newslette\\\/5799\\\/#primaryimage\",\"url\":\"https:\\\/\\\/alinvest-verde.eu\\\/wp-content\\\/uploads\\\/2023\\\/04\\\/newsletter-abril-.jpg\",\"contentUrl\":\"https:\\\/\\\/alinvest-verde.eu\\\/wp-content\\\/uploads\\\/2023\\\/04\\\/newsletter-abril-.jpg\",\"width\":432,\"height\":720},{\"@type\":\"BreadcrumbList\",\"@id\":\"https:\\\/\\\/alinvest-verde.eu\\\/newslette\\\/5799\\\/#breadcrumb\",\"itemListElement\":[{\"@type\":\"ListItem\",\"position\":1,\"name\":\"Inicio\",\"item\":\"https:\\\/\\\/alinvest-verde.eu\\\/\"},{\"@type\":\"ListItem\",\"position\":2,\"name\":\"Abril 2023\"}]},{\"@type\":\"WebSite\",\"@id\":\"https:\\\/\\\/alinvest-verde.eu\\\/#website\",\"url\":\"https:\\\/\\\/alinvest-verde.eu\\\/\",\"name\":\"Programme AL-INVEST Verde\",\"description\":\"Building alliances with the private sector in LA and promote sustainable growth and jobs creation by supporting the transition towards a low-carbon, resource-efficient economy\",\"publisher\":{\"@id\":\"https:\\\/\\\/alinvest-verde.eu\\\/#organization\"},\"potentialAction\":[{\"@type\":\"SearchAction\",\"target\":{\"@type\":\"EntryPoint\",\"urlTemplate\":\"https:\\\/\\\/alinvest-verde.eu\\\/?s={search_term_string}\"},\"query-input\":{\"@type\":\"PropertyValueSpecification\",\"valueRequired\":true,\"valueName\":\"search_term_string\"}}],\"inLanguage\":\"es\"},{\"@type\":\"Organization\",\"@id\":\"https:\\\/\\\/alinvest-verde.eu\\\/#organization\",\"name\":\"Programme AL-INVEST Verde\",\"url\":\"https:\\\/\\\/alinvest-verde.eu\\\/\",\"logo\":{\"@type\":\"ImageObject\",\"inLanguage\":\"es\",\"@id\":\"https:\\\/\\\/alinvest-verde.eu\\\/#\\\/schema\\\/logo\\\/image\\\/\",\"url\":\"https:\\\/\\\/alinvest-verde.eu\\\/wp-content\\\/uploads\\\/2022\\\/01\\\/cropped-logo-financiado-por-la-UE.jpg\",\"contentUrl\":\"https:\\\/\\\/alinvest-verde.eu\\\/wp-content\\\/uploads\\\/2022\\\/01\\\/cropped-logo-financiado-por-la-UE.jpg\",\"width\":756,\"height\":216,\"caption\":\"Programme AL-INVEST Verde\"},\"image\":{\"@id\":\"https:\\\/\\\/alinvest-verde.eu\\\/#\\\/schema\\\/logo\\\/image\\\/\"}}]}<\/script>\n<!-- \/ Yoast SEO plugin. -->","yoast_head_json":{"title":"Abril 2023 - Programme AL-INVEST Verde","robots":{"index":"index","follow":"follow","max-snippet":"max-snippet:-1","max-image-preview":"max-image-preview:large","max-video-preview":"max-video-preview:-1"},"canonical":"https:\/\/alinvest-verde.eu\/es_es\/newslette\/5799\/","og_locale":"es_ES","og_type":"article","og_title":"Abril 2023 - Programme AL-INVEST Verde","og_description":"El bolet\u00edn electr\u00f3nico de abril destaca el trabajo con el sector forestal que viene promoviendo el Componente 2, as\u00ed como el trabajo por la trazabilidad para el sector c\u00e1rnico. Tambi\u00e9n nos permite conocer las buenas pr\u00e1cticas en el cultivo de palma implementadas en Guatemala, un pa\u00eds que ha impulsado sistemas de trazabilidad durante todo el ciclo productivo.","og_url":"https:\/\/alinvest-verde.eu\/es_es\/newslette\/5799\/","og_site_name":"Programme AL-INVEST Verde","article_modified_time":"2024-05-31T01:40:31+00:00","og_image":[{"width":432,"height":720,"url":"https:\/\/alinvest-verde.eu\/wp-content\/uploads\/2023\/04\/newsletter-abril-.jpg","type":"image\/jpeg"}],"twitter_card":"summary_large_image","twitter_misc":{"Tiempo de lectura":"4 minutos"},"schema":{"@context":"https:\/\/schema.org","@graph":[{"@type":"WebPage","@id":"https:\/\/alinvest-verde.eu\/newslette\/5799\/","url":"https:\/\/alinvest-verde.eu\/newslette\/5799\/","name":"Abril 2023 - Programme AL-INVEST Verde","isPartOf":{"@id":"https:\/\/alinvest-verde.eu\/#website"},"primaryImageOfPage":{"@id":"https:\/\/alinvest-verde.eu\/newslette\/5799\/#primaryimage"},"image":{"@id":"https:\/\/alinvest-verde.eu\/newslette\/5799\/#primaryimage"},"thumbnailUrl":"https:\/\/alinvest-verde.eu\/wp-content\/uploads\/2023\/04\/newsletter-abril-.jpg","datePublished":"2023-04-14T00:45:03+00:00","dateModified":"2024-05-31T01:40:31+00:00","breadcrumb":{"@id":"https:\/\/alinvest-verde.eu\/newslette\/5799\/#breadcrumb"},"inLanguage":"es","potentialAction":[{"@type":"ReadAction","target":["https:\/\/alinvest-verde.eu\/newslette\/5799\/"]}]},{"@type":"ImageObject","inLanguage":"es","@id":"https:\/\/alinvest-verde.eu\/newslette\/5799\/#primaryimage","url":"https:\/\/alinvest-verde.eu\/wp-content\/uploads\/2023\/04\/newsletter-abril-.jpg","contentUrl":"https:\/\/alinvest-verde.eu\/wp-content\/uploads\/2023\/04\/newsletter-abril-.jpg","width":432,"height":720},{"@type":"BreadcrumbList","@id":"https:\/\/alinvest-verde.eu\/newslette\/5799\/#breadcrumb","itemListElement":[{"@type":"ListItem","position":1,"name":"Inicio","item":"https:\/\/alinvest-verde.eu\/"},{"@type":"ListItem","position":2,"name":"Abril 2023"}]},{"@type":"WebSite","@id":"https:\/\/alinvest-verde.eu\/#website","url":"https:\/\/alinvest-verde.eu\/","name":"Programme AL-INVEST Verde","description":"Building alliances with the private sector in LA and promote sustainable growth and jobs creation by supporting the transition towards a low-carbon, resource-efficient economy","publisher":{"@id":"https:\/\/alinvest-verde.eu\/#organization"},"potentialAction":[{"@type":"SearchAction","target":{"@type":"EntryPoint","urlTemplate":"https:\/\/alinvest-verde.eu\/?s={search_term_string}"},"query-input":{"@type":"PropertyValueSpecification","valueRequired":true,"valueName":"search_term_string"}}],"inLanguage":"es"},{"@type":"Organization","@id":"https:\/\/alinvest-verde.eu\/#organization","name":"Programme AL-INVEST Verde","url":"https:\/\/alinvest-verde.eu\/","logo":{"@type":"ImageObject","inLanguage":"es","@id":"https:\/\/alinvest-verde.eu\/#\/schema\/logo\/image\/","url":"https:\/\/alinvest-verde.eu\/wp-content\/uploads\/2022\/01\/cropped-logo-financiado-por-la-UE.jpg","contentUrl":"https:\/\/alinvest-verde.eu\/wp-content\/uploads\/2022\/01\/cropped-logo-financiado-por-la-UE.jpg","width":756,"height":216,"caption":"Programme AL-INVEST Verde"},"image":{"@id":"https:\/\/alinvest-verde.eu\/#\/schema\/logo\/image\/"}}]}},"_links":{"self":[{"href":"https:\/\/alinvest-verde.eu\/es_es\/wp-json\/wp\/v2\/newslette\/5799","targetHints":{"allow":["GET"]}}],"collection":[{"href":"https:\/\/alinvest-verde.eu\/es_es\/wp-json\/wp\/v2\/newslette"}],"about":[{"href":"https:\/\/alinvest-verde.eu\/es_es\/wp-json\/wp\/v2\/types\/newslette"}],"version-history":[{"count":2,"href":"https:\/\/alinvest-verde.eu\/es_es\/wp-json\/wp\/v2\/newslette\/5799\/revisions"}],"predecessor-version":[{"id":12957,"href":"https:\/\/alinvest-verde.eu\/es_es\/wp-json\/wp\/v2\/newslette\/5799\/revisions\/12957"}],"wp:featuredmedia":[{"embeddable":true,"href":"https:\/\/alinvest-verde.eu\/es_es\/wp-json\/wp\/v2\/media\/5797"}],"wp:attachment":[{"href":"https:\/\/alinvest-verde.eu\/es_es\/wp-json\/wp\/v2\/media?parent=5799"}],"curies":[{"name":"wp","href":"https:\/\/api.w.org\/{rel}","templated":true}]}}