{"id":6275,"date":"2023-05-11T18:48:46","date_gmt":"2023-05-11T16:48:46","guid":{"rendered":"https:\/\/alinvest-verde.eu\/?post_type=newslette&#038;p=6275"},"modified":"2024-05-31T03:40:07","modified_gmt":"2024-05-31T01:40:07","slug":"6275","status":"publish","type":"newslette","link":"https:\/\/alinvest-verde.eu\/es_es\/newslette\/6275\/","title":{"rendered":"Mayo 2023"},"content":{"rendered":"\n<figure class=\"wp-block-image size-full\"><img fetchpriority=\"high\" decoding=\"async\" width=\"890\" height=\"668\" src=\"https:\/\/alinvest-verde.eu\/wp-content\/uploads\/2023\/05\/image-4.png\" alt=\"\" class=\"wp-image-6276\" srcset=\"https:\/\/alinvest-verde.eu\/wp-content\/uploads\/2023\/05\/image-4.png 890w, https:\/\/alinvest-verde.eu\/wp-content\/uploads\/2023\/05\/image-4-300x225.png 300w, https:\/\/alinvest-verde.eu\/wp-content\/uploads\/2023\/05\/image-4-768x576.png 768w, https:\/\/alinvest-verde.eu\/wp-content\/uploads\/2023\/05\/image-4-16x12.png 16w\" sizes=\"(max-width: 890px) 100vw, 890px\" \/><\/figure>\n\n\n\n<p class=\"wp-block-paragraph\"><strong>M\u00c1S DE UN MILL\u00d3N DE EUROS SER\u00c1N DESTINADOS A IMPULSAR PROYECTOS DE ECONOM\u00cdA VERDE EN CHILE<\/strong><\/p>\n\n\n\n<p class=\"wp-block-paragraph\">M\u00e1s de un mill\u00f3n de euros ser\u00e1n destinados a impulsar proyectos de econom\u00eda verde en Chile, a trav\u00e9s del Componente 1. En concreto, se ejecutar\u00e1n tres proyectos que permitir\u00e1n beneficiar a mipymes chilenas del sector frut\u00edcola, construcci\u00f3n y la industria del e-commerce. <\/p>\n\n\n\n<p class=\"wp-block-paragraph\"><a href=\"https:\/\/alinvest-verde.eu\/es_es\/a-traves-del-programa-al-invest-verde-de-la-union-europea\/\">Leer noticia completa<\/a><\/p>\n\n\n\n<figure class=\"wp-block-image size-full\"><img decoding=\"async\" width=\"890\" height=\"501\" src=\"https:\/\/alinvest-verde.eu\/wp-content\/uploads\/2023\/05\/image-5.png\" alt=\"\" class=\"wp-image-6277\" srcset=\"https:\/\/alinvest-verde.eu\/wp-content\/uploads\/2023\/05\/image-5.png 890w, https:\/\/alinvest-verde.eu\/wp-content\/uploads\/2023\/05\/image-5-300x169.png 300w, https:\/\/alinvest-verde.eu\/wp-content\/uploads\/2023\/05\/image-5-768x432.png 768w, https:\/\/alinvest-verde.eu\/wp-content\/uploads\/2023\/05\/image-5-18x10.png 18w\" sizes=\"(max-width: 890px) 100vw, 890px\" \/><\/figure>\n\n\n\n<p class=\"wp-block-paragraph\"><strong>ASISTENCIA T\u00c9CNICA A COLOMBIA PARA PROMOVER EXPORTACIONES M\u00c1S SOSTENIBLES<\/strong><\/p>\n\n\n\n<p class=\"wp-block-paragraph\">El Componente 2 present\u00f3 en Bogot\u00e1, Colombia, la asistencia t\u00e9cnica que prestar\u00e1 al Ministerio de Comercio, Industria y Turismo (MinCIT), a trav\u00e9s de ProColombia, para favorecer la implementaci\u00f3n de pr\u00e1cticas sostenibles en el sector agroindustrial y cumplir con los requerimientos del mercado europeo en materia de sostenibilidad, lo que permitir\u00e1 garantizar las exportaciones a la UE. <\/p>\n\n\n\n<p class=\"wp-block-paragraph\"><a href=\"https:\/\/alinvest-verde.eu\/es_es\/se-presenta-asistencia-tecnica-a-colombia-para-promover-exportaciones-mas-sostenibles\/\">Leer noticia completa<\/a><\/p>\n\n\n\n<figure class=\"wp-block-image size-full\"><img decoding=\"async\" width=\"890\" height=\"594\" src=\"https:\/\/alinvest-verde.eu\/wp-content\/uploads\/2023\/05\/image-6.png\" alt=\"\" class=\"wp-image-6278\" srcset=\"https:\/\/alinvest-verde.eu\/wp-content\/uploads\/2023\/05\/image-6.png 890w, https:\/\/alinvest-verde.eu\/wp-content\/uploads\/2023\/05\/image-6-300x200.png 300w, https:\/\/alinvest-verde.eu\/wp-content\/uploads\/2023\/05\/image-6-768x513.png 768w, https:\/\/alinvest-verde.eu\/wp-content\/uploads\/2023\/05\/image-6-18x12.png 18w\" sizes=\"(max-width: 890px) 100vw, 890px\" \/><\/figure>\n\n\n\n<p class=\"wp-block-paragraph\"><strong>INTERCAMBIO DE EXPERIENCIAS SOBRE SOSTENIBILIDAD EN LA CADENA DE VALOR DEL CAF\u00c9<\/strong><\/p>\n\n\n\n<p class=\"wp-block-paragraph\">El Componente 2 organiz\u00f3 la mesa redonda \u201cProgramas e instrumentos de apoyo para la sostenibilidad en la cadena de valor del caf\u00e9\u201d, en la que tomaron parte representantes de Brasil, Colombia, Per\u00fa y Ecuador, entre otros, principales pa\u00edses productores de caf\u00e9. <\/p>\n\n\n\n<p class=\"wp-block-paragraph\"><a href=\"https:\/\/alinvest-verde.eu\/es_es\/intercambio-de-experiencias-sobre-sostenibilidad-en-la-cadena-de-valor-del-cafe\/\">Leer noticia completa&nbsp;<\/a><\/p>\n\n\n\n<figure class=\"wp-block-image size-full\"><img loading=\"lazy\" decoding=\"async\" width=\"890\" height=\"411\" src=\"https:\/\/alinvest-verde.eu\/wp-content\/uploads\/2023\/05\/image-7.png\" alt=\"\" class=\"wp-image-6279\" srcset=\"https:\/\/alinvest-verde.eu\/wp-content\/uploads\/2023\/05\/image-7.png 890w, https:\/\/alinvest-verde.eu\/wp-content\/uploads\/2023\/05\/image-7-300x139.png 300w, https:\/\/alinvest-verde.eu\/wp-content\/uploads\/2023\/05\/image-7-768x355.png 768w, https:\/\/alinvest-verde.eu\/wp-content\/uploads\/2023\/05\/image-7-18x8.png 18w\" sizes=\"(max-width: 890px) 100vw, 890px\" \/><\/figure>\n\n\n\n<p class=\"wp-block-paragraph\"><strong>SE PRESENTA A PARAGUAY DIAGN\u00d3STICO DEL SECTOR FORESTAL<\/strong><\/p>\n\n\n\n<p class=\"wp-block-paragraph\">El Componente 2 present\u00f3 al Ministerio de Industria y Comercio (MIC) de Paraguay los resultados preliminares del diagn\u00f3stico realizado al sector forestal del pa\u00eds. Este an\u00e1lisis se enmarca en la asistencia t\u00e9cnica que se presta a la Red de Inversiones y Exportaciones (REDIEX) para apoyar la transici\u00f3n hacia la sostenibilidad de la cadena forestal de Paraguay. <\/p>\n\n\n\n<p class=\"wp-block-paragraph\"><a href=\"https:\/\/alinvest-verde.eu\/es_es\/se-presenta-a-rediex-el-diagnostico-del-sector-forestal-de-paraguay\/\">Leer noticia completa<\/a><\/p>\n\n\n\n<figure class=\"wp-block-image size-full\"><img loading=\"lazy\" decoding=\"async\" width=\"890\" height=\"594\" src=\"https:\/\/alinvest-verde.eu\/wp-content\/uploads\/2023\/05\/image-8.png\" alt=\"\" class=\"wp-image-6280\" srcset=\"https:\/\/alinvest-verde.eu\/wp-content\/uploads\/2023\/05\/image-8.png 890w, https:\/\/alinvest-verde.eu\/wp-content\/uploads\/2023\/05\/image-8-300x200.png 300w, https:\/\/alinvest-verde.eu\/wp-content\/uploads\/2023\/05\/image-8-768x513.png 768w, https:\/\/alinvest-verde.eu\/wp-content\/uploads\/2023\/05\/image-8-18x12.png 18w\" sizes=\"(max-width: 890px) 100vw, 890px\" \/><\/figure>\n\n\n\n<p class=\"wp-block-paragraph\"><strong>Am\u00e9rica Latina y el Caribe avanzan hacia la econom\u00eda circular&nbsp;<\/strong><\/p>\n\n\n\n<p class=\"wp-block-paragraph\">Am\u00e9rica Latina y el Caribe cuentan con una alta diversidad y abundancia de recursos que, a lo largo de los a\u00f1os, se ha sostenido con un modelo lineal dependiente de la extracci\u00f3n que era el inicio de la cadena productiva. En un contexto mundial donde la demanda de materiales aumenta y con ello los impactos ambientales, es relevante que nuestra regi\u00f3n transite hacia un modelo circular donde los recursos no se agoten, sino m\u00e1s se utilicen y se regeneren.&nbsp;<\/p>\n\n\n\n<p class=\"wp-block-paragraph\"><a href=\"https:\/\/alinvest-verde.eu\/es_es\/america-latina-y-el-caribe-avanzan-hacia-la-economia-circular\/\">Leer art\u00edculo completo<\/a><\/p>\n\n\n\n<figure class=\"wp-block-image alignleft size-full is-resized\"><img loading=\"lazy\" decoding=\"async\" src=\"https:\/\/alinvest-verde.eu\/wp-content\/uploads\/2023\/05\/image-10.png\" alt=\"\" class=\"wp-image-6282\" width=\"357\" height=\"201\" srcset=\"https:\/\/alinvest-verde.eu\/wp-content\/uploads\/2023\/05\/image-10.png 423w, https:\/\/alinvest-verde.eu\/wp-content\/uploads\/2023\/05\/image-10-300x169.png 300w, https:\/\/alinvest-verde.eu\/wp-content\/uploads\/2023\/05\/image-10-18x10.png 18w\" sizes=\"(max-width: 357px) 100vw, 357px\" \/><\/figure>\n\n\n\n<p class=\"wp-block-paragraph\"><strong>AL-INVEST Verde TV<\/strong><\/p>\n\n\n\n<p class=\"wp-block-paragraph\">El programa AL-INVEST Verde, a trav\u00e9s de sus Componentes 1 y 3, organiz\u00f3 el webinar \u201cDPIs para impulsar la econom\u00eda verde\u201d. El evento ya est\u00e1 disponible <a href=\"https:\/\/youtu.be\/RMMC76cRc10\">aqu\u00ed<\/a><\/p>\n\n\n\n<p class=\"wp-block-paragraph\"><\/p>\n\n\n\n<p class=\"has-white-color has-vivid-green-cyan-background-color has-text-color has-background wp-block-paragraph\"><strong>Segunda Convocatoria de Propuestas. <\/strong>El Componente 1 del programa AL-INVEST Verde anunciar\u00e1 pr\u00f3ximamente su Segunda Convocatoria de propuestas para proyectos innovadores. El calendario de eventos de difusi\u00f3n y dem\u00e1s actividades relacionadas a la Convocatoria, se estar\u00e1 anunciando en nuestra p\u00e1gina web:\u00a0<a href=\"http:\/\/www.alinvest-verde.eu\/\">http:\/\/www.alinvest-verde.eu<\/a><\/p>\n\n\n\n<figure class=\"wp-block-image aligncenter size-large is-resized\"><img loading=\"lazy\" decoding=\"async\" src=\"https:\/\/alinvest-verde.eu\/wp-content\/uploads\/2023\/05\/logoUE-Financiado-por-1024x241.jpg\" alt=\"\" class=\"wp-image-6283\" width=\"698\" height=\"164\" srcset=\"https:\/\/alinvest-verde.eu\/wp-content\/uploads\/2023\/05\/logoUE-Financiado-por-1024x241.jpg 1024w, https:\/\/alinvest-verde.eu\/wp-content\/uploads\/2023\/05\/logoUE-Financiado-por-300x71.jpg 300w, https:\/\/alinvest-verde.eu\/wp-content\/uploads\/2023\/05\/logoUE-Financiado-por-768x181.jpg 768w, https:\/\/alinvest-verde.eu\/wp-content\/uploads\/2023\/05\/logoUE-Financiado-por-18x4.jpg 18w, https:\/\/alinvest-verde.eu\/wp-content\/uploads\/2023\/05\/logoUE-Financiado-por.jpg 1124w\" sizes=\"(max-width: 698px) 100vw, 698px\" \/><\/figure>\n","protected":false},"excerpt":{"rendered":"<p>El bolet\u00edn electr\u00f3nico de mayo destaca la presentaci\u00f3n de los proyectos de partenariado promovidos por el  Componente 1 en Chile, el trabajo del Componente 2 en Colombia y Paraguay, as\u00ed como el avance de Am\u00e9rica Latina y el Caribe hacia modelos m\u00e1s circulares. <\/p>\n","protected":false},"featured_media":6367,"template":"","class_list":["post-6275","newslette","type-newslette","status-publish","has-post-thumbnail","hentry"],"yoast_head":"<!-- This site is optimized with the Yoast SEO plugin v28.4 - https:\/\/yoast.com\/product\/yoast-seo-wordpress\/ -->\n<title>Mayo 2023 - Programme AL-INVEST Verde<\/title>\n<meta name=\"robots\" content=\"index, follow, max-snippet:-1, max-image-preview:large, max-video-preview:-1\" \/>\n<link rel=\"canonical\" href=\"https:\/\/alinvest-verde.eu\/es_es\/newslette\/6275\/\" \/>\n<meta property=\"og:locale\" content=\"es_ES\" \/>\n<meta property=\"og:type\" content=\"article\" \/>\n<meta property=\"og:title\" content=\"Mayo 2023 - Programme AL-INVEST Verde\" \/>\n<meta property=\"og:description\" content=\"El bolet\u00edn electr\u00f3nico de mayo destaca la presentaci\u00f3n de los proyectos de partenariado promovidos por el Componente 1 en Chile, el trabajo del Componente 2 en Colombia y Paraguay, as\u00ed como el avance de Am\u00e9rica Latina y el Caribe hacia modelos m\u00e1s circulares.\" \/>\n<meta property=\"og:url\" content=\"https:\/\/alinvest-verde.eu\/es_es\/newslette\/6275\/\" \/>\n<meta property=\"og:site_name\" content=\"Programme AL-INVEST Verde\" \/>\n<meta property=\"article:modified_time\" content=\"2024-05-31T01:40:07+00:00\" \/>\n<meta property=\"og:image\" content=\"https:\/\/alinvest-verde.eu\/wp-content\/uploads\/2023\/05\/boletinmayo.jpg\" \/>\n\t<meta property=\"og:image:width\" content=\"364\" \/>\n\t<meta property=\"og:image:height\" content=\"563\" \/>\n\t<meta property=\"og:image:type\" content=\"image\/jpeg\" \/>\n<meta name=\"twitter:card\" content=\"summary_large_image\" \/>\n<meta name=\"twitter:label1\" content=\"Tiempo de lectura\" \/>\n\t<meta name=\"twitter:data1\" content=\"4 minutos\" \/>\n<script type=\"application\/ld+json\" class=\"yoast-schema-graph\">{\"@context\":\"https:\\\/\\\/schema.org\",\"@graph\":[{\"@type\":\"WebPage\",\"@id\":\"https:\\\/\\\/alinvest-verde.eu\\\/newslette\\\/6275\\\/\",\"url\":\"https:\\\/\\\/alinvest-verde.eu\\\/newslette\\\/6275\\\/\",\"name\":\"Mayo 2023 - Programme AL-INVEST Verde\",\"isPartOf\":{\"@id\":\"https:\\\/\\\/alinvest-verde.eu\\\/#website\"},\"primaryImageOfPage\":{\"@id\":\"https:\\\/\\\/alinvest-verde.eu\\\/newslette\\\/6275\\\/#primaryimage\"},\"image\":{\"@id\":\"https:\\\/\\\/alinvest-verde.eu\\\/newslette\\\/6275\\\/#primaryimage\"},\"thumbnailUrl\":\"https:\\\/\\\/alinvest-verde.eu\\\/wp-content\\\/uploads\\\/2023\\\/05\\\/boletinmayo.jpg\",\"datePublished\":\"2023-05-11T16:48:46+00:00\",\"dateModified\":\"2024-05-31T01:40:07+00:00\",\"breadcrumb\":{\"@id\":\"https:\\\/\\\/alinvest-verde.eu\\\/newslette\\\/6275\\\/#breadcrumb\"},\"inLanguage\":\"es\",\"potentialAction\":[{\"@type\":\"ReadAction\",\"target\":[\"https:\\\/\\\/alinvest-verde.eu\\\/newslette\\\/6275\\\/\"]}]},{\"@type\":\"ImageObject\",\"inLanguage\":\"es\",\"@id\":\"https:\\\/\\\/alinvest-verde.eu\\\/newslette\\\/6275\\\/#primaryimage\",\"url\":\"https:\\\/\\\/alinvest-verde.eu\\\/wp-content\\\/uploads\\\/2023\\\/05\\\/boletinmayo.jpg\",\"contentUrl\":\"https:\\\/\\\/alinvest-verde.eu\\\/wp-content\\\/uploads\\\/2023\\\/05\\\/boletinmayo.jpg\",\"width\":364,\"height\":563},{\"@type\":\"BreadcrumbList\",\"@id\":\"https:\\\/\\\/alinvest-verde.eu\\\/newslette\\\/6275\\\/#breadcrumb\",\"itemListElement\":[{\"@type\":\"ListItem\",\"position\":1,\"name\":\"Inicio\",\"item\":\"https:\\\/\\\/alinvest-verde.eu\\\/\"},{\"@type\":\"ListItem\",\"position\":2,\"name\":\"Mayo 2023\"}]},{\"@type\":\"WebSite\",\"@id\":\"https:\\\/\\\/alinvest-verde.eu\\\/#website\",\"url\":\"https:\\\/\\\/alinvest-verde.eu\\\/\",\"name\":\"Programme AL-INVEST Verde\",\"description\":\"Building alliances with the private sector in LA and promote sustainable growth and jobs creation by supporting the transition towards a low-carbon, resource-efficient economy\",\"publisher\":{\"@id\":\"https:\\\/\\\/alinvest-verde.eu\\\/#organization\"},\"potentialAction\":[{\"@type\":\"SearchAction\",\"target\":{\"@type\":\"EntryPoint\",\"urlTemplate\":\"https:\\\/\\\/alinvest-verde.eu\\\/?s={search_term_string}\"},\"query-input\":{\"@type\":\"PropertyValueSpecification\",\"valueRequired\":true,\"valueName\":\"search_term_string\"}}],\"inLanguage\":\"es\"},{\"@type\":\"Organization\",\"@id\":\"https:\\\/\\\/alinvest-verde.eu\\\/#organization\",\"name\":\"Programme AL-INVEST Verde\",\"url\":\"https:\\\/\\\/alinvest-verde.eu\\\/\",\"logo\":{\"@type\":\"ImageObject\",\"inLanguage\":\"es\",\"@id\":\"https:\\\/\\\/alinvest-verde.eu\\\/#\\\/schema\\\/logo\\\/image\\\/\",\"url\":\"https:\\\/\\\/alinvest-verde.eu\\\/wp-content\\\/uploads\\\/2022\\\/01\\\/cropped-logo-financiado-por-la-UE.jpg\",\"contentUrl\":\"https:\\\/\\\/alinvest-verde.eu\\\/wp-content\\\/uploads\\\/2022\\\/01\\\/cropped-logo-financiado-por-la-UE.jpg\",\"width\":756,\"height\":216,\"caption\":\"Programme AL-INVEST Verde\"},\"image\":{\"@id\":\"https:\\\/\\\/alinvest-verde.eu\\\/#\\\/schema\\\/logo\\\/image\\\/\"}}]}<\/script>\n<!-- \/ Yoast SEO plugin. -->","yoast_head_json":{"title":"Mayo 2023 - Programme AL-INVEST Verde","robots":{"index":"index","follow":"follow","max-snippet":"max-snippet:-1","max-image-preview":"max-image-preview:large","max-video-preview":"max-video-preview:-1"},"canonical":"https:\/\/alinvest-verde.eu\/es_es\/newslette\/6275\/","og_locale":"es_ES","og_type":"article","og_title":"Mayo 2023 - Programme AL-INVEST Verde","og_description":"El bolet\u00edn electr\u00f3nico de mayo destaca la presentaci\u00f3n de los proyectos de partenariado promovidos por el Componente 1 en Chile, el trabajo del Componente 2 en Colombia y Paraguay, as\u00ed como el avance de Am\u00e9rica Latina y el Caribe hacia modelos m\u00e1s circulares.","og_url":"https:\/\/alinvest-verde.eu\/es_es\/newslette\/6275\/","og_site_name":"Programme AL-INVEST Verde","article_modified_time":"2024-05-31T01:40:07+00:00","og_image":[{"width":364,"height":563,"url":"https:\/\/alinvest-verde.eu\/wp-content\/uploads\/2023\/05\/boletinmayo.jpg","type":"image\/jpeg"}],"twitter_card":"summary_large_image","twitter_misc":{"Tiempo de lectura":"4 minutos"},"schema":{"@context":"https:\/\/schema.org","@graph":[{"@type":"WebPage","@id":"https:\/\/alinvest-verde.eu\/newslette\/6275\/","url":"https:\/\/alinvest-verde.eu\/newslette\/6275\/","name":"Mayo 2023 - Programme AL-INVEST Verde","isPartOf":{"@id":"https:\/\/alinvest-verde.eu\/#website"},"primaryImageOfPage":{"@id":"https:\/\/alinvest-verde.eu\/newslette\/6275\/#primaryimage"},"image":{"@id":"https:\/\/alinvest-verde.eu\/newslette\/6275\/#primaryimage"},"thumbnailUrl":"https:\/\/alinvest-verde.eu\/wp-content\/uploads\/2023\/05\/boletinmayo.jpg","datePublished":"2023-05-11T16:48:46+00:00","dateModified":"2024-05-31T01:40:07+00:00","breadcrumb":{"@id":"https:\/\/alinvest-verde.eu\/newslette\/6275\/#breadcrumb"},"inLanguage":"es","potentialAction":[{"@type":"ReadAction","target":["https:\/\/alinvest-verde.eu\/newslette\/6275\/"]}]},{"@type":"ImageObject","inLanguage":"es","@id":"https:\/\/alinvest-verde.eu\/newslette\/6275\/#primaryimage","url":"https:\/\/alinvest-verde.eu\/wp-content\/uploads\/2023\/05\/boletinmayo.jpg","contentUrl":"https:\/\/alinvest-verde.eu\/wp-content\/uploads\/2023\/05\/boletinmayo.jpg","width":364,"height":563},{"@type":"BreadcrumbList","@id":"https:\/\/alinvest-verde.eu\/newslette\/6275\/#breadcrumb","itemListElement":[{"@type":"ListItem","position":1,"name":"Inicio","item":"https:\/\/alinvest-verde.eu\/"},{"@type":"ListItem","position":2,"name":"Mayo 2023"}]},{"@type":"WebSite","@id":"https:\/\/alinvest-verde.eu\/#website","url":"https:\/\/alinvest-verde.eu\/","name":"Programme AL-INVEST Verde","description":"Building alliances with the private sector in LA and promote sustainable growth and jobs creation by supporting the transition towards a low-carbon, resource-efficient economy","publisher":{"@id":"https:\/\/alinvest-verde.eu\/#organization"},"potentialAction":[{"@type":"SearchAction","target":{"@type":"EntryPoint","urlTemplate":"https:\/\/alinvest-verde.eu\/?s={search_term_string}"},"query-input":{"@type":"PropertyValueSpecification","valueRequired":true,"valueName":"search_term_string"}}],"inLanguage":"es"},{"@type":"Organization","@id":"https:\/\/alinvest-verde.eu\/#organization","name":"Programme AL-INVEST Verde","url":"https:\/\/alinvest-verde.eu\/","logo":{"@type":"ImageObject","inLanguage":"es","@id":"https:\/\/alinvest-verde.eu\/#\/schema\/logo\/image\/","url":"https:\/\/alinvest-verde.eu\/wp-content\/uploads\/2022\/01\/cropped-logo-financiado-por-la-UE.jpg","contentUrl":"https:\/\/alinvest-verde.eu\/wp-content\/uploads\/2022\/01\/cropped-logo-financiado-por-la-UE.jpg","width":756,"height":216,"caption":"Programme AL-INVEST Verde"},"image":{"@id":"https:\/\/alinvest-verde.eu\/#\/schema\/logo\/image\/"}}]}},"_links":{"self":[{"href":"https:\/\/alinvest-verde.eu\/es_es\/wp-json\/wp\/v2\/newslette\/6275","targetHints":{"allow":["GET"]}}],"collection":[{"href":"https:\/\/alinvest-verde.eu\/es_es\/wp-json\/wp\/v2\/newslette"}],"about":[{"href":"https:\/\/alinvest-verde.eu\/es_es\/wp-json\/wp\/v2\/types\/newslette"}],"version-history":[{"count":2,"href":"https:\/\/alinvest-verde.eu\/es_es\/wp-json\/wp\/v2\/newslette\/6275\/revisions"}],"predecessor-version":[{"id":12955,"href":"https:\/\/alinvest-verde.eu\/es_es\/wp-json\/wp\/v2\/newslette\/6275\/revisions\/12955"}],"wp:featuredmedia":[{"embeddable":true,"href":"https:\/\/alinvest-verde.eu\/es_es\/wp-json\/wp\/v2\/media\/6367"}],"wp:attachment":[{"href":"https:\/\/alinvest-verde.eu\/es_es\/wp-json\/wp\/v2\/media?parent=6275"}],"curies":[{"name":"wp","href":"https:\/\/api.w.org\/{rel}","templated":true}]}}