{"id":9356,"date":"2023-10-31T20:08:44","date_gmt":"2023-10-31T19:08:44","guid":{"rendered":"https:\/\/alinvest-verde.eu\/?post_type=newslette&#038;p=9356"},"modified":"2024-05-31T03:37:36","modified_gmt":"2024-05-31T01:37:36","slug":"newsletter-octubre","status":"publish","type":"newslette","link":"https:\/\/alinvest-verde.eu\/es_es\/newslette\/newsletter-octubre\/","title":{"rendered":"Octubre 2023"},"content":{"rendered":"\n<figure class=\"wp-block-image size-large\"><img fetchpriority=\"high\" decoding=\"async\" width=\"1024\" height=\"682\" src=\"https:\/\/alinvest-verde.eu\/wp-content\/uploads\/2023\/11\/8b0bb663-2547-4dba-bcf9-9584045fce16-1024x682.jpg\" alt=\"\" class=\"wp-image-9366\" srcset=\"https:\/\/alinvest-verde.eu\/wp-content\/uploads\/2023\/11\/8b0bb663-2547-4dba-bcf9-9584045fce16-1024x682.jpg 1024w, https:\/\/alinvest-verde.eu\/wp-content\/uploads\/2023\/11\/8b0bb663-2547-4dba-bcf9-9584045fce16-300x200.jpg 300w, https:\/\/alinvest-verde.eu\/wp-content\/uploads\/2023\/11\/8b0bb663-2547-4dba-bcf9-9584045fce16-768x512.jpg 768w, https:\/\/alinvest-verde.eu\/wp-content\/uploads\/2023\/11\/8b0bb663-2547-4dba-bcf9-9584045fce16-1536x1023.jpg 1536w, https:\/\/alinvest-verde.eu\/wp-content\/uploads\/2023\/11\/8b0bb663-2547-4dba-bcf9-9584045fce16-18x12.jpg 18w, https:\/\/alinvest-verde.eu\/wp-content\/uploads\/2023\/11\/8b0bb663-2547-4dba-bcf9-9584045fce16.jpg 1600w\" sizes=\"(max-width: 1024px) 100vw, 1024px\" \/><\/figure>\n\n\n\n<p class=\"wp-block-paragraph\"><strong>El Componente 1 del programa llev\u00f3 a cabo su evento anual en Lima, Per\u00fa&nbsp;<\/strong><\/p>\n\n\n\n<p class=\"wp-block-paragraph\">El Componente 1 del programa AL-INVEST Verde de la Uni\u00f3n Europea viene avanzando en su objetivo de promover la creaci\u00f3n de empleo y la sostenibilidad en la regi\u00f3n latinoamericana. Esta iniciativa de la Uni\u00f3n Europea present\u00f3 sus avances en su evento anual, titulado #CONEXI\u00d3NVerde, una iniciativa que se enmarc\u00f3 en la 50 Asamblea General AICO (organizaci\u00f3n iberoamericana que integra y coordina a las C\u00e1maras de Comercio e Industria, as\u00ed como entidades afines).<\/p>\n\n\n\n<p class=\"wp-block-paragraph\"><a href=\"https:\/\/alinvest-verde.eu\/es_es\/componente-1-del-programa-al-invest-verde-llevo-a-cabo-su-evento-anual-en-la-ciudad-de-lima\/\" target=\"_blank\" rel=\"noreferrer noopener\">Leer noticia<\/a><\/p>\n\n\n\n<figure class=\"wp-block-image size-large\"><img decoding=\"async\" width=\"1024\" height=\"768\" src=\"https:\/\/alinvest-verde.eu\/wp-content\/uploads\/2023\/10\/20231026-Taller-Montevideo-8-1024x768.jpeg\" alt=\"\" class=\"wp-image-9350\" srcset=\"https:\/\/alinvest-verde.eu\/wp-content\/uploads\/2023\/10\/20231026-Taller-Montevideo-8-1024x768.jpeg 1024w, https:\/\/alinvest-verde.eu\/wp-content\/uploads\/2023\/10\/20231026-Taller-Montevideo-8-300x225.jpeg 300w, https:\/\/alinvest-verde.eu\/wp-content\/uploads\/2023\/10\/20231026-Taller-Montevideo-8-768x576.jpeg 768w, https:\/\/alinvest-verde.eu\/wp-content\/uploads\/2023\/10\/20231026-Taller-Montevideo-8-1536x1152.jpeg 1536w, https:\/\/alinvest-verde.eu\/wp-content\/uploads\/2023\/10\/20231026-Taller-Montevideo-8-16x12.jpeg 16w, https:\/\/alinvest-verde.eu\/wp-content\/uploads\/2023\/10\/20231026-Taller-Montevideo-8.jpeg 1600w\" sizes=\"(max-width: 1024px) 100vw, 1024px\" \/><\/figure>\n\n\n\n<p class=\"wp-block-paragraph\"><strong>Talleres en Uruguay sobre certificaci\u00f3n de productos agroexportables procedentes de tierras con bosques nativos&nbsp;<\/strong><\/p>\n\n\n\n<p class=\"wp-block-paragraph\">El Componente 2 de AL-INVEST Verde organiz\u00f3 junto al Ministerio de Ganader\u00eda, Agricultura y Pesca (MGAP) de Uruguay el taller \u201cCertificaci\u00f3n de productos agroexportables de bosques nativos\u201d para fomentar el di\u00e1logo sobre la importancia de manejar de forma sostenible los bosques nativos y, en consecuencia, la oportunidad de certificar la sostenibilidad de sus productos.<\/p>\n\n\n\n<p class=\"wp-block-paragraph\"><a href=\"https:\/\/alinvest-verde.eu\/es_es\/talleres-en-uruguay-sobre-certificacion-de-productos-agroexportables-procedentes-de-tierras-con-bosques-nativos\/\" target=\"_blank\" rel=\"noreferrer noopener\">Leer noticia&nbsp;<\/a><\/p>\n\n\n\n<figure class=\"wp-block-image size-large\"><img decoding=\"async\" width=\"1024\" height=\"736\" src=\"https:\/\/alinvest-verde.eu\/wp-content\/uploads\/2023\/10\/Ministerio-de-Transportes-2-1024x736.jpg\" alt=\"\" class=\"wp-image-9228\" srcset=\"https:\/\/alinvest-verde.eu\/wp-content\/uploads\/2023\/10\/Ministerio-de-Transportes-2-1024x736.jpg 1024w, https:\/\/alinvest-verde.eu\/wp-content\/uploads\/2023\/10\/Ministerio-de-Transportes-2-300x216.jpg 300w, https:\/\/alinvest-verde.eu\/wp-content\/uploads\/2023\/10\/Ministerio-de-Transportes-2-768x552.jpg 768w, https:\/\/alinvest-verde.eu\/wp-content\/uploads\/2023\/10\/Ministerio-de-Transportes-2-1536x1104.jpg 1536w, https:\/\/alinvest-verde.eu\/wp-content\/uploads\/2023\/10\/Ministerio-de-Transportes-2-2048x1471.jpg 2048w, https:\/\/alinvest-verde.eu\/wp-content\/uploads\/2023\/10\/Ministerio-de-Transportes-2-18x12.jpg 18w\" sizes=\"(max-width: 1024px) 100vw, 1024px\" \/><\/figure>\n\n\n\n<p class=\"wp-block-paragraph\"><strong>Uruguay y Paraguay visitan experiencias de certificaci\u00f3n agroforestal en Espa\u00f1a<\/strong><\/p>\n\n\n\n<p class=\"wp-block-paragraph\">Una delegaci\u00f3n de t\u00e9cnicos de la Direcci\u00f3n General Forestal del Ministerio de Ganader\u00eda, Agricultura y Pesca (DGF-MGAP) de Uruguay y de la Red de Inversiones y Exportaciones (REDIEX) del Ministerio de Industria y Comercio de Paraguay visitaron Espa\u00f1a del 25 al 29 de septiembre para conocer experiencias de certificaci\u00f3n agroforestal. La visita se enmarca en la asistencia t\u00e9cnica que el Componente 2 de AL-INVEST Verde, liderado por FIIAPP en consorcio con IILA, presta a ambas instituciones a trav\u00e9s de IDAF (Centro de Investigaciones Aplicadas al Desarrollo Agroforestal).<\/p>\n\n\n\n<p class=\"wp-block-paragraph\"><a href=\"https:\/\/alinvest-verde.eu\/es_es\/uruguay-y-paraguay-visitan-experiencias-de-certificacion-forestal-en-espana\/\" target=\"_blank\" rel=\"noreferrer noopener\">Leer noticia<\/a><\/p>\n\n\n\n<figure class=\"wp-block-image size-full\"><img loading=\"lazy\" decoding=\"async\" width=\"1024\" height=\"768\" src=\"https:\/\/alinvest-verde.eu\/wp-content\/uploads\/2023\/10\/202310-foro-pymes-10.jpeg\" alt=\"\" class=\"wp-image-9217\" srcset=\"https:\/\/alinvest-verde.eu\/wp-content\/uploads\/2023\/10\/202310-foro-pymes-10.jpeg 1024w, https:\/\/alinvest-verde.eu\/wp-content\/uploads\/2023\/10\/202310-foro-pymes-10-300x225.jpeg 300w, https:\/\/alinvest-verde.eu\/wp-content\/uploads\/2023\/10\/202310-foro-pymes-10-768x576.jpeg 768w, https:\/\/alinvest-verde.eu\/wp-content\/uploads\/2023\/10\/202310-foro-pymes-10-16x12.jpeg 16w\" sizes=\"(max-width: 1024px) 100vw, 1024px\" \/><\/figure>\n\n\n\n<p class=\"wp-block-paragraph\"><strong>Di\u00e1logo sobre la cadena forestal en el VII Foro Pymes \u00cdtalo-latinoamericano<\/strong><\/p>\n\n\n\n<p class=\"wp-block-paragraph\">El pasado 3 de octubre tuvo lugar el di\u00e1logo \u201cLa sostenibilidad de la cadena de la madera en Am\u00e9rica Latina: oportunidades de un sector en expansi\u00f3n y desaf\u00edos de la normativa europea sobre exportaciones\u201d, organizado en el marco del VII Foro Pymes Italia-Am\u00e9rica Latina. El evento, una iniciativa de la Organizaci\u00f3n Internacional \u00cdtalo-latinoamericana (IILA), se celebr\u00f3 del 2 al 4 de octubre en B\u00e9rgamo (Italia).<\/p>\n\n\n\n<p class=\"wp-block-paragraph\"><a href=\"https:\/\/alinvest-verde.eu\/es_es\/dialogo-sobre-la-cadena-forestal-en-el-vii-foro-pymes-italo-latinoamericano\/\" target=\"_blank\" rel=\"noreferrer noopener\">Leer noticia<\/a><\/p>\n\n\n\n<figure class=\"wp-block-image size-full\"><img loading=\"lazy\" decoding=\"async\" width=\"1024\" height=\"768\" src=\"https:\/\/alinvest-verde.eu\/wp-content\/uploads\/2023\/10\/Lineapelle-2023-09-25.jpeg\" alt=\"\" class=\"wp-image-9204\" srcset=\"https:\/\/alinvest-verde.eu\/wp-content\/uploads\/2023\/10\/Lineapelle-2023-09-25.jpeg 1024w, https:\/\/alinvest-verde.eu\/wp-content\/uploads\/2023\/10\/Lineapelle-2023-09-25-300x225.jpeg 300w, https:\/\/alinvest-verde.eu\/wp-content\/uploads\/2023\/10\/Lineapelle-2023-09-25-768x576.jpeg 768w, https:\/\/alinvest-verde.eu\/wp-content\/uploads\/2023\/10\/Lineapelle-2023-09-25-16x12.jpeg 16w\" sizes=\"(max-width: 1024px) 100vw, 1024px\" \/><\/figure>\n\n\n\n<p class=\"wp-block-paragraph\"><strong>AL-INVEST Verde presente en la Feria Lineapelle de Mil\u00e1n&nbsp;<\/strong><\/p>\n\n\n\n<p class=\"wp-block-paragraph\">En el marco del Sal\u00f3n Internacional de pieles, accesorios, componentes y marroquiner\u00eda, Lineapelle, celebrado del 19 al 21 de septiembre en Mil\u00e1n (Italia), AL-INVEST Verde present\u00f3 los resultados del informe \u201cLa trazabilidad ambiental como herramienta para la competitividad de la carne y el cuero paraguayos\u201d.<\/p>\n\n\n\n<p class=\"wp-block-paragraph\"><a href=\"https:\/\/alinvest-verde.eu\/es_es\/al-invest-verde-presente-en-la-feria-lineapelle-de-milan\/\" target=\"_blank\" rel=\"noreferrer noopener\">Leer noticia&nbsp;<\/a><\/p>\n\n\n\n<figure class=\"wp-block-image size-large\"><img loading=\"lazy\" decoding=\"async\" width=\"1024\" height=\"683\" src=\"https:\/\/alinvest-verde.eu\/wp-content\/uploads\/2023\/10\/arvid-froese-AZ7fAnvI3QY-unsplash-1024x683.jpg\" alt=\"\" class=\"wp-image-9181\" srcset=\"https:\/\/alinvest-verde.eu\/wp-content\/uploads\/2023\/10\/arvid-froese-AZ7fAnvI3QY-unsplash-1024x683.jpg 1024w, https:\/\/alinvest-verde.eu\/wp-content\/uploads\/2023\/10\/arvid-froese-AZ7fAnvI3QY-unsplash-300x200.jpg 300w, https:\/\/alinvest-verde.eu\/wp-content\/uploads\/2023\/10\/arvid-froese-AZ7fAnvI3QY-unsplash-768x512.jpg 768w, https:\/\/alinvest-verde.eu\/wp-content\/uploads\/2023\/10\/arvid-froese-AZ7fAnvI3QY-unsplash-1536x1024.jpg 1536w, https:\/\/alinvest-verde.eu\/wp-content\/uploads\/2023\/10\/arvid-froese-AZ7fAnvI3QY-unsplash-2048x1365.jpg 2048w, https:\/\/alinvest-verde.eu\/wp-content\/uploads\/2023\/10\/arvid-froese-AZ7fAnvI3QY-unsplash-18x12.jpg 18w\" sizes=\"(max-width: 1024px) 100vw, 1024px\" \/><\/figure>\n\n\n\n<p class=\"wp-block-paragraph\"><strong>Diagn\u00f3stico de la cadena de valor de la carne y el cuero en Paraguay<\/strong>&nbsp;<\/p>\n\n\n\n<p class=\"wp-block-paragraph\">AL-INVEST Verde ha analizado la estructura de la cadena de valor de la carne y el cuero paraguayos y los sistemas de trazabilidad implementados en el pa\u00eds. Los resultados de este trabajo se recogen en el informe \u201cLa trazabilidad ambiental como herramienta para la competitividad de la carne y el cuero paraguayos\u201d, que incluye la propuesta de un proyecto piloto de trazabilidad medioambiental.<\/p>\n\n\n\n<p class=\"wp-block-paragraph\"><a href=\"https:\/\/alinvest-verde.eu\/es_es\/diagnostico-de-la-cadena-de-valor-de-la-carne-y-el-cuero-en-paraguay\/\" target=\"_blank\" rel=\"noreferrer noopener\">Leer noticia&nbsp;<\/a><\/p>\n\n\n\n<figure class=\"wp-block-image size-large\"><img loading=\"lazy\" decoding=\"async\" width=\"1024\" height=\"405\" src=\"https:\/\/alinvest-verde.eu\/wp-content\/uploads\/2023\/10\/GettyImages-1321636150-1024x405.jpg\" alt=\"\" class=\"wp-image-9264\" srcset=\"https:\/\/alinvest-verde.eu\/wp-content\/uploads\/2023\/10\/GettyImages-1321636150-1024x405.jpg 1024w, https:\/\/alinvest-verde.eu\/wp-content\/uploads\/2023\/10\/GettyImages-1321636150-300x119.jpg 300w, https:\/\/alinvest-verde.eu\/wp-content\/uploads\/2023\/10\/GettyImages-1321636150-768x304.jpg 768w, https:\/\/alinvest-verde.eu\/wp-content\/uploads\/2023\/10\/GettyImages-1321636150-1536x607.jpg 1536w, https:\/\/alinvest-verde.eu\/wp-content\/uploads\/2023\/10\/GettyImages-1321636150-18x7.jpg 18w, https:\/\/alinvest-verde.eu\/wp-content\/uploads\/2023\/10\/GettyImages-1321636150.jpg 2000w\" sizes=\"(max-width: 1024px) 100vw, 1024px\" \/><\/figure>\n\n\n\n<p class=\"wp-block-paragraph\"><strong>Agenda Verde<\/strong><\/p>\n\n\n\n<p class=\"wp-block-paragraph\">Taller virtual sobre licenciamiento de variedades de vegetales&nbsp;<\/p>\n\n\n\n<ul class=\"wp-block-list\">\n<li>Fecha: 12 de diciembre de 2023<\/li>\n\n\n\n<li>Modalidad: Online<\/li>\n\n\n\n<li>Organizador: Componente 3<\/li>\n<\/ul>\n\n\n\n<p class=\"wp-block-paragraph\">Mayor informaci\u00f3n <a href=\"https:\/\/alinvest-verde.eu\/es_es\/taller-virtual-sobre-licenciamiento-de-variedades-vegetales\/\">aqu\u00ed<\/a>.&nbsp;<\/p>\n\n\n\n<figure class=\"wp-block-image size-large\"><img loading=\"lazy\" decoding=\"async\" width=\"1024\" height=\"122\" src=\"https:\/\/alinvest-verde.eu\/wp-content\/uploads\/2022\/01\/logos-1-1024x122.jpg\" alt=\"\" class=\"wp-image-7491\" srcset=\"https:\/\/alinvest-verde.eu\/wp-content\/uploads\/2022\/01\/logos-1-1024x122.jpg 1024w, https:\/\/alinvest-verde.eu\/wp-content\/uploads\/2022\/01\/logos-1-300x36.jpg 300w, https:\/\/alinvest-verde.eu\/wp-content\/uploads\/2022\/01\/logos-1-768x92.jpg 768w, https:\/\/alinvest-verde.eu\/wp-content\/uploads\/2022\/01\/logos-1-1536x184.jpg 1536w, https:\/\/alinvest-verde.eu\/wp-content\/uploads\/2022\/01\/logos-1-2048x245.jpg 2048w, https:\/\/alinvest-verde.eu\/wp-content\/uploads\/2022\/01\/logos-1-18x2.jpg 18w\" sizes=\"(max-width: 1024px) 100vw, 1024px\" \/><\/figure>\n","protected":false},"excerpt":{"rendered":"<p>El bolet\u00edn electr\u00f3nico de octubre destaca el evento anual del Componente 1 que se desarroll\u00f3 en Lima, Per\u00fa. As\u00ed como las acciones del Componente 2 para promover certificaciones y el impulso a la cadena de valor de la carne y el cuero.<\/p>\n","protected":false},"featured_media":9358,"template":"","class_list":["post-9356","newslette","type-newslette","status-publish","has-post-thumbnail","hentry"],"yoast_head":"<!-- This site is optimized with the Yoast SEO plugin v28.4 - https:\/\/yoast.com\/product\/yoast-seo-wordpress\/ -->\n<title>Octubre 2023 - Programme AL-INVEST Verde<\/title>\n<meta name=\"robots\" content=\"index, follow, max-snippet:-1, max-image-preview:large, max-video-preview:-1\" \/>\n<link rel=\"canonical\" href=\"https:\/\/alinvest-verde.eu\/es_es\/newslette\/newsletter-octubre\/\" \/>\n<meta property=\"og:locale\" content=\"es_ES\" \/>\n<meta property=\"og:type\" content=\"article\" \/>\n<meta property=\"og:title\" content=\"Octubre 2023 - Programme AL-INVEST Verde\" \/>\n<meta property=\"og:description\" content=\"El bolet\u00edn electr\u00f3nico de octubre destaca el evento anual del Componente 1 que se desarroll\u00f3 en Lima, Per\u00fa. As\u00ed como las acciones del Componente 2 para promover certificaciones y el impulso a la cadena de valor de la carne y el cuero.\" \/>\n<meta property=\"og:url\" content=\"https:\/\/alinvest-verde.eu\/es_es\/newslette\/newsletter-octubre\/\" \/>\n<meta property=\"og:site_name\" content=\"Programme AL-INVEST Verde\" \/>\n<meta property=\"article:modified_time\" content=\"2024-05-31T01:37:36+00:00\" \/>\n<meta property=\"og:image\" content=\"https:\/\/alinvest-verde.eu\/wp-content\/uploads\/2023\/10\/boletinoctubre-e1698780538970.jpg\" \/>\n\t<meta property=\"og:image:width\" content=\"494\" \/>\n\t<meta property=\"og:image:height\" content=\"493\" \/>\n\t<meta property=\"og:image:type\" content=\"image\/jpeg\" \/>\n<meta name=\"twitter:card\" content=\"summary_large_image\" \/>\n<meta name=\"twitter:label1\" content=\"Tiempo de lectura\" \/>\n\t<meta name=\"twitter:data1\" content=\"4 minutos\" \/>\n<script type=\"application\/ld+json\" class=\"yoast-schema-graph\">{\"@context\":\"https:\\\/\\\/schema.org\",\"@graph\":[{\"@type\":\"WebPage\",\"@id\":\"https:\\\/\\\/alinvest-verde.eu\\\/newslette\\\/newsletter-octubre\\\/\",\"url\":\"https:\\\/\\\/alinvest-verde.eu\\\/newslette\\\/newsletter-octubre\\\/\",\"name\":\"Octubre 2023 - Programme AL-INVEST Verde\",\"isPartOf\":{\"@id\":\"https:\\\/\\\/alinvest-verde.eu\\\/#website\"},\"primaryImageOfPage\":{\"@id\":\"https:\\\/\\\/alinvest-verde.eu\\\/newslette\\\/newsletter-octubre\\\/#primaryimage\"},\"image\":{\"@id\":\"https:\\\/\\\/alinvest-verde.eu\\\/newslette\\\/newsletter-octubre\\\/#primaryimage\"},\"thumbnailUrl\":\"https:\\\/\\\/alinvest-verde.eu\\\/wp-content\\\/uploads\\\/2023\\\/10\\\/boletinoctubre-e1698780538970.jpg\",\"datePublished\":\"2023-10-31T19:08:44+00:00\",\"dateModified\":\"2024-05-31T01:37:36+00:00\",\"breadcrumb\":{\"@id\":\"https:\\\/\\\/alinvest-verde.eu\\\/newslette\\\/newsletter-octubre\\\/#breadcrumb\"},\"inLanguage\":\"es\",\"potentialAction\":[{\"@type\":\"ReadAction\",\"target\":[\"https:\\\/\\\/alinvest-verde.eu\\\/newslette\\\/newsletter-octubre\\\/\"]}]},{\"@type\":\"ImageObject\",\"inLanguage\":\"es\",\"@id\":\"https:\\\/\\\/alinvest-verde.eu\\\/newslette\\\/newsletter-octubre\\\/#primaryimage\",\"url\":\"https:\\\/\\\/alinvest-verde.eu\\\/wp-content\\\/uploads\\\/2023\\\/10\\\/boletinoctubre-e1698780538970.jpg\",\"contentUrl\":\"https:\\\/\\\/alinvest-verde.eu\\\/wp-content\\\/uploads\\\/2023\\\/10\\\/boletinoctubre-e1698780538970.jpg\",\"width\":494,\"height\":493},{\"@type\":\"BreadcrumbList\",\"@id\":\"https:\\\/\\\/alinvest-verde.eu\\\/newslette\\\/newsletter-octubre\\\/#breadcrumb\",\"itemListElement\":[{\"@type\":\"ListItem\",\"position\":1,\"name\":\"Inicio\",\"item\":\"https:\\\/\\\/alinvest-verde.eu\\\/\"},{\"@type\":\"ListItem\",\"position\":2,\"name\":\"Octubre 2023\"}]},{\"@type\":\"WebSite\",\"@id\":\"https:\\\/\\\/alinvest-verde.eu\\\/#website\",\"url\":\"https:\\\/\\\/alinvest-verde.eu\\\/\",\"name\":\"Programme AL-INVEST Verde\",\"description\":\"Building alliances with the private sector in LA and promote sustainable growth and jobs creation by supporting the transition towards a low-carbon, resource-efficient economy\",\"publisher\":{\"@id\":\"https:\\\/\\\/alinvest-verde.eu\\\/#organization\"},\"potentialAction\":[{\"@type\":\"SearchAction\",\"target\":{\"@type\":\"EntryPoint\",\"urlTemplate\":\"https:\\\/\\\/alinvest-verde.eu\\\/?s={search_term_string}\"},\"query-input\":{\"@type\":\"PropertyValueSpecification\",\"valueRequired\":true,\"valueName\":\"search_term_string\"}}],\"inLanguage\":\"es\"},{\"@type\":\"Organization\",\"@id\":\"https:\\\/\\\/alinvest-verde.eu\\\/#organization\",\"name\":\"Programme AL-INVEST Verde\",\"url\":\"https:\\\/\\\/alinvest-verde.eu\\\/\",\"logo\":{\"@type\":\"ImageObject\",\"inLanguage\":\"es\",\"@id\":\"https:\\\/\\\/alinvest-verde.eu\\\/#\\\/schema\\\/logo\\\/image\\\/\",\"url\":\"https:\\\/\\\/alinvest-verde.eu\\\/wp-content\\\/uploads\\\/2022\\\/01\\\/cropped-logo-financiado-por-la-UE.jpg\",\"contentUrl\":\"https:\\\/\\\/alinvest-verde.eu\\\/wp-content\\\/uploads\\\/2022\\\/01\\\/cropped-logo-financiado-por-la-UE.jpg\",\"width\":756,\"height\":216,\"caption\":\"Programme AL-INVEST Verde\"},\"image\":{\"@id\":\"https:\\\/\\\/alinvest-verde.eu\\\/#\\\/schema\\\/logo\\\/image\\\/\"}}]}<\/script>\n<!-- \/ Yoast SEO plugin. -->","yoast_head_json":{"title":"Octubre 2023 - Programme AL-INVEST Verde","robots":{"index":"index","follow":"follow","max-snippet":"max-snippet:-1","max-image-preview":"max-image-preview:large","max-video-preview":"max-video-preview:-1"},"canonical":"https:\/\/alinvest-verde.eu\/es_es\/newslette\/newsletter-octubre\/","og_locale":"es_ES","og_type":"article","og_title":"Octubre 2023 - Programme AL-INVEST Verde","og_description":"El bolet\u00edn electr\u00f3nico de octubre destaca el evento anual del Componente 1 que se desarroll\u00f3 en Lima, Per\u00fa. As\u00ed como las acciones del Componente 2 para promover certificaciones y el impulso a la cadena de valor de la carne y el cuero.","og_url":"https:\/\/alinvest-verde.eu\/es_es\/newslette\/newsletter-octubre\/","og_site_name":"Programme AL-INVEST Verde","article_modified_time":"2024-05-31T01:37:36+00:00","og_image":[{"width":494,"height":493,"url":"https:\/\/alinvest-verde.eu\/wp-content\/uploads\/2023\/10\/boletinoctubre-e1698780538970.jpg","type":"image\/jpeg"}],"twitter_card":"summary_large_image","twitter_misc":{"Tiempo de lectura":"4 minutos"},"schema":{"@context":"https:\/\/schema.org","@graph":[{"@type":"WebPage","@id":"https:\/\/alinvest-verde.eu\/newslette\/newsletter-octubre\/","url":"https:\/\/alinvest-verde.eu\/newslette\/newsletter-octubre\/","name":"Octubre 2023 - Programme AL-INVEST Verde","isPartOf":{"@id":"https:\/\/alinvest-verde.eu\/#website"},"primaryImageOfPage":{"@id":"https:\/\/alinvest-verde.eu\/newslette\/newsletter-octubre\/#primaryimage"},"image":{"@id":"https:\/\/alinvest-verde.eu\/newslette\/newsletter-octubre\/#primaryimage"},"thumbnailUrl":"https:\/\/alinvest-verde.eu\/wp-content\/uploads\/2023\/10\/boletinoctubre-e1698780538970.jpg","datePublished":"2023-10-31T19:08:44+00:00","dateModified":"2024-05-31T01:37:36+00:00","breadcrumb":{"@id":"https:\/\/alinvest-verde.eu\/newslette\/newsletter-octubre\/#breadcrumb"},"inLanguage":"es","potentialAction":[{"@type":"ReadAction","target":["https:\/\/alinvest-verde.eu\/newslette\/newsletter-octubre\/"]}]},{"@type":"ImageObject","inLanguage":"es","@id":"https:\/\/alinvest-verde.eu\/newslette\/newsletter-octubre\/#primaryimage","url":"https:\/\/alinvest-verde.eu\/wp-content\/uploads\/2023\/10\/boletinoctubre-e1698780538970.jpg","contentUrl":"https:\/\/alinvest-verde.eu\/wp-content\/uploads\/2023\/10\/boletinoctubre-e1698780538970.jpg","width":494,"height":493},{"@type":"BreadcrumbList","@id":"https:\/\/alinvest-verde.eu\/newslette\/newsletter-octubre\/#breadcrumb","itemListElement":[{"@type":"ListItem","position":1,"name":"Inicio","item":"https:\/\/alinvest-verde.eu\/"},{"@type":"ListItem","position":2,"name":"Octubre 2023"}]},{"@type":"WebSite","@id":"https:\/\/alinvest-verde.eu\/#website","url":"https:\/\/alinvest-verde.eu\/","name":"Programme AL-INVEST Verde","description":"Building alliances with the private sector in LA and promote sustainable growth and jobs creation by supporting the transition towards a low-carbon, resource-efficient economy","publisher":{"@id":"https:\/\/alinvest-verde.eu\/#organization"},"potentialAction":[{"@type":"SearchAction","target":{"@type":"EntryPoint","urlTemplate":"https:\/\/alinvest-verde.eu\/?s={search_term_string}"},"query-input":{"@type":"PropertyValueSpecification","valueRequired":true,"valueName":"search_term_string"}}],"inLanguage":"es"},{"@type":"Organization","@id":"https:\/\/alinvest-verde.eu\/#organization","name":"Programme AL-INVEST Verde","url":"https:\/\/alinvest-verde.eu\/","logo":{"@type":"ImageObject","inLanguage":"es","@id":"https:\/\/alinvest-verde.eu\/#\/schema\/logo\/image\/","url":"https:\/\/alinvest-verde.eu\/wp-content\/uploads\/2022\/01\/cropped-logo-financiado-por-la-UE.jpg","contentUrl":"https:\/\/alinvest-verde.eu\/wp-content\/uploads\/2022\/01\/cropped-logo-financiado-por-la-UE.jpg","width":756,"height":216,"caption":"Programme AL-INVEST Verde"},"image":{"@id":"https:\/\/alinvest-verde.eu\/#\/schema\/logo\/image\/"}}]}},"_links":{"self":[{"href":"https:\/\/alinvest-verde.eu\/es_es\/wp-json\/wp\/v2\/newslette\/9356","targetHints":{"allow":["GET"]}}],"collection":[{"href":"https:\/\/alinvest-verde.eu\/es_es\/wp-json\/wp\/v2\/newslette"}],"about":[{"href":"https:\/\/alinvest-verde.eu\/es_es\/wp-json\/wp\/v2\/types\/newslette"}],"version-history":[{"count":2,"href":"https:\/\/alinvest-verde.eu\/es_es\/wp-json\/wp\/v2\/newslette\/9356\/revisions"}],"predecessor-version":[{"id":12950,"href":"https:\/\/alinvest-verde.eu\/es_es\/wp-json\/wp\/v2\/newslette\/9356\/revisions\/12950"}],"wp:featuredmedia":[{"embeddable":true,"href":"https:\/\/alinvest-verde.eu\/es_es\/wp-json\/wp\/v2\/media\/9358"}],"wp:attachment":[{"href":"https:\/\/alinvest-verde.eu\/es_es\/wp-json\/wp\/v2\/media?parent=9356"}],"curies":[{"name":"wp","href":"https:\/\/api.w.org\/{rel}","templated":true}]}}