{"id":10834,"date":"2024-03-15T17:12:04","date_gmt":"2024-03-15T16:12:04","guid":{"rendered":"https:\/\/alinvest-verde.eu\/?p=10834"},"modified":"2024-08-06T12:44:57","modified_gmt":"2024-08-06T10:44:57","slug":"el-gobierno-brasileno-de-minas-gerais-presenta-la-plataforma-selo-verde-apoyada-por-al-invest-verde","status":"publish","type":"post","link":"https:\/\/alinvest-verde.eu\/es_es\/el-gobierno-brasileno-de-minas-gerais-presenta-la-plataforma-selo-verde-apoyada-por-al-invest-verde\/","title":{"rendered":"El Gobierno brasile\u00f1o de Minas Gerais presenta la plataforma Selo Verde, apoyada por AL-INVEST Verde"},"content":{"rendered":"\t\t<div data-elementor-type=\"wp-post\" data-elementor-id=\"10834\" class=\"elementor elementor-10834\" data-elementor-post-type=\"post\">\n\t\t\t\t\t\t<section class=\"elementor-section elementor-top-section elementor-element elementor-element-735026eb elementor-section-boxed elementor-section-height-default elementor-section-height-default\" data-id=\"735026eb\" data-element_type=\"section\" data-e-type=\"section\">\n\t\t\t\t\t\t<div class=\"elementor-container elementor-column-gap-default\">\n\t\t\t\t\t<div class=\"elementor-column elementor-col-100 elementor-top-column elementor-element elementor-element-7e7c9464\" data-id=\"7e7c9464\" data-element_type=\"column\" data-e-type=\"column\">\n\t\t\t<div class=\"elementor-widget-wrap elementor-element-populated\">\n\t\t\t\t\t\t<div class=\"elementor-element elementor-element-efba4c6 elementor-widget elementor-widget-text-editor\" data-id=\"efba4c6\" data-element_type=\"widget\" data-e-type=\"widget\" data-widget_type=\"text-editor.default\">\n\t\t\t\t<div class=\"elementor-widget-container\">\n\t\t\t\t\t\t\t\t\t\n<p class=\"wp-block-paragraph\"><strong>Minas Gerais, 11 de marzo de 2024.-<\/strong> El Gobierno de Minas Gerais, en Brasil, a trav\u00e9s de la Secretar\u00eda de Agricultura, Ganader\u00eda y Abastecimiento (SEAPA), y la Universidad Federal de Minas Gerais (UFMG) presentaron a representantes del programa AL-INVEST Verde la producci\u00f3n sostenible de los principales commodities agr\u00edcolas exportados y la <a href=\"https:\/\/alinvest-verde.eu\/es_es\/presentacion-a-argentina-y-paraguay-del-sistema-de-trazabilidad-selo-verde-implantado-en-el-estado-brasileno-de-para\/\">Plataforma Selo Verde MG<\/a>, que cuenta con el apoyo del Componente 2 de este programa.<\/p>\n\n<p class=\"wp-block-paragraph\">Selo Verde MG permite verificar el cumplimiento de las propiedades rurales de Minas Gerais con el C\u00f3digo Forestal, en lo que respecta a las cadenas de caf\u00e9, forestal y soja, cuya exportaci\u00f3n a la Uni\u00f3n Europea est\u00e1 regulada por el <a href=\"https:\/\/alinvest-verde.eu\/es_es\/reglamentos-de-cadenas-de-suministro-libres-de-deforestacion\/\">Reglamento de productos libres de deforestaci\u00f3n<\/a> (EUDR) de la Uni\u00f3n Europea.<\/p>\n\n<p class=\"wp-block-paragraph\">Durante el encuentro, el Estado de Minas Gerais asegur\u00f3 estar preparado para cumplir las exigencias de la nueva normativa de la Uni\u00f3n Europea. El Secretario de Agricultura, Ganader\u00eda y Abastecimiento, Thales Fernandes, destac\u00f3 la importancia de cumplir con el criterio de \u201cno deforestaci\u00f3n\u201d, garantizado por la plataforma Selo verde MG.<\/p>\n\n<p class=\"wp-block-paragraph\">&#8220;Estamos mostrando la sostenibilidad de la agricultura en Minas Gerais y en el pa\u00eds. La plataforma Selo Verde MG est\u00e1 disponible en el sitio web del Instituto Forestal del Estado (IEF), y el propio productor puede comprobar la informaci\u00f3n sobre su propiedad a trav\u00e9s del Registro Ambiental Rural (CAR)&#8221;, destac\u00f3.<\/p>\n\n<p class=\"wp-block-paragraph\">&#8220;Nuestro trabajo tiene como objetivo <strong>fortalecer las pol\u00edticas p\u00fablicas en Am\u00e9rica Latina<\/strong> que promueven la producci\u00f3n sostenible, especialmente, en las cadenas de producci\u00f3n comercializadas con la UE. Brasil cuenta con una legislaci\u00f3n muy avanzada y creemos que una plataforma como Selo Verde puede proporcionar toda la informaci\u00f3n necesaria para cumplir los requisitos de la UE&#8221;, se\u00f1al\u00f3 Andrea Monaco, Senior Programme Manager de AL-INVEST Verde.<\/p>\n\n<p class=\"wp-block-paragraph\"><strong>Selo Verde MG<\/strong><\/p>\n\n<p class=\"wp-block-paragraph\">La plataforma Selo Verde MG est\u00e1 desarrollada por el Departamento de Agricultura, el Instituto Estadual de Florestas (IEF) y la Universidad Federal de Minas Gerais (UFMG). Adem\u00e1s, cuenta el apoyo del Componente 2 de AL-INVEST Verde. Esta plataforma ha demostrado que el <strong>99% de las propiedades cafeteras de Minas Gerais son categorizadas como zonas libres de deforestaci\u00f3n<\/strong> desde 2008, fecha base estipulada por el C\u00f3digo Forestal.<\/p>\n\n<p class=\"wp-block-paragraph\">Respecto a caf\u00e9, el Secret\u00e1rio da Casa Civil do estado de Minas Gerais, Marcelo Aro, destac\u00f3 la importancia de esta cadena para el Estado. &#8220;Cuando abrimos el mercado brasile\u00f1o al resto del mundo, en el siglo XIX, Europa desempe\u00f1\u00f3 un papel fundamental al exigir a los empresarios brasile\u00f1os productos libres de mano de obra esclava. Y una vez m\u00e1s, Minas Gerais y los pa\u00edses europeos viven un momento hist\u00f3rico de preocupaci\u00f3n por el medio ambiente, con la reducci\u00f3n de la deforestaci\u00f3n en \u00e1reas productivas. Con Selo Verde, estamos poniendo una sugerencia sobre la mesa, mostrando el compromiso del Estado y el cuidado del medio ambiente&#8221;, indic\u00f3.<\/p>\n\n<p class=\"wp-block-paragraph\">Tambi\u00e9n se ha comprobado que <strong>el 95% de las granjas de soja y el 93% de las propiedades con bosques<\/strong>, principalmente eucaliptos, est\u00e1n libres de deforestaci\u00f3n, respetando los bosques nativos y convirtiendo al estado en una vitrina para el mundo por la sostenibilidad de su producci\u00f3n.<\/p>\n\n<p class=\"wp-block-paragraph\">En este sentido, el Subsecretario de Medio Ambiente y Desarrollo Sostenible, Leonardo Rodrigues, destac\u00f3 que, adem\u00e1s de todas sus caracter\u00edsticas, la principal funci\u00f3n de Selo Verde MG es combatir la deforestaci\u00f3n. &#8220;Es una plataforma que se ha ido expandiendo, que demuestra el origen de los productos y tambi\u00e9n nos permite un mayor control sobre la deforestaci\u00f3n, que es un problema que causa da\u00f1os globales. El cambio clim\u00e1tico est\u00e1 directamente relacionado con esto&#8221;, subray\u00f3.<\/p>\n\n<p class=\"wp-block-paragraph\">En la misma l\u00ednea, el director general del Instituto Forestal del Estado, Breno Lasmar, destac\u00f3 la importancia de la Plataforma Selo Verde MG para el papel del Gobierno de Minas Gerais en la gesti\u00f3n de la biodiversidad. &#8220;Tenemos la responsabilidad, junto con la UFMG, de asegurar que los datos sean rastreables, fiables y que podamos garantizar una acci\u00f3n clara de todo el gobierno para demostrar su seriedad en el tema. A trav\u00e9s de esto, podemos garantizar al sector productivo y a todo el mercado que los datos tienen una cantidad significativa de informaci\u00f3n, lo que nos permitir\u00e1 demostrar la seriedad y la seguridad de este trabajo&#8221;, dijo.<\/p>\n<section class=\"elementor-section elementor-top-section elementor-element elementor-element-4ad2e7d elementor-section-boxed elementor-section-height-default elementor-section-height-default\" data-id=\"4ad2e7d\" data-element_type=\"section\">\n<div class=\"elementor-container elementor-column-gap-default\">\n<div class=\"elementor-column elementor-col-100 elementor-top-column elementor-element elementor-element-cf7e6e6\" data-id=\"cf7e6e6\" data-element_type=\"column\">\n<div class=\"elementor-widget-wrap elementor-element-populated\">\n<div class=\"elementor-element elementor-element-5fbb123 elementor-widget elementor-widget-text-editor\" data-id=\"5fbb123\" data-element_type=\"widget\" data-widget_type=\"text-editor.default\">\n<div class=\"elementor-widget-container\">\n<p><strong>Acerca de AL-INVEST Verde<\/strong><\/p>\n<p>AL-INVEST Verde es un programa de la Uni\u00f3n Europea (UE) cuyo principal objetivo es promover el crecimiento sostenible y la creaci\u00f3n de empleo en Am\u00e9rica Latina, apoyando la transici\u00f3n hacia una econom\u00eda baja en carbono, eficiente en recursos y m\u00e1s circular. A trav\u00e9s del Componente 2, liderado por FIIAPP en consorcio con IILA, el programa proporciona asistencia para el fortalecimiento de las pol\u00edticas p\u00fablicas y los di\u00e1logos entre m\u00faltiples partes interesadas sobre las cadenas agr\u00edcolas y de valor sostenibles, las normas ambientales y laborales, as\u00ed como la pol\u00edtica comercial y econ\u00f3mica sostenible y los marcos regulatorios.<\/p>\n<\/div>\n<\/div>\n<\/div>\n<\/div>\n<\/div>\n<\/section>\n\t\t\t\t\t\t\t\t<\/div>\n\t\t\t\t<\/div>\n\t\t\t\t\t<\/div>\n\t\t<\/div>\n\t\t\t\t\t<\/div>\n\t\t<\/section>\n\t\t\t\t<section class=\"elementor-section elementor-top-section elementor-element elementor-element-5298785 elementor-section-boxed elementor-section-height-default elementor-section-height-default\" data-id=\"5298785\" data-element_type=\"section\" data-e-type=\"section\">\n\t\t\t\t\t\t<div class=\"elementor-container elementor-column-gap-default\">\n\t\t\t\t\t<div class=\"elementor-column elementor-col-100 elementor-top-column elementor-element elementor-element-785b1e4\" data-id=\"785b1e4\" data-element_type=\"column\" data-e-type=\"column\">\n\t\t\t<div class=\"elementor-widget-wrap elementor-element-populated\">\n\t\t\t\t\t\t<div class=\"elementor-element elementor-element-3caa078 elementor-widget elementor-widget-html\" data-id=\"3caa078\" data-element_type=\"widget\" data-e-type=\"widget\" data-widget_type=\"html.default\">\n\t\t\t\t<div class=\"elementor-widget-container\">\n\t\t\t\t\t<a data-flickr-embed=\"true\" href=\"https:\/\/www.flickr.com\/photos\/al-investverde\/albums\/72177720319347000\" title=\"Visita a Minas Gerais (Brasil) para conocer la plataforma SeloVerde MG\"><img fetchpriority=\"high\" decoding=\"async\" src=\"https:\/\/live.staticflickr.com\/65535\/53904651692_8548120a26_h.jpg\" width=\"1600\" height=\"1200\" alt=\"Visita a Minas Gerais (Brasil) para conocer la plataforma SeloVerde MG\"\/><\/a><script async src=\"\/\/embedr.flickr.com\/assets\/client-code.js\" charset=\"utf-8\"><\/script>\t\t\t\t<\/div>\n\t\t\t\t<\/div>\n\t\t\t\t\t<\/div>\n\t\t<\/div>\n\t\t\t\t\t<\/div>\n\t\t<\/section>\n\t\t\t\t<section class=\"elementor-section elementor-top-section elementor-element elementor-element-ed64b8b elementor-section-boxed elementor-section-height-default elementor-section-height-default\" data-id=\"ed64b8b\" data-element_type=\"section\" data-e-type=\"section\">\n\t\t\t\t\t\t<div class=\"elementor-container elementor-column-gap-default\">\n\t\t\t\t\t<div class=\"elementor-column elementor-col-100 elementor-top-column elementor-element elementor-element-2c9fe97\" data-id=\"2c9fe97\" data-element_type=\"column\" data-e-type=\"column\">\n\t\t\t<div class=\"elementor-widget-wrap elementor-element-populated\">\n\t\t\t\t\t\t<div class=\"elementor-element elementor-element-9c76a5b elementor-widget elementor-widget-video\" data-id=\"9c76a5b\" data-element_type=\"widget\" data-e-type=\"widget\" data-settings=\"{&quot;youtube_url&quot;:&quot;https:\\\/\\\/www.youtube.com\\\/watch?v=bAjZ4gNliR0&amp;t=9s&quot;,&quot;video_type&quot;:&quot;youtube&quot;,&quot;controls&quot;:&quot;yes&quot;}\" data-widget_type=\"video.default\">\n\t\t\t\t<div class=\"elementor-widget-container\">\n\t\t\t\t\t\t\t<div class=\"elementor-wrapper elementor-open-inline\">\n\t\t\t<div class=\"elementor-video\"><\/div>\t\t<\/div>\n\t\t\t\t\t\t<\/div>\n\t\t\t\t<\/div>\n\t\t\t\t\t<\/div>\n\t\t<\/div>\n\t\t\t\t\t<\/div>\n\t\t<\/section>\n\t\t\t\t<\/div>\n\t\t","protected":false},"excerpt":{"rendered":"<p>Minas Gerais, 11 de marzo de 2024.- El Gobierno de Minas Gerais, en Brasil, a trav\u00e9s de la Secretar\u00eda de Agricultura, Ganader\u00eda y Abastecimiento (SEAPA), y la Universidad Federal de Minas Gerais (UFMG) presentaron a representantes del programa AL-INVEST Verde la producci\u00f3n sostenible de los principales commodities agr\u00edcolas exportados y la Plataforma Selo Verde MG, [&hellip;]<\/p>\n","protected":false},"author":6,"featured_media":10835,"comment_status":"closed","ping_status":"closed","sticky":false,"template":"","format":"standard","meta":{"footnotes":""},"categories":[24,19],"tags":[21,26,38,30],"class_list":["post-10834","post","type-post","status-publish","format-standard","has-post-thumbnail","hentry","category-actualidad","category-component-2","tag-cadenas-de-valor","tag-component-2","tag-deforestacion","tag-sostenibilidad"],"yoast_head":"<!-- This site is optimized with the Yoast SEO plugin v28.4 - https:\/\/yoast.com\/product\/yoast-seo-wordpress\/ -->\n<title>El Gobierno brasile\u00f1o de Minas Gerais presenta la plataforma Selo Verde, apoyada por AL-INVEST Verde - Programme AL-INVEST Verde<\/title>\n<meta name=\"robots\" content=\"index, follow, max-snippet:-1, max-image-preview:large, max-video-preview:-1\" \/>\n<link rel=\"canonical\" href=\"https:\/\/alinvest-verde.eu\/es_es\/el-gobierno-brasileno-de-minas-gerais-presenta-la-plataforma-selo-verde-apoyada-por-al-invest-verde\/\" \/>\n<meta property=\"og:locale\" content=\"es_ES\" \/>\n<meta property=\"og:type\" content=\"article\" \/>\n<meta property=\"og:title\" content=\"El Gobierno brasile\u00f1o de Minas Gerais presenta la plataforma Selo Verde, apoyada por AL-INVEST Verde - Programme AL-INVEST Verde\" \/>\n<meta property=\"og:description\" content=\"Minas Gerais, 11 de marzo de 2024.- El Gobierno de Minas Gerais, en Brasil, a trav\u00e9s de la Secretar\u00eda de Agricultura, Ganader\u00eda y Abastecimiento (SEAPA), y la Universidad Federal de Minas Gerais (UFMG) presentaron a representantes del programa AL-INVEST Verde la producci\u00f3n sostenible de los principales commodities agr\u00edcolas exportados y la Plataforma Selo Verde MG, [&hellip;]\" \/>\n<meta property=\"og:url\" content=\"https:\/\/alinvest-verde.eu\/es_es\/el-gobierno-brasileno-de-minas-gerais-presenta-la-plataforma-selo-verde-apoyada-por-al-invest-verde\/\" \/>\n<meta property=\"og:site_name\" content=\"Programme AL-INVEST Verde\" \/>\n<meta property=\"article:published_time\" content=\"2024-03-15T16:12:04+00:00\" \/>\n<meta property=\"article:modified_time\" content=\"2024-08-06T10:44:57+00:00\" \/>\n<meta property=\"og:image\" content=\"https:\/\/alinvest-verde.eu\/wp-content\/uploads\/2024\/03\/20240311-SELO-VERDE-scaled.jpeg\" \/>\n\t<meta property=\"og:image:width\" content=\"2560\" \/>\n\t<meta property=\"og:image:height\" content=\"1441\" \/>\n\t<meta property=\"og:image:type\" content=\"image\/jpeg\" \/>\n<meta name=\"author\" content=\"Azucena Garc\u00eda\" \/>\n<meta name=\"twitter:card\" content=\"summary_large_image\" \/>\n<meta name=\"twitter:creator\" content=\"@Frank Summa\" \/>\n<meta name=\"twitter:label1\" content=\"Escrito por\" \/>\n\t<meta name=\"twitter:data1\" content=\"\" \/>\n\t<meta name=\"twitter:label2\" content=\"Tiempo de lectura\" \/>\n\t<meta name=\"twitter:data2\" content=\"5 minutos\" \/>\n<script type=\"application\/ld+json\" class=\"yoast-schema-graph\">{\"@context\":\"https:\\\/\\\/schema.org\",\"@graph\":[{\"@type\":\"Article\",\"@id\":\"https:\\\/\\\/alinvest-verde.eu\\\/el-gobierno-brasileno-de-minas-gerais-presenta-la-plataforma-selo-verde-apoyada-por-al-invest-verde\\\/#article\",\"isPartOf\":{\"@id\":\"https:\\\/\\\/alinvest-verde.eu\\\/el-gobierno-brasileno-de-minas-gerais-presenta-la-plataforma-selo-verde-apoyada-por-al-invest-verde\\\/\"},\"author\":{\"name\":\"Azucena Garc\u00eda\",\"@id\":\"https:\\\/\\\/alinvest-verde.eu\\\/#\\\/schema\\\/person\\\/8804ec49772ba377829838bc11b6aa6b\"},\"headline\":\"El Gobierno brasile\u00f1o de Minas Gerais presenta la plataforma Selo Verde, apoyada por AL-INVEST Verde\",\"datePublished\":\"2024-03-15T16:12:04+00:00\",\"dateModified\":\"2024-08-06T10:44:57+00:00\",\"mainEntityOfPage\":{\"@id\":\"https:\\\/\\\/alinvest-verde.eu\\\/el-gobierno-brasileno-de-minas-gerais-presenta-la-plataforma-selo-verde-apoyada-por-al-invest-verde\\\/\"},\"wordCount\":867,\"publisher\":{\"@id\":\"https:\\\/\\\/alinvest-verde.eu\\\/#organization\"},\"image\":{\"@id\":\"https:\\\/\\\/alinvest-verde.eu\\\/el-gobierno-brasileno-de-minas-gerais-presenta-la-plataforma-selo-verde-apoyada-por-al-invest-verde\\\/#primaryimage\"},\"thumbnailUrl\":\"https:\\\/\\\/alinvest-verde.eu\\\/wp-content\\\/uploads\\\/2024\\\/03\\\/20240311-SELO-VERDE-scaled.jpeg\",\"keywords\":[\"cadenas de valor\",\"Component 2\",\"deforestaci\u00f3n\",\"sostenibilidad\"],\"articleSection\":[\"Actualidad\",\"Component 2\"],\"inLanguage\":\"es\"},{\"@type\":\"WebPage\",\"@id\":\"https:\\\/\\\/alinvest-verde.eu\\\/el-gobierno-brasileno-de-minas-gerais-presenta-la-plataforma-selo-verde-apoyada-por-al-invest-verde\\\/\",\"url\":\"https:\\\/\\\/alinvest-verde.eu\\\/el-gobierno-brasileno-de-minas-gerais-presenta-la-plataforma-selo-verde-apoyada-por-al-invest-verde\\\/\",\"name\":\"El Gobierno brasile\u00f1o de Minas Gerais presenta la plataforma Selo Verde, apoyada por AL-INVEST Verde - Programme AL-INVEST Verde\",\"isPartOf\":{\"@id\":\"https:\\\/\\\/alinvest-verde.eu\\\/#website\"},\"primaryImageOfPage\":{\"@id\":\"https:\\\/\\\/alinvest-verde.eu\\\/el-gobierno-brasileno-de-minas-gerais-presenta-la-plataforma-selo-verde-apoyada-por-al-invest-verde\\\/#primaryimage\"},\"image\":{\"@id\":\"https:\\\/\\\/alinvest-verde.eu\\\/el-gobierno-brasileno-de-minas-gerais-presenta-la-plataforma-selo-verde-apoyada-por-al-invest-verde\\\/#primaryimage\"},\"thumbnailUrl\":\"https:\\\/\\\/alinvest-verde.eu\\\/wp-content\\\/uploads\\\/2024\\\/03\\\/20240311-SELO-VERDE-scaled.jpeg\",\"datePublished\":\"2024-03-15T16:12:04+00:00\",\"dateModified\":\"2024-08-06T10:44:57+00:00\",\"breadcrumb\":{\"@id\":\"https:\\\/\\\/alinvest-verde.eu\\\/el-gobierno-brasileno-de-minas-gerais-presenta-la-plataforma-selo-verde-apoyada-por-al-invest-verde\\\/#breadcrumb\"},\"inLanguage\":\"es\",\"potentialAction\":[{\"@type\":\"ReadAction\",\"target\":[\"https:\\\/\\\/alinvest-verde.eu\\\/el-gobierno-brasileno-de-minas-gerais-presenta-la-plataforma-selo-verde-apoyada-por-al-invest-verde\\\/\"]}]},{\"@type\":\"ImageObject\",\"inLanguage\":\"es\",\"@id\":\"https:\\\/\\\/alinvest-verde.eu\\\/el-gobierno-brasileno-de-minas-gerais-presenta-la-plataforma-selo-verde-apoyada-por-al-invest-verde\\\/#primaryimage\",\"url\":\"https:\\\/\\\/alinvest-verde.eu\\\/wp-content\\\/uploads\\\/2024\\\/03\\\/20240311-SELO-VERDE-scaled.jpeg\",\"contentUrl\":\"https:\\\/\\\/alinvest-verde.eu\\\/wp-content\\\/uploads\\\/2024\\\/03\\\/20240311-SELO-VERDE-scaled.jpeg\",\"width\":2560,\"height\":1441},{\"@type\":\"BreadcrumbList\",\"@id\":\"https:\\\/\\\/alinvest-verde.eu\\\/el-gobierno-brasileno-de-minas-gerais-presenta-la-plataforma-selo-verde-apoyada-por-al-invest-verde\\\/#breadcrumb\",\"itemListElement\":[{\"@type\":\"ListItem\",\"position\":1,\"name\":\"Inicio\",\"item\":\"https:\\\/\\\/alinvest-verde.eu\\\/\"},{\"@type\":\"ListItem\",\"position\":2,\"name\":\"Component 2\",\"item\":\"https:\\\/\\\/alinvest-verde.eu\\\/category\\\/component-2\\\/\"},{\"@type\":\"ListItem\",\"position\":3,\"name\":\"El Gobierno brasile\u00f1o de Minas Gerais presenta la plataforma Selo Verde, apoyada por AL-INVEST Verde\"}]},{\"@type\":\"WebSite\",\"@id\":\"https:\\\/\\\/alinvest-verde.eu\\\/#website\",\"url\":\"https:\\\/\\\/alinvest-verde.eu\\\/\",\"name\":\"Programme AL-INVEST Verde\",\"description\":\"Building alliances with the private sector in LA and promote sustainable growth and jobs creation by supporting the transition towards a low-carbon, resource-efficient economy\",\"publisher\":{\"@id\":\"https:\\\/\\\/alinvest-verde.eu\\\/#organization\"},\"potentialAction\":[{\"@type\":\"SearchAction\",\"target\":{\"@type\":\"EntryPoint\",\"urlTemplate\":\"https:\\\/\\\/alinvest-verde.eu\\\/?s={search_term_string}\"},\"query-input\":{\"@type\":\"PropertyValueSpecification\",\"valueRequired\":true,\"valueName\":\"search_term_string\"}}],\"inLanguage\":\"es\"},{\"@type\":\"Organization\",\"@id\":\"https:\\\/\\\/alinvest-verde.eu\\\/#organization\",\"name\":\"Programme AL-INVEST Verde\",\"url\":\"https:\\\/\\\/alinvest-verde.eu\\\/\",\"logo\":{\"@type\":\"ImageObject\",\"inLanguage\":\"es\",\"@id\":\"https:\\\/\\\/alinvest-verde.eu\\\/#\\\/schema\\\/logo\\\/image\\\/\",\"url\":\"https:\\\/\\\/alinvest-verde.eu\\\/wp-content\\\/uploads\\\/2022\\\/01\\\/cropped-logo-financiado-por-la-UE.jpg\",\"contentUrl\":\"https:\\\/\\\/alinvest-verde.eu\\\/wp-content\\\/uploads\\\/2022\\\/01\\\/cropped-logo-financiado-por-la-UE.jpg\",\"width\":756,\"height\":216,\"caption\":\"Programme AL-INVEST Verde\"},\"image\":{\"@id\":\"https:\\\/\\\/alinvest-verde.eu\\\/#\\\/schema\\\/logo\\\/image\\\/\"}},{\"@type\":\"Person\",\"@id\":\"https:\\\/\\\/alinvest-verde.eu\\\/#\\\/schema\\\/person\\\/8804ec49772ba377829838bc11b6aa6b\",\"name\":\"Azucena Garc\u00eda\",\"image\":{\"@type\":\"ImageObject\",\"inLanguage\":\"es\",\"@id\":\"https:\\\/\\\/secure.gravatar.com\\\/avatar\\\/fc4d91c562d3c4ac55cafd2f4ae4ebd513d2304b007a5c8d4f2d8543edeb9d79?s=96&d=mm&r=g\",\"url\":\"https:\\\/\\\/secure.gravatar.com\\\/avatar\\\/fc4d91c562d3c4ac55cafd2f4ae4ebd513d2304b007a5c8d4f2d8543edeb9d79?s=96&d=mm&r=g\",\"contentUrl\":\"https:\\\/\\\/secure.gravatar.com\\\/avatar\\\/fc4d91c562d3c4ac55cafd2f4ae4ebd513d2304b007a5c8d4f2d8543edeb9d79?s=96&d=mm&r=g\",\"caption\":\"Azucena Garc\u00eda\"},\"sameAs\":[\"https:\\\/\\\/x.com\\\/Frank Summa\"],\"url\":\"https:\\\/\\\/alinvest-verde.eu\\\/es_es\\\/author\\\/azucena-garcia\\\/\"}]}<\/script>\n<!-- \/ Yoast SEO plugin. -->","yoast_head_json":{"title":"El Gobierno brasile\u00f1o de Minas Gerais presenta la plataforma Selo Verde, apoyada por AL-INVEST Verde - Programme AL-INVEST Verde","robots":{"index":"index","follow":"follow","max-snippet":"max-snippet:-1","max-image-preview":"max-image-preview:large","max-video-preview":"max-video-preview:-1"},"canonical":"https:\/\/alinvest-verde.eu\/es_es\/el-gobierno-brasileno-de-minas-gerais-presenta-la-plataforma-selo-verde-apoyada-por-al-invest-verde\/","og_locale":"es_ES","og_type":"article","og_title":"El Gobierno brasile\u00f1o de Minas Gerais presenta la plataforma Selo Verde, apoyada por AL-INVEST Verde - Programme AL-INVEST Verde","og_description":"Minas Gerais, 11 de marzo de 2024.- El Gobierno de Minas Gerais, en Brasil, a trav\u00e9s de la Secretar\u00eda de Agricultura, Ganader\u00eda y Abastecimiento (SEAPA), y la Universidad Federal de Minas Gerais (UFMG) presentaron a representantes del programa AL-INVEST Verde la producci\u00f3n sostenible de los principales commodities agr\u00edcolas exportados y la Plataforma Selo Verde MG, [&hellip;]","og_url":"https:\/\/alinvest-verde.eu\/es_es\/el-gobierno-brasileno-de-minas-gerais-presenta-la-plataforma-selo-verde-apoyada-por-al-invest-verde\/","og_site_name":"Programme AL-INVEST Verde","article_published_time":"2024-03-15T16:12:04+00:00","article_modified_time":"2024-08-06T10:44:57+00:00","og_image":[{"width":2560,"height":1441,"url":"https:\/\/alinvest-verde.eu\/wp-content\/uploads\/2024\/03\/20240311-SELO-VERDE-scaled.jpeg","type":"image\/jpeg"}],"author":"Azucena Garc\u00eda","twitter_card":"summary_large_image","twitter_creator":"@Frank Summa","twitter_misc":{"Escrito por":false,"Tiempo de lectura":"5 minutos"},"schema":{"@context":"https:\/\/schema.org","@graph":[{"@type":"Article","@id":"https:\/\/alinvest-verde.eu\/el-gobierno-brasileno-de-minas-gerais-presenta-la-plataforma-selo-verde-apoyada-por-al-invest-verde\/#article","isPartOf":{"@id":"https:\/\/alinvest-verde.eu\/el-gobierno-brasileno-de-minas-gerais-presenta-la-plataforma-selo-verde-apoyada-por-al-invest-verde\/"},"author":{"name":"Azucena Garc\u00eda","@id":"https:\/\/alinvest-verde.eu\/#\/schema\/person\/8804ec49772ba377829838bc11b6aa6b"},"headline":"El Gobierno brasile\u00f1o de Minas Gerais presenta la plataforma Selo Verde, apoyada por AL-INVEST Verde","datePublished":"2024-03-15T16:12:04+00:00","dateModified":"2024-08-06T10:44:57+00:00","mainEntityOfPage":{"@id":"https:\/\/alinvest-verde.eu\/el-gobierno-brasileno-de-minas-gerais-presenta-la-plataforma-selo-verde-apoyada-por-al-invest-verde\/"},"wordCount":867,"publisher":{"@id":"https:\/\/alinvest-verde.eu\/#organization"},"image":{"@id":"https:\/\/alinvest-verde.eu\/el-gobierno-brasileno-de-minas-gerais-presenta-la-plataforma-selo-verde-apoyada-por-al-invest-verde\/#primaryimage"},"thumbnailUrl":"https:\/\/alinvest-verde.eu\/wp-content\/uploads\/2024\/03\/20240311-SELO-VERDE-scaled.jpeg","keywords":["cadenas de valor","Component 2","deforestaci\u00f3n","sostenibilidad"],"articleSection":["Actualidad","Component 2"],"inLanguage":"es"},{"@type":"WebPage","@id":"https:\/\/alinvest-verde.eu\/el-gobierno-brasileno-de-minas-gerais-presenta-la-plataforma-selo-verde-apoyada-por-al-invest-verde\/","url":"https:\/\/alinvest-verde.eu\/el-gobierno-brasileno-de-minas-gerais-presenta-la-plataforma-selo-verde-apoyada-por-al-invest-verde\/","name":"El Gobierno brasile\u00f1o de Minas Gerais presenta la plataforma Selo Verde, apoyada por AL-INVEST Verde - Programme AL-INVEST Verde","isPartOf":{"@id":"https:\/\/alinvest-verde.eu\/#website"},"primaryImageOfPage":{"@id":"https:\/\/alinvest-verde.eu\/el-gobierno-brasileno-de-minas-gerais-presenta-la-plataforma-selo-verde-apoyada-por-al-invest-verde\/#primaryimage"},"image":{"@id":"https:\/\/alinvest-verde.eu\/el-gobierno-brasileno-de-minas-gerais-presenta-la-plataforma-selo-verde-apoyada-por-al-invest-verde\/#primaryimage"},"thumbnailUrl":"https:\/\/alinvest-verde.eu\/wp-content\/uploads\/2024\/03\/20240311-SELO-VERDE-scaled.jpeg","datePublished":"2024-03-15T16:12:04+00:00","dateModified":"2024-08-06T10:44:57+00:00","breadcrumb":{"@id":"https:\/\/alinvest-verde.eu\/el-gobierno-brasileno-de-minas-gerais-presenta-la-plataforma-selo-verde-apoyada-por-al-invest-verde\/#breadcrumb"},"inLanguage":"es","potentialAction":[{"@type":"ReadAction","target":["https:\/\/alinvest-verde.eu\/el-gobierno-brasileno-de-minas-gerais-presenta-la-plataforma-selo-verde-apoyada-por-al-invest-verde\/"]}]},{"@type":"ImageObject","inLanguage":"es","@id":"https:\/\/alinvest-verde.eu\/el-gobierno-brasileno-de-minas-gerais-presenta-la-plataforma-selo-verde-apoyada-por-al-invest-verde\/#primaryimage","url":"https:\/\/alinvest-verde.eu\/wp-content\/uploads\/2024\/03\/20240311-SELO-VERDE-scaled.jpeg","contentUrl":"https:\/\/alinvest-verde.eu\/wp-content\/uploads\/2024\/03\/20240311-SELO-VERDE-scaled.jpeg","width":2560,"height":1441},{"@type":"BreadcrumbList","@id":"https:\/\/alinvest-verde.eu\/el-gobierno-brasileno-de-minas-gerais-presenta-la-plataforma-selo-verde-apoyada-por-al-invest-verde\/#breadcrumb","itemListElement":[{"@type":"ListItem","position":1,"name":"Inicio","item":"https:\/\/alinvest-verde.eu\/"},{"@type":"ListItem","position":2,"name":"Component 2","item":"https:\/\/alinvest-verde.eu\/category\/component-2\/"},{"@type":"ListItem","position":3,"name":"El Gobierno brasile\u00f1o de Minas Gerais presenta la plataforma Selo Verde, apoyada por AL-INVEST Verde"}]},{"@type":"WebSite","@id":"https:\/\/alinvest-verde.eu\/#website","url":"https:\/\/alinvest-verde.eu\/","name":"Programme AL-INVEST Verde","description":"Building alliances with the private sector in LA and promote sustainable growth and jobs creation by supporting the transition towards a low-carbon, resource-efficient economy","publisher":{"@id":"https:\/\/alinvest-verde.eu\/#organization"},"potentialAction":[{"@type":"SearchAction","target":{"@type":"EntryPoint","urlTemplate":"https:\/\/alinvest-verde.eu\/?s={search_term_string}"},"query-input":{"@type":"PropertyValueSpecification","valueRequired":true,"valueName":"search_term_string"}}],"inLanguage":"es"},{"@type":"Organization","@id":"https:\/\/alinvest-verde.eu\/#organization","name":"Programme AL-INVEST Verde","url":"https:\/\/alinvest-verde.eu\/","logo":{"@type":"ImageObject","inLanguage":"es","@id":"https:\/\/alinvest-verde.eu\/#\/schema\/logo\/image\/","url":"https:\/\/alinvest-verde.eu\/wp-content\/uploads\/2022\/01\/cropped-logo-financiado-por-la-UE.jpg","contentUrl":"https:\/\/alinvest-verde.eu\/wp-content\/uploads\/2022\/01\/cropped-logo-financiado-por-la-UE.jpg","width":756,"height":216,"caption":"Programme AL-INVEST Verde"},"image":{"@id":"https:\/\/alinvest-verde.eu\/#\/schema\/logo\/image\/"}},{"@type":"Person","@id":"https:\/\/alinvest-verde.eu\/#\/schema\/person\/8804ec49772ba377829838bc11b6aa6b","name":"Azucena Garc\u00eda","image":{"@type":"ImageObject","inLanguage":"es","@id":"https:\/\/secure.gravatar.com\/avatar\/fc4d91c562d3c4ac55cafd2f4ae4ebd513d2304b007a5c8d4f2d8543edeb9d79?s=96&d=mm&r=g","url":"https:\/\/secure.gravatar.com\/avatar\/fc4d91c562d3c4ac55cafd2f4ae4ebd513d2304b007a5c8d4f2d8543edeb9d79?s=96&d=mm&r=g","contentUrl":"https:\/\/secure.gravatar.com\/avatar\/fc4d91c562d3c4ac55cafd2f4ae4ebd513d2304b007a5c8d4f2d8543edeb9d79?s=96&d=mm&r=g","caption":"Azucena Garc\u00eda"},"sameAs":["https:\/\/x.com\/Frank Summa"],"url":"https:\/\/alinvest-verde.eu\/es_es\/author\/azucena-garcia\/"}]}},"_links":{"self":[{"href":"https:\/\/alinvest-verde.eu\/es_es\/wp-json\/wp\/v2\/posts\/10834","targetHints":{"allow":["GET"]}}],"collection":[{"href":"https:\/\/alinvest-verde.eu\/es_es\/wp-json\/wp\/v2\/posts"}],"about":[{"href":"https:\/\/alinvest-verde.eu\/es_es\/wp-json\/wp\/v2\/types\/post"}],"author":[{"embeddable":true,"href":"https:\/\/alinvest-verde.eu\/es_es\/wp-json\/wp\/v2\/users\/6"}],"replies":[{"embeddable":true,"href":"https:\/\/alinvest-verde.eu\/es_es\/wp-json\/wp\/v2\/comments?post=10834"}],"version-history":[{"count":11,"href":"https:\/\/alinvest-verde.eu\/es_es\/wp-json\/wp\/v2\/posts\/10834\/revisions"}],"predecessor-version":[{"id":15196,"href":"https:\/\/alinvest-verde.eu\/es_es\/wp-json\/wp\/v2\/posts\/10834\/revisions\/15196"}],"wp:featuredmedia":[{"embeddable":true,"href":"https:\/\/alinvest-verde.eu\/es_es\/wp-json\/wp\/v2\/media\/10835"}],"wp:attachment":[{"href":"https:\/\/alinvest-verde.eu\/es_es\/wp-json\/wp\/v2\/media?parent=10834"}],"wp:term":[{"taxonomy":"category","embeddable":true,"href":"https:\/\/alinvest-verde.eu\/es_es\/wp-json\/wp\/v2\/categories?post=10834"},{"taxonomy":"post_tag","embeddable":true,"href":"https:\/\/alinvest-verde.eu\/es_es\/wp-json\/wp\/v2\/tags?post=10834"}],"curies":[{"name":"wp","href":"https:\/\/api.w.org\/{rel}","templated":true}]}}