{"id":10861,"date":"2024-03-18T15:34:40","date_gmt":"2024-03-18T14:34:40","guid":{"rendered":"https:\/\/alinvest-verde.eu\/?p=10861"},"modified":"2024-07-05T17:21:57","modified_gmt":"2024-07-05T15:21:57","slug":"se-presenta-hoja-de-ruta-para-mejorar-exportaciones-agroindustriales-de-colombia-a-la-union-europea","status":"publish","type":"post","link":"https:\/\/alinvest-verde.eu\/es_es\/se-presenta-hoja-de-ruta-para-mejorar-exportaciones-agroindustriales-de-colombia-a-la-union-europea\/","title":{"rendered":"Se presenta hoja de ruta para mejorar exportaciones agroindustriales de Colombia a la Uni\u00f3n Europea"},"content":{"rendered":"\t\t<div data-elementor-type=\"wp-post\" data-elementor-id=\"10861\" class=\"elementor elementor-10861\" data-elementor-post-type=\"post\">\n\t\t\t\t\t\t<section class=\"elementor-section elementor-top-section elementor-element elementor-element-55010b55 elementor-section-boxed elementor-section-height-default elementor-section-height-default\" data-id=\"55010b55\" data-element_type=\"section\" data-e-type=\"section\">\n\t\t\t\t\t\t<div class=\"elementor-container elementor-column-gap-default\">\n\t\t\t\t\t<div class=\"elementor-column elementor-col-100 elementor-top-column elementor-element elementor-element-75f9c508\" data-id=\"75f9c508\" data-element_type=\"column\" data-e-type=\"column\">\n\t\t\t<div class=\"elementor-widget-wrap elementor-element-populated\">\n\t\t\t\t\t\t<div class=\"elementor-element elementor-element-79967175 elementor-widget elementor-widget-text-editor\" data-id=\"79967175\" data-element_type=\"widget\" data-e-type=\"widget\" data-widget_type=\"text-editor.default\">\n\t\t\t\t<div class=\"elementor-widget-container\">\n\t\t\t\t\t\t\t\t\t\n<p class=\"wp-block-paragraph\"><strong>Bogot\u00e1, 15 de <strong>marzo <\/strong>de 2024.-<\/strong> Con motivo del cierre del proyecto &#8220;<a href=\"https:\/\/alinvest-verde.eu\/es_es\/colombia-componente-2\/\">Colombia Exporta Sostenible<\/a>&#8220;, realizado en cooperaci\u00f3n por el Ministerio de Comercio, Industria y Turismo (MINCIT) de Colombia, ProColombia y AL-INVEST Verde, se mostraron los resultados de esta acci\u00f3n, entre ellos, una hoja de ruta para guiar y estructurar la planificaci\u00f3n y ejecuci\u00f3n de una serie de acciones orientadas a potenciar el sector agroexportador colombiano de forma conjunta entre el Gobierno Nacional y el sector privado.\u00a0<\/p>\n\n<p class=\"wp-block-paragraph\">Durante el evento, Andr\u00e9s Castellanos, vicepresidente encargado de Exportaciones de ProColombia, asegur\u00f3 que \u201cla sostenibilidad es un tema vital en la estrategia de ProColombia para apoyar la internacionalizaci\u00f3n de los empresarios colombianos, y en la Pol\u00edtica de Reindustrializaci\u00f3n del Ministerio para la transformaci\u00f3n energ\u00e9tica hacia un desarrollo productivo sostenible&#8221;. &#8220;No solo los productos que tengan un <strong>impacto positivo en el medio ambiente y en las comunidades<\/strong> tienen mayor oportunidad comercial en mercados como el europeo, sino que tambi\u00e9n obtienen mejores precios de pago\u201d, se\u00f1al\u00f3.<\/p>\n\n<p class=\"wp-block-paragraph\">Por su parte, Ingrid Jenezova, programme manager de AL-INVEST Verde, destac\u00f3 el valor de la colaboraci\u00f3n con MINCIT y ProColombia, as\u00ed como la importancia de la sostenibilidad en los intercambios comerciales. \u201cDesde AL-INVEST Verde, confiamos en que esta acci\u00f3n haya servido para reforzar la colaboraci\u00f3n gobierno-empresa en la exportaci\u00f3n de productos sostenibles y que haya fomentado el <strong>di\u00e1logo multiactor sobre la producci\u00f3n y el comercio sostenible<\/strong>, tanto a nivel nacional como internacional\u201d, afirm\u00f3.<\/p>\n\n<p class=\"wp-block-paragraph\">La hoja de ruta se presenta como un medio para articular y visualizar la estrategia a seguir para mantener o incrementar las exportaciones al mercado europeo en cada uno de los sectores agroindustriales colombianos considerados, tras la aprobaci\u00f3n del Pacto Verde Europeo y otros requerimientos de sostenibilidad de este mercado. Por otro lado, se convierte en un instrumento fundamental para preparar al pa\u00eds ante los desaf\u00edos econ\u00f3micos, sociales y ambientales que se est\u00e1n presentando en la actualidad.<\/p>\n\n<p class=\"wp-block-paragraph\"><strong>Sectores priorizados<\/strong><\/p>\n\n<p class=\"wp-block-paragraph\">El proyecto &#8220;Colombia Exporta Sostenible&#8221; inici\u00f3 en marzo de 2023 para identificar los desaf\u00edos, oportunidades y necesidades de siete sectores agroindustriales colombianos frente a los nuevos requisitos de sostenibilidad para la exportaci\u00f3n a la Uni\u00f3n Europea. Los sectores analizados fueron<strong> caf\u00e9, cacao, az\u00facar de ca\u00f1a, sacha inchi, flores frescas, frutas frescas y aceite de palma<\/strong>.<\/p>\n\n<p class=\"wp-block-paragraph\">A partir del an\u00e1lisis de estos sectores, se revisaron los requisitos comerciales y las normativas de sostenibilidad en pa\u00edses como Alemania, Pa\u00edses Bajos, B\u00e9lgica, Espa\u00f1a, Italia, Finlandia y Francia.<\/p>\n\n<p class=\"wp-block-paragraph\">En el marco del proyecto, se entrevist\u00f3 a 35 agentes de la UE (comercializadoras, asociaciones de productores, supermercados, etc.) y 106 actores colombianos (sector p\u00fablico y privado, academia, etc.), se recibieron 240 encuestas de empresas colombianas y se realizaron 25 visitas en terreno en diversos departamentos.<\/p>\n\n<p class=\"wp-block-paragraph\">Fruto de estos an\u00e1lisis, se lanzar\u00e1 un curso de formaci\u00f3n virtual sobre normativa, modos de financiaci\u00f3n y recomendaciones, entre otras cuestiones, para facilitar la sostenibilidad de las exportaciones a la Uni\u00f3n Europea. Este curso se estructura en dos m\u00f3dulos. En el m\u00f3dulo 1, se presenta informaci\u00f3n general sobre las normativas de sostenibilidad de la Uni\u00f3n Europea, incluido el Pacto Verde Europeo y las tendencias privadas en este mercado. En el m\u00f3dulo 2, se incluye informaci\u00f3n sobre los requisitos de sostenibilidad espec\u00edficos de cada sector analizado, as\u00ed como recomendaciones pr\u00e1cticas para adaptarse a los nuevos requerimientos del mercado europeo.<\/p>\n\n<p class=\"wp-block-paragraph\">Adicional al curso, las empresas podr\u00e1n acceder a gu\u00edas pr\u00e1cticas con informaci\u00f3n sobre entidades p\u00fablicas y privadas colombianas que pueden apoyar el proceso de adaptaci\u00f3n a estos nuevos requerimientos.<\/p>\n\n<p class=\"wp-block-paragraph\">Al encuentro de presentaci\u00f3n de resultados asistieron representantes del Gobierno, Uni\u00f3n Europea, cooperaci\u00f3n internacional, gremios y otros actores del sector privado.<\/p>\n\n<p class=\"wp-block-paragraph\"><strong>Sobre AL-INVEST Verde<\/strong><\/p>\n\n<p class=\"wp-block-paragraph\">AL-INVEST Verde es un programa de la Uni\u00f3n Europea (UE) cuyo principal objetivo es promover el crecimiento sostenible y la creaci\u00f3n de empleo en Am\u00e9rica Latina, apoyando la transici\u00f3n hacia una econom\u00eda baja en carbono, eficiente en recursos y m\u00e1s circular. A trav\u00e9s del Componente 2, liderado por FIIAPP en consorcio con IILA, el programa proporciona asistencia para el fortalecimiento de las pol\u00edticas p\u00fablicas y los di\u00e1logos entre m\u00faltiples partes interesadas sobre las cadenas agr\u00edcolas y de valor sostenibles, las normas ambientales y laborales, as\u00ed como la pol\u00edtica comercial y econ\u00f3mica sostenible y los marcos regulatorios.<\/p>\n\t\t\t\t\t\t\t\t<\/div>\n\t\t\t\t<\/div>\n\t\t\t\t\t<\/div>\n\t\t<\/div>\n\t\t\t\t\t<\/div>\n\t\t<\/section>\n\t\t\t\t<\/div>\n\t\t","protected":false},"excerpt":{"rendered":"<p>Bogot\u00e1, 15 de marzo de 2024.- Con motivo del cierre del proyecto &#8220;Colombia Exporta Sostenible&#8220;, realizado en cooperaci\u00f3n por el Ministerio de Comercio, Industria y Turismo (MINCIT) de Colombia, ProColombia y AL-INVEST Verde, se mostraron los resultados de esta acci\u00f3n, entre ellos, una hoja de ruta para guiar y estructurar la planificaci\u00f3n y ejecuci\u00f3n de [&hellip;]<\/p>\n","protected":false},"author":6,"featured_media":10873,"comment_status":"closed","ping_status":"closed","sticky":false,"template":"","format":"standard","meta":{"footnotes":""},"categories":[89,24,1,19,20],"tags":[21,26,73,30],"class_list":["post-10861","post","type-post","status-publish","format-standard","has-post-thumbnail","hentry","category-2024-news","category-actualidad","category-allgemein","category-component-2","category-news","tag-cadenas-de-valor","tag-component-2","tag-exportacion","tag-sostenibilidad"],"yoast_head":"<!-- This site is optimized with the Yoast SEO plugin v28.4 - https:\/\/yoast.com\/product\/yoast-seo-wordpress\/ -->\n<title>Se presenta hoja de ruta para mejorar exportaciones agroindustriales de Colombia a la Uni\u00f3n Europea - Programme AL-INVEST Verde<\/title>\n<meta name=\"robots\" content=\"index, follow, max-snippet:-1, max-image-preview:large, max-video-preview:-1\" \/>\n<link rel=\"canonical\" href=\"https:\/\/alinvest-verde.eu\/es_es\/se-presenta-hoja-de-ruta-para-mejorar-exportaciones-agroindustriales-de-colombia-a-la-union-europea\/\" \/>\n<meta property=\"og:locale\" content=\"es_ES\" \/>\n<meta property=\"og:type\" content=\"article\" \/>\n<meta property=\"og:title\" content=\"Se presenta hoja de ruta para mejorar exportaciones agroindustriales de Colombia a la Uni\u00f3n Europea - Programme AL-INVEST Verde\" \/>\n<meta property=\"og:description\" content=\"Bogot\u00e1, 15 de marzo de 2024.- Con motivo del cierre del proyecto &#8220;Colombia Exporta Sostenible&#8220;, realizado en cooperaci\u00f3n por el Ministerio de Comercio, Industria y Turismo (MINCIT) de Colombia, ProColombia y AL-INVEST Verde, se mostraron los resultados de esta acci\u00f3n, entre ellos, una hoja de ruta para guiar y estructurar la planificaci\u00f3n y ejecuci\u00f3n de [&hellip;]\" \/>\n<meta property=\"og:url\" content=\"https:\/\/alinvest-verde.eu\/es_es\/se-presenta-hoja-de-ruta-para-mejorar-exportaciones-agroindustriales-de-colombia-a-la-union-europea\/\" \/>\n<meta property=\"og:site_name\" content=\"Programme AL-INVEST Verde\" \/>\n<meta property=\"article:published_time\" content=\"2024-03-18T14:34:40+00:00\" \/>\n<meta property=\"article:modified_time\" content=\"2024-07-05T15:21:57+00:00\" \/>\n<meta property=\"og:image\" content=\"https:\/\/alinvest-verde.eu\/wp-content\/uploads\/2024\/03\/WhatsApp-Image-2024-03-18-at-16.17.54-1.jpeg\" \/>\n\t<meta property=\"og:image:width\" content=\"1280\" \/>\n\t<meta property=\"og:image:height\" content=\"738\" \/>\n\t<meta property=\"og:image:type\" content=\"image\/jpeg\" \/>\n<meta name=\"author\" content=\"Azucena Garc\u00eda\" \/>\n<meta name=\"twitter:card\" content=\"summary_large_image\" \/>\n<meta name=\"twitter:creator\" content=\"@Frank Summa\" \/>\n<meta name=\"twitter:label1\" content=\"Escrito por\" \/>\n\t<meta name=\"twitter:data1\" content=\"\" \/>\n\t<meta name=\"twitter:label2\" content=\"Tiempo de lectura\" \/>\n\t<meta name=\"twitter:data2\" content=\"4 minutos\" \/>\n<script type=\"application\/ld+json\" class=\"yoast-schema-graph\">{\"@context\":\"https:\\\/\\\/schema.org\",\"@graph\":[{\"@type\":\"Article\",\"@id\":\"https:\\\/\\\/alinvest-verde.eu\\\/se-presenta-hoja-de-ruta-para-mejorar-exportaciones-agroindustriales-de-colombia-a-la-union-europea\\\/#article\",\"isPartOf\":{\"@id\":\"https:\\\/\\\/alinvest-verde.eu\\\/se-presenta-hoja-de-ruta-para-mejorar-exportaciones-agroindustriales-de-colombia-a-la-union-europea\\\/\"},\"author\":{\"name\":\"Azucena Garc\u00eda\",\"@id\":\"https:\\\/\\\/alinvest-verde.eu\\\/#\\\/schema\\\/person\\\/8804ec49772ba377829838bc11b6aa6b\"},\"headline\":\"Se presenta hoja de ruta para mejorar exportaciones agroindustriales de Colombia a la Uni\u00f3n Europea\",\"datePublished\":\"2024-03-18T14:34:40+00:00\",\"dateModified\":\"2024-07-05T15:21:57+00:00\",\"mainEntityOfPage\":{\"@id\":\"https:\\\/\\\/alinvest-verde.eu\\\/se-presenta-hoja-de-ruta-para-mejorar-exportaciones-agroindustriales-de-colombia-a-la-union-europea\\\/\"},\"wordCount\":766,\"publisher\":{\"@id\":\"https:\\\/\\\/alinvest-verde.eu\\\/#organization\"},\"image\":{\"@id\":\"https:\\\/\\\/alinvest-verde.eu\\\/se-presenta-hoja-de-ruta-para-mejorar-exportaciones-agroindustriales-de-colombia-a-la-union-europea\\\/#primaryimage\"},\"thumbnailUrl\":\"https:\\\/\\\/alinvest-verde.eu\\\/wp-content\\\/uploads\\\/2024\\\/03\\\/WhatsApp-Image-2024-03-18-at-16.17.54-1.jpeg\",\"keywords\":[\"cadenas de valor\",\"Component 2\",\"exportaci\u00f3n\",\"sostenibilidad\"],\"articleSection\":[\"2024\",\"Actualidad\",\"Allgemein\",\"Component 2\",\"News\"],\"inLanguage\":\"es\"},{\"@type\":\"WebPage\",\"@id\":\"https:\\\/\\\/alinvest-verde.eu\\\/se-presenta-hoja-de-ruta-para-mejorar-exportaciones-agroindustriales-de-colombia-a-la-union-europea\\\/\",\"url\":\"https:\\\/\\\/alinvest-verde.eu\\\/se-presenta-hoja-de-ruta-para-mejorar-exportaciones-agroindustriales-de-colombia-a-la-union-europea\\\/\",\"name\":\"Se presenta hoja de ruta para mejorar exportaciones agroindustriales de Colombia a la Uni\u00f3n Europea - Programme AL-INVEST Verde\",\"isPartOf\":{\"@id\":\"https:\\\/\\\/alinvest-verde.eu\\\/#website\"},\"primaryImageOfPage\":{\"@id\":\"https:\\\/\\\/alinvest-verde.eu\\\/se-presenta-hoja-de-ruta-para-mejorar-exportaciones-agroindustriales-de-colombia-a-la-union-europea\\\/#primaryimage\"},\"image\":{\"@id\":\"https:\\\/\\\/alinvest-verde.eu\\\/se-presenta-hoja-de-ruta-para-mejorar-exportaciones-agroindustriales-de-colombia-a-la-union-europea\\\/#primaryimage\"},\"thumbnailUrl\":\"https:\\\/\\\/alinvest-verde.eu\\\/wp-content\\\/uploads\\\/2024\\\/03\\\/WhatsApp-Image-2024-03-18-at-16.17.54-1.jpeg\",\"datePublished\":\"2024-03-18T14:34:40+00:00\",\"dateModified\":\"2024-07-05T15:21:57+00:00\",\"breadcrumb\":{\"@id\":\"https:\\\/\\\/alinvest-verde.eu\\\/se-presenta-hoja-de-ruta-para-mejorar-exportaciones-agroindustriales-de-colombia-a-la-union-europea\\\/#breadcrumb\"},\"inLanguage\":\"es\",\"potentialAction\":[{\"@type\":\"ReadAction\",\"target\":[\"https:\\\/\\\/alinvest-verde.eu\\\/se-presenta-hoja-de-ruta-para-mejorar-exportaciones-agroindustriales-de-colombia-a-la-union-europea\\\/\"]}]},{\"@type\":\"ImageObject\",\"inLanguage\":\"es\",\"@id\":\"https:\\\/\\\/alinvest-verde.eu\\\/se-presenta-hoja-de-ruta-para-mejorar-exportaciones-agroindustriales-de-colombia-a-la-union-europea\\\/#primaryimage\",\"url\":\"https:\\\/\\\/alinvest-verde.eu\\\/wp-content\\\/uploads\\\/2024\\\/03\\\/WhatsApp-Image-2024-03-18-at-16.17.54-1.jpeg\",\"contentUrl\":\"https:\\\/\\\/alinvest-verde.eu\\\/wp-content\\\/uploads\\\/2024\\\/03\\\/WhatsApp-Image-2024-03-18-at-16.17.54-1.jpeg\",\"width\":1280,\"height\":738},{\"@type\":\"BreadcrumbList\",\"@id\":\"https:\\\/\\\/alinvest-verde.eu\\\/se-presenta-hoja-de-ruta-para-mejorar-exportaciones-agroindustriales-de-colombia-a-la-union-europea\\\/#breadcrumb\",\"itemListElement\":[{\"@type\":\"ListItem\",\"position\":1,\"name\":\"Inicio\",\"item\":\"https:\\\/\\\/alinvest-verde.eu\\\/\"},{\"@type\":\"ListItem\",\"position\":2,\"name\":\"Allgemein\",\"item\":\"https:\\\/\\\/alinvest-verde.eu\\\/category\\\/allgemein\\\/\"},{\"@type\":\"ListItem\",\"position\":3,\"name\":\"Se presenta hoja de ruta para mejorar exportaciones agroindustriales de Colombia a la Uni\u00f3n Europea\"}]},{\"@type\":\"WebSite\",\"@id\":\"https:\\\/\\\/alinvest-verde.eu\\\/#website\",\"url\":\"https:\\\/\\\/alinvest-verde.eu\\\/\",\"name\":\"Programme AL-INVEST Verde\",\"description\":\"Building alliances with the private sector in LA and promote sustainable growth and jobs creation by supporting the transition towards a low-carbon, resource-efficient economy\",\"publisher\":{\"@id\":\"https:\\\/\\\/alinvest-verde.eu\\\/#organization\"},\"potentialAction\":[{\"@type\":\"SearchAction\",\"target\":{\"@type\":\"EntryPoint\",\"urlTemplate\":\"https:\\\/\\\/alinvest-verde.eu\\\/?s={search_term_string}\"},\"query-input\":{\"@type\":\"PropertyValueSpecification\",\"valueRequired\":true,\"valueName\":\"search_term_string\"}}],\"inLanguage\":\"es\"},{\"@type\":\"Organization\",\"@id\":\"https:\\\/\\\/alinvest-verde.eu\\\/#organization\",\"name\":\"Programme AL-INVEST Verde\",\"url\":\"https:\\\/\\\/alinvest-verde.eu\\\/\",\"logo\":{\"@type\":\"ImageObject\",\"inLanguage\":\"es\",\"@id\":\"https:\\\/\\\/alinvest-verde.eu\\\/#\\\/schema\\\/logo\\\/image\\\/\",\"url\":\"https:\\\/\\\/alinvest-verde.eu\\\/wp-content\\\/uploads\\\/2022\\\/01\\\/cropped-logo-financiado-por-la-UE.jpg\",\"contentUrl\":\"https:\\\/\\\/alinvest-verde.eu\\\/wp-content\\\/uploads\\\/2022\\\/01\\\/cropped-logo-financiado-por-la-UE.jpg\",\"width\":756,\"height\":216,\"caption\":\"Programme AL-INVEST Verde\"},\"image\":{\"@id\":\"https:\\\/\\\/alinvest-verde.eu\\\/#\\\/schema\\\/logo\\\/image\\\/\"}},{\"@type\":\"Person\",\"@id\":\"https:\\\/\\\/alinvest-verde.eu\\\/#\\\/schema\\\/person\\\/8804ec49772ba377829838bc11b6aa6b\",\"name\":\"Azucena Garc\u00eda\",\"image\":{\"@type\":\"ImageObject\",\"inLanguage\":\"es\",\"@id\":\"https:\\\/\\\/secure.gravatar.com\\\/avatar\\\/fc4d91c562d3c4ac55cafd2f4ae4ebd513d2304b007a5c8d4f2d8543edeb9d79?s=96&d=mm&r=g\",\"url\":\"https:\\\/\\\/secure.gravatar.com\\\/avatar\\\/fc4d91c562d3c4ac55cafd2f4ae4ebd513d2304b007a5c8d4f2d8543edeb9d79?s=96&d=mm&r=g\",\"contentUrl\":\"https:\\\/\\\/secure.gravatar.com\\\/avatar\\\/fc4d91c562d3c4ac55cafd2f4ae4ebd513d2304b007a5c8d4f2d8543edeb9d79?s=96&d=mm&r=g\",\"caption\":\"Azucena Garc\u00eda\"},\"sameAs\":[\"https:\\\/\\\/x.com\\\/Frank Summa\"],\"url\":\"https:\\\/\\\/alinvest-verde.eu\\\/es_es\\\/author\\\/azucena-garcia\\\/\"}]}<\/script>\n<!-- \/ Yoast SEO plugin. -->","yoast_head_json":{"title":"Se presenta hoja de ruta para mejorar exportaciones agroindustriales de Colombia a la Uni\u00f3n Europea - Programme AL-INVEST Verde","robots":{"index":"index","follow":"follow","max-snippet":"max-snippet:-1","max-image-preview":"max-image-preview:large","max-video-preview":"max-video-preview:-1"},"canonical":"https:\/\/alinvest-verde.eu\/es_es\/se-presenta-hoja-de-ruta-para-mejorar-exportaciones-agroindustriales-de-colombia-a-la-union-europea\/","og_locale":"es_ES","og_type":"article","og_title":"Se presenta hoja de ruta para mejorar exportaciones agroindustriales de Colombia a la Uni\u00f3n Europea - Programme AL-INVEST Verde","og_description":"Bogot\u00e1, 15 de marzo de 2024.- Con motivo del cierre del proyecto &#8220;Colombia Exporta Sostenible&#8220;, realizado en cooperaci\u00f3n por el Ministerio de Comercio, Industria y Turismo (MINCIT) de Colombia, ProColombia y AL-INVEST Verde, se mostraron los resultados de esta acci\u00f3n, entre ellos, una hoja de ruta para guiar y estructurar la planificaci\u00f3n y ejecuci\u00f3n de [&hellip;]","og_url":"https:\/\/alinvest-verde.eu\/es_es\/se-presenta-hoja-de-ruta-para-mejorar-exportaciones-agroindustriales-de-colombia-a-la-union-europea\/","og_site_name":"Programme AL-INVEST Verde","article_published_time":"2024-03-18T14:34:40+00:00","article_modified_time":"2024-07-05T15:21:57+00:00","og_image":[{"width":1280,"height":738,"url":"https:\/\/alinvest-verde.eu\/wp-content\/uploads\/2024\/03\/WhatsApp-Image-2024-03-18-at-16.17.54-1.jpeg","type":"image\/jpeg"}],"author":"Azucena Garc\u00eda","twitter_card":"summary_large_image","twitter_creator":"@Frank Summa","twitter_misc":{"Escrito por":false,"Tiempo de lectura":"4 minutos"},"schema":{"@context":"https:\/\/schema.org","@graph":[{"@type":"Article","@id":"https:\/\/alinvest-verde.eu\/se-presenta-hoja-de-ruta-para-mejorar-exportaciones-agroindustriales-de-colombia-a-la-union-europea\/#article","isPartOf":{"@id":"https:\/\/alinvest-verde.eu\/se-presenta-hoja-de-ruta-para-mejorar-exportaciones-agroindustriales-de-colombia-a-la-union-europea\/"},"author":{"name":"Azucena Garc\u00eda","@id":"https:\/\/alinvest-verde.eu\/#\/schema\/person\/8804ec49772ba377829838bc11b6aa6b"},"headline":"Se presenta hoja de ruta para mejorar exportaciones agroindustriales de Colombia a la Uni\u00f3n Europea","datePublished":"2024-03-18T14:34:40+00:00","dateModified":"2024-07-05T15:21:57+00:00","mainEntityOfPage":{"@id":"https:\/\/alinvest-verde.eu\/se-presenta-hoja-de-ruta-para-mejorar-exportaciones-agroindustriales-de-colombia-a-la-union-europea\/"},"wordCount":766,"publisher":{"@id":"https:\/\/alinvest-verde.eu\/#organization"},"image":{"@id":"https:\/\/alinvest-verde.eu\/se-presenta-hoja-de-ruta-para-mejorar-exportaciones-agroindustriales-de-colombia-a-la-union-europea\/#primaryimage"},"thumbnailUrl":"https:\/\/alinvest-verde.eu\/wp-content\/uploads\/2024\/03\/WhatsApp-Image-2024-03-18-at-16.17.54-1.jpeg","keywords":["cadenas de valor","Component 2","exportaci\u00f3n","sostenibilidad"],"articleSection":["2024","Actualidad","Allgemein","Component 2","News"],"inLanguage":"es"},{"@type":"WebPage","@id":"https:\/\/alinvest-verde.eu\/se-presenta-hoja-de-ruta-para-mejorar-exportaciones-agroindustriales-de-colombia-a-la-union-europea\/","url":"https:\/\/alinvest-verde.eu\/se-presenta-hoja-de-ruta-para-mejorar-exportaciones-agroindustriales-de-colombia-a-la-union-europea\/","name":"Se presenta hoja de ruta para mejorar exportaciones agroindustriales de Colombia a la Uni\u00f3n Europea - Programme AL-INVEST Verde","isPartOf":{"@id":"https:\/\/alinvest-verde.eu\/#website"},"primaryImageOfPage":{"@id":"https:\/\/alinvest-verde.eu\/se-presenta-hoja-de-ruta-para-mejorar-exportaciones-agroindustriales-de-colombia-a-la-union-europea\/#primaryimage"},"image":{"@id":"https:\/\/alinvest-verde.eu\/se-presenta-hoja-de-ruta-para-mejorar-exportaciones-agroindustriales-de-colombia-a-la-union-europea\/#primaryimage"},"thumbnailUrl":"https:\/\/alinvest-verde.eu\/wp-content\/uploads\/2024\/03\/WhatsApp-Image-2024-03-18-at-16.17.54-1.jpeg","datePublished":"2024-03-18T14:34:40+00:00","dateModified":"2024-07-05T15:21:57+00:00","breadcrumb":{"@id":"https:\/\/alinvest-verde.eu\/se-presenta-hoja-de-ruta-para-mejorar-exportaciones-agroindustriales-de-colombia-a-la-union-europea\/#breadcrumb"},"inLanguage":"es","potentialAction":[{"@type":"ReadAction","target":["https:\/\/alinvest-verde.eu\/se-presenta-hoja-de-ruta-para-mejorar-exportaciones-agroindustriales-de-colombia-a-la-union-europea\/"]}]},{"@type":"ImageObject","inLanguage":"es","@id":"https:\/\/alinvest-verde.eu\/se-presenta-hoja-de-ruta-para-mejorar-exportaciones-agroindustriales-de-colombia-a-la-union-europea\/#primaryimage","url":"https:\/\/alinvest-verde.eu\/wp-content\/uploads\/2024\/03\/WhatsApp-Image-2024-03-18-at-16.17.54-1.jpeg","contentUrl":"https:\/\/alinvest-verde.eu\/wp-content\/uploads\/2024\/03\/WhatsApp-Image-2024-03-18-at-16.17.54-1.jpeg","width":1280,"height":738},{"@type":"BreadcrumbList","@id":"https:\/\/alinvest-verde.eu\/se-presenta-hoja-de-ruta-para-mejorar-exportaciones-agroindustriales-de-colombia-a-la-union-europea\/#breadcrumb","itemListElement":[{"@type":"ListItem","position":1,"name":"Inicio","item":"https:\/\/alinvest-verde.eu\/"},{"@type":"ListItem","position":2,"name":"Allgemein","item":"https:\/\/alinvest-verde.eu\/category\/allgemein\/"},{"@type":"ListItem","position":3,"name":"Se presenta hoja de ruta para mejorar exportaciones agroindustriales de Colombia a la Uni\u00f3n Europea"}]},{"@type":"WebSite","@id":"https:\/\/alinvest-verde.eu\/#website","url":"https:\/\/alinvest-verde.eu\/","name":"Programme AL-INVEST Verde","description":"Building alliances with the private sector in LA and promote sustainable growth and jobs creation by supporting the transition towards a low-carbon, resource-efficient economy","publisher":{"@id":"https:\/\/alinvest-verde.eu\/#organization"},"potentialAction":[{"@type":"SearchAction","target":{"@type":"EntryPoint","urlTemplate":"https:\/\/alinvest-verde.eu\/?s={search_term_string}"},"query-input":{"@type":"PropertyValueSpecification","valueRequired":true,"valueName":"search_term_string"}}],"inLanguage":"es"},{"@type":"Organization","@id":"https:\/\/alinvest-verde.eu\/#organization","name":"Programme AL-INVEST Verde","url":"https:\/\/alinvest-verde.eu\/","logo":{"@type":"ImageObject","inLanguage":"es","@id":"https:\/\/alinvest-verde.eu\/#\/schema\/logo\/image\/","url":"https:\/\/alinvest-verde.eu\/wp-content\/uploads\/2022\/01\/cropped-logo-financiado-por-la-UE.jpg","contentUrl":"https:\/\/alinvest-verde.eu\/wp-content\/uploads\/2022\/01\/cropped-logo-financiado-por-la-UE.jpg","width":756,"height":216,"caption":"Programme AL-INVEST Verde"},"image":{"@id":"https:\/\/alinvest-verde.eu\/#\/schema\/logo\/image\/"}},{"@type":"Person","@id":"https:\/\/alinvest-verde.eu\/#\/schema\/person\/8804ec49772ba377829838bc11b6aa6b","name":"Azucena Garc\u00eda","image":{"@type":"ImageObject","inLanguage":"es","@id":"https:\/\/secure.gravatar.com\/avatar\/fc4d91c562d3c4ac55cafd2f4ae4ebd513d2304b007a5c8d4f2d8543edeb9d79?s=96&d=mm&r=g","url":"https:\/\/secure.gravatar.com\/avatar\/fc4d91c562d3c4ac55cafd2f4ae4ebd513d2304b007a5c8d4f2d8543edeb9d79?s=96&d=mm&r=g","contentUrl":"https:\/\/secure.gravatar.com\/avatar\/fc4d91c562d3c4ac55cafd2f4ae4ebd513d2304b007a5c8d4f2d8543edeb9d79?s=96&d=mm&r=g","caption":"Azucena Garc\u00eda"},"sameAs":["https:\/\/x.com\/Frank Summa"],"url":"https:\/\/alinvest-verde.eu\/es_es\/author\/azucena-garcia\/"}]}},"_links":{"self":[{"href":"https:\/\/alinvest-verde.eu\/es_es\/wp-json\/wp\/v2\/posts\/10861","targetHints":{"allow":["GET"]}}],"collection":[{"href":"https:\/\/alinvest-verde.eu\/es_es\/wp-json\/wp\/v2\/posts"}],"about":[{"href":"https:\/\/alinvest-verde.eu\/es_es\/wp-json\/wp\/v2\/types\/post"}],"author":[{"embeddable":true,"href":"https:\/\/alinvest-verde.eu\/es_es\/wp-json\/wp\/v2\/users\/6"}],"replies":[{"embeddable":true,"href":"https:\/\/alinvest-verde.eu\/es_es\/wp-json\/wp\/v2\/comments?post=10861"}],"version-history":[{"count":4,"href":"https:\/\/alinvest-verde.eu\/es_es\/wp-json\/wp\/v2\/posts\/10861\/revisions"}],"predecessor-version":[{"id":10869,"href":"https:\/\/alinvest-verde.eu\/es_es\/wp-json\/wp\/v2\/posts\/10861\/revisions\/10869"}],"wp:featuredmedia":[{"embeddable":true,"href":"https:\/\/alinvest-verde.eu\/es_es\/wp-json\/wp\/v2\/media\/10873"}],"wp:attachment":[{"href":"https:\/\/alinvest-verde.eu\/es_es\/wp-json\/wp\/v2\/media?parent=10861"}],"wp:term":[{"taxonomy":"category","embeddable":true,"href":"https:\/\/alinvest-verde.eu\/es_es\/wp-json\/wp\/v2\/categories?post=10861"},{"taxonomy":"post_tag","embeddable":true,"href":"https:\/\/alinvest-verde.eu\/es_es\/wp-json\/wp\/v2\/tags?post=10861"}],"curies":[{"name":"wp","href":"https:\/\/api.w.org\/{rel}","templated":true}]}}