{"id":12855,"date":"2024-05-29T20:34:20","date_gmt":"2024-05-29T18:34:20","guid":{"rendered":"https:\/\/alinvest-verde.eu\/?p=12855"},"modified":"2024-08-01T09:23:05","modified_gmt":"2024-08-01T07:23:05","slug":"mas-de-20-millones-de-euros-seran-destinados-a-impulsar-proyectos-de-economia-verde-en-america-latina","status":"publish","type":"post","link":"https:\/\/alinvest-verde.eu\/es_es\/mas-de-20-millones-de-euros-seran-destinados-a-impulsar-proyectos-de-economia-verde-en-america-latina\/","title":{"rendered":"M\u00e1s de 20 millones de euros ser\u00e1n destinados a impulsar proyectos de econom\u00eda verde en Am\u00e9rica Latina"},"content":{"rendered":"\n<p class=\"wp-block-paragraph\">27 de mayo de 2024.- El programa AL-INVEST Verde, a trav\u00e9s de la ejecuci\u00f3n de su Componente 1, seleccion\u00f3 42 proyectos de las m\u00e1s de 160 propuestas que se recibieron durante la Segunda Convocatoria de propuestas para proyectos innovadores. Los proyectos seleccionados beneficiar\u00e1n a las pymes de pa\u00edses como Argentina, Bolivia, Brasil, Chile, Colombia, Costa Rica, Ecuador, El Salvador, Honduras, M\u00e9xico, Paraguay, Per\u00fa, Uruguay y Venezuela.\u00a0<\/p>\n\n\n\n<p class=\"wp-block-paragraph\">Estos proyectos estar\u00e1n centrados en dos pilares fundamentales: el fomento de las cadenas de valor agr\u00edcolas libres de deforestaci\u00f3n y la transici\u00f3n hacia modelos empresariales bajos en carbono, eficientes en el uso de recursos y m\u00e1s circulares. Estos pilares de trabajo permitir\u00e1n el impulso hacia una econom\u00eda m\u00e1s verde y responsable.<\/p>\n\n\n\n<p class=\"wp-block-paragraph\">\u201cDesde el Componente 1 estamos muy satisfechos de contar con los nuevos proyectos que se suman a los 24 que ya se encuentran en ejecuci\u00f3n. La diversidad y el alcance regional de estos proyectos permitir\u00e1 un impacto significativo en las pymes y los peque\u00f1os productores\u201d, comenta Irene Haddad, Team Leader del Componente 1 del programa AL-INVEST Verde.<\/p>\n\n\n\n<p class=\"wp-block-paragraph\">A lo largo de su ejecuci\u00f3n, el programa brindar\u00e1 capacitaciones, actividades de intercambio de experiencias, identificaci\u00f3n de buenas pr\u00e1cticas, actividades de <em>networking<\/em> y otras acciones para contribuir con la productividad y la competitividad de las pymes de la regi\u00f3n.<\/p>\n\n\n\n<p class=\"wp-block-paragraph\">Conocer <a href=\"https:\/\/alinvest-verde.eu\/es_es\/proyectos-de-partenariado-de-la-segunda-convocatoria-en-beneficio-del-sector-privado\/\">aqu\u00ed<\/a> el listado completo de los proyectos seleccionados tras la Segunda Convocatoria.<\/p>\n\n\n\n<p class=\"wp-block-paragraph\">El programa se desarrolla en toda Am\u00e9rica Latina y, a trav\u00e9s del Componente 1, busca impulsar el desarrollo del sector privado de la regi\u00f3n. Este Componente est\u00e1 liderado por sequa, una organizaci\u00f3n alemana.<\/p>\n\n\n\n<p class=\"wp-block-paragraph\">AL-INVEST Verde es un programa de la Uni\u00f3n Europea cuyo objetivo principal es promover el crecimiento sostenible y la creaci\u00f3n de empleo, en Am\u00e9rica Latina, apoyando la transici\u00f3n hacia una econom\u00eda baja en carbono, eficiente en recursos y m\u00e1s circular.<\/p>\n\n\n\n<p class=\"wp-block-paragraph\"><strong>&nbsp;Acerca de AL-INVEST Verde<\/strong><\/p>\n\n\n\n<p class=\"wp-block-paragraph\">AL-INVEST Verde es un programa de la Uni\u00f3n Europea cuyo principal objetivo es promover el crecimiento sostenible y la creaci\u00f3n de empleo en Am\u00e9rica Latina, apoyando la transici\u00f3n hacia una econom\u00eda baja en carbono, eficiente en recursos y m\u00e1s circular. A trav\u00e9s del Componente 1, el programa gestiona fondos para la implementaci\u00f3n de proyectos innovadores de asociaciones de peque\u00f1as empresas para impulsar pr\u00e1cticas sostenibles en el sector privado. El Componente 1 est\u00e1 liderado por sequa, una organizaci\u00f3n alemana sin fines de lucro que opera en todo el mundo con el objetivo de promover el sector privado.<\/p>\n\n\n\n<p class=\"wp-block-paragraph\">Mayor informaci\u00f3n: <a href=\"http:\/\/www.alinvest-verde.eu\">www.alinvest-verde.eu<\/a><\/p>\n","protected":false},"excerpt":{"rendered":"<p>27 de mayo de 2024.- El programa AL-INVEST Verde, a trav\u00e9s de la ejecuci\u00f3n de su Componente 1, seleccion\u00f3 42 proyectos de las m\u00e1s de 160 propuestas que se recibieron durante la Segunda Convocatoria de propuestas para proyectos innovadores. Los proyectos seleccionados beneficiar\u00e1n a las pymes de pa\u00edses como Argentina, Bolivia, Brasil, Chile, Colombia, Costa [&hellip;]<\/p>\n","protected":false},"author":4,"featured_media":12856,"comment_status":"closed","ping_status":"closed","sticky":false,"template":"","format":"standard","meta":{"footnotes":""},"categories":[24,159],"tags":[154],"class_list":["post-12855","post","type-post","status-publish","format-standard","has-post-thumbnail","hentry","category-actualidad","category-belgica-bruselas","tag-componente-1"],"yoast_head":"<!-- This site is optimized with the Yoast SEO plugin v28.4 - https:\/\/yoast.com\/product\/yoast-seo-wordpress\/ -->\n<title>M\u00e1s de 20 millones de euros ser\u00e1n destinados a impulsar proyectos de econom\u00eda verde en Am\u00e9rica Latina - Programme AL-INVEST Verde<\/title>\n<meta name=\"robots\" content=\"index, follow, max-snippet:-1, max-image-preview:large, max-video-preview:-1\" \/>\n<link rel=\"canonical\" href=\"https:\/\/alinvest-verde.eu\/es_es\/mas-de-20-millones-de-euros-seran-destinados-a-impulsar-proyectos-de-economia-verde-en-america-latina\/\" \/>\n<meta property=\"og:locale\" content=\"es_ES\" \/>\n<meta property=\"og:type\" content=\"article\" \/>\n<meta property=\"og:title\" content=\"M\u00e1s de 20 millones de euros ser\u00e1n destinados a impulsar proyectos de econom\u00eda verde en Am\u00e9rica Latina - Programme AL-INVEST Verde\" \/>\n<meta property=\"og:description\" content=\"27 de mayo de 2024.- El programa AL-INVEST Verde, a trav\u00e9s de la ejecuci\u00f3n de su Componente 1, seleccion\u00f3 42 proyectos de las m\u00e1s de 160 propuestas que se recibieron durante la Segunda Convocatoria de propuestas para proyectos innovadores. Los proyectos seleccionados beneficiar\u00e1n a las pymes de pa\u00edses como Argentina, Bolivia, Brasil, Chile, Colombia, Costa [&hellip;]\" \/>\n<meta property=\"og:url\" content=\"https:\/\/alinvest-verde.eu\/es_es\/mas-de-20-millones-de-euros-seran-destinados-a-impulsar-proyectos-de-economia-verde-en-america-latina\/\" \/>\n<meta property=\"og:site_name\" content=\"Programme AL-INVEST Verde\" \/>\n<meta property=\"article:published_time\" content=\"2024-05-29T18:34:20+00:00\" \/>\n<meta property=\"article:modified_time\" content=\"2024-08-01T07:23:05+00:00\" \/>\n<meta property=\"og:image\" content=\"https:\/\/alinvest-verde.eu\/wp-content\/uploads\/2024\/05\/IMG_7128-scaled.jpg\" \/>\n\t<meta property=\"og:image:width\" content=\"2560\" \/>\n\t<meta property=\"og:image:height\" content=\"1707\" \/>\n\t<meta property=\"og:image:type\" content=\"image\/jpeg\" \/>\n<meta name=\"author\" content=\"Malena Sousa\" \/>\n<meta name=\"twitter:card\" content=\"summary_large_image\" \/>\n<meta name=\"twitter:label1\" content=\"Escrito por\" \/>\n\t<meta name=\"twitter:data1\" content=\"\" \/>\n\t<meta name=\"twitter:label2\" content=\"Tiempo de lectura\" \/>\n\t<meta name=\"twitter:data2\" content=\"3 minutos\" \/>\n<script type=\"application\/ld+json\" class=\"yoast-schema-graph\">{\"@context\":\"https:\\\/\\\/schema.org\",\"@graph\":[{\"@type\":\"Article\",\"@id\":\"https:\\\/\\\/alinvest-verde.eu\\\/mas-de-20-millones-de-euros-seran-destinados-a-impulsar-proyectos-de-economia-verde-en-america-latina\\\/#article\",\"isPartOf\":{\"@id\":\"https:\\\/\\\/alinvest-verde.eu\\\/mas-de-20-millones-de-euros-seran-destinados-a-impulsar-proyectos-de-economia-verde-en-america-latina\\\/\"},\"author\":{\"name\":\"Malena Sousa\",\"@id\":\"https:\\\/\\\/alinvest-verde.eu\\\/#\\\/schema\\\/person\\\/f18f811fbc283c4879102f4ba5f9e9cc\"},\"headline\":\"M\u00e1s de 20 millones de euros ser\u00e1n destinados a impulsar proyectos de econom\u00eda verde en Am\u00e9rica Latina\",\"datePublished\":\"2024-05-29T18:34:20+00:00\",\"dateModified\":\"2024-08-01T07:23:05+00:00\",\"mainEntityOfPage\":{\"@id\":\"https:\\\/\\\/alinvest-verde.eu\\\/mas-de-20-millones-de-euros-seran-destinados-a-impulsar-proyectos-de-economia-verde-en-america-latina\\\/\"},\"wordCount\":457,\"publisher\":{\"@id\":\"https:\\\/\\\/alinvest-verde.eu\\\/#organization\"},\"image\":{\"@id\":\"https:\\\/\\\/alinvest-verde.eu\\\/mas-de-20-millones-de-euros-seran-destinados-a-impulsar-proyectos-de-economia-verde-en-america-latina\\\/#primaryimage\"},\"thumbnailUrl\":\"https:\\\/\\\/alinvest-verde.eu\\\/wp-content\\\/uploads\\\/2024\\\/05\\\/IMG_7128-scaled.jpg\",\"keywords\":[\"Componente 1\"],\"articleSection\":[\"Actualidad\",\"B\u00e9lgica, Bruselas\"],\"inLanguage\":\"es\"},{\"@type\":\"WebPage\",\"@id\":\"https:\\\/\\\/alinvest-verde.eu\\\/mas-de-20-millones-de-euros-seran-destinados-a-impulsar-proyectos-de-economia-verde-en-america-latina\\\/\",\"url\":\"https:\\\/\\\/alinvest-verde.eu\\\/mas-de-20-millones-de-euros-seran-destinados-a-impulsar-proyectos-de-economia-verde-en-america-latina\\\/\",\"name\":\"M\u00e1s de 20 millones de euros ser\u00e1n destinados a impulsar proyectos de econom\u00eda verde en Am\u00e9rica Latina - Programme AL-INVEST Verde\",\"isPartOf\":{\"@id\":\"https:\\\/\\\/alinvest-verde.eu\\\/#website\"},\"primaryImageOfPage\":{\"@id\":\"https:\\\/\\\/alinvest-verde.eu\\\/mas-de-20-millones-de-euros-seran-destinados-a-impulsar-proyectos-de-economia-verde-en-america-latina\\\/#primaryimage\"},\"image\":{\"@id\":\"https:\\\/\\\/alinvest-verde.eu\\\/mas-de-20-millones-de-euros-seran-destinados-a-impulsar-proyectos-de-economia-verde-en-america-latina\\\/#primaryimage\"},\"thumbnailUrl\":\"https:\\\/\\\/alinvest-verde.eu\\\/wp-content\\\/uploads\\\/2024\\\/05\\\/IMG_7128-scaled.jpg\",\"datePublished\":\"2024-05-29T18:34:20+00:00\",\"dateModified\":\"2024-08-01T07:23:05+00:00\",\"breadcrumb\":{\"@id\":\"https:\\\/\\\/alinvest-verde.eu\\\/mas-de-20-millones-de-euros-seran-destinados-a-impulsar-proyectos-de-economia-verde-en-america-latina\\\/#breadcrumb\"},\"inLanguage\":\"es\",\"potentialAction\":[{\"@type\":\"ReadAction\",\"target\":[\"https:\\\/\\\/alinvest-verde.eu\\\/mas-de-20-millones-de-euros-seran-destinados-a-impulsar-proyectos-de-economia-verde-en-america-latina\\\/\"]}]},{\"@type\":\"ImageObject\",\"inLanguage\":\"es\",\"@id\":\"https:\\\/\\\/alinvest-verde.eu\\\/mas-de-20-millones-de-euros-seran-destinados-a-impulsar-proyectos-de-economia-verde-en-america-latina\\\/#primaryimage\",\"url\":\"https:\\\/\\\/alinvest-verde.eu\\\/wp-content\\\/uploads\\\/2024\\\/05\\\/IMG_7128-scaled.jpg\",\"contentUrl\":\"https:\\\/\\\/alinvest-verde.eu\\\/wp-content\\\/uploads\\\/2024\\\/05\\\/IMG_7128-scaled.jpg\",\"width\":2560,\"height\":1707},{\"@type\":\"BreadcrumbList\",\"@id\":\"https:\\\/\\\/alinvest-verde.eu\\\/mas-de-20-millones-de-euros-seran-destinados-a-impulsar-proyectos-de-economia-verde-en-america-latina\\\/#breadcrumb\",\"itemListElement\":[{\"@type\":\"ListItem\",\"position\":1,\"name\":\"Inicio\",\"item\":\"https:\\\/\\\/alinvest-verde.eu\\\/\"},{\"@type\":\"ListItem\",\"position\":2,\"name\":\"Actualidad\",\"item\":\"https:\\\/\\\/alinvest-verde.eu\\\/category\\\/actualidad\\\/\"},{\"@type\":\"ListItem\",\"position\":3,\"name\":\"M\u00e1s de 20 millones de euros ser\u00e1n destinados a impulsar proyectos de econom\u00eda verde en Am\u00e9rica Latina\"}]},{\"@type\":\"WebSite\",\"@id\":\"https:\\\/\\\/alinvest-verde.eu\\\/#website\",\"url\":\"https:\\\/\\\/alinvest-verde.eu\\\/\",\"name\":\"Programme AL-INVEST Verde\",\"description\":\"Building alliances with the private sector in LA and promote sustainable growth and jobs creation by supporting the transition towards a low-carbon, resource-efficient economy\",\"publisher\":{\"@id\":\"https:\\\/\\\/alinvest-verde.eu\\\/#organization\"},\"potentialAction\":[{\"@type\":\"SearchAction\",\"target\":{\"@type\":\"EntryPoint\",\"urlTemplate\":\"https:\\\/\\\/alinvest-verde.eu\\\/?s={search_term_string}\"},\"query-input\":{\"@type\":\"PropertyValueSpecification\",\"valueRequired\":true,\"valueName\":\"search_term_string\"}}],\"inLanguage\":\"es\"},{\"@type\":\"Organization\",\"@id\":\"https:\\\/\\\/alinvest-verde.eu\\\/#organization\",\"name\":\"Programme AL-INVEST Verde\",\"url\":\"https:\\\/\\\/alinvest-verde.eu\\\/\",\"logo\":{\"@type\":\"ImageObject\",\"inLanguage\":\"es\",\"@id\":\"https:\\\/\\\/alinvest-verde.eu\\\/#\\\/schema\\\/logo\\\/image\\\/\",\"url\":\"https:\\\/\\\/alinvest-verde.eu\\\/wp-content\\\/uploads\\\/2022\\\/01\\\/cropped-logo-financiado-por-la-UE.jpg\",\"contentUrl\":\"https:\\\/\\\/alinvest-verde.eu\\\/wp-content\\\/uploads\\\/2022\\\/01\\\/cropped-logo-financiado-por-la-UE.jpg\",\"width\":756,\"height\":216,\"caption\":\"Programme AL-INVEST Verde\"},\"image\":{\"@id\":\"https:\\\/\\\/alinvest-verde.eu\\\/#\\\/schema\\\/logo\\\/image\\\/\"}},{\"@type\":\"Person\",\"@id\":\"https:\\\/\\\/alinvest-verde.eu\\\/#\\\/schema\\\/person\\\/f18f811fbc283c4879102f4ba5f9e9cc\",\"name\":\"Malena Sousa\",\"image\":{\"@type\":\"ImageObject\",\"inLanguage\":\"es\",\"@id\":\"https:\\\/\\\/secure.gravatar.com\\\/avatar\\\/74c4287a4f65459fc00b8d8be549ed384ace7d1edd2dab408eba902c46cbcab1?s=96&d=mm&r=g\",\"url\":\"https:\\\/\\\/secure.gravatar.com\\\/avatar\\\/74c4287a4f65459fc00b8d8be549ed384ace7d1edd2dab408eba902c46cbcab1?s=96&d=mm&r=g\",\"contentUrl\":\"https:\\\/\\\/secure.gravatar.com\\\/avatar\\\/74c4287a4f65459fc00b8d8be549ed384ace7d1edd2dab408eba902c46cbcab1?s=96&d=mm&r=g\",\"caption\":\"Malena Sousa\"},\"url\":\"https:\\\/\\\/alinvest-verde.eu\\\/es_es\\\/author\\\/malena-sousa\\\/\"}]}<\/script>\n<!-- \/ Yoast SEO plugin. -->","yoast_head_json":{"title":"M\u00e1s de 20 millones de euros ser\u00e1n destinados a impulsar proyectos de econom\u00eda verde en Am\u00e9rica Latina - Programme AL-INVEST Verde","robots":{"index":"index","follow":"follow","max-snippet":"max-snippet:-1","max-image-preview":"max-image-preview:large","max-video-preview":"max-video-preview:-1"},"canonical":"https:\/\/alinvest-verde.eu\/es_es\/mas-de-20-millones-de-euros-seran-destinados-a-impulsar-proyectos-de-economia-verde-en-america-latina\/","og_locale":"es_ES","og_type":"article","og_title":"M\u00e1s de 20 millones de euros ser\u00e1n destinados a impulsar proyectos de econom\u00eda verde en Am\u00e9rica Latina - Programme AL-INVEST Verde","og_description":"27 de mayo de 2024.- El programa AL-INVEST Verde, a trav\u00e9s de la ejecuci\u00f3n de su Componente 1, seleccion\u00f3 42 proyectos de las m\u00e1s de 160 propuestas que se recibieron durante la Segunda Convocatoria de propuestas para proyectos innovadores. Los proyectos seleccionados beneficiar\u00e1n a las pymes de pa\u00edses como Argentina, Bolivia, Brasil, Chile, Colombia, Costa [&hellip;]","og_url":"https:\/\/alinvest-verde.eu\/es_es\/mas-de-20-millones-de-euros-seran-destinados-a-impulsar-proyectos-de-economia-verde-en-america-latina\/","og_site_name":"Programme AL-INVEST Verde","article_published_time":"2024-05-29T18:34:20+00:00","article_modified_time":"2024-08-01T07:23:05+00:00","og_image":[{"width":2560,"height":1707,"url":"https:\/\/alinvest-verde.eu\/wp-content\/uploads\/2024\/05\/IMG_7128-scaled.jpg","type":"image\/jpeg"}],"author":"Malena Sousa","twitter_card":"summary_large_image","twitter_misc":{"Escrito por":false,"Tiempo de lectura":"3 minutos"},"schema":{"@context":"https:\/\/schema.org","@graph":[{"@type":"Article","@id":"https:\/\/alinvest-verde.eu\/mas-de-20-millones-de-euros-seran-destinados-a-impulsar-proyectos-de-economia-verde-en-america-latina\/#article","isPartOf":{"@id":"https:\/\/alinvest-verde.eu\/mas-de-20-millones-de-euros-seran-destinados-a-impulsar-proyectos-de-economia-verde-en-america-latina\/"},"author":{"name":"Malena Sousa","@id":"https:\/\/alinvest-verde.eu\/#\/schema\/person\/f18f811fbc283c4879102f4ba5f9e9cc"},"headline":"M\u00e1s de 20 millones de euros ser\u00e1n destinados a impulsar proyectos de econom\u00eda verde en Am\u00e9rica Latina","datePublished":"2024-05-29T18:34:20+00:00","dateModified":"2024-08-01T07:23:05+00:00","mainEntityOfPage":{"@id":"https:\/\/alinvest-verde.eu\/mas-de-20-millones-de-euros-seran-destinados-a-impulsar-proyectos-de-economia-verde-en-america-latina\/"},"wordCount":457,"publisher":{"@id":"https:\/\/alinvest-verde.eu\/#organization"},"image":{"@id":"https:\/\/alinvest-verde.eu\/mas-de-20-millones-de-euros-seran-destinados-a-impulsar-proyectos-de-economia-verde-en-america-latina\/#primaryimage"},"thumbnailUrl":"https:\/\/alinvest-verde.eu\/wp-content\/uploads\/2024\/05\/IMG_7128-scaled.jpg","keywords":["Componente 1"],"articleSection":["Actualidad","B\u00e9lgica, Bruselas"],"inLanguage":"es"},{"@type":"WebPage","@id":"https:\/\/alinvest-verde.eu\/mas-de-20-millones-de-euros-seran-destinados-a-impulsar-proyectos-de-economia-verde-en-america-latina\/","url":"https:\/\/alinvest-verde.eu\/mas-de-20-millones-de-euros-seran-destinados-a-impulsar-proyectos-de-economia-verde-en-america-latina\/","name":"M\u00e1s de 20 millones de euros ser\u00e1n destinados a impulsar proyectos de econom\u00eda verde en Am\u00e9rica Latina - Programme AL-INVEST Verde","isPartOf":{"@id":"https:\/\/alinvest-verde.eu\/#website"},"primaryImageOfPage":{"@id":"https:\/\/alinvest-verde.eu\/mas-de-20-millones-de-euros-seran-destinados-a-impulsar-proyectos-de-economia-verde-en-america-latina\/#primaryimage"},"image":{"@id":"https:\/\/alinvest-verde.eu\/mas-de-20-millones-de-euros-seran-destinados-a-impulsar-proyectos-de-economia-verde-en-america-latina\/#primaryimage"},"thumbnailUrl":"https:\/\/alinvest-verde.eu\/wp-content\/uploads\/2024\/05\/IMG_7128-scaled.jpg","datePublished":"2024-05-29T18:34:20+00:00","dateModified":"2024-08-01T07:23:05+00:00","breadcrumb":{"@id":"https:\/\/alinvest-verde.eu\/mas-de-20-millones-de-euros-seran-destinados-a-impulsar-proyectos-de-economia-verde-en-america-latina\/#breadcrumb"},"inLanguage":"es","potentialAction":[{"@type":"ReadAction","target":["https:\/\/alinvest-verde.eu\/mas-de-20-millones-de-euros-seran-destinados-a-impulsar-proyectos-de-economia-verde-en-america-latina\/"]}]},{"@type":"ImageObject","inLanguage":"es","@id":"https:\/\/alinvest-verde.eu\/mas-de-20-millones-de-euros-seran-destinados-a-impulsar-proyectos-de-economia-verde-en-america-latina\/#primaryimage","url":"https:\/\/alinvest-verde.eu\/wp-content\/uploads\/2024\/05\/IMG_7128-scaled.jpg","contentUrl":"https:\/\/alinvest-verde.eu\/wp-content\/uploads\/2024\/05\/IMG_7128-scaled.jpg","width":2560,"height":1707},{"@type":"BreadcrumbList","@id":"https:\/\/alinvest-verde.eu\/mas-de-20-millones-de-euros-seran-destinados-a-impulsar-proyectos-de-economia-verde-en-america-latina\/#breadcrumb","itemListElement":[{"@type":"ListItem","position":1,"name":"Inicio","item":"https:\/\/alinvest-verde.eu\/"},{"@type":"ListItem","position":2,"name":"Actualidad","item":"https:\/\/alinvest-verde.eu\/category\/actualidad\/"},{"@type":"ListItem","position":3,"name":"M\u00e1s de 20 millones de euros ser\u00e1n destinados a impulsar proyectos de econom\u00eda verde en Am\u00e9rica Latina"}]},{"@type":"WebSite","@id":"https:\/\/alinvest-verde.eu\/#website","url":"https:\/\/alinvest-verde.eu\/","name":"Programme AL-INVEST Verde","description":"Building alliances with the private sector in LA and promote sustainable growth and jobs creation by supporting the transition towards a low-carbon, resource-efficient economy","publisher":{"@id":"https:\/\/alinvest-verde.eu\/#organization"},"potentialAction":[{"@type":"SearchAction","target":{"@type":"EntryPoint","urlTemplate":"https:\/\/alinvest-verde.eu\/?s={search_term_string}"},"query-input":{"@type":"PropertyValueSpecification","valueRequired":true,"valueName":"search_term_string"}}],"inLanguage":"es"},{"@type":"Organization","@id":"https:\/\/alinvest-verde.eu\/#organization","name":"Programme AL-INVEST Verde","url":"https:\/\/alinvest-verde.eu\/","logo":{"@type":"ImageObject","inLanguage":"es","@id":"https:\/\/alinvest-verde.eu\/#\/schema\/logo\/image\/","url":"https:\/\/alinvest-verde.eu\/wp-content\/uploads\/2022\/01\/cropped-logo-financiado-por-la-UE.jpg","contentUrl":"https:\/\/alinvest-verde.eu\/wp-content\/uploads\/2022\/01\/cropped-logo-financiado-por-la-UE.jpg","width":756,"height":216,"caption":"Programme AL-INVEST Verde"},"image":{"@id":"https:\/\/alinvest-verde.eu\/#\/schema\/logo\/image\/"}},{"@type":"Person","@id":"https:\/\/alinvest-verde.eu\/#\/schema\/person\/f18f811fbc283c4879102f4ba5f9e9cc","name":"Malena Sousa","image":{"@type":"ImageObject","inLanguage":"es","@id":"https:\/\/secure.gravatar.com\/avatar\/74c4287a4f65459fc00b8d8be549ed384ace7d1edd2dab408eba902c46cbcab1?s=96&d=mm&r=g","url":"https:\/\/secure.gravatar.com\/avatar\/74c4287a4f65459fc00b8d8be549ed384ace7d1edd2dab408eba902c46cbcab1?s=96&d=mm&r=g","contentUrl":"https:\/\/secure.gravatar.com\/avatar\/74c4287a4f65459fc00b8d8be549ed384ace7d1edd2dab408eba902c46cbcab1?s=96&d=mm&r=g","caption":"Malena Sousa"},"url":"https:\/\/alinvest-verde.eu\/es_es\/author\/malena-sousa\/"}]}},"_links":{"self":[{"href":"https:\/\/alinvest-verde.eu\/es_es\/wp-json\/wp\/v2\/posts\/12855","targetHints":{"allow":["GET"]}}],"collection":[{"href":"https:\/\/alinvest-verde.eu\/es_es\/wp-json\/wp\/v2\/posts"}],"about":[{"href":"https:\/\/alinvest-verde.eu\/es_es\/wp-json\/wp\/v2\/types\/post"}],"author":[{"embeddable":true,"href":"https:\/\/alinvest-verde.eu\/es_es\/wp-json\/wp\/v2\/users\/4"}],"replies":[{"embeddable":true,"href":"https:\/\/alinvest-verde.eu\/es_es\/wp-json\/wp\/v2\/comments?post=12855"}],"version-history":[{"count":4,"href":"https:\/\/alinvest-verde.eu\/es_es\/wp-json\/wp\/v2\/posts\/12855\/revisions"}],"predecessor-version":[{"id":14904,"href":"https:\/\/alinvest-verde.eu\/es_es\/wp-json\/wp\/v2\/posts\/12855\/revisions\/14904"}],"wp:featuredmedia":[{"embeddable":true,"href":"https:\/\/alinvest-verde.eu\/es_es\/wp-json\/wp\/v2\/media\/12856"}],"wp:attachment":[{"href":"https:\/\/alinvest-verde.eu\/es_es\/wp-json\/wp\/v2\/media?parent=12855"}],"wp:term":[{"taxonomy":"category","embeddable":true,"href":"https:\/\/alinvest-verde.eu\/es_es\/wp-json\/wp\/v2\/categories?post=12855"},{"taxonomy":"post_tag","embeddable":true,"href":"https:\/\/alinvest-verde.eu\/es_es\/wp-json\/wp\/v2\/tags?post=12855"}],"curies":[{"name":"wp","href":"https:\/\/api.w.org\/{rel}","templated":true}]}}