{"id":14373,"date":"2024-07-08T10:14:35","date_gmt":"2024-07-08T08:14:35","guid":{"rendered":"https:\/\/alinvest-verde.eu\/?p=14373"},"modified":"2024-07-17T02:24:29","modified_gmt":"2024-07-17T00:24:29","slug":"acciones-voluntarias-regionales-para-mitigacion-del-cambio-climatico","status":"publish","type":"post","link":"https:\/\/alinvest-verde.eu\/es_es\/acciones-voluntarias-regionales-para-mitigacion-del-cambio-climatico\/","title":{"rendered":"Acciones voluntarias regionales para mitigaci\u00f3n del cambio clim\u00e1tico"},"content":{"rendered":"\n<p class=\"wp-block-paragraph\"><\/p>\n\n\n\n<div class=\"wp-block-group is-vertical is-layout-flex wp-container-core-group-is-layout-2c90304e wp-block-group-is-layout-flex\">\n<p class=\"wp-block-paragraph\">El objetivo del proyecto es dar apoyo a las mipymes de la regi\u00f3n bonaerense en el desarrollo de acciones voluntarias para la mitigaci\u00f3n del Cambio Clim\u00e1tico que puedan aportar al Plan de Respuesta Provincial del Plan Nacional de Acci\u00f3n y Mitigaci\u00f3n al Cambio Clim\u00e1tico.<\/p>\n\n\n\n<p class=\"wp-block-paragraph\">Objetivos espec\u00edficos:<\/p>\n\n\n\n<ul class=\"wp-block-list\">\n<li>La generaci\u00f3n de capacidades al interior de las mipymes argentinas as\u00ed como al interior de las organizaciones empresariales participantes en materia de sustentabilidad, econom\u00eda circular y servicios ecol\u00f3gicos.<\/li>\n<\/ul>\n\n\n\n<ul class=\"wp-block-list\">\n<li>Asistir a las empresas de diferentes sectores industriales de la provincia de Buenos Aires para el desarrollo e implementaci\u00f3n de acciones de mitigaci\u00f3n al cambio clim\u00e1tico: medici\u00f3n de huella de carbono, eficiencia energ\u00e9tica, optimizaci\u00f3n y disminuci\u00f3n de recursos naturales no renovables, buenas pr\u00e1cticas de econom\u00eda circular y generaci\u00f3n de empleo verde, entre otros.<\/li>\n<\/ul>\n\n\n\n<ul class=\"wp-block-list\">\n<li>Propiciar las herramientas necesarias para que las mipymes puedan llevar adelante sus proyectos a trav\u00e9s de encuentros empresariales, acceso a financiamiento, entre otros.<\/li>\n<\/ul>\n<\/div>\n\n\n\n<p class=\"wp-block-paragraph\"><\/p>\n\n\n\n<p class=\"wp-block-paragraph\"><strong>Consorcio ejecutor:<\/strong><\/p>\n\n\n\n<p class=\"wp-block-paragraph\">Entidad coordinadora:<\/p>\n\n\n\n<figure class=\"wp-block-image size-full is-resized\"><a href=\"https:\/\/finnova.eu\/en\/home_eng\/\"><img fetchpriority=\"high\" decoding=\"async\" width=\"2575\" height=\"1345\" src=\"https:\/\/alinvest-verde.eu\/wp-content\/uploads\/2024\/07\/logo_ingenieros_valladolid_institucional_negativo.png\" alt=\"\" class=\"wp-image-14374\" style=\"width:113px;height:auto\" srcset=\"https:\/\/alinvest-verde.eu\/wp-content\/uploads\/2024\/07\/logo_ingenieros_valladolid_institucional_negativo.png 2575w, https:\/\/alinvest-verde.eu\/wp-content\/uploads\/2024\/07\/logo_ingenieros_valladolid_institucional_negativo-300x157.png 300w, https:\/\/alinvest-verde.eu\/wp-content\/uploads\/2024\/07\/logo_ingenieros_valladolid_institucional_negativo-1024x535.png 1024w, https:\/\/alinvest-verde.eu\/wp-content\/uploads\/2024\/07\/logo_ingenieros_valladolid_institucional_negativo-768x401.png 768w, https:\/\/alinvest-verde.eu\/wp-content\/uploads\/2024\/07\/logo_ingenieros_valladolid_institucional_negativo-1536x802.png 1536w, https:\/\/alinvest-verde.eu\/wp-content\/uploads\/2024\/07\/logo_ingenieros_valladolid_institucional_negativo-2048x1070.png 2048w, https:\/\/alinvest-verde.eu\/wp-content\/uploads\/2024\/07\/logo_ingenieros_valladolid_institucional_negativo-18x9.png 18w\" sizes=\"(max-width: 2575px) 100vw, 2575px\" \/><\/a><\/figure>\n\n\n\n<p class=\"wp-block-paragraph\">Entidades asociadas:<\/p>\n\n\n\n<figure class=\"wp-block-image size-full is-resized\"><a href=\"https:\/\/finnova.eu\/en\/home_eng\/\"><img decoding=\"async\" width=\"350\" height=\"110\" src=\"https:\/\/alinvest-verde.eu\/wp-content\/uploads\/2024\/07\/uipba-logo.png\" alt=\"\" class=\"wp-image-14375\" style=\"width:109px;height:auto\" srcset=\"https:\/\/alinvest-verde.eu\/wp-content\/uploads\/2024\/07\/uipba-logo.png 350w, https:\/\/alinvest-verde.eu\/wp-content\/uploads\/2024\/07\/uipba-logo-300x94.png 300w, https:\/\/alinvest-verde.eu\/wp-content\/uploads\/2024\/07\/uipba-logo-18x6.png 18w\" sizes=\"(max-width: 350px) 100vw, 350px\" \/><\/a><\/figure>\n\n\n\n<figure class=\"wp-block-image size-full is-resized\"><a href=\"https:\/\/www.fundacionicbc.com.ar\/\"><img decoding=\"async\" width=\"296\" height=\"45\" src=\"https:\/\/alinvest-verde.eu\/wp-content\/uploads\/2024\/07\/logo-ICBC.png\" alt=\"\" class=\"wp-image-14376\" style=\"width:134px;height:auto\" srcset=\"https:\/\/alinvest-verde.eu\/wp-content\/uploads\/2024\/07\/logo-ICBC.png 296w, https:\/\/alinvest-verde.eu\/wp-content\/uploads\/2024\/07\/logo-ICBC-18x3.png 18w\" sizes=\"(max-width: 296px) 100vw, 296px\" \/><\/a><\/figure>\n\n\n\n<p class=\"wp-block-paragraph\"><strong>Beneficiarios:<\/strong><\/p>\n\n\n\n<div class=\"wp-block-group is-vertical is-layout-flex wp-container-core-group-is-layout-2c90304e wp-block-group-is-layout-flex\">\n<p class=\"wp-block-paragraph\">Mipymes de la provincia de Buenos Aires y c\u00e1maras sectoriales de la regi\u00f3n.<\/p>\n<\/div>\n\n\n\n<p class=\"wp-block-paragraph\"><\/p>\n\n\n\n<p class=\"wp-block-paragraph\"><strong>En resumen:<\/strong><\/p>\n\n\n\n<figure class=\"wp-block-table\"><table class=\"has-luminous-vivid-amber-background-color has-background\"><tbody><tr><td><strong>Regi\u00f3n\/Ciudades de implementaci\u00f3n<\/strong><\/td><td><strong>Duraci\u00f3n&nbsp;<\/strong><\/td><td><strong>Presupuesto total<\/strong><\/td><td><strong>N\u00b0 de pymes beneficiarias&nbsp;<\/strong><\/td><\/tr><tr><td><br>Provincia de Buenos Aires&nbsp;<\/td><td>20 meses&nbsp; (desde abril de 2024 a diciembre 2025)<\/td><td>\u20ac374796,49<\/td><td>400<\/td><\/tr><\/tbody><\/table><\/figure>\n\n\n\n<p class=\"wp-block-paragraph\"><strong>Contacta con este proyecto:<\/strong><\/p>\n\n\n\n<div class=\"wp-block-group is-vertical is-layout-flex wp-container-core-group-is-layout-2c90304e wp-block-group-is-layout-flex\">\n<p class=\"wp-block-paragraph\">Azucena P\u00e9rez Alonso<\/p>\n\n\n\n<p class=\"wp-block-paragraph\">Responsable de iniciativas &#8211; Colegio de Ingenieros T\u00e9cnicos Industriales de Valladolid<\/p>\n\n\n\n<p class=\"wp-block-paragraph\"><a href=\"mailto:iniciativas@ingenierosvalladolid.es\">iniciativas@ingenierosvalladolid.es<\/a><\/p>\n<\/div>\n","protected":false},"excerpt":{"rendered":"<p>El objetivo del proyecto es dar apoyo a las mipymes de la regi\u00f3n bonaerense en el desarrollo de acciones voluntarias para la mitigaci\u00f3n del Cambio Clim\u00e1tico que puedan aportar al Plan de Respuesta Provincial del Plan Nacional de Acci\u00f3n y Mitigaci\u00f3n al Cambio Clim\u00e1tico. Objetivos espec\u00edficos: Consorcio ejecutor: Entidad coordinadora: Entidades asociadas: Beneficiarios: Mipymes de [&hellip;]<\/p>\n","protected":false},"author":19,"featured_media":14607,"comment_status":"closed","ping_status":"closed","sticky":false,"template":"","format":"standard","meta":{"footnotes":""},"categories":[1],"tags":[],"class_list":["post-14373","post","type-post","status-publish","format-standard","has-post-thumbnail","hentry","category-allgemein"],"yoast_head":"<!-- This site is optimized with the Yoast SEO plugin v28.4 - https:\/\/yoast.com\/product\/yoast-seo-wordpress\/ -->\n<title>Acciones voluntarias regionales para mitigaci\u00f3n del cambio clim\u00e1tico - Programme AL-INVEST Verde<\/title>\n<meta name=\"robots\" content=\"index, follow, max-snippet:-1, max-image-preview:large, max-video-preview:-1\" \/>\n<link rel=\"canonical\" href=\"https:\/\/alinvest-verde.eu\/es_es\/acciones-voluntarias-regionales-para-mitigacion-del-cambio-climatico\/\" \/>\n<meta property=\"og:locale\" content=\"es_ES\" \/>\n<meta property=\"og:type\" content=\"article\" \/>\n<meta property=\"og:title\" content=\"Acciones voluntarias regionales para mitigaci\u00f3n del cambio clim\u00e1tico - Programme AL-INVEST Verde\" \/>\n<meta property=\"og:description\" content=\"El objetivo del proyecto es dar apoyo a las mipymes de la regi\u00f3n bonaerense en el desarrollo de acciones voluntarias para la mitigaci\u00f3n del Cambio Clim\u00e1tico que puedan aportar al Plan de Respuesta Provincial del Plan Nacional de Acci\u00f3n y Mitigaci\u00f3n al Cambio Clim\u00e1tico. Objetivos espec\u00edficos: Consorcio ejecutor: Entidad coordinadora: Entidades asociadas: Beneficiarios: Mipymes de [&hellip;]\" \/>\n<meta property=\"og:url\" content=\"https:\/\/alinvest-verde.eu\/es_es\/acciones-voluntarias-regionales-para-mitigacion-del-cambio-climatico\/\" \/>\n<meta property=\"og:site_name\" content=\"Programme AL-INVEST Verde\" \/>\n<meta property=\"article:published_time\" content=\"2024-07-08T08:14:35+00:00\" \/>\n<meta property=\"article:modified_time\" content=\"2024-07-17T00:24:29+00:00\" \/>\n<meta property=\"og:image\" content=\"https:\/\/alinvest-verde.eu\/wp-content\/uploads\/2024\/07\/blue-butterfuly-8028888_1280.jpg\" \/>\n\t<meta property=\"og:image:width\" content=\"1280\" \/>\n\t<meta property=\"og:image:height\" content=\"914\" \/>\n\t<meta property=\"og:image:type\" content=\"image\/jpeg\" \/>\n<meta name=\"author\" content=\"Daniel De Almeida\" \/>\n<meta name=\"twitter:card\" content=\"summary_large_image\" \/>\n<meta name=\"twitter:label1\" content=\"Escrito por\" \/>\n\t<meta name=\"twitter:data1\" content=\"\" \/>\n\t<meta name=\"twitter:label2\" content=\"Tiempo de lectura\" \/>\n\t<meta name=\"twitter:data2\" content=\"2 minutos\" \/>\n<script type=\"application\/ld+json\" class=\"yoast-schema-graph\">{\"@context\":\"https:\\\/\\\/schema.org\",\"@graph\":[{\"@type\":\"Article\",\"@id\":\"https:\\\/\\\/alinvest-verde.eu\\\/acciones-voluntarias-regionales-para-mitigacion-del-cambio-climatico\\\/#article\",\"isPartOf\":{\"@id\":\"https:\\\/\\\/alinvest-verde.eu\\\/acciones-voluntarias-regionales-para-mitigacion-del-cambio-climatico\\\/\"},\"author\":{\"name\":\"Daniel De Almeida\",\"@id\":\"https:\\\/\\\/alinvest-verde.eu\\\/#\\\/schema\\\/person\\\/da8fd33c78e18cccf9903b8cf01d9f70\"},\"headline\":\"Acciones voluntarias regionales para mitigaci\u00f3n del cambio clim\u00e1tico\",\"datePublished\":\"2024-07-08T08:14:35+00:00\",\"dateModified\":\"2024-07-17T00:24:29+00:00\",\"mainEntityOfPage\":{\"@id\":\"https:\\\/\\\/alinvest-verde.eu\\\/acciones-voluntarias-regionales-para-mitigacion-del-cambio-climatico\\\/\"},\"wordCount\":256,\"publisher\":{\"@id\":\"https:\\\/\\\/alinvest-verde.eu\\\/#organization\"},\"image\":{\"@id\":\"https:\\\/\\\/alinvest-verde.eu\\\/acciones-voluntarias-regionales-para-mitigacion-del-cambio-climatico\\\/#primaryimage\"},\"thumbnailUrl\":\"https:\\\/\\\/alinvest-verde.eu\\\/wp-content\\\/uploads\\\/2024\\\/07\\\/blue-butterfuly-8028888_1280.jpg\",\"articleSection\":[\"Allgemein\"],\"inLanguage\":\"es\"},{\"@type\":\"WebPage\",\"@id\":\"https:\\\/\\\/alinvest-verde.eu\\\/acciones-voluntarias-regionales-para-mitigacion-del-cambio-climatico\\\/\",\"url\":\"https:\\\/\\\/alinvest-verde.eu\\\/acciones-voluntarias-regionales-para-mitigacion-del-cambio-climatico\\\/\",\"name\":\"Acciones voluntarias regionales para mitigaci\u00f3n del cambio clim\u00e1tico - Programme AL-INVEST Verde\",\"isPartOf\":{\"@id\":\"https:\\\/\\\/alinvest-verde.eu\\\/#website\"},\"primaryImageOfPage\":{\"@id\":\"https:\\\/\\\/alinvest-verde.eu\\\/acciones-voluntarias-regionales-para-mitigacion-del-cambio-climatico\\\/#primaryimage\"},\"image\":{\"@id\":\"https:\\\/\\\/alinvest-verde.eu\\\/acciones-voluntarias-regionales-para-mitigacion-del-cambio-climatico\\\/#primaryimage\"},\"thumbnailUrl\":\"https:\\\/\\\/alinvest-verde.eu\\\/wp-content\\\/uploads\\\/2024\\\/07\\\/blue-butterfuly-8028888_1280.jpg\",\"datePublished\":\"2024-07-08T08:14:35+00:00\",\"dateModified\":\"2024-07-17T00:24:29+00:00\",\"breadcrumb\":{\"@id\":\"https:\\\/\\\/alinvest-verde.eu\\\/acciones-voluntarias-regionales-para-mitigacion-del-cambio-climatico\\\/#breadcrumb\"},\"inLanguage\":\"es\",\"potentialAction\":[{\"@type\":\"ReadAction\",\"target\":[\"https:\\\/\\\/alinvest-verde.eu\\\/acciones-voluntarias-regionales-para-mitigacion-del-cambio-climatico\\\/\"]}]},{\"@type\":\"ImageObject\",\"inLanguage\":\"es\",\"@id\":\"https:\\\/\\\/alinvest-verde.eu\\\/acciones-voluntarias-regionales-para-mitigacion-del-cambio-climatico\\\/#primaryimage\",\"url\":\"https:\\\/\\\/alinvest-verde.eu\\\/wp-content\\\/uploads\\\/2024\\\/07\\\/blue-butterfuly-8028888_1280.jpg\",\"contentUrl\":\"https:\\\/\\\/alinvest-verde.eu\\\/wp-content\\\/uploads\\\/2024\\\/07\\\/blue-butterfuly-8028888_1280.jpg\",\"width\":1280,\"height\":914},{\"@type\":\"BreadcrumbList\",\"@id\":\"https:\\\/\\\/alinvest-verde.eu\\\/acciones-voluntarias-regionales-para-mitigacion-del-cambio-climatico\\\/#breadcrumb\",\"itemListElement\":[{\"@type\":\"ListItem\",\"position\":1,\"name\":\"Inicio\",\"item\":\"https:\\\/\\\/alinvest-verde.eu\\\/\"},{\"@type\":\"ListItem\",\"position\":2,\"name\":\"Allgemein\",\"item\":\"https:\\\/\\\/alinvest-verde.eu\\\/category\\\/allgemein\\\/\"},{\"@type\":\"ListItem\",\"position\":3,\"name\":\"Acciones voluntarias regionales para mitigaci\u00f3n del cambio clim\u00e1tico\"}]},{\"@type\":\"WebSite\",\"@id\":\"https:\\\/\\\/alinvest-verde.eu\\\/#website\",\"url\":\"https:\\\/\\\/alinvest-verde.eu\\\/\",\"name\":\"Programme AL-INVEST Verde\",\"description\":\"Building alliances with the private sector in LA and promote sustainable growth and jobs creation by supporting the transition towards a low-carbon, resource-efficient economy\",\"publisher\":{\"@id\":\"https:\\\/\\\/alinvest-verde.eu\\\/#organization\"},\"potentialAction\":[{\"@type\":\"SearchAction\",\"target\":{\"@type\":\"EntryPoint\",\"urlTemplate\":\"https:\\\/\\\/alinvest-verde.eu\\\/?s={search_term_string}\"},\"query-input\":{\"@type\":\"PropertyValueSpecification\",\"valueRequired\":true,\"valueName\":\"search_term_string\"}}],\"inLanguage\":\"es\"},{\"@type\":\"Organization\",\"@id\":\"https:\\\/\\\/alinvest-verde.eu\\\/#organization\",\"name\":\"Programme AL-INVEST Verde\",\"url\":\"https:\\\/\\\/alinvest-verde.eu\\\/\",\"logo\":{\"@type\":\"ImageObject\",\"inLanguage\":\"es\",\"@id\":\"https:\\\/\\\/alinvest-verde.eu\\\/#\\\/schema\\\/logo\\\/image\\\/\",\"url\":\"https:\\\/\\\/alinvest-verde.eu\\\/wp-content\\\/uploads\\\/2022\\\/01\\\/cropped-logo-financiado-por-la-UE.jpg\",\"contentUrl\":\"https:\\\/\\\/alinvest-verde.eu\\\/wp-content\\\/uploads\\\/2022\\\/01\\\/cropped-logo-financiado-por-la-UE.jpg\",\"width\":756,\"height\":216,\"caption\":\"Programme AL-INVEST Verde\"},\"image\":{\"@id\":\"https:\\\/\\\/alinvest-verde.eu\\\/#\\\/schema\\\/logo\\\/image\\\/\"}},{\"@type\":\"Person\",\"@id\":\"https:\\\/\\\/alinvest-verde.eu\\\/#\\\/schema\\\/person\\\/da8fd33c78e18cccf9903b8cf01d9f70\",\"name\":\"Daniel De Almeida\",\"image\":{\"@type\":\"ImageObject\",\"inLanguage\":\"es\",\"@id\":\"https:\\\/\\\/secure.gravatar.com\\\/avatar\\\/bfc894ccda3356affd889ace52c1b526976ed658dcb56f29fab4fb1aae4d2a79?s=96&d=mm&r=g\",\"url\":\"https:\\\/\\\/secure.gravatar.com\\\/avatar\\\/bfc894ccda3356affd889ace52c1b526976ed658dcb56f29fab4fb1aae4d2a79?s=96&d=mm&r=g\",\"contentUrl\":\"https:\\\/\\\/secure.gravatar.com\\\/avatar\\\/bfc894ccda3356affd889ace52c1b526976ed658dcb56f29fab4fb1aae4d2a79?s=96&d=mm&r=g\",\"caption\":\"Daniel De Almeida\"},\"url\":\"https:\\\/\\\/alinvest-verde.eu\\\/es_es\\\/author\\\/daniel-de-almeida\\\/\"}]}<\/script>\n<!-- \/ Yoast SEO plugin. -->","yoast_head_json":{"title":"Acciones voluntarias regionales para mitigaci\u00f3n del cambio clim\u00e1tico - Programme AL-INVEST Verde","robots":{"index":"index","follow":"follow","max-snippet":"max-snippet:-1","max-image-preview":"max-image-preview:large","max-video-preview":"max-video-preview:-1"},"canonical":"https:\/\/alinvest-verde.eu\/es_es\/acciones-voluntarias-regionales-para-mitigacion-del-cambio-climatico\/","og_locale":"es_ES","og_type":"article","og_title":"Acciones voluntarias regionales para mitigaci\u00f3n del cambio clim\u00e1tico - Programme AL-INVEST Verde","og_description":"El objetivo del proyecto es dar apoyo a las mipymes de la regi\u00f3n bonaerense en el desarrollo de acciones voluntarias para la mitigaci\u00f3n del Cambio Clim\u00e1tico que puedan aportar al Plan de Respuesta Provincial del Plan Nacional de Acci\u00f3n y Mitigaci\u00f3n al Cambio Clim\u00e1tico. Objetivos espec\u00edficos: Consorcio ejecutor: Entidad coordinadora: Entidades asociadas: Beneficiarios: Mipymes de [&hellip;]","og_url":"https:\/\/alinvest-verde.eu\/es_es\/acciones-voluntarias-regionales-para-mitigacion-del-cambio-climatico\/","og_site_name":"Programme AL-INVEST Verde","article_published_time":"2024-07-08T08:14:35+00:00","article_modified_time":"2024-07-17T00:24:29+00:00","og_image":[{"width":1280,"height":914,"url":"https:\/\/alinvest-verde.eu\/wp-content\/uploads\/2024\/07\/blue-butterfuly-8028888_1280.jpg","type":"image\/jpeg"}],"author":"Daniel De Almeida","twitter_card":"summary_large_image","twitter_misc":{"Escrito por":false,"Tiempo de lectura":"2 minutos"},"schema":{"@context":"https:\/\/schema.org","@graph":[{"@type":"Article","@id":"https:\/\/alinvest-verde.eu\/acciones-voluntarias-regionales-para-mitigacion-del-cambio-climatico\/#article","isPartOf":{"@id":"https:\/\/alinvest-verde.eu\/acciones-voluntarias-regionales-para-mitigacion-del-cambio-climatico\/"},"author":{"name":"Daniel De Almeida","@id":"https:\/\/alinvest-verde.eu\/#\/schema\/person\/da8fd33c78e18cccf9903b8cf01d9f70"},"headline":"Acciones voluntarias regionales para mitigaci\u00f3n del cambio clim\u00e1tico","datePublished":"2024-07-08T08:14:35+00:00","dateModified":"2024-07-17T00:24:29+00:00","mainEntityOfPage":{"@id":"https:\/\/alinvest-verde.eu\/acciones-voluntarias-regionales-para-mitigacion-del-cambio-climatico\/"},"wordCount":256,"publisher":{"@id":"https:\/\/alinvest-verde.eu\/#organization"},"image":{"@id":"https:\/\/alinvest-verde.eu\/acciones-voluntarias-regionales-para-mitigacion-del-cambio-climatico\/#primaryimage"},"thumbnailUrl":"https:\/\/alinvest-verde.eu\/wp-content\/uploads\/2024\/07\/blue-butterfuly-8028888_1280.jpg","articleSection":["Allgemein"],"inLanguage":"es"},{"@type":"WebPage","@id":"https:\/\/alinvest-verde.eu\/acciones-voluntarias-regionales-para-mitigacion-del-cambio-climatico\/","url":"https:\/\/alinvest-verde.eu\/acciones-voluntarias-regionales-para-mitigacion-del-cambio-climatico\/","name":"Acciones voluntarias regionales para mitigaci\u00f3n del cambio clim\u00e1tico - Programme AL-INVEST Verde","isPartOf":{"@id":"https:\/\/alinvest-verde.eu\/#website"},"primaryImageOfPage":{"@id":"https:\/\/alinvest-verde.eu\/acciones-voluntarias-regionales-para-mitigacion-del-cambio-climatico\/#primaryimage"},"image":{"@id":"https:\/\/alinvest-verde.eu\/acciones-voluntarias-regionales-para-mitigacion-del-cambio-climatico\/#primaryimage"},"thumbnailUrl":"https:\/\/alinvest-verde.eu\/wp-content\/uploads\/2024\/07\/blue-butterfuly-8028888_1280.jpg","datePublished":"2024-07-08T08:14:35+00:00","dateModified":"2024-07-17T00:24:29+00:00","breadcrumb":{"@id":"https:\/\/alinvest-verde.eu\/acciones-voluntarias-regionales-para-mitigacion-del-cambio-climatico\/#breadcrumb"},"inLanguage":"es","potentialAction":[{"@type":"ReadAction","target":["https:\/\/alinvest-verde.eu\/acciones-voluntarias-regionales-para-mitigacion-del-cambio-climatico\/"]}]},{"@type":"ImageObject","inLanguage":"es","@id":"https:\/\/alinvest-verde.eu\/acciones-voluntarias-regionales-para-mitigacion-del-cambio-climatico\/#primaryimage","url":"https:\/\/alinvest-verde.eu\/wp-content\/uploads\/2024\/07\/blue-butterfuly-8028888_1280.jpg","contentUrl":"https:\/\/alinvest-verde.eu\/wp-content\/uploads\/2024\/07\/blue-butterfuly-8028888_1280.jpg","width":1280,"height":914},{"@type":"BreadcrumbList","@id":"https:\/\/alinvest-verde.eu\/acciones-voluntarias-regionales-para-mitigacion-del-cambio-climatico\/#breadcrumb","itemListElement":[{"@type":"ListItem","position":1,"name":"Inicio","item":"https:\/\/alinvest-verde.eu\/"},{"@type":"ListItem","position":2,"name":"Allgemein","item":"https:\/\/alinvest-verde.eu\/category\/allgemein\/"},{"@type":"ListItem","position":3,"name":"Acciones voluntarias regionales para mitigaci\u00f3n del cambio clim\u00e1tico"}]},{"@type":"WebSite","@id":"https:\/\/alinvest-verde.eu\/#website","url":"https:\/\/alinvest-verde.eu\/","name":"Programme AL-INVEST Verde","description":"Building alliances with the private sector in LA and promote sustainable growth and jobs creation by supporting the transition towards a low-carbon, resource-efficient economy","publisher":{"@id":"https:\/\/alinvest-verde.eu\/#organization"},"potentialAction":[{"@type":"SearchAction","target":{"@type":"EntryPoint","urlTemplate":"https:\/\/alinvest-verde.eu\/?s={search_term_string}"},"query-input":{"@type":"PropertyValueSpecification","valueRequired":true,"valueName":"search_term_string"}}],"inLanguage":"es"},{"@type":"Organization","@id":"https:\/\/alinvest-verde.eu\/#organization","name":"Programme AL-INVEST Verde","url":"https:\/\/alinvest-verde.eu\/","logo":{"@type":"ImageObject","inLanguage":"es","@id":"https:\/\/alinvest-verde.eu\/#\/schema\/logo\/image\/","url":"https:\/\/alinvest-verde.eu\/wp-content\/uploads\/2022\/01\/cropped-logo-financiado-por-la-UE.jpg","contentUrl":"https:\/\/alinvest-verde.eu\/wp-content\/uploads\/2022\/01\/cropped-logo-financiado-por-la-UE.jpg","width":756,"height":216,"caption":"Programme AL-INVEST Verde"},"image":{"@id":"https:\/\/alinvest-verde.eu\/#\/schema\/logo\/image\/"}},{"@type":"Person","@id":"https:\/\/alinvest-verde.eu\/#\/schema\/person\/da8fd33c78e18cccf9903b8cf01d9f70","name":"Daniel De Almeida","image":{"@type":"ImageObject","inLanguage":"es","@id":"https:\/\/secure.gravatar.com\/avatar\/bfc894ccda3356affd889ace52c1b526976ed658dcb56f29fab4fb1aae4d2a79?s=96&d=mm&r=g","url":"https:\/\/secure.gravatar.com\/avatar\/bfc894ccda3356affd889ace52c1b526976ed658dcb56f29fab4fb1aae4d2a79?s=96&d=mm&r=g","contentUrl":"https:\/\/secure.gravatar.com\/avatar\/bfc894ccda3356affd889ace52c1b526976ed658dcb56f29fab4fb1aae4d2a79?s=96&d=mm&r=g","caption":"Daniel De Almeida"},"url":"https:\/\/alinvest-verde.eu\/es_es\/author\/daniel-de-almeida\/"}]}},"_links":{"self":[{"href":"https:\/\/alinvest-verde.eu\/es_es\/wp-json\/wp\/v2\/posts\/14373","targetHints":{"allow":["GET"]}}],"collection":[{"href":"https:\/\/alinvest-verde.eu\/es_es\/wp-json\/wp\/v2\/posts"}],"about":[{"href":"https:\/\/alinvest-verde.eu\/es_es\/wp-json\/wp\/v2\/types\/post"}],"author":[{"embeddable":true,"href":"https:\/\/alinvest-verde.eu\/es_es\/wp-json\/wp\/v2\/users\/19"}],"replies":[{"embeddable":true,"href":"https:\/\/alinvest-verde.eu\/es_es\/wp-json\/wp\/v2\/comments?post=14373"}],"version-history":[{"count":2,"href":"https:\/\/alinvest-verde.eu\/es_es\/wp-json\/wp\/v2\/posts\/14373\/revisions"}],"predecessor-version":[{"id":14608,"href":"https:\/\/alinvest-verde.eu\/es_es\/wp-json\/wp\/v2\/posts\/14373\/revisions\/14608"}],"wp:featuredmedia":[{"embeddable":true,"href":"https:\/\/alinvest-verde.eu\/es_es\/wp-json\/wp\/v2\/media\/14607"}],"wp:attachment":[{"href":"https:\/\/alinvest-verde.eu\/es_es\/wp-json\/wp\/v2\/media?parent=14373"}],"wp:term":[{"taxonomy":"category","embeddable":true,"href":"https:\/\/alinvest-verde.eu\/es_es\/wp-json\/wp\/v2\/categories?post=14373"},{"taxonomy":"post_tag","embeddable":true,"href":"https:\/\/alinvest-verde.eu\/es_es\/wp-json\/wp\/v2\/tags?post=14373"}],"curies":[{"name":"wp","href":"https:\/\/api.w.org\/{rel}","templated":true}]}}