{"id":14930,"date":"2024-07-26T18:06:21","date_gmt":"2024-07-26T16:06:21","guid":{"rendered":"https:\/\/alinvest-verde.eu\/?p=14930"},"modified":"2024-08-08T14:21:26","modified_gmt":"2024-08-08T12:21:26","slug":"primer-envio-de-cafe-libre-de-deforestacion-a-la-union-europea","status":"publish","type":"post","link":"https:\/\/alinvest-verde.eu\/es_es\/primer-envio-de-cafe-libre-de-deforestacion-a-la-union-europea\/","title":{"rendered":"Primer env\u00edo de caf\u00e9 libre de deforestaci\u00f3n desde Brasil a Europa\u00a0"},"content":{"rendered":"\t\t<div data-elementor-type=\"wp-post\" data-elementor-id=\"14930\" class=\"elementor elementor-14930\" data-elementor-post-type=\"post\">\n\t\t\t\t\t\t<section class=\"elementor-section elementor-top-section elementor-element elementor-element-73f08014 elementor-section-boxed elementor-section-height-default elementor-section-height-default\" data-id=\"73f08014\" data-element_type=\"section\" data-e-type=\"section\">\n\t\t\t\t\t\t<div class=\"elementor-container elementor-column-gap-default\">\n\t\t\t\t\t<div class=\"elementor-column elementor-col-100 elementor-top-column elementor-element elementor-element-57e52230\" data-id=\"57e52230\" data-element_type=\"column\" data-e-type=\"column\">\n\t\t\t<div class=\"elementor-widget-wrap elementor-element-populated\">\n\t\t\t\t\t\t<div class=\"elementor-element elementor-element-4040f6f8 elementor-widget elementor-widget-text-editor\" data-id=\"4040f6f8\" data-element_type=\"widget\" data-e-type=\"widget\" data-widget_type=\"text-editor.default\">\n\t\t\t\t<div class=\"elementor-widget-container\">\n\t\t\t\t\t\t\t\t\t\n<p class=\"wp-block-paragraph\">El 27 de julio se realiz\u00f3 el primer env\u00edo de caf\u00e9 de Minas Gerais, en Brasil, que\u00a0<strong>cumple con los requisitos del Reglamento de la Uni\u00f3n Europea sobre productos libres de deforestaci\u00f3n y degradaci\u00f3n forestal (EUDR)<\/strong>. El env\u00edo sali\u00f3 del puerto de Santos y tiene prevista su llegada el 21 de agosto a Dubl\u00edn (Irlanda).<\/p>\n<p>Compuesto por\u00a0<strong>320 sacos de diez caficultores\u00a0<\/strong>de municipios del sur de Minas Gerais, este env\u00edo ha sido posible gracias al trabajo conjunto entre el Gobierno de Minas Gerais, a trav\u00e9s de la Secretar\u00eda de Agricultura, Ganader\u00eda y Abastecimiento (SEAPA), la Cooperativa de Caficultores de Tres Pontas y la plataforma SeloVerde MG, una herramienta desarrollada por la Universidad Federal de Minas Gerais (UFMG), el Centro de Inteligencia Territorial (CIT), el Instituto Estadual das Florestas (IEF) y la SEAPA, con el apoyo de AL-INVEST Verde.<\/p>\n<p>\u201cMinas Gerais toma la iniciativa al demostrar que nuestra producci\u00f3n es capaz de cumplir los nuevos requisitos de la Uni\u00f3n Europea y nuestra legislaci\u00f3n medioambiental, preservando nuestros mercados y promoviendo la sostenibilidad\u201d, se\u00f1al\u00f3 el Secretario de Estado de Agricultura, Ganader\u00eda y Abastecimiento de Minas Gerais (SEAPA),\u00a0<strong>Thales Fernandes,\u00a0<\/strong>impulsor de este proceso junto con el Secretario Adjunto,\u00a0<strong>Jo\u00e3o Ricardo Albanez<\/strong>.<\/p>\n<p>La plataforma SeloVerde MG permite \u00a0demostrar que\u00a0<strong>el producto, en este caso el caf\u00e9, no est\u00e1 asociado a la deforestaci\u00f3n<\/strong> y que, por lo tanto, cumple con el EUDR. Adem\u00e1s, asegura que cumple con la legislaci\u00f3n nacional, ya que emite un certificado p\u00fablico vinculado al n\u00famero de Registro Ambiental Rural (CAR) del productor.<\/p>\n<p>\u201cLos resultados del diagn\u00f3stico se presentan para cada propiedad rural y pueden compararse con im\u00e1genes de alta resoluci\u00f3n disponibles de manera gratuita en la plataforma. Esto proporciona transparencia y trazabilidad de la producci\u00f3n en todo el territorio de Minas Gerais, adem\u00e1s de permitir identificar y premiar a los productores que conservan \u00e1reas de vegetaci\u00f3n nativa m\u00e1s all\u00e1 de las exigencias del C\u00f3digo Forestal\u201d, explic\u00f3\u00a0<strong>Felipe Nunes<\/strong>, investigador del Centro de Inteligencia Territorial\/UFMG.<\/p>\n<p>Por su parte, el director general del IEF,\u00a0<strong>Breno Lasmar<\/strong>, indic\u00f3 que las tecnolog\u00edas innovadoras empleadas en SeloVerde MG aumentaron la transparencia y efectividad, \u201cagilizando los procesos de gesti\u00f3n forestal y restauraci\u00f3n ambiental\u201d. \u201cEstos esfuerzos han promovido un ambiente m\u00e1s seguro y sustentable, protegiendo la biodiversidad y los recursos naturales de Minas Gerais, al tiempo que crean condiciones para actividades econ\u00f3micas alineadas con los principios de sostenibilidad\u201d, a\u00f1adi\u00f3.<\/p>\n<p>El <a href=\"https:\/\/alinvest-verde.eu\/es_es\/apoyo-a-brasil-para-crear-un-sistema-de-acreditacion-de-cafe-sostenible-libre-de-deforestacion\/\">apoyo de AL-INVEST Verde a la plataforma SeloVerde MG<\/a> se inici\u00f3 en 2023 para analizar las propiedades rurales de caf\u00e9 y determinar que la producci\u00f3n no est\u00e1 asociada a deforestaci\u00f3n ni degradaci\u00f3n forestal, tal como exige el EUDR para la exportaci\u00f3n a la Uni\u00f3n Europea. \u201cDesde la aprobaci\u00f3n del Reglamento de la Uni\u00f3n Europea sobre productos libres de deforestaci\u00f3n, hemos estado apoyando a los pa\u00edses latinoamericanos en la implementaci\u00f3n de herramientas p\u00fablicas de trazabilidad para recopilar la informaci\u00f3n de producci\u00f3n requerida para el comercio de los productos incluidos en el reglamento\u201d, indic\u00f3\u00a0<strong>Andrea Monaco<\/strong>, senior programme manager de AL-INVEST Verde.<\/p>\n<p>El pasado mes de marzo, <a href=\"https:\/\/alinvest-verde.eu\/es_es\/el-gobierno-brasileno-de-minas-gerais-presenta-la-plataforma-selo-verde-apoyada-por-al-invest-verde\/\">representantes de la Comisi\u00f3n Europea y de AL-INVEST Verde visitaron Minas Gerais<\/a> para conocer el funcionamiento de la plataforma SeloVerde MG en fincas productoras de caf\u00e9 en el sur del Estado y mantener encuentros con las autoridades involucradas. Durante la visita, se acord\u00f3 el env\u00edo de caf\u00e9 a Europa testeado con SeloVerde MG.<\/p>\n\t\t\t\t\t\t\t\t<\/div>\n\t\t\t\t<\/div>\n\t\t\t\t\t<\/div>\n\t\t<\/div>\n\t\t\t\t\t<\/div>\n\t\t<\/section>\n\t\t\t\t<section class=\"elementor-section elementor-top-section elementor-element elementor-element-e141764 elementor-section-boxed elementor-section-height-default elementor-section-height-default\" data-id=\"e141764\" data-element_type=\"section\" data-e-type=\"section\">\n\t\t\t\t\t\t<div class=\"elementor-container elementor-column-gap-default\">\n\t\t\t\t\t<div class=\"elementor-column elementor-col-100 elementor-top-column elementor-element elementor-element-f2c643f\" data-id=\"f2c643f\" data-element_type=\"column\" data-e-type=\"column\">\n\t\t\t<div class=\"elementor-widget-wrap elementor-element-populated\">\n\t\t\t\t\t\t<section class=\"elementor-section elementor-inner-section elementor-element elementor-element-b1963c2 elementor-section-boxed elementor-section-height-default elementor-section-height-default\" data-id=\"b1963c2\" data-element_type=\"section\" data-e-type=\"section\">\n\t\t\t\t\t\t<div class=\"elementor-container elementor-column-gap-default\">\n\t\t\t\t\t<div class=\"elementor-column elementor-col-50 elementor-inner-column elementor-element elementor-element-a30dd88\" data-id=\"a30dd88\" data-element_type=\"column\" data-e-type=\"column\">\n\t\t\t<div class=\"elementor-widget-wrap elementor-element-populated\">\n\t\t\t\t\t\t<div class=\"elementor-element elementor-element-fc0966c elementor-widget elementor-widget-image\" data-id=\"fc0966c\" data-element_type=\"widget\" data-e-type=\"widget\" data-widget_type=\"image.default\">\n\t\t\t\t<div class=\"elementor-widget-container\">\n\t\t\t\t\t\t\t\t\t\t\t\t\t\t\t<img fetchpriority=\"high\" decoding=\"async\" width=\"800\" height=\"451\" src=\"https:\/\/alinvest-verde.eu\/wp-content\/uploads\/2024\/07\/Seloverde-MG-1-1024x577.jpeg\" class=\"attachment-large size-large wp-image-15186\" alt=\"\" srcset=\"https:\/\/alinvest-verde.eu\/wp-content\/uploads\/2024\/07\/Seloverde-MG-1-1024x577.jpeg 1024w, https:\/\/alinvest-verde.eu\/wp-content\/uploads\/2024\/07\/Seloverde-MG-1-300x169.jpeg 300w, https:\/\/alinvest-verde.eu\/wp-content\/uploads\/2024\/07\/Seloverde-MG-1-768x432.jpeg 768w, https:\/\/alinvest-verde.eu\/wp-content\/uploads\/2024\/07\/Seloverde-MG-1-1536x865.jpeg 1536w, https:\/\/alinvest-verde.eu\/wp-content\/uploads\/2024\/07\/Seloverde-MG-1-2048x1153.jpeg 2048w, https:\/\/alinvest-verde.eu\/wp-content\/uploads\/2024\/07\/Seloverde-MG-1-18x10.jpeg 18w\" sizes=\"(max-width: 800px) 100vw, 800px\" \/>\t\t\t\t\t\t\t\t\t\t\t\t\t\t\t<\/div>\n\t\t\t\t<\/div>\n\t\t\t\t\t<\/div>\n\t\t<\/div>\n\t\t\t\t<div class=\"elementor-column elementor-col-50 elementor-inner-column elementor-element elementor-element-c6e70b7\" data-id=\"c6e70b7\" data-element_type=\"column\" data-e-type=\"column\">\n\t\t\t<div class=\"elementor-widget-wrap elementor-element-populated\">\n\t\t\t\t\t\t<div class=\"elementor-element elementor-element-081683b elementor-widget elementor-widget-image\" data-id=\"081683b\" data-element_type=\"widget\" data-e-type=\"widget\" data-widget_type=\"image.default\">\n\t\t\t\t<div class=\"elementor-widget-container\">\n\t\t\t\t\t\t\t\t\t\t\t\t\t\t\t<img decoding=\"async\" width=\"800\" height=\"451\" src=\"https:\/\/alinvest-verde.eu\/wp-content\/uploads\/2024\/07\/Seloverde-MG-2-1024x577.jpeg\" class=\"attachment-large size-large wp-image-15187\" alt=\"\" srcset=\"https:\/\/alinvest-verde.eu\/wp-content\/uploads\/2024\/07\/Seloverde-MG-2-1024x577.jpeg 1024w, https:\/\/alinvest-verde.eu\/wp-content\/uploads\/2024\/07\/Seloverde-MG-2-300x169.jpeg 300w, https:\/\/alinvest-verde.eu\/wp-content\/uploads\/2024\/07\/Seloverde-MG-2-768x432.jpeg 768w, https:\/\/alinvest-verde.eu\/wp-content\/uploads\/2024\/07\/Seloverde-MG-2-1536x865.jpeg 1536w, https:\/\/alinvest-verde.eu\/wp-content\/uploads\/2024\/07\/Seloverde-MG-2-2048x1153.jpeg 2048w, https:\/\/alinvest-verde.eu\/wp-content\/uploads\/2024\/07\/Seloverde-MG-2-18x10.jpeg 18w\" sizes=\"(max-width: 800px) 100vw, 800px\" \/>\t\t\t\t\t\t\t\t\t\t\t\t\t\t\t<\/div>\n\t\t\t\t<\/div>\n\t\t\t\t\t<\/div>\n\t\t<\/div>\n\t\t\t\t\t<\/div>\n\t\t<\/section>\n\t\t\t\t\t<\/div>\n\t\t<\/div>\n\t\t\t\t\t<\/div>\n\t\t<\/section>\n\t\t\t\t<section class=\"elementor-section elementor-top-section elementor-element elementor-element-5e48ca3 elementor-section-boxed elementor-section-height-default elementor-section-height-default\" data-id=\"5e48ca3\" data-element_type=\"section\" data-e-type=\"section\">\n\t\t\t\t\t\t<div class=\"elementor-container elementor-column-gap-default\">\n\t\t\t\t\t<div class=\"elementor-column elementor-col-100 elementor-top-column elementor-element elementor-element-5290b4a\" data-id=\"5290b4a\" data-element_type=\"column\" data-e-type=\"column\">\n\t\t\t<div class=\"elementor-widget-wrap elementor-element-populated\">\n\t\t\t\t\t\t<div class=\"elementor-element elementor-element-398ae51 elementor-widget elementor-widget-text-editor\" data-id=\"398ae51\" data-element_type=\"widget\" data-e-type=\"widget\" data-widget_type=\"text-editor.default\">\n\t\t\t\t<div class=\"elementor-widget-container\">\n\t\t\t\t\t\t\t\t\t<p><strong>Acerca de AL-INVEST Verde<\/strong><\/p>\n<p><!-- \/wp:paragraph --><!-- wp:paragraph --><\/p>\n<p>AL-INVEST Verde es un programa financiado por la Uni\u00f3n Europea (UE). Su principal objetivo es promover el crecimiento sostenible y la creaci\u00f3n de empleo en Am\u00e9rica Latina, apoyando la transici\u00f3n hacia una econom\u00eda baja en carbono, eficiente en recursos y m\u00e1s circular. A trav\u00e9s del Componente 2, liderado por FIIAPP en consorcio con IILA, el programa proporciona asistencia para el fortalecimiento de las pol\u00edticas p\u00fablicas y los di\u00e1logos entre m\u00faltiples partes interesadas sobre las cadenas agr\u00edcolas y de valor sostenibles, las normas ambientales y laborales, as\u00ed como la pol\u00edtica comercial y econ\u00f3mica sostenible y los marcos regulatorios.<\/p>\n<p><!-- \/wp:paragraph --><!-- wp:paragraph --><\/p>\n<p>\u00a0<\/p>\t\t\t\t\t\t\t\t<\/div>\n\t\t\t\t<\/div>\n\t\t\t\t\t<\/div>\n\t\t<\/div>\n\t\t\t\t\t<\/div>\n\t\t<\/section>\n\t\t\t\t<\/div>\n\t\t","protected":false},"excerpt":{"rendered":"<p>El 27 de julio se realiz\u00f3 el primer env\u00edo de caf\u00e9 de Minas Gerais, en Brasil, que\u00a0cumple con los requisitos del Reglamento de la Uni\u00f3n Europea sobre productos libres de deforestaci\u00f3n y degradaci\u00f3n forestal (EUDR). El env\u00edo sali\u00f3 del puerto de Santos y tiene prevista su llegada el 21 de agosto a Dubl\u00edn (Irlanda). Compuesto [&hellip;]<\/p>\n","protected":false},"author":6,"featured_media":14390,"comment_status":"closed","ping_status":"closed","sticky":false,"template":"","format":"standard","meta":{"footnotes":""},"categories":[24,161,162],"tags":[21,63,107,30],"class_list":["post-14930","post","type-post","status-publish","format-standard","has-post-thumbnail","hentry","category-actualidad","category-brasil","category-minas-gerais","tag-cadenas-de-valor","tag-cafe","tag-eudr","tag-sostenibilidad"],"yoast_head":"<!-- This site is optimized with the Yoast SEO plugin v28.4 - https:\/\/yoast.com\/product\/yoast-seo-wordpress\/ -->\n<title>Primer env\u00edo de caf\u00e9 libre de deforestaci\u00f3n desde Brasil a Europa\u00a0 - Programme AL-INVEST Verde<\/title>\n<meta name=\"robots\" content=\"index, follow, max-snippet:-1, max-image-preview:large, max-video-preview:-1\" \/>\n<link rel=\"canonical\" href=\"https:\/\/alinvest-verde.eu\/es_es\/primer-envio-de-cafe-libre-de-deforestacion-a-la-union-europea\/\" \/>\n<meta property=\"og:locale\" content=\"es_ES\" \/>\n<meta property=\"og:type\" content=\"article\" \/>\n<meta property=\"og:title\" content=\"Primer env\u00edo de caf\u00e9 libre de deforestaci\u00f3n desde Brasil a Europa\u00a0 - Programme AL-INVEST Verde\" \/>\n<meta property=\"og:description\" content=\"El 27 de julio se realiz\u00f3 el primer env\u00edo de caf\u00e9 de Minas Gerais, en Brasil, que\u00a0cumple con los requisitos del Reglamento de la Uni\u00f3n Europea sobre productos libres de deforestaci\u00f3n y degradaci\u00f3n forestal (EUDR). El env\u00edo sali\u00f3 del puerto de Santos y tiene prevista su llegada el 21 de agosto a Dubl\u00edn (Irlanda). Compuesto [&hellip;]\" \/>\n<meta property=\"og:url\" content=\"https:\/\/alinvest-verde.eu\/es_es\/primer-envio-de-cafe-libre-de-deforestacion-a-la-union-europea\/\" \/>\n<meta property=\"og:site_name\" content=\"Programme AL-INVEST Verde\" \/>\n<meta property=\"article:published_time\" content=\"2024-07-26T16:06:21+00:00\" \/>\n<meta property=\"article:modified_time\" content=\"2024-08-08T12:21:26+00:00\" \/>\n<meta property=\"og:image\" content=\"https:\/\/alinvest-verde.eu\/wp-content\/uploads\/2024\/07\/coffee-7066308_1280.jpg\" \/>\n\t<meta property=\"og:image:width\" content=\"1280\" \/>\n\t<meta property=\"og:image:height\" content=\"853\" \/>\n\t<meta property=\"og:image:type\" content=\"image\/jpeg\" \/>\n<meta name=\"author\" content=\"Azucena Garc\u00eda\" \/>\n<meta name=\"twitter:card\" content=\"summary_large_image\" \/>\n<meta name=\"twitter:creator\" content=\"@Frank Summa\" \/>\n<meta name=\"twitter:label1\" content=\"Escrito por\" \/>\n\t<meta name=\"twitter:data1\" content=\"\" \/>\n\t<meta name=\"twitter:label2\" content=\"Tiempo de lectura\" \/>\n\t<meta name=\"twitter:data2\" content=\"4 minutos\" \/>\n<script type=\"application\/ld+json\" class=\"yoast-schema-graph\">{\"@context\":\"https:\\\/\\\/schema.org\",\"@graph\":[{\"@type\":\"Article\",\"@id\":\"https:\\\/\\\/alinvest-verde.eu\\\/primer-envio-de-cafe-libre-de-deforestacion-a-la-union-europea\\\/#article\",\"isPartOf\":{\"@id\":\"https:\\\/\\\/alinvest-verde.eu\\\/primer-envio-de-cafe-libre-de-deforestacion-a-la-union-europea\\\/\"},\"author\":{\"name\":\"Azucena Garc\u00eda\",\"@id\":\"https:\\\/\\\/alinvest-verde.eu\\\/#\\\/schema\\\/person\\\/8804ec49772ba377829838bc11b6aa6b\"},\"headline\":\"Primer env\u00edo de caf\u00e9 libre de deforestaci\u00f3n desde Brasil a Europa\u00a0\",\"datePublished\":\"2024-07-26T16:06:21+00:00\",\"dateModified\":\"2024-08-08T12:21:26+00:00\",\"mainEntityOfPage\":{\"@id\":\"https:\\\/\\\/alinvest-verde.eu\\\/primer-envio-de-cafe-libre-de-deforestacion-a-la-union-europea\\\/\"},\"wordCount\":725,\"publisher\":{\"@id\":\"https:\\\/\\\/alinvest-verde.eu\\\/#organization\"},\"image\":{\"@id\":\"https:\\\/\\\/alinvest-verde.eu\\\/primer-envio-de-cafe-libre-de-deforestacion-a-la-union-europea\\\/#primaryimage\"},\"thumbnailUrl\":\"https:\\\/\\\/alinvest-verde.eu\\\/wp-content\\\/uploads\\\/2024\\\/07\\\/coffee-7066308_1280.jpg\",\"keywords\":[\"cadenas de valor\",\"caf\u00e9\",\"EUDR\",\"sostenibilidad\"],\"articleSection\":[\"Actualidad\",\"Brasil\",\"Minas Gerais\"],\"inLanguage\":\"es\"},{\"@type\":\"WebPage\",\"@id\":\"https:\\\/\\\/alinvest-verde.eu\\\/primer-envio-de-cafe-libre-de-deforestacion-a-la-union-europea\\\/\",\"url\":\"https:\\\/\\\/alinvest-verde.eu\\\/primer-envio-de-cafe-libre-de-deforestacion-a-la-union-europea\\\/\",\"name\":\"Primer env\u00edo de caf\u00e9 libre de deforestaci\u00f3n desde Brasil a Europa\u00a0 - Programme AL-INVEST Verde\",\"isPartOf\":{\"@id\":\"https:\\\/\\\/alinvest-verde.eu\\\/#website\"},\"primaryImageOfPage\":{\"@id\":\"https:\\\/\\\/alinvest-verde.eu\\\/primer-envio-de-cafe-libre-de-deforestacion-a-la-union-europea\\\/#primaryimage\"},\"image\":{\"@id\":\"https:\\\/\\\/alinvest-verde.eu\\\/primer-envio-de-cafe-libre-de-deforestacion-a-la-union-europea\\\/#primaryimage\"},\"thumbnailUrl\":\"https:\\\/\\\/alinvest-verde.eu\\\/wp-content\\\/uploads\\\/2024\\\/07\\\/coffee-7066308_1280.jpg\",\"datePublished\":\"2024-07-26T16:06:21+00:00\",\"dateModified\":\"2024-08-08T12:21:26+00:00\",\"breadcrumb\":{\"@id\":\"https:\\\/\\\/alinvest-verde.eu\\\/primer-envio-de-cafe-libre-de-deforestacion-a-la-union-europea\\\/#breadcrumb\"},\"inLanguage\":\"es\",\"potentialAction\":[{\"@type\":\"ReadAction\",\"target\":[\"https:\\\/\\\/alinvest-verde.eu\\\/primer-envio-de-cafe-libre-de-deforestacion-a-la-union-europea\\\/\"]}]},{\"@type\":\"ImageObject\",\"inLanguage\":\"es\",\"@id\":\"https:\\\/\\\/alinvest-verde.eu\\\/primer-envio-de-cafe-libre-de-deforestacion-a-la-union-europea\\\/#primaryimage\",\"url\":\"https:\\\/\\\/alinvest-verde.eu\\\/wp-content\\\/uploads\\\/2024\\\/07\\\/coffee-7066308_1280.jpg\",\"contentUrl\":\"https:\\\/\\\/alinvest-verde.eu\\\/wp-content\\\/uploads\\\/2024\\\/07\\\/coffee-7066308_1280.jpg\",\"width\":1280,\"height\":853},{\"@type\":\"BreadcrumbList\",\"@id\":\"https:\\\/\\\/alinvest-verde.eu\\\/primer-envio-de-cafe-libre-de-deforestacion-a-la-union-europea\\\/#breadcrumb\",\"itemListElement\":[{\"@type\":\"ListItem\",\"position\":1,\"name\":\"Inicio\",\"item\":\"https:\\\/\\\/alinvest-verde.eu\\\/\"},{\"@type\":\"ListItem\",\"position\":2,\"name\":\"Actualidad\",\"item\":\"https:\\\/\\\/alinvest-verde.eu\\\/category\\\/actualidad\\\/\"},{\"@type\":\"ListItem\",\"position\":3,\"name\":\"Primer env\u00edo de caf\u00e9 libre de deforestaci\u00f3n desde Brasil a Europa\u00a0\"}]},{\"@type\":\"WebSite\",\"@id\":\"https:\\\/\\\/alinvest-verde.eu\\\/#website\",\"url\":\"https:\\\/\\\/alinvest-verde.eu\\\/\",\"name\":\"Programme AL-INVEST Verde\",\"description\":\"Building alliances with the private sector in LA and promote sustainable growth and jobs creation by supporting the transition towards a low-carbon, resource-efficient economy\",\"publisher\":{\"@id\":\"https:\\\/\\\/alinvest-verde.eu\\\/#organization\"},\"potentialAction\":[{\"@type\":\"SearchAction\",\"target\":{\"@type\":\"EntryPoint\",\"urlTemplate\":\"https:\\\/\\\/alinvest-verde.eu\\\/?s={search_term_string}\"},\"query-input\":{\"@type\":\"PropertyValueSpecification\",\"valueRequired\":true,\"valueName\":\"search_term_string\"}}],\"inLanguage\":\"es\"},{\"@type\":\"Organization\",\"@id\":\"https:\\\/\\\/alinvest-verde.eu\\\/#organization\",\"name\":\"Programme AL-INVEST Verde\",\"url\":\"https:\\\/\\\/alinvest-verde.eu\\\/\",\"logo\":{\"@type\":\"ImageObject\",\"inLanguage\":\"es\",\"@id\":\"https:\\\/\\\/alinvest-verde.eu\\\/#\\\/schema\\\/logo\\\/image\\\/\",\"url\":\"https:\\\/\\\/alinvest-verde.eu\\\/wp-content\\\/uploads\\\/2022\\\/01\\\/cropped-logo-financiado-por-la-UE.jpg\",\"contentUrl\":\"https:\\\/\\\/alinvest-verde.eu\\\/wp-content\\\/uploads\\\/2022\\\/01\\\/cropped-logo-financiado-por-la-UE.jpg\",\"width\":756,\"height\":216,\"caption\":\"Programme AL-INVEST Verde\"},\"image\":{\"@id\":\"https:\\\/\\\/alinvest-verde.eu\\\/#\\\/schema\\\/logo\\\/image\\\/\"}},{\"@type\":\"Person\",\"@id\":\"https:\\\/\\\/alinvest-verde.eu\\\/#\\\/schema\\\/person\\\/8804ec49772ba377829838bc11b6aa6b\",\"name\":\"Azucena Garc\u00eda\",\"image\":{\"@type\":\"ImageObject\",\"inLanguage\":\"es\",\"@id\":\"https:\\\/\\\/secure.gravatar.com\\\/avatar\\\/fc4d91c562d3c4ac55cafd2f4ae4ebd513d2304b007a5c8d4f2d8543edeb9d79?s=96&d=mm&r=g\",\"url\":\"https:\\\/\\\/secure.gravatar.com\\\/avatar\\\/fc4d91c562d3c4ac55cafd2f4ae4ebd513d2304b007a5c8d4f2d8543edeb9d79?s=96&d=mm&r=g\",\"contentUrl\":\"https:\\\/\\\/secure.gravatar.com\\\/avatar\\\/fc4d91c562d3c4ac55cafd2f4ae4ebd513d2304b007a5c8d4f2d8543edeb9d79?s=96&d=mm&r=g\",\"caption\":\"Azucena Garc\u00eda\"},\"sameAs\":[\"https:\\\/\\\/x.com\\\/Frank Summa\"],\"url\":\"https:\\\/\\\/alinvest-verde.eu\\\/es_es\\\/author\\\/azucena-garcia\\\/\"}]}<\/script>\n<!-- \/ Yoast SEO plugin. -->","yoast_head_json":{"title":"Primer env\u00edo de caf\u00e9 libre de deforestaci\u00f3n desde Brasil a Europa\u00a0 - Programme AL-INVEST Verde","robots":{"index":"index","follow":"follow","max-snippet":"max-snippet:-1","max-image-preview":"max-image-preview:large","max-video-preview":"max-video-preview:-1"},"canonical":"https:\/\/alinvest-verde.eu\/es_es\/primer-envio-de-cafe-libre-de-deforestacion-a-la-union-europea\/","og_locale":"es_ES","og_type":"article","og_title":"Primer env\u00edo de caf\u00e9 libre de deforestaci\u00f3n desde Brasil a Europa\u00a0 - Programme AL-INVEST Verde","og_description":"El 27 de julio se realiz\u00f3 el primer env\u00edo de caf\u00e9 de Minas Gerais, en Brasil, que\u00a0cumple con los requisitos del Reglamento de la Uni\u00f3n Europea sobre productos libres de deforestaci\u00f3n y degradaci\u00f3n forestal (EUDR). El env\u00edo sali\u00f3 del puerto de Santos y tiene prevista su llegada el 21 de agosto a Dubl\u00edn (Irlanda). Compuesto [&hellip;]","og_url":"https:\/\/alinvest-verde.eu\/es_es\/primer-envio-de-cafe-libre-de-deforestacion-a-la-union-europea\/","og_site_name":"Programme AL-INVEST Verde","article_published_time":"2024-07-26T16:06:21+00:00","article_modified_time":"2024-08-08T12:21:26+00:00","og_image":[{"width":1280,"height":853,"url":"https:\/\/alinvest-verde.eu\/wp-content\/uploads\/2024\/07\/coffee-7066308_1280.jpg","type":"image\/jpeg"}],"author":"Azucena Garc\u00eda","twitter_card":"summary_large_image","twitter_creator":"@Frank Summa","twitter_misc":{"Escrito por":false,"Tiempo de lectura":"4 minutos"},"schema":{"@context":"https:\/\/schema.org","@graph":[{"@type":"Article","@id":"https:\/\/alinvest-verde.eu\/primer-envio-de-cafe-libre-de-deforestacion-a-la-union-europea\/#article","isPartOf":{"@id":"https:\/\/alinvest-verde.eu\/primer-envio-de-cafe-libre-de-deforestacion-a-la-union-europea\/"},"author":{"name":"Azucena Garc\u00eda","@id":"https:\/\/alinvest-verde.eu\/#\/schema\/person\/8804ec49772ba377829838bc11b6aa6b"},"headline":"Primer env\u00edo de caf\u00e9 libre de deforestaci\u00f3n desde Brasil a Europa\u00a0","datePublished":"2024-07-26T16:06:21+00:00","dateModified":"2024-08-08T12:21:26+00:00","mainEntityOfPage":{"@id":"https:\/\/alinvest-verde.eu\/primer-envio-de-cafe-libre-de-deforestacion-a-la-union-europea\/"},"wordCount":725,"publisher":{"@id":"https:\/\/alinvest-verde.eu\/#organization"},"image":{"@id":"https:\/\/alinvest-verde.eu\/primer-envio-de-cafe-libre-de-deforestacion-a-la-union-europea\/#primaryimage"},"thumbnailUrl":"https:\/\/alinvest-verde.eu\/wp-content\/uploads\/2024\/07\/coffee-7066308_1280.jpg","keywords":["cadenas de valor","caf\u00e9","EUDR","sostenibilidad"],"articleSection":["Actualidad","Brasil","Minas Gerais"],"inLanguage":"es"},{"@type":"WebPage","@id":"https:\/\/alinvest-verde.eu\/primer-envio-de-cafe-libre-de-deforestacion-a-la-union-europea\/","url":"https:\/\/alinvest-verde.eu\/primer-envio-de-cafe-libre-de-deforestacion-a-la-union-europea\/","name":"Primer env\u00edo de caf\u00e9 libre de deforestaci\u00f3n desde Brasil a Europa\u00a0 - Programme AL-INVEST Verde","isPartOf":{"@id":"https:\/\/alinvest-verde.eu\/#website"},"primaryImageOfPage":{"@id":"https:\/\/alinvest-verde.eu\/primer-envio-de-cafe-libre-de-deforestacion-a-la-union-europea\/#primaryimage"},"image":{"@id":"https:\/\/alinvest-verde.eu\/primer-envio-de-cafe-libre-de-deforestacion-a-la-union-europea\/#primaryimage"},"thumbnailUrl":"https:\/\/alinvest-verde.eu\/wp-content\/uploads\/2024\/07\/coffee-7066308_1280.jpg","datePublished":"2024-07-26T16:06:21+00:00","dateModified":"2024-08-08T12:21:26+00:00","breadcrumb":{"@id":"https:\/\/alinvest-verde.eu\/primer-envio-de-cafe-libre-de-deforestacion-a-la-union-europea\/#breadcrumb"},"inLanguage":"es","potentialAction":[{"@type":"ReadAction","target":["https:\/\/alinvest-verde.eu\/primer-envio-de-cafe-libre-de-deforestacion-a-la-union-europea\/"]}]},{"@type":"ImageObject","inLanguage":"es","@id":"https:\/\/alinvest-verde.eu\/primer-envio-de-cafe-libre-de-deforestacion-a-la-union-europea\/#primaryimage","url":"https:\/\/alinvest-verde.eu\/wp-content\/uploads\/2024\/07\/coffee-7066308_1280.jpg","contentUrl":"https:\/\/alinvest-verde.eu\/wp-content\/uploads\/2024\/07\/coffee-7066308_1280.jpg","width":1280,"height":853},{"@type":"BreadcrumbList","@id":"https:\/\/alinvest-verde.eu\/primer-envio-de-cafe-libre-de-deforestacion-a-la-union-europea\/#breadcrumb","itemListElement":[{"@type":"ListItem","position":1,"name":"Inicio","item":"https:\/\/alinvest-verde.eu\/"},{"@type":"ListItem","position":2,"name":"Actualidad","item":"https:\/\/alinvest-verde.eu\/category\/actualidad\/"},{"@type":"ListItem","position":3,"name":"Primer env\u00edo de caf\u00e9 libre de deforestaci\u00f3n desde Brasil a Europa\u00a0"}]},{"@type":"WebSite","@id":"https:\/\/alinvest-verde.eu\/#website","url":"https:\/\/alinvest-verde.eu\/","name":"Programme AL-INVEST Verde","description":"Building alliances with the private sector in LA and promote sustainable growth and jobs creation by supporting the transition towards a low-carbon, resource-efficient economy","publisher":{"@id":"https:\/\/alinvest-verde.eu\/#organization"},"potentialAction":[{"@type":"SearchAction","target":{"@type":"EntryPoint","urlTemplate":"https:\/\/alinvest-verde.eu\/?s={search_term_string}"},"query-input":{"@type":"PropertyValueSpecification","valueRequired":true,"valueName":"search_term_string"}}],"inLanguage":"es"},{"@type":"Organization","@id":"https:\/\/alinvest-verde.eu\/#organization","name":"Programme AL-INVEST Verde","url":"https:\/\/alinvest-verde.eu\/","logo":{"@type":"ImageObject","inLanguage":"es","@id":"https:\/\/alinvest-verde.eu\/#\/schema\/logo\/image\/","url":"https:\/\/alinvest-verde.eu\/wp-content\/uploads\/2022\/01\/cropped-logo-financiado-por-la-UE.jpg","contentUrl":"https:\/\/alinvest-verde.eu\/wp-content\/uploads\/2022\/01\/cropped-logo-financiado-por-la-UE.jpg","width":756,"height":216,"caption":"Programme AL-INVEST Verde"},"image":{"@id":"https:\/\/alinvest-verde.eu\/#\/schema\/logo\/image\/"}},{"@type":"Person","@id":"https:\/\/alinvest-verde.eu\/#\/schema\/person\/8804ec49772ba377829838bc11b6aa6b","name":"Azucena Garc\u00eda","image":{"@type":"ImageObject","inLanguage":"es","@id":"https:\/\/secure.gravatar.com\/avatar\/fc4d91c562d3c4ac55cafd2f4ae4ebd513d2304b007a5c8d4f2d8543edeb9d79?s=96&d=mm&r=g","url":"https:\/\/secure.gravatar.com\/avatar\/fc4d91c562d3c4ac55cafd2f4ae4ebd513d2304b007a5c8d4f2d8543edeb9d79?s=96&d=mm&r=g","contentUrl":"https:\/\/secure.gravatar.com\/avatar\/fc4d91c562d3c4ac55cafd2f4ae4ebd513d2304b007a5c8d4f2d8543edeb9d79?s=96&d=mm&r=g","caption":"Azucena Garc\u00eda"},"sameAs":["https:\/\/x.com\/Frank Summa"],"url":"https:\/\/alinvest-verde.eu\/es_es\/author\/azucena-garcia\/"}]}},"_links":{"self":[{"href":"https:\/\/alinvest-verde.eu\/es_es\/wp-json\/wp\/v2\/posts\/14930","targetHints":{"allow":["GET"]}}],"collection":[{"href":"https:\/\/alinvest-verde.eu\/es_es\/wp-json\/wp\/v2\/posts"}],"about":[{"href":"https:\/\/alinvest-verde.eu\/es_es\/wp-json\/wp\/v2\/types\/post"}],"author":[{"embeddable":true,"href":"https:\/\/alinvest-verde.eu\/es_es\/wp-json\/wp\/v2\/users\/6"}],"replies":[{"embeddable":true,"href":"https:\/\/alinvest-verde.eu\/es_es\/wp-json\/wp\/v2\/comments?post=14930"}],"version-history":[{"count":31,"href":"https:\/\/alinvest-verde.eu\/es_es\/wp-json\/wp\/v2\/posts\/14930\/revisions"}],"predecessor-version":[{"id":15190,"href":"https:\/\/alinvest-verde.eu\/es_es\/wp-json\/wp\/v2\/posts\/14930\/revisions\/15190"}],"wp:featuredmedia":[{"embeddable":true,"href":"https:\/\/alinvest-verde.eu\/es_es\/wp-json\/wp\/v2\/media\/14390"}],"wp:attachment":[{"href":"https:\/\/alinvest-verde.eu\/es_es\/wp-json\/wp\/v2\/media?parent=14930"}],"wp:term":[{"taxonomy":"category","embeddable":true,"href":"https:\/\/alinvest-verde.eu\/es_es\/wp-json\/wp\/v2\/categories?post=14930"},{"taxonomy":"post_tag","embeddable":true,"href":"https:\/\/alinvest-verde.eu\/es_es\/wp-json\/wp\/v2\/tags?post=14930"}],"curies":[{"name":"wp","href":"https:\/\/api.w.org\/{rel}","templated":true}]}}