{"id":16133,"date":"2024-10-07T17:55:17","date_gmt":"2024-10-07T15:55:17","guid":{"rendered":"https:\/\/alinvest-verde.eu\/?p=16133"},"modified":"2024-10-11T12:03:41","modified_gmt":"2024-10-11T10:03:41","slug":"ecuador-acoge-el-cierre-del-ciclo-dialogos-sobre-cacao-sostenible","status":"publish","type":"post","link":"https:\/\/alinvest-verde.eu\/es_es\/ecuador-acoge-el-cierre-del-ciclo-dialogos-sobre-cacao-sostenible\/","title":{"rendered":"Ecuador acoge el cierre del ciclo \u201cDi\u00e1logos sobre cacao sostenible\u201d"},"content":{"rendered":"\t\t<div data-elementor-type=\"wp-post\" data-elementor-id=\"16133\" class=\"elementor elementor-16133\" data-elementor-post-type=\"post\">\n\t\t\t\t\t\t<section class=\"elementor-section elementor-top-section elementor-element elementor-element-dfc5109 elementor-section-boxed elementor-section-height-default elementor-section-height-default\" data-id=\"dfc5109\" data-element_type=\"section\" data-e-type=\"section\">\n\t\t\t\t\t\t<div class=\"elementor-container elementor-column-gap-default\">\n\t\t\t\t\t<div class=\"elementor-column elementor-col-100 elementor-top-column elementor-element elementor-element-a0a4769\" data-id=\"a0a4769\" data-element_type=\"column\" data-e-type=\"column\">\n\t\t\t<div class=\"elementor-widget-wrap elementor-element-populated\">\n\t\t\t\t\t\t<div class=\"elementor-element elementor-element-2be854a elementor-widget elementor-widget-text-editor\" data-id=\"2be854a\" data-element_type=\"widget\" data-e-type=\"widget\" data-widget_type=\"text-editor.default\">\n\t\t\t\t<div class=\"elementor-widget-container\">\n\t\t\t\t\t\t\t\t\t\n<p class=\"wp-block-paragraph\">Ecuador ha acogido el evento de cierre del ciclo &#8220;<a href=\"https:\/\/alinvest-verde.eu\/es_es\/dialogos-cacao-sostenible\/\">Di\u00e1logos sobre cacao sostenible&#8221;<\/a>, organizado por AL-INVEST Verde, en colaboraci\u00f3n con la Cooperaci\u00f3n Alemana-GIZ Ecuador y la Delegaci\u00f3n de la Uni\u00f3n Europea en Ecuador. El pasado 1 de octubre se celebr\u00f3 en Quito el evento <strong>&#8220;Soluciones integradas para un cacao sostenible para el mercado europeo&#8221;<\/strong>, mientras que el 2 y 3 de octubre se organizaron en Tena, en la provincia de Napo, talleres de trabajo. Ambas actividades contaron con la participaci\u00f3n de m\u00e1s de cien personas de m\u00e1s de diez pa\u00edses de Am\u00e9rica Latina y Europa, entre autoridades, expertos y expertas internacionales, representantes clave del sector p\u00fablico, sector privado y asociaciones, entre otros.<\/p>\n\n<p class=\"wp-block-paragraph\">Durante el evento, se analizaron los retos y oportunidades de la implementaci\u00f3n del <a href=\"https:\/\/alinvest-verde.eu\/es_es\/eudr-reglamento-europeo-sobre-productos-libres-de-deforestacion\/\">Reglamento de la Uni\u00f3n Europea sobre productos liberes de deforestaci\u00f3n (EUDR)<\/a> en la cadena de valor del cacao, con enfoque en la <strong>sostenibilidad <\/strong>y los requerimientos para el cumplimiento de esta normativa.<\/p>\n\n<p class=\"wp-block-paragraph\">La inauguraci\u00f3n estuvo presidida por Sonsoles Garc\u00eda, ministra de Producci\u00f3n, Comercio Exterior, Inversiones y Pesca de Ecuador; Jekaterina Dorodnova, embajadora de la Uni\u00f3n Europea en Ecuador; Jens Peter L\u00fctkenherm, embajador de Alemania en Ecuador; Marco Oviedo, ministro subrogante del Ministerio de Agricultura y Ganader\u00eda (MAG); y Gabriela Sommerfeld. ministra de Relaciones Exteriores y Movilidad Humana.<\/p>\n\n<p class=\"wp-block-paragraph\">Durante su intervenci\u00f3n, la <strong>ministra de Producci\u00f3n, Comercio Exterior, Inversiones y Pesca, Sonsoles Garc\u00eda<\/strong>, indic\u00f3 que <strong>&#8220;Ecuador est\u00e1 comprometido con la producci\u00f3n sostenible del cacao&#8221;<\/strong>, aunque &#8220;no est\u00e1 exento de desaf\u00edos&#8221;, y pidi\u00f3 que \u00a0no se expulse del mercado a los peque\u00f1os productores.<\/p>\n\n<p class=\"wp-block-paragraph\">Por su parte, la <strong>embajadora de la Uni\u00f3n Europea en Ecuador, Jekaterina Dorodnova<\/strong>, record\u00f3 que el pa\u00eds es el tercer productor de cacao a escala mundial y que un tercio de las exportaciones tienen como destino la Uni\u00f3n Europea. <strong>&#8220;La importancia del cacao para Ecuador es muy grande<\/strong>&#8220;, subray\u00f3. Por ello, destac\u00f3 la importancia de que el EUDR suponga una oportunidad para acceder al mercado europeo y, en especial, &#8220;una verdadera oportunidad para los peque\u00f1os productores&#8221;.<\/p>\n\n<p class=\"wp-block-paragraph\">A continuaci\u00f3n, el <strong>embajador de Alemania en Ecuador, Jens Peter L\u00fctkenherm<\/strong>, apost\u00f3 por intercambiar estrategias para el abordaje del EUDR y reiter\u00f3 el compromiso del Gobierno alem\u00e1n con el Gobierno ecuatoriano para <strong>&#8220;ejecutar iniciativas que fortalezcan la sostenibilidad&#8221;<\/strong>.<\/p>\n\n<p class=\"wp-block-paragraph\">En este sentido, el <strong>ministro subrogante del Ministerio de Agricultura y Ganader\u00eda (MAG), Marco Oviedo<\/strong>, record\u00f3 que se est\u00e1 construyendo el futuro sostenible para el cacao ecuatoriano e insisti\u00f3 en que el EUDR es un desaf\u00edo, &#8220;pero tambi\u00e9n una gran oportunidad para demostrar de lo que somos capaces, de que<strong> en Ecuador estamos muy comprometidos con la sostenibilidad <\/strong>en todos los sentidos&#8221;.<\/p>\n\n<p class=\"wp-block-paragraph\">Por \u00faltimo, la <strong>ministra de Relaciones Exteriores y Movilidad Humana, Gabriela Sommerfeld<\/strong>, se\u00f1al\u00f3 que la UE es &#8220;uno de los socios m\u00e1s relevantes del Ecuador&#8221;, su primer proveedor de productos org\u00e1nicos. Asegur\u00f3 que <strong>el pa\u00eds &#8220;tiene el compromiso de cumplir con los est\u00e1ndares europeos&#8221;<\/strong>, as\u00ed como con criterios de sostenibilidad social, ambiental y econ\u00f3mica.<\/p>\n\n<p class=\"wp-block-paragraph\">Tras la inauguraci\u00f3n, tomaron la palabra las <strong>autoridades competentes de Espa\u00f1a, Alemania e Italia<\/strong>, quienes se refirieron al proceso de adaptaci\u00f3n de cada pa\u00eds al Reglamento europeo de productos libres de deforestaci\u00f3n y c\u00f3mo se llevar\u00e1 a cabo su aplicaci\u00f3n efectiva.<\/p>\n\t\t\t\t\t\t\t\t<\/div>\n\t\t\t\t<\/div>\n\t\t\t\t<div class=\"elementor-element elementor-element-5cab90e elementor-widget elementor-widget-image\" data-id=\"5cab90e\" data-element_type=\"widget\" data-e-type=\"widget\" data-widget_type=\"image.default\">\n\t\t\t\t<div class=\"elementor-widget-container\">\n\t\t\t\t\t\t\t\t\t\t\t\t<figure class=\"wp-caption\">\n\t\t\t\t\t\t\t\t\t\t<img fetchpriority=\"high\" decoding=\"async\" width=\"800\" height=\"521\" src=\"https:\/\/alinvest-verde.eu\/wp-content\/uploads\/2024\/10\/DIALOGOS-DE-CACAO-1-1024x667.jpg\" class=\"attachment-large size-large wp-image-16160\" alt=\"\" srcset=\"https:\/\/alinvest-verde.eu\/wp-content\/uploads\/2024\/10\/DIALOGOS-DE-CACAO-1-1024x667.jpg 1024w, https:\/\/alinvest-verde.eu\/wp-content\/uploads\/2024\/10\/DIALOGOS-DE-CACAO-1-300x195.jpg 300w, https:\/\/alinvest-verde.eu\/wp-content\/uploads\/2024\/10\/DIALOGOS-DE-CACAO-1-768x500.jpg 768w, https:\/\/alinvest-verde.eu\/wp-content\/uploads\/2024\/10\/DIALOGOS-DE-CACAO-1-18x12.jpg 18w, https:\/\/alinvest-verde.eu\/wp-content\/uploads\/2024\/10\/DIALOGOS-DE-CACAO-1.jpg 1133w\" sizes=\"(max-width: 800px) 100vw, 800px\" \/>\t\t\t\t\t\t\t\t\t\t\t<figcaption class=\"widget-image-caption wp-caption-text\">Panel \"Autoridades competentes: el papel de los Estados  miembros en la implementaci\u00f3n del EUDR\", con autoridades de Alemania, Espa\u00f1a e Italia.<\/figcaption>\n\t\t\t\t\t\t\t\t\t\t<\/figure>\n\t\t\t\t\t\t\t\t\t<\/div>\n\t\t\t\t<\/div>\n\t\t\t\t\t<\/div>\n\t\t<\/div>\n\t\t\t\t\t<\/div>\n\t\t<\/section>\n\t\t\t\t<section class=\"elementor-section elementor-top-section elementor-element elementor-element-c43c0ee elementor-section-boxed elementor-section-height-default elementor-section-height-default\" data-id=\"c43c0ee\" data-element_type=\"section\" data-e-type=\"section\">\n\t\t\t\t\t\t<div class=\"elementor-container elementor-column-gap-default\">\n\t\t\t\t\t<div class=\"elementor-column elementor-col-100 elementor-top-column elementor-element elementor-element-704f992\" data-id=\"704f992\" data-element_type=\"column\" data-e-type=\"column\">\n\t\t\t<div class=\"elementor-widget-wrap elementor-element-populated\">\n\t\t\t\t\t\t<div class=\"elementor-element elementor-element-a5b12cd elementor-widget elementor-widget-text-editor\" data-id=\"a5b12cd\" data-element_type=\"widget\" data-e-type=\"widget\" data-widget_type=\"text-editor.default\">\n\t\t\t\t<div class=\"elementor-widget-container\">\n\t\t\t\t\t\t\t\t\t<p>El evento continu\u00f3 con la exposici\u00f3n \u201cRetos y Desaf\u00edos de la cadena del cacao para el cumplimiento del EUDR\u201d, a cargo de Fr\u00e9d\u00e9ric Baron, experto en cadenas de valor libres de deforestaci\u00f3n del Instituto Forestal Europeo (EFI).<\/p>\n<p>El panel &#8220;Sector p\u00fablico: procesos de adaptaci\u00f3n al EUDR&#8221; reuni\u00f3 a <strong>representantes institucionales de Brasil, Colombia, Ecuador y Per\u00fa<\/strong>, para dar paso a un di\u00e1logo sobre &#8220;Peque\u00f1os productores: retos para el cumplimiento del EUDR&#8221;, con Fredy Cabello, gerente general de UNOCACE, y Ute Sontag, coordinadora del Proyecto Agricultura Sostenible para Ecosistemas Forestales del Programa SAFE de la Cooperaci\u00f3n Alemana GIZ (Ecuador).<\/p>\n<p><!-- \/wp:paragraph --><!-- wp:paragraph --><\/p>\n<p>El evento termin\u00f3 con el panel <strong>&#8220;Sector privado: requisitos para proveedores&#8221;<\/strong>, en el que tomaron parte Anna Paula Losi, de la Asociaci\u00f3n Nacional de Productores de las Industrias Procesadoras de Cacao de Brasil; Luis Eduardo L\u00f3pez Romero, gerente t\u00e9cnico de la Federaci\u00f3n Nacional de Cacaoteros de Colombia; Cristian Noboa, de la Coalici\u00f3n Cacao Ecuador 2023 de Ecuador, Antonio Arbe, de la C\u00e1mara de Caf\u00e9 y Cacao de Per\u00fa; y Francisco Miranda, director LATAM de Abastecimiento de Cacao de MARS.<\/p>\n<p><strong>Mesas de trabajo<\/strong><\/p>\n<p>Tras el evento en Quito, los d\u00edas 2 y 3 de octubre se desarrollaron en la ciudad de Tena mesas de trabajo sobre <strong>trazabilidad, fortalecimiento organizativo y criterio libre de deforestaci\u00f3n y suelos<\/strong>. Divididos en grupos, las y los participantes analizaron estos requerimientos del EUDR y expusieron en sesi\u00f3n plenaria los desaf\u00edos y oportunidades para la regi\u00f3n.<\/p>\n<p>Adem\u00e1s, se realizaron dos visitas. La primera de ellas, al centro de acopio de la Asociaci\u00f3n de peque\u00f1os productores Kallari, donde las personas asistentes pudieron conocer su modelo de trazabilidad y gesti\u00f3n para cumplir con el proceso de Diligencia Debida del EUDR.<\/p>\n<p>La segunda de las salidas se realiz\u00f3 a una Chakra amaz\u00f3nica, donde se pudo recorrer una plantaci\u00f3n de cacao en un sistema agroforestal y conocer las caracter\u00edsticas propias de la Chakra. Durante la visita, se cont\u00f3 con las im\u00e1genes captadas por un dron que sobrevol\u00f3 la finca para tener el detalle de la Chakra junto a un bosque. De esta manera, se realiz\u00f3 un ejercicio pr\u00e1ctico sobre la definici\u00f3n de \u201cbosque\u201d contemplada en el EUDR y los sistemas de producci\u00f3n ancestrales.<\/p>\n<p><!-- \/wp:paragraph --><!-- wp:paragraph --><\/p>\n<p><strong>Di\u00e1logos sobre cacao sostenible<\/strong><\/p>\n<p><!-- \/wp:paragraph --><!-- wp:paragraph --><\/p>\n<p>El ciclo &#8220;<a href=\"https:\/\/alinvest-verde.eu\/es_es\/dialogos-cacao-sostenible\/\">Di\u00e1logos sobre cacao sostenible<\/a>&#8221; se ha desarrollado a lo largo de 2024 y ha constado de<strong> tres encuentros virtuales<\/strong>. En los mismos, se han abordado diferentes requerimientos del EUDR, como son la necesidad de que los productos est\u00e9n libres de deforestaci\u00f3n, se verifique su trazabilidad y legalidad.<\/p>\n<p><!-- \/wp:paragraph --><!-- wp:paragraph --><\/p>\n<p>El EUDR exigir\u00e1 a los operadores que introducen, comercializan o exportan a los mercados de la Uni\u00f3n Europea ciertos productos -entre ellos cacao y sus derivados- que presenten una declaraci\u00f3n de diligencia debida que demuestre que los productos cumplen con la legislaci\u00f3n pertinente del pa\u00eds de producci\u00f3n y proceden de tierras que no han experimentado deforestaci\u00f3n despu\u00e9s del 31 de diciembre de 2020. De ah\u00ed la importancia de este ciclo, que ha culminado con un encuentro presencial en Ecuador donde durante tres d\u00edas se ha tenido la oportunidad de compartir buenas pr\u00e1cticas y avances en este sentido.<\/p>\n<p><!-- \/wp:paragraph --><!-- wp:paragraph --><\/p>\n<p><strong>Acerca de AL-INVEST Verde<\/strong><\/p>\n<p><!-- \/wp:paragraph --><!-- wp:paragraph --><\/p>\n<p>AL-INVEST Verde es un programa financiado por la Uni\u00f3n Europea (UE). Su principal objetivo es promover el crecimiento sostenible y la creaci\u00f3n de empleo en Am\u00e9rica Latina, apoyando la transici\u00f3n hacia una econom\u00eda baja en carbono, eficiente en recursos y m\u00e1s circular. A trav\u00e9s del Componente 2, liderado por\u00a0<a href=\"https:\/\/www.fiiapp.org\/\">FIIAPP<\/a>\u00a0en consorcio con\u00a0<a href=\"https:\/\/iila.org\/es\/\">IILA<\/a>, el programa proporciona asistencia para el fortalecimiento de las pol\u00edticas p\u00fablicas y los di\u00e1logos entre m\u00faltiples partes interesadas sobre las cadenas agr\u00edcolas y de valor sostenibles, las normas ambientales y laborales, as\u00ed como la pol\u00edtica comercial y econ\u00f3mica sostenible y los marcos regulatorios.\u00a0<\/p>\t\t\t\t\t\t\t\t<\/div>\n\t\t\t\t<\/div>\n\t\t\t\t\t<\/div>\n\t\t<\/div>\n\t\t\t\t\t<\/div>\n\t\t<\/section>\n\t\t\t\t<section class=\"elementor-section elementor-top-section elementor-element elementor-element-7401315 elementor-section-boxed elementor-section-height-default elementor-section-height-default\" data-id=\"7401315\" data-element_type=\"section\" data-e-type=\"section\">\n\t\t\t\t\t\t<div class=\"elementor-container elementor-column-gap-default\">\n\t\t\t\t\t<div class=\"elementor-column elementor-col-100 elementor-top-column elementor-element elementor-element-d3161e7\" data-id=\"d3161e7\" data-element_type=\"column\" data-e-type=\"column\">\n\t\t\t<div class=\"elementor-widget-wrap elementor-element-populated\">\n\t\t\t\t\t\t<div class=\"elementor-element elementor-element-6f0df61 elementor-widget elementor-widget-video\" data-id=\"6f0df61\" data-element_type=\"widget\" data-e-type=\"widget\" data-settings=\"{&quot;youtube_url&quot;:&quot;https:\\\/\\\/www.youtube.com\\\/watch?v=nsMRo5GIfBk&quot;,&quot;video_type&quot;:&quot;youtube&quot;,&quot;controls&quot;:&quot;yes&quot;}\" data-widget_type=\"video.default\">\n\t\t\t\t<div class=\"elementor-widget-container\">\n\t\t\t\t\t\t\t<div class=\"elementor-wrapper elementor-open-inline\">\n\t\t\t<div class=\"elementor-video\"><\/div>\t\t<\/div>\n\t\t\t\t\t\t<\/div>\n\t\t\t\t<\/div>\n\t\t\t\t\t<\/div>\n\t\t<\/div>\n\t\t\t\t\t<\/div>\n\t\t<\/section>\n\t\t\t\t<\/div>\n\t\t","protected":false},"excerpt":{"rendered":"<p>Ecuador ha acogido el evento de cierre del ciclo &#8220;Di\u00e1logos sobre cacao sostenible&#8221;, organizado por AL-INVEST Verde, en colaboraci\u00f3n con la Cooperaci\u00f3n Alemana-GIZ Ecuador y la Delegaci\u00f3n de la Uni\u00f3n Europea en Ecuador. El pasado 1 de octubre se celebr\u00f3 en Quito el evento &#8220;Soluciones integradas para un cacao sostenible para el mercado europeo&#8221;, mientras [&hellip;]<\/p>\n","protected":false},"author":6,"featured_media":16134,"comment_status":"closed","ping_status":"closed","sticky":false,"template":"","format":"standard","meta":{"footnotes":""},"categories":[24,163],"tags":[188,187,186,30,43],"class_list":["post-16133","post","type-post","status-publish","format-standard","has-post-thumbnail","hentry","category-actualidad","category-quito-ecuador","tag-cacao-2","tag-componente2-2","tag-eudr-2","tag-sostenibilidad","tag-trazabilidad"],"yoast_head":"<!-- This site is optimized with the Yoast SEO plugin v28.4 - https:\/\/yoast.com\/product\/yoast-seo-wordpress\/ -->\n<title>Ecuador acoge el cierre del ciclo \u201cDi\u00e1logos sobre cacao sostenible\u201d - Programme AL-INVEST Verde<\/title>\n<meta name=\"robots\" content=\"index, follow, max-snippet:-1, max-image-preview:large, max-video-preview:-1\" \/>\n<link rel=\"canonical\" href=\"https:\/\/alinvest-verde.eu\/es_es\/ecuador-acoge-el-cierre-del-ciclo-dialogos-sobre-cacao-sostenible\/\" \/>\n<meta property=\"og:locale\" content=\"es_ES\" \/>\n<meta property=\"og:type\" content=\"article\" \/>\n<meta property=\"og:title\" content=\"Ecuador acoge el cierre del ciclo \u201cDi\u00e1logos sobre cacao sostenible\u201d - Programme AL-INVEST Verde\" \/>\n<meta property=\"og:description\" content=\"Ecuador ha acogido el evento de cierre del ciclo &#8220;Di\u00e1logos sobre cacao sostenible&#8221;, organizado por AL-INVEST Verde, en colaboraci\u00f3n con la Cooperaci\u00f3n Alemana-GIZ Ecuador y la Delegaci\u00f3n de la Uni\u00f3n Europea en Ecuador. El pasado 1 de octubre se celebr\u00f3 en Quito el evento &#8220;Soluciones integradas para un cacao sostenible para el mercado europeo&#8221;, mientras [&hellip;]\" \/>\n<meta property=\"og:url\" content=\"https:\/\/alinvest-verde.eu\/es_es\/ecuador-acoge-el-cierre-del-ciclo-dialogos-sobre-cacao-sostenible\/\" \/>\n<meta property=\"og:site_name\" content=\"Programme AL-INVEST Verde\" \/>\n<meta property=\"article:published_time\" content=\"2024-10-07T15:55:17+00:00\" \/>\n<meta property=\"article:modified_time\" content=\"2024-10-11T10:03:41+00:00\" \/>\n<meta property=\"og:image\" content=\"https:\/\/alinvest-verde.eu\/wp-content\/uploads\/2024\/10\/Cierre-Cacao-Ecuador.jpg\" \/>\n\t<meta property=\"og:image:width\" content=\"1232\" \/>\n\t<meta property=\"og:image:height\" content=\"824\" \/>\n\t<meta property=\"og:image:type\" content=\"image\/jpeg\" \/>\n<meta name=\"author\" content=\"Azucena Garc\u00eda\" \/>\n<meta name=\"twitter:card\" content=\"summary_large_image\" \/>\n<meta name=\"twitter:creator\" content=\"@Frank Summa\" \/>\n<meta name=\"twitter:label1\" content=\"Escrito por\" \/>\n\t<meta name=\"twitter:data1\" content=\"\" \/>\n\t<meta name=\"twitter:label2\" content=\"Tiempo de lectura\" \/>\n\t<meta name=\"twitter:data2\" content=\"6 minutos\" \/>\n<script type=\"application\/ld+json\" class=\"yoast-schema-graph\">{\"@context\":\"https:\\\/\\\/schema.org\",\"@graph\":[{\"@type\":\"Article\",\"@id\":\"https:\\\/\\\/alinvest-verde.eu\\\/ecuador-acoge-el-cierre-del-ciclo-dialogos-sobre-cacao-sostenible\\\/#article\",\"isPartOf\":{\"@id\":\"https:\\\/\\\/alinvest-verde.eu\\\/ecuador-acoge-el-cierre-del-ciclo-dialogos-sobre-cacao-sostenible\\\/\"},\"author\":{\"name\":\"Azucena Garc\u00eda\",\"@id\":\"https:\\\/\\\/alinvest-verde.eu\\\/#\\\/schema\\\/person\\\/8804ec49772ba377829838bc11b6aa6b\"},\"headline\":\"Ecuador acoge el cierre del ciclo \u201cDi\u00e1logos sobre cacao sostenible\u201d\",\"datePublished\":\"2024-10-07T15:55:17+00:00\",\"dateModified\":\"2024-10-11T10:03:41+00:00\",\"mainEntityOfPage\":{\"@id\":\"https:\\\/\\\/alinvest-verde.eu\\\/ecuador-acoge-el-cierre-del-ciclo-dialogos-sobre-cacao-sostenible\\\/\"},\"wordCount\":1277,\"publisher\":{\"@id\":\"https:\\\/\\\/alinvest-verde.eu\\\/#organization\"},\"image\":{\"@id\":\"https:\\\/\\\/alinvest-verde.eu\\\/ecuador-acoge-el-cierre-del-ciclo-dialogos-sobre-cacao-sostenible\\\/#primaryimage\"},\"thumbnailUrl\":\"https:\\\/\\\/alinvest-verde.eu\\\/wp-content\\\/uploads\\\/2024\\\/10\\\/Cierre-Cacao-Ecuador.jpg\",\"keywords\":[\"#Cacao\",\"#Componente2\",\"#EUDR\",\"sostenibilidad\",\"trazabilidad\"],\"articleSection\":[\"Actualidad\",\"Quito, Ecuador\"],\"inLanguage\":\"es\"},{\"@type\":\"WebPage\",\"@id\":\"https:\\\/\\\/alinvest-verde.eu\\\/ecuador-acoge-el-cierre-del-ciclo-dialogos-sobre-cacao-sostenible\\\/\",\"url\":\"https:\\\/\\\/alinvest-verde.eu\\\/ecuador-acoge-el-cierre-del-ciclo-dialogos-sobre-cacao-sostenible\\\/\",\"name\":\"Ecuador acoge el cierre del ciclo \u201cDi\u00e1logos sobre cacao sostenible\u201d - Programme AL-INVEST Verde\",\"isPartOf\":{\"@id\":\"https:\\\/\\\/alinvest-verde.eu\\\/#website\"},\"primaryImageOfPage\":{\"@id\":\"https:\\\/\\\/alinvest-verde.eu\\\/ecuador-acoge-el-cierre-del-ciclo-dialogos-sobre-cacao-sostenible\\\/#primaryimage\"},\"image\":{\"@id\":\"https:\\\/\\\/alinvest-verde.eu\\\/ecuador-acoge-el-cierre-del-ciclo-dialogos-sobre-cacao-sostenible\\\/#primaryimage\"},\"thumbnailUrl\":\"https:\\\/\\\/alinvest-verde.eu\\\/wp-content\\\/uploads\\\/2024\\\/10\\\/Cierre-Cacao-Ecuador.jpg\",\"datePublished\":\"2024-10-07T15:55:17+00:00\",\"dateModified\":\"2024-10-11T10:03:41+00:00\",\"breadcrumb\":{\"@id\":\"https:\\\/\\\/alinvest-verde.eu\\\/ecuador-acoge-el-cierre-del-ciclo-dialogos-sobre-cacao-sostenible\\\/#breadcrumb\"},\"inLanguage\":\"es\",\"potentialAction\":[{\"@type\":\"ReadAction\",\"target\":[\"https:\\\/\\\/alinvest-verde.eu\\\/ecuador-acoge-el-cierre-del-ciclo-dialogos-sobre-cacao-sostenible\\\/\"]}]},{\"@type\":\"ImageObject\",\"inLanguage\":\"es\",\"@id\":\"https:\\\/\\\/alinvest-verde.eu\\\/ecuador-acoge-el-cierre-del-ciclo-dialogos-sobre-cacao-sostenible\\\/#primaryimage\",\"url\":\"https:\\\/\\\/alinvest-verde.eu\\\/wp-content\\\/uploads\\\/2024\\\/10\\\/Cierre-Cacao-Ecuador.jpg\",\"contentUrl\":\"https:\\\/\\\/alinvest-verde.eu\\\/wp-content\\\/uploads\\\/2024\\\/10\\\/Cierre-Cacao-Ecuador.jpg\",\"width\":1232,\"height\":824},{\"@type\":\"BreadcrumbList\",\"@id\":\"https:\\\/\\\/alinvest-verde.eu\\\/ecuador-acoge-el-cierre-del-ciclo-dialogos-sobre-cacao-sostenible\\\/#breadcrumb\",\"itemListElement\":[{\"@type\":\"ListItem\",\"position\":1,\"name\":\"Inicio\",\"item\":\"https:\\\/\\\/alinvest-verde.eu\\\/\"},{\"@type\":\"ListItem\",\"position\":2,\"name\":\"Actualidad\",\"item\":\"https:\\\/\\\/alinvest-verde.eu\\\/category\\\/actualidad\\\/\"},{\"@type\":\"ListItem\",\"position\":3,\"name\":\"Ecuador acoge el cierre del ciclo \u201cDi\u00e1logos sobre cacao sostenible\u201d\"}]},{\"@type\":\"WebSite\",\"@id\":\"https:\\\/\\\/alinvest-verde.eu\\\/#website\",\"url\":\"https:\\\/\\\/alinvest-verde.eu\\\/\",\"name\":\"Programme AL-INVEST Verde\",\"description\":\"Building alliances with the private sector in LA and promote sustainable growth and jobs creation by supporting the transition towards a low-carbon, resource-efficient economy\",\"publisher\":{\"@id\":\"https:\\\/\\\/alinvest-verde.eu\\\/#organization\"},\"potentialAction\":[{\"@type\":\"SearchAction\",\"target\":{\"@type\":\"EntryPoint\",\"urlTemplate\":\"https:\\\/\\\/alinvest-verde.eu\\\/?s={search_term_string}\"},\"query-input\":{\"@type\":\"PropertyValueSpecification\",\"valueRequired\":true,\"valueName\":\"search_term_string\"}}],\"inLanguage\":\"es\"},{\"@type\":\"Organization\",\"@id\":\"https:\\\/\\\/alinvest-verde.eu\\\/#organization\",\"name\":\"Programme AL-INVEST Verde\",\"url\":\"https:\\\/\\\/alinvest-verde.eu\\\/\",\"logo\":{\"@type\":\"ImageObject\",\"inLanguage\":\"es\",\"@id\":\"https:\\\/\\\/alinvest-verde.eu\\\/#\\\/schema\\\/logo\\\/image\\\/\",\"url\":\"https:\\\/\\\/alinvest-verde.eu\\\/wp-content\\\/uploads\\\/2022\\\/01\\\/cropped-logo-financiado-por-la-UE.jpg\",\"contentUrl\":\"https:\\\/\\\/alinvest-verde.eu\\\/wp-content\\\/uploads\\\/2022\\\/01\\\/cropped-logo-financiado-por-la-UE.jpg\",\"width\":756,\"height\":216,\"caption\":\"Programme AL-INVEST Verde\"},\"image\":{\"@id\":\"https:\\\/\\\/alinvest-verde.eu\\\/#\\\/schema\\\/logo\\\/image\\\/\"}},{\"@type\":\"Person\",\"@id\":\"https:\\\/\\\/alinvest-verde.eu\\\/#\\\/schema\\\/person\\\/8804ec49772ba377829838bc11b6aa6b\",\"name\":\"Azucena Garc\u00eda\",\"image\":{\"@type\":\"ImageObject\",\"inLanguage\":\"es\",\"@id\":\"https:\\\/\\\/secure.gravatar.com\\\/avatar\\\/fc4d91c562d3c4ac55cafd2f4ae4ebd513d2304b007a5c8d4f2d8543edeb9d79?s=96&d=mm&r=g\",\"url\":\"https:\\\/\\\/secure.gravatar.com\\\/avatar\\\/fc4d91c562d3c4ac55cafd2f4ae4ebd513d2304b007a5c8d4f2d8543edeb9d79?s=96&d=mm&r=g\",\"contentUrl\":\"https:\\\/\\\/secure.gravatar.com\\\/avatar\\\/fc4d91c562d3c4ac55cafd2f4ae4ebd513d2304b007a5c8d4f2d8543edeb9d79?s=96&d=mm&r=g\",\"caption\":\"Azucena Garc\u00eda\"},\"sameAs\":[\"https:\\\/\\\/x.com\\\/Frank Summa\"],\"url\":\"https:\\\/\\\/alinvest-verde.eu\\\/es_es\\\/author\\\/azucena-garcia\\\/\"}]}<\/script>\n<!-- \/ Yoast SEO plugin. -->","yoast_head_json":{"title":"Ecuador acoge el cierre del ciclo \u201cDi\u00e1logos sobre cacao sostenible\u201d - Programme AL-INVEST Verde","robots":{"index":"index","follow":"follow","max-snippet":"max-snippet:-1","max-image-preview":"max-image-preview:large","max-video-preview":"max-video-preview:-1"},"canonical":"https:\/\/alinvest-verde.eu\/es_es\/ecuador-acoge-el-cierre-del-ciclo-dialogos-sobre-cacao-sostenible\/","og_locale":"es_ES","og_type":"article","og_title":"Ecuador acoge el cierre del ciclo \u201cDi\u00e1logos sobre cacao sostenible\u201d - Programme AL-INVEST Verde","og_description":"Ecuador ha acogido el evento de cierre del ciclo &#8220;Di\u00e1logos sobre cacao sostenible&#8221;, organizado por AL-INVEST Verde, en colaboraci\u00f3n con la Cooperaci\u00f3n Alemana-GIZ Ecuador y la Delegaci\u00f3n de la Uni\u00f3n Europea en Ecuador. El pasado 1 de octubre se celebr\u00f3 en Quito el evento &#8220;Soluciones integradas para un cacao sostenible para el mercado europeo&#8221;, mientras [&hellip;]","og_url":"https:\/\/alinvest-verde.eu\/es_es\/ecuador-acoge-el-cierre-del-ciclo-dialogos-sobre-cacao-sostenible\/","og_site_name":"Programme AL-INVEST Verde","article_published_time":"2024-10-07T15:55:17+00:00","article_modified_time":"2024-10-11T10:03:41+00:00","og_image":[{"width":1232,"height":824,"url":"https:\/\/alinvest-verde.eu\/wp-content\/uploads\/2024\/10\/Cierre-Cacao-Ecuador.jpg","type":"image\/jpeg"}],"author":"Azucena Garc\u00eda","twitter_card":"summary_large_image","twitter_creator":"@Frank Summa","twitter_misc":{"Escrito por":false,"Tiempo de lectura":"6 minutos"},"schema":{"@context":"https:\/\/schema.org","@graph":[{"@type":"Article","@id":"https:\/\/alinvest-verde.eu\/ecuador-acoge-el-cierre-del-ciclo-dialogos-sobre-cacao-sostenible\/#article","isPartOf":{"@id":"https:\/\/alinvest-verde.eu\/ecuador-acoge-el-cierre-del-ciclo-dialogos-sobre-cacao-sostenible\/"},"author":{"name":"Azucena Garc\u00eda","@id":"https:\/\/alinvest-verde.eu\/#\/schema\/person\/8804ec49772ba377829838bc11b6aa6b"},"headline":"Ecuador acoge el cierre del ciclo \u201cDi\u00e1logos sobre cacao sostenible\u201d","datePublished":"2024-10-07T15:55:17+00:00","dateModified":"2024-10-11T10:03:41+00:00","mainEntityOfPage":{"@id":"https:\/\/alinvest-verde.eu\/ecuador-acoge-el-cierre-del-ciclo-dialogos-sobre-cacao-sostenible\/"},"wordCount":1277,"publisher":{"@id":"https:\/\/alinvest-verde.eu\/#organization"},"image":{"@id":"https:\/\/alinvest-verde.eu\/ecuador-acoge-el-cierre-del-ciclo-dialogos-sobre-cacao-sostenible\/#primaryimage"},"thumbnailUrl":"https:\/\/alinvest-verde.eu\/wp-content\/uploads\/2024\/10\/Cierre-Cacao-Ecuador.jpg","keywords":["#Cacao","#Componente2","#EUDR","sostenibilidad","trazabilidad"],"articleSection":["Actualidad","Quito, Ecuador"],"inLanguage":"es"},{"@type":"WebPage","@id":"https:\/\/alinvest-verde.eu\/ecuador-acoge-el-cierre-del-ciclo-dialogos-sobre-cacao-sostenible\/","url":"https:\/\/alinvest-verde.eu\/ecuador-acoge-el-cierre-del-ciclo-dialogos-sobre-cacao-sostenible\/","name":"Ecuador acoge el cierre del ciclo \u201cDi\u00e1logos sobre cacao sostenible\u201d - Programme AL-INVEST Verde","isPartOf":{"@id":"https:\/\/alinvest-verde.eu\/#website"},"primaryImageOfPage":{"@id":"https:\/\/alinvest-verde.eu\/ecuador-acoge-el-cierre-del-ciclo-dialogos-sobre-cacao-sostenible\/#primaryimage"},"image":{"@id":"https:\/\/alinvest-verde.eu\/ecuador-acoge-el-cierre-del-ciclo-dialogos-sobre-cacao-sostenible\/#primaryimage"},"thumbnailUrl":"https:\/\/alinvest-verde.eu\/wp-content\/uploads\/2024\/10\/Cierre-Cacao-Ecuador.jpg","datePublished":"2024-10-07T15:55:17+00:00","dateModified":"2024-10-11T10:03:41+00:00","breadcrumb":{"@id":"https:\/\/alinvest-verde.eu\/ecuador-acoge-el-cierre-del-ciclo-dialogos-sobre-cacao-sostenible\/#breadcrumb"},"inLanguage":"es","potentialAction":[{"@type":"ReadAction","target":["https:\/\/alinvest-verde.eu\/ecuador-acoge-el-cierre-del-ciclo-dialogos-sobre-cacao-sostenible\/"]}]},{"@type":"ImageObject","inLanguage":"es","@id":"https:\/\/alinvest-verde.eu\/ecuador-acoge-el-cierre-del-ciclo-dialogos-sobre-cacao-sostenible\/#primaryimage","url":"https:\/\/alinvest-verde.eu\/wp-content\/uploads\/2024\/10\/Cierre-Cacao-Ecuador.jpg","contentUrl":"https:\/\/alinvest-verde.eu\/wp-content\/uploads\/2024\/10\/Cierre-Cacao-Ecuador.jpg","width":1232,"height":824},{"@type":"BreadcrumbList","@id":"https:\/\/alinvest-verde.eu\/ecuador-acoge-el-cierre-del-ciclo-dialogos-sobre-cacao-sostenible\/#breadcrumb","itemListElement":[{"@type":"ListItem","position":1,"name":"Inicio","item":"https:\/\/alinvest-verde.eu\/"},{"@type":"ListItem","position":2,"name":"Actualidad","item":"https:\/\/alinvest-verde.eu\/category\/actualidad\/"},{"@type":"ListItem","position":3,"name":"Ecuador acoge el cierre del ciclo \u201cDi\u00e1logos sobre cacao sostenible\u201d"}]},{"@type":"WebSite","@id":"https:\/\/alinvest-verde.eu\/#website","url":"https:\/\/alinvest-verde.eu\/","name":"Programme AL-INVEST Verde","description":"Building alliances with the private sector in LA and promote sustainable growth and jobs creation by supporting the transition towards a low-carbon, resource-efficient economy","publisher":{"@id":"https:\/\/alinvest-verde.eu\/#organization"},"potentialAction":[{"@type":"SearchAction","target":{"@type":"EntryPoint","urlTemplate":"https:\/\/alinvest-verde.eu\/?s={search_term_string}"},"query-input":{"@type":"PropertyValueSpecification","valueRequired":true,"valueName":"search_term_string"}}],"inLanguage":"es"},{"@type":"Organization","@id":"https:\/\/alinvest-verde.eu\/#organization","name":"Programme AL-INVEST Verde","url":"https:\/\/alinvest-verde.eu\/","logo":{"@type":"ImageObject","inLanguage":"es","@id":"https:\/\/alinvest-verde.eu\/#\/schema\/logo\/image\/","url":"https:\/\/alinvest-verde.eu\/wp-content\/uploads\/2022\/01\/cropped-logo-financiado-por-la-UE.jpg","contentUrl":"https:\/\/alinvest-verde.eu\/wp-content\/uploads\/2022\/01\/cropped-logo-financiado-por-la-UE.jpg","width":756,"height":216,"caption":"Programme AL-INVEST Verde"},"image":{"@id":"https:\/\/alinvest-verde.eu\/#\/schema\/logo\/image\/"}},{"@type":"Person","@id":"https:\/\/alinvest-verde.eu\/#\/schema\/person\/8804ec49772ba377829838bc11b6aa6b","name":"Azucena Garc\u00eda","image":{"@type":"ImageObject","inLanguage":"es","@id":"https:\/\/secure.gravatar.com\/avatar\/fc4d91c562d3c4ac55cafd2f4ae4ebd513d2304b007a5c8d4f2d8543edeb9d79?s=96&d=mm&r=g","url":"https:\/\/secure.gravatar.com\/avatar\/fc4d91c562d3c4ac55cafd2f4ae4ebd513d2304b007a5c8d4f2d8543edeb9d79?s=96&d=mm&r=g","contentUrl":"https:\/\/secure.gravatar.com\/avatar\/fc4d91c562d3c4ac55cafd2f4ae4ebd513d2304b007a5c8d4f2d8543edeb9d79?s=96&d=mm&r=g","caption":"Azucena Garc\u00eda"},"sameAs":["https:\/\/x.com\/Frank Summa"],"url":"https:\/\/alinvest-verde.eu\/es_es\/author\/azucena-garcia\/"}]}},"_links":{"self":[{"href":"https:\/\/alinvest-verde.eu\/es_es\/wp-json\/wp\/v2\/posts\/16133","targetHints":{"allow":["GET"]}}],"collection":[{"href":"https:\/\/alinvest-verde.eu\/es_es\/wp-json\/wp\/v2\/posts"}],"about":[{"href":"https:\/\/alinvest-verde.eu\/es_es\/wp-json\/wp\/v2\/types\/post"}],"author":[{"embeddable":true,"href":"https:\/\/alinvest-verde.eu\/es_es\/wp-json\/wp\/v2\/users\/6"}],"replies":[{"embeddable":true,"href":"https:\/\/alinvest-verde.eu\/es_es\/wp-json\/wp\/v2\/comments?post=16133"}],"version-history":[{"count":26,"href":"https:\/\/alinvest-verde.eu\/es_es\/wp-json\/wp\/v2\/posts\/16133\/revisions"}],"predecessor-version":[{"id":16167,"href":"https:\/\/alinvest-verde.eu\/es_es\/wp-json\/wp\/v2\/posts\/16133\/revisions\/16167"}],"wp:featuredmedia":[{"embeddable":true,"href":"https:\/\/alinvest-verde.eu\/es_es\/wp-json\/wp\/v2\/media\/16134"}],"wp:attachment":[{"href":"https:\/\/alinvest-verde.eu\/es_es\/wp-json\/wp\/v2\/media?parent=16133"}],"wp:term":[{"taxonomy":"category","embeddable":true,"href":"https:\/\/alinvest-verde.eu\/es_es\/wp-json\/wp\/v2\/categories?post=16133"},{"taxonomy":"post_tag","embeddable":true,"href":"https:\/\/alinvest-verde.eu\/es_es\/wp-json\/wp\/v2\/tags?post=16133"}],"curies":[{"name":"wp","href":"https:\/\/api.w.org\/{rel}","templated":true}]}}