{"id":16888,"date":"2025-02-07T21:35:43","date_gmt":"2025-02-07T20:35:43","guid":{"rendered":"https:\/\/alinvest-verde.eu\/?p=16888"},"modified":"2025-02-07T21:37:02","modified_gmt":"2025-02-07T20:37:02","slug":"intercambio-de-experiencias-fortalece-las-habilidades-productivas-y-comerciales-de-los-agricultores-de-la-union","status":"publish","type":"post","link":"https:\/\/alinvest-verde.eu\/es_es\/intercambio-de-experiencias-fortalece-las-habilidades-productivas-y-comerciales-de-los-agricultores-de-la-union\/","title":{"rendered":"Intercambio de experiencias fortalece las habilidades productivas y comerciales de los agricultores de La Uni\u00f3n"},"content":{"rendered":"\n<p class=\"wp-block-paragraph\">La Uni\u00f3n, 29 de enero de 2025.- Con el firme prop\u00f3sito de impulsar el desarrollo agr\u00edcola y promover pr\u00e1cticas sostenibles, los productores de frutas y hortalizas del departamento de La Uni\u00f3n, beneficiarios del proyecto \u201cInnovaciones y Desarrollo para una Econom\u00eda Verde\u201d, participaron en un enriquecedor intercambio de experiencias con la cooperativa \u201cLa Canasta Campesina\u201d, ubicada en el distrito de Comasagua, municipio de La Libertad Sur.\u00a0\u00a0<\/p>\n\n\n\n<p class=\"wp-block-paragraph\">Esta actividad, realizada el pasado 29 de enero, tuvo como objetivo principal que los productores de La Uni\u00f3n conocieran de primera mano los procesos productivos y de comercializaci\u00f3n implementados por la cooperativa anfitriona, la cual ha logrado resultados econ\u00f3micos positivos gracias a su innovador modelo de negocio. Dicho modelo se basa en la comercializaci\u00f3n de una canasta comunitaria que incluye una variedad de frutas y verduras, distribuida tanto en instituciones gubernamentales como en tiendas locales de Comasagua y distritos aleda\u00f1os.&nbsp;&nbsp;<\/p>\n\n\n\n<p class=\"wp-block-paragraph\">Durante la jornada, los asistentes tuvieron la oportunidad de profundizar en temas clave para el desarrollo agr\u00edcola sostenible, como el uso de abonos y fertilizantes org\u00e1nicos, el control de plagas, la diversificaci\u00f3n de cultivos y la identificaci\u00f3n de canales de comercializaci\u00f3n efectivos. Este intercambio de conocimientos no solo enriqueci\u00f3 las habilidades de los productores, sino que tambi\u00e9n les brind\u00f3 herramientas pr\u00e1cticas para implementar en sus propias organizaciones, con el fin de aumentar el rendimiento de sus cosechas y, en consecuencia, mejorar sus ingresos econ\u00f3micos.&nbsp;&nbsp;<\/p>\n\n\n\n<p class=\"wp-block-paragraph\">Los participantes destacaron la importancia de este tipo de iniciativas, que fomentan la colaboraci\u00f3n entre comunidades y promueven la transferencia de conocimientos. Tanto los visitantes como los anfitriones expresaron su satisfacci\u00f3n por el di\u00e1logo constructivo generado durante la actividad y manifestaron su inter\u00e9s en continuar trabajando juntos en el futuro. Esta colaboraci\u00f3n se enfocar\u00eda en promover la agricultura sostenible, optimizar los procesos productivos y comerciales, y garantizar el cuidado de los recursos naturales y el medioambiente.&nbsp;&nbsp;<\/p>\n\n\n\n<p class=\"wp-block-paragraph\">El proyecto \u201cInnovaciones y Desarrollo para una Econom\u00eda Verde\u201d sigue demostrando su compromiso con el fortalecimiento de las capacidades de los productores locales, impulsando pr\u00e1cticas agr\u00edcolas responsables y contribuyendo al desarrollo econ\u00f3mico de las comunidades. Este intercambio de experiencias no solo refuerza los lazos entre los agricultores de La Uni\u00f3n y La Libertad Sur, sino que tambi\u00e9n sienta las bases para futuras alianzas que beneficien a ambos territorios.&nbsp;&nbsp;<\/p>\n\n\n\n<p class=\"wp-block-paragraph\">El proyecto \u201cInnovaciones y Desarrollo para una Econom\u00eda Verde\u201d forma parte del programa AL-INVEST Verde, financiado por la Uni\u00f3n Europea, con el objetivo de promover la agricultura y la apicultura sostenible en los departamentos de La Uni\u00f3n y San Miguel.<\/p>\n","protected":false},"excerpt":{"rendered":"<p>La Uni\u00f3n, 29 de enero de 2025.- Con el firme prop\u00f3sito de impulsar el desarrollo agr\u00edcola y promover pr\u00e1cticas sostenibles, los productores de frutas y hortalizas del departamento de La Uni\u00f3n, beneficiarios del proyecto \u201cInnovaciones y Desarrollo para una Econom\u00eda Verde\u201d, participaron en un enriquecedor intercambio de experiencias con la cooperativa \u201cLa Canasta Campesina\u201d, ubicada [&hellip;]<\/p>\n","protected":false},"author":4,"featured_media":16887,"comment_status":"closed","ping_status":"closed","sticky":false,"template":"","format":"standard","meta":{"footnotes":""},"categories":[17],"tags":[],"class_list":["post-16888","post","type-post","status-publish","format-standard","has-post-thumbnail","hentry","category-component-1"],"yoast_head":"<!-- This site is optimized with the Yoast SEO plugin v28.4 - https:\/\/yoast.com\/product\/yoast-seo-wordpress\/ -->\n<title>Intercambio de experiencias fortalece las habilidades productivas y comerciales de los agricultores de La Uni\u00f3n - Programme AL-INVEST Verde<\/title>\n<meta name=\"robots\" content=\"index, follow, max-snippet:-1, max-image-preview:large, max-video-preview:-1\" \/>\n<link rel=\"canonical\" href=\"https:\/\/alinvest-verde.eu\/es_es\/intercambio-de-experiencias-fortalece-las-habilidades-productivas-y-comerciales-de-los-agricultores-de-la-union\/\" \/>\n<meta property=\"og:locale\" content=\"es_ES\" \/>\n<meta property=\"og:type\" content=\"article\" \/>\n<meta property=\"og:title\" content=\"Intercambio de experiencias fortalece las habilidades productivas y comerciales de los agricultores de La Uni\u00f3n - Programme AL-INVEST Verde\" \/>\n<meta property=\"og:description\" content=\"La Uni\u00f3n, 29 de enero de 2025.- Con el firme prop\u00f3sito de impulsar el desarrollo agr\u00edcola y promover pr\u00e1cticas sostenibles, los productores de frutas y hortalizas del departamento de La Uni\u00f3n, beneficiarios del proyecto \u201cInnovaciones y Desarrollo para una Econom\u00eda Verde\u201d, participaron en un enriquecedor intercambio de experiencias con la cooperativa \u201cLa Canasta Campesina\u201d, ubicada [&hellip;]\" \/>\n<meta property=\"og:url\" content=\"https:\/\/alinvest-verde.eu\/es_es\/intercambio-de-experiencias-fortalece-las-habilidades-productivas-y-comerciales-de-los-agricultores-de-la-union\/\" \/>\n<meta property=\"og:site_name\" content=\"Programme AL-INVEST Verde\" \/>\n<meta property=\"article:published_time\" content=\"2025-02-07T20:35:43+00:00\" \/>\n<meta property=\"article:modified_time\" content=\"2025-02-07T20:37:02+00:00\" \/>\n<meta property=\"og:image\" content=\"https:\/\/alinvest-verde.eu\/wp-content\/uploads\/2024\/07\/Intercambio-23-scaled.jpeg\" \/>\n\t<meta property=\"og:image:width\" content=\"1920\" \/>\n\t<meta property=\"og:image:height\" content=\"2560\" \/>\n\t<meta property=\"og:image:type\" content=\"image\/jpeg\" \/>\n<meta name=\"author\" content=\"Malena Sousa\" \/>\n<meta name=\"twitter:card\" content=\"summary_large_image\" \/>\n<meta name=\"twitter:label1\" content=\"Escrito por\" \/>\n\t<meta name=\"twitter:data1\" content=\"\" \/>\n\t<meta name=\"twitter:label2\" content=\"Tiempo de lectura\" \/>\n\t<meta name=\"twitter:data2\" content=\"3 minutos\" \/>\n<script type=\"application\/ld+json\" class=\"yoast-schema-graph\">{\"@context\":\"https:\\\/\\\/schema.org\",\"@graph\":[{\"@type\":\"Article\",\"@id\":\"https:\\\/\\\/alinvest-verde.eu\\\/intercambio-de-experiencias-fortalece-las-habilidades-productivas-y-comerciales-de-los-agricultores-de-la-union\\\/#article\",\"isPartOf\":{\"@id\":\"https:\\\/\\\/alinvest-verde.eu\\\/intercambio-de-experiencias-fortalece-las-habilidades-productivas-y-comerciales-de-los-agricultores-de-la-union\\\/\"},\"author\":{\"name\":\"Malena Sousa\",\"@id\":\"https:\\\/\\\/alinvest-verde.eu\\\/#\\\/schema\\\/person\\\/f18f811fbc283c4879102f4ba5f9e9cc\"},\"headline\":\"Intercambio de experiencias fortalece las habilidades productivas y comerciales de los agricultores de La Uni\u00f3n\",\"datePublished\":\"2025-02-07T20:35:43+00:00\",\"dateModified\":\"2025-02-07T20:37:02+00:00\",\"mainEntityOfPage\":{\"@id\":\"https:\\\/\\\/alinvest-verde.eu\\\/intercambio-de-experiencias-fortalece-las-habilidades-productivas-y-comerciales-de-los-agricultores-de-la-union\\\/\"},\"wordCount\":469,\"publisher\":{\"@id\":\"https:\\\/\\\/alinvest-verde.eu\\\/#organization\"},\"image\":{\"@id\":\"https:\\\/\\\/alinvest-verde.eu\\\/intercambio-de-experiencias-fortalece-las-habilidades-productivas-y-comerciales-de-los-agricultores-de-la-union\\\/#primaryimage\"},\"thumbnailUrl\":\"https:\\\/\\\/alinvest-verde.eu\\\/wp-content\\\/uploads\\\/2024\\\/07\\\/Intercambio-23-scaled.jpeg\",\"articleSection\":[\"Component 1\"],\"inLanguage\":\"es\"},{\"@type\":\"WebPage\",\"@id\":\"https:\\\/\\\/alinvest-verde.eu\\\/intercambio-de-experiencias-fortalece-las-habilidades-productivas-y-comerciales-de-los-agricultores-de-la-union\\\/\",\"url\":\"https:\\\/\\\/alinvest-verde.eu\\\/intercambio-de-experiencias-fortalece-las-habilidades-productivas-y-comerciales-de-los-agricultores-de-la-union\\\/\",\"name\":\"Intercambio de experiencias fortalece las habilidades productivas y comerciales de los agricultores de La Uni\u00f3n - Programme AL-INVEST Verde\",\"isPartOf\":{\"@id\":\"https:\\\/\\\/alinvest-verde.eu\\\/#website\"},\"primaryImageOfPage\":{\"@id\":\"https:\\\/\\\/alinvest-verde.eu\\\/intercambio-de-experiencias-fortalece-las-habilidades-productivas-y-comerciales-de-los-agricultores-de-la-union\\\/#primaryimage\"},\"image\":{\"@id\":\"https:\\\/\\\/alinvest-verde.eu\\\/intercambio-de-experiencias-fortalece-las-habilidades-productivas-y-comerciales-de-los-agricultores-de-la-union\\\/#primaryimage\"},\"thumbnailUrl\":\"https:\\\/\\\/alinvest-verde.eu\\\/wp-content\\\/uploads\\\/2024\\\/07\\\/Intercambio-23-scaled.jpeg\",\"datePublished\":\"2025-02-07T20:35:43+00:00\",\"dateModified\":\"2025-02-07T20:37:02+00:00\",\"breadcrumb\":{\"@id\":\"https:\\\/\\\/alinvest-verde.eu\\\/intercambio-de-experiencias-fortalece-las-habilidades-productivas-y-comerciales-de-los-agricultores-de-la-union\\\/#breadcrumb\"},\"inLanguage\":\"es\",\"potentialAction\":[{\"@type\":\"ReadAction\",\"target\":[\"https:\\\/\\\/alinvest-verde.eu\\\/intercambio-de-experiencias-fortalece-las-habilidades-productivas-y-comerciales-de-los-agricultores-de-la-union\\\/\"]}]},{\"@type\":\"ImageObject\",\"inLanguage\":\"es\",\"@id\":\"https:\\\/\\\/alinvest-verde.eu\\\/intercambio-de-experiencias-fortalece-las-habilidades-productivas-y-comerciales-de-los-agricultores-de-la-union\\\/#primaryimage\",\"url\":\"https:\\\/\\\/alinvest-verde.eu\\\/wp-content\\\/uploads\\\/2024\\\/07\\\/Intercambio-23-scaled.jpeg\",\"contentUrl\":\"https:\\\/\\\/alinvest-verde.eu\\\/wp-content\\\/uploads\\\/2024\\\/07\\\/Intercambio-23-scaled.jpeg\",\"width\":1920,\"height\":2560},{\"@type\":\"BreadcrumbList\",\"@id\":\"https:\\\/\\\/alinvest-verde.eu\\\/intercambio-de-experiencias-fortalece-las-habilidades-productivas-y-comerciales-de-los-agricultores-de-la-union\\\/#breadcrumb\",\"itemListElement\":[{\"@type\":\"ListItem\",\"position\":1,\"name\":\"Inicio\",\"item\":\"https:\\\/\\\/alinvest-verde.eu\\\/\"},{\"@type\":\"ListItem\",\"position\":2,\"name\":\"Component 1\",\"item\":\"https:\\\/\\\/alinvest-verde.eu\\\/pt_pt_ao90\\\/category\\\/component-1\\\/\"},{\"@type\":\"ListItem\",\"position\":3,\"name\":\"Intercambio de experiencias fortalece las habilidades productivas y comerciales de los agricultores de La Uni\u00f3n\"}]},{\"@type\":\"WebSite\",\"@id\":\"https:\\\/\\\/alinvest-verde.eu\\\/#website\",\"url\":\"https:\\\/\\\/alinvest-verde.eu\\\/\",\"name\":\"Programme AL-INVEST Verde\",\"description\":\"Building alliances with the private sector in LA and promote sustainable growth and jobs creation by supporting the transition towards a low-carbon, resource-efficient economy\",\"publisher\":{\"@id\":\"https:\\\/\\\/alinvest-verde.eu\\\/#organization\"},\"potentialAction\":[{\"@type\":\"SearchAction\",\"target\":{\"@type\":\"EntryPoint\",\"urlTemplate\":\"https:\\\/\\\/alinvest-verde.eu\\\/?s={search_term_string}\"},\"query-input\":{\"@type\":\"PropertyValueSpecification\",\"valueRequired\":true,\"valueName\":\"search_term_string\"}}],\"inLanguage\":\"es\"},{\"@type\":\"Organization\",\"@id\":\"https:\\\/\\\/alinvest-verde.eu\\\/#organization\",\"name\":\"Programme AL-INVEST Verde\",\"url\":\"https:\\\/\\\/alinvest-verde.eu\\\/\",\"logo\":{\"@type\":\"ImageObject\",\"inLanguage\":\"es\",\"@id\":\"https:\\\/\\\/alinvest-verde.eu\\\/#\\\/schema\\\/logo\\\/image\\\/\",\"url\":\"https:\\\/\\\/alinvest-verde.eu\\\/wp-content\\\/uploads\\\/2022\\\/01\\\/cropped-logo-financiado-por-la-UE.jpg\",\"contentUrl\":\"https:\\\/\\\/alinvest-verde.eu\\\/wp-content\\\/uploads\\\/2022\\\/01\\\/cropped-logo-financiado-por-la-UE.jpg\",\"width\":756,\"height\":216,\"caption\":\"Programme AL-INVEST Verde\"},\"image\":{\"@id\":\"https:\\\/\\\/alinvest-verde.eu\\\/#\\\/schema\\\/logo\\\/image\\\/\"}},{\"@type\":\"Person\",\"@id\":\"https:\\\/\\\/alinvest-verde.eu\\\/#\\\/schema\\\/person\\\/f18f811fbc283c4879102f4ba5f9e9cc\",\"name\":\"Malena Sousa\",\"image\":{\"@type\":\"ImageObject\",\"inLanguage\":\"es\",\"@id\":\"https:\\\/\\\/secure.gravatar.com\\\/avatar\\\/74c4287a4f65459fc00b8d8be549ed384ace7d1edd2dab408eba902c46cbcab1?s=96&d=mm&r=g\",\"url\":\"https:\\\/\\\/secure.gravatar.com\\\/avatar\\\/74c4287a4f65459fc00b8d8be549ed384ace7d1edd2dab408eba902c46cbcab1?s=96&d=mm&r=g\",\"contentUrl\":\"https:\\\/\\\/secure.gravatar.com\\\/avatar\\\/74c4287a4f65459fc00b8d8be549ed384ace7d1edd2dab408eba902c46cbcab1?s=96&d=mm&r=g\",\"caption\":\"Malena Sousa\"},\"url\":\"https:\\\/\\\/alinvest-verde.eu\\\/es_es\\\/author\\\/malena-sousa\\\/\"}]}<\/script>\n<!-- \/ Yoast SEO plugin. -->","yoast_head_json":{"title":"Intercambio de experiencias fortalece las habilidades productivas y comerciales de los agricultores de La Uni\u00f3n - Programme AL-INVEST Verde","robots":{"index":"index","follow":"follow","max-snippet":"max-snippet:-1","max-image-preview":"max-image-preview:large","max-video-preview":"max-video-preview:-1"},"canonical":"https:\/\/alinvest-verde.eu\/es_es\/intercambio-de-experiencias-fortalece-las-habilidades-productivas-y-comerciales-de-los-agricultores-de-la-union\/","og_locale":"es_ES","og_type":"article","og_title":"Intercambio de experiencias fortalece las habilidades productivas y comerciales de los agricultores de La Uni\u00f3n - Programme AL-INVEST Verde","og_description":"La Uni\u00f3n, 29 de enero de 2025.- Con el firme prop\u00f3sito de impulsar el desarrollo agr\u00edcola y promover pr\u00e1cticas sostenibles, los productores de frutas y hortalizas del departamento de La Uni\u00f3n, beneficiarios del proyecto \u201cInnovaciones y Desarrollo para una Econom\u00eda Verde\u201d, participaron en un enriquecedor intercambio de experiencias con la cooperativa \u201cLa Canasta Campesina\u201d, ubicada [&hellip;]","og_url":"https:\/\/alinvest-verde.eu\/es_es\/intercambio-de-experiencias-fortalece-las-habilidades-productivas-y-comerciales-de-los-agricultores-de-la-union\/","og_site_name":"Programme AL-INVEST Verde","article_published_time":"2025-02-07T20:35:43+00:00","article_modified_time":"2025-02-07T20:37:02+00:00","og_image":[{"width":1920,"height":2560,"url":"https:\/\/alinvest-verde.eu\/wp-content\/uploads\/2024\/07\/Intercambio-23-scaled.jpeg","type":"image\/jpeg"}],"author":"Malena Sousa","twitter_card":"summary_large_image","twitter_misc":{"Escrito por":false,"Tiempo de lectura":"3 minutos"},"schema":{"@context":"https:\/\/schema.org","@graph":[{"@type":"Article","@id":"https:\/\/alinvest-verde.eu\/intercambio-de-experiencias-fortalece-las-habilidades-productivas-y-comerciales-de-los-agricultores-de-la-union\/#article","isPartOf":{"@id":"https:\/\/alinvest-verde.eu\/intercambio-de-experiencias-fortalece-las-habilidades-productivas-y-comerciales-de-los-agricultores-de-la-union\/"},"author":{"name":"Malena Sousa","@id":"https:\/\/alinvest-verde.eu\/#\/schema\/person\/f18f811fbc283c4879102f4ba5f9e9cc"},"headline":"Intercambio de experiencias fortalece las habilidades productivas y comerciales de los agricultores de La Uni\u00f3n","datePublished":"2025-02-07T20:35:43+00:00","dateModified":"2025-02-07T20:37:02+00:00","mainEntityOfPage":{"@id":"https:\/\/alinvest-verde.eu\/intercambio-de-experiencias-fortalece-las-habilidades-productivas-y-comerciales-de-los-agricultores-de-la-union\/"},"wordCount":469,"publisher":{"@id":"https:\/\/alinvest-verde.eu\/#organization"},"image":{"@id":"https:\/\/alinvest-verde.eu\/intercambio-de-experiencias-fortalece-las-habilidades-productivas-y-comerciales-de-los-agricultores-de-la-union\/#primaryimage"},"thumbnailUrl":"https:\/\/alinvest-verde.eu\/wp-content\/uploads\/2024\/07\/Intercambio-23-scaled.jpeg","articleSection":["Component 1"],"inLanguage":"es"},{"@type":"WebPage","@id":"https:\/\/alinvest-verde.eu\/intercambio-de-experiencias-fortalece-las-habilidades-productivas-y-comerciales-de-los-agricultores-de-la-union\/","url":"https:\/\/alinvest-verde.eu\/intercambio-de-experiencias-fortalece-las-habilidades-productivas-y-comerciales-de-los-agricultores-de-la-union\/","name":"Intercambio de experiencias fortalece las habilidades productivas y comerciales de los agricultores de La Uni\u00f3n - Programme AL-INVEST Verde","isPartOf":{"@id":"https:\/\/alinvest-verde.eu\/#website"},"primaryImageOfPage":{"@id":"https:\/\/alinvest-verde.eu\/intercambio-de-experiencias-fortalece-las-habilidades-productivas-y-comerciales-de-los-agricultores-de-la-union\/#primaryimage"},"image":{"@id":"https:\/\/alinvest-verde.eu\/intercambio-de-experiencias-fortalece-las-habilidades-productivas-y-comerciales-de-los-agricultores-de-la-union\/#primaryimage"},"thumbnailUrl":"https:\/\/alinvest-verde.eu\/wp-content\/uploads\/2024\/07\/Intercambio-23-scaled.jpeg","datePublished":"2025-02-07T20:35:43+00:00","dateModified":"2025-02-07T20:37:02+00:00","breadcrumb":{"@id":"https:\/\/alinvest-verde.eu\/intercambio-de-experiencias-fortalece-las-habilidades-productivas-y-comerciales-de-los-agricultores-de-la-union\/#breadcrumb"},"inLanguage":"es","potentialAction":[{"@type":"ReadAction","target":["https:\/\/alinvest-verde.eu\/intercambio-de-experiencias-fortalece-las-habilidades-productivas-y-comerciales-de-los-agricultores-de-la-union\/"]}]},{"@type":"ImageObject","inLanguage":"es","@id":"https:\/\/alinvest-verde.eu\/intercambio-de-experiencias-fortalece-las-habilidades-productivas-y-comerciales-de-los-agricultores-de-la-union\/#primaryimage","url":"https:\/\/alinvest-verde.eu\/wp-content\/uploads\/2024\/07\/Intercambio-23-scaled.jpeg","contentUrl":"https:\/\/alinvest-verde.eu\/wp-content\/uploads\/2024\/07\/Intercambio-23-scaled.jpeg","width":1920,"height":2560},{"@type":"BreadcrumbList","@id":"https:\/\/alinvest-verde.eu\/intercambio-de-experiencias-fortalece-las-habilidades-productivas-y-comerciales-de-los-agricultores-de-la-union\/#breadcrumb","itemListElement":[{"@type":"ListItem","position":1,"name":"Inicio","item":"https:\/\/alinvest-verde.eu\/"},{"@type":"ListItem","position":2,"name":"Component 1","item":"https:\/\/alinvest-verde.eu\/pt_pt_ao90\/category\/component-1\/"},{"@type":"ListItem","position":3,"name":"Intercambio de experiencias fortalece las habilidades productivas y comerciales de los agricultores de La Uni\u00f3n"}]},{"@type":"WebSite","@id":"https:\/\/alinvest-verde.eu\/#website","url":"https:\/\/alinvest-verde.eu\/","name":"Programme AL-INVEST Verde","description":"Building alliances with the private sector in LA and promote sustainable growth and jobs creation by supporting the transition towards a low-carbon, resource-efficient economy","publisher":{"@id":"https:\/\/alinvest-verde.eu\/#organization"},"potentialAction":[{"@type":"SearchAction","target":{"@type":"EntryPoint","urlTemplate":"https:\/\/alinvest-verde.eu\/?s={search_term_string}"},"query-input":{"@type":"PropertyValueSpecification","valueRequired":true,"valueName":"search_term_string"}}],"inLanguage":"es"},{"@type":"Organization","@id":"https:\/\/alinvest-verde.eu\/#organization","name":"Programme AL-INVEST Verde","url":"https:\/\/alinvest-verde.eu\/","logo":{"@type":"ImageObject","inLanguage":"es","@id":"https:\/\/alinvest-verde.eu\/#\/schema\/logo\/image\/","url":"https:\/\/alinvest-verde.eu\/wp-content\/uploads\/2022\/01\/cropped-logo-financiado-por-la-UE.jpg","contentUrl":"https:\/\/alinvest-verde.eu\/wp-content\/uploads\/2022\/01\/cropped-logo-financiado-por-la-UE.jpg","width":756,"height":216,"caption":"Programme AL-INVEST Verde"},"image":{"@id":"https:\/\/alinvest-verde.eu\/#\/schema\/logo\/image\/"}},{"@type":"Person","@id":"https:\/\/alinvest-verde.eu\/#\/schema\/person\/f18f811fbc283c4879102f4ba5f9e9cc","name":"Malena Sousa","image":{"@type":"ImageObject","inLanguage":"es","@id":"https:\/\/secure.gravatar.com\/avatar\/74c4287a4f65459fc00b8d8be549ed384ace7d1edd2dab408eba902c46cbcab1?s=96&d=mm&r=g","url":"https:\/\/secure.gravatar.com\/avatar\/74c4287a4f65459fc00b8d8be549ed384ace7d1edd2dab408eba902c46cbcab1?s=96&d=mm&r=g","contentUrl":"https:\/\/secure.gravatar.com\/avatar\/74c4287a4f65459fc00b8d8be549ed384ace7d1edd2dab408eba902c46cbcab1?s=96&d=mm&r=g","caption":"Malena Sousa"},"url":"https:\/\/alinvest-verde.eu\/es_es\/author\/malena-sousa\/"}]}},"_links":{"self":[{"href":"https:\/\/alinvest-verde.eu\/es_es\/wp-json\/wp\/v2\/posts\/16888","targetHints":{"allow":["GET"]}}],"collection":[{"href":"https:\/\/alinvest-verde.eu\/es_es\/wp-json\/wp\/v2\/posts"}],"about":[{"href":"https:\/\/alinvest-verde.eu\/es_es\/wp-json\/wp\/v2\/types\/post"}],"author":[{"embeddable":true,"href":"https:\/\/alinvest-verde.eu\/es_es\/wp-json\/wp\/v2\/users\/4"}],"replies":[{"embeddable":true,"href":"https:\/\/alinvest-verde.eu\/es_es\/wp-json\/wp\/v2\/comments?post=16888"}],"version-history":[{"count":1,"href":"https:\/\/alinvest-verde.eu\/es_es\/wp-json\/wp\/v2\/posts\/16888\/revisions"}],"predecessor-version":[{"id":16889,"href":"https:\/\/alinvest-verde.eu\/es_es\/wp-json\/wp\/v2\/posts\/16888\/revisions\/16889"}],"wp:featuredmedia":[{"embeddable":true,"href":"https:\/\/alinvest-verde.eu\/es_es\/wp-json\/wp\/v2\/media\/16887"}],"wp:attachment":[{"href":"https:\/\/alinvest-verde.eu\/es_es\/wp-json\/wp\/v2\/media?parent=16888"}],"wp:term":[{"taxonomy":"category","embeddable":true,"href":"https:\/\/alinvest-verde.eu\/es_es\/wp-json\/wp\/v2\/categories?post=16888"},{"taxonomy":"post_tag","embeddable":true,"href":"https:\/\/alinvest-verde.eu\/es_es\/wp-json\/wp\/v2\/tags?post=16888"}],"curies":[{"name":"wp","href":"https:\/\/api.w.org\/{rel}","templated":true}]}}