{"id":17029,"date":"2025-03-07T10:45:41","date_gmt":"2025-03-07T09:45:41","guid":{"rendered":"https:\/\/alinvest-verde.eu\/?p=17029"},"modified":"2025-03-10T20:33:00","modified_gmt":"2025-03-10T19:33:00","slug":"componente-1-trabajando-por-el-crecimiento-sostenible-de-las-mipymes-lideradas-por-mujeres","status":"publish","type":"post","link":"https:\/\/alinvest-verde.eu\/es_es\/componente-1-trabajando-por-el-crecimiento-sostenible-de-las-mipymes-lideradas-por-mujeres\/","title":{"rendered":"M\u00e1s de 25 mil mujeres han sido capacitadas en el marco del programa AL-INVEST Verde"},"content":{"rendered":"\n<p class=\"wp-block-paragraph\">El componente de apoyo al sector privado, Componente 1, viene trabajando en la implementaci\u00f3n de pr\u00e1cticas sostenibles a trav\u00e9s de la ejecuci\u00f3n de 66 proyectos en Am\u00e9rica Latina, logrando una transformaci\u00f3n tangible en los sectores agr\u00edcolas e industriales. A trav\u00e9s de estas iniciativa se viene impulsando tambi\u00e9n la equidad de g\u00e9nero, siendo un aspecto de especial relevancia la participaci\u00f3n activa de mujeres y j\u00f3venes.<\/p>\n\n\n\n<p class=\"wp-block-paragraph\">La sostenibilidad no solo es un compromiso ambiental, sino tambi\u00e9n social y econ\u00f3mico. Es as\u00ed que la inclusi\u00f3n de las mujeres no solo aporta talento y creatividad, sino tambi\u00e9n impulsa nuevas formas de hacer negocios, innovado en los procesos productivos y generando redes de impacto en sus comunidades.&nbsp;<\/p>\n\n\n\n<p class=\"wp-block-paragraph\">Gracias al esfuerzo y liderazgo de las mujeres, las mipymes han demostrado ser agentes clave en la transici\u00f3n hacia un futuro m\u00e1s verde y digital. El programa AL-INVEST Verde ha sido fundamental para promover pr\u00e1cticas sostenibles y el empoderamiento econ\u00f3mico de las mujeres a trav\u00e9s de sus proyectos.<\/p>\n\n\n\n<p class=\"wp-block-paragraph\">En el marco del Programa, se han capacitado a m\u00e1s de 25 mil mujeres, mejorando sus habilidades y competencias para liderar el cambio hacia una econom\u00eda m\u00e1s verde y digital.<\/p>\n\n\n\n<p class=\"wp-block-paragraph\">A la fecha, m\u00e1s de 1 700 mipymes lideradas por mujeres han adoptado pr\u00e1cticas agr\u00edcolas sostenibles que no solo favorecen al medio ambiente, sino que tambi\u00e9n mejoran la eficiencia en sus procesos productivos. Estas pr\u00e1cticas reflejan el compromiso de las mujeres empresarias con las transici\u00f3n hacia una agricultura m\u00e1s responsable y respetuosa con las recursos naturales.<\/p>\n\n\n\n<p class=\"wp-block-paragraph\">El incremento del volumen de negocio es uno de los objetivos del Programa. Un total de 3 903 mujeres han participado en encuentros de negocios, lo que ha resultado en un significativo impacto para 837 mipymes. Estos encuentros han permitido a las empresarias expandir su alcance y acceder a nuevas oportunidades, fortaleciendo as\u00ed sus capacidades comerciales.<\/p>\n\n\n\n<p class=\"wp-block-paragraph\">Estos resultados no solo significan mayores ingresos y m\u00e1s empleos verdes y digitales, sino que tambi\u00e9n demuestran un fuerte compromiso con la sostenibilidad y la eliminaci\u00f3n de la deforestaci\u00f3n, contribuyendo a un futuro m\u00e1s verde y sostenible para todos.<\/p>\n\n\n\n<figure class=\"wp-block-image size-large\"><img fetchpriority=\"high\" decoding=\"async\" width=\"1024\" height=\"1024\" src=\"https:\/\/alinvest-verde.eu\/wp-content\/uploads\/2025\/03\/2-1-1024x1024.jpg\" alt=\"\" class=\"wp-image-17068\" srcset=\"https:\/\/alinvest-verde.eu\/wp-content\/uploads\/2025\/03\/2-1-1024x1024.jpg 1024w, https:\/\/alinvest-verde.eu\/wp-content\/uploads\/2025\/03\/2-1-300x300.jpg 300w, https:\/\/alinvest-verde.eu\/wp-content\/uploads\/2025\/03\/2-1-150x150.jpg 150w, https:\/\/alinvest-verde.eu\/wp-content\/uploads\/2025\/03\/2-1-768x769.jpg 768w, https:\/\/alinvest-verde.eu\/wp-content\/uploads\/2025\/03\/2-1-500x500.jpg 500w, https:\/\/alinvest-verde.eu\/wp-content\/uploads\/2025\/03\/2-1-12x12.jpg 12w, https:\/\/alinvest-verde.eu\/wp-content\/uploads\/2025\/03\/2-1.jpg 1077w\" sizes=\"(max-width: 1024px) 100vw, 1024px\" \/><\/figure>\n\n\n\n<p class=\"wp-block-paragraph\"><strong>Las mujeres son un eje clave para la promoci\u00f3n de las mipymes de la regi\u00f3n<\/strong><\/p>\n\n\n\n<figure class=\"wp-block-embed is-type-video is-provider-youtube wp-block-embed-youtube wp-embed-aspect-4-3 wp-has-aspect-ratio\"><div class=\"wp-block-embed__wrapper\">\n<iframe title=\"El componente de apoyo al sector privado impulsa a las mujeres que lideran empresas\" width=\"800\" height=\"600\" src=\"https:\/\/www.youtube.com\/embed\/HPh64DXXO7s?feature=oembed\" frameborder=\"0\" allow=\"accelerometer; autoplay; clipboard-write; encrypted-media; gyroscope; picture-in-picture; web-share\" referrerpolicy=\"strict-origin-when-cross-origin\" allowfullscreen><\/iframe>\n<\/div><\/figure>\n","protected":false},"excerpt":{"rendered":"<p>El componente de apoyo al sector privado, Componente 1, viene trabajando en la implementaci\u00f3n de pr\u00e1cticas sostenibles a trav\u00e9s de la ejecuci\u00f3n de 66 proyectos en Am\u00e9rica Latina, logrando una transformaci\u00f3n tangible en los sectores agr\u00edcolas e industriales. A trav\u00e9s de estas iniciativa se viene impulsando tambi\u00e9n la equidad de g\u00e9nero, siendo un aspecto de [&hellip;]<\/p>\n","protected":false},"author":4,"featured_media":17033,"comment_status":"closed","ping_status":"closed","sticky":false,"template":"","format":"standard","meta":{"footnotes":""},"categories":[24],"tags":[154,194],"class_list":["post-17029","post","type-post","status-publish","format-standard","has-post-thumbnail","hentry","category-actualidad","tag-componente-1","tag-mujeres"],"yoast_head":"<!-- This site is optimized with the Yoast SEO plugin v28.4 - https:\/\/yoast.com\/product\/yoast-seo-wordpress\/ -->\n<title>M\u00e1s de 25 mil mujeres han sido capacitadas en el marco del programa AL-INVEST Verde - Programme AL-INVEST Verde<\/title>\n<meta name=\"robots\" content=\"index, follow, max-snippet:-1, max-image-preview:large, max-video-preview:-1\" \/>\n<link rel=\"canonical\" href=\"https:\/\/alinvest-verde.eu\/es_es\/componente-1-trabajando-por-el-crecimiento-sostenible-de-las-mipymes-lideradas-por-mujeres\/\" \/>\n<meta property=\"og:locale\" content=\"es_ES\" \/>\n<meta property=\"og:type\" content=\"article\" \/>\n<meta property=\"og:title\" content=\"M\u00e1s de 25 mil mujeres han sido capacitadas en el marco del programa AL-INVEST Verde - Programme AL-INVEST Verde\" \/>\n<meta property=\"og:description\" content=\"El componente de apoyo al sector privado, Componente 1, viene trabajando en la implementaci\u00f3n de pr\u00e1cticas sostenibles a trav\u00e9s de la ejecuci\u00f3n de 66 proyectos en Am\u00e9rica Latina, logrando una transformaci\u00f3n tangible en los sectores agr\u00edcolas e industriales. A trav\u00e9s de estas iniciativa se viene impulsando tambi\u00e9n la equidad de g\u00e9nero, siendo un aspecto de [&hellip;]\" \/>\n<meta property=\"og:url\" content=\"https:\/\/alinvest-verde.eu\/es_es\/componente-1-trabajando-por-el-crecimiento-sostenible-de-las-mipymes-lideradas-por-mujeres\/\" \/>\n<meta property=\"og:site_name\" content=\"Programme AL-INVEST Verde\" \/>\n<meta property=\"article:published_time\" content=\"2025-03-07T09:45:41+00:00\" \/>\n<meta property=\"article:modified_time\" content=\"2025-03-10T19:33:00+00:00\" \/>\n<meta property=\"og:image\" content=\"https:\/\/alinvest-verde.eu\/wp-content\/uploads\/2025\/03\/Maria-Eugenia-Cignoli-e1741375282238.jpeg\" \/>\n\t<meta property=\"og:image:width\" content=\"644\" \/>\n\t<meta property=\"og:image:height\" content=\"366\" \/>\n\t<meta property=\"og:image:type\" content=\"image\/jpeg\" \/>\n<meta name=\"author\" content=\"Malena Sousa\" \/>\n<meta name=\"twitter:card\" content=\"summary_large_image\" \/>\n<meta name=\"twitter:label1\" content=\"Escrito por\" \/>\n\t<meta name=\"twitter:data1\" content=\"\" \/>\n\t<meta name=\"twitter:label2\" content=\"Tiempo de lectura\" \/>\n\t<meta name=\"twitter:data2\" content=\"3 minutos\" \/>\n<script type=\"application\/ld+json\" class=\"yoast-schema-graph\">{\"@context\":\"https:\\\/\\\/schema.org\",\"@graph\":[{\"@type\":\"Article\",\"@id\":\"https:\\\/\\\/alinvest-verde.eu\\\/componente-1-trabajando-por-el-crecimiento-sostenible-de-las-mipymes-lideradas-por-mujeres\\\/#article\",\"isPartOf\":{\"@id\":\"https:\\\/\\\/alinvest-verde.eu\\\/componente-1-trabajando-por-el-crecimiento-sostenible-de-las-mipymes-lideradas-por-mujeres\\\/\"},\"author\":{\"name\":\"Malena Sousa\",\"@id\":\"https:\\\/\\\/alinvest-verde.eu\\\/#\\\/schema\\\/person\\\/f18f811fbc283c4879102f4ba5f9e9cc\"},\"headline\":\"M\u00e1s de 25 mil mujeres han sido capacitadas en el marco del programa AL-INVEST Verde\",\"datePublished\":\"2025-03-07T09:45:41+00:00\",\"dateModified\":\"2025-03-10T19:33:00+00:00\",\"mainEntityOfPage\":{\"@id\":\"https:\\\/\\\/alinvest-verde.eu\\\/componente-1-trabajando-por-el-crecimiento-sostenible-de-las-mipymes-lideradas-por-mujeres\\\/\"},\"wordCount\":408,\"publisher\":{\"@id\":\"https:\\\/\\\/alinvest-verde.eu\\\/#organization\"},\"image\":{\"@id\":\"https:\\\/\\\/alinvest-verde.eu\\\/componente-1-trabajando-por-el-crecimiento-sostenible-de-las-mipymes-lideradas-por-mujeres\\\/#primaryimage\"},\"thumbnailUrl\":\"https:\\\/\\\/alinvest-verde.eu\\\/wp-content\\\/uploads\\\/2025\\\/03\\\/Maria-Eugenia-Cignoli-e1741375282238.jpeg\",\"keywords\":[\"Componente 1\",\"Mujeres\"],\"articleSection\":[\"Actualidad\"],\"inLanguage\":\"es\"},{\"@type\":\"WebPage\",\"@id\":\"https:\\\/\\\/alinvest-verde.eu\\\/componente-1-trabajando-por-el-crecimiento-sostenible-de-las-mipymes-lideradas-por-mujeres\\\/\",\"url\":\"https:\\\/\\\/alinvest-verde.eu\\\/componente-1-trabajando-por-el-crecimiento-sostenible-de-las-mipymes-lideradas-por-mujeres\\\/\",\"name\":\"M\u00e1s de 25 mil mujeres han sido capacitadas en el marco del programa AL-INVEST Verde - Programme AL-INVEST Verde\",\"isPartOf\":{\"@id\":\"https:\\\/\\\/alinvest-verde.eu\\\/#website\"},\"primaryImageOfPage\":{\"@id\":\"https:\\\/\\\/alinvest-verde.eu\\\/componente-1-trabajando-por-el-crecimiento-sostenible-de-las-mipymes-lideradas-por-mujeres\\\/#primaryimage\"},\"image\":{\"@id\":\"https:\\\/\\\/alinvest-verde.eu\\\/componente-1-trabajando-por-el-crecimiento-sostenible-de-las-mipymes-lideradas-por-mujeres\\\/#primaryimage\"},\"thumbnailUrl\":\"https:\\\/\\\/alinvest-verde.eu\\\/wp-content\\\/uploads\\\/2025\\\/03\\\/Maria-Eugenia-Cignoli-e1741375282238.jpeg\",\"datePublished\":\"2025-03-07T09:45:41+00:00\",\"dateModified\":\"2025-03-10T19:33:00+00:00\",\"breadcrumb\":{\"@id\":\"https:\\\/\\\/alinvest-verde.eu\\\/componente-1-trabajando-por-el-crecimiento-sostenible-de-las-mipymes-lideradas-por-mujeres\\\/#breadcrumb\"},\"inLanguage\":\"es\",\"potentialAction\":[{\"@type\":\"ReadAction\",\"target\":[\"https:\\\/\\\/alinvest-verde.eu\\\/componente-1-trabajando-por-el-crecimiento-sostenible-de-las-mipymes-lideradas-por-mujeres\\\/\"]}]},{\"@type\":\"ImageObject\",\"inLanguage\":\"es\",\"@id\":\"https:\\\/\\\/alinvest-verde.eu\\\/componente-1-trabajando-por-el-crecimiento-sostenible-de-las-mipymes-lideradas-por-mujeres\\\/#primaryimage\",\"url\":\"https:\\\/\\\/alinvest-verde.eu\\\/wp-content\\\/uploads\\\/2025\\\/03\\\/Maria-Eugenia-Cignoli-e1741375282238.jpeg\",\"contentUrl\":\"https:\\\/\\\/alinvest-verde.eu\\\/wp-content\\\/uploads\\\/2025\\\/03\\\/Maria-Eugenia-Cignoli-e1741375282238.jpeg\",\"width\":644,\"height\":366},{\"@type\":\"BreadcrumbList\",\"@id\":\"https:\\\/\\\/alinvest-verde.eu\\\/componente-1-trabajando-por-el-crecimiento-sostenible-de-las-mipymes-lideradas-por-mujeres\\\/#breadcrumb\",\"itemListElement\":[{\"@type\":\"ListItem\",\"position\":1,\"name\":\"Inicio\",\"item\":\"https:\\\/\\\/alinvest-verde.eu\\\/\"},{\"@type\":\"ListItem\",\"position\":2,\"name\":\"Actualidad\",\"item\":\"https:\\\/\\\/alinvest-verde.eu\\\/category\\\/actualidad\\\/\"},{\"@type\":\"ListItem\",\"position\":3,\"name\":\"M\u00e1s de 25 mil mujeres han sido capacitadas en el marco del programa AL-INVEST Verde\"}]},{\"@type\":\"WebSite\",\"@id\":\"https:\\\/\\\/alinvest-verde.eu\\\/#website\",\"url\":\"https:\\\/\\\/alinvest-verde.eu\\\/\",\"name\":\"Programme AL-INVEST Verde\",\"description\":\"Building alliances with the private sector in LA and promote sustainable growth and jobs creation by supporting the transition towards a low-carbon, resource-efficient economy\",\"publisher\":{\"@id\":\"https:\\\/\\\/alinvest-verde.eu\\\/#organization\"},\"potentialAction\":[{\"@type\":\"SearchAction\",\"target\":{\"@type\":\"EntryPoint\",\"urlTemplate\":\"https:\\\/\\\/alinvest-verde.eu\\\/?s={search_term_string}\"},\"query-input\":{\"@type\":\"PropertyValueSpecification\",\"valueRequired\":true,\"valueName\":\"search_term_string\"}}],\"inLanguage\":\"es\"},{\"@type\":\"Organization\",\"@id\":\"https:\\\/\\\/alinvest-verde.eu\\\/#organization\",\"name\":\"Programme AL-INVEST Verde\",\"url\":\"https:\\\/\\\/alinvest-verde.eu\\\/\",\"logo\":{\"@type\":\"ImageObject\",\"inLanguage\":\"es\",\"@id\":\"https:\\\/\\\/alinvest-verde.eu\\\/#\\\/schema\\\/logo\\\/image\\\/\",\"url\":\"https:\\\/\\\/alinvest-verde.eu\\\/wp-content\\\/uploads\\\/2022\\\/01\\\/cropped-logo-financiado-por-la-UE.jpg\",\"contentUrl\":\"https:\\\/\\\/alinvest-verde.eu\\\/wp-content\\\/uploads\\\/2022\\\/01\\\/cropped-logo-financiado-por-la-UE.jpg\",\"width\":756,\"height\":216,\"caption\":\"Programme AL-INVEST Verde\"},\"image\":{\"@id\":\"https:\\\/\\\/alinvest-verde.eu\\\/#\\\/schema\\\/logo\\\/image\\\/\"}},{\"@type\":\"Person\",\"@id\":\"https:\\\/\\\/alinvest-verde.eu\\\/#\\\/schema\\\/person\\\/f18f811fbc283c4879102f4ba5f9e9cc\",\"name\":\"Malena Sousa\",\"image\":{\"@type\":\"ImageObject\",\"inLanguage\":\"es\",\"@id\":\"https:\\\/\\\/secure.gravatar.com\\\/avatar\\\/74c4287a4f65459fc00b8d8be549ed384ace7d1edd2dab408eba902c46cbcab1?s=96&d=mm&r=g\",\"url\":\"https:\\\/\\\/secure.gravatar.com\\\/avatar\\\/74c4287a4f65459fc00b8d8be549ed384ace7d1edd2dab408eba902c46cbcab1?s=96&d=mm&r=g\",\"contentUrl\":\"https:\\\/\\\/secure.gravatar.com\\\/avatar\\\/74c4287a4f65459fc00b8d8be549ed384ace7d1edd2dab408eba902c46cbcab1?s=96&d=mm&r=g\",\"caption\":\"Malena Sousa\"},\"url\":\"https:\\\/\\\/alinvest-verde.eu\\\/es_es\\\/author\\\/malena-sousa\\\/\"}]}<\/script>\n<!-- \/ Yoast SEO plugin. -->","yoast_head_json":{"title":"M\u00e1s de 25 mil mujeres han sido capacitadas en el marco del programa AL-INVEST Verde - Programme AL-INVEST Verde","robots":{"index":"index","follow":"follow","max-snippet":"max-snippet:-1","max-image-preview":"max-image-preview:large","max-video-preview":"max-video-preview:-1"},"canonical":"https:\/\/alinvest-verde.eu\/es_es\/componente-1-trabajando-por-el-crecimiento-sostenible-de-las-mipymes-lideradas-por-mujeres\/","og_locale":"es_ES","og_type":"article","og_title":"M\u00e1s de 25 mil mujeres han sido capacitadas en el marco del programa AL-INVEST Verde - Programme AL-INVEST Verde","og_description":"El componente de apoyo al sector privado, Componente 1, viene trabajando en la implementaci\u00f3n de pr\u00e1cticas sostenibles a trav\u00e9s de la ejecuci\u00f3n de 66 proyectos en Am\u00e9rica Latina, logrando una transformaci\u00f3n tangible en los sectores agr\u00edcolas e industriales. A trav\u00e9s de estas iniciativa se viene impulsando tambi\u00e9n la equidad de g\u00e9nero, siendo un aspecto de [&hellip;]","og_url":"https:\/\/alinvest-verde.eu\/es_es\/componente-1-trabajando-por-el-crecimiento-sostenible-de-las-mipymes-lideradas-por-mujeres\/","og_site_name":"Programme AL-INVEST Verde","article_published_time":"2025-03-07T09:45:41+00:00","article_modified_time":"2025-03-10T19:33:00+00:00","og_image":[{"width":644,"height":366,"url":"https:\/\/alinvest-verde.eu\/wp-content\/uploads\/2025\/03\/Maria-Eugenia-Cignoli-e1741375282238.jpeg","type":"image\/jpeg"}],"author":"Malena Sousa","twitter_card":"summary_large_image","twitter_misc":{"Escrito por":false,"Tiempo de lectura":"3 minutos"},"schema":{"@context":"https:\/\/schema.org","@graph":[{"@type":"Article","@id":"https:\/\/alinvest-verde.eu\/componente-1-trabajando-por-el-crecimiento-sostenible-de-las-mipymes-lideradas-por-mujeres\/#article","isPartOf":{"@id":"https:\/\/alinvest-verde.eu\/componente-1-trabajando-por-el-crecimiento-sostenible-de-las-mipymes-lideradas-por-mujeres\/"},"author":{"name":"Malena Sousa","@id":"https:\/\/alinvest-verde.eu\/#\/schema\/person\/f18f811fbc283c4879102f4ba5f9e9cc"},"headline":"M\u00e1s de 25 mil mujeres han sido capacitadas en el marco del programa AL-INVEST Verde","datePublished":"2025-03-07T09:45:41+00:00","dateModified":"2025-03-10T19:33:00+00:00","mainEntityOfPage":{"@id":"https:\/\/alinvest-verde.eu\/componente-1-trabajando-por-el-crecimiento-sostenible-de-las-mipymes-lideradas-por-mujeres\/"},"wordCount":408,"publisher":{"@id":"https:\/\/alinvest-verde.eu\/#organization"},"image":{"@id":"https:\/\/alinvest-verde.eu\/componente-1-trabajando-por-el-crecimiento-sostenible-de-las-mipymes-lideradas-por-mujeres\/#primaryimage"},"thumbnailUrl":"https:\/\/alinvest-verde.eu\/wp-content\/uploads\/2025\/03\/Maria-Eugenia-Cignoli-e1741375282238.jpeg","keywords":["Componente 1","Mujeres"],"articleSection":["Actualidad"],"inLanguage":"es"},{"@type":"WebPage","@id":"https:\/\/alinvest-verde.eu\/componente-1-trabajando-por-el-crecimiento-sostenible-de-las-mipymes-lideradas-por-mujeres\/","url":"https:\/\/alinvest-verde.eu\/componente-1-trabajando-por-el-crecimiento-sostenible-de-las-mipymes-lideradas-por-mujeres\/","name":"M\u00e1s de 25 mil mujeres han sido capacitadas en el marco del programa AL-INVEST Verde - Programme AL-INVEST Verde","isPartOf":{"@id":"https:\/\/alinvest-verde.eu\/#website"},"primaryImageOfPage":{"@id":"https:\/\/alinvest-verde.eu\/componente-1-trabajando-por-el-crecimiento-sostenible-de-las-mipymes-lideradas-por-mujeres\/#primaryimage"},"image":{"@id":"https:\/\/alinvest-verde.eu\/componente-1-trabajando-por-el-crecimiento-sostenible-de-las-mipymes-lideradas-por-mujeres\/#primaryimage"},"thumbnailUrl":"https:\/\/alinvest-verde.eu\/wp-content\/uploads\/2025\/03\/Maria-Eugenia-Cignoli-e1741375282238.jpeg","datePublished":"2025-03-07T09:45:41+00:00","dateModified":"2025-03-10T19:33:00+00:00","breadcrumb":{"@id":"https:\/\/alinvest-verde.eu\/componente-1-trabajando-por-el-crecimiento-sostenible-de-las-mipymes-lideradas-por-mujeres\/#breadcrumb"},"inLanguage":"es","potentialAction":[{"@type":"ReadAction","target":["https:\/\/alinvest-verde.eu\/componente-1-trabajando-por-el-crecimiento-sostenible-de-las-mipymes-lideradas-por-mujeres\/"]}]},{"@type":"ImageObject","inLanguage":"es","@id":"https:\/\/alinvest-verde.eu\/componente-1-trabajando-por-el-crecimiento-sostenible-de-las-mipymes-lideradas-por-mujeres\/#primaryimage","url":"https:\/\/alinvest-verde.eu\/wp-content\/uploads\/2025\/03\/Maria-Eugenia-Cignoli-e1741375282238.jpeg","contentUrl":"https:\/\/alinvest-verde.eu\/wp-content\/uploads\/2025\/03\/Maria-Eugenia-Cignoli-e1741375282238.jpeg","width":644,"height":366},{"@type":"BreadcrumbList","@id":"https:\/\/alinvest-verde.eu\/componente-1-trabajando-por-el-crecimiento-sostenible-de-las-mipymes-lideradas-por-mujeres\/#breadcrumb","itemListElement":[{"@type":"ListItem","position":1,"name":"Inicio","item":"https:\/\/alinvest-verde.eu\/"},{"@type":"ListItem","position":2,"name":"Actualidad","item":"https:\/\/alinvest-verde.eu\/category\/actualidad\/"},{"@type":"ListItem","position":3,"name":"M\u00e1s de 25 mil mujeres han sido capacitadas en el marco del programa AL-INVEST Verde"}]},{"@type":"WebSite","@id":"https:\/\/alinvest-verde.eu\/#website","url":"https:\/\/alinvest-verde.eu\/","name":"Programme AL-INVEST Verde","description":"Building alliances with the private sector in LA and promote sustainable growth and jobs creation by supporting the transition towards a low-carbon, resource-efficient economy","publisher":{"@id":"https:\/\/alinvest-verde.eu\/#organization"},"potentialAction":[{"@type":"SearchAction","target":{"@type":"EntryPoint","urlTemplate":"https:\/\/alinvest-verde.eu\/?s={search_term_string}"},"query-input":{"@type":"PropertyValueSpecification","valueRequired":true,"valueName":"search_term_string"}}],"inLanguage":"es"},{"@type":"Organization","@id":"https:\/\/alinvest-verde.eu\/#organization","name":"Programme AL-INVEST Verde","url":"https:\/\/alinvest-verde.eu\/","logo":{"@type":"ImageObject","inLanguage":"es","@id":"https:\/\/alinvest-verde.eu\/#\/schema\/logo\/image\/","url":"https:\/\/alinvest-verde.eu\/wp-content\/uploads\/2022\/01\/cropped-logo-financiado-por-la-UE.jpg","contentUrl":"https:\/\/alinvest-verde.eu\/wp-content\/uploads\/2022\/01\/cropped-logo-financiado-por-la-UE.jpg","width":756,"height":216,"caption":"Programme AL-INVEST Verde"},"image":{"@id":"https:\/\/alinvest-verde.eu\/#\/schema\/logo\/image\/"}},{"@type":"Person","@id":"https:\/\/alinvest-verde.eu\/#\/schema\/person\/f18f811fbc283c4879102f4ba5f9e9cc","name":"Malena Sousa","image":{"@type":"ImageObject","inLanguage":"es","@id":"https:\/\/secure.gravatar.com\/avatar\/74c4287a4f65459fc00b8d8be549ed384ace7d1edd2dab408eba902c46cbcab1?s=96&d=mm&r=g","url":"https:\/\/secure.gravatar.com\/avatar\/74c4287a4f65459fc00b8d8be549ed384ace7d1edd2dab408eba902c46cbcab1?s=96&d=mm&r=g","contentUrl":"https:\/\/secure.gravatar.com\/avatar\/74c4287a4f65459fc00b8d8be549ed384ace7d1edd2dab408eba902c46cbcab1?s=96&d=mm&r=g","caption":"Malena Sousa"},"url":"https:\/\/alinvest-verde.eu\/es_es\/author\/malena-sousa\/"}]}},"_links":{"self":[{"href":"https:\/\/alinvest-verde.eu\/es_es\/wp-json\/wp\/v2\/posts\/17029","targetHints":{"allow":["GET"]}}],"collection":[{"href":"https:\/\/alinvest-verde.eu\/es_es\/wp-json\/wp\/v2\/posts"}],"about":[{"href":"https:\/\/alinvest-verde.eu\/es_es\/wp-json\/wp\/v2\/types\/post"}],"author":[{"embeddable":true,"href":"https:\/\/alinvest-verde.eu\/es_es\/wp-json\/wp\/v2\/users\/4"}],"replies":[{"embeddable":true,"href":"https:\/\/alinvest-verde.eu\/es_es\/wp-json\/wp\/v2\/comments?post=17029"}],"version-history":[{"count":8,"href":"https:\/\/alinvest-verde.eu\/es_es\/wp-json\/wp\/v2\/posts\/17029\/revisions"}],"predecessor-version":[{"id":17069,"href":"https:\/\/alinvest-verde.eu\/es_es\/wp-json\/wp\/v2\/posts\/17029\/revisions\/17069"}],"wp:featuredmedia":[{"embeddable":true,"href":"https:\/\/alinvest-verde.eu\/es_es\/wp-json\/wp\/v2\/media\/17033"}],"wp:attachment":[{"href":"https:\/\/alinvest-verde.eu\/es_es\/wp-json\/wp\/v2\/media?parent=17029"}],"wp:term":[{"taxonomy":"category","embeddable":true,"href":"https:\/\/alinvest-verde.eu\/es_es\/wp-json\/wp\/v2\/categories?post=17029"},{"taxonomy":"post_tag","embeddable":true,"href":"https:\/\/alinvest-verde.eu\/es_es\/wp-json\/wp\/v2\/tags?post=17029"}],"curies":[{"name":"wp","href":"https:\/\/api.w.org\/{rel}","templated":true}]}}