{"id":19024,"date":"2025-09-20T01:07:32","date_gmt":"2025-09-19T23:07:32","guid":{"rendered":"https:\/\/alinvest-verde.eu\/?p=19024"},"modified":"2025-09-20T01:24:52","modified_gmt":"2025-09-19T23:24:52","slug":"speakers-invitados","status":"publish","type":"post","link":"https:\/\/alinvest-verde.eu\/es_es\/speakers-invitados\/","title":{"rendered":"Speakers Invitados"},"content":{"rendered":"\n<p class=\"wp-block-paragraph\"><strong>Diana Espinosa<\/strong><\/p>\n\n\n\n<p class=\"wp-block-paragraph\"><strong>Representante Adjunta, ONU Mujeres <\/strong><\/p>\n\n\n\n<figure class=\"wp-block-image alignright size-full\"><img fetchpriority=\"high\" decoding=\"async\" width=\"300\" height=\"300\" src=\"https:\/\/alinvest-verde.eu\/wp-content\/uploads\/2025\/09\/images_Congreso_2020_Conferencistas_Diana__Espinosa-1.webp\" alt=\"\" class=\"wp-image-19026\" srcset=\"https:\/\/alinvest-verde.eu\/wp-content\/uploads\/2025\/09\/images_Congreso_2020_Conferencistas_Diana__Espinosa-1.webp 300w, https:\/\/alinvest-verde.eu\/wp-content\/uploads\/2025\/09\/images_Congreso_2020_Conferencistas_Diana__Espinosa-1-150x150.webp 150w, https:\/\/alinvest-verde.eu\/wp-content\/uploads\/2025\/09\/images_Congreso_2020_Conferencistas_Diana__Espinosa-1-12x12.webp 12w\" sizes=\"(max-width: 300px) 100vw, 300px\" \/><\/figure>\n\n\n\n<p class=\"wp-block-paragraph\">Soci\u00f3loga de la Universidad Nacional de Colombia, Mag\u00edster en Ciencia Pol\u00edtica de la Universidad de los Andes, Especialista en Alta Direcci\u00f3n del Estado de la Escuela Superior de Administraci\u00f3n P\u00fablica.<\/p>\n\n\n\n<p class=\"wp-block-paragraph\">Desde hace m\u00e1s de una d\u00e9cada trabaja en el Sistema de Naciones Unidas en Colombia. Actualmente, como Oficial Nacional de Programas de ONU Mujeres en Colombia, con especial experiencia en cooperaci\u00f3n internacional para asuntos de democracia, gesti\u00f3n p\u00fablica y el rol del sector privado para el desarrollo sostenible.<\/p>\n\n\n\n<p class=\"wp-block-paragraph\"><\/p>\n\n\n\n<p class=\"wp-block-paragraph\"><\/p>\n\n\n\n<p class=\"wp-block-paragraph\"><\/p>\n\n\n\n<p class=\"wp-block-paragraph\"><\/p>\n\n\n\n<p class=\"wp-block-paragraph\"><\/p>\n\n\n\n<p class=\"wp-block-paragraph\"><strong>Carolina Gonzales Mueller <\/strong><\/p>\n\n\n\n<p class=\"wp-block-paragraph\"><strong>Representante, ONUDI <\/strong><\/p>\n\n\n\n<figure class=\"wp-block-image alignright size-large is-resized\"><img decoding=\"async\" width=\"775\" height=\"1024\" src=\"https:\/\/alinvest-verde.eu\/wp-content\/uploads\/2025\/09\/CG_photo-775x1024.jpg\" alt=\"\" class=\"wp-image-19031\" style=\"width:300px;height:auto\" srcset=\"https:\/\/alinvest-verde.eu\/wp-content\/uploads\/2025\/09\/CG_photo-775x1024.jpg 775w, https:\/\/alinvest-verde.eu\/wp-content\/uploads\/2025\/09\/CG_photo-227x300.jpg 227w, https:\/\/alinvest-verde.eu\/wp-content\/uploads\/2025\/09\/CG_photo-768x1015.jpg 768w, https:\/\/alinvest-verde.eu\/wp-content\/uploads\/2025\/09\/CG_photo-1162x1536.jpg 1162w, https:\/\/alinvest-verde.eu\/wp-content\/uploads\/2025\/09\/CG_photo-1550x2048.jpg 1550w, https:\/\/alinvest-verde.eu\/wp-content\/uploads\/2025\/09\/CG_photo-9x12.jpg 9w, https:\/\/alinvest-verde.eu\/wp-content\/uploads\/2025\/09\/CG_photo-scaled.jpg 1937w\" sizes=\"(max-width: 775px) 100vw, 775px\" \/><\/figure>\n\n\n\n<p class=\"wp-block-paragraph\">Carolina Gonz\u00e1lez M\u00fcller es la Representante de la Organizaci\u00f3n de las Naciones Unidas para el Desarrollo Industrial (ONUDI) para Colombia y la Regi\u00f3n Andina. Con m\u00e1s de una d\u00e9cada de experiencia en la ONUDI, ha trabajado en el dise\u00f1o, implementaci\u00f3n y seguimiento de proyectos relacionados con econom\u00eda circular, eficiencia de recursos y producci\u00f3n m\u00e1s limpia en el sector industrial. Antes de asumir su actual cargo, se desempe\u00f1\u00f3 como Oficial de Desarrollo Industrial en el Departamento de Medio Ambiente de la organizaci\u00f3n. <\/p>\n\n\n\n<p class=\"wp-block-paragraph\"><\/p>\n","protected":false},"excerpt":{"rendered":"<p>Diana Espinosa Representante Adjunta, ONU Mujeres Soci\u00f3loga de la Universidad Nacional de Colombia, Mag\u00edster en Ciencia Pol\u00edtica de la Universidad de los Andes, Especialista en Alta Direcci\u00f3n del Estado de la Escuela Superior de Administraci\u00f3n P\u00fablica. Desde hace m\u00e1s de una d\u00e9cada trabaja en el Sistema de Naciones Unidas en Colombia. Actualmente, como Oficial Nacional [&hellip;]<\/p>\n","protected":false},"author":4,"featured_media":18971,"comment_status":"closed","ping_status":"closed","sticky":false,"template":"","format":"standard","meta":{"footnotes":""},"categories":[1],"tags":[],"class_list":["post-19024","post","type-post","status-publish","format-standard","has-post-thumbnail","hentry","category-allgemein"],"yoast_head":"<!-- This site is optimized with the Yoast SEO plugin v28.4 - https:\/\/yoast.com\/product\/yoast-seo-wordpress\/ -->\n<title>Speakers Invitados - Programme AL-INVEST Verde<\/title>\n<meta name=\"robots\" content=\"index, follow, max-snippet:-1, max-image-preview:large, max-video-preview:-1\" \/>\n<link rel=\"canonical\" href=\"https:\/\/alinvest-verde.eu\/es_es\/speakers-invitados\/\" \/>\n<meta property=\"og:locale\" content=\"es_ES\" \/>\n<meta property=\"og:type\" content=\"article\" \/>\n<meta property=\"og:title\" content=\"Speakers Invitados - Programme AL-INVEST Verde\" \/>\n<meta property=\"og:description\" content=\"Diana Espinosa Representante Adjunta, ONU Mujeres Soci\u00f3loga de la Universidad Nacional de Colombia, Mag\u00edster en Ciencia Pol\u00edtica de la Universidad de los Andes, Especialista en Alta Direcci\u00f3n del Estado de la Escuela Superior de Administraci\u00f3n P\u00fablica. Desde hace m\u00e1s de una d\u00e9cada trabaja en el Sistema de Naciones Unidas en Colombia. Actualmente, como Oficial Nacional [&hellip;]\" \/>\n<meta property=\"og:url\" content=\"https:\/\/alinvest-verde.eu\/es_es\/speakers-invitados\/\" \/>\n<meta property=\"og:site_name\" content=\"Programme AL-INVEST Verde\" \/>\n<meta property=\"article:published_time\" content=\"2025-09-19T23:07:32+00:00\" \/>\n<meta property=\"article:modified_time\" content=\"2025-09-19T23:24:52+00:00\" \/>\n<meta property=\"og:image\" content=\"https:\/\/alinvest-verde.eu\/wp-content\/uploads\/2025\/09\/CV-2-scaled.jpg\" \/>\n\t<meta property=\"og:image:width\" content=\"2560\" \/>\n\t<meta property=\"og:image:height\" content=\"1255\" \/>\n\t<meta property=\"og:image:type\" content=\"image\/jpeg\" \/>\n<meta name=\"author\" content=\"Malena Sousa\" \/>\n<meta name=\"twitter:card\" content=\"summary_large_image\" \/>\n<meta name=\"twitter:label1\" content=\"Escrito por\" \/>\n\t<meta name=\"twitter:data1\" content=\"\" \/>\n\t<meta name=\"twitter:label2\" content=\"Tiempo de lectura\" \/>\n\t<meta name=\"twitter:data2\" content=\"2 minutos\" \/>\n<script type=\"application\/ld+json\" class=\"yoast-schema-graph\">{\"@context\":\"https:\\\/\\\/schema.org\",\"@graph\":[{\"@type\":\"Article\",\"@id\":\"https:\\\/\\\/alinvest-verde.eu\\\/speakers-invitados\\\/#article\",\"isPartOf\":{\"@id\":\"https:\\\/\\\/alinvest-verde.eu\\\/speakers-invitados\\\/\"},\"author\":{\"name\":\"Malena Sousa\",\"@id\":\"https:\\\/\\\/alinvest-verde.eu\\\/#\\\/schema\\\/person\\\/f18f811fbc283c4879102f4ba5f9e9cc\"},\"headline\":\"Speakers Invitados\",\"datePublished\":\"2025-09-19T23:07:32+00:00\",\"dateModified\":\"2025-09-19T23:24:52+00:00\",\"mainEntityOfPage\":{\"@id\":\"https:\\\/\\\/alinvest-verde.eu\\\/speakers-invitados\\\/\"},\"wordCount\":195,\"publisher\":{\"@id\":\"https:\\\/\\\/alinvest-verde.eu\\\/#organization\"},\"image\":{\"@id\":\"https:\\\/\\\/alinvest-verde.eu\\\/speakers-invitados\\\/#primaryimage\"},\"thumbnailUrl\":\"https:\\\/\\\/alinvest-verde.eu\\\/wp-content\\\/uploads\\\/2025\\\/09\\\/CV-2-scaled.jpg\",\"articleSection\":[\"Allgemein\"],\"inLanguage\":\"es\"},{\"@type\":\"WebPage\",\"@id\":\"https:\\\/\\\/alinvest-verde.eu\\\/speakers-invitados\\\/\",\"url\":\"https:\\\/\\\/alinvest-verde.eu\\\/speakers-invitados\\\/\",\"name\":\"Speakers Invitados - Programme AL-INVEST Verde\",\"isPartOf\":{\"@id\":\"https:\\\/\\\/alinvest-verde.eu\\\/#website\"},\"primaryImageOfPage\":{\"@id\":\"https:\\\/\\\/alinvest-verde.eu\\\/speakers-invitados\\\/#primaryimage\"},\"image\":{\"@id\":\"https:\\\/\\\/alinvest-verde.eu\\\/speakers-invitados\\\/#primaryimage\"},\"thumbnailUrl\":\"https:\\\/\\\/alinvest-verde.eu\\\/wp-content\\\/uploads\\\/2025\\\/09\\\/CV-2-scaled.jpg\",\"datePublished\":\"2025-09-19T23:07:32+00:00\",\"dateModified\":\"2025-09-19T23:24:52+00:00\",\"breadcrumb\":{\"@id\":\"https:\\\/\\\/alinvest-verde.eu\\\/speakers-invitados\\\/#breadcrumb\"},\"inLanguage\":\"es\",\"potentialAction\":[{\"@type\":\"ReadAction\",\"target\":[\"https:\\\/\\\/alinvest-verde.eu\\\/speakers-invitados\\\/\"]}]},{\"@type\":\"ImageObject\",\"inLanguage\":\"es\",\"@id\":\"https:\\\/\\\/alinvest-verde.eu\\\/speakers-invitados\\\/#primaryimage\",\"url\":\"https:\\\/\\\/alinvest-verde.eu\\\/wp-content\\\/uploads\\\/2025\\\/09\\\/CV-2-scaled.jpg\",\"contentUrl\":\"https:\\\/\\\/alinvest-verde.eu\\\/wp-content\\\/uploads\\\/2025\\\/09\\\/CV-2-scaled.jpg\",\"width\":2560,\"height\":1255,\"caption\":\"ALInvest-Backing-4000x2000.pdf - 1\"},{\"@type\":\"BreadcrumbList\",\"@id\":\"https:\\\/\\\/alinvest-verde.eu\\\/speakers-invitados\\\/#breadcrumb\",\"itemListElement\":[{\"@type\":\"ListItem\",\"position\":1,\"name\":\"Inicio\",\"item\":\"https:\\\/\\\/alinvest-verde.eu\\\/\"},{\"@type\":\"ListItem\",\"position\":2,\"name\":\"Allgemein\",\"item\":\"https:\\\/\\\/alinvest-verde.eu\\\/category\\\/allgemein\\\/\"},{\"@type\":\"ListItem\",\"position\":3,\"name\":\"Speakers Invitados\"}]},{\"@type\":\"WebSite\",\"@id\":\"https:\\\/\\\/alinvest-verde.eu\\\/#website\",\"url\":\"https:\\\/\\\/alinvest-verde.eu\\\/\",\"name\":\"Programme AL-INVEST Verde\",\"description\":\"Building alliances with the private sector in LA and promote sustainable growth and jobs creation by supporting the transition towards a low-carbon, resource-efficient economy\",\"publisher\":{\"@id\":\"https:\\\/\\\/alinvest-verde.eu\\\/#organization\"},\"potentialAction\":[{\"@type\":\"SearchAction\",\"target\":{\"@type\":\"EntryPoint\",\"urlTemplate\":\"https:\\\/\\\/alinvest-verde.eu\\\/?s={search_term_string}\"},\"query-input\":{\"@type\":\"PropertyValueSpecification\",\"valueRequired\":true,\"valueName\":\"search_term_string\"}}],\"inLanguage\":\"es\"},{\"@type\":\"Organization\",\"@id\":\"https:\\\/\\\/alinvest-verde.eu\\\/#organization\",\"name\":\"Programme AL-INVEST Verde\",\"url\":\"https:\\\/\\\/alinvest-verde.eu\\\/\",\"logo\":{\"@type\":\"ImageObject\",\"inLanguage\":\"es\",\"@id\":\"https:\\\/\\\/alinvest-verde.eu\\\/#\\\/schema\\\/logo\\\/image\\\/\",\"url\":\"https:\\\/\\\/alinvest-verde.eu\\\/wp-content\\\/uploads\\\/2022\\\/01\\\/cropped-logo-financiado-por-la-UE.jpg\",\"contentUrl\":\"https:\\\/\\\/alinvest-verde.eu\\\/wp-content\\\/uploads\\\/2022\\\/01\\\/cropped-logo-financiado-por-la-UE.jpg\",\"width\":756,\"height\":216,\"caption\":\"Programme AL-INVEST Verde\"},\"image\":{\"@id\":\"https:\\\/\\\/alinvest-verde.eu\\\/#\\\/schema\\\/logo\\\/image\\\/\"}},{\"@type\":\"Person\",\"@id\":\"https:\\\/\\\/alinvest-verde.eu\\\/#\\\/schema\\\/person\\\/f18f811fbc283c4879102f4ba5f9e9cc\",\"name\":\"Malena Sousa\",\"image\":{\"@type\":\"ImageObject\",\"inLanguage\":\"es\",\"@id\":\"https:\\\/\\\/secure.gravatar.com\\\/avatar\\\/74c4287a4f65459fc00b8d8be549ed384ace7d1edd2dab408eba902c46cbcab1?s=96&d=mm&r=g\",\"url\":\"https:\\\/\\\/secure.gravatar.com\\\/avatar\\\/74c4287a4f65459fc00b8d8be549ed384ace7d1edd2dab408eba902c46cbcab1?s=96&d=mm&r=g\",\"contentUrl\":\"https:\\\/\\\/secure.gravatar.com\\\/avatar\\\/74c4287a4f65459fc00b8d8be549ed384ace7d1edd2dab408eba902c46cbcab1?s=96&d=mm&r=g\",\"caption\":\"Malena Sousa\"},\"url\":\"https:\\\/\\\/alinvest-verde.eu\\\/es_es\\\/author\\\/malena-sousa\\\/\"}]}<\/script>\n<!-- \/ Yoast SEO plugin. -->","yoast_head_json":{"title":"Speakers Invitados - Programme AL-INVEST Verde","robots":{"index":"index","follow":"follow","max-snippet":"max-snippet:-1","max-image-preview":"max-image-preview:large","max-video-preview":"max-video-preview:-1"},"canonical":"https:\/\/alinvest-verde.eu\/es_es\/speakers-invitados\/","og_locale":"es_ES","og_type":"article","og_title":"Speakers Invitados - Programme AL-INVEST Verde","og_description":"Diana Espinosa Representante Adjunta, ONU Mujeres Soci\u00f3loga de la Universidad Nacional de Colombia, Mag\u00edster en Ciencia Pol\u00edtica de la Universidad de los Andes, Especialista en Alta Direcci\u00f3n del Estado de la Escuela Superior de Administraci\u00f3n P\u00fablica. Desde hace m\u00e1s de una d\u00e9cada trabaja en el Sistema de Naciones Unidas en Colombia. Actualmente, como Oficial Nacional [&hellip;]","og_url":"https:\/\/alinvest-verde.eu\/es_es\/speakers-invitados\/","og_site_name":"Programme AL-INVEST Verde","article_published_time":"2025-09-19T23:07:32+00:00","article_modified_time":"2025-09-19T23:24:52+00:00","og_image":[{"width":2560,"height":1255,"url":"https:\/\/alinvest-verde.eu\/wp-content\/uploads\/2025\/09\/CV-2-scaled.jpg","type":"image\/jpeg"}],"author":"Malena Sousa","twitter_card":"summary_large_image","twitter_misc":{"Escrito por":false,"Tiempo de lectura":"2 minutos"},"schema":{"@context":"https:\/\/schema.org","@graph":[{"@type":"Article","@id":"https:\/\/alinvest-verde.eu\/speakers-invitados\/#article","isPartOf":{"@id":"https:\/\/alinvest-verde.eu\/speakers-invitados\/"},"author":{"name":"Malena Sousa","@id":"https:\/\/alinvest-verde.eu\/#\/schema\/person\/f18f811fbc283c4879102f4ba5f9e9cc"},"headline":"Speakers Invitados","datePublished":"2025-09-19T23:07:32+00:00","dateModified":"2025-09-19T23:24:52+00:00","mainEntityOfPage":{"@id":"https:\/\/alinvest-verde.eu\/speakers-invitados\/"},"wordCount":195,"publisher":{"@id":"https:\/\/alinvest-verde.eu\/#organization"},"image":{"@id":"https:\/\/alinvest-verde.eu\/speakers-invitados\/#primaryimage"},"thumbnailUrl":"https:\/\/alinvest-verde.eu\/wp-content\/uploads\/2025\/09\/CV-2-scaled.jpg","articleSection":["Allgemein"],"inLanguage":"es"},{"@type":"WebPage","@id":"https:\/\/alinvest-verde.eu\/speakers-invitados\/","url":"https:\/\/alinvest-verde.eu\/speakers-invitados\/","name":"Speakers Invitados - Programme AL-INVEST Verde","isPartOf":{"@id":"https:\/\/alinvest-verde.eu\/#website"},"primaryImageOfPage":{"@id":"https:\/\/alinvest-verde.eu\/speakers-invitados\/#primaryimage"},"image":{"@id":"https:\/\/alinvest-verde.eu\/speakers-invitados\/#primaryimage"},"thumbnailUrl":"https:\/\/alinvest-verde.eu\/wp-content\/uploads\/2025\/09\/CV-2-scaled.jpg","datePublished":"2025-09-19T23:07:32+00:00","dateModified":"2025-09-19T23:24:52+00:00","breadcrumb":{"@id":"https:\/\/alinvest-verde.eu\/speakers-invitados\/#breadcrumb"},"inLanguage":"es","potentialAction":[{"@type":"ReadAction","target":["https:\/\/alinvest-verde.eu\/speakers-invitados\/"]}]},{"@type":"ImageObject","inLanguage":"es","@id":"https:\/\/alinvest-verde.eu\/speakers-invitados\/#primaryimage","url":"https:\/\/alinvest-verde.eu\/wp-content\/uploads\/2025\/09\/CV-2-scaled.jpg","contentUrl":"https:\/\/alinvest-verde.eu\/wp-content\/uploads\/2025\/09\/CV-2-scaled.jpg","width":2560,"height":1255,"caption":"ALInvest-Backing-4000x2000.pdf - 1"},{"@type":"BreadcrumbList","@id":"https:\/\/alinvest-verde.eu\/speakers-invitados\/#breadcrumb","itemListElement":[{"@type":"ListItem","position":1,"name":"Inicio","item":"https:\/\/alinvest-verde.eu\/"},{"@type":"ListItem","position":2,"name":"Allgemein","item":"https:\/\/alinvest-verde.eu\/category\/allgemein\/"},{"@type":"ListItem","position":3,"name":"Speakers Invitados"}]},{"@type":"WebSite","@id":"https:\/\/alinvest-verde.eu\/#website","url":"https:\/\/alinvest-verde.eu\/","name":"Programme AL-INVEST Verde","description":"Building alliances with the private sector in LA and promote sustainable growth and jobs creation by supporting the transition towards a low-carbon, resource-efficient economy","publisher":{"@id":"https:\/\/alinvest-verde.eu\/#organization"},"potentialAction":[{"@type":"SearchAction","target":{"@type":"EntryPoint","urlTemplate":"https:\/\/alinvest-verde.eu\/?s={search_term_string}"},"query-input":{"@type":"PropertyValueSpecification","valueRequired":true,"valueName":"search_term_string"}}],"inLanguage":"es"},{"@type":"Organization","@id":"https:\/\/alinvest-verde.eu\/#organization","name":"Programme AL-INVEST Verde","url":"https:\/\/alinvest-verde.eu\/","logo":{"@type":"ImageObject","inLanguage":"es","@id":"https:\/\/alinvest-verde.eu\/#\/schema\/logo\/image\/","url":"https:\/\/alinvest-verde.eu\/wp-content\/uploads\/2022\/01\/cropped-logo-financiado-por-la-UE.jpg","contentUrl":"https:\/\/alinvest-verde.eu\/wp-content\/uploads\/2022\/01\/cropped-logo-financiado-por-la-UE.jpg","width":756,"height":216,"caption":"Programme AL-INVEST Verde"},"image":{"@id":"https:\/\/alinvest-verde.eu\/#\/schema\/logo\/image\/"}},{"@type":"Person","@id":"https:\/\/alinvest-verde.eu\/#\/schema\/person\/f18f811fbc283c4879102f4ba5f9e9cc","name":"Malena Sousa","image":{"@type":"ImageObject","inLanguage":"es","@id":"https:\/\/secure.gravatar.com\/avatar\/74c4287a4f65459fc00b8d8be549ed384ace7d1edd2dab408eba902c46cbcab1?s=96&d=mm&r=g","url":"https:\/\/secure.gravatar.com\/avatar\/74c4287a4f65459fc00b8d8be549ed384ace7d1edd2dab408eba902c46cbcab1?s=96&d=mm&r=g","contentUrl":"https:\/\/secure.gravatar.com\/avatar\/74c4287a4f65459fc00b8d8be549ed384ace7d1edd2dab408eba902c46cbcab1?s=96&d=mm&r=g","caption":"Malena Sousa"},"url":"https:\/\/alinvest-verde.eu\/es_es\/author\/malena-sousa\/"}]}},"_links":{"self":[{"href":"https:\/\/alinvest-verde.eu\/es_es\/wp-json\/wp\/v2\/posts\/19024","targetHints":{"allow":["GET"]}}],"collection":[{"href":"https:\/\/alinvest-verde.eu\/es_es\/wp-json\/wp\/v2\/posts"}],"about":[{"href":"https:\/\/alinvest-verde.eu\/es_es\/wp-json\/wp\/v2\/types\/post"}],"author":[{"embeddable":true,"href":"https:\/\/alinvest-verde.eu\/es_es\/wp-json\/wp\/v2\/users\/4"}],"replies":[{"embeddable":true,"href":"https:\/\/alinvest-verde.eu\/es_es\/wp-json\/wp\/v2\/comments?post=19024"}],"version-history":[{"count":3,"href":"https:\/\/alinvest-verde.eu\/es_es\/wp-json\/wp\/v2\/posts\/19024\/revisions"}],"predecessor-version":[{"id":19032,"href":"https:\/\/alinvest-verde.eu\/es_es\/wp-json\/wp\/v2\/posts\/19024\/revisions\/19032"}],"wp:featuredmedia":[{"embeddable":true,"href":"https:\/\/alinvest-verde.eu\/es_es\/wp-json\/wp\/v2\/media\/18971"}],"wp:attachment":[{"href":"https:\/\/alinvest-verde.eu\/es_es\/wp-json\/wp\/v2\/media?parent=19024"}],"wp:term":[{"taxonomy":"category","embeddable":true,"href":"https:\/\/alinvest-verde.eu\/es_es\/wp-json\/wp\/v2\/categories?post=19024"},{"taxonomy":"post_tag","embeddable":true,"href":"https:\/\/alinvest-verde.eu\/es_es\/wp-json\/wp\/v2\/tags?post=19024"}],"curies":[{"name":"wp","href":"https:\/\/api.w.org\/{rel}","templated":true}]}}