{"id":19029,"date":"2025-09-20T01:35:16","date_gmt":"2025-09-19T23:35:16","guid":{"rendered":"https:\/\/alinvest-verde.eu\/?p=19029"},"modified":"2025-09-20T01:35:17","modified_gmt":"2025-09-19T23:35:17","slug":"speakers-invitados-2","status":"publish","type":"post","link":"https:\/\/alinvest-verde.eu\/es_es\/speakers-invitados-2\/","title":{"rendered":"Speakers Invitados"},"content":{"rendered":"\n<p class=\"wp-block-paragraph\"><strong>Martha Bola\u00f1os<\/strong><\/p>\n\n\n\n<p class=\"wp-block-paragraph\"><strong>Investigadora, AGROSAVIA<\/strong><\/p>\n\n\n\n<figure class=\"wp-block-image alignright size-full is-resized\"><img decoding=\"async\" width=\"200\" height=\"200\" src=\"https:\/\/alinvest-verde.eu\/wp-content\/uploads\/2025\/09\/image-8.png\" alt=\"\" class=\"wp-image-19033\" style=\"width:266px;height:auto\" srcset=\"https:\/\/alinvest-verde.eu\/wp-content\/uploads\/2025\/09\/image-8.png 200w, https:\/\/alinvest-verde.eu\/wp-content\/uploads\/2025\/09\/image-8-150x150.png 150w, https:\/\/alinvest-verde.eu\/wp-content\/uploads\/2025\/09\/image-8-12x12.png 12w\" sizes=\"(max-width: 200px) 100vw, 200px\" \/><\/figure>\n\n\n\n<p class=\"wp-block-paragraph\">Martha es bi\u00f3loga de la Universidad del Cauca, con maestr\u00eda y doctorado en Ciencias Agropecuarias \u2013 Manejo y Conservaci\u00f3n de Suelos de la Universidad Nacional de Colombia. Es Investigadora Ph.D. Senior y Jefe del Departamento de Producci\u00f3n Intensiva Sostenible de Agrosavia \u2013 Corporaci\u00f3n Colombiana de Investigaci\u00f3n Agropecuaria. Ha presidido el Grupo Intergubernamental T\u00e9cnico de Suelos de la FAO, lidera la Comisi\u00f3n 4.4 de la Uni\u00f3n Internacional de la Ciencia del Suelo (2023-2025) y actualmente preside la Sociedad Colombiana de la Ciencia del Suelo. <\/p>\n\n\n\n<p class=\"wp-block-paragraph\">Su trabajo se centra en los procesos del componente biorg\u00e1nico del suelo, las interacciones rizosf\u00e9ricas y su relaci\u00f3n con la fertilidad, evaluando pr\u00e1cticas sostenibles que mejoran la salud del suelo y los servicios ecosist\u00e9micos. Autora de m\u00e1s de 60 art\u00edculos, 17 libros y 60 cap\u00edtulos, ha dirigido numerosas tesis y lidera investigaciones internacionales orientadas a la captura de carbono, la reducci\u00f3n de emisiones de GEI y el manejo eficiente de la fertilizaci\u00f3n integrada, contribuyendo al desarrollo sostenible del sector agr\u00edcola.<\/p>\n\n\n\n<p class=\"wp-block-paragraph\"><strong>Slendy D\u00edaz<\/strong><\/p>\n\n\n\n<p class=\"wp-block-paragraph\"><strong>L\u00edder de Econom\u00eda Circular, Ministerio de Ambiente y Desarrollo Sostenible de Colombia<\/strong><\/p>\n\n\n\n<figure class=\"wp-block-image alignright size-full is-resized\"><img fetchpriority=\"high\" decoding=\"async\" width=\"800\" height=\"800\" src=\"https:\/\/alinvest-verde.eu\/wp-content\/uploads\/2025\/09\/image-9.png\" alt=\"\" class=\"wp-image-19034\" style=\"width:263px;height:auto\" srcset=\"https:\/\/alinvest-verde.eu\/wp-content\/uploads\/2025\/09\/image-9.png 800w, https:\/\/alinvest-verde.eu\/wp-content\/uploads\/2025\/09\/image-9-300x300.png 300w, https:\/\/alinvest-verde.eu\/wp-content\/uploads\/2025\/09\/image-9-150x150.png 150w, https:\/\/alinvest-verde.eu\/wp-content\/uploads\/2025\/09\/image-9-768x768.png 768w, https:\/\/alinvest-verde.eu\/wp-content\/uploads\/2025\/09\/image-9-500x500.png 500w, https:\/\/alinvest-verde.eu\/wp-content\/uploads\/2025\/09\/image-9-12x12.png 12w\" sizes=\"(max-width: 800px) 100vw, 800px\" \/><\/figure>\n\n\n\n<p class=\"wp-block-paragraph\">Slendy D\u00edaz es economista circular especializada en la aplicaci\u00f3n de modelos de econom\u00eda circular en los sectores p\u00fablico y privado. Su experiencia abarca el desarrollo de modelos de negocio circulares, ecodise\u00f1o, simbiosis industrial, consultor\u00eda y educaci\u00f3n, as\u00ed como la generaci\u00f3n de contenidos especializados. Es Embajadora del Circular Economy Institute y de Premios Verdes para Am\u00e9rica Latina, y ha sido reconocida con el Premio Nacional a las Mejores Pr\u00e1cticas Ambientales en la Industria de la Construcci\u00f3n y el Premio Regional a las Mejores Experiencias Ambientales. Ha asesorado entidades gubernamentales y empresas en la implementaci\u00f3n de estrategias sostenibles y actualmente lidera iniciativas de econom\u00eda circular desde el Ministerio de Ambiente y Desarrollo Sostenible de Colombia.<\/p>\n\n\n\n<p class=\"wp-block-paragraph\"><\/p>\n","protected":false},"excerpt":{"rendered":"<p>Martha Bola\u00f1os Investigadora, AGROSAVIA Martha es bi\u00f3loga de la Universidad del Cauca, con maestr\u00eda y doctorado en Ciencias Agropecuarias \u2013 Manejo y Conservaci\u00f3n de Suelos de la Universidad Nacional de Colombia. Es Investigadora Ph.D. Senior y Jefe del Departamento de Producci\u00f3n Intensiva Sostenible de Agrosavia \u2013 Corporaci\u00f3n Colombiana de Investigaci\u00f3n Agropecuaria. Ha presidido el Grupo [&hellip;]<\/p>\n","protected":false},"author":4,"featured_media":18831,"comment_status":"closed","ping_status":"closed","sticky":false,"template":"","format":"standard","meta":{"footnotes":""},"categories":[1],"tags":[],"class_list":["post-19029","post","type-post","status-publish","format-standard","has-post-thumbnail","hentry","category-allgemein"],"yoast_head":"<!-- This site is optimized with the Yoast SEO plugin v28.4 - https:\/\/yoast.com\/product\/yoast-seo-wordpress\/ -->\n<title>Speakers Invitados - Programme AL-INVEST Verde<\/title>\n<meta name=\"robots\" content=\"index, follow, max-snippet:-1, max-image-preview:large, max-video-preview:-1\" \/>\n<link rel=\"canonical\" href=\"https:\/\/alinvest-verde.eu\/es_es\/speakers-invitados-2\/\" \/>\n<meta property=\"og:locale\" content=\"es_ES\" \/>\n<meta property=\"og:type\" content=\"article\" \/>\n<meta property=\"og:title\" content=\"Speakers Invitados - Programme AL-INVEST Verde\" \/>\n<meta property=\"og:description\" content=\"Martha Bola\u00f1os Investigadora, AGROSAVIA Martha es bi\u00f3loga de la Universidad del Cauca, con maestr\u00eda y doctorado en Ciencias Agropecuarias \u2013 Manejo y Conservaci\u00f3n de Suelos de la Universidad Nacional de Colombia. Es Investigadora Ph.D. Senior y Jefe del Departamento de Producci\u00f3n Intensiva Sostenible de Agrosavia \u2013 Corporaci\u00f3n Colombiana de Investigaci\u00f3n Agropecuaria. Ha presidido el Grupo [&hellip;]\" \/>\n<meta property=\"og:url\" content=\"https:\/\/alinvest-verde.eu\/es_es\/speakers-invitados-2\/\" \/>\n<meta property=\"og:site_name\" content=\"Programme AL-INVEST Verde\" \/>\n<meta property=\"article:published_time\" content=\"2025-09-19T23:35:16+00:00\" \/>\n<meta property=\"article:modified_time\" content=\"2025-09-19T23:35:17+00:00\" \/>\n<meta property=\"og:image\" content=\"https:\/\/alinvest-verde.eu\/wp-content\/uploads\/2025\/08\/8.jpeg\" \/>\n\t<meta property=\"og:image:width\" content=\"1420\" \/>\n\t<meta property=\"og:image:height\" content=\"1317\" \/>\n\t<meta property=\"og:image:type\" content=\"image\/jpeg\" \/>\n<meta name=\"author\" content=\"Malena Sousa\" \/>\n<meta name=\"twitter:card\" content=\"summary_large_image\" \/>\n<meta name=\"twitter:label1\" content=\"Escrito por\" \/>\n\t<meta name=\"twitter:data1\" content=\"\" \/>\n\t<meta name=\"twitter:label2\" content=\"Tiempo de lectura\" \/>\n\t<meta name=\"twitter:data2\" content=\"2 minutos\" \/>\n<script type=\"application\/ld+json\" class=\"yoast-schema-graph\">{\"@context\":\"https:\\\/\\\/schema.org\",\"@graph\":[{\"@type\":\"Article\",\"@id\":\"https:\\\/\\\/alinvest-verde.eu\\\/speakers-invitados-2\\\/#article\",\"isPartOf\":{\"@id\":\"https:\\\/\\\/alinvest-verde.eu\\\/speakers-invitados-2\\\/\"},\"author\":{\"name\":\"Malena Sousa\",\"@id\":\"https:\\\/\\\/alinvest-verde.eu\\\/#\\\/schema\\\/person\\\/f18f811fbc283c4879102f4ba5f9e9cc\"},\"headline\":\"Speakers Invitados\",\"datePublished\":\"2025-09-19T23:35:16+00:00\",\"dateModified\":\"2025-09-19T23:35:17+00:00\",\"mainEntityOfPage\":{\"@id\":\"https:\\\/\\\/alinvest-verde.eu\\\/speakers-invitados-2\\\/\"},\"wordCount\":328,\"publisher\":{\"@id\":\"https:\\\/\\\/alinvest-verde.eu\\\/#organization\"},\"image\":{\"@id\":\"https:\\\/\\\/alinvest-verde.eu\\\/speakers-invitados-2\\\/#primaryimage\"},\"thumbnailUrl\":\"https:\\\/\\\/alinvest-verde.eu\\\/wp-content\\\/uploads\\\/2025\\\/08\\\/8.jpeg\",\"articleSection\":[\"Allgemein\"],\"inLanguage\":\"es\"},{\"@type\":\"WebPage\",\"@id\":\"https:\\\/\\\/alinvest-verde.eu\\\/speakers-invitados-2\\\/\",\"url\":\"https:\\\/\\\/alinvest-verde.eu\\\/speakers-invitados-2\\\/\",\"name\":\"Speakers Invitados - Programme AL-INVEST Verde\",\"isPartOf\":{\"@id\":\"https:\\\/\\\/alinvest-verde.eu\\\/#website\"},\"primaryImageOfPage\":{\"@id\":\"https:\\\/\\\/alinvest-verde.eu\\\/speakers-invitados-2\\\/#primaryimage\"},\"image\":{\"@id\":\"https:\\\/\\\/alinvest-verde.eu\\\/speakers-invitados-2\\\/#primaryimage\"},\"thumbnailUrl\":\"https:\\\/\\\/alinvest-verde.eu\\\/wp-content\\\/uploads\\\/2025\\\/08\\\/8.jpeg\",\"datePublished\":\"2025-09-19T23:35:16+00:00\",\"dateModified\":\"2025-09-19T23:35:17+00:00\",\"breadcrumb\":{\"@id\":\"https:\\\/\\\/alinvest-verde.eu\\\/speakers-invitados-2\\\/#breadcrumb\"},\"inLanguage\":\"es\",\"potentialAction\":[{\"@type\":\"ReadAction\",\"target\":[\"https:\\\/\\\/alinvest-verde.eu\\\/speakers-invitados-2\\\/\"]}]},{\"@type\":\"ImageObject\",\"inLanguage\":\"es\",\"@id\":\"https:\\\/\\\/alinvest-verde.eu\\\/speakers-invitados-2\\\/#primaryimage\",\"url\":\"https:\\\/\\\/alinvest-verde.eu\\\/wp-content\\\/uploads\\\/2025\\\/08\\\/8.jpeg\",\"contentUrl\":\"https:\\\/\\\/alinvest-verde.eu\\\/wp-content\\\/uploads\\\/2025\\\/08\\\/8.jpeg\",\"width\":1420,\"height\":1317},{\"@type\":\"BreadcrumbList\",\"@id\":\"https:\\\/\\\/alinvest-verde.eu\\\/speakers-invitados-2\\\/#breadcrumb\",\"itemListElement\":[{\"@type\":\"ListItem\",\"position\":1,\"name\":\"Inicio\",\"item\":\"https:\\\/\\\/alinvest-verde.eu\\\/\"},{\"@type\":\"ListItem\",\"position\":2,\"name\":\"Allgemein\",\"item\":\"https:\\\/\\\/alinvest-verde.eu\\\/category\\\/allgemein\\\/\"},{\"@type\":\"ListItem\",\"position\":3,\"name\":\"Speakers Invitados\"}]},{\"@type\":\"WebSite\",\"@id\":\"https:\\\/\\\/alinvest-verde.eu\\\/#website\",\"url\":\"https:\\\/\\\/alinvest-verde.eu\\\/\",\"name\":\"Programme AL-INVEST Verde\",\"description\":\"Building alliances with the private sector in LA and promote sustainable growth and jobs creation by supporting the transition towards a low-carbon, resource-efficient economy\",\"publisher\":{\"@id\":\"https:\\\/\\\/alinvest-verde.eu\\\/#organization\"},\"potentialAction\":[{\"@type\":\"SearchAction\",\"target\":{\"@type\":\"EntryPoint\",\"urlTemplate\":\"https:\\\/\\\/alinvest-verde.eu\\\/?s={search_term_string}\"},\"query-input\":{\"@type\":\"PropertyValueSpecification\",\"valueRequired\":true,\"valueName\":\"search_term_string\"}}],\"inLanguage\":\"es\"},{\"@type\":\"Organization\",\"@id\":\"https:\\\/\\\/alinvest-verde.eu\\\/#organization\",\"name\":\"Programme AL-INVEST Verde\",\"url\":\"https:\\\/\\\/alinvest-verde.eu\\\/\",\"logo\":{\"@type\":\"ImageObject\",\"inLanguage\":\"es\",\"@id\":\"https:\\\/\\\/alinvest-verde.eu\\\/#\\\/schema\\\/logo\\\/image\\\/\",\"url\":\"https:\\\/\\\/alinvest-verde.eu\\\/wp-content\\\/uploads\\\/2022\\\/01\\\/cropped-logo-financiado-por-la-UE.jpg\",\"contentUrl\":\"https:\\\/\\\/alinvest-verde.eu\\\/wp-content\\\/uploads\\\/2022\\\/01\\\/cropped-logo-financiado-por-la-UE.jpg\",\"width\":756,\"height\":216,\"caption\":\"Programme AL-INVEST Verde\"},\"image\":{\"@id\":\"https:\\\/\\\/alinvest-verde.eu\\\/#\\\/schema\\\/logo\\\/image\\\/\"}},{\"@type\":\"Person\",\"@id\":\"https:\\\/\\\/alinvest-verde.eu\\\/#\\\/schema\\\/person\\\/f18f811fbc283c4879102f4ba5f9e9cc\",\"name\":\"Malena Sousa\",\"image\":{\"@type\":\"ImageObject\",\"inLanguage\":\"es\",\"@id\":\"https:\\\/\\\/secure.gravatar.com\\\/avatar\\\/74c4287a4f65459fc00b8d8be549ed384ace7d1edd2dab408eba902c46cbcab1?s=96&d=mm&r=g\",\"url\":\"https:\\\/\\\/secure.gravatar.com\\\/avatar\\\/74c4287a4f65459fc00b8d8be549ed384ace7d1edd2dab408eba902c46cbcab1?s=96&d=mm&r=g\",\"contentUrl\":\"https:\\\/\\\/secure.gravatar.com\\\/avatar\\\/74c4287a4f65459fc00b8d8be549ed384ace7d1edd2dab408eba902c46cbcab1?s=96&d=mm&r=g\",\"caption\":\"Malena Sousa\"},\"url\":\"https:\\\/\\\/alinvest-verde.eu\\\/es_es\\\/author\\\/malena-sousa\\\/\"}]}<\/script>\n<!-- \/ Yoast SEO plugin. -->","yoast_head_json":{"title":"Speakers Invitados - Programme AL-INVEST Verde","robots":{"index":"index","follow":"follow","max-snippet":"max-snippet:-1","max-image-preview":"max-image-preview:large","max-video-preview":"max-video-preview:-1"},"canonical":"https:\/\/alinvest-verde.eu\/es_es\/speakers-invitados-2\/","og_locale":"es_ES","og_type":"article","og_title":"Speakers Invitados - Programme AL-INVEST Verde","og_description":"Martha Bola\u00f1os Investigadora, AGROSAVIA Martha es bi\u00f3loga de la Universidad del Cauca, con maestr\u00eda y doctorado en Ciencias Agropecuarias \u2013 Manejo y Conservaci\u00f3n de Suelos de la Universidad Nacional de Colombia. Es Investigadora Ph.D. Senior y Jefe del Departamento de Producci\u00f3n Intensiva Sostenible de Agrosavia \u2013 Corporaci\u00f3n Colombiana de Investigaci\u00f3n Agropecuaria. Ha presidido el Grupo [&hellip;]","og_url":"https:\/\/alinvest-verde.eu\/es_es\/speakers-invitados-2\/","og_site_name":"Programme AL-INVEST Verde","article_published_time":"2025-09-19T23:35:16+00:00","article_modified_time":"2025-09-19T23:35:17+00:00","og_image":[{"width":1420,"height":1317,"url":"https:\/\/alinvest-verde.eu\/wp-content\/uploads\/2025\/08\/8.jpeg","type":"image\/jpeg"}],"author":"Malena Sousa","twitter_card":"summary_large_image","twitter_misc":{"Escrito por":false,"Tiempo de lectura":"2 minutos"},"schema":{"@context":"https:\/\/schema.org","@graph":[{"@type":"Article","@id":"https:\/\/alinvest-verde.eu\/speakers-invitados-2\/#article","isPartOf":{"@id":"https:\/\/alinvest-verde.eu\/speakers-invitados-2\/"},"author":{"name":"Malena Sousa","@id":"https:\/\/alinvest-verde.eu\/#\/schema\/person\/f18f811fbc283c4879102f4ba5f9e9cc"},"headline":"Speakers Invitados","datePublished":"2025-09-19T23:35:16+00:00","dateModified":"2025-09-19T23:35:17+00:00","mainEntityOfPage":{"@id":"https:\/\/alinvest-verde.eu\/speakers-invitados-2\/"},"wordCount":328,"publisher":{"@id":"https:\/\/alinvest-verde.eu\/#organization"},"image":{"@id":"https:\/\/alinvest-verde.eu\/speakers-invitados-2\/#primaryimage"},"thumbnailUrl":"https:\/\/alinvest-verde.eu\/wp-content\/uploads\/2025\/08\/8.jpeg","articleSection":["Allgemein"],"inLanguage":"es"},{"@type":"WebPage","@id":"https:\/\/alinvest-verde.eu\/speakers-invitados-2\/","url":"https:\/\/alinvest-verde.eu\/speakers-invitados-2\/","name":"Speakers Invitados - Programme AL-INVEST Verde","isPartOf":{"@id":"https:\/\/alinvest-verde.eu\/#website"},"primaryImageOfPage":{"@id":"https:\/\/alinvest-verde.eu\/speakers-invitados-2\/#primaryimage"},"image":{"@id":"https:\/\/alinvest-verde.eu\/speakers-invitados-2\/#primaryimage"},"thumbnailUrl":"https:\/\/alinvest-verde.eu\/wp-content\/uploads\/2025\/08\/8.jpeg","datePublished":"2025-09-19T23:35:16+00:00","dateModified":"2025-09-19T23:35:17+00:00","breadcrumb":{"@id":"https:\/\/alinvest-verde.eu\/speakers-invitados-2\/#breadcrumb"},"inLanguage":"es","potentialAction":[{"@type":"ReadAction","target":["https:\/\/alinvest-verde.eu\/speakers-invitados-2\/"]}]},{"@type":"ImageObject","inLanguage":"es","@id":"https:\/\/alinvest-verde.eu\/speakers-invitados-2\/#primaryimage","url":"https:\/\/alinvest-verde.eu\/wp-content\/uploads\/2025\/08\/8.jpeg","contentUrl":"https:\/\/alinvest-verde.eu\/wp-content\/uploads\/2025\/08\/8.jpeg","width":1420,"height":1317},{"@type":"BreadcrumbList","@id":"https:\/\/alinvest-verde.eu\/speakers-invitados-2\/#breadcrumb","itemListElement":[{"@type":"ListItem","position":1,"name":"Inicio","item":"https:\/\/alinvest-verde.eu\/"},{"@type":"ListItem","position":2,"name":"Allgemein","item":"https:\/\/alinvest-verde.eu\/category\/allgemein\/"},{"@type":"ListItem","position":3,"name":"Speakers Invitados"}]},{"@type":"WebSite","@id":"https:\/\/alinvest-verde.eu\/#website","url":"https:\/\/alinvest-verde.eu\/","name":"Programme AL-INVEST Verde","description":"Building alliances with the private sector in LA and promote sustainable growth and jobs creation by supporting the transition towards a low-carbon, resource-efficient economy","publisher":{"@id":"https:\/\/alinvest-verde.eu\/#organization"},"potentialAction":[{"@type":"SearchAction","target":{"@type":"EntryPoint","urlTemplate":"https:\/\/alinvest-verde.eu\/?s={search_term_string}"},"query-input":{"@type":"PropertyValueSpecification","valueRequired":true,"valueName":"search_term_string"}}],"inLanguage":"es"},{"@type":"Organization","@id":"https:\/\/alinvest-verde.eu\/#organization","name":"Programme AL-INVEST Verde","url":"https:\/\/alinvest-verde.eu\/","logo":{"@type":"ImageObject","inLanguage":"es","@id":"https:\/\/alinvest-verde.eu\/#\/schema\/logo\/image\/","url":"https:\/\/alinvest-verde.eu\/wp-content\/uploads\/2022\/01\/cropped-logo-financiado-por-la-UE.jpg","contentUrl":"https:\/\/alinvest-verde.eu\/wp-content\/uploads\/2022\/01\/cropped-logo-financiado-por-la-UE.jpg","width":756,"height":216,"caption":"Programme AL-INVEST Verde"},"image":{"@id":"https:\/\/alinvest-verde.eu\/#\/schema\/logo\/image\/"}},{"@type":"Person","@id":"https:\/\/alinvest-verde.eu\/#\/schema\/person\/f18f811fbc283c4879102f4ba5f9e9cc","name":"Malena Sousa","image":{"@type":"ImageObject","inLanguage":"es","@id":"https:\/\/secure.gravatar.com\/avatar\/74c4287a4f65459fc00b8d8be549ed384ace7d1edd2dab408eba902c46cbcab1?s=96&d=mm&r=g","url":"https:\/\/secure.gravatar.com\/avatar\/74c4287a4f65459fc00b8d8be549ed384ace7d1edd2dab408eba902c46cbcab1?s=96&d=mm&r=g","contentUrl":"https:\/\/secure.gravatar.com\/avatar\/74c4287a4f65459fc00b8d8be549ed384ace7d1edd2dab408eba902c46cbcab1?s=96&d=mm&r=g","caption":"Malena Sousa"},"url":"https:\/\/alinvest-verde.eu\/es_es\/author\/malena-sousa\/"}]}},"_links":{"self":[{"href":"https:\/\/alinvest-verde.eu\/es_es\/wp-json\/wp\/v2\/posts\/19029","targetHints":{"allow":["GET"]}}],"collection":[{"href":"https:\/\/alinvest-verde.eu\/es_es\/wp-json\/wp\/v2\/posts"}],"about":[{"href":"https:\/\/alinvest-verde.eu\/es_es\/wp-json\/wp\/v2\/types\/post"}],"author":[{"embeddable":true,"href":"https:\/\/alinvest-verde.eu\/es_es\/wp-json\/wp\/v2\/users\/4"}],"replies":[{"embeddable":true,"href":"https:\/\/alinvest-verde.eu\/es_es\/wp-json\/wp\/v2\/comments?post=19029"}],"version-history":[{"count":3,"href":"https:\/\/alinvest-verde.eu\/es_es\/wp-json\/wp\/v2\/posts\/19029\/revisions"}],"predecessor-version":[{"id":19037,"href":"https:\/\/alinvest-verde.eu\/es_es\/wp-json\/wp\/v2\/posts\/19029\/revisions\/19037"}],"wp:featuredmedia":[{"embeddable":true,"href":"https:\/\/alinvest-verde.eu\/es_es\/wp-json\/wp\/v2\/media\/18831"}],"wp:attachment":[{"href":"https:\/\/alinvest-verde.eu\/es_es\/wp-json\/wp\/v2\/media?parent=19029"}],"wp:term":[{"taxonomy":"category","embeddable":true,"href":"https:\/\/alinvest-verde.eu\/es_es\/wp-json\/wp\/v2\/categories?post=19029"},{"taxonomy":"post_tag","embeddable":true,"href":"https:\/\/alinvest-verde.eu\/es_es\/wp-json\/wp\/v2\/tags?post=19029"}],"curies":[{"name":"wp","href":"https:\/\/api.w.org\/{rel}","templated":true}]}}