{"id":19253,"date":"2025-10-02T07:11:19","date_gmt":"2025-10-02T05:11:19","guid":{"rendered":"https:\/\/alinvest-verde.eu\/?p=19253"},"modified":"2025-10-06T15:58:46","modified_gmt":"2025-10-06T13:58:46","slug":"cafe-con-proposito-el-sabor-de-nuestras-pymes","status":"publish","type":"post","link":"https:\/\/alinvest-verde.eu\/es_es\/cafe-con-proposito-el-sabor-de-nuestras-pymes\/","title":{"rendered":"Caf\u00e9 con prop\u00f3sito, el sabor de nuestras pymes"},"content":{"rendered":"\t\t<div data-elementor-type=\"wp-post\" data-elementor-id=\"19253\" class=\"elementor elementor-19253\" data-elementor-post-type=\"post\">\n\t\t\t\t\t\t<section class=\"elementor-section elementor-top-section elementor-element elementor-element-43458829 elementor-section-boxed elementor-section-height-default elementor-section-height-default\" data-id=\"43458829\" data-element_type=\"section\" data-e-type=\"section\">\n\t\t\t\t\t\t<div class=\"elementor-container elementor-column-gap-default\">\n\t\t\t\t\t<div class=\"elementor-column elementor-col-100 elementor-top-column elementor-element elementor-element-7badb7c7\" data-id=\"7badb7c7\" data-element_type=\"column\" data-e-type=\"column\">\n\t\t\t<div class=\"elementor-widget-wrap elementor-element-populated\">\n\t\t\t\t\t\t<div class=\"elementor-element elementor-element-52d609cd elementor-widget elementor-widget-text-editor\" data-id=\"52d609cd\" data-element_type=\"widget\" data-e-type=\"widget\" data-widget_type=\"text-editor.default\">\n\t\t\t\t<div class=\"elementor-widget-container\">\n\t\t\t\t\t\t\t\t\t<p>Para darles la bienvenida a nuestros participantes, hemos preparado un obsequio muy especial: un caf\u00e9 \u00fanico para este evento, producido por las pymes que forman parte de nuestros beneficiarios.\u00a0<\/p>\n<p>Cada taza de este caf\u00e9 representa el esfuerzo y la pasi\u00f3n de estas pymes, que cultivan con dedicaci\u00f3n granos de alta calidad en distintas regiones de Latinoam\u00e9rica.\u00a0<\/p>\n<p>M\u00e1s que un detalle, es el reflejo de un modelo productivo sostenible que impulsa el desarrollo local, promueve buenas pr\u00e1cticas y genera oportunidades para las comunidades. Al compartirlo, queremos dar a conocer su aroma y sabor \u00fanicos, mientras nos unimos a la historia de quienes lo producen con tanto compromiso.<\/p>\n<p><span class=\"a_GcMg font-feature-liga-off font-feature-clig-off font-feature-calt-off text-decoration-none text-strikethrough-none\">Todos estos productores de caf\u00e9 han sido beneficados por el proyecto \u201c<\/span><span class=\"a_GcMg font-feature-liga-off font-feature-clig-off font-feature-calt-off text-decoration-none text-strikethrough-none\">Escuela de Negocios<\/span><span class=\"a_GcMg font-feature-liga-off font-feature-clig-off font-feature-calt-off text-decoration-none text-strikethrough-none\">\u201d, ejecutado como parte del Componente 1 del\u00a0<\/span><span class=\"a_GcMg font-feature-liga-off font-feature-clig-off font-feature-calt-off text-decoration-none text-strikethrough-none\">programa AL-INVEST Verde.<\/span><\/p>\n<p><!-- \/wp:paragraph --><!-- wp:paragraph --><\/p>\n<p><!-- \/wp:paragraph --><\/p>\t\t\t\t\t\t\t\t<\/div>\n\t\t\t\t<\/div>\n\t\t\t\t\t<\/div>\n\t\t<\/div>\n\t\t\t\t\t<\/div>\n\t\t<\/section>\n\t\t\t\t<section class=\"elementor-section elementor-top-section elementor-element elementor-element-e801bd1 elementor-section-boxed elementor-section-height-default elementor-section-height-default\" data-id=\"e801bd1\" data-element_type=\"section\" data-e-type=\"section\">\n\t\t\t\t\t\t<div class=\"elementor-container elementor-column-gap-default\">\n\t\t\t\t\t<div class=\"elementor-column elementor-col-100 elementor-top-column elementor-element elementor-element-061ff7f\" data-id=\"061ff7f\" data-element_type=\"column\" data-e-type=\"column\">\n\t\t\t<div class=\"elementor-widget-wrap elementor-element-populated\">\n\t\t\t\t\t\t<div class=\"elementor-element elementor-element-1fa2f4f elementor-widget elementor-widget-heading\" data-id=\"1fa2f4f\" data-element_type=\"widget\" data-e-type=\"widget\" data-widget_type=\"heading.default\">\n\t\t\t\t<div class=\"elementor-widget-container\">\n\t\t\t\t\t<h2 class=\"elementor-heading-title elementor-size-default\">Nuestros productores<\/h2>\t\t\t\t<\/div>\n\t\t\t\t<\/div>\n\t\t\t\t\t<\/div>\n\t\t<\/div>\n\t\t\t\t\t<\/div>\n\t\t<\/section>\n\t\t\t\t<section class=\"elementor-section elementor-top-section elementor-element elementor-element-9d8e6fe elementor-section-boxed elementor-section-height-default elementor-section-height-default\" data-id=\"9d8e6fe\" data-element_type=\"section\" data-e-type=\"section\">\n\t\t\t\t\t\t<div class=\"elementor-container elementor-column-gap-default\">\n\t\t\t\t\t<div class=\"elementor-column elementor-col-50 elementor-top-column elementor-element elementor-element-c7fef68\" data-id=\"c7fef68\" data-element_type=\"column\" data-e-type=\"column\">\n\t\t\t<div class=\"elementor-widget-wrap elementor-element-populated\">\n\t\t\t\t\t\t<div class=\"elementor-element elementor-element-2551a22 elementor-widget elementor-widget-image\" data-id=\"2551a22\" data-element_type=\"widget\" data-e-type=\"widget\" data-widget_type=\"image.default\">\n\t\t\t\t<div class=\"elementor-widget-container\">\n\t\t\t\t\t\t\t\t\t\t\t\t\t\t\t<img fetchpriority=\"high\" decoding=\"async\" width=\"768\" height=\"1134\" src=\"https:\/\/alinvest-verde.eu\/wp-content\/uploads\/2025\/10\/CAFE-ALTISIMO-1-e1759379661215-768x1134.jpg\" class=\"attachment-medium_large size-medium_large wp-image-19256\" alt=\"\" srcset=\"https:\/\/alinvest-verde.eu\/wp-content\/uploads\/2025\/10\/CAFE-ALTISIMO-1-e1759379661215-768x1134.jpg 768w, https:\/\/alinvest-verde.eu\/wp-content\/uploads\/2025\/10\/CAFE-ALTISIMO-1-e1759379661215-203x300.jpg 203w, https:\/\/alinvest-verde.eu\/wp-content\/uploads\/2025\/10\/CAFE-ALTISIMO-1-e1759379661215-694x1024.jpg 694w, https:\/\/alinvest-verde.eu\/wp-content\/uploads\/2025\/10\/CAFE-ALTISIMO-1-e1759379661215-1041x1536.jpg 1041w, https:\/\/alinvest-verde.eu\/wp-content\/uploads\/2025\/10\/CAFE-ALTISIMO-1-e1759379661215-8x12.jpg 8w, https:\/\/alinvest-verde.eu\/wp-content\/uploads\/2025\/10\/CAFE-ALTISIMO-1-e1759379661215.jpg 1080w\" sizes=\"(max-width: 768px) 100vw, 768px\" \/>\t\t\t\t\t\t\t\t\t\t\t\t\t\t\t<\/div>\n\t\t\t\t<\/div>\n\t\t\t\t\t<\/div>\n\t\t<\/div>\n\t\t\t\t<div class=\"elementor-column elementor-col-50 elementor-top-column elementor-element elementor-element-9bf8ed8\" data-id=\"9bf8ed8\" data-element_type=\"column\" data-e-type=\"column\">\n\t\t\t<div class=\"elementor-widget-wrap elementor-element-populated\">\n\t\t\t\t\t\t<div class=\"elementor-element elementor-element-afeb1bb elementor-widget elementor-widget-heading\" data-id=\"afeb1bb\" data-element_type=\"widget\" data-e-type=\"widget\" data-widget_type=\"heading.default\">\n\t\t\t\t<div class=\"elementor-widget-container\">\n\t\t\t\t\t<h2 class=\"elementor-heading-title elementor-size-default\">Caf\u00e9 Alt\u00edsimo <\/h2>\t\t\t\t<\/div>\n\t\t\t\t<\/div>\n\t\t\t\t<div class=\"elementor-element elementor-element-981e3fa elementor-widget elementor-widget-text-editor\" data-id=\"981e3fa\" data-element_type=\"widget\" data-e-type=\"widget\" data-widget_type=\"text-editor.default\">\n\t\t\t\t<div class=\"elementor-widget-container\">\n\t\t\t\t\t\t\t\t\t<p class=\"cvGsUA direction-ltr align-center para-style-body\"><span class=\"a_GcMg font-feature-liga-off font-feature-clig-off font-feature-calt-off text-decoration-none text-strikethrough-none\">Hace 10 a\u00f1os, Juli\u00e1n Enrique G\u00f3mez Quintero, ingeniero electr\u00f3nico de Medell\u00edn, <\/span><span class=\"a_GcMg font-feature-liga-off font-feature-clig-off font-feature-calt-off text-decoration-none text-strikethrough-none\">decidi\u00f3 cambiar la ciudad por el campo<\/span><span class=\"a_GcMg font-feature-liga-off font-feature-clig-off font-feature-calt-off text-decoration-none text-strikethrough-none\"> en el municipio de Guarne. Un territorio sin una fuerte tradici\u00f3n cafetera, pero a <\/span><span class=\"a_GcMg font-feature-liga-off font-feature-clig-off font-feature-calt-off text-decoration-none text-strikethrough-none\">2.130 msnm, descubri\u00f3 que la altitud brindaba una ventaja \u00fanica: caf\u00e9s de extraordinaria calidad.\u00a0<\/span><span class=\"a_GcMg font-feature-liga-off font-feature-clig-off font-feature-calt-off text-decoration-none text-strikethrough-none\">As\u00ed naci\u00f3 Caf\u00e9 Alt\u00edsimo, un royecto que <\/span><span class=\"a_GcMg font-feature-liga-off font-feature-clig-off font-feature-calt-off text-decoration-none text-strikethrough-none\">une conocimiento t\u00e9cnico y respeto por el entorno.<\/span><span class=\"a_GcMg font-feature-liga-off font-feature-clig-off font-feature-calt-off text-decoration-none text-strikethrough-none\">\u00a0<\/span><\/p>\n<p class=\"cvGsUA direction-ltr align-center para-style-body\"><a href=\"https:\/\/alinvest-verde.eu\/wp-content\/uploads\/2025\/10\/CAFE-ALTISIMO.pdf\">M\u00e1s informaci\u00f3n<\/a>.\u00a0<\/p>\t\t\t\t\t\t\t\t<\/div>\n\t\t\t\t<\/div>\n\t\t\t\t\t<\/div>\n\t\t<\/div>\n\t\t\t\t\t<\/div>\n\t\t<\/section>\n\t\t\t\t<section class=\"elementor-section elementor-top-section elementor-element elementor-element-5661dbe elementor-section-boxed elementor-section-height-default elementor-section-height-default\" data-id=\"5661dbe\" data-element_type=\"section\" data-e-type=\"section\">\n\t\t\t\t\t\t<div class=\"elementor-container elementor-column-gap-default\">\n\t\t\t\t\t<div class=\"elementor-column elementor-col-50 elementor-top-column elementor-element elementor-element-a681d3d\" data-id=\"a681d3d\" data-element_type=\"column\" data-e-type=\"column\">\n\t\t\t<div class=\"elementor-widget-wrap elementor-element-populated\">\n\t\t\t\t\t\t<div class=\"elementor-element elementor-element-83a7eee elementor-widget elementor-widget-image\" data-id=\"83a7eee\" data-element_type=\"widget\" data-e-type=\"widget\" data-widget_type=\"image.default\">\n\t\t\t\t<div class=\"elementor-widget-container\">\n\t\t\t\t\t\t\t\t\t\t\t\t\t\t\t<img decoding=\"async\" width=\"768\" height=\"1213\" src=\"https:\/\/alinvest-verde.eu\/wp-content\/uploads\/2025\/10\/AROMAS-DE-SALGAR-e1759380754386-768x1213.jpg\" class=\"attachment-medium_large size-medium_large wp-image-19258\" alt=\"\" srcset=\"https:\/\/alinvest-verde.eu\/wp-content\/uploads\/2025\/10\/AROMAS-DE-SALGAR-e1759380754386-768x1213.jpg 768w, https:\/\/alinvest-verde.eu\/wp-content\/uploads\/2025\/10\/AROMAS-DE-SALGAR-e1759380754386-190x300.jpg 190w, https:\/\/alinvest-verde.eu\/wp-content\/uploads\/2025\/10\/AROMAS-DE-SALGAR-e1759380754386-648x1024.jpg 648w, https:\/\/alinvest-verde.eu\/wp-content\/uploads\/2025\/10\/AROMAS-DE-SALGAR-e1759380754386-972x1536.jpg 972w, https:\/\/alinvest-verde.eu\/wp-content\/uploads\/2025\/10\/AROMAS-DE-SALGAR-e1759380754386-8x12.jpg 8w, https:\/\/alinvest-verde.eu\/wp-content\/uploads\/2025\/10\/AROMAS-DE-SALGAR-e1759380754386.jpg 1080w\" sizes=\"(max-width: 768px) 100vw, 768px\" \/>\t\t\t\t\t\t\t\t\t\t\t\t\t\t\t<\/div>\n\t\t\t\t<\/div>\n\t\t\t\t\t<\/div>\n\t\t<\/div>\n\t\t\t\t<div class=\"elementor-column elementor-col-50 elementor-top-column elementor-element elementor-element-a429850\" data-id=\"a429850\" data-element_type=\"column\" data-e-type=\"column\">\n\t\t\t<div class=\"elementor-widget-wrap elementor-element-populated\">\n\t\t\t\t\t\t<div class=\"elementor-element elementor-element-23f9fe0 elementor-widget elementor-widget-heading\" data-id=\"23f9fe0\" data-element_type=\"widget\" data-e-type=\"widget\" data-widget_type=\"heading.default\">\n\t\t\t\t<div class=\"elementor-widget-container\">\n\t\t\t\t\t<h2 class=\"elementor-heading-title elementor-size-default\">Aromas de Salgar <\/h2>\t\t\t\t<\/div>\n\t\t\t\t<\/div>\n\t\t\t\t<div class=\"elementor-element elementor-element-15cbd12 elementor-widget elementor-widget-text-editor\" data-id=\"15cbd12\" data-element_type=\"widget\" data-e-type=\"widget\" data-widget_type=\"text-editor.default\">\n\t\t\t\t<div class=\"elementor-widget-container\">\n\t\t\t\t\t\t\t\t\t<p class=\"cvGsUA direction-ltr align-center para-style-body\"><span class=\"a_GcMg font-feature-liga-off font-feature-clig-off font-feature-calt-off text-decoration-none text-strikethrough-none\">Jaider es el creador de Aromas de Salgar, <\/span><span class=\"a_GcMg font-feature-liga-off font-feature-clig-off font-feature-calt-off text-decoration-none text-strikethrough-none\">un caf\u00e9 de especialidad con m\u00e1s de 84 puntos en cataci\u00f3n,<\/span><span class=\"a_GcMg font-feature-liga-off font-feature-clig-off font-feature-calt-off text-decoration-none text-strikethrough-none\"> reconocido por su calidad y consistencia.\u00a0<\/span><span class=\"a_GcMg font-feature-liga-off font-feature-clig-off font-feature-calt-off text-decoration-none text-strikethrough-none\">Su modelo combina <\/span><span class=\"a_GcMg font-feature-liga-off font-feature-clig-off font-feature-calt-off text-decoration-none text-strikethrough-none\">econom\u00eda circular, agricultura limpia y tecnolog\u00edas accesibles.<\/span><\/p>\n<p><a href=\"https:\/\/alinvest-verde.eu\/wp-content\/uploads\/2025\/10\/AROMAS-DE-SALGAR.pdf\">M\u00e1s informaci\u00f3n<\/a>.\u00a0<\/p>\t\t\t\t\t\t\t\t<\/div>\n\t\t\t\t<\/div>\n\t\t\t\t\t<\/div>\n\t\t<\/div>\n\t\t\t\t\t<\/div>\n\t\t<\/section>\n\t\t\t\t<section class=\"elementor-section elementor-top-section elementor-element elementor-element-234b5f8 elementor-section-boxed elementor-section-height-default elementor-section-height-default\" data-id=\"234b5f8\" data-element_type=\"section\" data-e-type=\"section\">\n\t\t\t\t\t\t<div class=\"elementor-container elementor-column-gap-default\">\n\t\t\t\t\t<div class=\"elementor-column elementor-col-50 elementor-top-column elementor-element elementor-element-6535623\" data-id=\"6535623\" data-element_type=\"column\" data-e-type=\"column\">\n\t\t\t<div class=\"elementor-widget-wrap elementor-element-populated\">\n\t\t\t\t\t\t<div class=\"elementor-element elementor-element-7044526 elementor-widget elementor-widget-image\" data-id=\"7044526\" data-element_type=\"widget\" data-e-type=\"widget\" data-widget_type=\"image.default\">\n\t\t\t\t<div class=\"elementor-widget-container\">\n\t\t\t\t\t\t\t\t\t\t\t\t\t\t\t<img decoding=\"async\" width=\"768\" height=\"1134\" src=\"https:\/\/alinvest-verde.eu\/wp-content\/uploads\/2025\/10\/CAFE-DON-MARTIN-e1759381040608-768x1134.jpg\" class=\"attachment-medium_large size-medium_large wp-image-19260\" alt=\"\" srcset=\"https:\/\/alinvest-verde.eu\/wp-content\/uploads\/2025\/10\/CAFE-DON-MARTIN-e1759381040608-768x1134.jpg 768w, https:\/\/alinvest-verde.eu\/wp-content\/uploads\/2025\/10\/CAFE-DON-MARTIN-e1759381040608-203x300.jpg 203w, https:\/\/alinvest-verde.eu\/wp-content\/uploads\/2025\/10\/CAFE-DON-MARTIN-e1759381040608-694x1024.jpg 694w, https:\/\/alinvest-verde.eu\/wp-content\/uploads\/2025\/10\/CAFE-DON-MARTIN-e1759381040608-1041x1536.jpg 1041w, https:\/\/alinvest-verde.eu\/wp-content\/uploads\/2025\/10\/CAFE-DON-MARTIN-e1759381040608-8x12.jpg 8w, https:\/\/alinvest-verde.eu\/wp-content\/uploads\/2025\/10\/CAFE-DON-MARTIN-e1759381040608.jpg 1080w\" sizes=\"(max-width: 768px) 100vw, 768px\" \/>\t\t\t\t\t\t\t\t\t\t\t\t\t\t\t<\/div>\n\t\t\t\t<\/div>\n\t\t\t\t\t<\/div>\n\t\t<\/div>\n\t\t\t\t<div class=\"elementor-column elementor-col-50 elementor-top-column elementor-element elementor-element-a0a84d6\" data-id=\"a0a84d6\" data-element_type=\"column\" data-e-type=\"column\">\n\t\t\t<div class=\"elementor-widget-wrap elementor-element-populated\">\n\t\t\t\t\t\t<div class=\"elementor-element elementor-element-21f6d3e elementor-widget elementor-widget-heading\" data-id=\"21f6d3e\" data-element_type=\"widget\" data-e-type=\"widget\" data-widget_type=\"heading.default\">\n\t\t\t\t<div class=\"elementor-widget-container\">\n\t\t\t\t\t<h2 class=\"elementor-heading-title elementor-size-default\">Caf\u00e9 Don Mart\u00edn  <\/h2>\t\t\t\t<\/div>\n\t\t\t\t<\/div>\n\t\t\t\t<div class=\"elementor-element elementor-element-e9745cd elementor-widget elementor-widget-text-editor\" data-id=\"e9745cd\" data-element_type=\"widget\" data-e-type=\"widget\" data-widget_type=\"text-editor.default\">\n\t\t\t\t<div class=\"elementor-widget-container\">\n\t\t\t\t\t\t\t\t\t<p class=\"cvGsUA direction-ltr align-center para-style-body\"><span class=\"a_GcMg font-feature-liga-off font-feature-clig-off font-feature-calt-off text-decoration-none text-strikethrough-none\">Caf\u00e9 Don Mart\u00edn<\/span><span class=\"a_GcMg font-feature-liga-off font-feature-clig-off font-feature-calt-off text-decoration-none text-strikethrough-none\"> es un homenaje a nuestro ancestro Mart\u00edn Bustamante,<\/span><span class=\"a_GcMg font-feature-liga-off font-feature-clig-off font-feature-calt-off text-decoration-none text-strikethrough-none\"> un hombre de honor que sembr\u00f3 en nosotros la <\/span><span class=\"a_GcMg font-feature-liga-off font-feature-clig-off font-feature-calt-off text-decoration-none text-strikethrough-none\">pasi\u00f3n por el caf\u00e9 y la fuerza de una tradici\u00f3n familiar <\/span><span class=\"a_GcMg font-feature-liga-off font-feature-clig-off font-feature-calt-off text-decoration-none text-strikethrough-none\">que hoy contin\u00faa viva.<\/span><\/p>\n<p class=\"cvGsUA direction-ltr align-center para-style-body\"><span class=\"a_GcMg font-feature-liga-off font-feature-clig-off font-feature-calt-off text-decoration-none text-strikethrough-none\">Participamos en cada etapa del proceso, desde la siembra hasta el empaque, <\/span><span class=\"a_GcMg font-feature-liga-off font-feature-clig-off font-feature-calt-off text-decoration-none text-strikethrough-none\">para garantizar un producto de alta calidad, con un sabor y aroma excepcionales que <\/span><span class=\"a_GcMg font-feature-liga-off font-feature-clig-off font-feature-calt-off text-decoration-none text-strikethrough-none\">reflejan nuestra tierra.<\/span><\/p>\n<p><a href=\"https:\/\/alinvest-verde.eu\/wp-content\/uploads\/2025\/10\/CAFE-DON-MARTIN.pdf\">M\u00e1s informaci\u00f3n<\/a>.\u00a0<\/p>\t\t\t\t\t\t\t\t<\/div>\n\t\t\t\t<\/div>\n\t\t\t\t\t<\/div>\n\t\t<\/div>\n\t\t\t\t\t<\/div>\n\t\t<\/section>\n\t\t\t\t<section class=\"elementor-section elementor-top-section elementor-element elementor-element-5574717 elementor-section-boxed elementor-section-height-default elementor-section-height-default\" data-id=\"5574717\" data-element_type=\"section\" data-e-type=\"section\">\n\t\t\t\t\t\t<div class=\"elementor-container elementor-column-gap-default\">\n\t\t\t\t\t<div class=\"elementor-column elementor-col-50 elementor-top-column elementor-element elementor-element-6301981\" data-id=\"6301981\" data-element_type=\"column\" data-e-type=\"column\">\n\t\t\t<div class=\"elementor-widget-wrap elementor-element-populated\">\n\t\t\t\t\t\t<div class=\"elementor-element elementor-element-6fdba0b elementor-widget elementor-widget-image\" data-id=\"6fdba0b\" data-element_type=\"widget\" data-e-type=\"widget\" data-widget_type=\"image.default\">\n\t\t\t\t<div class=\"elementor-widget-container\">\n\t\t\t\t\t\t\t\t\t\t\t\t\t\t\t<img loading=\"lazy\" decoding=\"async\" width=\"768\" height=\"1147\" src=\"https:\/\/alinvest-verde.eu\/wp-content\/uploads\/2025\/10\/Go-Bro\u00b4s-Coffee--e1759381172906-768x1147.jpg\" class=\"attachment-medium_large size-medium_large wp-image-19261\" alt=\"\" srcset=\"https:\/\/alinvest-verde.eu\/wp-content\/uploads\/2025\/10\/Go-Bro\u00b4s-Coffee--e1759381172906-768x1147.jpg 768w, https:\/\/alinvest-verde.eu\/wp-content\/uploads\/2025\/10\/Go-Bro\u00b4s-Coffee--e1759381172906-201x300.jpg 201w, https:\/\/alinvest-verde.eu\/wp-content\/uploads\/2025\/10\/Go-Bro\u00b4s-Coffee--e1759381172906-686x1024.jpg 686w, https:\/\/alinvest-verde.eu\/wp-content\/uploads\/2025\/10\/Go-Bro\u00b4s-Coffee--e1759381172906-1028x1536.jpg 1028w, https:\/\/alinvest-verde.eu\/wp-content\/uploads\/2025\/10\/Go-Bro\u00b4s-Coffee--e1759381172906-8x12.jpg 8w, https:\/\/alinvest-verde.eu\/wp-content\/uploads\/2025\/10\/Go-Bro\u00b4s-Coffee--e1759381172906.jpg 1080w\" sizes=\"(max-width: 768px) 100vw, 768px\" \/>\t\t\t\t\t\t\t\t\t\t\t\t\t\t\t<\/div>\n\t\t\t\t<\/div>\n\t\t\t\t\t<\/div>\n\t\t<\/div>\n\t\t\t\t<div class=\"elementor-column elementor-col-50 elementor-top-column elementor-element elementor-element-05df321\" data-id=\"05df321\" data-element_type=\"column\" data-e-type=\"column\">\n\t\t\t<div class=\"elementor-widget-wrap elementor-element-populated\">\n\t\t\t\t\t\t<div class=\"elementor-element elementor-element-cc23b74 elementor-widget elementor-widget-heading\" data-id=\"cc23b74\" data-element_type=\"widget\" data-e-type=\"widget\" data-widget_type=\"heading.default\">\n\t\t\t\t<div class=\"elementor-widget-container\">\n\t\t\t\t\t<h2 class=\"elementor-heading-title elementor-size-default\">Go Bro\u00b4s Coffee  <\/h2>\t\t\t\t<\/div>\n\t\t\t\t<\/div>\n\t\t\t\t<div class=\"elementor-element elementor-element-05742f9 elementor-widget elementor-widget-text-editor\" data-id=\"05742f9\" data-element_type=\"widget\" data-e-type=\"widget\" data-widget_type=\"text-editor.default\">\n\t\t\t\t<div class=\"elementor-widget-container\">\n\t\t\t\t\t\t\t\t\t<p class=\"cvGsUA direction-ltr align-center para-style-body\"><span class=\"a_GcMg font-feature-liga-off font-feature-clig-off font-feature-calt-off text-decoration-none text-strikethrough-none\">Del legado al mercado global: la historia de Pablo G\u00f3mez es la de un joven que convirti\u00f3 <\/span><span class=\"a_GcMg font-feature-liga-off font-feature-clig-off font-feature-calt-off text-decoration-none text-strikethrough-none\">la pasi\u00f3n por el caf\u00e9 en una empresa con prop\u00f3sito.<\/span><span class=\"a_GcMg font-feature-liga-off font-feature-clig-off font-feature-calt-off text-decoration-none text-strikethrough-none\"> Inspirado por su madre, ejemplo de disciplina y visi\u00f3n, Pablo fund\u00f3 Go Bro\u2019s Coffee, un proyecto familiar que hoy abre puertas en mercados internacionales. <\/span><span class=\"a_GcMg font-feature-liga-off font-feature-clig-off font-feature-calt-off text-decoration-none text-strikethrough-none\">En su agroempresa cultiva variedades de alta calidad, aplicando procesos limpios y sostenibles.<\/span><\/p>\n<p><a href=\"https:\/\/alinvest-verde.eu\/wp-content\/uploads\/2025\/10\/Go-Bro\u00b4s-Coffee-.pdf\">M\u00e1s informaci\u00f3n<\/a>.\u00a0<\/p>\t\t\t\t\t\t\t\t<\/div>\n\t\t\t\t<\/div>\n\t\t\t\t\t<\/div>\n\t\t<\/div>\n\t\t\t\t\t<\/div>\n\t\t<\/section>\n\t\t\t\t<section class=\"elementor-section elementor-top-section elementor-element elementor-element-6d675a6 elementor-section-boxed elementor-section-height-default elementor-section-height-default\" data-id=\"6d675a6\" data-element_type=\"section\" data-e-type=\"section\">\n\t\t\t\t\t\t<div class=\"elementor-container elementor-column-gap-default\">\n\t\t\t\t\t<div class=\"elementor-column elementor-col-50 elementor-top-column elementor-element elementor-element-f614a46\" data-id=\"f614a46\" data-element_type=\"column\" data-e-type=\"column\">\n\t\t\t<div class=\"elementor-widget-wrap elementor-element-populated\">\n\t\t\t\t\t\t<div class=\"elementor-element elementor-element-2c6c0d6 elementor-widget elementor-widget-image\" data-id=\"2c6c0d6\" data-element_type=\"widget\" data-e-type=\"widget\" data-widget_type=\"image.default\">\n\t\t\t\t<div class=\"elementor-widget-container\">\n\t\t\t\t\t\t\t\t\t\t\t\t\t\t\t<img loading=\"lazy\" decoding=\"async\" width=\"768\" height=\"1179\" src=\"https:\/\/alinvest-verde.eu\/wp-content\/uploads\/2025\/10\/KAMARIJA-e1759381378260-768x1179.jpg\" class=\"attachment-medium_large size-medium_large wp-image-19263\" alt=\"\" srcset=\"https:\/\/alinvest-verde.eu\/wp-content\/uploads\/2025\/10\/KAMARIJA-e1759381378260-768x1179.jpg 768w, https:\/\/alinvest-verde.eu\/wp-content\/uploads\/2025\/10\/KAMARIJA-e1759381378260-195x300.jpg 195w, https:\/\/alinvest-verde.eu\/wp-content\/uploads\/2025\/10\/KAMARIJA-e1759381378260-667x1024.jpg 667w, https:\/\/alinvest-verde.eu\/wp-content\/uploads\/2025\/10\/KAMARIJA-e1759381378260-1001x1536.jpg 1001w, https:\/\/alinvest-verde.eu\/wp-content\/uploads\/2025\/10\/KAMARIJA-e1759381378260-8x12.jpg 8w, https:\/\/alinvest-verde.eu\/wp-content\/uploads\/2025\/10\/KAMARIJA-e1759381378260.jpg 1080w\" sizes=\"(max-width: 768px) 100vw, 768px\" \/>\t\t\t\t\t\t\t\t\t\t\t\t\t\t\t<\/div>\n\t\t\t\t<\/div>\n\t\t\t\t\t<\/div>\n\t\t<\/div>\n\t\t\t\t<div class=\"elementor-column elementor-col-50 elementor-top-column elementor-element elementor-element-36379fd\" data-id=\"36379fd\" data-element_type=\"column\" data-e-type=\"column\">\n\t\t\t<div class=\"elementor-widget-wrap elementor-element-populated\">\n\t\t\t\t\t\t<div class=\"elementor-element elementor-element-75c72cd elementor-widget elementor-widget-heading\" data-id=\"75c72cd\" data-element_type=\"widget\" data-e-type=\"widget\" data-widget_type=\"heading.default\">\n\t\t\t\t<div class=\"elementor-widget-container\">\n\t\t\t\t\t<h2 class=\"elementor-heading-title elementor-size-default\">Kamarija Coffee<\/h2>\t\t\t\t<\/div>\n\t\t\t\t<\/div>\n\t\t\t\t<div class=\"elementor-element elementor-element-ffc2277 elementor-widget elementor-widget-text-editor\" data-id=\"ffc2277\" data-element_type=\"widget\" data-e-type=\"widget\" data-widget_type=\"text-editor.default\">\n\t\t\t\t<div class=\"elementor-widget-container\">\n\t\t\t\t\t\t\t\t\t<p class=\"cvGsUA direction-ltr align-center para-style-body\"><span class=\"a_GcMg font-feature-liga-off font-feature-clig-off font-feature-calt-off text-decoration-none text-strikethrough-none\">En 2020, <\/span><span class=\"a_GcMg font-feature-liga-off font-feature-clig-off font-feature-calt-off text-decoration-none text-strikethrough-none\">mientras el mundo se deten\u00eda, en Jard\u00edn, Antioquia, nac\u00eda Kamarija Coffee,<\/span><span class=\"a_GcMg font-feature-liga-off font-feature-clig-off font-feature-calt-off text-decoration-none text-strikethrough-none\"> fruto del sue\u00f1o de <\/span><span class=\"a_GcMg font-feature-liga-off font-feature-clig-off font-feature-calt-off text-decoration-none text-strikethrough-none\">Alejandro y Bibiana<\/span><span class=\"a_GcMg font-feature-liga-off font-feature-clig-off font-feature-calt-off text-decoration-none text-strikethrough-none\">. Su nombre es un acr\u00f3nimo de <\/span><span class=\"a_GcMg font-feature-liga-off font-feature-clig-off font-feature-calt-off text-decoration-none text-strikethrough-none\">Casa Amarilla de R\u00edo Claro Jard\u00edn, con la K en honor a la herencia embera de Bibiana<\/span><span class=\"a_GcMg font-feature-liga-off font-feature-clig-off font-feature-calt-off text-decoration-none text-strikethrough-none\">. M\u00e1s que un caf\u00e9, es un proyecto de vida que <\/span><span class=\"a_GcMg font-feature-liga-off font-feature-clig-off font-feature-calt-off text-decoration-none text-strikethrough-none\">reconecta a esta pareja con su familia, su tierra y la biodiversidad que los inspira.<\/span><\/p>\n<p><a href=\"https:\/\/alinvest-verde.eu\/wp-content\/uploads\/2025\/10\/KAMARIJA.pdf\">M\u00e1s informaci\u00f3n<\/a>.\u00a0<\/p>\t\t\t\t\t\t\t\t<\/div>\n\t\t\t\t<\/div>\n\t\t\t\t\t<\/div>\n\t\t<\/div>\n\t\t\t\t\t<\/div>\n\t\t<\/section>\n\t\t\t\t<section class=\"elementor-section elementor-top-section elementor-element elementor-element-168043c elementor-section-boxed elementor-section-height-default elementor-section-height-default\" data-id=\"168043c\" data-element_type=\"section\" data-e-type=\"section\">\n\t\t\t\t\t\t<div class=\"elementor-container elementor-column-gap-default\">\n\t\t\t\t\t<div class=\"elementor-column elementor-col-50 elementor-top-column elementor-element elementor-element-6442663\" data-id=\"6442663\" data-element_type=\"column\" data-e-type=\"column\">\n\t\t\t<div class=\"elementor-widget-wrap elementor-element-populated\">\n\t\t\t\t\t\t<div class=\"elementor-element elementor-element-1d1ca8d elementor-widget elementor-widget-image\" data-id=\"1d1ca8d\" data-element_type=\"widget\" data-e-type=\"widget\" data-widget_type=\"image.default\">\n\t\t\t\t<div class=\"elementor-widget-container\">\n\t\t\t\t\t\t\t\t\t\t\t\t\t\t\t<img loading=\"lazy\" decoding=\"async\" width=\"768\" height=\"1156\" src=\"https:\/\/alinvest-verde.eu\/wp-content\/uploads\/2025\/10\/ANDARIEGO-COFFEE-e1759381502444-768x1156.jpg\" class=\"attachment-medium_large size-medium_large wp-image-19265\" alt=\"\" srcset=\"https:\/\/alinvest-verde.eu\/wp-content\/uploads\/2025\/10\/ANDARIEGO-COFFEE-e1759381502444-768x1156.jpg 768w, https:\/\/alinvest-verde.eu\/wp-content\/uploads\/2025\/10\/ANDARIEGO-COFFEE-e1759381502444-199x300.jpg 199w, https:\/\/alinvest-verde.eu\/wp-content\/uploads\/2025\/10\/ANDARIEGO-COFFEE-e1759381502444-680x1024.jpg 680w, https:\/\/alinvest-verde.eu\/wp-content\/uploads\/2025\/10\/ANDARIEGO-COFFEE-e1759381502444-1020x1536.jpg 1020w, https:\/\/alinvest-verde.eu\/wp-content\/uploads\/2025\/10\/ANDARIEGO-COFFEE-e1759381502444-8x12.jpg 8w, https:\/\/alinvest-verde.eu\/wp-content\/uploads\/2025\/10\/ANDARIEGO-COFFEE-e1759381502444.jpg 1080w\" sizes=\"(max-width: 768px) 100vw, 768px\" \/>\t\t\t\t\t\t\t\t\t\t\t\t\t\t\t<\/div>\n\t\t\t\t<\/div>\n\t\t\t\t\t<\/div>\n\t\t<\/div>\n\t\t\t\t<div class=\"elementor-column elementor-col-50 elementor-top-column elementor-element elementor-element-9182e1d\" data-id=\"9182e1d\" data-element_type=\"column\" data-e-type=\"column\">\n\t\t\t<div class=\"elementor-widget-wrap elementor-element-populated\">\n\t\t\t\t\t\t<div class=\"elementor-element elementor-element-6ee46dc elementor-widget elementor-widget-heading\" data-id=\"6ee46dc\" data-element_type=\"widget\" data-e-type=\"widget\" data-widget_type=\"heading.default\">\n\t\t\t\t<div class=\"elementor-widget-container\">\n\t\t\t\t\t<h2 class=\"elementor-heading-title elementor-size-default\">Andariego Coffee<\/h2>\t\t\t\t<\/div>\n\t\t\t\t<\/div>\n\t\t\t\t<div class=\"elementor-element elementor-element-d091205 elementor-widget elementor-widget-text-editor\" data-id=\"d091205\" data-element_type=\"widget\" data-e-type=\"widget\" data-widget_type=\"text-editor.default\">\n\t\t\t\t<div class=\"elementor-widget-container\">\n\t\t\t\t\t\t\t\t\t<p class=\"cvGsUA direction-ltr align-center para-style-body\"><span class=\"a_GcMg font-feature-liga-off font-feature-clig-off font-feature-calt-off text-decoration-none text-strikethrough-none\">El clima, la variedad, la recolecci\u00f3n y el secado <\/span><span class=\"a_GcMg font-feature-liga-off font-feature-clig-off font-feature-calt-off text-decoration-none text-strikethrough-none\">se unen para dar vida a un perfil caracter\u00edstico, propio de esta tierra cafetera.<\/span><\/p>\n<p class=\"cvGsUA direction-ltr align-center para-style-body\"><span class=\"a_GcMg font-feature-liga-off font-feature-clig-off font-feature-calt-off text-decoration-none text-strikethrough-none\">La historia se remonta a 1943, a\u00f1o en el que nacieron Sigifredo Restrepo y Ernesto Durango, dos legendarios caficultores que, con esfuerzo y dedicaci\u00f3n, <\/span><span class=\"a_GcMg font-feature-liga-off font-feature-clig-off font-feature-calt-off text-decoration-none text-strikethrough-none\">nos inspiraron a darle valor agregado a este fruto maravilloso.<\/span><\/p>\n<p><a href=\"https:\/\/alinvest-verde.eu\/wp-content\/uploads\/2025\/10\/ANDARIEGO-COFFEE.pdf\">M\u00e1s informaci\u00f3n<\/a>.\u00a0<\/p>\t\t\t\t\t\t\t\t<\/div>\n\t\t\t\t<\/div>\n\t\t\t\t\t<\/div>\n\t\t<\/div>\n\t\t\t\t\t<\/div>\n\t\t<\/section>\n\t\t\t\t<section class=\"elementor-section elementor-top-section elementor-element elementor-element-88aca15 elementor-section-boxed elementor-section-height-default elementor-section-height-default\" data-id=\"88aca15\" data-element_type=\"section\" data-e-type=\"section\">\n\t\t\t\t\t\t<div class=\"elementor-container elementor-column-gap-default\">\n\t\t\t\t\t<div class=\"elementor-column elementor-col-50 elementor-top-column elementor-element elementor-element-fdd892b\" data-id=\"fdd892b\" data-element_type=\"column\" data-e-type=\"column\">\n\t\t\t<div class=\"elementor-widget-wrap elementor-element-populated\">\n\t\t\t\t\t\t<div class=\"elementor-element elementor-element-d6307d4 elementor-widget elementor-widget-image\" data-id=\"d6307d4\" data-element_type=\"widget\" data-e-type=\"widget\" data-widget_type=\"image.default\">\n\t\t\t\t<div class=\"elementor-widget-container\">\n\t\t\t\t\t\t\t\t\t\t\t\t\t\t\t<img loading=\"lazy\" decoding=\"async\" width=\"768\" height=\"1113\" src=\"https:\/\/alinvest-verde.eu\/wp-content\/uploads\/2025\/10\/FRUTA-CAFE-e1759381684662-768x1113.jpg\" class=\"attachment-medium_large size-medium_large wp-image-19267\" alt=\"\" srcset=\"https:\/\/alinvest-verde.eu\/wp-content\/uploads\/2025\/10\/FRUTA-CAFE-e1759381684662-768x1113.jpg 768w, https:\/\/alinvest-verde.eu\/wp-content\/uploads\/2025\/10\/FRUTA-CAFE-e1759381684662-207x300.jpg 207w, https:\/\/alinvest-verde.eu\/wp-content\/uploads\/2025\/10\/FRUTA-CAFE-e1759381684662-707x1024.jpg 707w, https:\/\/alinvest-verde.eu\/wp-content\/uploads\/2025\/10\/FRUTA-CAFE-e1759381684662-1060x1536.jpg 1060w, https:\/\/alinvest-verde.eu\/wp-content\/uploads\/2025\/10\/FRUTA-CAFE-e1759381684662-8x12.jpg 8w, https:\/\/alinvest-verde.eu\/wp-content\/uploads\/2025\/10\/FRUTA-CAFE-e1759381684662.jpg 1080w\" sizes=\"(max-width: 768px) 100vw, 768px\" \/>\t\t\t\t\t\t\t\t\t\t\t\t\t\t\t<\/div>\n\t\t\t\t<\/div>\n\t\t\t\t\t<\/div>\n\t\t<\/div>\n\t\t\t\t<div class=\"elementor-column elementor-col-50 elementor-top-column elementor-element elementor-element-f9b05fa\" data-id=\"f9b05fa\" data-element_type=\"column\" data-e-type=\"column\">\n\t\t\t<div class=\"elementor-widget-wrap elementor-element-populated\">\n\t\t\t\t\t\t<div class=\"elementor-element elementor-element-0b5c284 elementor-widget elementor-widget-heading\" data-id=\"0b5c284\" data-element_type=\"widget\" data-e-type=\"widget\" data-widget_type=\"heading.default\">\n\t\t\t\t<div class=\"elementor-widget-container\">\n\t\t\t\t\t<h2 class=\"elementor-heading-title elementor-size-default\">Fruta Caf\u00e9<\/h2>\t\t\t\t<\/div>\n\t\t\t\t<\/div>\n\t\t\t\t<div class=\"elementor-element elementor-element-676bd52 elementor-widget elementor-widget-text-editor\" data-id=\"676bd52\" data-element_type=\"widget\" data-e-type=\"widget\" data-widget_type=\"text-editor.default\">\n\t\t\t\t<div class=\"elementor-widget-container\">\n\t\t\t\t\t\t\t\t\t<p class=\"cvGsUA direction-ltr align-center para-style-body\"><span class=\"a_GcMg font-feature-liga-off font-feature-clig-off font-feature-calt-off text-decoration-none text-strikethrough-none\">Alejandro es un campesino de tercera generaci\u00f3n, <\/span><span class=\"a_GcMg font-feature-liga-off font-feature-clig-off font-feature-calt-off text-decoration-none text-strikethrough-none\">heredero de una tradici\u00f3n cafetera <\/span><span class=\"a_GcMg font-feature-liga-off font-feature-clig-off font-feature-calt-off text-decoration-none text-strikethrough-none\">que huele a tierra h\u00fameda y a esperanza.\u00a0<\/span><\/p>\n<p class=\"cvGsUA direction-ltr align-center para-style-body\"><span class=\"a_GcMg font-feature-liga-off font-feature-clig-off font-feature-calt-off text-decoration-none text-strikethrough-none\">Hoy cultiva <\/span><span class=\"a_GcMg font-feature-liga-off font-feature-clig-off font-feature-calt-off text-decoration-none text-strikethrough-none\">caf\u00e9 sostenible<\/span><span class=\"a_GcMg font-feature-liga-off font-feature-clig-off font-feature-calt-off text-decoration-none text-strikethrough-none\"> en las monta\u00f1as del suroeste antioque\u00f1o, <\/span><span class=\"a_GcMg font-feature-liga-off font-feature-clig-off font-feature-calt-off text-decoration-none text-strikethrough-none\">donde la neblina y el sol se unen para dar vida a una taza fresca<\/span><span class=\"a_GcMg font-feature-liga-off font-feature-clig-off font-feature-calt-off text-decoration-none text-strikethrough-none\">, de calidad y con profundo respeto por la naturaleza.<\/span><\/p>\n<p><a href=\"https:\/\/alinvest-verde.eu\/wp-content\/uploads\/2025\/10\/FRUTA-CAFE-3.pdf\">M\u00e1s informaci\u00f3n<\/a>.\u00a0<\/p>\t\t\t\t\t\t\t\t<\/div>\n\t\t\t\t<\/div>\n\t\t\t\t\t<\/div>\n\t\t<\/div>\n\t\t\t\t\t<\/div>\n\t\t<\/section>\n\t\t\t\t<\/div>\n\t\t","protected":false},"excerpt":{"rendered":"<p>Para darles la bienvenida a nuestros participantes, hemos preparado un obsequio muy especial: un caf\u00e9 \u00fanico para este evento, producido por las pymes que forman parte de nuestros beneficiarios.\u00a0 Cada taza de este caf\u00e9 representa el esfuerzo y la pasi\u00f3n de estas pymes, que cultivan con dedicaci\u00f3n granos de alta calidad en distintas regiones de [&hellip;]<\/p>\n","protected":false},"author":4,"featured_media":19254,"comment_status":"closed","ping_status":"closed","sticky":false,"template":"","format":"standard","meta":{"footnotes":""},"categories":[1],"tags":[],"class_list":["post-19253","post","type-post","status-publish","format-standard","has-post-thumbnail","hentry","category-allgemein"],"yoast_head":"<!-- This site is optimized with the Yoast SEO plugin v28.4 - https:\/\/yoast.com\/product\/yoast-seo-wordpress\/ -->\n<title>Caf\u00e9 con prop\u00f3sito, el sabor de nuestras pymes - Programme AL-INVEST Verde<\/title>\n<meta name=\"robots\" content=\"index, follow, max-snippet:-1, max-image-preview:large, max-video-preview:-1\" \/>\n<link rel=\"canonical\" href=\"https:\/\/alinvest-verde.eu\/es_es\/cafe-con-proposito-el-sabor-de-nuestras-pymes\/\" \/>\n<meta property=\"og:locale\" content=\"es_ES\" \/>\n<meta property=\"og:type\" content=\"article\" \/>\n<meta property=\"og:title\" content=\"Caf\u00e9 con prop\u00f3sito, el sabor de nuestras pymes - Programme AL-INVEST Verde\" \/>\n<meta property=\"og:description\" content=\"Para darles la bienvenida a nuestros participantes, hemos preparado un obsequio muy especial: un caf\u00e9 \u00fanico para este evento, producido por las pymes que forman parte de nuestros beneficiarios.\u00a0 Cada taza de este caf\u00e9 representa el esfuerzo y la pasi\u00f3n de estas pymes, que cultivan con dedicaci\u00f3n granos de alta calidad en distintas regiones de [&hellip;]\" \/>\n<meta property=\"og:url\" content=\"https:\/\/alinvest-verde.eu\/es_es\/cafe-con-proposito-el-sabor-de-nuestras-pymes\/\" \/>\n<meta property=\"og:site_name\" content=\"Programme AL-INVEST Verde\" \/>\n<meta property=\"article:published_time\" content=\"2025-10-02T05:11:19+00:00\" \/>\n<meta property=\"article:modified_time\" content=\"2025-10-06T13:58:46+00:00\" \/>\n<meta property=\"og:image\" content=\"https:\/\/alinvest-verde.eu\/wp-content\/uploads\/2025\/10\/coffee-bean-156527_1280.png\" \/>\n\t<meta property=\"og:image:width\" content=\"937\" \/>\n\t<meta property=\"og:image:height\" content=\"1280\" \/>\n\t<meta property=\"og:image:type\" content=\"image\/png\" \/>\n<meta name=\"author\" content=\"Malena Sousa\" \/>\n<meta name=\"twitter:card\" content=\"summary_large_image\" \/>\n<meta name=\"twitter:label1\" content=\"Escrito por\" \/>\n\t<meta name=\"twitter:data1\" content=\"\" \/>\n\t<meta name=\"twitter:label2\" content=\"Tiempo de lectura\" \/>\n\t<meta name=\"twitter:data2\" content=\"4 minutos\" \/>\n<script type=\"application\/ld+json\" class=\"yoast-schema-graph\">{\"@context\":\"https:\\\/\\\/schema.org\",\"@graph\":[{\"@type\":\"Article\",\"@id\":\"https:\\\/\\\/alinvest-verde.eu\\\/cafe-con-proposito-el-sabor-de-nuestras-pymes\\\/#article\",\"isPartOf\":{\"@id\":\"https:\\\/\\\/alinvest-verde.eu\\\/cafe-con-proposito-el-sabor-de-nuestras-pymes\\\/\"},\"author\":{\"name\":\"Malena Sousa\",\"@id\":\"https:\\\/\\\/alinvest-verde.eu\\\/#\\\/schema\\\/person\\\/f18f811fbc283c4879102f4ba5f9e9cc\"},\"headline\":\"Caf\u00e9 con prop\u00f3sito, el sabor de nuestras pymes\",\"datePublished\":\"2025-10-02T05:11:19+00:00\",\"dateModified\":\"2025-10-06T13:58:46+00:00\",\"mainEntityOfPage\":{\"@id\":\"https:\\\/\\\/alinvest-verde.eu\\\/cafe-con-proposito-el-sabor-de-nuestras-pymes\\\/\"},\"wordCount\":631,\"publisher\":{\"@id\":\"https:\\\/\\\/alinvest-verde.eu\\\/#organization\"},\"image\":{\"@id\":\"https:\\\/\\\/alinvest-verde.eu\\\/cafe-con-proposito-el-sabor-de-nuestras-pymes\\\/#primaryimage\"},\"thumbnailUrl\":\"https:\\\/\\\/alinvest-verde.eu\\\/wp-content\\\/uploads\\\/2025\\\/10\\\/coffee-bean-156527_1280.png\",\"articleSection\":[\"Allgemein\"],\"inLanguage\":\"es\"},{\"@type\":\"WebPage\",\"@id\":\"https:\\\/\\\/alinvest-verde.eu\\\/cafe-con-proposito-el-sabor-de-nuestras-pymes\\\/\",\"url\":\"https:\\\/\\\/alinvest-verde.eu\\\/cafe-con-proposito-el-sabor-de-nuestras-pymes\\\/\",\"name\":\"Caf\u00e9 con prop\u00f3sito, el sabor de nuestras pymes - Programme AL-INVEST Verde\",\"isPartOf\":{\"@id\":\"https:\\\/\\\/alinvest-verde.eu\\\/#website\"},\"primaryImageOfPage\":{\"@id\":\"https:\\\/\\\/alinvest-verde.eu\\\/cafe-con-proposito-el-sabor-de-nuestras-pymes\\\/#primaryimage\"},\"image\":{\"@id\":\"https:\\\/\\\/alinvest-verde.eu\\\/cafe-con-proposito-el-sabor-de-nuestras-pymes\\\/#primaryimage\"},\"thumbnailUrl\":\"https:\\\/\\\/alinvest-verde.eu\\\/wp-content\\\/uploads\\\/2025\\\/10\\\/coffee-bean-156527_1280.png\",\"datePublished\":\"2025-10-02T05:11:19+00:00\",\"dateModified\":\"2025-10-06T13:58:46+00:00\",\"breadcrumb\":{\"@id\":\"https:\\\/\\\/alinvest-verde.eu\\\/cafe-con-proposito-el-sabor-de-nuestras-pymes\\\/#breadcrumb\"},\"inLanguage\":\"es\",\"potentialAction\":[{\"@type\":\"ReadAction\",\"target\":[\"https:\\\/\\\/alinvest-verde.eu\\\/cafe-con-proposito-el-sabor-de-nuestras-pymes\\\/\"]}]},{\"@type\":\"ImageObject\",\"inLanguage\":\"es\",\"@id\":\"https:\\\/\\\/alinvest-verde.eu\\\/cafe-con-proposito-el-sabor-de-nuestras-pymes\\\/#primaryimage\",\"url\":\"https:\\\/\\\/alinvest-verde.eu\\\/wp-content\\\/uploads\\\/2025\\\/10\\\/coffee-bean-156527_1280.png\",\"contentUrl\":\"https:\\\/\\\/alinvest-verde.eu\\\/wp-content\\\/uploads\\\/2025\\\/10\\\/coffee-bean-156527_1280.png\",\"width\":937,\"height\":1280},{\"@type\":\"BreadcrumbList\",\"@id\":\"https:\\\/\\\/alinvest-verde.eu\\\/cafe-con-proposito-el-sabor-de-nuestras-pymes\\\/#breadcrumb\",\"itemListElement\":[{\"@type\":\"ListItem\",\"position\":1,\"name\":\"Inicio\",\"item\":\"https:\\\/\\\/alinvest-verde.eu\\\/\"},{\"@type\":\"ListItem\",\"position\":2,\"name\":\"Allgemein\",\"item\":\"https:\\\/\\\/alinvest-verde.eu\\\/category\\\/allgemein\\\/\"},{\"@type\":\"ListItem\",\"position\":3,\"name\":\"Caf\u00e9 con prop\u00f3sito, el sabor de nuestras pymes\"}]},{\"@type\":\"WebSite\",\"@id\":\"https:\\\/\\\/alinvest-verde.eu\\\/#website\",\"url\":\"https:\\\/\\\/alinvest-verde.eu\\\/\",\"name\":\"Programme AL-INVEST Verde\",\"description\":\"Building alliances with the private sector in LA and promote sustainable growth and jobs creation by supporting the transition towards a low-carbon, resource-efficient economy\",\"publisher\":{\"@id\":\"https:\\\/\\\/alinvest-verde.eu\\\/#organization\"},\"potentialAction\":[{\"@type\":\"SearchAction\",\"target\":{\"@type\":\"EntryPoint\",\"urlTemplate\":\"https:\\\/\\\/alinvest-verde.eu\\\/?s={search_term_string}\"},\"query-input\":{\"@type\":\"PropertyValueSpecification\",\"valueRequired\":true,\"valueName\":\"search_term_string\"}}],\"inLanguage\":\"es\"},{\"@type\":\"Organization\",\"@id\":\"https:\\\/\\\/alinvest-verde.eu\\\/#organization\",\"name\":\"Programme AL-INVEST Verde\",\"url\":\"https:\\\/\\\/alinvest-verde.eu\\\/\",\"logo\":{\"@type\":\"ImageObject\",\"inLanguage\":\"es\",\"@id\":\"https:\\\/\\\/alinvest-verde.eu\\\/#\\\/schema\\\/logo\\\/image\\\/\",\"url\":\"https:\\\/\\\/alinvest-verde.eu\\\/wp-content\\\/uploads\\\/2022\\\/01\\\/cropped-logo-financiado-por-la-UE.jpg\",\"contentUrl\":\"https:\\\/\\\/alinvest-verde.eu\\\/wp-content\\\/uploads\\\/2022\\\/01\\\/cropped-logo-financiado-por-la-UE.jpg\",\"width\":756,\"height\":216,\"caption\":\"Programme AL-INVEST Verde\"},\"image\":{\"@id\":\"https:\\\/\\\/alinvest-verde.eu\\\/#\\\/schema\\\/logo\\\/image\\\/\"}},{\"@type\":\"Person\",\"@id\":\"https:\\\/\\\/alinvest-verde.eu\\\/#\\\/schema\\\/person\\\/f18f811fbc283c4879102f4ba5f9e9cc\",\"name\":\"Malena Sousa\",\"image\":{\"@type\":\"ImageObject\",\"inLanguage\":\"es\",\"@id\":\"https:\\\/\\\/secure.gravatar.com\\\/avatar\\\/74c4287a4f65459fc00b8d8be549ed384ace7d1edd2dab408eba902c46cbcab1?s=96&d=mm&r=g\",\"url\":\"https:\\\/\\\/secure.gravatar.com\\\/avatar\\\/74c4287a4f65459fc00b8d8be549ed384ace7d1edd2dab408eba902c46cbcab1?s=96&d=mm&r=g\",\"contentUrl\":\"https:\\\/\\\/secure.gravatar.com\\\/avatar\\\/74c4287a4f65459fc00b8d8be549ed384ace7d1edd2dab408eba902c46cbcab1?s=96&d=mm&r=g\",\"caption\":\"Malena Sousa\"},\"url\":\"https:\\\/\\\/alinvest-verde.eu\\\/es_es\\\/author\\\/malena-sousa\\\/\"}]}<\/script>\n<!-- \/ Yoast SEO plugin. -->","yoast_head_json":{"title":"Caf\u00e9 con prop\u00f3sito, el sabor de nuestras pymes - Programme AL-INVEST Verde","robots":{"index":"index","follow":"follow","max-snippet":"max-snippet:-1","max-image-preview":"max-image-preview:large","max-video-preview":"max-video-preview:-1"},"canonical":"https:\/\/alinvest-verde.eu\/es_es\/cafe-con-proposito-el-sabor-de-nuestras-pymes\/","og_locale":"es_ES","og_type":"article","og_title":"Caf\u00e9 con prop\u00f3sito, el sabor de nuestras pymes - Programme AL-INVEST Verde","og_description":"Para darles la bienvenida a nuestros participantes, hemos preparado un obsequio muy especial: un caf\u00e9 \u00fanico para este evento, producido por las pymes que forman parte de nuestros beneficiarios.\u00a0 Cada taza de este caf\u00e9 representa el esfuerzo y la pasi\u00f3n de estas pymes, que cultivan con dedicaci\u00f3n granos de alta calidad en distintas regiones de [&hellip;]","og_url":"https:\/\/alinvest-verde.eu\/es_es\/cafe-con-proposito-el-sabor-de-nuestras-pymes\/","og_site_name":"Programme AL-INVEST Verde","article_published_time":"2025-10-02T05:11:19+00:00","article_modified_time":"2025-10-06T13:58:46+00:00","og_image":[{"width":937,"height":1280,"url":"https:\/\/alinvest-verde.eu\/wp-content\/uploads\/2025\/10\/coffee-bean-156527_1280.png","type":"image\/png"}],"author":"Malena Sousa","twitter_card":"summary_large_image","twitter_misc":{"Escrito por":false,"Tiempo de lectura":"4 minutos"},"schema":{"@context":"https:\/\/schema.org","@graph":[{"@type":"Article","@id":"https:\/\/alinvest-verde.eu\/cafe-con-proposito-el-sabor-de-nuestras-pymes\/#article","isPartOf":{"@id":"https:\/\/alinvest-verde.eu\/cafe-con-proposito-el-sabor-de-nuestras-pymes\/"},"author":{"name":"Malena Sousa","@id":"https:\/\/alinvest-verde.eu\/#\/schema\/person\/f18f811fbc283c4879102f4ba5f9e9cc"},"headline":"Caf\u00e9 con prop\u00f3sito, el sabor de nuestras pymes","datePublished":"2025-10-02T05:11:19+00:00","dateModified":"2025-10-06T13:58:46+00:00","mainEntityOfPage":{"@id":"https:\/\/alinvest-verde.eu\/cafe-con-proposito-el-sabor-de-nuestras-pymes\/"},"wordCount":631,"publisher":{"@id":"https:\/\/alinvest-verde.eu\/#organization"},"image":{"@id":"https:\/\/alinvest-verde.eu\/cafe-con-proposito-el-sabor-de-nuestras-pymes\/#primaryimage"},"thumbnailUrl":"https:\/\/alinvest-verde.eu\/wp-content\/uploads\/2025\/10\/coffee-bean-156527_1280.png","articleSection":["Allgemein"],"inLanguage":"es"},{"@type":"WebPage","@id":"https:\/\/alinvest-verde.eu\/cafe-con-proposito-el-sabor-de-nuestras-pymes\/","url":"https:\/\/alinvest-verde.eu\/cafe-con-proposito-el-sabor-de-nuestras-pymes\/","name":"Caf\u00e9 con prop\u00f3sito, el sabor de nuestras pymes - Programme AL-INVEST Verde","isPartOf":{"@id":"https:\/\/alinvest-verde.eu\/#website"},"primaryImageOfPage":{"@id":"https:\/\/alinvest-verde.eu\/cafe-con-proposito-el-sabor-de-nuestras-pymes\/#primaryimage"},"image":{"@id":"https:\/\/alinvest-verde.eu\/cafe-con-proposito-el-sabor-de-nuestras-pymes\/#primaryimage"},"thumbnailUrl":"https:\/\/alinvest-verde.eu\/wp-content\/uploads\/2025\/10\/coffee-bean-156527_1280.png","datePublished":"2025-10-02T05:11:19+00:00","dateModified":"2025-10-06T13:58:46+00:00","breadcrumb":{"@id":"https:\/\/alinvest-verde.eu\/cafe-con-proposito-el-sabor-de-nuestras-pymes\/#breadcrumb"},"inLanguage":"es","potentialAction":[{"@type":"ReadAction","target":["https:\/\/alinvest-verde.eu\/cafe-con-proposito-el-sabor-de-nuestras-pymes\/"]}]},{"@type":"ImageObject","inLanguage":"es","@id":"https:\/\/alinvest-verde.eu\/cafe-con-proposito-el-sabor-de-nuestras-pymes\/#primaryimage","url":"https:\/\/alinvest-verde.eu\/wp-content\/uploads\/2025\/10\/coffee-bean-156527_1280.png","contentUrl":"https:\/\/alinvest-verde.eu\/wp-content\/uploads\/2025\/10\/coffee-bean-156527_1280.png","width":937,"height":1280},{"@type":"BreadcrumbList","@id":"https:\/\/alinvest-verde.eu\/cafe-con-proposito-el-sabor-de-nuestras-pymes\/#breadcrumb","itemListElement":[{"@type":"ListItem","position":1,"name":"Inicio","item":"https:\/\/alinvest-verde.eu\/"},{"@type":"ListItem","position":2,"name":"Allgemein","item":"https:\/\/alinvest-verde.eu\/category\/allgemein\/"},{"@type":"ListItem","position":3,"name":"Caf\u00e9 con prop\u00f3sito, el sabor de nuestras pymes"}]},{"@type":"WebSite","@id":"https:\/\/alinvest-verde.eu\/#website","url":"https:\/\/alinvest-verde.eu\/","name":"Programme AL-INVEST Verde","description":"Building alliances with the private sector in LA and promote sustainable growth and jobs creation by supporting the transition towards a low-carbon, resource-efficient economy","publisher":{"@id":"https:\/\/alinvest-verde.eu\/#organization"},"potentialAction":[{"@type":"SearchAction","target":{"@type":"EntryPoint","urlTemplate":"https:\/\/alinvest-verde.eu\/?s={search_term_string}"},"query-input":{"@type":"PropertyValueSpecification","valueRequired":true,"valueName":"search_term_string"}}],"inLanguage":"es"},{"@type":"Organization","@id":"https:\/\/alinvest-verde.eu\/#organization","name":"Programme AL-INVEST Verde","url":"https:\/\/alinvest-verde.eu\/","logo":{"@type":"ImageObject","inLanguage":"es","@id":"https:\/\/alinvest-verde.eu\/#\/schema\/logo\/image\/","url":"https:\/\/alinvest-verde.eu\/wp-content\/uploads\/2022\/01\/cropped-logo-financiado-por-la-UE.jpg","contentUrl":"https:\/\/alinvest-verde.eu\/wp-content\/uploads\/2022\/01\/cropped-logo-financiado-por-la-UE.jpg","width":756,"height":216,"caption":"Programme AL-INVEST Verde"},"image":{"@id":"https:\/\/alinvest-verde.eu\/#\/schema\/logo\/image\/"}},{"@type":"Person","@id":"https:\/\/alinvest-verde.eu\/#\/schema\/person\/f18f811fbc283c4879102f4ba5f9e9cc","name":"Malena Sousa","image":{"@type":"ImageObject","inLanguage":"es","@id":"https:\/\/secure.gravatar.com\/avatar\/74c4287a4f65459fc00b8d8be549ed384ace7d1edd2dab408eba902c46cbcab1?s=96&d=mm&r=g","url":"https:\/\/secure.gravatar.com\/avatar\/74c4287a4f65459fc00b8d8be549ed384ace7d1edd2dab408eba902c46cbcab1?s=96&d=mm&r=g","contentUrl":"https:\/\/secure.gravatar.com\/avatar\/74c4287a4f65459fc00b8d8be549ed384ace7d1edd2dab408eba902c46cbcab1?s=96&d=mm&r=g","caption":"Malena Sousa"},"url":"https:\/\/alinvest-verde.eu\/es_es\/author\/malena-sousa\/"}]}},"_links":{"self":[{"href":"https:\/\/alinvest-verde.eu\/es_es\/wp-json\/wp\/v2\/posts\/19253","targetHints":{"allow":["GET"]}}],"collection":[{"href":"https:\/\/alinvest-verde.eu\/es_es\/wp-json\/wp\/v2\/posts"}],"about":[{"href":"https:\/\/alinvest-verde.eu\/es_es\/wp-json\/wp\/v2\/types\/post"}],"author":[{"embeddable":true,"href":"https:\/\/alinvest-verde.eu\/es_es\/wp-json\/wp\/v2\/users\/4"}],"replies":[{"embeddable":true,"href":"https:\/\/alinvest-verde.eu\/es_es\/wp-json\/wp\/v2\/comments?post=19253"}],"version-history":[{"count":13,"href":"https:\/\/alinvest-verde.eu\/es_es\/wp-json\/wp\/v2\/posts\/19253\/revisions"}],"predecessor-version":[{"id":19372,"href":"https:\/\/alinvest-verde.eu\/es_es\/wp-json\/wp\/v2\/posts\/19253\/revisions\/19372"}],"wp:featuredmedia":[{"embeddable":true,"href":"https:\/\/alinvest-verde.eu\/es_es\/wp-json\/wp\/v2\/media\/19254"}],"wp:attachment":[{"href":"https:\/\/alinvest-verde.eu\/es_es\/wp-json\/wp\/v2\/media?parent=19253"}],"wp:term":[{"taxonomy":"category","embeddable":true,"href":"https:\/\/alinvest-verde.eu\/es_es\/wp-json\/wp\/v2\/categories?post=19253"},{"taxonomy":"post_tag","embeddable":true,"href":"https:\/\/alinvest-verde.eu\/es_es\/wp-json\/wp\/v2\/tags?post=19253"}],"curies":[{"name":"wp","href":"https:\/\/api.w.org\/{rel}","templated":true}]}}