{"id":20245,"date":"2025-12-19T12:47:20","date_gmt":"2025-12-19T11:47:20","guid":{"rendered":"https:\/\/alinvest-verde.eu\/?p=20245"},"modified":"2025-12-19T12:55:19","modified_gmt":"2025-12-19T11:55:19","slug":"chile-fortalece-su-coordinacion-interinstitucional-para-cumplir-el-reglamento-europeo-de-productos-libres-de-deforestacion","status":"publish","type":"post","link":"https:\/\/alinvest-verde.eu\/es_es\/chile-fortalece-su-coordinacion-interinstitucional-para-cumplir-el-reglamento-europeo-de-productos-libres-de-deforestacion\/","title":{"rendered":"Chile fortalece su coordinaci\u00f3n interinstitucional para cumplir el Reglamento europeo de productos libres de deforestaci\u00f3n"},"content":{"rendered":"\t\t<div data-elementor-type=\"wp-post\" data-elementor-id=\"20245\" class=\"elementor elementor-20245\" data-elementor-post-type=\"post\">\n\t\t\t\t\t\t<section class=\"elementor-section elementor-top-section elementor-element elementor-element-4ed8b9b0 elementor-section-boxed elementor-section-height-default elementor-section-height-default\" data-id=\"4ed8b9b0\" data-element_type=\"section\" data-e-type=\"section\">\n\t\t\t\t\t\t<div class=\"elementor-container elementor-column-gap-default\">\n\t\t\t\t\t<div class=\"elementor-column elementor-col-100 elementor-top-column elementor-element elementor-element-7e300027\" data-id=\"7e300027\" data-element_type=\"column\" data-e-type=\"column\">\n\t\t\t<div class=\"elementor-widget-wrap elementor-element-populated\">\n\t\t\t\t\t\t<div class=\"elementor-element elementor-element-c776151 elementor-widget elementor-widget-text-editor\" data-id=\"c776151\" data-element_type=\"widget\" data-e-type=\"widget\" data-widget_type=\"text-editor.default\">\n\t\t\t\t<div class=\"elementor-widget-container\">\n\t\t\t\t\t\t\t\t\t\n<p class=\"wp-block-paragraph\">La Oficina de Estudios y Pol\u00edticas Agrarias de Chile (Odepa) presidi\u00f3 el pasado 11 de diciembre la constituci\u00f3n del Comit\u00e9 T\u00e9cnico Interinstitucional (CTI) creado en el marco del proyecto <a href=\"https:\/\/alinvest-verde.eu\/es_es\/chile-eudr\/\">para adaptar las cadenas bovina y forestal al Reglamento europeo de productos libres de deforestaci\u00f3n (EUDR)<\/a>. Este proyecto cuenta con el apoyo del programa AL-INVEST Verde de la Uni\u00f3n Europea y la Delegaci\u00f3n de la Uni\u00f3n Europea, junto con Eurochile.<\/p>\n\n<p class=\"wp-block-paragraph\">El <strong>Comit\u00e9 T\u00e9cnico Interinstitucional (CTI)<\/strong>, que operar\u00e1 durante todo el proyecto, tiene como objetivo llevar a cabo la coordinaci\u00f3n entre instituciones, as\u00ed como supervisar y orientar t\u00e9cnicamente el proceso nacional de adecuaci\u00f3n al EUDR. Su prop\u00f3sito es brindar asesor\u00eda institucional en <strong>materias t\u00e9cnicas y sectoriales<\/strong>, con el fin de garantizar el cumplimiento de los requisitos de trazabilidad georreferenciada, legalidad y debida diligencia en las cadenas bovina y forestal, en el marco de la \u00a0normativa europea.<\/p>\n\n<p class=\"wp-block-paragraph\">Este \u00f3rgano, que se reunir\u00e1 cada dos meses, tendr\u00e1 como tareas revisar avances consolidados de las mesas sectoriales, sistematizar informaci\u00f3n t\u00e9cnica y normativa relevante de acuerdo con los avances y productos, monitorear hitos del proyecto y cumplimientos del plan de trabajo y adoptar acuerdos que orienten a siguientes acciones. El CTI estar\u00e1 <strong>liderado por Odepa<\/strong> y contar\u00e1 con miembros permanentes provenientes del Centro de Informaci\u00f3n de Recursos Naturales (CIREN), la Corporaci\u00f3n Nacional Forestal (CONAF), el Instituto Forestal de Chile (INFOR) y la Subsecretar\u00eda de Relaciones Econ\u00f3micas Internacionales (SUBREI). Asimismo, dispondr\u00e1 de una Secretar\u00eda T\u00e9cnica, la cual estar\u00e1 a cargo de Eurochile. Por su parte, AL-INVEST Verde y la Delegaci\u00f3n de la Uni\u00f3n Europea en Chile participar\u00e1n en calidad de socios estrat\u00e9gicos, aportando su experiencia y acompa\u00f1amiento al proceso.<\/p>\n\t\t\t\t\t\t\t\t<\/div>\n\t\t\t\t<\/div>\n\t\t\t\t\t<\/div>\n\t\t<\/div>\n\t\t\t\t\t<\/div>\n\t\t<\/section>\n\t\t\t\t<section class=\"elementor-section elementor-top-section elementor-element elementor-element-3a04858 elementor-section-boxed elementor-section-height-default elementor-section-height-default\" data-id=\"3a04858\" data-element_type=\"section\" data-e-type=\"section\">\n\t\t\t\t\t\t<div class=\"elementor-container elementor-column-gap-default\">\n\t\t\t\t\t<div class=\"elementor-column elementor-col-100 elementor-top-column elementor-element elementor-element-4187cb6\" data-id=\"4187cb6\" data-element_type=\"column\" data-e-type=\"column\">\n\t\t\t<div class=\"elementor-widget-wrap elementor-element-populated\">\n\t\t\t\t\t\t<section class=\"elementor-section elementor-inner-section elementor-element elementor-element-127c560 elementor-section-boxed elementor-section-height-default elementor-section-height-default\" data-id=\"127c560\" data-element_type=\"section\" data-e-type=\"section\">\n\t\t\t\t\t\t<div class=\"elementor-container elementor-column-gap-default\">\n\t\t\t\t\t<div class=\"elementor-column elementor-col-50 elementor-inner-column elementor-element elementor-element-e6f5b54\" data-id=\"e6f5b54\" data-element_type=\"column\" data-e-type=\"column\">\n\t\t\t<div class=\"elementor-widget-wrap elementor-element-populated\">\n\t\t\t\t\t\t<div class=\"elementor-element elementor-element-4ad4640 elementor-widget elementor-widget-image\" data-id=\"4ad4640\" data-element_type=\"widget\" data-e-type=\"widget\" data-widget_type=\"image.default\">\n\t\t\t\t<div class=\"elementor-widget-container\">\n\t\t\t\t\t\t\t\t\t\t\t\t\t\t\t<img fetchpriority=\"high\" decoding=\"async\" width=\"768\" height=\"1024\" src=\"https:\/\/alinvest-verde.eu\/wp-content\/uploads\/2025\/12\/FOTO-6-EUDR-768x1024.jpg\" class=\"attachment-large size-large wp-image-20252\" alt=\"\" srcset=\"https:\/\/alinvest-verde.eu\/wp-content\/uploads\/2025\/12\/FOTO-6-EUDR-768x1024.jpg 768w, https:\/\/alinvest-verde.eu\/wp-content\/uploads\/2025\/12\/FOTO-6-EUDR-225x300.jpg 225w, https:\/\/alinvest-verde.eu\/wp-content\/uploads\/2025\/12\/FOTO-6-EUDR-300x400.jpg 300w, https:\/\/alinvest-verde.eu\/wp-content\/uploads\/2025\/12\/FOTO-6-EUDR-1152x1536.jpg 1152w, https:\/\/alinvest-verde.eu\/wp-content\/uploads\/2025\/12\/FOTO-6-EUDR-9x12.jpg 9w, https:\/\/alinvest-verde.eu\/wp-content\/uploads\/2025\/12\/FOTO-6-EUDR.jpg 1200w\" sizes=\"(max-width: 768px) 100vw, 768px\" \/>\t\t\t\t\t\t\t\t\t\t\t\t\t\t\t<\/div>\n\t\t\t\t<\/div>\n\t\t\t\t\t<\/div>\n\t\t<\/div>\n\t\t\t\t<div class=\"elementor-column elementor-col-50 elementor-inner-column elementor-element elementor-element-6030525\" data-id=\"6030525\" data-element_type=\"column\" data-e-type=\"column\">\n\t\t\t<div class=\"elementor-widget-wrap elementor-element-populated\">\n\t\t\t\t\t\t<div class=\"elementor-element elementor-element-3485487 elementor-widget elementor-widget-image\" data-id=\"3485487\" data-element_type=\"widget\" data-e-type=\"widget\" data-widget_type=\"image.default\">\n\t\t\t\t<div class=\"elementor-widget-container\">\n\t\t\t\t\t\t\t\t\t\t\t\t\t\t\t<img decoding=\"async\" width=\"768\" height=\"1024\" src=\"https:\/\/alinvest-verde.eu\/wp-content\/uploads\/2025\/12\/FOTO-8-EUDR-768x1024.jpg\" class=\"attachment-large size-large wp-image-20253\" alt=\"\" srcset=\"https:\/\/alinvest-verde.eu\/wp-content\/uploads\/2025\/12\/FOTO-8-EUDR-768x1024.jpg 768w, https:\/\/alinvest-verde.eu\/wp-content\/uploads\/2025\/12\/FOTO-8-EUDR-225x300.jpg 225w, https:\/\/alinvest-verde.eu\/wp-content\/uploads\/2025\/12\/FOTO-8-EUDR-300x400.jpg 300w, https:\/\/alinvest-verde.eu\/wp-content\/uploads\/2025\/12\/FOTO-8-EUDR-1152x1536.jpg 1152w, https:\/\/alinvest-verde.eu\/wp-content\/uploads\/2025\/12\/FOTO-8-EUDR-9x12.jpg 9w, https:\/\/alinvest-verde.eu\/wp-content\/uploads\/2025\/12\/FOTO-8-EUDR.jpg 1200w\" sizes=\"(max-width: 768px) 100vw, 768px\" \/>\t\t\t\t\t\t\t\t\t\t\t\t\t\t\t<\/div>\n\t\t\t\t<\/div>\n\t\t\t\t\t<\/div>\n\t\t<\/div>\n\t\t\t\t\t<\/div>\n\t\t<\/section>\n\t\t\t\t\t<\/div>\n\t\t<\/div>\n\t\t\t\t\t<\/div>\n\t\t<\/section>\n\t\t\t\t<section class=\"elementor-section elementor-top-section elementor-element elementor-element-7a39878 elementor-section-boxed elementor-section-height-default elementor-section-height-default\" data-id=\"7a39878\" data-element_type=\"section\" data-e-type=\"section\">\n\t\t\t\t\t\t<div class=\"elementor-container elementor-column-gap-default\">\n\t\t\t\t\t<div class=\"elementor-column elementor-col-100 elementor-top-column elementor-element elementor-element-e63b565\" data-id=\"e63b565\" data-element_type=\"column\" data-e-type=\"column\">\n\t\t\t<div class=\"elementor-widget-wrap elementor-element-populated\">\n\t\t\t\t\t\t<div class=\"elementor-element elementor-element-5fd5b67 elementor-widget elementor-widget-text-editor\" data-id=\"5fd5b67\" data-element_type=\"widget\" data-e-type=\"widget\" data-widget_type=\"text-editor.default\">\n\t\t\t\t<div class=\"elementor-widget-container\">\n\t\t\t\t\t\t\t\t\t<p>Durante la primera reuni\u00f3n del comit\u00e9, celebrada el 12 de diciembre, la Directora Nacional de Odepa, Andrea Garc\u00eda, indic\u00f3 que: \u201cEste Comit\u00e9 T\u00e9cnico Interinstitucional es una se\u00f1al concreta del <strong>compromiso del Estado de Chile con una producci\u00f3n agropecuaria y forestal sostenible<\/strong>,<strong> transparente y alineada con los m\u00e1s altos est\u00e1ndares internacionales<\/strong>. Como Odepa, nuestro rol es articular capacidades, informaci\u00f3n y coordinaci\u00f3n t\u00e9cnica para que el pa\u00eds pueda implementar de manera oportuna y rigurosa el Reglamento Europeo de Productos Libres de Deforestaci\u00f3n, resguardando la competitividad de nuestras exportaciones y fortaleciendo la trazabilidad, la legalidad y la debida diligencia en las cadenas productivas involucradas\u201d.<\/p>\n<p><!-- \/wp:paragraph --><!-- wp:paragraph --><\/p>\n<p>Por su parte, Assunta Testa, Agregada de Cooperaci\u00f3n Internacional de la\u00a0Delegaci\u00f3nde la Uni\u00f3n Europea en Chile, destac\u00f3 \u201cel trabajo efectivo que realizar\u00e1 el Comit\u00e9 T\u00e9cnico Interinstitucional en el marco del EUDR, que sigue siendo un instrumento fundamental para que todos juntos luchemos contra la deforestaci\u00f3n. Agradecemos much\u00edsimo el trabajo que Chile est\u00e1 haciendo para cumplir con este Reglamento y, seguramente, ser\u00e1 <strong>un buen ejemplo para los dem\u00e1s pa\u00edses<\/strong>\u201d.<\/p>\n<p><!-- \/wp:paragraph --><!-- wp:paragraph --><\/p>\n<p>Desde AL-INVEST Verde, Emilio Calvo, director del Componente 2 -implementado por la entidad del sistema de la Cooperaci\u00f3n Espa\u00f1ola especializada en pol\u00edticas p\u00fablicas, FIAP-, subray\u00f3 el rol de la articulaci\u00f3n p\u00fablico-privada \u201cpara que una normativa como <strong>el EUDR se aplique de la mejor manera posible<\/strong>\u201d y anim\u00f3 al sector privado a tomar parte en los espacios de di\u00e1logo que se generen \u201ccon el fin de compartir informaci\u00f3n, solventar dudas, plantear sugerencias y poder concluir en un mecanismo \u00fatil para Chile, que permita seguir manteniendo esta posici\u00f3n de privilegio en el acceso al mercado europeo\u201d.<\/p>\n<p><!-- \/wp:paragraph --><!-- wp:paragraph --><\/p>\n<p>En representaci\u00f3n de la Fundaci\u00f3n Eurochile, el director del proyecto, Francisco Javier Meneses, resalt\u00f3 la amplia experiencia de esta entidad \u201cen el apoyo al desarrollo productivo, en la tra\u00edda de conocimiento, tecnolog\u00eda, expertos, est\u00e1ndares de Europa y, en los \u00faltimos a\u00f1os, en generar <strong>colaboraci\u00f3n entre Europa y Chile<\/strong>, en la medida que durante estos 30 a\u00f1os Chile se ha ido convirtiendo no solo en un aprendiz, sino que tambi\u00e9n en un socio, en un aliado\u201d. \u201cPor esta raz\u00f3n, este programa es muy importante\u201d, agreg\u00f3.<\/p>\n<p><!-- \/wp:paragraph --><!-- wp:paragraph --><\/p>\n<p>Con el inicio de la Fase II, se comienza con el trabajo colaborativo, con soluciones concretas y coordinaci\u00f3n efectiva entre instituciones p\u00fablicas, academia, organismos t\u00e9cnicos y sector privado. Esta articulaci\u00f3n busca asegurar que Chile cuente con las capacidades, informaci\u00f3n y herramientas necesarias para responder adecuadamente a las exigencias que plantea el EUDR, velando por la competitividad de los sectores involucrados.<\/p>\n<p><!-- \/wp:paragraph --><!-- wp:paragraph --><\/p>\n<p><strong>Acerca de AL-INVEST Verde<\/strong><\/p>\n<p><!-- \/wp:paragraph --><!-- wp:paragraph --><\/p>\n<p>AL-INVEST Verde es un programa de la Uni\u00f3n Europea (UE) cuyo principal objetivo es promover el crecimiento sostenible y la creaci\u00f3n de empleo en Am\u00e9rica Latina, apoyando la transici\u00f3n hacia una econom\u00eda baja en carbono, eficiente en recursos y m\u00e1s circular. A trav\u00e9s del Componente 2, liderado por FIAP en consorcio con IILA, el programa proporciona asistencia para el fortalecimiento de las pol\u00edticas p\u00fablicas y los di\u00e1logos entre m\u00faltiples partes interesadas sobre las cadenas agr\u00edcolas y de valor sostenibles, las normas ambientales y laborales, as\u00ed como la pol\u00edtica comercial y econ\u00f3mica sostenible y los marcos regulatorios.<\/p>\t\t\t\t\t\t\t\t<\/div>\n\t\t\t\t<\/div>\n\t\t\t\t\t<\/div>\n\t\t<\/div>\n\t\t\t\t\t<\/div>\n\t\t<\/section>\n\t\t\t\t<\/div>\n\t\t","protected":false},"excerpt":{"rendered":"<p>La Oficina de Estudios y Pol\u00edticas Agrarias de Chile (Odepa) presidi\u00f3 el pasado 11 de diciembre la constituci\u00f3n del Comit\u00e9 T\u00e9cnico Interinstitucional (CTI) creado en el marco del proyecto para adaptar las cadenas bovina y forestal al Reglamento europeo de productos libres de deforestaci\u00f3n (EUDR). Este proyecto cuenta con el apoyo del programa AL-INVEST Verde [&hellip;]<\/p>\n","protected":false},"author":6,"featured_media":20246,"comment_status":"closed","ping_status":"closed","sticky":false,"template":"","format":"standard","meta":{"footnotes":""},"categories":[24,166],"tags":[222,25,107,223,84],"class_list":["post-20245","post","type-post","status-publish","format-standard","has-post-thumbnail","hentry","category-actualidad","category-santiago-chile","tag-chile","tag-componente-2","tag-eudr","tag-ganado-bovino","tag-madera"],"yoast_head":"<!-- This site is optimized with the Yoast SEO plugin v28.4 - https:\/\/yoast.com\/product\/yoast-seo-wordpress\/ -->\n<title>Chile fortalece su coordinaci\u00f3n interinstitucional para cumplir el Reglamento europeo de productos libres de deforestaci\u00f3n - Programme AL-INVEST Verde<\/title>\n<meta name=\"robots\" content=\"index, follow, max-snippet:-1, max-image-preview:large, max-video-preview:-1\" \/>\n<link rel=\"canonical\" href=\"https:\/\/alinvest-verde.eu\/es_es\/chile-fortalece-su-coordinacion-interinstitucional-para-cumplir-el-reglamento-europeo-de-productos-libres-de-deforestacion\/\" \/>\n<meta property=\"og:locale\" content=\"es_ES\" \/>\n<meta property=\"og:type\" content=\"article\" \/>\n<meta property=\"og:title\" content=\"Chile fortalece su coordinaci\u00f3n interinstitucional para cumplir el Reglamento europeo de productos libres de deforestaci\u00f3n - Programme AL-INVEST Verde\" \/>\n<meta property=\"og:description\" content=\"La Oficina de Estudios y Pol\u00edticas Agrarias de Chile (Odepa) presidi\u00f3 el pasado 11 de diciembre la constituci\u00f3n del Comit\u00e9 T\u00e9cnico Interinstitucional (CTI) creado en el marco del proyecto para adaptar las cadenas bovina y forestal al Reglamento europeo de productos libres de deforestaci\u00f3n (EUDR). Este proyecto cuenta con el apoyo del programa AL-INVEST Verde [&hellip;]\" \/>\n<meta property=\"og:url\" content=\"https:\/\/alinvest-verde.eu\/es_es\/chile-fortalece-su-coordinacion-interinstitucional-para-cumplir-el-reglamento-europeo-de-productos-libres-de-deforestacion\/\" \/>\n<meta property=\"og:site_name\" content=\"Programme AL-INVEST Verde\" \/>\n<meta property=\"article:published_time\" content=\"2025-12-19T11:47:20+00:00\" \/>\n<meta property=\"article:modified_time\" content=\"2025-12-19T11:55:19+00:00\" \/>\n<meta property=\"og:image\" content=\"https:\/\/alinvest-verde.eu\/wp-content\/uploads\/2025\/12\/FOTO-1-EUDR-scaled.jpg\" \/>\n\t<meta property=\"og:image:width\" content=\"2560\" \/>\n\t<meta property=\"og:image:height\" content=\"1920\" \/>\n\t<meta property=\"og:image:type\" content=\"image\/jpeg\" \/>\n<meta name=\"author\" content=\"Azucena Garc\u00eda\" \/>\n<meta name=\"twitter:card\" content=\"summary_large_image\" \/>\n<meta name=\"twitter:creator\" content=\"@Frank Summa\" \/>\n<meta name=\"twitter:label1\" content=\"Escrito por\" \/>\n\t<meta name=\"twitter:data1\" content=\"\" \/>\n\t<meta name=\"twitter:label2\" content=\"Tiempo de lectura\" \/>\n\t<meta name=\"twitter:data2\" content=\"4 minutos\" \/>\n<script type=\"application\/ld+json\" class=\"yoast-schema-graph\">{\"@context\":\"https:\\\/\\\/schema.org\",\"@graph\":[{\"@type\":\"Article\",\"@id\":\"https:\\\/\\\/alinvest-verde.eu\\\/chile-fortalece-su-coordinacion-interinstitucional-para-cumplir-el-reglamento-europeo-de-productos-libres-de-deforestacion\\\/#article\",\"isPartOf\":{\"@id\":\"https:\\\/\\\/alinvest-verde.eu\\\/chile-fortalece-su-coordinacion-interinstitucional-para-cumplir-el-reglamento-europeo-de-productos-libres-de-deforestacion\\\/\"},\"author\":{\"name\":\"Azucena Garc\u00eda\",\"@id\":\"https:\\\/\\\/alinvest-verde.eu\\\/#\\\/schema\\\/person\\\/8804ec49772ba377829838bc11b6aa6b\"},\"headline\":\"Chile fortalece su coordinaci\u00f3n interinstitucional para cumplir el Reglamento europeo de productos libres de deforestaci\u00f3n\",\"datePublished\":\"2025-12-19T11:47:20+00:00\",\"dateModified\":\"2025-12-19T11:55:19+00:00\",\"mainEntityOfPage\":{\"@id\":\"https:\\\/\\\/alinvest-verde.eu\\\/chile-fortalece-su-coordinacion-interinstitucional-para-cumplir-el-reglamento-europeo-de-productos-libres-de-deforestacion\\\/\"},\"wordCount\":877,\"publisher\":{\"@id\":\"https:\\\/\\\/alinvest-verde.eu\\\/#organization\"},\"image\":{\"@id\":\"https:\\\/\\\/alinvest-verde.eu\\\/chile-fortalece-su-coordinacion-interinstitucional-para-cumplir-el-reglamento-europeo-de-productos-libres-de-deforestacion\\\/#primaryimage\"},\"thumbnailUrl\":\"https:\\\/\\\/alinvest-verde.eu\\\/wp-content\\\/uploads\\\/2025\\\/12\\\/FOTO-1-EUDR-scaled.jpg\",\"keywords\":[\"Chile\",\"Componente 2\",\"EUDR\",\"Ganado bovino\",\"madera\"],\"articleSection\":[\"Actualidad\",\"Santiago, Chile\"],\"inLanguage\":\"es\"},{\"@type\":\"WebPage\",\"@id\":\"https:\\\/\\\/alinvest-verde.eu\\\/chile-fortalece-su-coordinacion-interinstitucional-para-cumplir-el-reglamento-europeo-de-productos-libres-de-deforestacion\\\/\",\"url\":\"https:\\\/\\\/alinvest-verde.eu\\\/chile-fortalece-su-coordinacion-interinstitucional-para-cumplir-el-reglamento-europeo-de-productos-libres-de-deforestacion\\\/\",\"name\":\"Chile fortalece su coordinaci\u00f3n interinstitucional para cumplir el Reglamento europeo de productos libres de deforestaci\u00f3n - Programme AL-INVEST Verde\",\"isPartOf\":{\"@id\":\"https:\\\/\\\/alinvest-verde.eu\\\/#website\"},\"primaryImageOfPage\":{\"@id\":\"https:\\\/\\\/alinvest-verde.eu\\\/chile-fortalece-su-coordinacion-interinstitucional-para-cumplir-el-reglamento-europeo-de-productos-libres-de-deforestacion\\\/#primaryimage\"},\"image\":{\"@id\":\"https:\\\/\\\/alinvest-verde.eu\\\/chile-fortalece-su-coordinacion-interinstitucional-para-cumplir-el-reglamento-europeo-de-productos-libres-de-deforestacion\\\/#primaryimage\"},\"thumbnailUrl\":\"https:\\\/\\\/alinvest-verde.eu\\\/wp-content\\\/uploads\\\/2025\\\/12\\\/FOTO-1-EUDR-scaled.jpg\",\"datePublished\":\"2025-12-19T11:47:20+00:00\",\"dateModified\":\"2025-12-19T11:55:19+00:00\",\"breadcrumb\":{\"@id\":\"https:\\\/\\\/alinvest-verde.eu\\\/chile-fortalece-su-coordinacion-interinstitucional-para-cumplir-el-reglamento-europeo-de-productos-libres-de-deforestacion\\\/#breadcrumb\"},\"inLanguage\":\"es\",\"potentialAction\":[{\"@type\":\"ReadAction\",\"target\":[\"https:\\\/\\\/alinvest-verde.eu\\\/chile-fortalece-su-coordinacion-interinstitucional-para-cumplir-el-reglamento-europeo-de-productos-libres-de-deforestacion\\\/\"]}]},{\"@type\":\"ImageObject\",\"inLanguage\":\"es\",\"@id\":\"https:\\\/\\\/alinvest-verde.eu\\\/chile-fortalece-su-coordinacion-interinstitucional-para-cumplir-el-reglamento-europeo-de-productos-libres-de-deforestacion\\\/#primaryimage\",\"url\":\"https:\\\/\\\/alinvest-verde.eu\\\/wp-content\\\/uploads\\\/2025\\\/12\\\/FOTO-1-EUDR-scaled.jpg\",\"contentUrl\":\"https:\\\/\\\/alinvest-verde.eu\\\/wp-content\\\/uploads\\\/2025\\\/12\\\/FOTO-1-EUDR-scaled.jpg\",\"width\":2560,\"height\":1920},{\"@type\":\"BreadcrumbList\",\"@id\":\"https:\\\/\\\/alinvest-verde.eu\\\/chile-fortalece-su-coordinacion-interinstitucional-para-cumplir-el-reglamento-europeo-de-productos-libres-de-deforestacion\\\/#breadcrumb\",\"itemListElement\":[{\"@type\":\"ListItem\",\"position\":1,\"name\":\"Inicio\",\"item\":\"https:\\\/\\\/alinvest-verde.eu\\\/\"},{\"@type\":\"ListItem\",\"position\":2,\"name\":\"Actualidad\",\"item\":\"https:\\\/\\\/alinvest-verde.eu\\\/category\\\/actualidad\\\/\"},{\"@type\":\"ListItem\",\"position\":3,\"name\":\"Chile fortalece su coordinaci\u00f3n interinstitucional para cumplir el Reglamento europeo de productos libres de deforestaci\u00f3n\"}]},{\"@type\":\"WebSite\",\"@id\":\"https:\\\/\\\/alinvest-verde.eu\\\/#website\",\"url\":\"https:\\\/\\\/alinvest-verde.eu\\\/\",\"name\":\"Programme AL-INVEST Verde\",\"description\":\"Building alliances with the private sector in LA and promote sustainable growth and jobs creation by supporting the transition towards a low-carbon, resource-efficient economy\",\"publisher\":{\"@id\":\"https:\\\/\\\/alinvest-verde.eu\\\/#organization\"},\"potentialAction\":[{\"@type\":\"SearchAction\",\"target\":{\"@type\":\"EntryPoint\",\"urlTemplate\":\"https:\\\/\\\/alinvest-verde.eu\\\/?s={search_term_string}\"},\"query-input\":{\"@type\":\"PropertyValueSpecification\",\"valueRequired\":true,\"valueName\":\"search_term_string\"}}],\"inLanguage\":\"es\"},{\"@type\":\"Organization\",\"@id\":\"https:\\\/\\\/alinvest-verde.eu\\\/#organization\",\"name\":\"Programme AL-INVEST Verde\",\"url\":\"https:\\\/\\\/alinvest-verde.eu\\\/\",\"logo\":{\"@type\":\"ImageObject\",\"inLanguage\":\"es\",\"@id\":\"https:\\\/\\\/alinvest-verde.eu\\\/#\\\/schema\\\/logo\\\/image\\\/\",\"url\":\"https:\\\/\\\/alinvest-verde.eu\\\/wp-content\\\/uploads\\\/2022\\\/01\\\/cropped-logo-financiado-por-la-UE.jpg\",\"contentUrl\":\"https:\\\/\\\/alinvest-verde.eu\\\/wp-content\\\/uploads\\\/2022\\\/01\\\/cropped-logo-financiado-por-la-UE.jpg\",\"width\":756,\"height\":216,\"caption\":\"Programme AL-INVEST Verde\"},\"image\":{\"@id\":\"https:\\\/\\\/alinvest-verde.eu\\\/#\\\/schema\\\/logo\\\/image\\\/\"}},{\"@type\":\"Person\",\"@id\":\"https:\\\/\\\/alinvest-verde.eu\\\/#\\\/schema\\\/person\\\/8804ec49772ba377829838bc11b6aa6b\",\"name\":\"Azucena Garc\u00eda\",\"image\":{\"@type\":\"ImageObject\",\"inLanguage\":\"es\",\"@id\":\"https:\\\/\\\/secure.gravatar.com\\\/avatar\\\/fc4d91c562d3c4ac55cafd2f4ae4ebd513d2304b007a5c8d4f2d8543edeb9d79?s=96&d=mm&r=g\",\"url\":\"https:\\\/\\\/secure.gravatar.com\\\/avatar\\\/fc4d91c562d3c4ac55cafd2f4ae4ebd513d2304b007a5c8d4f2d8543edeb9d79?s=96&d=mm&r=g\",\"contentUrl\":\"https:\\\/\\\/secure.gravatar.com\\\/avatar\\\/fc4d91c562d3c4ac55cafd2f4ae4ebd513d2304b007a5c8d4f2d8543edeb9d79?s=96&d=mm&r=g\",\"caption\":\"Azucena Garc\u00eda\"},\"sameAs\":[\"https:\\\/\\\/x.com\\\/Frank Summa\"],\"url\":\"https:\\\/\\\/alinvest-verde.eu\\\/es_es\\\/author\\\/azucena-garcia\\\/\"}]}<\/script>\n<!-- \/ Yoast SEO plugin. -->","yoast_head_json":{"title":"Chile fortalece su coordinaci\u00f3n interinstitucional para cumplir el Reglamento europeo de productos libres de deforestaci\u00f3n - Programme AL-INVEST Verde","robots":{"index":"index","follow":"follow","max-snippet":"max-snippet:-1","max-image-preview":"max-image-preview:large","max-video-preview":"max-video-preview:-1"},"canonical":"https:\/\/alinvest-verde.eu\/es_es\/chile-fortalece-su-coordinacion-interinstitucional-para-cumplir-el-reglamento-europeo-de-productos-libres-de-deforestacion\/","og_locale":"es_ES","og_type":"article","og_title":"Chile fortalece su coordinaci\u00f3n interinstitucional para cumplir el Reglamento europeo de productos libres de deforestaci\u00f3n - Programme AL-INVEST Verde","og_description":"La Oficina de Estudios y Pol\u00edticas Agrarias de Chile (Odepa) presidi\u00f3 el pasado 11 de diciembre la constituci\u00f3n del Comit\u00e9 T\u00e9cnico Interinstitucional (CTI) creado en el marco del proyecto para adaptar las cadenas bovina y forestal al Reglamento europeo de productos libres de deforestaci\u00f3n (EUDR). Este proyecto cuenta con el apoyo del programa AL-INVEST Verde [&hellip;]","og_url":"https:\/\/alinvest-verde.eu\/es_es\/chile-fortalece-su-coordinacion-interinstitucional-para-cumplir-el-reglamento-europeo-de-productos-libres-de-deforestacion\/","og_site_name":"Programme AL-INVEST Verde","article_published_time":"2025-12-19T11:47:20+00:00","article_modified_time":"2025-12-19T11:55:19+00:00","og_image":[{"width":2560,"height":1920,"url":"https:\/\/alinvest-verde.eu\/wp-content\/uploads\/2025\/12\/FOTO-1-EUDR-scaled.jpg","type":"image\/jpeg"}],"author":"Azucena Garc\u00eda","twitter_card":"summary_large_image","twitter_creator":"@Frank Summa","twitter_misc":{"Escrito por":false,"Tiempo de lectura":"4 minutos"},"schema":{"@context":"https:\/\/schema.org","@graph":[{"@type":"Article","@id":"https:\/\/alinvest-verde.eu\/chile-fortalece-su-coordinacion-interinstitucional-para-cumplir-el-reglamento-europeo-de-productos-libres-de-deforestacion\/#article","isPartOf":{"@id":"https:\/\/alinvest-verde.eu\/chile-fortalece-su-coordinacion-interinstitucional-para-cumplir-el-reglamento-europeo-de-productos-libres-de-deforestacion\/"},"author":{"name":"Azucena Garc\u00eda","@id":"https:\/\/alinvest-verde.eu\/#\/schema\/person\/8804ec49772ba377829838bc11b6aa6b"},"headline":"Chile fortalece su coordinaci\u00f3n interinstitucional para cumplir el Reglamento europeo de productos libres de deforestaci\u00f3n","datePublished":"2025-12-19T11:47:20+00:00","dateModified":"2025-12-19T11:55:19+00:00","mainEntityOfPage":{"@id":"https:\/\/alinvest-verde.eu\/chile-fortalece-su-coordinacion-interinstitucional-para-cumplir-el-reglamento-europeo-de-productos-libres-de-deforestacion\/"},"wordCount":877,"publisher":{"@id":"https:\/\/alinvest-verde.eu\/#organization"},"image":{"@id":"https:\/\/alinvest-verde.eu\/chile-fortalece-su-coordinacion-interinstitucional-para-cumplir-el-reglamento-europeo-de-productos-libres-de-deforestacion\/#primaryimage"},"thumbnailUrl":"https:\/\/alinvest-verde.eu\/wp-content\/uploads\/2025\/12\/FOTO-1-EUDR-scaled.jpg","keywords":["Chile","Componente 2","EUDR","Ganado bovino","madera"],"articleSection":["Actualidad","Santiago, Chile"],"inLanguage":"es"},{"@type":"WebPage","@id":"https:\/\/alinvest-verde.eu\/chile-fortalece-su-coordinacion-interinstitucional-para-cumplir-el-reglamento-europeo-de-productos-libres-de-deforestacion\/","url":"https:\/\/alinvest-verde.eu\/chile-fortalece-su-coordinacion-interinstitucional-para-cumplir-el-reglamento-europeo-de-productos-libres-de-deforestacion\/","name":"Chile fortalece su coordinaci\u00f3n interinstitucional para cumplir el Reglamento europeo de productos libres de deforestaci\u00f3n - Programme AL-INVEST Verde","isPartOf":{"@id":"https:\/\/alinvest-verde.eu\/#website"},"primaryImageOfPage":{"@id":"https:\/\/alinvest-verde.eu\/chile-fortalece-su-coordinacion-interinstitucional-para-cumplir-el-reglamento-europeo-de-productos-libres-de-deforestacion\/#primaryimage"},"image":{"@id":"https:\/\/alinvest-verde.eu\/chile-fortalece-su-coordinacion-interinstitucional-para-cumplir-el-reglamento-europeo-de-productos-libres-de-deforestacion\/#primaryimage"},"thumbnailUrl":"https:\/\/alinvest-verde.eu\/wp-content\/uploads\/2025\/12\/FOTO-1-EUDR-scaled.jpg","datePublished":"2025-12-19T11:47:20+00:00","dateModified":"2025-12-19T11:55:19+00:00","breadcrumb":{"@id":"https:\/\/alinvest-verde.eu\/chile-fortalece-su-coordinacion-interinstitucional-para-cumplir-el-reglamento-europeo-de-productos-libres-de-deforestacion\/#breadcrumb"},"inLanguage":"es","potentialAction":[{"@type":"ReadAction","target":["https:\/\/alinvest-verde.eu\/chile-fortalece-su-coordinacion-interinstitucional-para-cumplir-el-reglamento-europeo-de-productos-libres-de-deforestacion\/"]}]},{"@type":"ImageObject","inLanguage":"es","@id":"https:\/\/alinvest-verde.eu\/chile-fortalece-su-coordinacion-interinstitucional-para-cumplir-el-reglamento-europeo-de-productos-libres-de-deforestacion\/#primaryimage","url":"https:\/\/alinvest-verde.eu\/wp-content\/uploads\/2025\/12\/FOTO-1-EUDR-scaled.jpg","contentUrl":"https:\/\/alinvest-verde.eu\/wp-content\/uploads\/2025\/12\/FOTO-1-EUDR-scaled.jpg","width":2560,"height":1920},{"@type":"BreadcrumbList","@id":"https:\/\/alinvest-verde.eu\/chile-fortalece-su-coordinacion-interinstitucional-para-cumplir-el-reglamento-europeo-de-productos-libres-de-deforestacion\/#breadcrumb","itemListElement":[{"@type":"ListItem","position":1,"name":"Inicio","item":"https:\/\/alinvest-verde.eu\/"},{"@type":"ListItem","position":2,"name":"Actualidad","item":"https:\/\/alinvest-verde.eu\/category\/actualidad\/"},{"@type":"ListItem","position":3,"name":"Chile fortalece su coordinaci\u00f3n interinstitucional para cumplir el Reglamento europeo de productos libres de deforestaci\u00f3n"}]},{"@type":"WebSite","@id":"https:\/\/alinvest-verde.eu\/#website","url":"https:\/\/alinvest-verde.eu\/","name":"Programme AL-INVEST Verde","description":"Building alliances with the private sector in LA and promote sustainable growth and jobs creation by supporting the transition towards a low-carbon, resource-efficient economy","publisher":{"@id":"https:\/\/alinvest-verde.eu\/#organization"},"potentialAction":[{"@type":"SearchAction","target":{"@type":"EntryPoint","urlTemplate":"https:\/\/alinvest-verde.eu\/?s={search_term_string}"},"query-input":{"@type":"PropertyValueSpecification","valueRequired":true,"valueName":"search_term_string"}}],"inLanguage":"es"},{"@type":"Organization","@id":"https:\/\/alinvest-verde.eu\/#organization","name":"Programme AL-INVEST Verde","url":"https:\/\/alinvest-verde.eu\/","logo":{"@type":"ImageObject","inLanguage":"es","@id":"https:\/\/alinvest-verde.eu\/#\/schema\/logo\/image\/","url":"https:\/\/alinvest-verde.eu\/wp-content\/uploads\/2022\/01\/cropped-logo-financiado-por-la-UE.jpg","contentUrl":"https:\/\/alinvest-verde.eu\/wp-content\/uploads\/2022\/01\/cropped-logo-financiado-por-la-UE.jpg","width":756,"height":216,"caption":"Programme AL-INVEST Verde"},"image":{"@id":"https:\/\/alinvest-verde.eu\/#\/schema\/logo\/image\/"}},{"@type":"Person","@id":"https:\/\/alinvest-verde.eu\/#\/schema\/person\/8804ec49772ba377829838bc11b6aa6b","name":"Azucena Garc\u00eda","image":{"@type":"ImageObject","inLanguage":"es","@id":"https:\/\/secure.gravatar.com\/avatar\/fc4d91c562d3c4ac55cafd2f4ae4ebd513d2304b007a5c8d4f2d8543edeb9d79?s=96&d=mm&r=g","url":"https:\/\/secure.gravatar.com\/avatar\/fc4d91c562d3c4ac55cafd2f4ae4ebd513d2304b007a5c8d4f2d8543edeb9d79?s=96&d=mm&r=g","contentUrl":"https:\/\/secure.gravatar.com\/avatar\/fc4d91c562d3c4ac55cafd2f4ae4ebd513d2304b007a5c8d4f2d8543edeb9d79?s=96&d=mm&r=g","caption":"Azucena Garc\u00eda"},"sameAs":["https:\/\/x.com\/Frank Summa"],"url":"https:\/\/alinvest-verde.eu\/es_es\/author\/azucena-garcia\/"}]}},"_links":{"self":[{"href":"https:\/\/alinvest-verde.eu\/es_es\/wp-json\/wp\/v2\/posts\/20245","targetHints":{"allow":["GET"]}}],"collection":[{"href":"https:\/\/alinvest-verde.eu\/es_es\/wp-json\/wp\/v2\/posts"}],"about":[{"href":"https:\/\/alinvest-verde.eu\/es_es\/wp-json\/wp\/v2\/types\/post"}],"author":[{"embeddable":true,"href":"https:\/\/alinvest-verde.eu\/es_es\/wp-json\/wp\/v2\/users\/6"}],"replies":[{"embeddable":true,"href":"https:\/\/alinvest-verde.eu\/es_es\/wp-json\/wp\/v2\/comments?post=20245"}],"version-history":[{"count":8,"href":"https:\/\/alinvest-verde.eu\/es_es\/wp-json\/wp\/v2\/posts\/20245\/revisions"}],"predecessor-version":[{"id":20256,"href":"https:\/\/alinvest-verde.eu\/es_es\/wp-json\/wp\/v2\/posts\/20245\/revisions\/20256"}],"wp:featuredmedia":[{"embeddable":true,"href":"https:\/\/alinvest-verde.eu\/es_es\/wp-json\/wp\/v2\/media\/20246"}],"wp:attachment":[{"href":"https:\/\/alinvest-verde.eu\/es_es\/wp-json\/wp\/v2\/media?parent=20245"}],"wp:term":[{"taxonomy":"category","embeddable":true,"href":"https:\/\/alinvest-verde.eu\/es_es\/wp-json\/wp\/v2\/categories?post=20245"},{"taxonomy":"post_tag","embeddable":true,"href":"https:\/\/alinvest-verde.eu\/es_es\/wp-json\/wp\/v2\/tags?post=20245"}],"curies":[{"name":"wp","href":"https:\/\/api.w.org\/{rel}","templated":true}]}}